{"id":5623,"date":"2025-04-20T08:15:30","date_gmt":"2025-04-20T05:15:30","guid":{"rendered":"https:\/\/memurunsesi.net\/?p=5623"},"modified":"2025-04-20T08:15:30","modified_gmt":"2025-04-20T05:15:30","slug":"bicaklandiktan-sonra-araciyla-hastaneye-giderken-kaza-yapti-1-olu","status":"publish","type":"post","link":"https:\/\/memurunsesi.net\/index.php\/2025\/04\/20\/bicaklandiktan-sonra-araciyla-hastaneye-giderken-kaza-yapti-1-olu\/","title":{"rendered":"B\u0131\u00e7akland\u0131ktan sonra arac\u0131yla hastaneye giderken kaza yapt\u0131: 1 \u00f6l\u00fc"},"content":{"rendered":"<p>  Karaman&#8217;da 2 ki\u015fi aras\u0131nda \u00e7\u0131kan b\u0131\u00e7akl\u0131 kavgada yaralanan ki\u015fi, arac\u0131yla hastaneye ula\u015fmaya \u00e7al\u0131\u015ft\u0131\u011f\u0131 s\u0131rada kaza yapt\u0131. Hastaneye kald\u0131r\u0131lan yaral\u0131 \u015fah\u0131s hayat\u0131n\u0131 kaybetti.<br \/>\n  Olay, gece 23.00 s\u0131ralar\u0131nda Larende Mahallesi \u015eehit \u00d6mer Do\u011fan Caddesi \u00fczerindeki m\u00fcstakil evde meydana geldi. \u0130ddiaya g\u00f6re, Hasan Ali Ay (28), evine gitti\u011fi H.V. ile k\u00fcf\u00fcrle\u015fme y\u00fcz\u00fcnden tart\u0131\u015fmaya ba\u015flad\u0131. Tart\u0131\u015fman\u0131n kavgaya d\u00f6n\u00fc\u015fmesi \u00fczerine H.V., Hasan Ali Ay&#8217;\u0131 sol baca\u011f\u0131ndan b\u0131\u00e7aklad\u0131. Olay sonras\u0131 otomobiliyle hastaneye gitmeye \u00e7al\u0131\u015fan Hasan Ali Ay, kan kayb\u0131ndan fenala\u015farak 582. Sokak&#8217;ta bir evin duvar\u0131na \u00e7arparak kaza yapt\u0131. \u00c7evredekilerin ihbar\u0131 \u00fczerine olay yerine sa\u011fl\u0131k ve polis ekipleri sevk edildi. Ambulansla Karaman E\u011fitim ve Ara\u015ft\u0131rma Hastanesi&#8217;ne kald\u0131r\u0131lan Hasan Ali Ay, doktorlar\u0131n t\u00fcm m\u00fcdahalelerine ra\u011fmen kurtar\u0131lamayarak hayat\u0131n\u0131 kaybetti.<br \/>\n  Cinayet \u015f\u00fcphelisi H.V. polis ekiplerince yakalanarak g\u00f6zalt\u0131na al\u0131nd\u0131. Olay yeri inceleme ekibi ise kavgan\u0131n ya\u015fand\u0131\u011f\u0131 ev ile otomobilde incelemede bulundu.<br \/>\n  Olayla ilgili tahkikat devam ediyor. <\/p>\n<p>20.04.2025                             <\/p>\n","protected":false},"excerpt":{"rendered":"<p>Karaman&#8217;da 2 ki\u015fi aras\u0131nda \u00e7\u0131kan b\u0131\u00e7akl\u0131 kavgada yaralanan ki\u015fi, arac\u0131yla hastaneye ula\u015fmaya \u00e7al\u0131\u015ft\u0131\u011f\u0131 s\u0131rada kaza yapt\u0131. Hastaneye kald\u0131r\u0131lan yaral\u0131 \u015fah\u0131s hayat\u0131n\u0131 kaybetti. Olay, gece 23.00 s\u0131ralar\u0131nda Larende Mahallesi \u015eehit \u00d6mer Do\u011fan Caddesi \u00fczerindeki m\u00fcstakil evde meydana geldi. \u0130ddiaya g\u00f6re, Hasan Ali Ay (28), evine gitti\u011fi H.V. ile k\u00fcf\u00fcrle\u015fme y\u00fcz\u00fcnden tart\u0131\u015fmaya ba\u015flad\u0131. Tart\u0131\u015fman\u0131n kavgaya d\u00f6n\u00fc\u015fmesi \u00fczerine [&hellip;]<\/p>\n","protected":false},"author":1,"featured_media":5624,"comment_status":"open","ping_status":"open","sticky":false,"template":"","format":"standard","meta":{"footnotes":""},"categories":[45],"tags":[],"class_list":["post-5623","post","type-post","status-publish","format-standard","has-post-thumbnail","hentry","category-gundem"],"yoast_head":"<!-- This site is optimized with the Yoast SEO plugin v27.4 - https:\/\/yoast.com\/product\/yoast-seo-wordpress\/ -->\n<title>B\u0131\u00e7akland\u0131ktan sonra arac\u0131yla hastaneye giderken kaza yapt\u0131: 1 \u00f6l\u00fc - Memurun Sesi<\/title>\n<meta name=\"robots\" content=\"index, follow, max-snippet:-1, max-image-preview:large, max-video-preview:-1\" \/>\n<link rel=\"canonical\" href=\"https:\/\/memurunsesi.net\/index.php\/2025\/04\/20\/bicaklandiktan-sonra-araciyla-hastaneye-giderken-kaza-yapti-1-olu\/\" \/>\n<meta property=\"og:locale\" content=\"tr_TR\" \/>\n<meta property=\"og:type\" content=\"article\" \/>\n<meta property=\"og:title\" content=\"B\u0131\u00e7akland\u0131ktan sonra arac\u0131yla hastaneye giderken kaza yapt\u0131: 1 \u00f6l\u00fc - Memurun Sesi\" \/>\n<meta property=\"og:description\" content=\"Karaman&#8217;da 2 ki\u015fi aras\u0131nda \u00e7\u0131kan b\u0131\u00e7akl\u0131 kavgada yaralanan ki\u015fi, arac\u0131yla hastaneye ula\u015fmaya \u00e7al\u0131\u015ft\u0131\u011f\u0131 s\u0131rada kaza yapt\u0131. Hastaneye kald\u0131r\u0131lan yaral\u0131 \u015fah\u0131s hayat\u0131n\u0131 kaybetti. Olay, gece 23.00 s\u0131ralar\u0131nda Larende Mahallesi \u015eehit \u00d6mer Do\u011fan Caddesi \u00fczerindeki m\u00fcstakil evde meydana geldi. \u0130ddiaya g\u00f6re, Hasan Ali Ay (28), evine gitti\u011fi H.V. ile k\u00fcf\u00fcrle\u015fme y\u00fcz\u00fcnden tart\u0131\u015fmaya ba\u015flad\u0131. Tart\u0131\u015fman\u0131n kavgaya d\u00f6n\u00fc\u015fmesi \u00fczerine [&hellip;]\" \/>\n<meta property=\"og:url\" content=\"https:\/\/memurunsesi.net\/index.php\/2025\/04\/20\/bicaklandiktan-sonra-araciyla-hastaneye-giderken-kaza-yapti-1-olu\/\" \/>\n<meta property=\"og:site_name\" content=\"Memurun Sesi\" \/>\n<meta property=\"article:publisher\" content=\"https:\/\/www.facebook.com\/unipersen\/?locale=tr_TR\" \/>\n<meta property=\"article:published_time\" content=\"2025-04-20T05:15:30+00:00\" \/>\n<meta property=\"og:image\" content=\"https:\/\/memurunsesi.net\/wp-content\/uploads\/2025\/04\/AW436640_05-scaled.jpg\" \/>\n\t<meta property=\"og:image:width\" content=\"2560\" \/>\n\t<meta property=\"og:image:height\" content=\"1440\" \/>\n\t<meta property=\"og:image:type\" content=\"image\/jpeg\" \/>\n<meta name=\"author\" content=\"Memurun Sesi Haber Merkezi\" \/>\n<meta name=\"twitter:card\" content=\"summary_large_image\" \/>\n<meta name=\"twitter:creator\" content=\"@unipersen\" \/>\n<meta name=\"twitter:site\" content=\"@unipersen\" \/>\n<meta name=\"twitter:label1\" content=\"Yazan:\" \/>\n\t<meta name=\"twitter:data1\" content=\"Memurun Sesi Haber Merkezi\" \/>\n\t<meta name=\"twitter:label2\" content=\"Tahmini okuma s\u00fcresi\" \/>\n\t<meta name=\"twitter:data2\" content=\"1 dakika\" \/>\n<script type=\"application\/ld+json\" class=\"yoast-schema-graph\">{\"@context\":\"https:\\\/\\\/schema.org\",\"@graph\":[{\"@type\":\"Article\",\"@id\":\"https:\\\/\\\/memurunsesi.net\\\/index.php\\\/2025\\\/04\\\/20\\\/bicaklandiktan-sonra-araciyla-hastaneye-giderken-kaza-yapti-1-olu\\\/#article\",\"isPartOf\":{\"@id\":\"https:\\\/\\\/memurunsesi.net\\\/index.php\\\/2025\\\/04\\\/20\\\/bicaklandiktan-sonra-araciyla-hastaneye-giderken-kaza-yapti-1-olu\\\/\"},\"author\":{\"name\":\"Memurun Sesi Haber Merkezi\",\"@id\":\"https:\\\/\\\/memurunsesi.net\\\/#\\\/schema\\\/person\\\/f21c2d73b89f6ee1d80b0a1803e38587\"},\"headline\":\"B\u0131\u00e7akland\u0131ktan sonra arac\u0131yla hastaneye giderken kaza yapt\u0131: 1 \u00f6l\u00fc\",\"datePublished\":\"2025-04-20T05:15:30+00:00\",\"mainEntityOfPage\":{\"@id\":\"https:\\\/\\\/memurunsesi.net\\\/index.php\\\/2025\\\/04\\\/20\\\/bicaklandiktan-sonra-araciyla-hastaneye-giderken-kaza-yapti-1-olu\\\/\"},\"wordCount\":201,\"commentCount\":0,\"publisher\":{\"@id\":\"https:\\\/\\\/memurunsesi.net\\\/#organization\"},\"image\":{\"@id\":\"https:\\\/\\\/memurunsesi.net\\\/index.php\\\/2025\\\/04\\\/20\\\/bicaklandiktan-sonra-araciyla-hastaneye-giderken-kaza-yapti-1-olu\\\/#primaryimage\"},\"thumbnailUrl\":\"https:\\\/\\\/memurunsesi.net\\\/wp-content\\\/uploads\\\/2025\\\/04\\\/AW436640_05-scaled.jpg\",\"articleSection\":[\"G\u00fcndem\"],\"inLanguage\":\"tr\",\"potentialAction\":[{\"@type\":\"CommentAction\",\"name\":\"Comment\",\"target\":[\"https:\\\/\\\/memurunsesi.net\\\/index.php\\\/2025\\\/04\\\/20\\\/bicaklandiktan-sonra-araciyla-hastaneye-giderken-kaza-yapti-1-olu\\\/#respond\"]}]},{\"@type\":\"WebPage\",\"@id\":\"https:\\\/\\\/memurunsesi.net\\\/index.php\\\/2025\\\/04\\\/20\\\/bicaklandiktan-sonra-araciyla-hastaneye-giderken-kaza-yapti-1-olu\\\/\",\"url\":\"https:\\\/\\\/memurunsesi.net\\\/index.php\\\/2025\\\/04\\\/20\\\/bicaklandiktan-sonra-araciyla-hastaneye-giderken-kaza-yapti-1-olu\\\/\",\"name\":\"B\u0131\u00e7akland\u0131ktan sonra arac\u0131yla hastaneye giderken kaza yapt\u0131: 1 \u00f6l\u00fc - Memurun Sesi\",\"isPartOf\":{\"@id\":\"https:\\\/\\\/memurunsesi.net\\\/#website\"},\"primaryImageOfPage\":{\"@id\":\"https:\\\/\\\/memurunsesi.net\\\/index.php\\\/2025\\\/04\\\/20\\\/bicaklandiktan-sonra-araciyla-hastaneye-giderken-kaza-yapti-1-olu\\\/#primaryimage\"},\"image\":{\"@id\":\"https:\\\/\\\/memurunsesi.net\\\/index.php\\\/2025\\\/04\\\/20\\\/bicaklandiktan-sonra-araciyla-hastaneye-giderken-kaza-yapti-1-olu\\\/#primaryimage\"},\"thumbnailUrl\":\"https:\\\/\\\/memurunsesi.net\\\/wp-content\\\/uploads\\\/2025\\\/04\\\/AW436640_05-scaled.jpg\",\"datePublished\":\"2025-04-20T05:15:30+00:00\",\"breadcrumb\":{\"@id\":\"https:\\\/\\\/memurunsesi.net\\\/index.php\\\/2025\\\/04\\\/20\\\/bicaklandiktan-sonra-araciyla-hastaneye-giderken-kaza-yapti-1-olu\\\/#breadcrumb\"},\"inLanguage\":\"tr\",\"potentialAction\":[{\"@type\":\"ReadAction\",\"target\":[\"https:\\\/\\\/memurunsesi.net\\\/index.php\\\/2025\\\/04\\\/20\\\/bicaklandiktan-sonra-araciyla-hastaneye-giderken-kaza-yapti-1-olu\\\/\"]}]},{\"@type\":\"ImageObject\",\"inLanguage\":\"tr\",\"@id\":\"https:\\\/\\\/memurunsesi.net\\\/index.php\\\/2025\\\/04\\\/20\\\/bicaklandiktan-sonra-araciyla-hastaneye-giderken-kaza-yapti-1-olu\\\/#primaryimage\",\"url\":\"https:\\\/\\\/memurunsesi.net\\\/wp-content\\\/uploads\\\/2025\\\/04\\\/AW436640_05-scaled.jpg\",\"contentUrl\":\"https:\\\/\\\/memurunsesi.net\\\/wp-content\\\/uploads\\\/2025\\\/04\\\/AW436640_05-scaled.jpg\",\"width\":2560,\"height\":1440,\"caption\":\"KARAMAN'DA 2 K\u0130\u015e\u0130 ARASINDA \u00c7IKAN BI\u00c7AKLI KAVGADA YARALANAN K\u0130\u015e\u0130, ARACIYLA HASTANEYE ULA\u015eMAYA \u00c7ALI\u015eTI\u011eI SIRADA KAZA YAPTI, HASTANEYE KALDIRILAN YARALI \u015eAHIS HAYATINI KAYBETT\u0130. (MEHMET AK\u0130F ORHAN - MEHMET DA\u011eLI\\\/KARAMAN-\u0130HA) Karaman'da 2 ki\u015fi aras\u0131nda \u00e7\u0131kan b\u0131\u00e7akl\u0131 kavgada yaralanan ki\u015fi, arac\u0131yla hastaneye ula\u015fmaya \u00e7al\u0131\u015ft\u0131\u011f\u0131 s\u0131rada kaza yapt\u0131. Hastaneye kald\u0131r\u0131lan yaral\u0131 \u015fah\u0131s hayat\u0131n\u0131 kaybetti.\"},{\"@type\":\"BreadcrumbList\",\"@id\":\"https:\\\/\\\/memurunsesi.net\\\/index.php\\\/2025\\\/04\\\/20\\\/bicaklandiktan-sonra-araciyla-hastaneye-giderken-kaza-yapti-1-olu\\\/#breadcrumb\",\"itemListElement\":[{\"@type\":\"ListItem\",\"position\":1,\"name\":\"Anasayfa\",\"item\":\"https:\\\/\\\/memurunsesi.net\\\/\"},{\"@type\":\"ListItem\",\"position\":2,\"name\":\"B\u0131\u00e7akland\u0131ktan sonra arac\u0131yla hastaneye giderken kaza yapt\u0131: 1 \u00f6l\u00fc\"}]},{\"@type\":\"WebSite\",\"@id\":\"https:\\\/\\\/memurunsesi.net\\\/#website\",\"url\":\"https:\\\/\\\/memurunsesi.net\\\/\",\"name\":\"Memurun Sesi\",\"description\":\"G\u00fcncel ve Do\u011fru Haber\",\"publisher\":{\"@id\":\"https:\\\/\\\/memurunsesi.net\\\/#organization\"},\"potentialAction\":[{\"@type\":\"SearchAction\",\"target\":{\"@type\":\"EntryPoint\",\"urlTemplate\":\"https:\\\/\\\/memurunsesi.net\\\/?s={search_term_string}\"},\"query-input\":{\"@type\":\"PropertyValueSpecification\",\"valueRequired\":true,\"valueName\":\"search_term_string\"}}],\"inLanguage\":\"tr\"},{\"@type\":\"Organization\",\"@id\":\"https:\\\/\\\/memurunsesi.net\\\/#organization\",\"name\":\"Memurun Sesi\",\"url\":\"https:\\\/\\\/memurunsesi.net\\\/\",\"logo\":{\"@type\":\"ImageObject\",\"inLanguage\":\"tr\",\"@id\":\"https:\\\/\\\/memurunsesi.net\\\/#\\\/schema\\\/logo\\\/image\\\/\",\"url\":\"https:\\\/\\\/memurunsesi.net\\\/wp-content\\\/uploads\\\/2025\\\/11\\\/cropped-MEMURUN-SESI.png\",\"contentUrl\":\"https:\\\/\\\/memurunsesi.net\\\/wp-content\\\/uploads\\\/2025\\\/11\\\/cropped-MEMURUN-SESI.png\",\"width\":238,\"height\":57,\"caption\":\"Memurun Sesi\"},\"image\":{\"@id\":\"https:\\\/\\\/memurunsesi.net\\\/#\\\/schema\\\/logo\\\/image\\\/\"},\"sameAs\":[\"https:\\\/\\\/www.facebook.com\\\/unipersen\\\/?locale=tr_TR\",\"https:\\\/\\\/x.com\\\/unipersen\"]},{\"@type\":\"Person\",\"@id\":\"https:\\\/\\\/memurunsesi.net\\\/#\\\/schema\\\/person\\\/f21c2d73b89f6ee1d80b0a1803e38587\",\"name\":\"Memurun Sesi Haber Merkezi\",\"image\":{\"@type\":\"ImageObject\",\"inLanguage\":\"tr\",\"@id\":\"https:\\\/\\\/secure.gravatar.com\\\/avatar\\\/6cf0505f452ee753f485014986fab09a434671d2b919ee76fc541025c5876a70?s=96&d=mm&r=g\",\"url\":\"https:\\\/\\\/secure.gravatar.com\\\/avatar\\\/6cf0505f452ee753f485014986fab09a434671d2b919ee76fc541025c5876a70?s=96&d=mm&r=g\",\"contentUrl\":\"https:\\\/\\\/secure.gravatar.com\\\/avatar\\\/6cf0505f452ee753f485014986fab09a434671d2b919ee76fc541025c5876a70?s=96&d=mm&r=g\",\"caption\":\"Memurun Sesi Haber Merkezi\"},\"sameAs\":[\"https:\\\/\\\/memurunsesi.net\"],\"url\":\"https:\\\/\\\/memurunsesi.net\\\/index.php\\\/author\\\/uniper\\\/\"}]}<\/script>\n<!-- \/ Yoast SEO plugin. -->","yoast_head_json":{"title":"B\u0131\u00e7akland\u0131ktan sonra arac\u0131yla hastaneye giderken kaza yapt\u0131: 1 \u00f6l\u00fc - Memurun Sesi","robots":{"index":"index","follow":"follow","max-snippet":"max-snippet:-1","max-image-preview":"max-image-preview:large","max-video-preview":"max-video-preview:-1"},"canonical":"https:\/\/memurunsesi.net\/index.php\/2025\/04\/20\/bicaklandiktan-sonra-araciyla-hastaneye-giderken-kaza-yapti-1-olu\/","og_locale":"tr_TR","og_type":"article","og_title":"B\u0131\u00e7akland\u0131ktan sonra arac\u0131yla hastaneye giderken kaza yapt\u0131: 1 \u00f6l\u00fc - Memurun Sesi","og_description":"Karaman&#8217;da 2 ki\u015fi aras\u0131nda \u00e7\u0131kan b\u0131\u00e7akl\u0131 kavgada yaralanan ki\u015fi, arac\u0131yla hastaneye ula\u015fmaya \u00e7al\u0131\u015ft\u0131\u011f\u0131 s\u0131rada kaza yapt\u0131. Hastaneye kald\u0131r\u0131lan yaral\u0131 \u015fah\u0131s hayat\u0131n\u0131 kaybetti. Olay, gece 23.00 s\u0131ralar\u0131nda Larende Mahallesi \u015eehit \u00d6mer Do\u011fan Caddesi \u00fczerindeki m\u00fcstakil evde meydana geldi. \u0130ddiaya g\u00f6re, Hasan Ali Ay (28), evine gitti\u011fi H.V. ile k\u00fcf\u00fcrle\u015fme y\u00fcz\u00fcnden tart\u0131\u015fmaya ba\u015flad\u0131. Tart\u0131\u015fman\u0131n kavgaya d\u00f6n\u00fc\u015fmesi \u00fczerine [&hellip;]","og_url":"https:\/\/memurunsesi.net\/index.php\/2025\/04\/20\/bicaklandiktan-sonra-araciyla-hastaneye-giderken-kaza-yapti-1-olu\/","og_site_name":"Memurun Sesi","article_publisher":"https:\/\/www.facebook.com\/unipersen\/?locale=tr_TR","article_published_time":"2025-04-20T05:15:30+00:00","og_image":[{"width":2560,"height":1440,"url":"https:\/\/memurunsesi.net\/wp-content\/uploads\/2025\/04\/AW436640_05-scaled.jpg","type":"image\/jpeg"}],"author":"Memurun Sesi Haber Merkezi","twitter_card":"summary_large_image","twitter_creator":"@unipersen","twitter_site":"@unipersen","twitter_misc":{"Yazan:":"Memurun Sesi Haber Merkezi","Tahmini okuma s\u00fcresi":"1 dakika"},"schema":{"@context":"https:\/\/schema.org","@graph":[{"@type":"Article","@id":"https:\/\/memurunsesi.net\/index.php\/2025\/04\/20\/bicaklandiktan-sonra-araciyla-hastaneye-giderken-kaza-yapti-1-olu\/#article","isPartOf":{"@id":"https:\/\/memurunsesi.net\/index.php\/2025\/04\/20\/bicaklandiktan-sonra-araciyla-hastaneye-giderken-kaza-yapti-1-olu\/"},"author":{"name":"Memurun Sesi Haber Merkezi","@id":"https:\/\/memurunsesi.net\/#\/schema\/person\/f21c2d73b89f6ee1d80b0a1803e38587"},"headline":"B\u0131\u00e7akland\u0131ktan sonra arac\u0131yla hastaneye giderken kaza yapt\u0131: 1 \u00f6l\u00fc","datePublished":"2025-04-20T05:15:30+00:00","mainEntityOfPage":{"@id":"https:\/\/memurunsesi.net\/index.php\/2025\/04\/20\/bicaklandiktan-sonra-araciyla-hastaneye-giderken-kaza-yapti-1-olu\/"},"wordCount":201,"commentCount":0,"publisher":{"@id":"https:\/\/memurunsesi.net\/#organization"},"image":{"@id":"https:\/\/memurunsesi.net\/index.php\/2025\/04\/20\/bicaklandiktan-sonra-araciyla-hastaneye-giderken-kaza-yapti-1-olu\/#primaryimage"},"thumbnailUrl":"https:\/\/memurunsesi.net\/wp-content\/uploads\/2025\/04\/AW436640_05-scaled.jpg","articleSection":["G\u00fcndem"],"inLanguage":"tr","potentialAction":[{"@type":"CommentAction","name":"Comment","target":["https:\/\/memurunsesi.net\/index.php\/2025\/04\/20\/bicaklandiktan-sonra-araciyla-hastaneye-giderken-kaza-yapti-1-olu\/#respond"]}]},{"@type":"WebPage","@id":"https:\/\/memurunsesi.net\/index.php\/2025\/04\/20\/bicaklandiktan-sonra-araciyla-hastaneye-giderken-kaza-yapti-1-olu\/","url":"https:\/\/memurunsesi.net\/index.php\/2025\/04\/20\/bicaklandiktan-sonra-araciyla-hastaneye-giderken-kaza-yapti-1-olu\/","name":"B\u0131\u00e7akland\u0131ktan sonra arac\u0131yla hastaneye giderken kaza yapt\u0131: 1 \u00f6l\u00fc - Memurun Sesi","isPartOf":{"@id":"https:\/\/memurunsesi.net\/#website"},"primaryImageOfPage":{"@id":"https:\/\/memurunsesi.net\/index.php\/2025\/04\/20\/bicaklandiktan-sonra-araciyla-hastaneye-giderken-kaza-yapti-1-olu\/#primaryimage"},"image":{"@id":"https:\/\/memurunsesi.net\/index.php\/2025\/04\/20\/bicaklandiktan-sonra-araciyla-hastaneye-giderken-kaza-yapti-1-olu\/#primaryimage"},"thumbnailUrl":"https:\/\/memurunsesi.net\/wp-content\/uploads\/2025\/04\/AW436640_05-scaled.jpg","datePublished":"2025-04-20T05:15:30+00:00","breadcrumb":{"@id":"https:\/\/memurunsesi.net\/index.php\/2025\/04\/20\/bicaklandiktan-sonra-araciyla-hastaneye-giderken-kaza-yapti-1-olu\/#breadcrumb"},"inLanguage":"tr","potentialAction":[{"@type":"ReadAction","target":["https:\/\/memurunsesi.net\/index.php\/2025\/04\/20\/bicaklandiktan-sonra-araciyla-hastaneye-giderken-kaza-yapti-1-olu\/"]}]},{"@type":"ImageObject","inLanguage":"tr","@id":"https:\/\/memurunsesi.net\/index.php\/2025\/04\/20\/bicaklandiktan-sonra-araciyla-hastaneye-giderken-kaza-yapti-1-olu\/#primaryimage","url":"https:\/\/memurunsesi.net\/wp-content\/uploads\/2025\/04\/AW436640_05-scaled.jpg","contentUrl":"https:\/\/memurunsesi.net\/wp-content\/uploads\/2025\/04\/AW436640_05-scaled.jpg","width":2560,"height":1440,"caption":"KARAMAN'DA 2 K\u0130\u015e\u0130 ARASINDA \u00c7IKAN BI\u00c7AKLI KAVGADA YARALANAN K\u0130\u015e\u0130, ARACIYLA HASTANEYE ULA\u015eMAYA \u00c7ALI\u015eTI\u011eI SIRADA KAZA YAPTI, HASTANEYE KALDIRILAN YARALI \u015eAHIS HAYATINI KAYBETT\u0130. (MEHMET AK\u0130F ORHAN - MEHMET DA\u011eLI\/KARAMAN-\u0130HA) Karaman'da 2 ki\u015fi aras\u0131nda \u00e7\u0131kan b\u0131\u00e7akl\u0131 kavgada yaralanan ki\u015fi, arac\u0131yla hastaneye ula\u015fmaya \u00e7al\u0131\u015ft\u0131\u011f\u0131 s\u0131rada kaza yapt\u0131. Hastaneye kald\u0131r\u0131lan yaral\u0131 \u015fah\u0131s hayat\u0131n\u0131 kaybetti."},{"@type":"BreadcrumbList","@id":"https:\/\/memurunsesi.net\/index.php\/2025\/04\/20\/bicaklandiktan-sonra-araciyla-hastaneye-giderken-kaza-yapti-1-olu\/#breadcrumb","itemListElement":[{"@type":"ListItem","position":1,"name":"Anasayfa","item":"https:\/\/memurunsesi.net\/"},{"@type":"ListItem","position":2,"name":"B\u0131\u00e7akland\u0131ktan sonra arac\u0131yla hastaneye giderken kaza yapt\u0131: 1 \u00f6l\u00fc"}]},{"@type":"WebSite","@id":"https:\/\/memurunsesi.net\/#website","url":"https:\/\/memurunsesi.net\/","name":"Memurun Sesi","description":"G\u00fcncel ve Do\u011fru Haber","publisher":{"@id":"https:\/\/memurunsesi.net\/#organization"},"potentialAction":[{"@type":"SearchAction","target":{"@type":"EntryPoint","urlTemplate":"https:\/\/memurunsesi.net\/?s={search_term_string}"},"query-input":{"@type":"PropertyValueSpecification","valueRequired":true,"valueName":"search_term_string"}}],"inLanguage":"tr"},{"@type":"Organization","@id":"https:\/\/memurunsesi.net\/#organization","name":"Memurun Sesi","url":"https:\/\/memurunsesi.net\/","logo":{"@type":"ImageObject","inLanguage":"tr","@id":"https:\/\/memurunsesi.net\/#\/schema\/logo\/image\/","url":"https:\/\/memurunsesi.net\/wp-content\/uploads\/2025\/11\/cropped-MEMURUN-SESI.png","contentUrl":"https:\/\/memurunsesi.net\/wp-content\/uploads\/2025\/11\/cropped-MEMURUN-SESI.png","width":238,"height":57,"caption":"Memurun Sesi"},"image":{"@id":"https:\/\/memurunsesi.net\/#\/schema\/logo\/image\/"},"sameAs":["https:\/\/www.facebook.com\/unipersen\/?locale=tr_TR","https:\/\/x.com\/unipersen"]},{"@type":"Person","@id":"https:\/\/memurunsesi.net\/#\/schema\/person\/f21c2d73b89f6ee1d80b0a1803e38587","name":"Memurun Sesi Haber Merkezi","image":{"@type":"ImageObject","inLanguage":"tr","@id":"https:\/\/secure.gravatar.com\/avatar\/6cf0505f452ee753f485014986fab09a434671d2b919ee76fc541025c5876a70?s=96&d=mm&r=g","url":"https:\/\/secure.gravatar.com\/avatar\/6cf0505f452ee753f485014986fab09a434671d2b919ee76fc541025c5876a70?s=96&d=mm&r=g","contentUrl":"https:\/\/secure.gravatar.com\/avatar\/6cf0505f452ee753f485014986fab09a434671d2b919ee76fc541025c5876a70?s=96&d=mm&r=g","caption":"Memurun Sesi Haber Merkezi"},"sameAs":["https:\/\/memurunsesi.net"],"url":"https:\/\/memurunsesi.net\/index.php\/author\/uniper\/"}]}},"_links":{"self":[{"href":"https:\/\/memurunsesi.net\/index.php\/wp-json\/wp\/v2\/posts\/5623","targetHints":{"allow":["GET"]}}],"collection":[{"href":"https:\/\/memurunsesi.net\/index.php\/wp-json\/wp\/v2\/posts"}],"about":[{"href":"https:\/\/memurunsesi.net\/index.php\/wp-json\/wp\/v2\/types\/post"}],"author":[{"embeddable":true,"href":"https:\/\/memurunsesi.net\/index.php\/wp-json\/wp\/v2\/users\/1"}],"replies":[{"embeddable":true,"href":"https:\/\/memurunsesi.net\/index.php\/wp-json\/wp\/v2\/comments?post=5623"}],"version-history":[{"count":1,"href":"https:\/\/memurunsesi.net\/index.php\/wp-json\/wp\/v2\/posts\/5623\/revisions"}],"predecessor-version":[{"id":5625,"href":"https:\/\/memurunsesi.net\/index.php\/wp-json\/wp\/v2\/posts\/5623\/revisions\/5625"}],"wp:featuredmedia":[{"embeddable":true,"href":"https:\/\/memurunsesi.net\/index.php\/wp-json\/wp\/v2\/media\/5624"}],"wp:attachment":[{"href":"https:\/\/memurunsesi.net\/index.php\/wp-json\/wp\/v2\/media?parent=5623"}],"wp:term":[{"taxonomy":"category","embeddable":true,"href":"https:\/\/memurunsesi.net\/index.php\/wp-json\/wp\/v2\/categories?post=5623"},{"taxonomy":"post_tag","embeddable":true,"href":"https:\/\/memurunsesi.net\/index.php\/wp-json\/wp\/v2\/tags?post=5623"}],"curies":[{"name":"wp","href":"https:\/\/api.w.org\/{rel}","templated":true}]}}