{"id":5640,"date":"2025-04-20T08:26:44","date_gmt":"2025-04-20T05:26:44","guid":{"rendered":"https:\/\/memurunsesi.net\/?p=5640"},"modified":"2025-04-20T08:27:09","modified_gmt":"2025-04-20T05:27:09","slug":"ukrayna-ateskesin-paskalya-bayraminin-otesine-uzatilmasini-onermektedir","status":"publish","type":"post","link":"https:\/\/memurunsesi.net\/index.php\/2025\/04\/20\/ukrayna-ateskesin-paskalya-bayraminin-otesine-uzatilmasini-onermektedir\/","title":{"rendered":"Ukrayna ate\u015fkesin Paskalya Bayram\u0131\u2019n\u0131n \u00f6tesine uzat\u0131lmas\u0131n\u0131 \u00f6nermektedir"},"content":{"rendered":"<p>  Ukrayna Devlet Ba\u015fkan\u0131 Vladimir Zelenskiy, Rusya\u2019n\u0131n Paskalya Bayram\u0131\u2019nda ate\u015fkes karar\u0131na ili\u015fkin yapt\u0131\u011f\u0131 a\u00e7\u0131klamada, &#8220;E\u011fer ger\u00e7ek bir ate\u015fkes sa\u011flan\u0131rsa, Ukrayna bu ate\u015fkesin 20 Nisan\u2019daki Paskalya G\u00fcn\u00fc\u2019n\u00fcn \u00f6tesine uzat\u0131lmas\u0131n\u0131 \u00f6nermektedir. Bu, Rusya\u2019n\u0131n ger\u00e7ek niyetlerini ortaya koyacakt\u0131r&#8221; dedi.<br \/>\n  Ukrayna Devlet Ba\u015fkan\u0131 Vladimir Zelenskiy, Rusya\u2019n\u0131n Paskalya Bayram\u0131\u2019nda ate\u015fkes karar\u0131na ili\u015fkin yeni bir a\u00e7\u0131klama daha yapt\u0131. Zelenskiy sosyal medya hesab\u0131ndan yapt\u0131\u011f\u0131 payla\u015f\u0131mda, &#8220;ABD\u2019nin sundu\u011fu, tam ve \u015farts\u0131z 30 g\u00fcnl\u00fck bir ate\u015fkesi \u00f6ng\u00f6ren teklife, Rusya taraf\u0131ndan 39 g\u00fcnd\u00fcr yan\u0131t verilmedi. Ukrayna bu teklife olumlu yan\u0131t verirken, Rusya teklifi g\u00f6rmezden geldi&#8221; dedi.<br \/>\n  Ukrayna\u2019n\u0131n g\u00f6sterilen tavra g\u00f6re hareket edece\u011fini belirten Zelenskiy, &#8220;E\u011fer Rusya \u015fimdi ger\u00e7ekten tam ve \u015farts\u0131z bir ate\u015fkese samimi bir \u015fekilde kat\u0131lmaya haz\u0131rsa, Ukrayna da buna uygun \u015fekilde hareket edecektir. Rusya\u2019n\u0131n eylemlerini yans\u0131tacak \u015fekilde, sessizli\u011fe sessizlikle, sald\u0131r\u0131lara savunma ama\u00e7l\u0131 kar\u015f\u0131l\u0131kla cevap verilecektir&#8221; ifadelerini kulland\u0131. <\/p>\n<p>  &#8220;Otuz g\u00fcn ise bar\u0131\u015fa bir \u015fans verebilir&#8221;<br \/>\n  Olas\u0131 bir ate\u015fkes anla\u015fmas\u0131na de\u011finen Zelenskiy, &#8220;E\u011fer ger\u00e7ek bir ate\u015fkes sa\u011flan\u0131rsa, Ukrayna bu ate\u015fkesin 20 Nisan\u2019daki Paskalya G\u00fcn\u00fc\u2019n\u00fcn \u00f6tesine uzat\u0131lmas\u0131n\u0131 \u00f6nermektedir. Bu, Rusya\u2019n\u0131n ger\u00e7ek niyetlerini ortaya koyacakt\u0131r. \u00c7\u00fcnk\u00fc 30 saat man\u015fetler i\u00e7in yeterlidir, ancak g\u00fcven in\u015fa edecek samimi ad\u0131mlar i\u00e7in yetmez. Otuz g\u00fcn ise bar\u0131\u015fa bir \u015fans verebilir&#8221; a\u00e7\u0131klamas\u0131n\u0131 yapt\u0131. <\/p>\n<p>  &#8220;Her Rus sald\u0131r\u0131s\u0131, uygun bir yan\u0131tla kar\u015f\u0131la\u015facakt\u0131r&#8221;<br \/>\n  Genelkurmay Ba\u015fkanl\u0131\u011f\u0131 raporlar\u0131na de\u011finen Zelenskiy, &#8220;\u015eu an itibar\u0131yla, Ba\u015fkomutanl\u0131k raporlar\u0131na g\u00f6re, Rusya\u2019n\u0131n taarruz operasyonlar\u0131 cephe hatt\u0131n\u0131n \u00e7e\u015fitli b\u00f6lgelerinde devam ediyor ve Rus top\u00e7u ate\u015fi azalm\u0131\u015f de\u011fil. Bu nedenle Moskova\u2019dan gelen s\u00f6zlere g\u00fcven yok. Moskova\u2019n\u0131n nas\u0131l manip\u00fclasyon yapt\u0131\u011f\u0131n\u0131 \u00e7ok iyi biliyoruz ve her \u015feye haz\u0131rl\u0131kl\u0131y\u0131z. Ukrayna Savunma Kuvvetleri ak\u0131lc\u0131 bir \u015fekilde hareket edecektir. Duruma uygun kar\u015f\u0131l\u0131k verecektir. Her Rus sald\u0131r\u0131s\u0131, uygun bir yan\u0131tla kar\u015f\u0131la\u015facakt\u0131r. Saat 21.30 ve 22.00\u2019de, Ba\u015fkomutan Oleksandr Syrskyi\u2019den, cephe hatt\u0131ndaki tugay komutanlar\u0131 ve di\u011fer birliklerle yapt\u0131\u011f\u0131 g\u00f6r\u00fc\u015fmelerin ard\u0131ndan belirli y\u00f6nlerdeki duruma ili\u015fkin ayr\u0131nt\u0131l\u0131 g\u00fcncellemeleri bekliyorum&#8221; dedi. <\/p>\n<p>20.04.2025                            <\/p>\n","protected":false},"excerpt":{"rendered":"<p>Ukrayna Devlet Ba\u015fkan\u0131 Vladimir Zelenskiy, Rusya\u2019n\u0131n Paskalya Bayram\u0131\u2019nda ate\u015fkes karar\u0131na ili\u015fkin yapt\u0131\u011f\u0131 a\u00e7\u0131klamada, &#8220;E\u011fer ger\u00e7ek bir ate\u015fkes sa\u011flan\u0131rsa, Ukrayna bu ate\u015fkesin 20 Nisan\u2019daki Paskalya G\u00fcn\u00fc\u2019n\u00fcn \u00f6tesine uzat\u0131lmas\u0131n\u0131 \u00f6nermektedir. Bu, Rusya\u2019n\u0131n ger\u00e7ek niyetlerini ortaya koyacakt\u0131r&#8221; dedi. Ukrayna Devlet Ba\u015fkan\u0131 Vladimir Zelenskiy, Rusya\u2019n\u0131n Paskalya Bayram\u0131\u2019nda ate\u015fkes karar\u0131na ili\u015fkin yeni bir a\u00e7\u0131klama daha yapt\u0131. Zelenskiy sosyal medya hesab\u0131ndan [&hellip;]<\/p>\n","protected":false},"author":1,"featured_media":5641,"comment_status":"open","ping_status":"open","sticky":false,"template":"","format":"standard","meta":{"footnotes":""},"categories":[1],"tags":[],"class_list":["post-5640","post","type-post","status-publish","format-standard","has-post-thumbnail","hentry","category-genel"],"yoast_head":"<!-- This site is optimized with the Yoast SEO plugin v27.4 - https:\/\/yoast.com\/product\/yoast-seo-wordpress\/ -->\n<title>Ukrayna ate\u015fkesin Paskalya Bayram\u0131\u2019n\u0131n \u00f6tesine uzat\u0131lmas\u0131n\u0131 \u00f6nermektedir - Memurun Sesi<\/title>\n<meta name=\"robots\" content=\"index, follow, max-snippet:-1, max-image-preview:large, max-video-preview:-1\" \/>\n<link rel=\"canonical\" href=\"https:\/\/memurunsesi.net\/index.php\/2025\/04\/20\/ukrayna-ateskesin-paskalya-bayraminin-otesine-uzatilmasini-onermektedir\/\" \/>\n<meta property=\"og:locale\" content=\"tr_TR\" \/>\n<meta property=\"og:type\" content=\"article\" \/>\n<meta property=\"og:title\" content=\"Ukrayna ate\u015fkesin Paskalya Bayram\u0131\u2019n\u0131n \u00f6tesine uzat\u0131lmas\u0131n\u0131 \u00f6nermektedir - Memurun Sesi\" \/>\n<meta property=\"og:description\" content=\"Ukrayna Devlet Ba\u015fkan\u0131 Vladimir Zelenskiy, Rusya\u2019n\u0131n Paskalya Bayram\u0131\u2019nda ate\u015fkes karar\u0131na ili\u015fkin yapt\u0131\u011f\u0131 a\u00e7\u0131klamada, &#8220;E\u011fer ger\u00e7ek bir ate\u015fkes sa\u011flan\u0131rsa, Ukrayna bu ate\u015fkesin 20 Nisan\u2019daki Paskalya G\u00fcn\u00fc\u2019n\u00fcn \u00f6tesine uzat\u0131lmas\u0131n\u0131 \u00f6nermektedir. Bu, Rusya\u2019n\u0131n ger\u00e7ek niyetlerini ortaya koyacakt\u0131r&#8221; dedi. Ukrayna Devlet Ba\u015fkan\u0131 Vladimir Zelenskiy, Rusya\u2019n\u0131n Paskalya Bayram\u0131\u2019nda ate\u015fkes karar\u0131na ili\u015fkin yeni bir a\u00e7\u0131klama daha yapt\u0131. Zelenskiy sosyal medya hesab\u0131ndan [&hellip;]\" \/>\n<meta property=\"og:url\" content=\"https:\/\/memurunsesi.net\/index.php\/2025\/04\/20\/ukrayna-ateskesin-paskalya-bayraminin-otesine-uzatilmasini-onermektedir\/\" \/>\n<meta property=\"og:site_name\" content=\"Memurun Sesi\" \/>\n<meta property=\"article:publisher\" content=\"https:\/\/www.facebook.com\/unipersen\/?locale=tr_TR\" \/>\n<meta property=\"article:published_time\" content=\"2025-04-20T05:26:44+00:00\" \/>\n<meta property=\"article:modified_time\" content=\"2025-04-20T05:27:09+00:00\" \/>\n<meta property=\"og:image\" content=\"https:\/\/memurunsesi.net\/wp-content\/uploads\/2025\/04\/AW436636_01-scaled.jpg\" \/>\n\t<meta property=\"og:image:width\" content=\"2560\" \/>\n\t<meta property=\"og:image:height\" content=\"1836\" \/>\n\t<meta property=\"og:image:type\" content=\"image\/jpeg\" \/>\n<meta name=\"author\" content=\"Memurun Sesi Haber Merkezi\" \/>\n<meta name=\"twitter:card\" content=\"summary_large_image\" \/>\n<meta name=\"twitter:creator\" content=\"@unipersen\" \/>\n<meta name=\"twitter:site\" content=\"@unipersen\" \/>\n<meta name=\"twitter:label1\" content=\"Yazan:\" \/>\n\t<meta name=\"twitter:data1\" content=\"Memurun Sesi Haber Merkezi\" \/>\n\t<meta name=\"twitter:label2\" content=\"Tahmini okuma s\u00fcresi\" \/>\n\t<meta name=\"twitter:data2\" content=\"2 dakika\" \/>\n<script type=\"application\/ld+json\" class=\"yoast-schema-graph\">{\"@context\":\"https:\\\/\\\/schema.org\",\"@graph\":[{\"@type\":\"Article\",\"@id\":\"https:\\\/\\\/memurunsesi.net\\\/index.php\\\/2025\\\/04\\\/20\\\/ukrayna-ateskesin-paskalya-bayraminin-otesine-uzatilmasini-onermektedir\\\/#article\",\"isPartOf\":{\"@id\":\"https:\\\/\\\/memurunsesi.net\\\/index.php\\\/2025\\\/04\\\/20\\\/ukrayna-ateskesin-paskalya-bayraminin-otesine-uzatilmasini-onermektedir\\\/\"},\"author\":{\"name\":\"Memurun Sesi Haber Merkezi\",\"@id\":\"https:\\\/\\\/memurunsesi.net\\\/#\\\/schema\\\/person\\\/f21c2d73b89f6ee1d80b0a1803e38587\"},\"headline\":\"Ukrayna ate\u015fkesin Paskalya Bayram\u0131\u2019n\u0131n \u00f6tesine uzat\u0131lmas\u0131n\u0131 \u00f6nermektedir\",\"datePublished\":\"2025-04-20T05:26:44+00:00\",\"dateModified\":\"2025-04-20T05:27:09+00:00\",\"mainEntityOfPage\":{\"@id\":\"https:\\\/\\\/memurunsesi.net\\\/index.php\\\/2025\\\/04\\\/20\\\/ukrayna-ateskesin-paskalya-bayraminin-otesine-uzatilmasini-onermektedir\\\/\"},\"wordCount\":441,\"commentCount\":0,\"publisher\":{\"@id\":\"https:\\\/\\\/memurunsesi.net\\\/#organization\"},\"image\":{\"@id\":\"https:\\\/\\\/memurunsesi.net\\\/index.php\\\/2025\\\/04\\\/20\\\/ukrayna-ateskesin-paskalya-bayraminin-otesine-uzatilmasini-onermektedir\\\/#primaryimage\"},\"thumbnailUrl\":\"https:\\\/\\\/memurunsesi.net\\\/wp-content\\\/uploads\\\/2025\\\/04\\\/AW436636_01-scaled.jpg\",\"inLanguage\":\"tr\",\"potentialAction\":[{\"@type\":\"CommentAction\",\"name\":\"Comment\",\"target\":[\"https:\\\/\\\/memurunsesi.net\\\/index.php\\\/2025\\\/04\\\/20\\\/ukrayna-ateskesin-paskalya-bayraminin-otesine-uzatilmasini-onermektedir\\\/#respond\"]}]},{\"@type\":\"WebPage\",\"@id\":\"https:\\\/\\\/memurunsesi.net\\\/index.php\\\/2025\\\/04\\\/20\\\/ukrayna-ateskesin-paskalya-bayraminin-otesine-uzatilmasini-onermektedir\\\/\",\"url\":\"https:\\\/\\\/memurunsesi.net\\\/index.php\\\/2025\\\/04\\\/20\\\/ukrayna-ateskesin-paskalya-bayraminin-otesine-uzatilmasini-onermektedir\\\/\",\"name\":\"Ukrayna ate\u015fkesin Paskalya Bayram\u0131\u2019n\u0131n \u00f6tesine uzat\u0131lmas\u0131n\u0131 \u00f6nermektedir - Memurun Sesi\",\"isPartOf\":{\"@id\":\"https:\\\/\\\/memurunsesi.net\\\/#website\"},\"primaryImageOfPage\":{\"@id\":\"https:\\\/\\\/memurunsesi.net\\\/index.php\\\/2025\\\/04\\\/20\\\/ukrayna-ateskesin-paskalya-bayraminin-otesine-uzatilmasini-onermektedir\\\/#primaryimage\"},\"image\":{\"@id\":\"https:\\\/\\\/memurunsesi.net\\\/index.php\\\/2025\\\/04\\\/20\\\/ukrayna-ateskesin-paskalya-bayraminin-otesine-uzatilmasini-onermektedir\\\/#primaryimage\"},\"thumbnailUrl\":\"https:\\\/\\\/memurunsesi.net\\\/wp-content\\\/uploads\\\/2025\\\/04\\\/AW436636_01-scaled.jpg\",\"datePublished\":\"2025-04-20T05:26:44+00:00\",\"dateModified\":\"2025-04-20T05:27:09+00:00\",\"breadcrumb\":{\"@id\":\"https:\\\/\\\/memurunsesi.net\\\/index.php\\\/2025\\\/04\\\/20\\\/ukrayna-ateskesin-paskalya-bayraminin-otesine-uzatilmasini-onermektedir\\\/#breadcrumb\"},\"inLanguage\":\"tr\",\"potentialAction\":[{\"@type\":\"ReadAction\",\"target\":[\"https:\\\/\\\/memurunsesi.net\\\/index.php\\\/2025\\\/04\\\/20\\\/ukrayna-ateskesin-paskalya-bayraminin-otesine-uzatilmasini-onermektedir\\\/\"]}]},{\"@type\":\"ImageObject\",\"inLanguage\":\"tr\",\"@id\":\"https:\\\/\\\/memurunsesi.net\\\/index.php\\\/2025\\\/04\\\/20\\\/ukrayna-ateskesin-paskalya-bayraminin-otesine-uzatilmasini-onermektedir\\\/#primaryimage\",\"url\":\"https:\\\/\\\/memurunsesi.net\\\/wp-content\\\/uploads\\\/2025\\\/04\\\/AW436636_01-scaled.jpg\",\"contentUrl\":\"https:\\\/\\\/memurunsesi.net\\\/wp-content\\\/uploads\\\/2025\\\/04\\\/AW436636_01-scaled.jpg\",\"width\":2560,\"height\":1836,\"caption\":\"epa12010044 Ukrainian President Volodymyr Zelensky addresses a press conference in Kyiv, Ukraine, 04 April 2025. Zelensky briefed journalists about a meeting held in Kyiv between military chiefs of France, Britain and Ukraine regarding the deployment of peacekeepers. EPA-EFE\\\/STRINGER\"},{\"@type\":\"BreadcrumbList\",\"@id\":\"https:\\\/\\\/memurunsesi.net\\\/index.php\\\/2025\\\/04\\\/20\\\/ukrayna-ateskesin-paskalya-bayraminin-otesine-uzatilmasini-onermektedir\\\/#breadcrumb\",\"itemListElement\":[{\"@type\":\"ListItem\",\"position\":1,\"name\":\"Anasayfa\",\"item\":\"https:\\\/\\\/memurunsesi.net\\\/\"},{\"@type\":\"ListItem\",\"position\":2,\"name\":\"Ukrayna ate\u015fkesin Paskalya Bayram\u0131\u2019n\u0131n \u00f6tesine uzat\u0131lmas\u0131n\u0131 \u00f6nermektedir\"}]},{\"@type\":\"WebSite\",\"@id\":\"https:\\\/\\\/memurunsesi.net\\\/#website\",\"url\":\"https:\\\/\\\/memurunsesi.net\\\/\",\"name\":\"Memurun Sesi\",\"description\":\"G\u00fcncel ve Do\u011fru Haber\",\"publisher\":{\"@id\":\"https:\\\/\\\/memurunsesi.net\\\/#organization\"},\"potentialAction\":[{\"@type\":\"SearchAction\",\"target\":{\"@type\":\"EntryPoint\",\"urlTemplate\":\"https:\\\/\\\/memurunsesi.net\\\/?s={search_term_string}\"},\"query-input\":{\"@type\":\"PropertyValueSpecification\",\"valueRequired\":true,\"valueName\":\"search_term_string\"}}],\"inLanguage\":\"tr\"},{\"@type\":\"Organization\",\"@id\":\"https:\\\/\\\/memurunsesi.net\\\/#organization\",\"name\":\"Memurun Sesi\",\"url\":\"https:\\\/\\\/memurunsesi.net\\\/\",\"logo\":{\"@type\":\"ImageObject\",\"inLanguage\":\"tr\",\"@id\":\"https:\\\/\\\/memurunsesi.net\\\/#\\\/schema\\\/logo\\\/image\\\/\",\"url\":\"https:\\\/\\\/memurunsesi.net\\\/wp-content\\\/uploads\\\/2025\\\/11\\\/cropped-MEMURUN-SESI.png\",\"contentUrl\":\"https:\\\/\\\/memurunsesi.net\\\/wp-content\\\/uploads\\\/2025\\\/11\\\/cropped-MEMURUN-SESI.png\",\"width\":238,\"height\":57,\"caption\":\"Memurun Sesi\"},\"image\":{\"@id\":\"https:\\\/\\\/memurunsesi.net\\\/#\\\/schema\\\/logo\\\/image\\\/\"},\"sameAs\":[\"https:\\\/\\\/www.facebook.com\\\/unipersen\\\/?locale=tr_TR\",\"https:\\\/\\\/x.com\\\/unipersen\"]},{\"@type\":\"Person\",\"@id\":\"https:\\\/\\\/memurunsesi.net\\\/#\\\/schema\\\/person\\\/f21c2d73b89f6ee1d80b0a1803e38587\",\"name\":\"Memurun Sesi Haber Merkezi\",\"image\":{\"@type\":\"ImageObject\",\"inLanguage\":\"tr\",\"@id\":\"https:\\\/\\\/secure.gravatar.com\\\/avatar\\\/6cf0505f452ee753f485014986fab09a434671d2b919ee76fc541025c5876a70?s=96&d=mm&r=g\",\"url\":\"https:\\\/\\\/secure.gravatar.com\\\/avatar\\\/6cf0505f452ee753f485014986fab09a434671d2b919ee76fc541025c5876a70?s=96&d=mm&r=g\",\"contentUrl\":\"https:\\\/\\\/secure.gravatar.com\\\/avatar\\\/6cf0505f452ee753f485014986fab09a434671d2b919ee76fc541025c5876a70?s=96&d=mm&r=g\",\"caption\":\"Memurun Sesi Haber Merkezi\"},\"sameAs\":[\"https:\\\/\\\/memurunsesi.net\"],\"url\":\"https:\\\/\\\/memurunsesi.net\\\/index.php\\\/author\\\/uniper\\\/\"}]}<\/script>\n<!-- \/ Yoast SEO plugin. -->","yoast_head_json":{"title":"Ukrayna ate\u015fkesin Paskalya Bayram\u0131\u2019n\u0131n \u00f6tesine uzat\u0131lmas\u0131n\u0131 \u00f6nermektedir - Memurun Sesi","robots":{"index":"index","follow":"follow","max-snippet":"max-snippet:-1","max-image-preview":"max-image-preview:large","max-video-preview":"max-video-preview:-1"},"canonical":"https:\/\/memurunsesi.net\/index.php\/2025\/04\/20\/ukrayna-ateskesin-paskalya-bayraminin-otesine-uzatilmasini-onermektedir\/","og_locale":"tr_TR","og_type":"article","og_title":"Ukrayna ate\u015fkesin Paskalya Bayram\u0131\u2019n\u0131n \u00f6tesine uzat\u0131lmas\u0131n\u0131 \u00f6nermektedir - Memurun Sesi","og_description":"Ukrayna Devlet Ba\u015fkan\u0131 Vladimir Zelenskiy, Rusya\u2019n\u0131n Paskalya Bayram\u0131\u2019nda ate\u015fkes karar\u0131na ili\u015fkin yapt\u0131\u011f\u0131 a\u00e7\u0131klamada, &#8220;E\u011fer ger\u00e7ek bir ate\u015fkes sa\u011flan\u0131rsa, Ukrayna bu ate\u015fkesin 20 Nisan\u2019daki Paskalya G\u00fcn\u00fc\u2019n\u00fcn \u00f6tesine uzat\u0131lmas\u0131n\u0131 \u00f6nermektedir. Bu, Rusya\u2019n\u0131n ger\u00e7ek niyetlerini ortaya koyacakt\u0131r&#8221; dedi. Ukrayna Devlet Ba\u015fkan\u0131 Vladimir Zelenskiy, Rusya\u2019n\u0131n Paskalya Bayram\u0131\u2019nda ate\u015fkes karar\u0131na ili\u015fkin yeni bir a\u00e7\u0131klama daha yapt\u0131. Zelenskiy sosyal medya hesab\u0131ndan [&hellip;]","og_url":"https:\/\/memurunsesi.net\/index.php\/2025\/04\/20\/ukrayna-ateskesin-paskalya-bayraminin-otesine-uzatilmasini-onermektedir\/","og_site_name":"Memurun Sesi","article_publisher":"https:\/\/www.facebook.com\/unipersen\/?locale=tr_TR","article_published_time":"2025-04-20T05:26:44+00:00","article_modified_time":"2025-04-20T05:27:09+00:00","og_image":[{"width":2560,"height":1836,"url":"https:\/\/memurunsesi.net\/wp-content\/uploads\/2025\/04\/AW436636_01-scaled.jpg","type":"image\/jpeg"}],"author":"Memurun Sesi Haber Merkezi","twitter_card":"summary_large_image","twitter_creator":"@unipersen","twitter_site":"@unipersen","twitter_misc":{"Yazan:":"Memurun Sesi Haber Merkezi","Tahmini okuma s\u00fcresi":"2 dakika"},"schema":{"@context":"https:\/\/schema.org","@graph":[{"@type":"Article","@id":"https:\/\/memurunsesi.net\/index.php\/2025\/04\/20\/ukrayna-ateskesin-paskalya-bayraminin-otesine-uzatilmasini-onermektedir\/#article","isPartOf":{"@id":"https:\/\/memurunsesi.net\/index.php\/2025\/04\/20\/ukrayna-ateskesin-paskalya-bayraminin-otesine-uzatilmasini-onermektedir\/"},"author":{"name":"Memurun Sesi Haber Merkezi","@id":"https:\/\/memurunsesi.net\/#\/schema\/person\/f21c2d73b89f6ee1d80b0a1803e38587"},"headline":"Ukrayna ate\u015fkesin Paskalya Bayram\u0131\u2019n\u0131n \u00f6tesine uzat\u0131lmas\u0131n\u0131 \u00f6nermektedir","datePublished":"2025-04-20T05:26:44+00:00","dateModified":"2025-04-20T05:27:09+00:00","mainEntityOfPage":{"@id":"https:\/\/memurunsesi.net\/index.php\/2025\/04\/20\/ukrayna-ateskesin-paskalya-bayraminin-otesine-uzatilmasini-onermektedir\/"},"wordCount":441,"commentCount":0,"publisher":{"@id":"https:\/\/memurunsesi.net\/#organization"},"image":{"@id":"https:\/\/memurunsesi.net\/index.php\/2025\/04\/20\/ukrayna-ateskesin-paskalya-bayraminin-otesine-uzatilmasini-onermektedir\/#primaryimage"},"thumbnailUrl":"https:\/\/memurunsesi.net\/wp-content\/uploads\/2025\/04\/AW436636_01-scaled.jpg","inLanguage":"tr","potentialAction":[{"@type":"CommentAction","name":"Comment","target":["https:\/\/memurunsesi.net\/index.php\/2025\/04\/20\/ukrayna-ateskesin-paskalya-bayraminin-otesine-uzatilmasini-onermektedir\/#respond"]}]},{"@type":"WebPage","@id":"https:\/\/memurunsesi.net\/index.php\/2025\/04\/20\/ukrayna-ateskesin-paskalya-bayraminin-otesine-uzatilmasini-onermektedir\/","url":"https:\/\/memurunsesi.net\/index.php\/2025\/04\/20\/ukrayna-ateskesin-paskalya-bayraminin-otesine-uzatilmasini-onermektedir\/","name":"Ukrayna ate\u015fkesin Paskalya Bayram\u0131\u2019n\u0131n \u00f6tesine uzat\u0131lmas\u0131n\u0131 \u00f6nermektedir - Memurun Sesi","isPartOf":{"@id":"https:\/\/memurunsesi.net\/#website"},"primaryImageOfPage":{"@id":"https:\/\/memurunsesi.net\/index.php\/2025\/04\/20\/ukrayna-ateskesin-paskalya-bayraminin-otesine-uzatilmasini-onermektedir\/#primaryimage"},"image":{"@id":"https:\/\/memurunsesi.net\/index.php\/2025\/04\/20\/ukrayna-ateskesin-paskalya-bayraminin-otesine-uzatilmasini-onermektedir\/#primaryimage"},"thumbnailUrl":"https:\/\/memurunsesi.net\/wp-content\/uploads\/2025\/04\/AW436636_01-scaled.jpg","datePublished":"2025-04-20T05:26:44+00:00","dateModified":"2025-04-20T05:27:09+00:00","breadcrumb":{"@id":"https:\/\/memurunsesi.net\/index.php\/2025\/04\/20\/ukrayna-ateskesin-paskalya-bayraminin-otesine-uzatilmasini-onermektedir\/#breadcrumb"},"inLanguage":"tr","potentialAction":[{"@type":"ReadAction","target":["https:\/\/memurunsesi.net\/index.php\/2025\/04\/20\/ukrayna-ateskesin-paskalya-bayraminin-otesine-uzatilmasini-onermektedir\/"]}]},{"@type":"ImageObject","inLanguage":"tr","@id":"https:\/\/memurunsesi.net\/index.php\/2025\/04\/20\/ukrayna-ateskesin-paskalya-bayraminin-otesine-uzatilmasini-onermektedir\/#primaryimage","url":"https:\/\/memurunsesi.net\/wp-content\/uploads\/2025\/04\/AW436636_01-scaled.jpg","contentUrl":"https:\/\/memurunsesi.net\/wp-content\/uploads\/2025\/04\/AW436636_01-scaled.jpg","width":2560,"height":1836,"caption":"epa12010044 Ukrainian President Volodymyr Zelensky addresses a press conference in Kyiv, Ukraine, 04 April 2025. Zelensky briefed journalists about a meeting held in Kyiv between military chiefs of France, Britain and Ukraine regarding the deployment of peacekeepers. EPA-EFE\/STRINGER"},{"@type":"BreadcrumbList","@id":"https:\/\/memurunsesi.net\/index.php\/2025\/04\/20\/ukrayna-ateskesin-paskalya-bayraminin-otesine-uzatilmasini-onermektedir\/#breadcrumb","itemListElement":[{"@type":"ListItem","position":1,"name":"Anasayfa","item":"https:\/\/memurunsesi.net\/"},{"@type":"ListItem","position":2,"name":"Ukrayna ate\u015fkesin Paskalya Bayram\u0131\u2019n\u0131n \u00f6tesine uzat\u0131lmas\u0131n\u0131 \u00f6nermektedir"}]},{"@type":"WebSite","@id":"https:\/\/memurunsesi.net\/#website","url":"https:\/\/memurunsesi.net\/","name":"Memurun Sesi","description":"G\u00fcncel ve Do\u011fru Haber","publisher":{"@id":"https:\/\/memurunsesi.net\/#organization"},"potentialAction":[{"@type":"SearchAction","target":{"@type":"EntryPoint","urlTemplate":"https:\/\/memurunsesi.net\/?s={search_term_string}"},"query-input":{"@type":"PropertyValueSpecification","valueRequired":true,"valueName":"search_term_string"}}],"inLanguage":"tr"},{"@type":"Organization","@id":"https:\/\/memurunsesi.net\/#organization","name":"Memurun Sesi","url":"https:\/\/memurunsesi.net\/","logo":{"@type":"ImageObject","inLanguage":"tr","@id":"https:\/\/memurunsesi.net\/#\/schema\/logo\/image\/","url":"https:\/\/memurunsesi.net\/wp-content\/uploads\/2025\/11\/cropped-MEMURUN-SESI.png","contentUrl":"https:\/\/memurunsesi.net\/wp-content\/uploads\/2025\/11\/cropped-MEMURUN-SESI.png","width":238,"height":57,"caption":"Memurun Sesi"},"image":{"@id":"https:\/\/memurunsesi.net\/#\/schema\/logo\/image\/"},"sameAs":["https:\/\/www.facebook.com\/unipersen\/?locale=tr_TR","https:\/\/x.com\/unipersen"]},{"@type":"Person","@id":"https:\/\/memurunsesi.net\/#\/schema\/person\/f21c2d73b89f6ee1d80b0a1803e38587","name":"Memurun Sesi Haber Merkezi","image":{"@type":"ImageObject","inLanguage":"tr","@id":"https:\/\/secure.gravatar.com\/avatar\/6cf0505f452ee753f485014986fab09a434671d2b919ee76fc541025c5876a70?s=96&d=mm&r=g","url":"https:\/\/secure.gravatar.com\/avatar\/6cf0505f452ee753f485014986fab09a434671d2b919ee76fc541025c5876a70?s=96&d=mm&r=g","contentUrl":"https:\/\/secure.gravatar.com\/avatar\/6cf0505f452ee753f485014986fab09a434671d2b919ee76fc541025c5876a70?s=96&d=mm&r=g","caption":"Memurun Sesi Haber Merkezi"},"sameAs":["https:\/\/memurunsesi.net"],"url":"https:\/\/memurunsesi.net\/index.php\/author\/uniper\/"}]}},"_links":{"self":[{"href":"https:\/\/memurunsesi.net\/index.php\/wp-json\/wp\/v2\/posts\/5640","targetHints":{"allow":["GET"]}}],"collection":[{"href":"https:\/\/memurunsesi.net\/index.php\/wp-json\/wp\/v2\/posts"}],"about":[{"href":"https:\/\/memurunsesi.net\/index.php\/wp-json\/wp\/v2\/types\/post"}],"author":[{"embeddable":true,"href":"https:\/\/memurunsesi.net\/index.php\/wp-json\/wp\/v2\/users\/1"}],"replies":[{"embeddable":true,"href":"https:\/\/memurunsesi.net\/index.php\/wp-json\/wp\/v2\/comments?post=5640"}],"version-history":[{"count":2,"href":"https:\/\/memurunsesi.net\/index.php\/wp-json\/wp\/v2\/posts\/5640\/revisions"}],"predecessor-version":[{"id":5643,"href":"https:\/\/memurunsesi.net\/index.php\/wp-json\/wp\/v2\/posts\/5640\/revisions\/5643"}],"wp:featuredmedia":[{"embeddable":true,"href":"https:\/\/memurunsesi.net\/index.php\/wp-json\/wp\/v2\/media\/5641"}],"wp:attachment":[{"href":"https:\/\/memurunsesi.net\/index.php\/wp-json\/wp\/v2\/media?parent=5640"}],"wp:term":[{"taxonomy":"category","embeddable":true,"href":"https:\/\/memurunsesi.net\/index.php\/wp-json\/wp\/v2\/categories?post=5640"},{"taxonomy":"post_tag","embeddable":true,"href":"https:\/\/memurunsesi.net\/index.php\/wp-json\/wp\/v2\/tags?post=5640"}],"curies":[{"name":"wp","href":"https:\/\/api.w.org\/{rel}","templated":true}]}}