{"id":5649,"date":"2025-04-20T08:55:02","date_gmt":"2025-04-20T05:55:02","guid":{"rendered":"https:\/\/memurunsesi.net\/?p=5649"},"modified":"2025-04-20T08:55:02","modified_gmt":"2025-04-20T05:55:02","slug":"canakkale-bogazi-sis-nedeniyle-transit-gemi-gecislerine-kapatildi","status":"publish","type":"post","link":"https:\/\/memurunsesi.net\/index.php\/2025\/04\/20\/canakkale-bogazi-sis-nedeniyle-transit-gemi-gecislerine-kapatildi\/","title":{"rendered":"\u00c7anakkale Bo\u011faz\u0131 sis nedeniyle transit gemi ge\u00e7i\u015flerine kapat\u0131ld\u0131"},"content":{"rendered":"<p>  \u00c7anakkale Bo\u011faz\u0131 yo\u011fun sis nedeniyle transit ge\u00e7i ge\u00e7i\u015flerine kapat\u0131ld\u0131.<br \/>\n\u00c7anakkale Bo\u011faz\u0131&#8217;nda etkisini art\u0131ran yo\u011fun sis, deniz ula\u015f\u0131m\u0131nda aksamalara neden oldu. G\u00f6r\u00fc\u015f mesafesinin d\u00fc\u015fmesi nedeniyle bo\u011faz saat 08.00 itibariyle \u00e7ift y\u00f6nl\u00fc transit gemi ge\u00e7i\u015flerine kapat\u0131ld\u0131. \u00c7anakkale Bo\u011faz\u0131 Gemi Trafik Hizmetleri M\u00fcd\u00fcrl\u00fc\u011f\u00fc yetkilileri, Kuzey ve G\u00fcney&#8217;den giri\u015f yapacak gemi kaptanlar\u0131n\u0131 telsizle uyar\u0131p bo\u011faz trafi\u011finin kapat\u0131ld\u0131\u011f\u0131n\u0131 duyurdu. Gemiler Marmara ve Ege Denizi giri\u015flerindeki demir b\u00f6lgelerinde beklemeye ba\u015flad\u0131.                                         <\/p>\n","protected":false},"excerpt":{"rendered":"<p>\u00c7anakkale Bo\u011faz\u0131 yo\u011fun sis nedeniyle transit ge\u00e7i ge\u00e7i\u015flerine kapat\u0131ld\u0131. \u00c7anakkale Bo\u011faz\u0131&#8217;nda etkisini art\u0131ran yo\u011fun sis, deniz ula\u015f\u0131m\u0131nda aksamalara neden oldu. G\u00f6r\u00fc\u015f mesafesinin d\u00fc\u015fmesi nedeniyle bo\u011faz saat 08.00 itibariyle \u00e7ift y\u00f6nl\u00fc transit gemi ge\u00e7i\u015flerine kapat\u0131ld\u0131. \u00c7anakkale Bo\u011faz\u0131 Gemi Trafik Hizmetleri M\u00fcd\u00fcrl\u00fc\u011f\u00fc yetkilileri, Kuzey ve G\u00fcney&#8217;den giri\u015f yapacak gemi kaptanlar\u0131n\u0131 telsizle uyar\u0131p bo\u011faz trafi\u011finin kapat\u0131ld\u0131\u011f\u0131n\u0131 duyurdu. Gemiler [&hellip;]<\/p>\n","protected":false},"author":1,"featured_media":0,"comment_status":"open","ping_status":"open","sticky":false,"template":"","format":"standard","meta":{"footnotes":""},"categories":[53],"tags":[],"class_list":["post-5649","post","type-post","status-publish","format-standard","hentry","category-video"],"yoast_head":"<!-- This site is optimized with the Yoast SEO plugin v27.4 - https:\/\/yoast.com\/product\/yoast-seo-wordpress\/ -->\n<title>\u00c7anakkale Bo\u011faz\u0131 sis nedeniyle transit gemi ge\u00e7i\u015flerine kapat\u0131ld\u0131 - Memurun Sesi<\/title>\n<meta name=\"robots\" content=\"index, follow, max-snippet:-1, max-image-preview:large, max-video-preview:-1\" \/>\n<link rel=\"canonical\" href=\"https:\/\/memurunsesi.net\/index.php\/2025\/04\/20\/canakkale-bogazi-sis-nedeniyle-transit-gemi-gecislerine-kapatildi\/\" \/>\n<meta property=\"og:locale\" content=\"tr_TR\" \/>\n<meta property=\"og:type\" content=\"article\" \/>\n<meta property=\"og:title\" content=\"\u00c7anakkale Bo\u011faz\u0131 sis nedeniyle transit gemi ge\u00e7i\u015flerine kapat\u0131ld\u0131 - Memurun Sesi\" \/>\n<meta property=\"og:description\" content=\"\u00c7anakkale Bo\u011faz\u0131 yo\u011fun sis nedeniyle transit ge\u00e7i ge\u00e7i\u015flerine kapat\u0131ld\u0131. \u00c7anakkale Bo\u011faz\u0131&#8217;nda etkisini art\u0131ran yo\u011fun sis, deniz ula\u015f\u0131m\u0131nda aksamalara neden oldu. G\u00f6r\u00fc\u015f mesafesinin d\u00fc\u015fmesi nedeniyle bo\u011faz saat 08.00 itibariyle \u00e7ift y\u00f6nl\u00fc transit gemi ge\u00e7i\u015flerine kapat\u0131ld\u0131. \u00c7anakkale Bo\u011faz\u0131 Gemi Trafik Hizmetleri M\u00fcd\u00fcrl\u00fc\u011f\u00fc yetkilileri, Kuzey ve G\u00fcney&#8217;den giri\u015f yapacak gemi kaptanlar\u0131n\u0131 telsizle uyar\u0131p bo\u011faz trafi\u011finin kapat\u0131ld\u0131\u011f\u0131n\u0131 duyurdu. Gemiler [&hellip;]\" \/>\n<meta property=\"og:url\" content=\"https:\/\/memurunsesi.net\/index.php\/2025\/04\/20\/canakkale-bogazi-sis-nedeniyle-transit-gemi-gecislerine-kapatildi\/\" \/>\n<meta property=\"og:site_name\" content=\"Memurun Sesi\" \/>\n<meta property=\"article:publisher\" content=\"https:\/\/www.facebook.com\/unipersen\/?locale=tr_TR\" \/>\n<meta property=\"article:published_time\" content=\"2025-04-20T05:55:02+00:00\" \/>\n<meta name=\"author\" content=\"Memurun Sesi Haber Merkezi\" \/>\n<meta name=\"twitter:card\" content=\"summary_large_image\" \/>\n<meta name=\"twitter:creator\" content=\"@unipersen\" \/>\n<meta name=\"twitter:site\" content=\"@unipersen\" \/>\n<meta name=\"twitter:label1\" content=\"Yazan:\" \/>\n\t<meta name=\"twitter:data1\" content=\"Memurun Sesi Haber Merkezi\" \/>\n\t<meta name=\"twitter:label2\" content=\"Tahmini okuma s\u00fcresi\" \/>\n\t<meta name=\"twitter:data2\" content=\"1 dakika\" \/>\n<script type=\"application\/ld+json\" class=\"yoast-schema-graph\">{\"@context\":\"https:\\\/\\\/schema.org\",\"@graph\":[{\"@type\":\"Article\",\"@id\":\"https:\\\/\\\/memurunsesi.net\\\/index.php\\\/2025\\\/04\\\/20\\\/canakkale-bogazi-sis-nedeniyle-transit-gemi-gecislerine-kapatildi\\\/#article\",\"isPartOf\":{\"@id\":\"https:\\\/\\\/memurunsesi.net\\\/index.php\\\/2025\\\/04\\\/20\\\/canakkale-bogazi-sis-nedeniyle-transit-gemi-gecislerine-kapatildi\\\/\"},\"author\":{\"name\":\"Memurun Sesi Haber Merkezi\",\"@id\":\"https:\\\/\\\/memurunsesi.net\\\/#\\\/schema\\\/person\\\/f21c2d73b89f6ee1d80b0a1803e38587\"},\"headline\":\"\u00c7anakkale Bo\u011faz\u0131 sis nedeniyle transit gemi ge\u00e7i\u015flerine kapat\u0131ld\u0131\",\"datePublished\":\"2025-04-20T05:55:02+00:00\",\"mainEntityOfPage\":{\"@id\":\"https:\\\/\\\/memurunsesi.net\\\/index.php\\\/2025\\\/04\\\/20\\\/canakkale-bogazi-sis-nedeniyle-transit-gemi-gecislerine-kapatildi\\\/\"},\"wordCount\":108,\"commentCount\":0,\"publisher\":{\"@id\":\"https:\\\/\\\/memurunsesi.net\\\/#organization\"},\"articleSection\":[\"Video\"],\"inLanguage\":\"tr\",\"potentialAction\":[{\"@type\":\"CommentAction\",\"name\":\"Comment\",\"target\":[\"https:\\\/\\\/memurunsesi.net\\\/index.php\\\/2025\\\/04\\\/20\\\/canakkale-bogazi-sis-nedeniyle-transit-gemi-gecislerine-kapatildi\\\/#respond\"]}]},{\"@type\":\"WebPage\",\"@id\":\"https:\\\/\\\/memurunsesi.net\\\/index.php\\\/2025\\\/04\\\/20\\\/canakkale-bogazi-sis-nedeniyle-transit-gemi-gecislerine-kapatildi\\\/\",\"url\":\"https:\\\/\\\/memurunsesi.net\\\/index.php\\\/2025\\\/04\\\/20\\\/canakkale-bogazi-sis-nedeniyle-transit-gemi-gecislerine-kapatildi\\\/\",\"name\":\"\u00c7anakkale Bo\u011faz\u0131 sis nedeniyle transit gemi ge\u00e7i\u015flerine kapat\u0131ld\u0131 - Memurun Sesi\",\"isPartOf\":{\"@id\":\"https:\\\/\\\/memurunsesi.net\\\/#website\"},\"datePublished\":\"2025-04-20T05:55:02+00:00\",\"breadcrumb\":{\"@id\":\"https:\\\/\\\/memurunsesi.net\\\/index.php\\\/2025\\\/04\\\/20\\\/canakkale-bogazi-sis-nedeniyle-transit-gemi-gecislerine-kapatildi\\\/#breadcrumb\"},\"inLanguage\":\"tr\",\"potentialAction\":[{\"@type\":\"ReadAction\",\"target\":[\"https:\\\/\\\/memurunsesi.net\\\/index.php\\\/2025\\\/04\\\/20\\\/canakkale-bogazi-sis-nedeniyle-transit-gemi-gecislerine-kapatildi\\\/\"]}]},{\"@type\":\"BreadcrumbList\",\"@id\":\"https:\\\/\\\/memurunsesi.net\\\/index.php\\\/2025\\\/04\\\/20\\\/canakkale-bogazi-sis-nedeniyle-transit-gemi-gecislerine-kapatildi\\\/#breadcrumb\",\"itemListElement\":[{\"@type\":\"ListItem\",\"position\":1,\"name\":\"Anasayfa\",\"item\":\"https:\\\/\\\/memurunsesi.net\\\/\"},{\"@type\":\"ListItem\",\"position\":2,\"name\":\"\u00c7anakkale Bo\u011faz\u0131 sis nedeniyle transit gemi ge\u00e7i\u015flerine kapat\u0131ld\u0131\"}]},{\"@type\":\"WebSite\",\"@id\":\"https:\\\/\\\/memurunsesi.net\\\/#website\",\"url\":\"https:\\\/\\\/memurunsesi.net\\\/\",\"name\":\"Memurun Sesi\",\"description\":\"G\u00fcncel ve Do\u011fru Haber\",\"publisher\":{\"@id\":\"https:\\\/\\\/memurunsesi.net\\\/#organization\"},\"potentialAction\":[{\"@type\":\"SearchAction\",\"target\":{\"@type\":\"EntryPoint\",\"urlTemplate\":\"https:\\\/\\\/memurunsesi.net\\\/?s={search_term_string}\"},\"query-input\":{\"@type\":\"PropertyValueSpecification\",\"valueRequired\":true,\"valueName\":\"search_term_string\"}}],\"inLanguage\":\"tr\"},{\"@type\":\"Organization\",\"@id\":\"https:\\\/\\\/memurunsesi.net\\\/#organization\",\"name\":\"Memurun Sesi\",\"url\":\"https:\\\/\\\/memurunsesi.net\\\/\",\"logo\":{\"@type\":\"ImageObject\",\"inLanguage\":\"tr\",\"@id\":\"https:\\\/\\\/memurunsesi.net\\\/#\\\/schema\\\/logo\\\/image\\\/\",\"url\":\"https:\\\/\\\/memurunsesi.net\\\/wp-content\\\/uploads\\\/2025\\\/11\\\/cropped-MEMURUN-SESI.png\",\"contentUrl\":\"https:\\\/\\\/memurunsesi.net\\\/wp-content\\\/uploads\\\/2025\\\/11\\\/cropped-MEMURUN-SESI.png\",\"width\":238,\"height\":57,\"caption\":\"Memurun Sesi\"},\"image\":{\"@id\":\"https:\\\/\\\/memurunsesi.net\\\/#\\\/schema\\\/logo\\\/image\\\/\"},\"sameAs\":[\"https:\\\/\\\/www.facebook.com\\\/unipersen\\\/?locale=tr_TR\",\"https:\\\/\\\/x.com\\\/unipersen\"]},{\"@type\":\"Person\",\"@id\":\"https:\\\/\\\/memurunsesi.net\\\/#\\\/schema\\\/person\\\/f21c2d73b89f6ee1d80b0a1803e38587\",\"name\":\"Memurun Sesi Haber Merkezi\",\"image\":{\"@type\":\"ImageObject\",\"inLanguage\":\"tr\",\"@id\":\"https:\\\/\\\/secure.gravatar.com\\\/avatar\\\/6cf0505f452ee753f485014986fab09a434671d2b919ee76fc541025c5876a70?s=96&d=mm&r=g\",\"url\":\"https:\\\/\\\/secure.gravatar.com\\\/avatar\\\/6cf0505f452ee753f485014986fab09a434671d2b919ee76fc541025c5876a70?s=96&d=mm&r=g\",\"contentUrl\":\"https:\\\/\\\/secure.gravatar.com\\\/avatar\\\/6cf0505f452ee753f485014986fab09a434671d2b919ee76fc541025c5876a70?s=96&d=mm&r=g\",\"caption\":\"Memurun Sesi Haber Merkezi\"},\"sameAs\":[\"https:\\\/\\\/memurunsesi.net\"],\"url\":\"https:\\\/\\\/memurunsesi.net\\\/index.php\\\/author\\\/uniper\\\/\"}]}<\/script>\n<!-- \/ Yoast SEO plugin. -->","yoast_head_json":{"title":"\u00c7anakkale Bo\u011faz\u0131 sis nedeniyle transit gemi ge\u00e7i\u015flerine kapat\u0131ld\u0131 - Memurun Sesi","robots":{"index":"index","follow":"follow","max-snippet":"max-snippet:-1","max-image-preview":"max-image-preview:large","max-video-preview":"max-video-preview:-1"},"canonical":"https:\/\/memurunsesi.net\/index.php\/2025\/04\/20\/canakkale-bogazi-sis-nedeniyle-transit-gemi-gecislerine-kapatildi\/","og_locale":"tr_TR","og_type":"article","og_title":"\u00c7anakkale Bo\u011faz\u0131 sis nedeniyle transit gemi ge\u00e7i\u015flerine kapat\u0131ld\u0131 - Memurun Sesi","og_description":"\u00c7anakkale Bo\u011faz\u0131 yo\u011fun sis nedeniyle transit ge\u00e7i ge\u00e7i\u015flerine kapat\u0131ld\u0131. \u00c7anakkale Bo\u011faz\u0131&#8217;nda etkisini art\u0131ran yo\u011fun sis, deniz ula\u015f\u0131m\u0131nda aksamalara neden oldu. G\u00f6r\u00fc\u015f mesafesinin d\u00fc\u015fmesi nedeniyle bo\u011faz saat 08.00 itibariyle \u00e7ift y\u00f6nl\u00fc transit gemi ge\u00e7i\u015flerine kapat\u0131ld\u0131. \u00c7anakkale Bo\u011faz\u0131 Gemi Trafik Hizmetleri M\u00fcd\u00fcrl\u00fc\u011f\u00fc yetkilileri, Kuzey ve G\u00fcney&#8217;den giri\u015f yapacak gemi kaptanlar\u0131n\u0131 telsizle uyar\u0131p bo\u011faz trafi\u011finin kapat\u0131ld\u0131\u011f\u0131n\u0131 duyurdu. Gemiler [&hellip;]","og_url":"https:\/\/memurunsesi.net\/index.php\/2025\/04\/20\/canakkale-bogazi-sis-nedeniyle-transit-gemi-gecislerine-kapatildi\/","og_site_name":"Memurun Sesi","article_publisher":"https:\/\/www.facebook.com\/unipersen\/?locale=tr_TR","article_published_time":"2025-04-20T05:55:02+00:00","author":"Memurun Sesi Haber Merkezi","twitter_card":"summary_large_image","twitter_creator":"@unipersen","twitter_site":"@unipersen","twitter_misc":{"Yazan:":"Memurun Sesi Haber Merkezi","Tahmini okuma s\u00fcresi":"1 dakika"},"schema":{"@context":"https:\/\/schema.org","@graph":[{"@type":"Article","@id":"https:\/\/memurunsesi.net\/index.php\/2025\/04\/20\/canakkale-bogazi-sis-nedeniyle-transit-gemi-gecislerine-kapatildi\/#article","isPartOf":{"@id":"https:\/\/memurunsesi.net\/index.php\/2025\/04\/20\/canakkale-bogazi-sis-nedeniyle-transit-gemi-gecislerine-kapatildi\/"},"author":{"name":"Memurun Sesi Haber Merkezi","@id":"https:\/\/memurunsesi.net\/#\/schema\/person\/f21c2d73b89f6ee1d80b0a1803e38587"},"headline":"\u00c7anakkale Bo\u011faz\u0131 sis nedeniyle transit gemi ge\u00e7i\u015flerine kapat\u0131ld\u0131","datePublished":"2025-04-20T05:55:02+00:00","mainEntityOfPage":{"@id":"https:\/\/memurunsesi.net\/index.php\/2025\/04\/20\/canakkale-bogazi-sis-nedeniyle-transit-gemi-gecislerine-kapatildi\/"},"wordCount":108,"commentCount":0,"publisher":{"@id":"https:\/\/memurunsesi.net\/#organization"},"articleSection":["Video"],"inLanguage":"tr","potentialAction":[{"@type":"CommentAction","name":"Comment","target":["https:\/\/memurunsesi.net\/index.php\/2025\/04\/20\/canakkale-bogazi-sis-nedeniyle-transit-gemi-gecislerine-kapatildi\/#respond"]}]},{"@type":"WebPage","@id":"https:\/\/memurunsesi.net\/index.php\/2025\/04\/20\/canakkale-bogazi-sis-nedeniyle-transit-gemi-gecislerine-kapatildi\/","url":"https:\/\/memurunsesi.net\/index.php\/2025\/04\/20\/canakkale-bogazi-sis-nedeniyle-transit-gemi-gecislerine-kapatildi\/","name":"\u00c7anakkale Bo\u011faz\u0131 sis nedeniyle transit gemi ge\u00e7i\u015flerine kapat\u0131ld\u0131 - Memurun Sesi","isPartOf":{"@id":"https:\/\/memurunsesi.net\/#website"},"datePublished":"2025-04-20T05:55:02+00:00","breadcrumb":{"@id":"https:\/\/memurunsesi.net\/index.php\/2025\/04\/20\/canakkale-bogazi-sis-nedeniyle-transit-gemi-gecislerine-kapatildi\/#breadcrumb"},"inLanguage":"tr","potentialAction":[{"@type":"ReadAction","target":["https:\/\/memurunsesi.net\/index.php\/2025\/04\/20\/canakkale-bogazi-sis-nedeniyle-transit-gemi-gecislerine-kapatildi\/"]}]},{"@type":"BreadcrumbList","@id":"https:\/\/memurunsesi.net\/index.php\/2025\/04\/20\/canakkale-bogazi-sis-nedeniyle-transit-gemi-gecislerine-kapatildi\/#breadcrumb","itemListElement":[{"@type":"ListItem","position":1,"name":"Anasayfa","item":"https:\/\/memurunsesi.net\/"},{"@type":"ListItem","position":2,"name":"\u00c7anakkale Bo\u011faz\u0131 sis nedeniyle transit gemi ge\u00e7i\u015flerine kapat\u0131ld\u0131"}]},{"@type":"WebSite","@id":"https:\/\/memurunsesi.net\/#website","url":"https:\/\/memurunsesi.net\/","name":"Memurun Sesi","description":"G\u00fcncel ve Do\u011fru Haber","publisher":{"@id":"https:\/\/memurunsesi.net\/#organization"},"potentialAction":[{"@type":"SearchAction","target":{"@type":"EntryPoint","urlTemplate":"https:\/\/memurunsesi.net\/?s={search_term_string}"},"query-input":{"@type":"PropertyValueSpecification","valueRequired":true,"valueName":"search_term_string"}}],"inLanguage":"tr"},{"@type":"Organization","@id":"https:\/\/memurunsesi.net\/#organization","name":"Memurun Sesi","url":"https:\/\/memurunsesi.net\/","logo":{"@type":"ImageObject","inLanguage":"tr","@id":"https:\/\/memurunsesi.net\/#\/schema\/logo\/image\/","url":"https:\/\/memurunsesi.net\/wp-content\/uploads\/2025\/11\/cropped-MEMURUN-SESI.png","contentUrl":"https:\/\/memurunsesi.net\/wp-content\/uploads\/2025\/11\/cropped-MEMURUN-SESI.png","width":238,"height":57,"caption":"Memurun Sesi"},"image":{"@id":"https:\/\/memurunsesi.net\/#\/schema\/logo\/image\/"},"sameAs":["https:\/\/www.facebook.com\/unipersen\/?locale=tr_TR","https:\/\/x.com\/unipersen"]},{"@type":"Person","@id":"https:\/\/memurunsesi.net\/#\/schema\/person\/f21c2d73b89f6ee1d80b0a1803e38587","name":"Memurun Sesi Haber Merkezi","image":{"@type":"ImageObject","inLanguage":"tr","@id":"https:\/\/secure.gravatar.com\/avatar\/6cf0505f452ee753f485014986fab09a434671d2b919ee76fc541025c5876a70?s=96&d=mm&r=g","url":"https:\/\/secure.gravatar.com\/avatar\/6cf0505f452ee753f485014986fab09a434671d2b919ee76fc541025c5876a70?s=96&d=mm&r=g","contentUrl":"https:\/\/secure.gravatar.com\/avatar\/6cf0505f452ee753f485014986fab09a434671d2b919ee76fc541025c5876a70?s=96&d=mm&r=g","caption":"Memurun Sesi Haber Merkezi"},"sameAs":["https:\/\/memurunsesi.net"],"url":"https:\/\/memurunsesi.net\/index.php\/author\/uniper\/"}]}},"_links":{"self":[{"href":"https:\/\/memurunsesi.net\/index.php\/wp-json\/wp\/v2\/posts\/5649","targetHints":{"allow":["GET"]}}],"collection":[{"href":"https:\/\/memurunsesi.net\/index.php\/wp-json\/wp\/v2\/posts"}],"about":[{"href":"https:\/\/memurunsesi.net\/index.php\/wp-json\/wp\/v2\/types\/post"}],"author":[{"embeddable":true,"href":"https:\/\/memurunsesi.net\/index.php\/wp-json\/wp\/v2\/users\/1"}],"replies":[{"embeddable":true,"href":"https:\/\/memurunsesi.net\/index.php\/wp-json\/wp\/v2\/comments?post=5649"}],"version-history":[{"count":1,"href":"https:\/\/memurunsesi.net\/index.php\/wp-json\/wp\/v2\/posts\/5649\/revisions"}],"predecessor-version":[{"id":5651,"href":"https:\/\/memurunsesi.net\/index.php\/wp-json\/wp\/v2\/posts\/5649\/revisions\/5651"}],"wp:attachment":[{"href":"https:\/\/memurunsesi.net\/index.php\/wp-json\/wp\/v2\/media?parent=5649"}],"wp:term":[{"taxonomy":"category","embeddable":true,"href":"https:\/\/memurunsesi.net\/index.php\/wp-json\/wp\/v2\/categories?post=5649"},{"taxonomy":"post_tag","embeddable":true,"href":"https:\/\/memurunsesi.net\/index.php\/wp-json\/wp\/v2\/tags?post=5649"}],"curies":[{"name":"wp","href":"https:\/\/api.w.org\/{rel}","templated":true}]}}