{"id":5652,"date":"2025-04-20T09:23:11","date_gmt":"2025-04-20T06:23:11","guid":{"rendered":"https:\/\/memurunsesi.net\/?p=5652"},"modified":"2025-04-20T09:23:11","modified_gmt":"2025-04-20T06:23:11","slug":"kadinlar-el-sanatlari-kursunda-hem-sosyallesiyor-hem-de-ogreniyor","status":"publish","type":"post","link":"https:\/\/memurunsesi.net\/index.php\/2025\/04\/20\/kadinlar-el-sanatlari-kursunda-hem-sosyallesiyor-hem-de-ogreniyor\/","title":{"rendered":"Kad\u0131nlar el sanatlar\u0131 kursunda hem sosyalle\u015fiyor hem de \u00f6\u011freniyor"},"content":{"rendered":"<p>\n   Elaz\u0131\u011f&#8217;da kad\u0131nlar, Halk E\u011fitim Merkezi M\u00fcd\u00fcrl\u00fc\u011f\u00fc taraf\u0131ndan a\u00e7\u0131lan El Sanatlar\u0131 Kursu&#8217;nda bir yandan sosyalle\u015firken bir yandan da \u00f6\u011freniyor.<br \/>\n  Elaz\u0131\u011f Halk E\u011fitim Merkezi M\u00fcd\u00fcrl\u00fc\u011f\u00fc, y\u0131l i\u00e7erisinde a\u00e7t\u0131\u011f\u0131 binlerce kursta y\u00fczbinlerce insana e\u011fitim veriyor. T\u00fcm talepleri de\u011ferlendiren ve mahalle mahalle kurslar a\u00e7an Halk E\u011fitim Merkezi, \u00f6zellikle kad\u0131nlar\u0131n yan\u0131nda olmaya devam ediyor. Bu \u00e7er\u00e7evede a\u00e7\u0131lan El Sanatlar\u0131 Kursu, yo\u011fun ilgi g\u00f6r\u00fcyor. Kursa kat\u0131lan kad\u0131nlar bir yandan sosyalle\u015firken bir yandan da el i\u015fi \u00f6\u011freniyor. Tel k\u0131rma, \u00f6rg\u00fc, epoksi olmak \u00fczere bir\u00e7ok \u00fcr\u00fcn yapan kursiyerler, ayn\u0131 zamanda bunlar\u0131 satarak aile ekonomilerine katk\u0131 da sa\u011fl\u0131yor.<br \/>\n  Kurs hakk\u0131nda bilgi veren usta \u00f6\u011fretici Mesude Kartal, &#8220;Kursumuzda her \u00fcr\u00fcn yap\u0131l\u0131yor. Bu sene epoksi yap\u0131yoruz. Anahtarl\u0131klar yap\u0131yoruz. Tel k\u0131rma, \u00e7anta, \u00f6rg\u00fcler yap\u0131l\u0131yor. 10 tane \u00f6\u011frencim var. Burada \u00f6\u011frencilerimiz isteklerine y\u00f6nelik \u00e7al\u0131\u015f\u0131yor. Zamanlar\u0131n\u0131 de\u011ferlendiriyorlar. Evden uzakla\u015f\u0131p burada stres at\u0131yorlar. Keyifli zaman ge\u00e7iriyorlar. Taleplerine y\u00f6nelik \u00fcr\u00fcnler \u00fczerinde \u00e7al\u0131\u015f\u0131yoruz. Yapt\u0131klar\u0131 \u00e7antalardan sipari\u015f al\u0131yorlar. Hatta yurt d\u0131\u015f\u0131na bile satt\u0131klar\u0131 olmu\u015ftur. Bu \u015fekilde kendilerine ve ailelerine maddi katk\u0131da sa\u011flam\u0131\u015f oluyorlar&#8221; dedi.<br \/>\n  Bir  y\u0131ld\u0131r kursa geldi\u011fini aktaran kursiyerlerden Song\u00fcl Barut,  &#8220;El sanatlar\u0131yla ilgili tel k\u0131rma, \u00f6rg\u00fc, \u00e7anta gibi \u00fcr\u00fcnler yap\u0131yoruz. Bende bo\u015f vakitlerimi kurs da de\u011ferlendiriyorum. Ayn\u0131 zamanda sosyalle\u015fiyor ve arkada\u015f ediniyoruz&#8221; diye konu\u015ftu.<br \/>\n 20.04.2025                                      <\/p>\n","protected":false},"excerpt":{"rendered":"<p>Elaz\u0131\u011f&#8217;da kad\u0131nlar, Halk E\u011fitim Merkezi M\u00fcd\u00fcrl\u00fc\u011f\u00fc taraf\u0131ndan a\u00e7\u0131lan El Sanatlar\u0131 Kursu&#8217;nda bir yandan sosyalle\u015firken bir yandan da \u00f6\u011freniyor. Elaz\u0131\u011f Halk E\u011fitim Merkezi M\u00fcd\u00fcrl\u00fc\u011f\u00fc, y\u0131l i\u00e7erisinde a\u00e7t\u0131\u011f\u0131 binlerce kursta y\u00fczbinlerce insana e\u011fitim veriyor. T\u00fcm talepleri de\u011ferlendiren ve mahalle mahalle kurslar a\u00e7an Halk E\u011fitim Merkezi, \u00f6zellikle kad\u0131nlar\u0131n yan\u0131nda olmaya devam ediyor. Bu \u00e7er\u00e7evede a\u00e7\u0131lan El Sanatlar\u0131 Kursu, [&hellip;]<\/p>\n","protected":false},"author":1,"featured_media":0,"comment_status":"open","ping_status":"open","sticky":false,"template":"","format":"standard","meta":{"footnotes":""},"categories":[50],"tags":[],"class_list":["post-5652","post","type-post","status-publish","format-standard","hentry","category-tum-haberler"],"yoast_head":"<!-- This site is optimized with the Yoast SEO plugin v27.4 - https:\/\/yoast.com\/product\/yoast-seo-wordpress\/ -->\n<title>Kad\u0131nlar el sanatlar\u0131 kursunda hem sosyalle\u015fiyor hem de \u00f6\u011freniyor - Memurun Sesi<\/title>\n<meta name=\"robots\" content=\"index, follow, max-snippet:-1, max-image-preview:large, max-video-preview:-1\" \/>\n<link rel=\"canonical\" href=\"https:\/\/memurunsesi.net\/index.php\/2025\/04\/20\/kadinlar-el-sanatlari-kursunda-hem-sosyallesiyor-hem-de-ogreniyor\/\" \/>\n<meta property=\"og:locale\" content=\"tr_TR\" \/>\n<meta property=\"og:type\" content=\"article\" \/>\n<meta property=\"og:title\" content=\"Kad\u0131nlar el sanatlar\u0131 kursunda hem sosyalle\u015fiyor hem de \u00f6\u011freniyor - Memurun Sesi\" \/>\n<meta property=\"og:description\" content=\"Elaz\u0131\u011f&#8217;da kad\u0131nlar, Halk E\u011fitim Merkezi M\u00fcd\u00fcrl\u00fc\u011f\u00fc taraf\u0131ndan a\u00e7\u0131lan El Sanatlar\u0131 Kursu&#8217;nda bir yandan sosyalle\u015firken bir yandan da \u00f6\u011freniyor. Elaz\u0131\u011f Halk E\u011fitim Merkezi M\u00fcd\u00fcrl\u00fc\u011f\u00fc, y\u0131l i\u00e7erisinde a\u00e7t\u0131\u011f\u0131 binlerce kursta y\u00fczbinlerce insana e\u011fitim veriyor. T\u00fcm talepleri de\u011ferlendiren ve mahalle mahalle kurslar a\u00e7an Halk E\u011fitim Merkezi, \u00f6zellikle kad\u0131nlar\u0131n yan\u0131nda olmaya devam ediyor. Bu \u00e7er\u00e7evede a\u00e7\u0131lan El Sanatlar\u0131 Kursu, [&hellip;]\" \/>\n<meta property=\"og:url\" content=\"https:\/\/memurunsesi.net\/index.php\/2025\/04\/20\/kadinlar-el-sanatlari-kursunda-hem-sosyallesiyor-hem-de-ogreniyor\/\" \/>\n<meta property=\"og:site_name\" content=\"Memurun Sesi\" \/>\n<meta property=\"article:publisher\" content=\"https:\/\/www.facebook.com\/unipersen\/?locale=tr_TR\" \/>\n<meta property=\"article:published_time\" content=\"2025-04-20T06:23:11+00:00\" \/>\n<meta name=\"author\" content=\"Memurun Sesi Haber Merkezi\" \/>\n<meta name=\"twitter:card\" content=\"summary_large_image\" \/>\n<meta name=\"twitter:creator\" content=\"@unipersen\" \/>\n<meta name=\"twitter:site\" content=\"@unipersen\" \/>\n<meta name=\"twitter:label1\" content=\"Yazan:\" \/>\n\t<meta name=\"twitter:data1\" content=\"Memurun Sesi Haber Merkezi\" \/>\n\t<meta name=\"twitter:label2\" content=\"Tahmini okuma s\u00fcresi\" \/>\n\t<meta name=\"twitter:data2\" content=\"1 dakika\" \/>\n<script type=\"application\/ld+json\" class=\"yoast-schema-graph\">{\"@context\":\"https:\\\/\\\/schema.org\",\"@graph\":[{\"@type\":\"Article\",\"@id\":\"https:\\\/\\\/memurunsesi.net\\\/index.php\\\/2025\\\/04\\\/20\\\/kadinlar-el-sanatlari-kursunda-hem-sosyallesiyor-hem-de-ogreniyor\\\/#article\",\"isPartOf\":{\"@id\":\"https:\\\/\\\/memurunsesi.net\\\/index.php\\\/2025\\\/04\\\/20\\\/kadinlar-el-sanatlari-kursunda-hem-sosyallesiyor-hem-de-ogreniyor\\\/\"},\"author\":{\"name\":\"Memurun Sesi Haber Merkezi\",\"@id\":\"https:\\\/\\\/memurunsesi.net\\\/#\\\/schema\\\/person\\\/f21c2d73b89f6ee1d80b0a1803e38587\"},\"headline\":\"Kad\u0131nlar el sanatlar\u0131 kursunda hem sosyalle\u015fiyor hem de \u00f6\u011freniyor\",\"datePublished\":\"2025-04-20T06:23:11+00:00\",\"mainEntityOfPage\":{\"@id\":\"https:\\\/\\\/memurunsesi.net\\\/index.php\\\/2025\\\/04\\\/20\\\/kadinlar-el-sanatlari-kursunda-hem-sosyallesiyor-hem-de-ogreniyor\\\/\"},\"wordCount\":275,\"commentCount\":0,\"publisher\":{\"@id\":\"https:\\\/\\\/memurunsesi.net\\\/#organization\"},\"articleSection\":[\"T\u00fcm Haberler\"],\"inLanguage\":\"tr\",\"potentialAction\":[{\"@type\":\"CommentAction\",\"name\":\"Comment\",\"target\":[\"https:\\\/\\\/memurunsesi.net\\\/index.php\\\/2025\\\/04\\\/20\\\/kadinlar-el-sanatlari-kursunda-hem-sosyallesiyor-hem-de-ogreniyor\\\/#respond\"]}]},{\"@type\":\"WebPage\",\"@id\":\"https:\\\/\\\/memurunsesi.net\\\/index.php\\\/2025\\\/04\\\/20\\\/kadinlar-el-sanatlari-kursunda-hem-sosyallesiyor-hem-de-ogreniyor\\\/\",\"url\":\"https:\\\/\\\/memurunsesi.net\\\/index.php\\\/2025\\\/04\\\/20\\\/kadinlar-el-sanatlari-kursunda-hem-sosyallesiyor-hem-de-ogreniyor\\\/\",\"name\":\"Kad\u0131nlar el sanatlar\u0131 kursunda hem sosyalle\u015fiyor hem de \u00f6\u011freniyor - Memurun Sesi\",\"isPartOf\":{\"@id\":\"https:\\\/\\\/memurunsesi.net\\\/#website\"},\"datePublished\":\"2025-04-20T06:23:11+00:00\",\"breadcrumb\":{\"@id\":\"https:\\\/\\\/memurunsesi.net\\\/index.php\\\/2025\\\/04\\\/20\\\/kadinlar-el-sanatlari-kursunda-hem-sosyallesiyor-hem-de-ogreniyor\\\/#breadcrumb\"},\"inLanguage\":\"tr\",\"potentialAction\":[{\"@type\":\"ReadAction\",\"target\":[\"https:\\\/\\\/memurunsesi.net\\\/index.php\\\/2025\\\/04\\\/20\\\/kadinlar-el-sanatlari-kursunda-hem-sosyallesiyor-hem-de-ogreniyor\\\/\"]}]},{\"@type\":\"BreadcrumbList\",\"@id\":\"https:\\\/\\\/memurunsesi.net\\\/index.php\\\/2025\\\/04\\\/20\\\/kadinlar-el-sanatlari-kursunda-hem-sosyallesiyor-hem-de-ogreniyor\\\/#breadcrumb\",\"itemListElement\":[{\"@type\":\"ListItem\",\"position\":1,\"name\":\"Anasayfa\",\"item\":\"https:\\\/\\\/memurunsesi.net\\\/\"},{\"@type\":\"ListItem\",\"position\":2,\"name\":\"Kad\u0131nlar el sanatlar\u0131 kursunda hem sosyalle\u015fiyor hem de \u00f6\u011freniyor\"}]},{\"@type\":\"WebSite\",\"@id\":\"https:\\\/\\\/memurunsesi.net\\\/#website\",\"url\":\"https:\\\/\\\/memurunsesi.net\\\/\",\"name\":\"Memurun Sesi\",\"description\":\"G\u00fcncel ve Do\u011fru Haber\",\"publisher\":{\"@id\":\"https:\\\/\\\/memurunsesi.net\\\/#organization\"},\"potentialAction\":[{\"@type\":\"SearchAction\",\"target\":{\"@type\":\"EntryPoint\",\"urlTemplate\":\"https:\\\/\\\/memurunsesi.net\\\/?s={search_term_string}\"},\"query-input\":{\"@type\":\"PropertyValueSpecification\",\"valueRequired\":true,\"valueName\":\"search_term_string\"}}],\"inLanguage\":\"tr\"},{\"@type\":\"Organization\",\"@id\":\"https:\\\/\\\/memurunsesi.net\\\/#organization\",\"name\":\"Memurun Sesi\",\"url\":\"https:\\\/\\\/memurunsesi.net\\\/\",\"logo\":{\"@type\":\"ImageObject\",\"inLanguage\":\"tr\",\"@id\":\"https:\\\/\\\/memurunsesi.net\\\/#\\\/schema\\\/logo\\\/image\\\/\",\"url\":\"https:\\\/\\\/memurunsesi.net\\\/wp-content\\\/uploads\\\/2025\\\/11\\\/cropped-MEMURUN-SESI.png\",\"contentUrl\":\"https:\\\/\\\/memurunsesi.net\\\/wp-content\\\/uploads\\\/2025\\\/11\\\/cropped-MEMURUN-SESI.png\",\"width\":238,\"height\":57,\"caption\":\"Memurun Sesi\"},\"image\":{\"@id\":\"https:\\\/\\\/memurunsesi.net\\\/#\\\/schema\\\/logo\\\/image\\\/\"},\"sameAs\":[\"https:\\\/\\\/www.facebook.com\\\/unipersen\\\/?locale=tr_TR\",\"https:\\\/\\\/x.com\\\/unipersen\"]},{\"@type\":\"Person\",\"@id\":\"https:\\\/\\\/memurunsesi.net\\\/#\\\/schema\\\/person\\\/f21c2d73b89f6ee1d80b0a1803e38587\",\"name\":\"Memurun Sesi Haber Merkezi\",\"image\":{\"@type\":\"ImageObject\",\"inLanguage\":\"tr\",\"@id\":\"https:\\\/\\\/secure.gravatar.com\\\/avatar\\\/6cf0505f452ee753f485014986fab09a434671d2b919ee76fc541025c5876a70?s=96&d=mm&r=g\",\"url\":\"https:\\\/\\\/secure.gravatar.com\\\/avatar\\\/6cf0505f452ee753f485014986fab09a434671d2b919ee76fc541025c5876a70?s=96&d=mm&r=g\",\"contentUrl\":\"https:\\\/\\\/secure.gravatar.com\\\/avatar\\\/6cf0505f452ee753f485014986fab09a434671d2b919ee76fc541025c5876a70?s=96&d=mm&r=g\",\"caption\":\"Memurun Sesi Haber Merkezi\"},\"sameAs\":[\"https:\\\/\\\/memurunsesi.net\"],\"url\":\"https:\\\/\\\/memurunsesi.net\\\/index.php\\\/author\\\/uniper\\\/\"}]}<\/script>\n<!-- \/ Yoast SEO plugin. -->","yoast_head_json":{"title":"Kad\u0131nlar el sanatlar\u0131 kursunda hem sosyalle\u015fiyor hem de \u00f6\u011freniyor - Memurun Sesi","robots":{"index":"index","follow":"follow","max-snippet":"max-snippet:-1","max-image-preview":"max-image-preview:large","max-video-preview":"max-video-preview:-1"},"canonical":"https:\/\/memurunsesi.net\/index.php\/2025\/04\/20\/kadinlar-el-sanatlari-kursunda-hem-sosyallesiyor-hem-de-ogreniyor\/","og_locale":"tr_TR","og_type":"article","og_title":"Kad\u0131nlar el sanatlar\u0131 kursunda hem sosyalle\u015fiyor hem de \u00f6\u011freniyor - Memurun Sesi","og_description":"Elaz\u0131\u011f&#8217;da kad\u0131nlar, Halk E\u011fitim Merkezi M\u00fcd\u00fcrl\u00fc\u011f\u00fc taraf\u0131ndan a\u00e7\u0131lan El Sanatlar\u0131 Kursu&#8217;nda bir yandan sosyalle\u015firken bir yandan da \u00f6\u011freniyor. Elaz\u0131\u011f Halk E\u011fitim Merkezi M\u00fcd\u00fcrl\u00fc\u011f\u00fc, y\u0131l i\u00e7erisinde a\u00e7t\u0131\u011f\u0131 binlerce kursta y\u00fczbinlerce insana e\u011fitim veriyor. T\u00fcm talepleri de\u011ferlendiren ve mahalle mahalle kurslar a\u00e7an Halk E\u011fitim Merkezi, \u00f6zellikle kad\u0131nlar\u0131n yan\u0131nda olmaya devam ediyor. Bu \u00e7er\u00e7evede a\u00e7\u0131lan El Sanatlar\u0131 Kursu, [&hellip;]","og_url":"https:\/\/memurunsesi.net\/index.php\/2025\/04\/20\/kadinlar-el-sanatlari-kursunda-hem-sosyallesiyor-hem-de-ogreniyor\/","og_site_name":"Memurun Sesi","article_publisher":"https:\/\/www.facebook.com\/unipersen\/?locale=tr_TR","article_published_time":"2025-04-20T06:23:11+00:00","author":"Memurun Sesi Haber Merkezi","twitter_card":"summary_large_image","twitter_creator":"@unipersen","twitter_site":"@unipersen","twitter_misc":{"Yazan:":"Memurun Sesi Haber Merkezi","Tahmini okuma s\u00fcresi":"1 dakika"},"schema":{"@context":"https:\/\/schema.org","@graph":[{"@type":"Article","@id":"https:\/\/memurunsesi.net\/index.php\/2025\/04\/20\/kadinlar-el-sanatlari-kursunda-hem-sosyallesiyor-hem-de-ogreniyor\/#article","isPartOf":{"@id":"https:\/\/memurunsesi.net\/index.php\/2025\/04\/20\/kadinlar-el-sanatlari-kursunda-hem-sosyallesiyor-hem-de-ogreniyor\/"},"author":{"name":"Memurun Sesi Haber Merkezi","@id":"https:\/\/memurunsesi.net\/#\/schema\/person\/f21c2d73b89f6ee1d80b0a1803e38587"},"headline":"Kad\u0131nlar el sanatlar\u0131 kursunda hem sosyalle\u015fiyor hem de \u00f6\u011freniyor","datePublished":"2025-04-20T06:23:11+00:00","mainEntityOfPage":{"@id":"https:\/\/memurunsesi.net\/index.php\/2025\/04\/20\/kadinlar-el-sanatlari-kursunda-hem-sosyallesiyor-hem-de-ogreniyor\/"},"wordCount":275,"commentCount":0,"publisher":{"@id":"https:\/\/memurunsesi.net\/#organization"},"articleSection":["T\u00fcm Haberler"],"inLanguage":"tr","potentialAction":[{"@type":"CommentAction","name":"Comment","target":["https:\/\/memurunsesi.net\/index.php\/2025\/04\/20\/kadinlar-el-sanatlari-kursunda-hem-sosyallesiyor-hem-de-ogreniyor\/#respond"]}]},{"@type":"WebPage","@id":"https:\/\/memurunsesi.net\/index.php\/2025\/04\/20\/kadinlar-el-sanatlari-kursunda-hem-sosyallesiyor-hem-de-ogreniyor\/","url":"https:\/\/memurunsesi.net\/index.php\/2025\/04\/20\/kadinlar-el-sanatlari-kursunda-hem-sosyallesiyor-hem-de-ogreniyor\/","name":"Kad\u0131nlar el sanatlar\u0131 kursunda hem sosyalle\u015fiyor hem de \u00f6\u011freniyor - Memurun Sesi","isPartOf":{"@id":"https:\/\/memurunsesi.net\/#website"},"datePublished":"2025-04-20T06:23:11+00:00","breadcrumb":{"@id":"https:\/\/memurunsesi.net\/index.php\/2025\/04\/20\/kadinlar-el-sanatlari-kursunda-hem-sosyallesiyor-hem-de-ogreniyor\/#breadcrumb"},"inLanguage":"tr","potentialAction":[{"@type":"ReadAction","target":["https:\/\/memurunsesi.net\/index.php\/2025\/04\/20\/kadinlar-el-sanatlari-kursunda-hem-sosyallesiyor-hem-de-ogreniyor\/"]}]},{"@type":"BreadcrumbList","@id":"https:\/\/memurunsesi.net\/index.php\/2025\/04\/20\/kadinlar-el-sanatlari-kursunda-hem-sosyallesiyor-hem-de-ogreniyor\/#breadcrumb","itemListElement":[{"@type":"ListItem","position":1,"name":"Anasayfa","item":"https:\/\/memurunsesi.net\/"},{"@type":"ListItem","position":2,"name":"Kad\u0131nlar el sanatlar\u0131 kursunda hem sosyalle\u015fiyor hem de \u00f6\u011freniyor"}]},{"@type":"WebSite","@id":"https:\/\/memurunsesi.net\/#website","url":"https:\/\/memurunsesi.net\/","name":"Memurun Sesi","description":"G\u00fcncel ve Do\u011fru Haber","publisher":{"@id":"https:\/\/memurunsesi.net\/#organization"},"potentialAction":[{"@type":"SearchAction","target":{"@type":"EntryPoint","urlTemplate":"https:\/\/memurunsesi.net\/?s={search_term_string}"},"query-input":{"@type":"PropertyValueSpecification","valueRequired":true,"valueName":"search_term_string"}}],"inLanguage":"tr"},{"@type":"Organization","@id":"https:\/\/memurunsesi.net\/#organization","name":"Memurun Sesi","url":"https:\/\/memurunsesi.net\/","logo":{"@type":"ImageObject","inLanguage":"tr","@id":"https:\/\/memurunsesi.net\/#\/schema\/logo\/image\/","url":"https:\/\/memurunsesi.net\/wp-content\/uploads\/2025\/11\/cropped-MEMURUN-SESI.png","contentUrl":"https:\/\/memurunsesi.net\/wp-content\/uploads\/2025\/11\/cropped-MEMURUN-SESI.png","width":238,"height":57,"caption":"Memurun Sesi"},"image":{"@id":"https:\/\/memurunsesi.net\/#\/schema\/logo\/image\/"},"sameAs":["https:\/\/www.facebook.com\/unipersen\/?locale=tr_TR","https:\/\/x.com\/unipersen"]},{"@type":"Person","@id":"https:\/\/memurunsesi.net\/#\/schema\/person\/f21c2d73b89f6ee1d80b0a1803e38587","name":"Memurun Sesi Haber Merkezi","image":{"@type":"ImageObject","inLanguage":"tr","@id":"https:\/\/secure.gravatar.com\/avatar\/6cf0505f452ee753f485014986fab09a434671d2b919ee76fc541025c5876a70?s=96&d=mm&r=g","url":"https:\/\/secure.gravatar.com\/avatar\/6cf0505f452ee753f485014986fab09a434671d2b919ee76fc541025c5876a70?s=96&d=mm&r=g","contentUrl":"https:\/\/secure.gravatar.com\/avatar\/6cf0505f452ee753f485014986fab09a434671d2b919ee76fc541025c5876a70?s=96&d=mm&r=g","caption":"Memurun Sesi Haber Merkezi"},"sameAs":["https:\/\/memurunsesi.net"],"url":"https:\/\/memurunsesi.net\/index.php\/author\/uniper\/"}]}},"_links":{"self":[{"href":"https:\/\/memurunsesi.net\/index.php\/wp-json\/wp\/v2\/posts\/5652","targetHints":{"allow":["GET"]}}],"collection":[{"href":"https:\/\/memurunsesi.net\/index.php\/wp-json\/wp\/v2\/posts"}],"about":[{"href":"https:\/\/memurunsesi.net\/index.php\/wp-json\/wp\/v2\/types\/post"}],"author":[{"embeddable":true,"href":"https:\/\/memurunsesi.net\/index.php\/wp-json\/wp\/v2\/users\/1"}],"replies":[{"embeddable":true,"href":"https:\/\/memurunsesi.net\/index.php\/wp-json\/wp\/v2\/comments?post=5652"}],"version-history":[{"count":1,"href":"https:\/\/memurunsesi.net\/index.php\/wp-json\/wp\/v2\/posts\/5652\/revisions"}],"predecessor-version":[{"id":5655,"href":"https:\/\/memurunsesi.net\/index.php\/wp-json\/wp\/v2\/posts\/5652\/revisions\/5655"}],"wp:attachment":[{"href":"https:\/\/memurunsesi.net\/index.php\/wp-json\/wp\/v2\/media?parent=5652"}],"wp:term":[{"taxonomy":"category","embeddable":true,"href":"https:\/\/memurunsesi.net\/index.php\/wp-json\/wp\/v2\/categories?post=5652"},{"taxonomy":"post_tag","embeddable":true,"href":"https:\/\/memurunsesi.net\/index.php\/wp-json\/wp\/v2\/tags?post=5652"}],"curies":[{"name":"wp","href":"https:\/\/api.w.org\/{rel}","templated":true}]}}