{"id":5665,"date":"2025-04-20T18:54:11","date_gmt":"2025-04-20T15:54:11","guid":{"rendered":"https:\/\/memurunsesi.net\/?p=5665"},"modified":"2025-04-20T18:54:11","modified_gmt":"2025-04-20T15:54:11","slug":"gunesli-havayi-firsat-bilen-yuksekovalilar-parklara-akin-etti","status":"publish","type":"post","link":"https:\/\/memurunsesi.net\/index.php\/2025\/04\/20\/gunesli-havayi-firsat-bilen-yuksekovalilar-parklara-akin-etti\/","title":{"rendered":"G\u00fcne\u015fli havay\u0131 f\u0131rsat bilen Y\u00fcksekoval\u0131lar parklara ak\u0131n etti"},"content":{"rendered":"<p> Hakkari\u2019nin Y\u00fcksekova il\u00e7esinde havalar\u0131n \u0131s\u0131nmas\u0131n\u0131 f\u0131rsat bilen vatanda\u015flar parklara ak\u0131n etti.<br \/>\n\u00c7etin ge\u00e7en k\u0131\u015f mevsiminin ard\u0131ndan il\u00e7ede s\u0131cak hava y\u00fcz\u00fcn\u00fc g\u00f6stermeye ba\u015flad\u0131. \u0130l\u00e7enin en \u00f6nemli dinlenme alan\u0131 olan 15 Temmuz Park\u0131, hafta sonu dolup ta\u015ft\u0131. Parka gelen vatanda\u015flar, uzun s\u00fcren k\u0131\u015f\u0131n stresini dinlenerek atarken, en \u00e7ok da \u00e7ocuklar g\u00fcn\u00fcn keyfini \u00e7\u0131kard\u0131.<br \/>\n  \u00c7ocuklar\u0131yla parka gelen Ceyhan Gezer, &#8220;Y\u00fcksekova\u2019da baya\u011f\u0131 so\u011fuk havalar hakimdi. Birka\u00e7 g\u00fcnd\u00fcr hava g\u00fcne\u015fli biz de g\u00fcn\u00fcn keyfini \u00e7\u0131kard\u0131k. \u00c7ocuklar\u0131m\u0131z da ayr\u0131 bir heyecanla burada oynuyorlar&#8221; dedi.<br \/>\n  Ailece parka gelen vatanda\u015flardan B\u00fclent Atalay ise, &#8220;Biliyorsun ka\u00e7 ayd\u0131r havalar baya\u011f\u0131 so\u011fuk ge\u00e7iyor Y\u00fcksekova\u2019da. S\u0131cak havalar yeniden y\u00fcz\u00fcn\u00fc g\u00f6stermeye ba\u015flad\u0131. Biz de bug\u00fcn ailece parka geldik. En g\u00fczel taraf\u0131 ise \u00e7ocuklar\u0131n s\u0131cak hava alt\u0131nda oynamalar\u0131. \u0130n\u015fallah hava d\u00fczelir&#8221; ifadelerini kulland\u0131.  <\/p>\n<p>20.04.2025                                 <\/p>\n","protected":false},"excerpt":{"rendered":"<p>Hakkari\u2019nin Y\u00fcksekova il\u00e7esinde havalar\u0131n \u0131s\u0131nmas\u0131n\u0131 f\u0131rsat bilen vatanda\u015flar parklara ak\u0131n etti. \u00c7etin ge\u00e7en k\u0131\u015f mevsiminin ard\u0131ndan il\u00e7ede s\u0131cak hava y\u00fcz\u00fcn\u00fc g\u00f6stermeye ba\u015flad\u0131. \u0130l\u00e7enin en \u00f6nemli dinlenme alan\u0131 olan 15 Temmuz Park\u0131, hafta sonu dolup ta\u015ft\u0131. Parka gelen vatanda\u015flar, uzun s\u00fcren k\u0131\u015f\u0131n stresini dinlenerek atarken, en \u00e7ok da \u00e7ocuklar g\u00fcn\u00fcn keyfini \u00e7\u0131kard\u0131. \u00c7ocuklar\u0131yla parka gelen Ceyhan [&hellip;]<\/p>\n","protected":false},"author":1,"featured_media":5666,"comment_status":"open","ping_status":"open","sticky":false,"template":"","format":"standard","meta":{"footnotes":""},"categories":[1],"tags":[],"class_list":["post-5665","post","type-post","status-publish","format-standard","has-post-thumbnail","hentry","category-genel"],"yoast_head":"<!-- This site is optimized with the Yoast SEO plugin v27.4 - https:\/\/yoast.com\/product\/yoast-seo-wordpress\/ -->\n<title>G\u00fcne\u015fli havay\u0131 f\u0131rsat bilen Y\u00fcksekoval\u0131lar parklara ak\u0131n etti - Memurun Sesi<\/title>\n<meta name=\"robots\" content=\"index, follow, max-snippet:-1, max-image-preview:large, max-video-preview:-1\" \/>\n<link rel=\"canonical\" href=\"https:\/\/memurunsesi.net\/index.php\/2025\/04\/20\/gunesli-havayi-firsat-bilen-yuksekovalilar-parklara-akin-etti\/\" \/>\n<meta property=\"og:locale\" content=\"tr_TR\" \/>\n<meta property=\"og:type\" content=\"article\" \/>\n<meta property=\"og:title\" content=\"G\u00fcne\u015fli havay\u0131 f\u0131rsat bilen Y\u00fcksekoval\u0131lar parklara ak\u0131n etti - Memurun Sesi\" \/>\n<meta property=\"og:description\" content=\"Hakkari\u2019nin Y\u00fcksekova il\u00e7esinde havalar\u0131n \u0131s\u0131nmas\u0131n\u0131 f\u0131rsat bilen vatanda\u015flar parklara ak\u0131n etti. \u00c7etin ge\u00e7en k\u0131\u015f mevsiminin ard\u0131ndan il\u00e7ede s\u0131cak hava y\u00fcz\u00fcn\u00fc g\u00f6stermeye ba\u015flad\u0131. \u0130l\u00e7enin en \u00f6nemli dinlenme alan\u0131 olan 15 Temmuz Park\u0131, hafta sonu dolup ta\u015ft\u0131. Parka gelen vatanda\u015flar, uzun s\u00fcren k\u0131\u015f\u0131n stresini dinlenerek atarken, en \u00e7ok da \u00e7ocuklar g\u00fcn\u00fcn keyfini \u00e7\u0131kard\u0131. \u00c7ocuklar\u0131yla parka gelen Ceyhan [&hellip;]\" \/>\n<meta property=\"og:url\" content=\"https:\/\/memurunsesi.net\/index.php\/2025\/04\/20\/gunesli-havayi-firsat-bilen-yuksekovalilar-parklara-akin-etti\/\" \/>\n<meta property=\"og:site_name\" content=\"Memurun Sesi\" \/>\n<meta property=\"article:publisher\" content=\"https:\/\/www.facebook.com\/unipersen\/?locale=tr_TR\" \/>\n<meta property=\"article:published_time\" content=\"2025-04-20T15:54:11+00:00\" \/>\n<meta property=\"og:image\" content=\"https:\/\/memurunsesi.net\/wp-content\/uploads\/2025\/04\/AW437011_03.jpg\" \/>\n\t<meta property=\"og:image:width\" content=\"1290\" \/>\n\t<meta property=\"og:image:height\" content=\"712\" \/>\n\t<meta property=\"og:image:type\" content=\"image\/jpeg\" \/>\n<meta name=\"author\" content=\"Memurun Sesi Haber Merkezi\" \/>\n<meta name=\"twitter:card\" content=\"summary_large_image\" \/>\n<meta name=\"twitter:creator\" content=\"@unipersen\" \/>\n<meta name=\"twitter:site\" content=\"@unipersen\" \/>\n<meta name=\"twitter:label1\" content=\"Yazan:\" \/>\n\t<meta name=\"twitter:data1\" content=\"Memurun Sesi Haber Merkezi\" \/>\n\t<meta name=\"twitter:label2\" content=\"Tahmini okuma s\u00fcresi\" \/>\n\t<meta name=\"twitter:data2\" content=\"1 dakika\" \/>\n<script type=\"application\/ld+json\" class=\"yoast-schema-graph\">{\"@context\":\"https:\\\/\\\/schema.org\",\"@graph\":[{\"@type\":\"Article\",\"@id\":\"https:\\\/\\\/memurunsesi.net\\\/index.php\\\/2025\\\/04\\\/20\\\/gunesli-havayi-firsat-bilen-yuksekovalilar-parklara-akin-etti\\\/#article\",\"isPartOf\":{\"@id\":\"https:\\\/\\\/memurunsesi.net\\\/index.php\\\/2025\\\/04\\\/20\\\/gunesli-havayi-firsat-bilen-yuksekovalilar-parklara-akin-etti\\\/\"},\"author\":{\"name\":\"Memurun Sesi Haber Merkezi\",\"@id\":\"https:\\\/\\\/memurunsesi.net\\\/#\\\/schema\\\/person\\\/f21c2d73b89f6ee1d80b0a1803e38587\"},\"headline\":\"G\u00fcne\u015fli havay\u0131 f\u0131rsat bilen Y\u00fcksekoval\u0131lar parklara ak\u0131n etti\",\"datePublished\":\"2025-04-20T15:54:11+00:00\",\"mainEntityOfPage\":{\"@id\":\"https:\\\/\\\/memurunsesi.net\\\/index.php\\\/2025\\\/04\\\/20\\\/gunesli-havayi-firsat-bilen-yuksekovalilar-parklara-akin-etti\\\/\"},\"wordCount\":188,\"commentCount\":0,\"publisher\":{\"@id\":\"https:\\\/\\\/memurunsesi.net\\\/#organization\"},\"image\":{\"@id\":\"https:\\\/\\\/memurunsesi.net\\\/index.php\\\/2025\\\/04\\\/20\\\/gunesli-havayi-firsat-bilen-yuksekovalilar-parklara-akin-etti\\\/#primaryimage\"},\"thumbnailUrl\":\"https:\\\/\\\/memurunsesi.net\\\/wp-content\\\/uploads\\\/2025\\\/04\\\/AW437011_03.jpg\",\"inLanguage\":\"tr\",\"potentialAction\":[{\"@type\":\"CommentAction\",\"name\":\"Comment\",\"target\":[\"https:\\\/\\\/memurunsesi.net\\\/index.php\\\/2025\\\/04\\\/20\\\/gunesli-havayi-firsat-bilen-yuksekovalilar-parklara-akin-etti\\\/#respond\"]}]},{\"@type\":\"WebPage\",\"@id\":\"https:\\\/\\\/memurunsesi.net\\\/index.php\\\/2025\\\/04\\\/20\\\/gunesli-havayi-firsat-bilen-yuksekovalilar-parklara-akin-etti\\\/\",\"url\":\"https:\\\/\\\/memurunsesi.net\\\/index.php\\\/2025\\\/04\\\/20\\\/gunesli-havayi-firsat-bilen-yuksekovalilar-parklara-akin-etti\\\/\",\"name\":\"G\u00fcne\u015fli havay\u0131 f\u0131rsat bilen Y\u00fcksekoval\u0131lar parklara ak\u0131n etti - Memurun Sesi\",\"isPartOf\":{\"@id\":\"https:\\\/\\\/memurunsesi.net\\\/#website\"},\"primaryImageOfPage\":{\"@id\":\"https:\\\/\\\/memurunsesi.net\\\/index.php\\\/2025\\\/04\\\/20\\\/gunesli-havayi-firsat-bilen-yuksekovalilar-parklara-akin-etti\\\/#primaryimage\"},\"image\":{\"@id\":\"https:\\\/\\\/memurunsesi.net\\\/index.php\\\/2025\\\/04\\\/20\\\/gunesli-havayi-firsat-bilen-yuksekovalilar-parklara-akin-etti\\\/#primaryimage\"},\"thumbnailUrl\":\"https:\\\/\\\/memurunsesi.net\\\/wp-content\\\/uploads\\\/2025\\\/04\\\/AW437011_03.jpg\",\"datePublished\":\"2025-04-20T15:54:11+00:00\",\"breadcrumb\":{\"@id\":\"https:\\\/\\\/memurunsesi.net\\\/index.php\\\/2025\\\/04\\\/20\\\/gunesli-havayi-firsat-bilen-yuksekovalilar-parklara-akin-etti\\\/#breadcrumb\"},\"inLanguage\":\"tr\",\"potentialAction\":[{\"@type\":\"ReadAction\",\"target\":[\"https:\\\/\\\/memurunsesi.net\\\/index.php\\\/2025\\\/04\\\/20\\\/gunesli-havayi-firsat-bilen-yuksekovalilar-parklara-akin-etti\\\/\"]}]},{\"@type\":\"ImageObject\",\"inLanguage\":\"tr\",\"@id\":\"https:\\\/\\\/memurunsesi.net\\\/index.php\\\/2025\\\/04\\\/20\\\/gunesli-havayi-firsat-bilen-yuksekovalilar-parklara-akin-etti\\\/#primaryimage\",\"url\":\"https:\\\/\\\/memurunsesi.net\\\/wp-content\\\/uploads\\\/2025\\\/04\\\/AW437011_03.jpg\",\"contentUrl\":\"https:\\\/\\\/memurunsesi.net\\\/wp-content\\\/uploads\\\/2025\\\/04\\\/AW437011_03.jpg\",\"width\":1290,\"height\":712,\"caption\":\"HAKKAR\u0130'N\u0130N Y\u00dcKSEKOVA \u0130L\u00c7ES\u0130NDE HAVALARIN ISINMASINI FIRSAT B\u0130LEN VATANDA\u015eLAR PARKLARA AKIN ETT\u0130. (MET\u0130N TEK\\\/HAKKAR\u0130-\u0130HA) Hakkari'nin Y\u00fcksekova il\u00e7esinde havalar\u0131n \u0131s\u0131nmas\u0131n\u0131 f\u0131rsat bilen vatanda\u015flar parklara ak\u0131n etti.\"},{\"@type\":\"BreadcrumbList\",\"@id\":\"https:\\\/\\\/memurunsesi.net\\\/index.php\\\/2025\\\/04\\\/20\\\/gunesli-havayi-firsat-bilen-yuksekovalilar-parklara-akin-etti\\\/#breadcrumb\",\"itemListElement\":[{\"@type\":\"ListItem\",\"position\":1,\"name\":\"Anasayfa\",\"item\":\"https:\\\/\\\/memurunsesi.net\\\/\"},{\"@type\":\"ListItem\",\"position\":2,\"name\":\"G\u00fcne\u015fli havay\u0131 f\u0131rsat bilen Y\u00fcksekoval\u0131lar parklara ak\u0131n etti\"}]},{\"@type\":\"WebSite\",\"@id\":\"https:\\\/\\\/memurunsesi.net\\\/#website\",\"url\":\"https:\\\/\\\/memurunsesi.net\\\/\",\"name\":\"Memurun Sesi\",\"description\":\"G\u00fcncel ve Do\u011fru Haber\",\"publisher\":{\"@id\":\"https:\\\/\\\/memurunsesi.net\\\/#organization\"},\"potentialAction\":[{\"@type\":\"SearchAction\",\"target\":{\"@type\":\"EntryPoint\",\"urlTemplate\":\"https:\\\/\\\/memurunsesi.net\\\/?s={search_term_string}\"},\"query-input\":{\"@type\":\"PropertyValueSpecification\",\"valueRequired\":true,\"valueName\":\"search_term_string\"}}],\"inLanguage\":\"tr\"},{\"@type\":\"Organization\",\"@id\":\"https:\\\/\\\/memurunsesi.net\\\/#organization\",\"name\":\"Memurun Sesi\",\"url\":\"https:\\\/\\\/memurunsesi.net\\\/\",\"logo\":{\"@type\":\"ImageObject\",\"inLanguage\":\"tr\",\"@id\":\"https:\\\/\\\/memurunsesi.net\\\/#\\\/schema\\\/logo\\\/image\\\/\",\"url\":\"https:\\\/\\\/memurunsesi.net\\\/wp-content\\\/uploads\\\/2025\\\/11\\\/cropped-MEMURUN-SESI.png\",\"contentUrl\":\"https:\\\/\\\/memurunsesi.net\\\/wp-content\\\/uploads\\\/2025\\\/11\\\/cropped-MEMURUN-SESI.png\",\"width\":238,\"height\":57,\"caption\":\"Memurun Sesi\"},\"image\":{\"@id\":\"https:\\\/\\\/memurunsesi.net\\\/#\\\/schema\\\/logo\\\/image\\\/\"},\"sameAs\":[\"https:\\\/\\\/www.facebook.com\\\/unipersen\\\/?locale=tr_TR\",\"https:\\\/\\\/x.com\\\/unipersen\"]},{\"@type\":\"Person\",\"@id\":\"https:\\\/\\\/memurunsesi.net\\\/#\\\/schema\\\/person\\\/f21c2d73b89f6ee1d80b0a1803e38587\",\"name\":\"Memurun Sesi Haber Merkezi\",\"image\":{\"@type\":\"ImageObject\",\"inLanguage\":\"tr\",\"@id\":\"https:\\\/\\\/secure.gravatar.com\\\/avatar\\\/6cf0505f452ee753f485014986fab09a434671d2b919ee76fc541025c5876a70?s=96&d=mm&r=g\",\"url\":\"https:\\\/\\\/secure.gravatar.com\\\/avatar\\\/6cf0505f452ee753f485014986fab09a434671d2b919ee76fc541025c5876a70?s=96&d=mm&r=g\",\"contentUrl\":\"https:\\\/\\\/secure.gravatar.com\\\/avatar\\\/6cf0505f452ee753f485014986fab09a434671d2b919ee76fc541025c5876a70?s=96&d=mm&r=g\",\"caption\":\"Memurun Sesi Haber Merkezi\"},\"sameAs\":[\"https:\\\/\\\/memurunsesi.net\"],\"url\":\"https:\\\/\\\/memurunsesi.net\\\/index.php\\\/author\\\/uniper\\\/\"}]}<\/script>\n<!-- \/ Yoast SEO plugin. -->","yoast_head_json":{"title":"G\u00fcne\u015fli havay\u0131 f\u0131rsat bilen Y\u00fcksekoval\u0131lar parklara ak\u0131n etti - Memurun Sesi","robots":{"index":"index","follow":"follow","max-snippet":"max-snippet:-1","max-image-preview":"max-image-preview:large","max-video-preview":"max-video-preview:-1"},"canonical":"https:\/\/memurunsesi.net\/index.php\/2025\/04\/20\/gunesli-havayi-firsat-bilen-yuksekovalilar-parklara-akin-etti\/","og_locale":"tr_TR","og_type":"article","og_title":"G\u00fcne\u015fli havay\u0131 f\u0131rsat bilen Y\u00fcksekoval\u0131lar parklara ak\u0131n etti - Memurun Sesi","og_description":"Hakkari\u2019nin Y\u00fcksekova il\u00e7esinde havalar\u0131n \u0131s\u0131nmas\u0131n\u0131 f\u0131rsat bilen vatanda\u015flar parklara ak\u0131n etti. \u00c7etin ge\u00e7en k\u0131\u015f mevsiminin ard\u0131ndan il\u00e7ede s\u0131cak hava y\u00fcz\u00fcn\u00fc g\u00f6stermeye ba\u015flad\u0131. \u0130l\u00e7enin en \u00f6nemli dinlenme alan\u0131 olan 15 Temmuz Park\u0131, hafta sonu dolup ta\u015ft\u0131. Parka gelen vatanda\u015flar, uzun s\u00fcren k\u0131\u015f\u0131n stresini dinlenerek atarken, en \u00e7ok da \u00e7ocuklar g\u00fcn\u00fcn keyfini \u00e7\u0131kard\u0131. \u00c7ocuklar\u0131yla parka gelen Ceyhan [&hellip;]","og_url":"https:\/\/memurunsesi.net\/index.php\/2025\/04\/20\/gunesli-havayi-firsat-bilen-yuksekovalilar-parklara-akin-etti\/","og_site_name":"Memurun Sesi","article_publisher":"https:\/\/www.facebook.com\/unipersen\/?locale=tr_TR","article_published_time":"2025-04-20T15:54:11+00:00","og_image":[{"width":1290,"height":712,"url":"https:\/\/memurunsesi.net\/wp-content\/uploads\/2025\/04\/AW437011_03.jpg","type":"image\/jpeg"}],"author":"Memurun Sesi Haber Merkezi","twitter_card":"summary_large_image","twitter_creator":"@unipersen","twitter_site":"@unipersen","twitter_misc":{"Yazan:":"Memurun Sesi Haber Merkezi","Tahmini okuma s\u00fcresi":"1 dakika"},"schema":{"@context":"https:\/\/schema.org","@graph":[{"@type":"Article","@id":"https:\/\/memurunsesi.net\/index.php\/2025\/04\/20\/gunesli-havayi-firsat-bilen-yuksekovalilar-parklara-akin-etti\/#article","isPartOf":{"@id":"https:\/\/memurunsesi.net\/index.php\/2025\/04\/20\/gunesli-havayi-firsat-bilen-yuksekovalilar-parklara-akin-etti\/"},"author":{"name":"Memurun Sesi Haber Merkezi","@id":"https:\/\/memurunsesi.net\/#\/schema\/person\/f21c2d73b89f6ee1d80b0a1803e38587"},"headline":"G\u00fcne\u015fli havay\u0131 f\u0131rsat bilen Y\u00fcksekoval\u0131lar parklara ak\u0131n etti","datePublished":"2025-04-20T15:54:11+00:00","mainEntityOfPage":{"@id":"https:\/\/memurunsesi.net\/index.php\/2025\/04\/20\/gunesli-havayi-firsat-bilen-yuksekovalilar-parklara-akin-etti\/"},"wordCount":188,"commentCount":0,"publisher":{"@id":"https:\/\/memurunsesi.net\/#organization"},"image":{"@id":"https:\/\/memurunsesi.net\/index.php\/2025\/04\/20\/gunesli-havayi-firsat-bilen-yuksekovalilar-parklara-akin-etti\/#primaryimage"},"thumbnailUrl":"https:\/\/memurunsesi.net\/wp-content\/uploads\/2025\/04\/AW437011_03.jpg","inLanguage":"tr","potentialAction":[{"@type":"CommentAction","name":"Comment","target":["https:\/\/memurunsesi.net\/index.php\/2025\/04\/20\/gunesli-havayi-firsat-bilen-yuksekovalilar-parklara-akin-etti\/#respond"]}]},{"@type":"WebPage","@id":"https:\/\/memurunsesi.net\/index.php\/2025\/04\/20\/gunesli-havayi-firsat-bilen-yuksekovalilar-parklara-akin-etti\/","url":"https:\/\/memurunsesi.net\/index.php\/2025\/04\/20\/gunesli-havayi-firsat-bilen-yuksekovalilar-parklara-akin-etti\/","name":"G\u00fcne\u015fli havay\u0131 f\u0131rsat bilen Y\u00fcksekoval\u0131lar parklara ak\u0131n etti - Memurun Sesi","isPartOf":{"@id":"https:\/\/memurunsesi.net\/#website"},"primaryImageOfPage":{"@id":"https:\/\/memurunsesi.net\/index.php\/2025\/04\/20\/gunesli-havayi-firsat-bilen-yuksekovalilar-parklara-akin-etti\/#primaryimage"},"image":{"@id":"https:\/\/memurunsesi.net\/index.php\/2025\/04\/20\/gunesli-havayi-firsat-bilen-yuksekovalilar-parklara-akin-etti\/#primaryimage"},"thumbnailUrl":"https:\/\/memurunsesi.net\/wp-content\/uploads\/2025\/04\/AW437011_03.jpg","datePublished":"2025-04-20T15:54:11+00:00","breadcrumb":{"@id":"https:\/\/memurunsesi.net\/index.php\/2025\/04\/20\/gunesli-havayi-firsat-bilen-yuksekovalilar-parklara-akin-etti\/#breadcrumb"},"inLanguage":"tr","potentialAction":[{"@type":"ReadAction","target":["https:\/\/memurunsesi.net\/index.php\/2025\/04\/20\/gunesli-havayi-firsat-bilen-yuksekovalilar-parklara-akin-etti\/"]}]},{"@type":"ImageObject","inLanguage":"tr","@id":"https:\/\/memurunsesi.net\/index.php\/2025\/04\/20\/gunesli-havayi-firsat-bilen-yuksekovalilar-parklara-akin-etti\/#primaryimage","url":"https:\/\/memurunsesi.net\/wp-content\/uploads\/2025\/04\/AW437011_03.jpg","contentUrl":"https:\/\/memurunsesi.net\/wp-content\/uploads\/2025\/04\/AW437011_03.jpg","width":1290,"height":712,"caption":"HAKKAR\u0130'N\u0130N Y\u00dcKSEKOVA \u0130L\u00c7ES\u0130NDE HAVALARIN ISINMASINI FIRSAT B\u0130LEN VATANDA\u015eLAR PARKLARA AKIN ETT\u0130. (MET\u0130N TEK\/HAKKAR\u0130-\u0130HA) Hakkari'nin Y\u00fcksekova il\u00e7esinde havalar\u0131n \u0131s\u0131nmas\u0131n\u0131 f\u0131rsat bilen vatanda\u015flar parklara ak\u0131n etti."},{"@type":"BreadcrumbList","@id":"https:\/\/memurunsesi.net\/index.php\/2025\/04\/20\/gunesli-havayi-firsat-bilen-yuksekovalilar-parklara-akin-etti\/#breadcrumb","itemListElement":[{"@type":"ListItem","position":1,"name":"Anasayfa","item":"https:\/\/memurunsesi.net\/"},{"@type":"ListItem","position":2,"name":"G\u00fcne\u015fli havay\u0131 f\u0131rsat bilen Y\u00fcksekoval\u0131lar parklara ak\u0131n etti"}]},{"@type":"WebSite","@id":"https:\/\/memurunsesi.net\/#website","url":"https:\/\/memurunsesi.net\/","name":"Memurun Sesi","description":"G\u00fcncel ve Do\u011fru Haber","publisher":{"@id":"https:\/\/memurunsesi.net\/#organization"},"potentialAction":[{"@type":"SearchAction","target":{"@type":"EntryPoint","urlTemplate":"https:\/\/memurunsesi.net\/?s={search_term_string}"},"query-input":{"@type":"PropertyValueSpecification","valueRequired":true,"valueName":"search_term_string"}}],"inLanguage":"tr"},{"@type":"Organization","@id":"https:\/\/memurunsesi.net\/#organization","name":"Memurun Sesi","url":"https:\/\/memurunsesi.net\/","logo":{"@type":"ImageObject","inLanguage":"tr","@id":"https:\/\/memurunsesi.net\/#\/schema\/logo\/image\/","url":"https:\/\/memurunsesi.net\/wp-content\/uploads\/2025\/11\/cropped-MEMURUN-SESI.png","contentUrl":"https:\/\/memurunsesi.net\/wp-content\/uploads\/2025\/11\/cropped-MEMURUN-SESI.png","width":238,"height":57,"caption":"Memurun Sesi"},"image":{"@id":"https:\/\/memurunsesi.net\/#\/schema\/logo\/image\/"},"sameAs":["https:\/\/www.facebook.com\/unipersen\/?locale=tr_TR","https:\/\/x.com\/unipersen"]},{"@type":"Person","@id":"https:\/\/memurunsesi.net\/#\/schema\/person\/f21c2d73b89f6ee1d80b0a1803e38587","name":"Memurun Sesi Haber Merkezi","image":{"@type":"ImageObject","inLanguage":"tr","@id":"https:\/\/secure.gravatar.com\/avatar\/6cf0505f452ee753f485014986fab09a434671d2b919ee76fc541025c5876a70?s=96&d=mm&r=g","url":"https:\/\/secure.gravatar.com\/avatar\/6cf0505f452ee753f485014986fab09a434671d2b919ee76fc541025c5876a70?s=96&d=mm&r=g","contentUrl":"https:\/\/secure.gravatar.com\/avatar\/6cf0505f452ee753f485014986fab09a434671d2b919ee76fc541025c5876a70?s=96&d=mm&r=g","caption":"Memurun Sesi Haber Merkezi"},"sameAs":["https:\/\/memurunsesi.net"],"url":"https:\/\/memurunsesi.net\/index.php\/author\/uniper\/"}]}},"_links":{"self":[{"href":"https:\/\/memurunsesi.net\/index.php\/wp-json\/wp\/v2\/posts\/5665","targetHints":{"allow":["GET"]}}],"collection":[{"href":"https:\/\/memurunsesi.net\/index.php\/wp-json\/wp\/v2\/posts"}],"about":[{"href":"https:\/\/memurunsesi.net\/index.php\/wp-json\/wp\/v2\/types\/post"}],"author":[{"embeddable":true,"href":"https:\/\/memurunsesi.net\/index.php\/wp-json\/wp\/v2\/users\/1"}],"replies":[{"embeddable":true,"href":"https:\/\/memurunsesi.net\/index.php\/wp-json\/wp\/v2\/comments?post=5665"}],"version-history":[{"count":1,"href":"https:\/\/memurunsesi.net\/index.php\/wp-json\/wp\/v2\/posts\/5665\/revisions"}],"predecessor-version":[{"id":5667,"href":"https:\/\/memurunsesi.net\/index.php\/wp-json\/wp\/v2\/posts\/5665\/revisions\/5667"}],"wp:featuredmedia":[{"embeddable":true,"href":"https:\/\/memurunsesi.net\/index.php\/wp-json\/wp\/v2\/media\/5666"}],"wp:attachment":[{"href":"https:\/\/memurunsesi.net\/index.php\/wp-json\/wp\/v2\/media?parent=5665"}],"wp:term":[{"taxonomy":"category","embeddable":true,"href":"https:\/\/memurunsesi.net\/index.php\/wp-json\/wp\/v2\/categories?post=5665"},{"taxonomy":"post_tag","embeddable":true,"href":"https:\/\/memurunsesi.net\/index.php\/wp-json\/wp\/v2\/tags?post=5665"}],"curies":[{"name":"wp","href":"https:\/\/api.w.org\/{rel}","templated":true}]}}