{"id":5668,"date":"2025-04-20T18:56:03","date_gmt":"2025-04-20T15:56:03","guid":{"rendered":"https:\/\/memurunsesi.net\/?p=5668"},"modified":"2025-04-20T18:56:03","modified_gmt":"2025-04-20T15:56:03","slug":"10-antalya-sehircilik-ve-teknolojileri-fuari-devam-ediyor","status":"publish","type":"post","link":"https:\/\/memurunsesi.net\/index.php\/2025\/04\/20\/10-antalya-sehircilik-ve-teknolojileri-fuari-devam-ediyor\/","title":{"rendered":"10.Antalya \u015eehircilik ve Teknolojileri Fuar\u0131 devam ediyor"},"content":{"rendered":"<p>  &#8211; UCLG-MEWA K\u00fclt\u00fcr ve Turizm Komite Toplant\u0131s\u0131 yap\u0131ld\u0131<br \/>\n  &#8211; Ba\u015fkan Muhittin B\u00f6cek, &#8220;UCLG-MEWA \u00e7at\u0131s\u0131 alt\u0131nda \u00e7ok say\u0131da aktif g\u00f6rev ald\u0131k&#8221;   <\/p>\n<p>10.Antalya \u015eehircilik ve Teknolojileri Fuar\u0131 kapsam\u0131nda d\u00fczenlenen Yerel Y\u00f6netimler Sempozyumu, ikinci g\u00fcn\u00fcnde de dolu dolu ge\u00e7ti. Sempozyumun II. oturumunda &#8220;\u00c7evre Politikalar\u0131 ve Teknoloji \u0130li\u015fkisi&#8221; konusu ele al\u0131n\u0131rken, III. oturumda ise &#8220;\u00c7evreyi Koruman\u0131n Yollar\u0131 ve Akt\u00f6rleri&#8221; konusu masaya yat\u0131r\u0131ld\u0131. Sempozyumun 3. oturumunu takip eden Antalya B\u00fcy\u00fck\u015fehir Belediye Ba\u015fkan\u0131 Muhittin B\u00f6cek, sonras\u0131nda UCLG-MEWA K\u00fclt\u00fcr ve Turizm Komite Toplant\u0131s\u0131na kat\u0131ld\u0131.<br \/>\n  Akdeniz Belediyeler Birli\u011fi ev sahipli\u011finde 18-20 Nisan tarihlerinde d\u00fczenlenen Antalya \u015eehircilik ve Teknolojileri Fuar\u0131, 2. g\u00fcn\u00fcyle devam etti. ANFA\u015e&#8217;ta d\u00fczenlenen fuar\u0131n ikinci g\u00fcn\u00fc de Antalyal\u0131lar\u0131n ilgisiyle ge\u00e7ti. Fuar kapsam\u0131nda ger\u00e7ekle\u015ftirilen UCLG-MEWA K\u00fclt\u00fcr ve Turizm Komite Toplant\u0131s\u0131&#8217;nda konu\u015fan Antalya B\u00fcy\u00fck\u015fehir Belediye Ba\u015fkan\u0131 Muhittin B\u00f6cek, &#8220;Antalya B\u00fcy\u00fck\u015fehir Belediyesi olarak 2022 y\u0131l\u0131nda ba\u015flatt\u0131\u011f\u0131m\u0131z UCLG-MEWA \u00fcyeli\u011fimiz, kent diplomasisine a\u00e7\u0131lan bir kap\u0131 olmu\u015f; bu \u00e7at\u0131 alt\u0131nda \u00e7ok say\u0131da aktif g\u00f6rev alarak, bilgi payla\u015f\u0131m\u0131, proje ortakl\u0131\u011f\u0131 ve politika geli\u015ftirme s\u00fcre\u00e7lerine katk\u0131 sunmu\u015f bulunuyoruz&#8221; dedi.<br \/>\n  Antalya&#8217;n\u0131n turizm potansiyelini aktard\u0131<br \/>\n  UCLG-MEWA Genel Sekreteri, Asya Belediye Ba\u015fkanlar\u0131 Forumu Genel Sekreteri, yurt i\u00e7i ve yurt d\u0131\u015f\u0131ndan kat\u0131l\u0131m sa\u011flayan komite \u00fcyesi belediye ba\u015fkanlar\u0131 ve kent konseylerinin temsilcilerinin yer ald\u0131\u011f\u0131 toplant\u0131da Antalya&#8217;n\u0131n turizm potansiyeli ile ilgili bilgiler de payla\u015fan Ba\u015fkan Muhittin B\u00f6cek, &#8220;Y\u0131lda yakla\u015f\u0131k 27 milyon yerli yabanc\u0131 yani n\u00fcfusumuzun 10 kat\u0131 misafiri a\u011f\u0131rlamaktay\u0131z. Antalya&#8217;m\u0131z, ziyaret\u00e7i say\u0131s\u0131 a\u00e7\u0131s\u0131ndan Avrupa&#8217;da 3&#8217;\u00fcnc\u00fc, d\u00fcnyada 4&#8217;\u00fcnc\u00fc s\u0131rada yer almaktad\u0131r. T\u00fcm bunlara ilave olarak Antalya&#8217;m\u0131z, 40 \u00fclkeden 123 belediyenin \u00fcye oldu\u011fu Asya belediye ba\u015fkanlar\u0131 forumu taraf\u0131ndan 2025 y\u0131l\u0131 \u00e7evre ba\u015fkenti ilan edilmi\u015ftir. Bu bizim Antalya B\u00fcy\u00fck\u015fehir Belediyesi olarak ald\u0131\u011f\u0131m\u0131z 21. \u00e7evre \u00f6d\u00fcl\u00fcm\u00fczd\u00fcr&#8221; diyerek s\u00f6zlerini s\u00fcrd\u00fcrd\u00fc.<br \/>\n  Do\u011fay\u0131 korumak i\u00e7in ak\u0131lc\u0131 \u00e7\u00f6z\u00fcmler masaya yat\u0131r\u0131ld\u0131<br \/>\n  Fuarla birlikte d\u00fczenlenen &#8220;Yerel Y\u00f6netimler Sempozyumu&#8221;nun da ikinci ve \u00fc\u00e7\u00fcnc\u00fc oturumlar\u0131 ger\u00e7ekle\u015ftirildi. \u00d6\u011fleden \u00f6nce ba\u015flayan oturumda, &#8220;\u00c7evre Politikalar\u0131 ve Teknoloji \u0130li\u015fkisi&#8221; konulu sempozyumun moderat\u00f6rl\u00fc\u011f\u00fcn\u00fc; Cumhuriyet Halk Partisi \u00c7evre ve \u0130klim De\u011fi\u015fikli\u011finden sorumlu PM \u00fcyesi Dr. Baran Bozo\u011flu yapt\u0131. Konu\u015fmac\u0131 olarak kat\u0131lan, Hac\u0131 Bayram Veli \u00dcniversitesi Siyaset Bilimi ve Kamu Y\u00f6netimi B\u00f6l\u00fcm\u00fc \u00d6\u011fretim \u00dcyesi Do\u00e7. Dr. Ahsen Sa\u00e7l\u0131, &#8220;\u00c7evre Sorunlar\u0131nda ve Korumada Teknolojinin Rol\u00fc&#8221; ba\u015fl\u0131\u011f\u0131n\u0131, \u0130stanbul \u00dcniversitesi Cerrahpa\u015fa Orman Fak\u00fcltesi Peyzaj Mimarl\u0131\u011f\u0131 B\u00f6l\u00fcm\u00fc \u00d6\u011fretim \u00dcyesi Nil\u00fcfer Kart Akta\u015f &#8220;Kentsel Peyzajda S\u00fcrd\u00fcr\u00fclebilir Uygulamalar, Yenilik\u00e7i Yakla\u015f\u0131mlar ve Teknolojik \u00c7\u00f6z\u00fcmler&#8221; ba\u015fl\u0131\u011f\u0131n\u0131, Bo\u011fazi\u00e7i \u00dcniversitesi \u0130klim De\u011fi\u015fikli\u011fi ve Politikalar\u0131 Uygulama ve Ara\u015ft\u0131rma Merkezi M\u00fcd\u00fcr\u00fc Prof. Dr. Levent Kurnaz ise &#8220;Sera Gaz\u0131 Sal\u0131mlar\u0131n\u0131n Azalt\u0131lmas\u0131nda Teknolojinin Etkisi&#8221; ba\u015fl\u0131\u011f\u0131n\u0131 ele ald\u0131. Ayr\u0131ca S\u00fcrd\u00fcr\u00fclebilir Ekonomi ve Finans Ara\u015ft\u0131rmalar\u0131 Derne\u011fi temsilcisi P\u0131nar Yalman Akcengiz &#8220;Yenilenebilir Enerji ve \u00c7evre Teknolojileri&#8221; ve Akdeniz \u00dcniversitesi Bilgisayar M\u00fchendisli\u011fi B\u00f6l\u00fcm Ba\u015fkan\u0131 Yapay Zeka ve Veri Bilimi Uygulama ve Ara\u015ft\u0131rma Merkez M\u00fcd\u00fcr\u00fc Prof.Dr. \u00dcmit Deniz Ulu\u015far da &#8220;Yapay Zeka ve Ak\u0131ll\u0131 \u015eehirler&#8221; konular\u0131na de\u011findi.<br \/>\n  Hukuk boyutu konu\u015fuldu<br \/>\n  \u00d6\u011fleden sonra ger\u00e7ekle\u015ftirilen &#8220;\u00c7evreyi Koruman\u0131n Yollar\u0131 ve Akt\u00f6rleri&#8221; ba\u015fl\u0131kl\u0131 \u00fc\u00e7\u00fcnc\u00fc oturumda ise Antalya B\u00fcy\u00fck\u015fehir Belediyesi Ba\u015fkan Dan\u0131\u015fman\u0131 ve \u00c7evre Kurulu Ba\u015fkan\u0131 Lokman Atasoy moderat\u00f6r olarak yer ald\u0131.  Do\u011fa Koruma ve Milli Parklar Genel M\u00fcd\u00fcrl\u00fc\u011f\u00fcnden emekli olan Dr. Nihan Yenilmez Arpa, \u00fc\u00e7\u00fcnc\u00fc oturumda &#8220;Do\u011fay\u0131 Korumada Milli Parklar\u0131n Rol\u00fc ve Korunan Alanlar\u0131n rol\u00fc&#8221; konusunda de\u011finirken, Av. Zuhal D\u00f6nmez, &#8220;\u00c7evre Korumada STK&#8217;lar\u0131n Rol\u00fc&#8221;nden, Av.Dr.Fevzi \u00d6zl\u00fcer ise &#8220;\u00c7evre Korumada \u0130dari Yarg\u0131n\u0131n Rol\u00fc&#8221;nden bahsetti. <\/p>\n<p>20.04.2025                         <\/p>\n","protected":false},"excerpt":{"rendered":"<p>&#8211; UCLG-MEWA K\u00fclt\u00fcr ve Turizm Komite Toplant\u0131s\u0131 yap\u0131ld\u0131 &#8211; Ba\u015fkan Muhittin B\u00f6cek, &#8220;UCLG-MEWA \u00e7at\u0131s\u0131 alt\u0131nda \u00e7ok say\u0131da aktif g\u00f6rev ald\u0131k&#8221; 10.Antalya \u015eehircilik ve Teknolojileri Fuar\u0131 kapsam\u0131nda d\u00fczenlenen Yerel Y\u00f6netimler Sempozyumu, ikinci g\u00fcn\u00fcnde de dolu dolu ge\u00e7ti. Sempozyumun II. oturumunda &#8220;\u00c7evre Politikalar\u0131 ve Teknoloji \u0130li\u015fkisi&#8221; konusu ele al\u0131n\u0131rken, III. oturumda ise &#8220;\u00c7evreyi Koruman\u0131n Yollar\u0131 ve Akt\u00f6rleri&#8221; [&hellip;]<\/p>\n","protected":false},"author":1,"featured_media":5669,"comment_status":"open","ping_status":"open","sticky":false,"template":"","format":"standard","meta":{"footnotes":""},"categories":[50],"tags":[],"class_list":["post-5668","post","type-post","status-publish","format-standard","has-post-thumbnail","hentry","category-tum-haberler"],"yoast_head":"<!-- This site is optimized with the Yoast SEO plugin v27.4 - https:\/\/yoast.com\/product\/yoast-seo-wordpress\/ -->\n<title>10.Antalya \u015eehircilik ve Teknolojileri Fuar\u0131 devam ediyor - Memurun Sesi<\/title>\n<meta name=\"robots\" content=\"index, follow, max-snippet:-1, max-image-preview:large, max-video-preview:-1\" \/>\n<link rel=\"canonical\" href=\"https:\/\/memurunsesi.net\/index.php\/2025\/04\/20\/10-antalya-sehircilik-ve-teknolojileri-fuari-devam-ediyor\/\" \/>\n<meta property=\"og:locale\" content=\"tr_TR\" \/>\n<meta property=\"og:type\" content=\"article\" \/>\n<meta property=\"og:title\" content=\"10.Antalya \u015eehircilik ve Teknolojileri Fuar\u0131 devam ediyor - Memurun Sesi\" \/>\n<meta property=\"og:description\" content=\"&#8211; UCLG-MEWA K\u00fclt\u00fcr ve Turizm Komite Toplant\u0131s\u0131 yap\u0131ld\u0131 &#8211; Ba\u015fkan Muhittin B\u00f6cek, &#8220;UCLG-MEWA \u00e7at\u0131s\u0131 alt\u0131nda \u00e7ok say\u0131da aktif g\u00f6rev ald\u0131k&#8221; 10.Antalya \u015eehircilik ve Teknolojileri Fuar\u0131 kapsam\u0131nda d\u00fczenlenen Yerel Y\u00f6netimler Sempozyumu, ikinci g\u00fcn\u00fcnde de dolu dolu ge\u00e7ti. Sempozyumun II. oturumunda &#8220;\u00c7evre Politikalar\u0131 ve Teknoloji \u0130li\u015fkisi&#8221; konusu ele al\u0131n\u0131rken, III. oturumda ise &#8220;\u00c7evreyi Koruman\u0131n Yollar\u0131 ve Akt\u00f6rleri&#8221; [&hellip;]\" \/>\n<meta property=\"og:url\" content=\"https:\/\/memurunsesi.net\/index.php\/2025\/04\/20\/10-antalya-sehircilik-ve-teknolojileri-fuari-devam-ediyor\/\" \/>\n<meta property=\"og:site_name\" content=\"Memurun Sesi\" \/>\n<meta property=\"article:publisher\" content=\"https:\/\/www.facebook.com\/unipersen\/?locale=tr_TR\" \/>\n<meta property=\"article:published_time\" content=\"2025-04-20T15:56:03+00:00\" \/>\n<meta property=\"og:image\" content=\"https:\/\/memurunsesi.net\/wp-content\/uploads\/2025\/04\/AW436742_01-scaled.jpg\" \/>\n\t<meta property=\"og:image:width\" content=\"2560\" \/>\n\t<meta property=\"og:image:height\" content=\"1707\" \/>\n\t<meta property=\"og:image:type\" content=\"image\/jpeg\" \/>\n<meta name=\"author\" content=\"Memurun Sesi Haber Merkezi\" \/>\n<meta name=\"twitter:card\" content=\"summary_large_image\" \/>\n<meta name=\"twitter:creator\" content=\"@unipersen\" \/>\n<meta name=\"twitter:site\" content=\"@unipersen\" \/>\n<meta name=\"twitter:label1\" content=\"Yazan:\" \/>\n\t<meta name=\"twitter:data1\" content=\"Memurun Sesi Haber Merkezi\" \/>\n\t<meta name=\"twitter:label2\" content=\"Tahmini okuma s\u00fcresi\" \/>\n\t<meta name=\"twitter:data2\" content=\"1 dakika\" \/>\n<script type=\"application\/ld+json\" class=\"yoast-schema-graph\">{\"@context\":\"https:\\\/\\\/schema.org\",\"@graph\":[{\"@type\":\"Article\",\"@id\":\"https:\\\/\\\/memurunsesi.net\\\/index.php\\\/2025\\\/04\\\/20\\\/10-antalya-sehircilik-ve-teknolojileri-fuari-devam-ediyor\\\/#article\",\"isPartOf\":{\"@id\":\"https:\\\/\\\/memurunsesi.net\\\/index.php\\\/2025\\\/04\\\/20\\\/10-antalya-sehircilik-ve-teknolojileri-fuari-devam-ediyor\\\/\"},\"author\":{\"name\":\"Memurun Sesi Haber Merkezi\",\"@id\":\"https:\\\/\\\/memurunsesi.net\\\/#\\\/schema\\\/person\\\/f21c2d73b89f6ee1d80b0a1803e38587\"},\"headline\":\"10.Antalya \u015eehircilik ve Teknolojileri Fuar\u0131 devam ediyor\",\"datePublished\":\"2025-04-20T15:56:03+00:00\",\"mainEntityOfPage\":{\"@id\":\"https:\\\/\\\/memurunsesi.net\\\/index.php\\\/2025\\\/04\\\/20\\\/10-antalya-sehircilik-ve-teknolojileri-fuari-devam-ediyor\\\/\"},\"wordCount\":728,\"commentCount\":0,\"publisher\":{\"@id\":\"https:\\\/\\\/memurunsesi.net\\\/#organization\"},\"image\":{\"@id\":\"https:\\\/\\\/memurunsesi.net\\\/index.php\\\/2025\\\/04\\\/20\\\/10-antalya-sehircilik-ve-teknolojileri-fuari-devam-ediyor\\\/#primaryimage\"},\"thumbnailUrl\":\"https:\\\/\\\/memurunsesi.net\\\/wp-content\\\/uploads\\\/2025\\\/04\\\/AW436742_01-scaled.jpg\",\"articleSection\":[\"T\u00fcm Haberler\"],\"inLanguage\":\"tr\",\"potentialAction\":[{\"@type\":\"CommentAction\",\"name\":\"Comment\",\"target\":[\"https:\\\/\\\/memurunsesi.net\\\/index.php\\\/2025\\\/04\\\/20\\\/10-antalya-sehircilik-ve-teknolojileri-fuari-devam-ediyor\\\/#respond\"]}]},{\"@type\":\"WebPage\",\"@id\":\"https:\\\/\\\/memurunsesi.net\\\/index.php\\\/2025\\\/04\\\/20\\\/10-antalya-sehircilik-ve-teknolojileri-fuari-devam-ediyor\\\/\",\"url\":\"https:\\\/\\\/memurunsesi.net\\\/index.php\\\/2025\\\/04\\\/20\\\/10-antalya-sehircilik-ve-teknolojileri-fuari-devam-ediyor\\\/\",\"name\":\"10.Antalya \u015eehircilik ve Teknolojileri Fuar\u0131 devam ediyor - Memurun Sesi\",\"isPartOf\":{\"@id\":\"https:\\\/\\\/memurunsesi.net\\\/#website\"},\"primaryImageOfPage\":{\"@id\":\"https:\\\/\\\/memurunsesi.net\\\/index.php\\\/2025\\\/04\\\/20\\\/10-antalya-sehircilik-ve-teknolojileri-fuari-devam-ediyor\\\/#primaryimage\"},\"image\":{\"@id\":\"https:\\\/\\\/memurunsesi.net\\\/index.php\\\/2025\\\/04\\\/20\\\/10-antalya-sehircilik-ve-teknolojileri-fuari-devam-ediyor\\\/#primaryimage\"},\"thumbnailUrl\":\"https:\\\/\\\/memurunsesi.net\\\/wp-content\\\/uploads\\\/2025\\\/04\\\/AW436742_01-scaled.jpg\",\"datePublished\":\"2025-04-20T15:56:03+00:00\",\"breadcrumb\":{\"@id\":\"https:\\\/\\\/memurunsesi.net\\\/index.php\\\/2025\\\/04\\\/20\\\/10-antalya-sehircilik-ve-teknolojileri-fuari-devam-ediyor\\\/#breadcrumb\"},\"inLanguage\":\"tr\",\"potentialAction\":[{\"@type\":\"ReadAction\",\"target\":[\"https:\\\/\\\/memurunsesi.net\\\/index.php\\\/2025\\\/04\\\/20\\\/10-antalya-sehircilik-ve-teknolojileri-fuari-devam-ediyor\\\/\"]}]},{\"@type\":\"ImageObject\",\"inLanguage\":\"tr\",\"@id\":\"https:\\\/\\\/memurunsesi.net\\\/index.php\\\/2025\\\/04\\\/20\\\/10-antalya-sehircilik-ve-teknolojileri-fuari-devam-ediyor\\\/#primaryimage\",\"url\":\"https:\\\/\\\/memurunsesi.net\\\/wp-content\\\/uploads\\\/2025\\\/04\\\/AW436742_01-scaled.jpg\",\"contentUrl\":\"https:\\\/\\\/memurunsesi.net\\\/wp-content\\\/uploads\\\/2025\\\/04\\\/AW436742_01-scaled.jpg\",\"width\":2560,\"height\":1707,\"caption\":\"10.ANTALYA \u015eEH\u0130RC\u0130L\u0130K VE TEKNOLOJ\u0130LER\u0130 FUARI KAPSAMINDA D\u00dcZENLENEN YEREL Y\u00d6NET\u0130MLER SEMPOZYUMU, \u0130K\u0130NC\u0130 G\u00dcN\u00dcNDE DE DOLU DOLU GE\u00c7T\u0130. (\u0130HA\\\/ANTALYA-\u0130HA) 10.Antalya \u015eehircilik ve Teknolojileri Fuar\u0131 kapsam\u0131nda d\u00fczenlenen Yerel Y\u00f6netimler Sempozyumu, ikinci g\u00fcn\u00fcnde de dolu dolu ge\u00e7ti. Sempozyumun II. oturumunda \\\"\u00c7evre Politikalar\u0131 ve Teknoloji \u0130li\u015fkisi\\\" konusu ele al\u0131n\u0131rken, III. oturumda ise \\\"\u00c7evreyi Koruman\u0131n Yollar\u0131 ve Akt\u00f6rleri\\\" konusu masaya yat\u0131r\u0131ld\u0131. Sempozyumun 3. oturumunu takip eden Antalya B\u00fcy\u00fck\u015fehir Belediye Ba\u015fkan\u0131 Muhittin B\u00f6cek, sonras\u0131nda UCLG-MEWA K\u00fclt\u00fcr ve Turizm Komite Toplant\u0131s\u0131na kat\u0131ld\u0131.\"},{\"@type\":\"BreadcrumbList\",\"@id\":\"https:\\\/\\\/memurunsesi.net\\\/index.php\\\/2025\\\/04\\\/20\\\/10-antalya-sehircilik-ve-teknolojileri-fuari-devam-ediyor\\\/#breadcrumb\",\"itemListElement\":[{\"@type\":\"ListItem\",\"position\":1,\"name\":\"Anasayfa\",\"item\":\"https:\\\/\\\/memurunsesi.net\\\/\"},{\"@type\":\"ListItem\",\"position\":2,\"name\":\"10.Antalya \u015eehircilik ve Teknolojileri Fuar\u0131 devam ediyor\"}]},{\"@type\":\"WebSite\",\"@id\":\"https:\\\/\\\/memurunsesi.net\\\/#website\",\"url\":\"https:\\\/\\\/memurunsesi.net\\\/\",\"name\":\"Memurun Sesi\",\"description\":\"G\u00fcncel ve Do\u011fru Haber\",\"publisher\":{\"@id\":\"https:\\\/\\\/memurunsesi.net\\\/#organization\"},\"potentialAction\":[{\"@type\":\"SearchAction\",\"target\":{\"@type\":\"EntryPoint\",\"urlTemplate\":\"https:\\\/\\\/memurunsesi.net\\\/?s={search_term_string}\"},\"query-input\":{\"@type\":\"PropertyValueSpecification\",\"valueRequired\":true,\"valueName\":\"search_term_string\"}}],\"inLanguage\":\"tr\"},{\"@type\":\"Organization\",\"@id\":\"https:\\\/\\\/memurunsesi.net\\\/#organization\",\"name\":\"Memurun Sesi\",\"url\":\"https:\\\/\\\/memurunsesi.net\\\/\",\"logo\":{\"@type\":\"ImageObject\",\"inLanguage\":\"tr\",\"@id\":\"https:\\\/\\\/memurunsesi.net\\\/#\\\/schema\\\/logo\\\/image\\\/\",\"url\":\"https:\\\/\\\/memurunsesi.net\\\/wp-content\\\/uploads\\\/2025\\\/11\\\/cropped-MEMURUN-SESI.png\",\"contentUrl\":\"https:\\\/\\\/memurunsesi.net\\\/wp-content\\\/uploads\\\/2025\\\/11\\\/cropped-MEMURUN-SESI.png\",\"width\":238,\"height\":57,\"caption\":\"Memurun Sesi\"},\"image\":{\"@id\":\"https:\\\/\\\/memurunsesi.net\\\/#\\\/schema\\\/logo\\\/image\\\/\"},\"sameAs\":[\"https:\\\/\\\/www.facebook.com\\\/unipersen\\\/?locale=tr_TR\",\"https:\\\/\\\/x.com\\\/unipersen\"]},{\"@type\":\"Person\",\"@id\":\"https:\\\/\\\/memurunsesi.net\\\/#\\\/schema\\\/person\\\/f21c2d73b89f6ee1d80b0a1803e38587\",\"name\":\"Memurun Sesi Haber Merkezi\",\"image\":{\"@type\":\"ImageObject\",\"inLanguage\":\"tr\",\"@id\":\"https:\\\/\\\/secure.gravatar.com\\\/avatar\\\/6cf0505f452ee753f485014986fab09a434671d2b919ee76fc541025c5876a70?s=96&d=mm&r=g\",\"url\":\"https:\\\/\\\/secure.gravatar.com\\\/avatar\\\/6cf0505f452ee753f485014986fab09a434671d2b919ee76fc541025c5876a70?s=96&d=mm&r=g\",\"contentUrl\":\"https:\\\/\\\/secure.gravatar.com\\\/avatar\\\/6cf0505f452ee753f485014986fab09a434671d2b919ee76fc541025c5876a70?s=96&d=mm&r=g\",\"caption\":\"Memurun Sesi Haber Merkezi\"},\"sameAs\":[\"https:\\\/\\\/memurunsesi.net\"],\"url\":\"https:\\\/\\\/memurunsesi.net\\\/index.php\\\/author\\\/uniper\\\/\"}]}<\/script>\n<!-- \/ Yoast SEO plugin. -->","yoast_head_json":{"title":"10.Antalya \u015eehircilik ve Teknolojileri Fuar\u0131 devam ediyor - Memurun Sesi","robots":{"index":"index","follow":"follow","max-snippet":"max-snippet:-1","max-image-preview":"max-image-preview:large","max-video-preview":"max-video-preview:-1"},"canonical":"https:\/\/memurunsesi.net\/index.php\/2025\/04\/20\/10-antalya-sehircilik-ve-teknolojileri-fuari-devam-ediyor\/","og_locale":"tr_TR","og_type":"article","og_title":"10.Antalya \u015eehircilik ve Teknolojileri Fuar\u0131 devam ediyor - Memurun Sesi","og_description":"&#8211; UCLG-MEWA K\u00fclt\u00fcr ve Turizm Komite Toplant\u0131s\u0131 yap\u0131ld\u0131 &#8211; Ba\u015fkan Muhittin B\u00f6cek, &#8220;UCLG-MEWA \u00e7at\u0131s\u0131 alt\u0131nda \u00e7ok say\u0131da aktif g\u00f6rev ald\u0131k&#8221; 10.Antalya \u015eehircilik ve Teknolojileri Fuar\u0131 kapsam\u0131nda d\u00fczenlenen Yerel Y\u00f6netimler Sempozyumu, ikinci g\u00fcn\u00fcnde de dolu dolu ge\u00e7ti. Sempozyumun II. oturumunda &#8220;\u00c7evre Politikalar\u0131 ve Teknoloji \u0130li\u015fkisi&#8221; konusu ele al\u0131n\u0131rken, III. oturumda ise &#8220;\u00c7evreyi Koruman\u0131n Yollar\u0131 ve Akt\u00f6rleri&#8221; [&hellip;]","og_url":"https:\/\/memurunsesi.net\/index.php\/2025\/04\/20\/10-antalya-sehircilik-ve-teknolojileri-fuari-devam-ediyor\/","og_site_name":"Memurun Sesi","article_publisher":"https:\/\/www.facebook.com\/unipersen\/?locale=tr_TR","article_published_time":"2025-04-20T15:56:03+00:00","og_image":[{"width":2560,"height":1707,"url":"https:\/\/memurunsesi.net\/wp-content\/uploads\/2025\/04\/AW436742_01-scaled.jpg","type":"image\/jpeg"}],"author":"Memurun Sesi Haber Merkezi","twitter_card":"summary_large_image","twitter_creator":"@unipersen","twitter_site":"@unipersen","twitter_misc":{"Yazan:":"Memurun Sesi Haber Merkezi","Tahmini okuma s\u00fcresi":"1 dakika"},"schema":{"@context":"https:\/\/schema.org","@graph":[{"@type":"Article","@id":"https:\/\/memurunsesi.net\/index.php\/2025\/04\/20\/10-antalya-sehircilik-ve-teknolojileri-fuari-devam-ediyor\/#article","isPartOf":{"@id":"https:\/\/memurunsesi.net\/index.php\/2025\/04\/20\/10-antalya-sehircilik-ve-teknolojileri-fuari-devam-ediyor\/"},"author":{"name":"Memurun Sesi Haber Merkezi","@id":"https:\/\/memurunsesi.net\/#\/schema\/person\/f21c2d73b89f6ee1d80b0a1803e38587"},"headline":"10.Antalya \u015eehircilik ve Teknolojileri Fuar\u0131 devam ediyor","datePublished":"2025-04-20T15:56:03+00:00","mainEntityOfPage":{"@id":"https:\/\/memurunsesi.net\/index.php\/2025\/04\/20\/10-antalya-sehircilik-ve-teknolojileri-fuari-devam-ediyor\/"},"wordCount":728,"commentCount":0,"publisher":{"@id":"https:\/\/memurunsesi.net\/#organization"},"image":{"@id":"https:\/\/memurunsesi.net\/index.php\/2025\/04\/20\/10-antalya-sehircilik-ve-teknolojileri-fuari-devam-ediyor\/#primaryimage"},"thumbnailUrl":"https:\/\/memurunsesi.net\/wp-content\/uploads\/2025\/04\/AW436742_01-scaled.jpg","articleSection":["T\u00fcm Haberler"],"inLanguage":"tr","potentialAction":[{"@type":"CommentAction","name":"Comment","target":["https:\/\/memurunsesi.net\/index.php\/2025\/04\/20\/10-antalya-sehircilik-ve-teknolojileri-fuari-devam-ediyor\/#respond"]}]},{"@type":"WebPage","@id":"https:\/\/memurunsesi.net\/index.php\/2025\/04\/20\/10-antalya-sehircilik-ve-teknolojileri-fuari-devam-ediyor\/","url":"https:\/\/memurunsesi.net\/index.php\/2025\/04\/20\/10-antalya-sehircilik-ve-teknolojileri-fuari-devam-ediyor\/","name":"10.Antalya \u015eehircilik ve Teknolojileri Fuar\u0131 devam ediyor - Memurun Sesi","isPartOf":{"@id":"https:\/\/memurunsesi.net\/#website"},"primaryImageOfPage":{"@id":"https:\/\/memurunsesi.net\/index.php\/2025\/04\/20\/10-antalya-sehircilik-ve-teknolojileri-fuari-devam-ediyor\/#primaryimage"},"image":{"@id":"https:\/\/memurunsesi.net\/index.php\/2025\/04\/20\/10-antalya-sehircilik-ve-teknolojileri-fuari-devam-ediyor\/#primaryimage"},"thumbnailUrl":"https:\/\/memurunsesi.net\/wp-content\/uploads\/2025\/04\/AW436742_01-scaled.jpg","datePublished":"2025-04-20T15:56:03+00:00","breadcrumb":{"@id":"https:\/\/memurunsesi.net\/index.php\/2025\/04\/20\/10-antalya-sehircilik-ve-teknolojileri-fuari-devam-ediyor\/#breadcrumb"},"inLanguage":"tr","potentialAction":[{"@type":"ReadAction","target":["https:\/\/memurunsesi.net\/index.php\/2025\/04\/20\/10-antalya-sehircilik-ve-teknolojileri-fuari-devam-ediyor\/"]}]},{"@type":"ImageObject","inLanguage":"tr","@id":"https:\/\/memurunsesi.net\/index.php\/2025\/04\/20\/10-antalya-sehircilik-ve-teknolojileri-fuari-devam-ediyor\/#primaryimage","url":"https:\/\/memurunsesi.net\/wp-content\/uploads\/2025\/04\/AW436742_01-scaled.jpg","contentUrl":"https:\/\/memurunsesi.net\/wp-content\/uploads\/2025\/04\/AW436742_01-scaled.jpg","width":2560,"height":1707,"caption":"10.ANTALYA \u015eEH\u0130RC\u0130L\u0130K VE TEKNOLOJ\u0130LER\u0130 FUARI KAPSAMINDA D\u00dcZENLENEN YEREL Y\u00d6NET\u0130MLER SEMPOZYUMU, \u0130K\u0130NC\u0130 G\u00dcN\u00dcNDE DE DOLU DOLU GE\u00c7T\u0130. (\u0130HA\/ANTALYA-\u0130HA) 10.Antalya \u015eehircilik ve Teknolojileri Fuar\u0131 kapsam\u0131nda d\u00fczenlenen Yerel Y\u00f6netimler Sempozyumu, ikinci g\u00fcn\u00fcnde de dolu dolu ge\u00e7ti. Sempozyumun II. oturumunda \"\u00c7evre Politikalar\u0131 ve Teknoloji \u0130li\u015fkisi\" konusu ele al\u0131n\u0131rken, III. oturumda ise \"\u00c7evreyi Koruman\u0131n Yollar\u0131 ve Akt\u00f6rleri\" konusu masaya yat\u0131r\u0131ld\u0131. Sempozyumun 3. oturumunu takip eden Antalya B\u00fcy\u00fck\u015fehir Belediye Ba\u015fkan\u0131 Muhittin B\u00f6cek, sonras\u0131nda UCLG-MEWA K\u00fclt\u00fcr ve Turizm Komite Toplant\u0131s\u0131na kat\u0131ld\u0131."},{"@type":"BreadcrumbList","@id":"https:\/\/memurunsesi.net\/index.php\/2025\/04\/20\/10-antalya-sehircilik-ve-teknolojileri-fuari-devam-ediyor\/#breadcrumb","itemListElement":[{"@type":"ListItem","position":1,"name":"Anasayfa","item":"https:\/\/memurunsesi.net\/"},{"@type":"ListItem","position":2,"name":"10.Antalya \u015eehircilik ve Teknolojileri Fuar\u0131 devam ediyor"}]},{"@type":"WebSite","@id":"https:\/\/memurunsesi.net\/#website","url":"https:\/\/memurunsesi.net\/","name":"Memurun Sesi","description":"G\u00fcncel ve Do\u011fru Haber","publisher":{"@id":"https:\/\/memurunsesi.net\/#organization"},"potentialAction":[{"@type":"SearchAction","target":{"@type":"EntryPoint","urlTemplate":"https:\/\/memurunsesi.net\/?s={search_term_string}"},"query-input":{"@type":"PropertyValueSpecification","valueRequired":true,"valueName":"search_term_string"}}],"inLanguage":"tr"},{"@type":"Organization","@id":"https:\/\/memurunsesi.net\/#organization","name":"Memurun Sesi","url":"https:\/\/memurunsesi.net\/","logo":{"@type":"ImageObject","inLanguage":"tr","@id":"https:\/\/memurunsesi.net\/#\/schema\/logo\/image\/","url":"https:\/\/memurunsesi.net\/wp-content\/uploads\/2025\/11\/cropped-MEMURUN-SESI.png","contentUrl":"https:\/\/memurunsesi.net\/wp-content\/uploads\/2025\/11\/cropped-MEMURUN-SESI.png","width":238,"height":57,"caption":"Memurun Sesi"},"image":{"@id":"https:\/\/memurunsesi.net\/#\/schema\/logo\/image\/"},"sameAs":["https:\/\/www.facebook.com\/unipersen\/?locale=tr_TR","https:\/\/x.com\/unipersen"]},{"@type":"Person","@id":"https:\/\/memurunsesi.net\/#\/schema\/person\/f21c2d73b89f6ee1d80b0a1803e38587","name":"Memurun Sesi Haber Merkezi","image":{"@type":"ImageObject","inLanguage":"tr","@id":"https:\/\/secure.gravatar.com\/avatar\/6cf0505f452ee753f485014986fab09a434671d2b919ee76fc541025c5876a70?s=96&d=mm&r=g","url":"https:\/\/secure.gravatar.com\/avatar\/6cf0505f452ee753f485014986fab09a434671d2b919ee76fc541025c5876a70?s=96&d=mm&r=g","contentUrl":"https:\/\/secure.gravatar.com\/avatar\/6cf0505f452ee753f485014986fab09a434671d2b919ee76fc541025c5876a70?s=96&d=mm&r=g","caption":"Memurun Sesi Haber Merkezi"},"sameAs":["https:\/\/memurunsesi.net"],"url":"https:\/\/memurunsesi.net\/index.php\/author\/uniper\/"}]}},"_links":{"self":[{"href":"https:\/\/memurunsesi.net\/index.php\/wp-json\/wp\/v2\/posts\/5668","targetHints":{"allow":["GET"]}}],"collection":[{"href":"https:\/\/memurunsesi.net\/index.php\/wp-json\/wp\/v2\/posts"}],"about":[{"href":"https:\/\/memurunsesi.net\/index.php\/wp-json\/wp\/v2\/types\/post"}],"author":[{"embeddable":true,"href":"https:\/\/memurunsesi.net\/index.php\/wp-json\/wp\/v2\/users\/1"}],"replies":[{"embeddable":true,"href":"https:\/\/memurunsesi.net\/index.php\/wp-json\/wp\/v2\/comments?post=5668"}],"version-history":[{"count":1,"href":"https:\/\/memurunsesi.net\/index.php\/wp-json\/wp\/v2\/posts\/5668\/revisions"}],"predecessor-version":[{"id":5670,"href":"https:\/\/memurunsesi.net\/index.php\/wp-json\/wp\/v2\/posts\/5668\/revisions\/5670"}],"wp:featuredmedia":[{"embeddable":true,"href":"https:\/\/memurunsesi.net\/index.php\/wp-json\/wp\/v2\/media\/5669"}],"wp:attachment":[{"href":"https:\/\/memurunsesi.net\/index.php\/wp-json\/wp\/v2\/media?parent=5668"}],"wp:term":[{"taxonomy":"category","embeddable":true,"href":"https:\/\/memurunsesi.net\/index.php\/wp-json\/wp\/v2\/categories?post=5668"},{"taxonomy":"post_tag","embeddable":true,"href":"https:\/\/memurunsesi.net\/index.php\/wp-json\/wp\/v2\/tags?post=5668"}],"curies":[{"name":"wp","href":"https:\/\/api.w.org\/{rel}","templated":true}]}}