{"id":5680,"date":"2025-04-21T09:00:41","date_gmt":"2025-04-21T06:00:41","guid":{"rendered":"https:\/\/memurunsesi.net\/?p=5680"},"modified":"2025-04-21T09:00:41","modified_gmt":"2025-04-21T06:00:41","slug":"ogrencilere-yonelik-meslek-tanitim-etkinligi-duzenlendi","status":"publish","type":"post","link":"https:\/\/memurunsesi.net\/index.php\/2025\/04\/21\/ogrencilere-yonelik-meslek-tanitim-etkinligi-duzenlendi\/","title":{"rendered":"\u00d6\u011frencilere y\u00f6nelik meslek tan\u0131t\u0131m etkinli\u011fi d\u00fczenlendi"},"content":{"rendered":"<p>\n A\u011fr\u0131&#8217;n\u0131n Diyadin il\u00e7esinde \u00f6\u011frencilere y\u00f6nelik meslek tan\u0131t\u0131m etkinli\u011fi ger\u00e7ekle\u015ftirildi.<br \/>\nDiyadin il\u00e7esinde bulunan 14 Nisan \u0130lkokulu&#8217;nda, \u00f6\u011frencilerin gelecekteki kariyer se\u00e7imlerine \u0131\u015f\u0131k tutmay\u0131 ama\u00e7layan kapsaml\u0131 bir meslek tan\u0131t\u0131m e\u011fitimi d\u00fczenlendi. Bu anlaml\u0131 etkinlikte, il\u00e7ede hizmet veren jandarma personeli, polis memurlar\u0131, \u00e7e\u015fitli kurum m\u00fcd\u00fcrleri, imamlar ve bir di\u015f hekimi yer alarak, kendi mesleklerinin inceliklerini ve toplum i\u00e7in ta\u015f\u0131d\u0131\u011f\u0131 \u00f6nemi \u00f6\u011frencilere detayl\u0131 bir \u015fekilde anlatt\u0131lar.<br \/>\n  Mesleklerin toplumsal yap\u0131daki yeri hakk\u0131nda bilgilendirici sunumlar yaparak katk\u0131da bulunan kat\u0131l\u0131mc\u0131lar, \u00f6\u011frencileri motive etmek ad\u0131na \u00e7e\u015fitli hediyeler de takdim ettiler.<br \/>\n  Ayr\u0131ca, merakl\u0131 ve ilgili \u00f6\u011frencilerin sorular\u0131na titizlikle cevap vererek, onlara meslekleriyle ilgili daha geni\u015f bir perspektif kazand\u0131rd\u0131lar. Bu \u015fekilde \u00f6\u011frencilere, gelecekteki meslek se\u00e7imlerinde daha bilin\u00e7li ve bilgi dolu kararlar almalar\u0131 i\u00e7in te\u015fvik edici ve \u00f6\u011fretici bir ortam sunulmu\u015f oldu. <\/p>\n<p>21.04.2025                                 <\/p>\n","protected":false},"excerpt":{"rendered":"<p>A\u011fr\u0131&#8217;n\u0131n Diyadin il\u00e7esinde \u00f6\u011frencilere y\u00f6nelik meslek tan\u0131t\u0131m etkinli\u011fi ger\u00e7ekle\u015ftirildi. Diyadin il\u00e7esinde bulunan 14 Nisan \u0130lkokulu&#8217;nda, \u00f6\u011frencilerin gelecekteki kariyer se\u00e7imlerine \u0131\u015f\u0131k tutmay\u0131 ama\u00e7layan kapsaml\u0131 bir meslek tan\u0131t\u0131m e\u011fitimi d\u00fczenlendi. Bu anlaml\u0131 etkinlikte, il\u00e7ede hizmet veren jandarma personeli, polis memurlar\u0131, \u00e7e\u015fitli kurum m\u00fcd\u00fcrleri, imamlar ve bir di\u015f hekimi yer alarak, kendi mesleklerinin inceliklerini ve toplum i\u00e7in ta\u015f\u0131d\u0131\u011f\u0131 [&hellip;]<\/p>\n","protected":false},"author":1,"featured_media":5681,"comment_status":"open","ping_status":"open","sticky":false,"template":"","format":"standard","meta":{"footnotes":""},"categories":[50],"tags":[],"class_list":["post-5680","post","type-post","status-publish","format-standard","has-post-thumbnail","hentry","category-tum-haberler"],"yoast_head":"<!-- This site is optimized with the Yoast SEO plugin v27.4 - https:\/\/yoast.com\/product\/yoast-seo-wordpress\/ -->\n<title>\u00d6\u011frencilere y\u00f6nelik meslek tan\u0131t\u0131m etkinli\u011fi d\u00fczenlendi - Memurun Sesi<\/title>\n<meta name=\"robots\" content=\"index, follow, max-snippet:-1, max-image-preview:large, max-video-preview:-1\" \/>\n<link rel=\"canonical\" href=\"https:\/\/memurunsesi.net\/index.php\/2025\/04\/21\/ogrencilere-yonelik-meslek-tanitim-etkinligi-duzenlendi\/\" \/>\n<meta property=\"og:locale\" content=\"tr_TR\" \/>\n<meta property=\"og:type\" content=\"article\" \/>\n<meta property=\"og:title\" content=\"\u00d6\u011frencilere y\u00f6nelik meslek tan\u0131t\u0131m etkinli\u011fi d\u00fczenlendi - Memurun Sesi\" \/>\n<meta property=\"og:description\" content=\"A\u011fr\u0131&#8217;n\u0131n Diyadin il\u00e7esinde \u00f6\u011frencilere y\u00f6nelik meslek tan\u0131t\u0131m etkinli\u011fi ger\u00e7ekle\u015ftirildi. Diyadin il\u00e7esinde bulunan 14 Nisan \u0130lkokulu&#8217;nda, \u00f6\u011frencilerin gelecekteki kariyer se\u00e7imlerine \u0131\u015f\u0131k tutmay\u0131 ama\u00e7layan kapsaml\u0131 bir meslek tan\u0131t\u0131m e\u011fitimi d\u00fczenlendi. Bu anlaml\u0131 etkinlikte, il\u00e7ede hizmet veren jandarma personeli, polis memurlar\u0131, \u00e7e\u015fitli kurum m\u00fcd\u00fcrleri, imamlar ve bir di\u015f hekimi yer alarak, kendi mesleklerinin inceliklerini ve toplum i\u00e7in ta\u015f\u0131d\u0131\u011f\u0131 [&hellip;]\" \/>\n<meta property=\"og:url\" content=\"https:\/\/memurunsesi.net\/index.php\/2025\/04\/21\/ogrencilere-yonelik-meslek-tanitim-etkinligi-duzenlendi\/\" \/>\n<meta property=\"og:site_name\" content=\"Memurun Sesi\" \/>\n<meta property=\"article:publisher\" content=\"https:\/\/www.facebook.com\/unipersen\/?locale=tr_TR\" \/>\n<meta property=\"article:published_time\" content=\"2025-04-21T06:00:41+00:00\" \/>\n<meta property=\"og:image\" content=\"https:\/\/memurunsesi.net\/wp-content\/uploads\/2025\/04\/AW437158_01.jpg\" \/>\n\t<meta property=\"og:image:width\" content=\"1600\" \/>\n\t<meta property=\"og:image:height\" content=\"1200\" \/>\n\t<meta property=\"og:image:type\" content=\"image\/jpeg\" \/>\n<meta name=\"author\" content=\"Memurun Sesi Haber Merkezi\" \/>\n<meta name=\"twitter:card\" content=\"summary_large_image\" \/>\n<meta name=\"twitter:creator\" content=\"@unipersen\" \/>\n<meta name=\"twitter:site\" content=\"@unipersen\" \/>\n<meta name=\"twitter:label1\" content=\"Yazan:\" \/>\n\t<meta name=\"twitter:data1\" content=\"Memurun Sesi Haber Merkezi\" \/>\n\t<meta name=\"twitter:label2\" content=\"Tahmini okuma s\u00fcresi\" \/>\n\t<meta name=\"twitter:data2\" content=\"1 dakika\" \/>\n<script type=\"application\/ld+json\" class=\"yoast-schema-graph\">{\"@context\":\"https:\\\/\\\/schema.org\",\"@graph\":[{\"@type\":\"Article\",\"@id\":\"https:\\\/\\\/memurunsesi.net\\\/index.php\\\/2025\\\/04\\\/21\\\/ogrencilere-yonelik-meslek-tanitim-etkinligi-duzenlendi\\\/#article\",\"isPartOf\":{\"@id\":\"https:\\\/\\\/memurunsesi.net\\\/index.php\\\/2025\\\/04\\\/21\\\/ogrencilere-yonelik-meslek-tanitim-etkinligi-duzenlendi\\\/\"},\"author\":{\"name\":\"Memurun Sesi Haber Merkezi\",\"@id\":\"https:\\\/\\\/memurunsesi.net\\\/#\\\/schema\\\/person\\\/f21c2d73b89f6ee1d80b0a1803e38587\"},\"headline\":\"\u00d6\u011frencilere y\u00f6nelik meslek tan\u0131t\u0131m etkinli\u011fi d\u00fczenlendi\",\"datePublished\":\"2025-04-21T06:00:41+00:00\",\"mainEntityOfPage\":{\"@id\":\"https:\\\/\\\/memurunsesi.net\\\/index.php\\\/2025\\\/04\\\/21\\\/ogrencilere-yonelik-meslek-tanitim-etkinligi-duzenlendi\\\/\"},\"wordCount\":171,\"commentCount\":0,\"publisher\":{\"@id\":\"https:\\\/\\\/memurunsesi.net\\\/#organization\"},\"image\":{\"@id\":\"https:\\\/\\\/memurunsesi.net\\\/index.php\\\/2025\\\/04\\\/21\\\/ogrencilere-yonelik-meslek-tanitim-etkinligi-duzenlendi\\\/#primaryimage\"},\"thumbnailUrl\":\"https:\\\/\\\/memurunsesi.net\\\/wp-content\\\/uploads\\\/2025\\\/04\\\/AW437158_01.jpg\",\"articleSection\":[\"T\u00fcm Haberler\"],\"inLanguage\":\"tr\",\"potentialAction\":[{\"@type\":\"CommentAction\",\"name\":\"Comment\",\"target\":[\"https:\\\/\\\/memurunsesi.net\\\/index.php\\\/2025\\\/04\\\/21\\\/ogrencilere-yonelik-meslek-tanitim-etkinligi-duzenlendi\\\/#respond\"]}]},{\"@type\":\"WebPage\",\"@id\":\"https:\\\/\\\/memurunsesi.net\\\/index.php\\\/2025\\\/04\\\/21\\\/ogrencilere-yonelik-meslek-tanitim-etkinligi-duzenlendi\\\/\",\"url\":\"https:\\\/\\\/memurunsesi.net\\\/index.php\\\/2025\\\/04\\\/21\\\/ogrencilere-yonelik-meslek-tanitim-etkinligi-duzenlendi\\\/\",\"name\":\"\u00d6\u011frencilere y\u00f6nelik meslek tan\u0131t\u0131m etkinli\u011fi d\u00fczenlendi - Memurun Sesi\",\"isPartOf\":{\"@id\":\"https:\\\/\\\/memurunsesi.net\\\/#website\"},\"primaryImageOfPage\":{\"@id\":\"https:\\\/\\\/memurunsesi.net\\\/index.php\\\/2025\\\/04\\\/21\\\/ogrencilere-yonelik-meslek-tanitim-etkinligi-duzenlendi\\\/#primaryimage\"},\"image\":{\"@id\":\"https:\\\/\\\/memurunsesi.net\\\/index.php\\\/2025\\\/04\\\/21\\\/ogrencilere-yonelik-meslek-tanitim-etkinligi-duzenlendi\\\/#primaryimage\"},\"thumbnailUrl\":\"https:\\\/\\\/memurunsesi.net\\\/wp-content\\\/uploads\\\/2025\\\/04\\\/AW437158_01.jpg\",\"datePublished\":\"2025-04-21T06:00:41+00:00\",\"breadcrumb\":{\"@id\":\"https:\\\/\\\/memurunsesi.net\\\/index.php\\\/2025\\\/04\\\/21\\\/ogrencilere-yonelik-meslek-tanitim-etkinligi-duzenlendi\\\/#breadcrumb\"},\"inLanguage\":\"tr\",\"potentialAction\":[{\"@type\":\"ReadAction\",\"target\":[\"https:\\\/\\\/memurunsesi.net\\\/index.php\\\/2025\\\/04\\\/21\\\/ogrencilere-yonelik-meslek-tanitim-etkinligi-duzenlendi\\\/\"]}]},{\"@type\":\"ImageObject\",\"inLanguage\":\"tr\",\"@id\":\"https:\\\/\\\/memurunsesi.net\\\/index.php\\\/2025\\\/04\\\/21\\\/ogrencilere-yonelik-meslek-tanitim-etkinligi-duzenlendi\\\/#primaryimage\",\"url\":\"https:\\\/\\\/memurunsesi.net\\\/wp-content\\\/uploads\\\/2025\\\/04\\\/AW437158_01.jpg\",\"contentUrl\":\"https:\\\/\\\/memurunsesi.net\\\/wp-content\\\/uploads\\\/2025\\\/04\\\/AW437158_01.jpg\",\"width\":1600,\"height\":1200,\"caption\":\"\u00d6\u011eRENC\u0130LERE Y\u00d6NEL\u0130K MESLEK TANITIM ETK\u0130NL\u0130\u011e\u0130 D\u00dcZENLEND\u0130 (EMRULLAH KAR\u0130P\\\/A\u011eRI-\u0130HA) A\u011fr\u0131'n\u0131n Diyadin il\u00e7esinde \u00f6\u011frencilere y\u00f6nelik meslek tan\u0131t\u0131m etkinli\u011fi ger\u00e7ekle\u015ftirildi.\"},{\"@type\":\"BreadcrumbList\",\"@id\":\"https:\\\/\\\/memurunsesi.net\\\/index.php\\\/2025\\\/04\\\/21\\\/ogrencilere-yonelik-meslek-tanitim-etkinligi-duzenlendi\\\/#breadcrumb\",\"itemListElement\":[{\"@type\":\"ListItem\",\"position\":1,\"name\":\"Anasayfa\",\"item\":\"https:\\\/\\\/memurunsesi.net\\\/\"},{\"@type\":\"ListItem\",\"position\":2,\"name\":\"\u00d6\u011frencilere y\u00f6nelik meslek tan\u0131t\u0131m etkinli\u011fi d\u00fczenlendi\"}]},{\"@type\":\"WebSite\",\"@id\":\"https:\\\/\\\/memurunsesi.net\\\/#website\",\"url\":\"https:\\\/\\\/memurunsesi.net\\\/\",\"name\":\"Memurun Sesi\",\"description\":\"G\u00fcncel ve Do\u011fru Haber\",\"publisher\":{\"@id\":\"https:\\\/\\\/memurunsesi.net\\\/#organization\"},\"potentialAction\":[{\"@type\":\"SearchAction\",\"target\":{\"@type\":\"EntryPoint\",\"urlTemplate\":\"https:\\\/\\\/memurunsesi.net\\\/?s={search_term_string}\"},\"query-input\":{\"@type\":\"PropertyValueSpecification\",\"valueRequired\":true,\"valueName\":\"search_term_string\"}}],\"inLanguage\":\"tr\"},{\"@type\":\"Organization\",\"@id\":\"https:\\\/\\\/memurunsesi.net\\\/#organization\",\"name\":\"Memurun Sesi\",\"url\":\"https:\\\/\\\/memurunsesi.net\\\/\",\"logo\":{\"@type\":\"ImageObject\",\"inLanguage\":\"tr\",\"@id\":\"https:\\\/\\\/memurunsesi.net\\\/#\\\/schema\\\/logo\\\/image\\\/\",\"url\":\"https:\\\/\\\/memurunsesi.net\\\/wp-content\\\/uploads\\\/2025\\\/11\\\/cropped-MEMURUN-SESI.png\",\"contentUrl\":\"https:\\\/\\\/memurunsesi.net\\\/wp-content\\\/uploads\\\/2025\\\/11\\\/cropped-MEMURUN-SESI.png\",\"width\":238,\"height\":57,\"caption\":\"Memurun Sesi\"},\"image\":{\"@id\":\"https:\\\/\\\/memurunsesi.net\\\/#\\\/schema\\\/logo\\\/image\\\/\"},\"sameAs\":[\"https:\\\/\\\/www.facebook.com\\\/unipersen\\\/?locale=tr_TR\",\"https:\\\/\\\/x.com\\\/unipersen\"]},{\"@type\":\"Person\",\"@id\":\"https:\\\/\\\/memurunsesi.net\\\/#\\\/schema\\\/person\\\/f21c2d73b89f6ee1d80b0a1803e38587\",\"name\":\"Memurun Sesi Haber Merkezi\",\"image\":{\"@type\":\"ImageObject\",\"inLanguage\":\"tr\",\"@id\":\"https:\\\/\\\/secure.gravatar.com\\\/avatar\\\/6cf0505f452ee753f485014986fab09a434671d2b919ee76fc541025c5876a70?s=96&d=mm&r=g\",\"url\":\"https:\\\/\\\/secure.gravatar.com\\\/avatar\\\/6cf0505f452ee753f485014986fab09a434671d2b919ee76fc541025c5876a70?s=96&d=mm&r=g\",\"contentUrl\":\"https:\\\/\\\/secure.gravatar.com\\\/avatar\\\/6cf0505f452ee753f485014986fab09a434671d2b919ee76fc541025c5876a70?s=96&d=mm&r=g\",\"caption\":\"Memurun Sesi Haber Merkezi\"},\"sameAs\":[\"https:\\\/\\\/memurunsesi.net\"],\"url\":\"https:\\\/\\\/memurunsesi.net\\\/index.php\\\/author\\\/uniper\\\/\"}]}<\/script>\n<!-- \/ Yoast SEO plugin. -->","yoast_head_json":{"title":"\u00d6\u011frencilere y\u00f6nelik meslek tan\u0131t\u0131m etkinli\u011fi d\u00fczenlendi - Memurun Sesi","robots":{"index":"index","follow":"follow","max-snippet":"max-snippet:-1","max-image-preview":"max-image-preview:large","max-video-preview":"max-video-preview:-1"},"canonical":"https:\/\/memurunsesi.net\/index.php\/2025\/04\/21\/ogrencilere-yonelik-meslek-tanitim-etkinligi-duzenlendi\/","og_locale":"tr_TR","og_type":"article","og_title":"\u00d6\u011frencilere y\u00f6nelik meslek tan\u0131t\u0131m etkinli\u011fi d\u00fczenlendi - Memurun Sesi","og_description":"A\u011fr\u0131&#8217;n\u0131n Diyadin il\u00e7esinde \u00f6\u011frencilere y\u00f6nelik meslek tan\u0131t\u0131m etkinli\u011fi ger\u00e7ekle\u015ftirildi. Diyadin il\u00e7esinde bulunan 14 Nisan \u0130lkokulu&#8217;nda, \u00f6\u011frencilerin gelecekteki kariyer se\u00e7imlerine \u0131\u015f\u0131k tutmay\u0131 ama\u00e7layan kapsaml\u0131 bir meslek tan\u0131t\u0131m e\u011fitimi d\u00fczenlendi. Bu anlaml\u0131 etkinlikte, il\u00e7ede hizmet veren jandarma personeli, polis memurlar\u0131, \u00e7e\u015fitli kurum m\u00fcd\u00fcrleri, imamlar ve bir di\u015f hekimi yer alarak, kendi mesleklerinin inceliklerini ve toplum i\u00e7in ta\u015f\u0131d\u0131\u011f\u0131 [&hellip;]","og_url":"https:\/\/memurunsesi.net\/index.php\/2025\/04\/21\/ogrencilere-yonelik-meslek-tanitim-etkinligi-duzenlendi\/","og_site_name":"Memurun Sesi","article_publisher":"https:\/\/www.facebook.com\/unipersen\/?locale=tr_TR","article_published_time":"2025-04-21T06:00:41+00:00","og_image":[{"width":1600,"height":1200,"url":"https:\/\/memurunsesi.net\/wp-content\/uploads\/2025\/04\/AW437158_01.jpg","type":"image\/jpeg"}],"author":"Memurun Sesi Haber Merkezi","twitter_card":"summary_large_image","twitter_creator":"@unipersen","twitter_site":"@unipersen","twitter_misc":{"Yazan:":"Memurun Sesi Haber Merkezi","Tahmini okuma s\u00fcresi":"1 dakika"},"schema":{"@context":"https:\/\/schema.org","@graph":[{"@type":"Article","@id":"https:\/\/memurunsesi.net\/index.php\/2025\/04\/21\/ogrencilere-yonelik-meslek-tanitim-etkinligi-duzenlendi\/#article","isPartOf":{"@id":"https:\/\/memurunsesi.net\/index.php\/2025\/04\/21\/ogrencilere-yonelik-meslek-tanitim-etkinligi-duzenlendi\/"},"author":{"name":"Memurun Sesi Haber Merkezi","@id":"https:\/\/memurunsesi.net\/#\/schema\/person\/f21c2d73b89f6ee1d80b0a1803e38587"},"headline":"\u00d6\u011frencilere y\u00f6nelik meslek tan\u0131t\u0131m etkinli\u011fi d\u00fczenlendi","datePublished":"2025-04-21T06:00:41+00:00","mainEntityOfPage":{"@id":"https:\/\/memurunsesi.net\/index.php\/2025\/04\/21\/ogrencilere-yonelik-meslek-tanitim-etkinligi-duzenlendi\/"},"wordCount":171,"commentCount":0,"publisher":{"@id":"https:\/\/memurunsesi.net\/#organization"},"image":{"@id":"https:\/\/memurunsesi.net\/index.php\/2025\/04\/21\/ogrencilere-yonelik-meslek-tanitim-etkinligi-duzenlendi\/#primaryimage"},"thumbnailUrl":"https:\/\/memurunsesi.net\/wp-content\/uploads\/2025\/04\/AW437158_01.jpg","articleSection":["T\u00fcm Haberler"],"inLanguage":"tr","potentialAction":[{"@type":"CommentAction","name":"Comment","target":["https:\/\/memurunsesi.net\/index.php\/2025\/04\/21\/ogrencilere-yonelik-meslek-tanitim-etkinligi-duzenlendi\/#respond"]}]},{"@type":"WebPage","@id":"https:\/\/memurunsesi.net\/index.php\/2025\/04\/21\/ogrencilere-yonelik-meslek-tanitim-etkinligi-duzenlendi\/","url":"https:\/\/memurunsesi.net\/index.php\/2025\/04\/21\/ogrencilere-yonelik-meslek-tanitim-etkinligi-duzenlendi\/","name":"\u00d6\u011frencilere y\u00f6nelik meslek tan\u0131t\u0131m etkinli\u011fi d\u00fczenlendi - Memurun Sesi","isPartOf":{"@id":"https:\/\/memurunsesi.net\/#website"},"primaryImageOfPage":{"@id":"https:\/\/memurunsesi.net\/index.php\/2025\/04\/21\/ogrencilere-yonelik-meslek-tanitim-etkinligi-duzenlendi\/#primaryimage"},"image":{"@id":"https:\/\/memurunsesi.net\/index.php\/2025\/04\/21\/ogrencilere-yonelik-meslek-tanitim-etkinligi-duzenlendi\/#primaryimage"},"thumbnailUrl":"https:\/\/memurunsesi.net\/wp-content\/uploads\/2025\/04\/AW437158_01.jpg","datePublished":"2025-04-21T06:00:41+00:00","breadcrumb":{"@id":"https:\/\/memurunsesi.net\/index.php\/2025\/04\/21\/ogrencilere-yonelik-meslek-tanitim-etkinligi-duzenlendi\/#breadcrumb"},"inLanguage":"tr","potentialAction":[{"@type":"ReadAction","target":["https:\/\/memurunsesi.net\/index.php\/2025\/04\/21\/ogrencilere-yonelik-meslek-tanitim-etkinligi-duzenlendi\/"]}]},{"@type":"ImageObject","inLanguage":"tr","@id":"https:\/\/memurunsesi.net\/index.php\/2025\/04\/21\/ogrencilere-yonelik-meslek-tanitim-etkinligi-duzenlendi\/#primaryimage","url":"https:\/\/memurunsesi.net\/wp-content\/uploads\/2025\/04\/AW437158_01.jpg","contentUrl":"https:\/\/memurunsesi.net\/wp-content\/uploads\/2025\/04\/AW437158_01.jpg","width":1600,"height":1200,"caption":"\u00d6\u011eRENC\u0130LERE Y\u00d6NEL\u0130K MESLEK TANITIM ETK\u0130NL\u0130\u011e\u0130 D\u00dcZENLEND\u0130 (EMRULLAH KAR\u0130P\/A\u011eRI-\u0130HA) A\u011fr\u0131'n\u0131n Diyadin il\u00e7esinde \u00f6\u011frencilere y\u00f6nelik meslek tan\u0131t\u0131m etkinli\u011fi ger\u00e7ekle\u015ftirildi."},{"@type":"BreadcrumbList","@id":"https:\/\/memurunsesi.net\/index.php\/2025\/04\/21\/ogrencilere-yonelik-meslek-tanitim-etkinligi-duzenlendi\/#breadcrumb","itemListElement":[{"@type":"ListItem","position":1,"name":"Anasayfa","item":"https:\/\/memurunsesi.net\/"},{"@type":"ListItem","position":2,"name":"\u00d6\u011frencilere y\u00f6nelik meslek tan\u0131t\u0131m etkinli\u011fi d\u00fczenlendi"}]},{"@type":"WebSite","@id":"https:\/\/memurunsesi.net\/#website","url":"https:\/\/memurunsesi.net\/","name":"Memurun Sesi","description":"G\u00fcncel ve Do\u011fru Haber","publisher":{"@id":"https:\/\/memurunsesi.net\/#organization"},"potentialAction":[{"@type":"SearchAction","target":{"@type":"EntryPoint","urlTemplate":"https:\/\/memurunsesi.net\/?s={search_term_string}"},"query-input":{"@type":"PropertyValueSpecification","valueRequired":true,"valueName":"search_term_string"}}],"inLanguage":"tr"},{"@type":"Organization","@id":"https:\/\/memurunsesi.net\/#organization","name":"Memurun Sesi","url":"https:\/\/memurunsesi.net\/","logo":{"@type":"ImageObject","inLanguage":"tr","@id":"https:\/\/memurunsesi.net\/#\/schema\/logo\/image\/","url":"https:\/\/memurunsesi.net\/wp-content\/uploads\/2025\/11\/cropped-MEMURUN-SESI.png","contentUrl":"https:\/\/memurunsesi.net\/wp-content\/uploads\/2025\/11\/cropped-MEMURUN-SESI.png","width":238,"height":57,"caption":"Memurun Sesi"},"image":{"@id":"https:\/\/memurunsesi.net\/#\/schema\/logo\/image\/"},"sameAs":["https:\/\/www.facebook.com\/unipersen\/?locale=tr_TR","https:\/\/x.com\/unipersen"]},{"@type":"Person","@id":"https:\/\/memurunsesi.net\/#\/schema\/person\/f21c2d73b89f6ee1d80b0a1803e38587","name":"Memurun Sesi Haber Merkezi","image":{"@type":"ImageObject","inLanguage":"tr","@id":"https:\/\/secure.gravatar.com\/avatar\/6cf0505f452ee753f485014986fab09a434671d2b919ee76fc541025c5876a70?s=96&d=mm&r=g","url":"https:\/\/secure.gravatar.com\/avatar\/6cf0505f452ee753f485014986fab09a434671d2b919ee76fc541025c5876a70?s=96&d=mm&r=g","contentUrl":"https:\/\/secure.gravatar.com\/avatar\/6cf0505f452ee753f485014986fab09a434671d2b919ee76fc541025c5876a70?s=96&d=mm&r=g","caption":"Memurun Sesi Haber Merkezi"},"sameAs":["https:\/\/memurunsesi.net"],"url":"https:\/\/memurunsesi.net\/index.php\/author\/uniper\/"}]}},"_links":{"self":[{"href":"https:\/\/memurunsesi.net\/index.php\/wp-json\/wp\/v2\/posts\/5680","targetHints":{"allow":["GET"]}}],"collection":[{"href":"https:\/\/memurunsesi.net\/index.php\/wp-json\/wp\/v2\/posts"}],"about":[{"href":"https:\/\/memurunsesi.net\/index.php\/wp-json\/wp\/v2\/types\/post"}],"author":[{"embeddable":true,"href":"https:\/\/memurunsesi.net\/index.php\/wp-json\/wp\/v2\/users\/1"}],"replies":[{"embeddable":true,"href":"https:\/\/memurunsesi.net\/index.php\/wp-json\/wp\/v2\/comments?post=5680"}],"version-history":[{"count":1,"href":"https:\/\/memurunsesi.net\/index.php\/wp-json\/wp\/v2\/posts\/5680\/revisions"}],"predecessor-version":[{"id":5682,"href":"https:\/\/memurunsesi.net\/index.php\/wp-json\/wp\/v2\/posts\/5680\/revisions\/5682"}],"wp:featuredmedia":[{"embeddable":true,"href":"https:\/\/memurunsesi.net\/index.php\/wp-json\/wp\/v2\/media\/5681"}],"wp:attachment":[{"href":"https:\/\/memurunsesi.net\/index.php\/wp-json\/wp\/v2\/media?parent=5680"}],"wp:term":[{"taxonomy":"category","embeddable":true,"href":"https:\/\/memurunsesi.net\/index.php\/wp-json\/wp\/v2\/categories?post=5680"},{"taxonomy":"post_tag","embeddable":true,"href":"https:\/\/memurunsesi.net\/index.php\/wp-json\/wp\/v2\/tags?post=5680"}],"curies":[{"name":"wp","href":"https:\/\/api.w.org\/{rel}","templated":true}]}}