{"id":5686,"date":"2025-04-21T09:03:16","date_gmt":"2025-04-21T06:03:16","guid":{"rendered":"https:\/\/memurunsesi.net\/?p=5686"},"modified":"2025-04-21T09:03:16","modified_gmt":"2025-04-21T06:03:16","slug":"agrida-tup-patladi-alevler-geceyi-aydinlatti","status":"publish","type":"post","link":"https:\/\/memurunsesi.net\/index.php\/2025\/04\/21\/agrida-tup-patladi-alevler-geceyi-aydinlatti\/","title":{"rendered":"A\u011fr\u0131&#8217;da t\u00fcp patlad\u0131, alevler geceyi ayd\u0131nlatt\u0131"},"content":{"rendered":"<p>\n A\u011fr\u0131&#8217;n\u0131n Do\u011fubayaz\u0131t il\u00e7esine ba\u011fl\u0131 Abdig\u00f6r Mahallesi&#8217;nde bir evin d\u0131\u015f mutfa\u011f\u0131nda \u00e7\u0131kan yang\u0131n, itfaiye ekiplerinin m\u00fcdahalesiyle kontrol alt\u0131na al\u0131nd\u0131.<br \/>\nEdinilen bilgilere g\u00f6re, saat 18.40 s\u0131ralar\u0131nda 112 Acil \u00c7a\u011fr\u0131 Merkezi&#8217;ne yap\u0131lan ihbarda, mutfak t\u00fcp\u00fcn\u00fcn patlad\u0131\u011f\u0131 bildirildi. \u0130hbar \u00fczerine olay yerine sevk edilen Do\u011fubayaz\u0131t Belediyesi itfaiye ekipleri, yang\u0131n\u0131n ba\u015flad\u0131\u011f\u0131 d\u0131\u015f mutfa\u011fa k\u0131sa s\u00fcrede ula\u015ft\u0131. Yang\u0131n, ekiplerin zaman\u0131nda m\u00fcdahalesiyle eve s\u0131\u00e7ramadan s\u00f6nd\u00fcr\u00fcl\u00fcrken, evin \u00e7at\u0131 k\u0131sm\u0131ndaki odunlar\u0131n \u0131s\u0131nd\u0131\u011f\u0131 belirlendi. \u00c7at\u0131da so\u011futma \u00e7al\u0131\u015fmas\u0131 yap\u0131ld\u0131.<br \/>\n  Yang\u0131nda can kayb\u0131 ya da yaralanma ya\u015fanmazken, olayla ilgili inceleme ba\u015flat\u0131ld\u0131. <\/p>\n<p>21.04.2025                               <\/p>\n","protected":false},"excerpt":{"rendered":"<p>A\u011fr\u0131&#8217;n\u0131n Do\u011fubayaz\u0131t il\u00e7esine ba\u011fl\u0131 Abdig\u00f6r Mahallesi&#8217;nde bir evin d\u0131\u015f mutfa\u011f\u0131nda \u00e7\u0131kan yang\u0131n, itfaiye ekiplerinin m\u00fcdahalesiyle kontrol alt\u0131na al\u0131nd\u0131. Edinilen bilgilere g\u00f6re, saat 18.40 s\u0131ralar\u0131nda 112 Acil \u00c7a\u011fr\u0131 Merkezi&#8217;ne yap\u0131lan ihbarda, mutfak t\u00fcp\u00fcn\u00fcn patlad\u0131\u011f\u0131 bildirildi. \u0130hbar \u00fczerine olay yerine sevk edilen Do\u011fubayaz\u0131t Belediyesi itfaiye ekipleri, yang\u0131n\u0131n ba\u015flad\u0131\u011f\u0131 d\u0131\u015f mutfa\u011fa k\u0131sa s\u00fcrede ula\u015ft\u0131. Yang\u0131n, ekiplerin zaman\u0131nda m\u00fcdahalesiyle [&hellip;]<\/p>\n","protected":false},"author":1,"featured_media":5687,"comment_status":"open","ping_status":"open","sticky":false,"template":"","format":"standard","meta":{"footnotes":""},"categories":[45],"tags":[],"class_list":["post-5686","post","type-post","status-publish","format-standard","has-post-thumbnail","hentry","category-gundem"],"yoast_head":"<!-- This site is optimized with the Yoast SEO plugin v27.4 - https:\/\/yoast.com\/product\/yoast-seo-wordpress\/ -->\n<title>A\u011fr\u0131&#039;da t\u00fcp patlad\u0131, alevler geceyi ayd\u0131nlatt\u0131 - Memurun Sesi<\/title>\n<meta name=\"robots\" content=\"index, follow, max-snippet:-1, max-image-preview:large, max-video-preview:-1\" \/>\n<link rel=\"canonical\" href=\"https:\/\/memurunsesi.net\/index.php\/2025\/04\/21\/agrida-tup-patladi-alevler-geceyi-aydinlatti\/\" \/>\n<meta property=\"og:locale\" content=\"tr_TR\" \/>\n<meta property=\"og:type\" content=\"article\" \/>\n<meta property=\"og:title\" content=\"A\u011fr\u0131&#039;da t\u00fcp patlad\u0131, alevler geceyi ayd\u0131nlatt\u0131 - Memurun Sesi\" \/>\n<meta property=\"og:description\" content=\"A\u011fr\u0131&#8217;n\u0131n Do\u011fubayaz\u0131t il\u00e7esine ba\u011fl\u0131 Abdig\u00f6r Mahallesi&#8217;nde bir evin d\u0131\u015f mutfa\u011f\u0131nda \u00e7\u0131kan yang\u0131n, itfaiye ekiplerinin m\u00fcdahalesiyle kontrol alt\u0131na al\u0131nd\u0131. Edinilen bilgilere g\u00f6re, saat 18.40 s\u0131ralar\u0131nda 112 Acil \u00c7a\u011fr\u0131 Merkezi&#8217;ne yap\u0131lan ihbarda, mutfak t\u00fcp\u00fcn\u00fcn patlad\u0131\u011f\u0131 bildirildi. \u0130hbar \u00fczerine olay yerine sevk edilen Do\u011fubayaz\u0131t Belediyesi itfaiye ekipleri, yang\u0131n\u0131n ba\u015flad\u0131\u011f\u0131 d\u0131\u015f mutfa\u011fa k\u0131sa s\u00fcrede ula\u015ft\u0131. Yang\u0131n, ekiplerin zaman\u0131nda m\u00fcdahalesiyle [&hellip;]\" \/>\n<meta property=\"og:url\" content=\"https:\/\/memurunsesi.net\/index.php\/2025\/04\/21\/agrida-tup-patladi-alevler-geceyi-aydinlatti\/\" \/>\n<meta property=\"og:site_name\" content=\"Memurun Sesi\" \/>\n<meta property=\"article:publisher\" content=\"https:\/\/www.facebook.com\/unipersen\/?locale=tr_TR\" \/>\n<meta property=\"article:published_time\" content=\"2025-04-21T06:03:16+00:00\" \/>\n<meta property=\"og:image\" content=\"https:\/\/memurunsesi.net\/wp-content\/uploads\/2025\/04\/AW437156_01.jpg\" \/>\n\t<meta property=\"og:image:width\" content=\"1290\" \/>\n\t<meta property=\"og:image:height\" content=\"717\" \/>\n\t<meta property=\"og:image:type\" content=\"image\/jpeg\" \/>\n<meta name=\"author\" content=\"Memurun Sesi Haber Merkezi\" \/>\n<meta name=\"twitter:card\" content=\"summary_large_image\" \/>\n<meta name=\"twitter:creator\" content=\"@unipersen\" \/>\n<meta name=\"twitter:site\" content=\"@unipersen\" \/>\n<meta name=\"twitter:label1\" content=\"Yazan:\" \/>\n\t<meta name=\"twitter:data1\" content=\"Memurun Sesi Haber Merkezi\" \/>\n\t<meta name=\"twitter:label2\" content=\"Tahmini okuma s\u00fcresi\" \/>\n\t<meta name=\"twitter:data2\" content=\"1 dakika\" \/>\n<script type=\"application\/ld+json\" class=\"yoast-schema-graph\">{\"@context\":\"https:\\\/\\\/schema.org\",\"@graph\":[{\"@type\":\"Article\",\"@id\":\"https:\\\/\\\/memurunsesi.net\\\/index.php\\\/2025\\\/04\\\/21\\\/agrida-tup-patladi-alevler-geceyi-aydinlatti\\\/#article\",\"isPartOf\":{\"@id\":\"https:\\\/\\\/memurunsesi.net\\\/index.php\\\/2025\\\/04\\\/21\\\/agrida-tup-patladi-alevler-geceyi-aydinlatti\\\/\"},\"author\":{\"name\":\"Memurun Sesi Haber Merkezi\",\"@id\":\"https:\\\/\\\/memurunsesi.net\\\/#\\\/schema\\\/person\\\/f21c2d73b89f6ee1d80b0a1803e38587\"},\"headline\":\"A\u011fr\u0131&#8217;da t\u00fcp patlad\u0131, alevler geceyi ayd\u0131nlatt\u0131\",\"datePublished\":\"2025-04-21T06:03:16+00:00\",\"mainEntityOfPage\":{\"@id\":\"https:\\\/\\\/memurunsesi.net\\\/index.php\\\/2025\\\/04\\\/21\\\/agrida-tup-patladi-alevler-geceyi-aydinlatti\\\/\"},\"wordCount\":139,\"commentCount\":0,\"publisher\":{\"@id\":\"https:\\\/\\\/memurunsesi.net\\\/#organization\"},\"image\":{\"@id\":\"https:\\\/\\\/memurunsesi.net\\\/index.php\\\/2025\\\/04\\\/21\\\/agrida-tup-patladi-alevler-geceyi-aydinlatti\\\/#primaryimage\"},\"thumbnailUrl\":\"https:\\\/\\\/memurunsesi.net\\\/wp-content\\\/uploads\\\/2025\\\/04\\\/AW437156_01.jpg\",\"articleSection\":[\"G\u00fcndem\"],\"inLanguage\":\"tr\",\"potentialAction\":[{\"@type\":\"CommentAction\",\"name\":\"Comment\",\"target\":[\"https:\\\/\\\/memurunsesi.net\\\/index.php\\\/2025\\\/04\\\/21\\\/agrida-tup-patladi-alevler-geceyi-aydinlatti\\\/#respond\"]}]},{\"@type\":\"WebPage\",\"@id\":\"https:\\\/\\\/memurunsesi.net\\\/index.php\\\/2025\\\/04\\\/21\\\/agrida-tup-patladi-alevler-geceyi-aydinlatti\\\/\",\"url\":\"https:\\\/\\\/memurunsesi.net\\\/index.php\\\/2025\\\/04\\\/21\\\/agrida-tup-patladi-alevler-geceyi-aydinlatti\\\/\",\"name\":\"A\u011fr\u0131'da t\u00fcp patlad\u0131, alevler geceyi ayd\u0131nlatt\u0131 - Memurun Sesi\",\"isPartOf\":{\"@id\":\"https:\\\/\\\/memurunsesi.net\\\/#website\"},\"primaryImageOfPage\":{\"@id\":\"https:\\\/\\\/memurunsesi.net\\\/index.php\\\/2025\\\/04\\\/21\\\/agrida-tup-patladi-alevler-geceyi-aydinlatti\\\/#primaryimage\"},\"image\":{\"@id\":\"https:\\\/\\\/memurunsesi.net\\\/index.php\\\/2025\\\/04\\\/21\\\/agrida-tup-patladi-alevler-geceyi-aydinlatti\\\/#primaryimage\"},\"thumbnailUrl\":\"https:\\\/\\\/memurunsesi.net\\\/wp-content\\\/uploads\\\/2025\\\/04\\\/AW437156_01.jpg\",\"datePublished\":\"2025-04-21T06:03:16+00:00\",\"breadcrumb\":{\"@id\":\"https:\\\/\\\/memurunsesi.net\\\/index.php\\\/2025\\\/04\\\/21\\\/agrida-tup-patladi-alevler-geceyi-aydinlatti\\\/#breadcrumb\"},\"inLanguage\":\"tr\",\"potentialAction\":[{\"@type\":\"ReadAction\",\"target\":[\"https:\\\/\\\/memurunsesi.net\\\/index.php\\\/2025\\\/04\\\/21\\\/agrida-tup-patladi-alevler-geceyi-aydinlatti\\\/\"]}]},{\"@type\":\"ImageObject\",\"inLanguage\":\"tr\",\"@id\":\"https:\\\/\\\/memurunsesi.net\\\/index.php\\\/2025\\\/04\\\/21\\\/agrida-tup-patladi-alevler-geceyi-aydinlatti\\\/#primaryimage\",\"url\":\"https:\\\/\\\/memurunsesi.net\\\/wp-content\\\/uploads\\\/2025\\\/04\\\/AW437156_01.jpg\",\"contentUrl\":\"https:\\\/\\\/memurunsesi.net\\\/wp-content\\\/uploads\\\/2025\\\/04\\\/AW437156_01.jpg\",\"width\":1290,\"height\":717,\"caption\":\"A\u011eRI'NIN DO\u011eUBAYAZIT \u0130L\u00c7ES\u0130NE BA\u011eLI ABD\u0130G\u00d6R MAHALLES\u0130'NDE B\u0130R EV\u0130N DI\u015e MUTFA\u011eINDA \u00c7IKAN YANGIN, \u0130TFA\u0130YE EK\u0130PLER\u0130N\u0130N M\u00dcDAHALES\u0130YLE KONTROL ALTINA ALINDI. (MERVE G\u00d6KBAKAN\\\/A\u011eRI-\u0130HA) A\u011fr\u0131'n\u0131n Do\u011fubayaz\u0131t il\u00e7esine ba\u011fl\u0131 Abdig\u00f6r Mahallesi'nde bir evin d\u0131\u015f mutfa\u011f\u0131nda \u00e7\u0131kan yang\u0131n, itfaiye ekiplerinin m\u00fcdahalesiyle kontrol alt\u0131na al\u0131nd\u0131.\"},{\"@type\":\"BreadcrumbList\",\"@id\":\"https:\\\/\\\/memurunsesi.net\\\/index.php\\\/2025\\\/04\\\/21\\\/agrida-tup-patladi-alevler-geceyi-aydinlatti\\\/#breadcrumb\",\"itemListElement\":[{\"@type\":\"ListItem\",\"position\":1,\"name\":\"Anasayfa\",\"item\":\"https:\\\/\\\/memurunsesi.net\\\/\"},{\"@type\":\"ListItem\",\"position\":2,\"name\":\"A\u011fr\u0131&#8217;da t\u00fcp patlad\u0131, alevler geceyi ayd\u0131nlatt\u0131\"}]},{\"@type\":\"WebSite\",\"@id\":\"https:\\\/\\\/memurunsesi.net\\\/#website\",\"url\":\"https:\\\/\\\/memurunsesi.net\\\/\",\"name\":\"Memurun Sesi\",\"description\":\"G\u00fcncel ve Do\u011fru Haber\",\"publisher\":{\"@id\":\"https:\\\/\\\/memurunsesi.net\\\/#organization\"},\"potentialAction\":[{\"@type\":\"SearchAction\",\"target\":{\"@type\":\"EntryPoint\",\"urlTemplate\":\"https:\\\/\\\/memurunsesi.net\\\/?s={search_term_string}\"},\"query-input\":{\"@type\":\"PropertyValueSpecification\",\"valueRequired\":true,\"valueName\":\"search_term_string\"}}],\"inLanguage\":\"tr\"},{\"@type\":\"Organization\",\"@id\":\"https:\\\/\\\/memurunsesi.net\\\/#organization\",\"name\":\"Memurun Sesi\",\"url\":\"https:\\\/\\\/memurunsesi.net\\\/\",\"logo\":{\"@type\":\"ImageObject\",\"inLanguage\":\"tr\",\"@id\":\"https:\\\/\\\/memurunsesi.net\\\/#\\\/schema\\\/logo\\\/image\\\/\",\"url\":\"https:\\\/\\\/memurunsesi.net\\\/wp-content\\\/uploads\\\/2025\\\/11\\\/cropped-MEMURUN-SESI.png\",\"contentUrl\":\"https:\\\/\\\/memurunsesi.net\\\/wp-content\\\/uploads\\\/2025\\\/11\\\/cropped-MEMURUN-SESI.png\",\"width\":238,\"height\":57,\"caption\":\"Memurun Sesi\"},\"image\":{\"@id\":\"https:\\\/\\\/memurunsesi.net\\\/#\\\/schema\\\/logo\\\/image\\\/\"},\"sameAs\":[\"https:\\\/\\\/www.facebook.com\\\/unipersen\\\/?locale=tr_TR\",\"https:\\\/\\\/x.com\\\/unipersen\"]},{\"@type\":\"Person\",\"@id\":\"https:\\\/\\\/memurunsesi.net\\\/#\\\/schema\\\/person\\\/f21c2d73b89f6ee1d80b0a1803e38587\",\"name\":\"Memurun Sesi Haber Merkezi\",\"image\":{\"@type\":\"ImageObject\",\"inLanguage\":\"tr\",\"@id\":\"https:\\\/\\\/secure.gravatar.com\\\/avatar\\\/6cf0505f452ee753f485014986fab09a434671d2b919ee76fc541025c5876a70?s=96&d=mm&r=g\",\"url\":\"https:\\\/\\\/secure.gravatar.com\\\/avatar\\\/6cf0505f452ee753f485014986fab09a434671d2b919ee76fc541025c5876a70?s=96&d=mm&r=g\",\"contentUrl\":\"https:\\\/\\\/secure.gravatar.com\\\/avatar\\\/6cf0505f452ee753f485014986fab09a434671d2b919ee76fc541025c5876a70?s=96&d=mm&r=g\",\"caption\":\"Memurun Sesi Haber Merkezi\"},\"sameAs\":[\"https:\\\/\\\/memurunsesi.net\"],\"url\":\"https:\\\/\\\/memurunsesi.net\\\/index.php\\\/author\\\/uniper\\\/\"}]}<\/script>\n<!-- \/ Yoast SEO plugin. -->","yoast_head_json":{"title":"A\u011fr\u0131'da t\u00fcp patlad\u0131, alevler geceyi ayd\u0131nlatt\u0131 - Memurun Sesi","robots":{"index":"index","follow":"follow","max-snippet":"max-snippet:-1","max-image-preview":"max-image-preview:large","max-video-preview":"max-video-preview:-1"},"canonical":"https:\/\/memurunsesi.net\/index.php\/2025\/04\/21\/agrida-tup-patladi-alevler-geceyi-aydinlatti\/","og_locale":"tr_TR","og_type":"article","og_title":"A\u011fr\u0131'da t\u00fcp patlad\u0131, alevler geceyi ayd\u0131nlatt\u0131 - Memurun Sesi","og_description":"A\u011fr\u0131&#8217;n\u0131n Do\u011fubayaz\u0131t il\u00e7esine ba\u011fl\u0131 Abdig\u00f6r Mahallesi&#8217;nde bir evin d\u0131\u015f mutfa\u011f\u0131nda \u00e7\u0131kan yang\u0131n, itfaiye ekiplerinin m\u00fcdahalesiyle kontrol alt\u0131na al\u0131nd\u0131. Edinilen bilgilere g\u00f6re, saat 18.40 s\u0131ralar\u0131nda 112 Acil \u00c7a\u011fr\u0131 Merkezi&#8217;ne yap\u0131lan ihbarda, mutfak t\u00fcp\u00fcn\u00fcn patlad\u0131\u011f\u0131 bildirildi. \u0130hbar \u00fczerine olay yerine sevk edilen Do\u011fubayaz\u0131t Belediyesi itfaiye ekipleri, yang\u0131n\u0131n ba\u015flad\u0131\u011f\u0131 d\u0131\u015f mutfa\u011fa k\u0131sa s\u00fcrede ula\u015ft\u0131. Yang\u0131n, ekiplerin zaman\u0131nda m\u00fcdahalesiyle [&hellip;]","og_url":"https:\/\/memurunsesi.net\/index.php\/2025\/04\/21\/agrida-tup-patladi-alevler-geceyi-aydinlatti\/","og_site_name":"Memurun Sesi","article_publisher":"https:\/\/www.facebook.com\/unipersen\/?locale=tr_TR","article_published_time":"2025-04-21T06:03:16+00:00","og_image":[{"width":1290,"height":717,"url":"https:\/\/memurunsesi.net\/wp-content\/uploads\/2025\/04\/AW437156_01.jpg","type":"image\/jpeg"}],"author":"Memurun Sesi Haber Merkezi","twitter_card":"summary_large_image","twitter_creator":"@unipersen","twitter_site":"@unipersen","twitter_misc":{"Yazan:":"Memurun Sesi Haber Merkezi","Tahmini okuma s\u00fcresi":"1 dakika"},"schema":{"@context":"https:\/\/schema.org","@graph":[{"@type":"Article","@id":"https:\/\/memurunsesi.net\/index.php\/2025\/04\/21\/agrida-tup-patladi-alevler-geceyi-aydinlatti\/#article","isPartOf":{"@id":"https:\/\/memurunsesi.net\/index.php\/2025\/04\/21\/agrida-tup-patladi-alevler-geceyi-aydinlatti\/"},"author":{"name":"Memurun Sesi Haber Merkezi","@id":"https:\/\/memurunsesi.net\/#\/schema\/person\/f21c2d73b89f6ee1d80b0a1803e38587"},"headline":"A\u011fr\u0131&#8217;da t\u00fcp patlad\u0131, alevler geceyi ayd\u0131nlatt\u0131","datePublished":"2025-04-21T06:03:16+00:00","mainEntityOfPage":{"@id":"https:\/\/memurunsesi.net\/index.php\/2025\/04\/21\/agrida-tup-patladi-alevler-geceyi-aydinlatti\/"},"wordCount":139,"commentCount":0,"publisher":{"@id":"https:\/\/memurunsesi.net\/#organization"},"image":{"@id":"https:\/\/memurunsesi.net\/index.php\/2025\/04\/21\/agrida-tup-patladi-alevler-geceyi-aydinlatti\/#primaryimage"},"thumbnailUrl":"https:\/\/memurunsesi.net\/wp-content\/uploads\/2025\/04\/AW437156_01.jpg","articleSection":["G\u00fcndem"],"inLanguage":"tr","potentialAction":[{"@type":"CommentAction","name":"Comment","target":["https:\/\/memurunsesi.net\/index.php\/2025\/04\/21\/agrida-tup-patladi-alevler-geceyi-aydinlatti\/#respond"]}]},{"@type":"WebPage","@id":"https:\/\/memurunsesi.net\/index.php\/2025\/04\/21\/agrida-tup-patladi-alevler-geceyi-aydinlatti\/","url":"https:\/\/memurunsesi.net\/index.php\/2025\/04\/21\/agrida-tup-patladi-alevler-geceyi-aydinlatti\/","name":"A\u011fr\u0131'da t\u00fcp patlad\u0131, alevler geceyi ayd\u0131nlatt\u0131 - Memurun Sesi","isPartOf":{"@id":"https:\/\/memurunsesi.net\/#website"},"primaryImageOfPage":{"@id":"https:\/\/memurunsesi.net\/index.php\/2025\/04\/21\/agrida-tup-patladi-alevler-geceyi-aydinlatti\/#primaryimage"},"image":{"@id":"https:\/\/memurunsesi.net\/index.php\/2025\/04\/21\/agrida-tup-patladi-alevler-geceyi-aydinlatti\/#primaryimage"},"thumbnailUrl":"https:\/\/memurunsesi.net\/wp-content\/uploads\/2025\/04\/AW437156_01.jpg","datePublished":"2025-04-21T06:03:16+00:00","breadcrumb":{"@id":"https:\/\/memurunsesi.net\/index.php\/2025\/04\/21\/agrida-tup-patladi-alevler-geceyi-aydinlatti\/#breadcrumb"},"inLanguage":"tr","potentialAction":[{"@type":"ReadAction","target":["https:\/\/memurunsesi.net\/index.php\/2025\/04\/21\/agrida-tup-patladi-alevler-geceyi-aydinlatti\/"]}]},{"@type":"ImageObject","inLanguage":"tr","@id":"https:\/\/memurunsesi.net\/index.php\/2025\/04\/21\/agrida-tup-patladi-alevler-geceyi-aydinlatti\/#primaryimage","url":"https:\/\/memurunsesi.net\/wp-content\/uploads\/2025\/04\/AW437156_01.jpg","contentUrl":"https:\/\/memurunsesi.net\/wp-content\/uploads\/2025\/04\/AW437156_01.jpg","width":1290,"height":717,"caption":"A\u011eRI'NIN DO\u011eUBAYAZIT \u0130L\u00c7ES\u0130NE BA\u011eLI ABD\u0130G\u00d6R MAHALLES\u0130'NDE B\u0130R EV\u0130N DI\u015e MUTFA\u011eINDA \u00c7IKAN YANGIN, \u0130TFA\u0130YE EK\u0130PLER\u0130N\u0130N M\u00dcDAHALES\u0130YLE KONTROL ALTINA ALINDI. (MERVE G\u00d6KBAKAN\/A\u011eRI-\u0130HA) A\u011fr\u0131'n\u0131n Do\u011fubayaz\u0131t il\u00e7esine ba\u011fl\u0131 Abdig\u00f6r Mahallesi'nde bir evin d\u0131\u015f mutfa\u011f\u0131nda \u00e7\u0131kan yang\u0131n, itfaiye ekiplerinin m\u00fcdahalesiyle kontrol alt\u0131na al\u0131nd\u0131."},{"@type":"BreadcrumbList","@id":"https:\/\/memurunsesi.net\/index.php\/2025\/04\/21\/agrida-tup-patladi-alevler-geceyi-aydinlatti\/#breadcrumb","itemListElement":[{"@type":"ListItem","position":1,"name":"Anasayfa","item":"https:\/\/memurunsesi.net\/"},{"@type":"ListItem","position":2,"name":"A\u011fr\u0131&#8217;da t\u00fcp patlad\u0131, alevler geceyi ayd\u0131nlatt\u0131"}]},{"@type":"WebSite","@id":"https:\/\/memurunsesi.net\/#website","url":"https:\/\/memurunsesi.net\/","name":"Memurun Sesi","description":"G\u00fcncel ve Do\u011fru Haber","publisher":{"@id":"https:\/\/memurunsesi.net\/#organization"},"potentialAction":[{"@type":"SearchAction","target":{"@type":"EntryPoint","urlTemplate":"https:\/\/memurunsesi.net\/?s={search_term_string}"},"query-input":{"@type":"PropertyValueSpecification","valueRequired":true,"valueName":"search_term_string"}}],"inLanguage":"tr"},{"@type":"Organization","@id":"https:\/\/memurunsesi.net\/#organization","name":"Memurun Sesi","url":"https:\/\/memurunsesi.net\/","logo":{"@type":"ImageObject","inLanguage":"tr","@id":"https:\/\/memurunsesi.net\/#\/schema\/logo\/image\/","url":"https:\/\/memurunsesi.net\/wp-content\/uploads\/2025\/11\/cropped-MEMURUN-SESI.png","contentUrl":"https:\/\/memurunsesi.net\/wp-content\/uploads\/2025\/11\/cropped-MEMURUN-SESI.png","width":238,"height":57,"caption":"Memurun Sesi"},"image":{"@id":"https:\/\/memurunsesi.net\/#\/schema\/logo\/image\/"},"sameAs":["https:\/\/www.facebook.com\/unipersen\/?locale=tr_TR","https:\/\/x.com\/unipersen"]},{"@type":"Person","@id":"https:\/\/memurunsesi.net\/#\/schema\/person\/f21c2d73b89f6ee1d80b0a1803e38587","name":"Memurun Sesi Haber Merkezi","image":{"@type":"ImageObject","inLanguage":"tr","@id":"https:\/\/secure.gravatar.com\/avatar\/6cf0505f452ee753f485014986fab09a434671d2b919ee76fc541025c5876a70?s=96&d=mm&r=g","url":"https:\/\/secure.gravatar.com\/avatar\/6cf0505f452ee753f485014986fab09a434671d2b919ee76fc541025c5876a70?s=96&d=mm&r=g","contentUrl":"https:\/\/secure.gravatar.com\/avatar\/6cf0505f452ee753f485014986fab09a434671d2b919ee76fc541025c5876a70?s=96&d=mm&r=g","caption":"Memurun Sesi Haber Merkezi"},"sameAs":["https:\/\/memurunsesi.net"],"url":"https:\/\/memurunsesi.net\/index.php\/author\/uniper\/"}]}},"_links":{"self":[{"href":"https:\/\/memurunsesi.net\/index.php\/wp-json\/wp\/v2\/posts\/5686","targetHints":{"allow":["GET"]}}],"collection":[{"href":"https:\/\/memurunsesi.net\/index.php\/wp-json\/wp\/v2\/posts"}],"about":[{"href":"https:\/\/memurunsesi.net\/index.php\/wp-json\/wp\/v2\/types\/post"}],"author":[{"embeddable":true,"href":"https:\/\/memurunsesi.net\/index.php\/wp-json\/wp\/v2\/users\/1"}],"replies":[{"embeddable":true,"href":"https:\/\/memurunsesi.net\/index.php\/wp-json\/wp\/v2\/comments?post=5686"}],"version-history":[{"count":1,"href":"https:\/\/memurunsesi.net\/index.php\/wp-json\/wp\/v2\/posts\/5686\/revisions"}],"predecessor-version":[{"id":5688,"href":"https:\/\/memurunsesi.net\/index.php\/wp-json\/wp\/v2\/posts\/5686\/revisions\/5688"}],"wp:featuredmedia":[{"embeddable":true,"href":"https:\/\/memurunsesi.net\/index.php\/wp-json\/wp\/v2\/media\/5687"}],"wp:attachment":[{"href":"https:\/\/memurunsesi.net\/index.php\/wp-json\/wp\/v2\/media?parent=5686"}],"wp:term":[{"taxonomy":"category","embeddable":true,"href":"https:\/\/memurunsesi.net\/index.php\/wp-json\/wp\/v2\/categories?post=5686"},{"taxonomy":"post_tag","embeddable":true,"href":"https:\/\/memurunsesi.net\/index.php\/wp-json\/wp\/v2\/tags?post=5686"}],"curies":[{"name":"wp","href":"https:\/\/api.w.org\/{rel}","templated":true}]}}