{"id":5689,"date":"2025-04-21T09:04:23","date_gmt":"2025-04-21T06:04:23","guid":{"rendered":"https:\/\/memurunsesi.net\/?p=5689"},"modified":"2025-04-21T09:04:23","modified_gmt":"2025-04-21T06:04:23","slug":"silahli-saldirida-olen-sahsin-yakinlari-husumetlilerinin-evini-atese-verdi","status":"publish","type":"post","link":"https:\/\/memurunsesi.net\/index.php\/2025\/04\/21\/silahli-saldirida-olen-sahsin-yakinlari-husumetlilerinin-evini-atese-verdi\/","title":{"rendered":"Silahl\u0131 sald\u0131r\u0131da \u00f6len \u015fahs\u0131n yak\u0131nlar\u0131, husumetlilerinin evini ate\u015fe verdi"},"content":{"rendered":"<p> \u015eanl\u0131urfa\u2019n\u0131n Viran\u015fehir il\u00e7esinde u\u011frad\u0131\u011f\u0131 silahl\u0131 sald\u0131r\u0131 sonucu tedavi g\u00f6rd\u00fc\u011f\u00fc hastanede hayat\u0131n\u0131 kaybeden \u015fahs\u0131n yak\u0131nlar\u0131, olayla ilgisi oldu\u011funu iddia ettikleri ailenin evini ate\u015fe verdi.<br \/>\n  Edinilen bilgiye g\u00f6re, olay, 25 Mart gecesi \u015eanl\u0131urfa\u2019n\u0131n Viran\u015fehir il\u00e7esine ba\u011fl\u0131 k\u0131rsal Elg\u00fcn Mahallesi&#8217;nde ya\u015fand\u0131. \u0130ddiaya g\u00f6re, kimli\u011fi belirsiz \u015fah\u0131s ya da \u015fah\u0131slar\u0131n silahl\u0131 sald\u0131r\u0131s\u0131na u\u011frayan 30 ya\u015f\u0131ndaki Yusuf \u00d6den a\u011f\u0131r yaraland\u0131. Viran\u015fehir Devlet Hastanesi&#8217;ne kald\u0131r\u0131lan yaral\u0131, durumu a\u011f\u0131r oldu\u011fu gerek\u00e7esiyle \u015eanl\u0131urfa Mehmet Akif \u0130nan E\u011fitim ve Ara\u015ft\u0131rma Hastanesi&#8217;ne sevk edildi. Burada tedavi alt\u0131na al\u0131nan \u015fah\u0131s, yakla\u015f\u0131k bir ay s\u00fcren ya\u015fam m\u00fccadelesini kaybetti. <\/p>\n<p>  \u00d6len \u015fahs\u0131n yak\u0131nlar\u0131, husumetlilerinin evini ate\u015fe verdi<br \/>\n  \u015eahs\u0131n \u00f6ld\u00fc\u011f\u00fcn\u00fc \u00f6\u011frenen yak\u0131nlar\u0131, olayla ilgisi oldu\u011funu d\u00fc\u015f\u00fcnd\u00fckleri ailenin evine sald\u0131rd\u0131. Evi ate\u015fe veren \u015fah\u0131slara jandarma m\u00fcdahale etti. Olay yerine \u00e7a\u011fr\u0131lan itfaiye ekipleri, yang\u0131na m\u00fcdahale ederek s\u00f6nd\u00fcrmeye \u00e7al\u0131\u015ft\u0131.<br \/>\n  Mahalleye giri\u015f ve \u00e7\u0131k\u0131\u015flar kontroll\u00fc bir \u015fekilde sa\u011flan\u0131rken olayla ilgili ba\u015flat\u0131lan soru\u015fturma s\u00fcr\u00fcyor. <\/p>\n<p>21.04.2025                                 <\/p>\n","protected":false},"excerpt":{"rendered":"<p>\u015eanl\u0131urfa\u2019n\u0131n Viran\u015fehir il\u00e7esinde u\u011frad\u0131\u011f\u0131 silahl\u0131 sald\u0131r\u0131 sonucu tedavi g\u00f6rd\u00fc\u011f\u00fc hastanede hayat\u0131n\u0131 kaybeden \u015fahs\u0131n yak\u0131nlar\u0131, olayla ilgisi oldu\u011funu iddia ettikleri ailenin evini ate\u015fe verdi. Edinilen bilgiye g\u00f6re, olay, 25 Mart gecesi \u015eanl\u0131urfa\u2019n\u0131n Viran\u015fehir il\u00e7esine ba\u011fl\u0131 k\u0131rsal Elg\u00fcn Mahallesi&#8217;nde ya\u015fand\u0131. \u0130ddiaya g\u00f6re, kimli\u011fi belirsiz \u015fah\u0131s ya da \u015fah\u0131slar\u0131n silahl\u0131 sald\u0131r\u0131s\u0131na u\u011frayan 30 ya\u015f\u0131ndaki Yusuf \u00d6den a\u011f\u0131r yaraland\u0131. [&hellip;]<\/p>\n","protected":false},"author":1,"featured_media":5690,"comment_status":"open","ping_status":"open","sticky":false,"template":"","format":"standard","meta":{"footnotes":""},"categories":[50],"tags":[],"class_list":["post-5689","post","type-post","status-publish","format-standard","has-post-thumbnail","hentry","category-tum-haberler"],"yoast_head":"<!-- This site is optimized with the Yoast SEO plugin v27.4 - https:\/\/yoast.com\/product\/yoast-seo-wordpress\/ -->\n<title>Silahl\u0131 sald\u0131r\u0131da \u00f6len \u015fahs\u0131n yak\u0131nlar\u0131, husumetlilerinin evini ate\u015fe verdi - Memurun Sesi<\/title>\n<meta name=\"robots\" content=\"index, follow, max-snippet:-1, max-image-preview:large, max-video-preview:-1\" \/>\n<link rel=\"canonical\" href=\"https:\/\/memurunsesi.net\/index.php\/2025\/04\/21\/silahli-saldirida-olen-sahsin-yakinlari-husumetlilerinin-evini-atese-verdi\/\" \/>\n<meta property=\"og:locale\" content=\"tr_TR\" \/>\n<meta property=\"og:type\" content=\"article\" \/>\n<meta property=\"og:title\" content=\"Silahl\u0131 sald\u0131r\u0131da \u00f6len \u015fahs\u0131n yak\u0131nlar\u0131, husumetlilerinin evini ate\u015fe verdi - Memurun Sesi\" \/>\n<meta property=\"og:description\" content=\"\u015eanl\u0131urfa\u2019n\u0131n Viran\u015fehir il\u00e7esinde u\u011frad\u0131\u011f\u0131 silahl\u0131 sald\u0131r\u0131 sonucu tedavi g\u00f6rd\u00fc\u011f\u00fc hastanede hayat\u0131n\u0131 kaybeden \u015fahs\u0131n yak\u0131nlar\u0131, olayla ilgisi oldu\u011funu iddia ettikleri ailenin evini ate\u015fe verdi. Edinilen bilgiye g\u00f6re, olay, 25 Mart gecesi \u015eanl\u0131urfa\u2019n\u0131n Viran\u015fehir il\u00e7esine ba\u011fl\u0131 k\u0131rsal Elg\u00fcn Mahallesi&#8217;nde ya\u015fand\u0131. \u0130ddiaya g\u00f6re, kimli\u011fi belirsiz \u015fah\u0131s ya da \u015fah\u0131slar\u0131n silahl\u0131 sald\u0131r\u0131s\u0131na u\u011frayan 30 ya\u015f\u0131ndaki Yusuf \u00d6den a\u011f\u0131r yaraland\u0131. [&hellip;]\" \/>\n<meta property=\"og:url\" content=\"https:\/\/memurunsesi.net\/index.php\/2025\/04\/21\/silahli-saldirida-olen-sahsin-yakinlari-husumetlilerinin-evini-atese-verdi\/\" \/>\n<meta property=\"og:site_name\" content=\"Memurun Sesi\" \/>\n<meta property=\"article:publisher\" content=\"https:\/\/www.facebook.com\/unipersen\/?locale=tr_TR\" \/>\n<meta property=\"article:published_time\" content=\"2025-04-21T06:04:23+00:00\" \/>\n<meta property=\"og:image\" content=\"https:\/\/memurunsesi.net\/wp-content\/uploads\/2025\/04\/AW437154_01.jpg\" \/>\n\t<meta property=\"og:image:width\" content=\"1250\" \/>\n\t<meta property=\"og:image:height\" content=\"720\" \/>\n\t<meta property=\"og:image:type\" content=\"image\/jpeg\" \/>\n<meta name=\"author\" content=\"Memurun Sesi Haber Merkezi\" \/>\n<meta name=\"twitter:card\" content=\"summary_large_image\" \/>\n<meta name=\"twitter:creator\" content=\"@unipersen\" \/>\n<meta name=\"twitter:site\" content=\"@unipersen\" \/>\n<meta name=\"twitter:label1\" content=\"Yazan:\" \/>\n\t<meta name=\"twitter:data1\" content=\"Memurun Sesi Haber Merkezi\" \/>\n\t<meta name=\"twitter:label2\" content=\"Tahmini okuma s\u00fcresi\" \/>\n\t<meta name=\"twitter:data2\" content=\"1 dakika\" \/>\n<script type=\"application\/ld+json\" class=\"yoast-schema-graph\">{\"@context\":\"https:\\\/\\\/schema.org\",\"@graph\":[{\"@type\":\"Article\",\"@id\":\"https:\\\/\\\/memurunsesi.net\\\/index.php\\\/2025\\\/04\\\/21\\\/silahli-saldirida-olen-sahsin-yakinlari-husumetlilerinin-evini-atese-verdi\\\/#article\",\"isPartOf\":{\"@id\":\"https:\\\/\\\/memurunsesi.net\\\/index.php\\\/2025\\\/04\\\/21\\\/silahli-saldirida-olen-sahsin-yakinlari-husumetlilerinin-evini-atese-verdi\\\/\"},\"author\":{\"name\":\"Memurun Sesi Haber Merkezi\",\"@id\":\"https:\\\/\\\/memurunsesi.net\\\/#\\\/schema\\\/person\\\/f21c2d73b89f6ee1d80b0a1803e38587\"},\"headline\":\"Silahl\u0131 sald\u0131r\u0131da \u00f6len \u015fahs\u0131n yak\u0131nlar\u0131, husumetlilerinin evini ate\u015fe verdi\",\"datePublished\":\"2025-04-21T06:04:23+00:00\",\"mainEntityOfPage\":{\"@id\":\"https:\\\/\\\/memurunsesi.net\\\/index.php\\\/2025\\\/04\\\/21\\\/silahli-saldirida-olen-sahsin-yakinlari-husumetlilerinin-evini-atese-verdi\\\/\"},\"wordCount\":228,\"commentCount\":0,\"publisher\":{\"@id\":\"https:\\\/\\\/memurunsesi.net\\\/#organization\"},\"image\":{\"@id\":\"https:\\\/\\\/memurunsesi.net\\\/index.php\\\/2025\\\/04\\\/21\\\/silahli-saldirida-olen-sahsin-yakinlari-husumetlilerinin-evini-atese-verdi\\\/#primaryimage\"},\"thumbnailUrl\":\"https:\\\/\\\/memurunsesi.net\\\/wp-content\\\/uploads\\\/2025\\\/04\\\/AW437154_01.jpg\",\"articleSection\":[\"T\u00fcm Haberler\"],\"inLanguage\":\"tr\",\"potentialAction\":[{\"@type\":\"CommentAction\",\"name\":\"Comment\",\"target\":[\"https:\\\/\\\/memurunsesi.net\\\/index.php\\\/2025\\\/04\\\/21\\\/silahli-saldirida-olen-sahsin-yakinlari-husumetlilerinin-evini-atese-verdi\\\/#respond\"]}]},{\"@type\":\"WebPage\",\"@id\":\"https:\\\/\\\/memurunsesi.net\\\/index.php\\\/2025\\\/04\\\/21\\\/silahli-saldirida-olen-sahsin-yakinlari-husumetlilerinin-evini-atese-verdi\\\/\",\"url\":\"https:\\\/\\\/memurunsesi.net\\\/index.php\\\/2025\\\/04\\\/21\\\/silahli-saldirida-olen-sahsin-yakinlari-husumetlilerinin-evini-atese-verdi\\\/\",\"name\":\"Silahl\u0131 sald\u0131r\u0131da \u00f6len \u015fahs\u0131n yak\u0131nlar\u0131, husumetlilerinin evini ate\u015fe verdi - Memurun Sesi\",\"isPartOf\":{\"@id\":\"https:\\\/\\\/memurunsesi.net\\\/#website\"},\"primaryImageOfPage\":{\"@id\":\"https:\\\/\\\/memurunsesi.net\\\/index.php\\\/2025\\\/04\\\/21\\\/silahli-saldirida-olen-sahsin-yakinlari-husumetlilerinin-evini-atese-verdi\\\/#primaryimage\"},\"image\":{\"@id\":\"https:\\\/\\\/memurunsesi.net\\\/index.php\\\/2025\\\/04\\\/21\\\/silahli-saldirida-olen-sahsin-yakinlari-husumetlilerinin-evini-atese-verdi\\\/#primaryimage\"},\"thumbnailUrl\":\"https:\\\/\\\/memurunsesi.net\\\/wp-content\\\/uploads\\\/2025\\\/04\\\/AW437154_01.jpg\",\"datePublished\":\"2025-04-21T06:04:23+00:00\",\"breadcrumb\":{\"@id\":\"https:\\\/\\\/memurunsesi.net\\\/index.php\\\/2025\\\/04\\\/21\\\/silahli-saldirida-olen-sahsin-yakinlari-husumetlilerinin-evini-atese-verdi\\\/#breadcrumb\"},\"inLanguage\":\"tr\",\"potentialAction\":[{\"@type\":\"ReadAction\",\"target\":[\"https:\\\/\\\/memurunsesi.net\\\/index.php\\\/2025\\\/04\\\/21\\\/silahli-saldirida-olen-sahsin-yakinlari-husumetlilerinin-evini-atese-verdi\\\/\"]}]},{\"@type\":\"ImageObject\",\"inLanguage\":\"tr\",\"@id\":\"https:\\\/\\\/memurunsesi.net\\\/index.php\\\/2025\\\/04\\\/21\\\/silahli-saldirida-olen-sahsin-yakinlari-husumetlilerinin-evini-atese-verdi\\\/#primaryimage\",\"url\":\"https:\\\/\\\/memurunsesi.net\\\/wp-content\\\/uploads\\\/2025\\\/04\\\/AW437154_01.jpg\",\"contentUrl\":\"https:\\\/\\\/memurunsesi.net\\\/wp-content\\\/uploads\\\/2025\\\/04\\\/AW437154_01.jpg\",\"width\":1250,\"height\":720,\"caption\":\"\u015eANLIURFA'NIN V\u0130RAN\u015eEH\u0130R \u0130L\u00c7ES\u0130NDE U\u011eRADI\u011eI S\u0130LAHLI SALDIRI SONUCU TEDAV\u0130 G\u00d6RD\u00dc\u011e\u00dc HASTANEDE HAYATINI KAYBEDEN \u015eAHSIN YAKINLARI, OLAYLA \u0130LG\u0130S\u0130 OLDU\u011eUNU \u0130DD\u0130A ETT\u0130KLER\u0130 A\u0130LEN\u0130N EV\u0130N\u0130 ATE\u015eE VERD\u0130. (ENVER ZENC\u0130RC\u0130\\\/\u015eANLIURFA-\u0130HA) \u015eanl\u0131urfa'n\u0131n Viran\u015fehir il\u00e7esinde u\u011frad\u0131\u011f\u0131 silahl\u0131 sald\u0131r\u0131 sonucu tedavi g\u00f6rd\u00fc\u011f\u00fc hastanede hayat\u0131n\u0131 kaybeden \u015fahs\u0131n yak\u0131nlar\u0131, olayla ilgisi oldu\u011funu iddia ettikleri ailenin evini ate\u015fe verdi.\"},{\"@type\":\"BreadcrumbList\",\"@id\":\"https:\\\/\\\/memurunsesi.net\\\/index.php\\\/2025\\\/04\\\/21\\\/silahli-saldirida-olen-sahsin-yakinlari-husumetlilerinin-evini-atese-verdi\\\/#breadcrumb\",\"itemListElement\":[{\"@type\":\"ListItem\",\"position\":1,\"name\":\"Anasayfa\",\"item\":\"https:\\\/\\\/memurunsesi.net\\\/\"},{\"@type\":\"ListItem\",\"position\":2,\"name\":\"Silahl\u0131 sald\u0131r\u0131da \u00f6len \u015fahs\u0131n yak\u0131nlar\u0131, husumetlilerinin evini ate\u015fe verdi\"}]},{\"@type\":\"WebSite\",\"@id\":\"https:\\\/\\\/memurunsesi.net\\\/#website\",\"url\":\"https:\\\/\\\/memurunsesi.net\\\/\",\"name\":\"Memurun Sesi\",\"description\":\"G\u00fcncel ve Do\u011fru Haber\",\"publisher\":{\"@id\":\"https:\\\/\\\/memurunsesi.net\\\/#organization\"},\"potentialAction\":[{\"@type\":\"SearchAction\",\"target\":{\"@type\":\"EntryPoint\",\"urlTemplate\":\"https:\\\/\\\/memurunsesi.net\\\/?s={search_term_string}\"},\"query-input\":{\"@type\":\"PropertyValueSpecification\",\"valueRequired\":true,\"valueName\":\"search_term_string\"}}],\"inLanguage\":\"tr\"},{\"@type\":\"Organization\",\"@id\":\"https:\\\/\\\/memurunsesi.net\\\/#organization\",\"name\":\"Memurun Sesi\",\"url\":\"https:\\\/\\\/memurunsesi.net\\\/\",\"logo\":{\"@type\":\"ImageObject\",\"inLanguage\":\"tr\",\"@id\":\"https:\\\/\\\/memurunsesi.net\\\/#\\\/schema\\\/logo\\\/image\\\/\",\"url\":\"https:\\\/\\\/memurunsesi.net\\\/wp-content\\\/uploads\\\/2025\\\/11\\\/cropped-MEMURUN-SESI.png\",\"contentUrl\":\"https:\\\/\\\/memurunsesi.net\\\/wp-content\\\/uploads\\\/2025\\\/11\\\/cropped-MEMURUN-SESI.png\",\"width\":238,\"height\":57,\"caption\":\"Memurun Sesi\"},\"image\":{\"@id\":\"https:\\\/\\\/memurunsesi.net\\\/#\\\/schema\\\/logo\\\/image\\\/\"},\"sameAs\":[\"https:\\\/\\\/www.facebook.com\\\/unipersen\\\/?locale=tr_TR\",\"https:\\\/\\\/x.com\\\/unipersen\"]},{\"@type\":\"Person\",\"@id\":\"https:\\\/\\\/memurunsesi.net\\\/#\\\/schema\\\/person\\\/f21c2d73b89f6ee1d80b0a1803e38587\",\"name\":\"Memurun Sesi Haber Merkezi\",\"image\":{\"@type\":\"ImageObject\",\"inLanguage\":\"tr\",\"@id\":\"https:\\\/\\\/secure.gravatar.com\\\/avatar\\\/6cf0505f452ee753f485014986fab09a434671d2b919ee76fc541025c5876a70?s=96&d=mm&r=g\",\"url\":\"https:\\\/\\\/secure.gravatar.com\\\/avatar\\\/6cf0505f452ee753f485014986fab09a434671d2b919ee76fc541025c5876a70?s=96&d=mm&r=g\",\"contentUrl\":\"https:\\\/\\\/secure.gravatar.com\\\/avatar\\\/6cf0505f452ee753f485014986fab09a434671d2b919ee76fc541025c5876a70?s=96&d=mm&r=g\",\"caption\":\"Memurun Sesi Haber Merkezi\"},\"sameAs\":[\"https:\\\/\\\/memurunsesi.net\"],\"url\":\"https:\\\/\\\/memurunsesi.net\\\/index.php\\\/author\\\/uniper\\\/\"}]}<\/script>\n<!-- \/ Yoast SEO plugin. -->","yoast_head_json":{"title":"Silahl\u0131 sald\u0131r\u0131da \u00f6len \u015fahs\u0131n yak\u0131nlar\u0131, husumetlilerinin evini ate\u015fe verdi - Memurun Sesi","robots":{"index":"index","follow":"follow","max-snippet":"max-snippet:-1","max-image-preview":"max-image-preview:large","max-video-preview":"max-video-preview:-1"},"canonical":"https:\/\/memurunsesi.net\/index.php\/2025\/04\/21\/silahli-saldirida-olen-sahsin-yakinlari-husumetlilerinin-evini-atese-verdi\/","og_locale":"tr_TR","og_type":"article","og_title":"Silahl\u0131 sald\u0131r\u0131da \u00f6len \u015fahs\u0131n yak\u0131nlar\u0131, husumetlilerinin evini ate\u015fe verdi - Memurun Sesi","og_description":"\u015eanl\u0131urfa\u2019n\u0131n Viran\u015fehir il\u00e7esinde u\u011frad\u0131\u011f\u0131 silahl\u0131 sald\u0131r\u0131 sonucu tedavi g\u00f6rd\u00fc\u011f\u00fc hastanede hayat\u0131n\u0131 kaybeden \u015fahs\u0131n yak\u0131nlar\u0131, olayla ilgisi oldu\u011funu iddia ettikleri ailenin evini ate\u015fe verdi. Edinilen bilgiye g\u00f6re, olay, 25 Mart gecesi \u015eanl\u0131urfa\u2019n\u0131n Viran\u015fehir il\u00e7esine ba\u011fl\u0131 k\u0131rsal Elg\u00fcn Mahallesi&#8217;nde ya\u015fand\u0131. \u0130ddiaya g\u00f6re, kimli\u011fi belirsiz \u015fah\u0131s ya da \u015fah\u0131slar\u0131n silahl\u0131 sald\u0131r\u0131s\u0131na u\u011frayan 30 ya\u015f\u0131ndaki Yusuf \u00d6den a\u011f\u0131r yaraland\u0131. [&hellip;]","og_url":"https:\/\/memurunsesi.net\/index.php\/2025\/04\/21\/silahli-saldirida-olen-sahsin-yakinlari-husumetlilerinin-evini-atese-verdi\/","og_site_name":"Memurun Sesi","article_publisher":"https:\/\/www.facebook.com\/unipersen\/?locale=tr_TR","article_published_time":"2025-04-21T06:04:23+00:00","og_image":[{"width":1250,"height":720,"url":"https:\/\/memurunsesi.net\/wp-content\/uploads\/2025\/04\/AW437154_01.jpg","type":"image\/jpeg"}],"author":"Memurun Sesi Haber Merkezi","twitter_card":"summary_large_image","twitter_creator":"@unipersen","twitter_site":"@unipersen","twitter_misc":{"Yazan:":"Memurun Sesi Haber Merkezi","Tahmini okuma s\u00fcresi":"1 dakika"},"schema":{"@context":"https:\/\/schema.org","@graph":[{"@type":"Article","@id":"https:\/\/memurunsesi.net\/index.php\/2025\/04\/21\/silahli-saldirida-olen-sahsin-yakinlari-husumetlilerinin-evini-atese-verdi\/#article","isPartOf":{"@id":"https:\/\/memurunsesi.net\/index.php\/2025\/04\/21\/silahli-saldirida-olen-sahsin-yakinlari-husumetlilerinin-evini-atese-verdi\/"},"author":{"name":"Memurun Sesi Haber Merkezi","@id":"https:\/\/memurunsesi.net\/#\/schema\/person\/f21c2d73b89f6ee1d80b0a1803e38587"},"headline":"Silahl\u0131 sald\u0131r\u0131da \u00f6len \u015fahs\u0131n yak\u0131nlar\u0131, husumetlilerinin evini ate\u015fe verdi","datePublished":"2025-04-21T06:04:23+00:00","mainEntityOfPage":{"@id":"https:\/\/memurunsesi.net\/index.php\/2025\/04\/21\/silahli-saldirida-olen-sahsin-yakinlari-husumetlilerinin-evini-atese-verdi\/"},"wordCount":228,"commentCount":0,"publisher":{"@id":"https:\/\/memurunsesi.net\/#organization"},"image":{"@id":"https:\/\/memurunsesi.net\/index.php\/2025\/04\/21\/silahli-saldirida-olen-sahsin-yakinlari-husumetlilerinin-evini-atese-verdi\/#primaryimage"},"thumbnailUrl":"https:\/\/memurunsesi.net\/wp-content\/uploads\/2025\/04\/AW437154_01.jpg","articleSection":["T\u00fcm Haberler"],"inLanguage":"tr","potentialAction":[{"@type":"CommentAction","name":"Comment","target":["https:\/\/memurunsesi.net\/index.php\/2025\/04\/21\/silahli-saldirida-olen-sahsin-yakinlari-husumetlilerinin-evini-atese-verdi\/#respond"]}]},{"@type":"WebPage","@id":"https:\/\/memurunsesi.net\/index.php\/2025\/04\/21\/silahli-saldirida-olen-sahsin-yakinlari-husumetlilerinin-evini-atese-verdi\/","url":"https:\/\/memurunsesi.net\/index.php\/2025\/04\/21\/silahli-saldirida-olen-sahsin-yakinlari-husumetlilerinin-evini-atese-verdi\/","name":"Silahl\u0131 sald\u0131r\u0131da \u00f6len \u015fahs\u0131n yak\u0131nlar\u0131, husumetlilerinin evini ate\u015fe verdi - Memurun Sesi","isPartOf":{"@id":"https:\/\/memurunsesi.net\/#website"},"primaryImageOfPage":{"@id":"https:\/\/memurunsesi.net\/index.php\/2025\/04\/21\/silahli-saldirida-olen-sahsin-yakinlari-husumetlilerinin-evini-atese-verdi\/#primaryimage"},"image":{"@id":"https:\/\/memurunsesi.net\/index.php\/2025\/04\/21\/silahli-saldirida-olen-sahsin-yakinlari-husumetlilerinin-evini-atese-verdi\/#primaryimage"},"thumbnailUrl":"https:\/\/memurunsesi.net\/wp-content\/uploads\/2025\/04\/AW437154_01.jpg","datePublished":"2025-04-21T06:04:23+00:00","breadcrumb":{"@id":"https:\/\/memurunsesi.net\/index.php\/2025\/04\/21\/silahli-saldirida-olen-sahsin-yakinlari-husumetlilerinin-evini-atese-verdi\/#breadcrumb"},"inLanguage":"tr","potentialAction":[{"@type":"ReadAction","target":["https:\/\/memurunsesi.net\/index.php\/2025\/04\/21\/silahli-saldirida-olen-sahsin-yakinlari-husumetlilerinin-evini-atese-verdi\/"]}]},{"@type":"ImageObject","inLanguage":"tr","@id":"https:\/\/memurunsesi.net\/index.php\/2025\/04\/21\/silahli-saldirida-olen-sahsin-yakinlari-husumetlilerinin-evini-atese-verdi\/#primaryimage","url":"https:\/\/memurunsesi.net\/wp-content\/uploads\/2025\/04\/AW437154_01.jpg","contentUrl":"https:\/\/memurunsesi.net\/wp-content\/uploads\/2025\/04\/AW437154_01.jpg","width":1250,"height":720,"caption":"\u015eANLIURFA'NIN V\u0130RAN\u015eEH\u0130R \u0130L\u00c7ES\u0130NDE U\u011eRADI\u011eI S\u0130LAHLI SALDIRI SONUCU TEDAV\u0130 G\u00d6RD\u00dc\u011e\u00dc HASTANEDE HAYATINI KAYBEDEN \u015eAHSIN YAKINLARI, OLAYLA \u0130LG\u0130S\u0130 OLDU\u011eUNU \u0130DD\u0130A ETT\u0130KLER\u0130 A\u0130LEN\u0130N EV\u0130N\u0130 ATE\u015eE VERD\u0130. (ENVER ZENC\u0130RC\u0130\/\u015eANLIURFA-\u0130HA) \u015eanl\u0131urfa'n\u0131n Viran\u015fehir il\u00e7esinde u\u011frad\u0131\u011f\u0131 silahl\u0131 sald\u0131r\u0131 sonucu tedavi g\u00f6rd\u00fc\u011f\u00fc hastanede hayat\u0131n\u0131 kaybeden \u015fahs\u0131n yak\u0131nlar\u0131, olayla ilgisi oldu\u011funu iddia ettikleri ailenin evini ate\u015fe verdi."},{"@type":"BreadcrumbList","@id":"https:\/\/memurunsesi.net\/index.php\/2025\/04\/21\/silahli-saldirida-olen-sahsin-yakinlari-husumetlilerinin-evini-atese-verdi\/#breadcrumb","itemListElement":[{"@type":"ListItem","position":1,"name":"Anasayfa","item":"https:\/\/memurunsesi.net\/"},{"@type":"ListItem","position":2,"name":"Silahl\u0131 sald\u0131r\u0131da \u00f6len \u015fahs\u0131n yak\u0131nlar\u0131, husumetlilerinin evini ate\u015fe verdi"}]},{"@type":"WebSite","@id":"https:\/\/memurunsesi.net\/#website","url":"https:\/\/memurunsesi.net\/","name":"Memurun Sesi","description":"G\u00fcncel ve Do\u011fru Haber","publisher":{"@id":"https:\/\/memurunsesi.net\/#organization"},"potentialAction":[{"@type":"SearchAction","target":{"@type":"EntryPoint","urlTemplate":"https:\/\/memurunsesi.net\/?s={search_term_string}"},"query-input":{"@type":"PropertyValueSpecification","valueRequired":true,"valueName":"search_term_string"}}],"inLanguage":"tr"},{"@type":"Organization","@id":"https:\/\/memurunsesi.net\/#organization","name":"Memurun Sesi","url":"https:\/\/memurunsesi.net\/","logo":{"@type":"ImageObject","inLanguage":"tr","@id":"https:\/\/memurunsesi.net\/#\/schema\/logo\/image\/","url":"https:\/\/memurunsesi.net\/wp-content\/uploads\/2025\/11\/cropped-MEMURUN-SESI.png","contentUrl":"https:\/\/memurunsesi.net\/wp-content\/uploads\/2025\/11\/cropped-MEMURUN-SESI.png","width":238,"height":57,"caption":"Memurun Sesi"},"image":{"@id":"https:\/\/memurunsesi.net\/#\/schema\/logo\/image\/"},"sameAs":["https:\/\/www.facebook.com\/unipersen\/?locale=tr_TR","https:\/\/x.com\/unipersen"]},{"@type":"Person","@id":"https:\/\/memurunsesi.net\/#\/schema\/person\/f21c2d73b89f6ee1d80b0a1803e38587","name":"Memurun Sesi Haber Merkezi","image":{"@type":"ImageObject","inLanguage":"tr","@id":"https:\/\/secure.gravatar.com\/avatar\/6cf0505f452ee753f485014986fab09a434671d2b919ee76fc541025c5876a70?s=96&d=mm&r=g","url":"https:\/\/secure.gravatar.com\/avatar\/6cf0505f452ee753f485014986fab09a434671d2b919ee76fc541025c5876a70?s=96&d=mm&r=g","contentUrl":"https:\/\/secure.gravatar.com\/avatar\/6cf0505f452ee753f485014986fab09a434671d2b919ee76fc541025c5876a70?s=96&d=mm&r=g","caption":"Memurun Sesi Haber Merkezi"},"sameAs":["https:\/\/memurunsesi.net"],"url":"https:\/\/memurunsesi.net\/index.php\/author\/uniper\/"}]}},"_links":{"self":[{"href":"https:\/\/memurunsesi.net\/index.php\/wp-json\/wp\/v2\/posts\/5689","targetHints":{"allow":["GET"]}}],"collection":[{"href":"https:\/\/memurunsesi.net\/index.php\/wp-json\/wp\/v2\/posts"}],"about":[{"href":"https:\/\/memurunsesi.net\/index.php\/wp-json\/wp\/v2\/types\/post"}],"author":[{"embeddable":true,"href":"https:\/\/memurunsesi.net\/index.php\/wp-json\/wp\/v2\/users\/1"}],"replies":[{"embeddable":true,"href":"https:\/\/memurunsesi.net\/index.php\/wp-json\/wp\/v2\/comments?post=5689"}],"version-history":[{"count":1,"href":"https:\/\/memurunsesi.net\/index.php\/wp-json\/wp\/v2\/posts\/5689\/revisions"}],"predecessor-version":[{"id":5691,"href":"https:\/\/memurunsesi.net\/index.php\/wp-json\/wp\/v2\/posts\/5689\/revisions\/5691"}],"wp:featuredmedia":[{"embeddable":true,"href":"https:\/\/memurunsesi.net\/index.php\/wp-json\/wp\/v2\/media\/5690"}],"wp:attachment":[{"href":"https:\/\/memurunsesi.net\/index.php\/wp-json\/wp\/v2\/media?parent=5689"}],"wp:term":[{"taxonomy":"category","embeddable":true,"href":"https:\/\/memurunsesi.net\/index.php\/wp-json\/wp\/v2\/categories?post=5689"},{"taxonomy":"post_tag","embeddable":true,"href":"https:\/\/memurunsesi.net\/index.php\/wp-json\/wp\/v2\/tags?post=5689"}],"curies":[{"name":"wp","href":"https:\/\/api.w.org\/{rel}","templated":true}]}}