{"id":5692,"date":"2025-04-21T09:05:43","date_gmt":"2025-04-21T06:05:43","guid":{"rendered":"https:\/\/memurunsesi.net\/?p=5692"},"modified":"2025-04-21T09:05:43","modified_gmt":"2025-04-21T06:05:43","slug":"batmanda-park-halindeki-kamyonet-yandi","status":"publish","type":"post","link":"https:\/\/memurunsesi.net\/index.php\/2025\/04\/21\/batmanda-park-halindeki-kamyonet-yandi\/","title":{"rendered":"Batman\u2019da park halindeki kamyonet yand\u0131"},"content":{"rendered":"<p> Batman&#8217;da park halindeki bir kamyonet yanarak kullan\u0131lamaz hale geldi.<br \/>\n  Edinilen bilgilere g\u00f6re, d\u00fcn gece saatlerinde Bay\u0131nd\u0131rl\u0131k Mahallesi&#8217;ndeki ek sanayi sitesi i\u00e7inde park halindeki kamyonet, hen\u00fcz belirlenemeyen nedenle yand\u0131. \u0130hbar \u00fczerine olay yerine itfaiye ve polis ekibi sevk edildi. Yang\u0131n, itfaiye ekiplerinin m\u00fcdahalesiyle s\u00f6nd\u00fcr\u00fcl\u00fcrken kamyonet kullan\u0131lamaz hale geldi. <\/p>\n<p>21.04.2025                        <\/p>\n","protected":false},"excerpt":{"rendered":"<p>Batman&#8217;da park halindeki bir kamyonet yanarak kullan\u0131lamaz hale geldi. Edinilen bilgilere g\u00f6re, d\u00fcn gece saatlerinde Bay\u0131nd\u0131rl\u0131k Mahallesi&#8217;ndeki ek sanayi sitesi i\u00e7inde park halindeki kamyonet, hen\u00fcz belirlenemeyen nedenle yand\u0131. \u0130hbar \u00fczerine olay yerine itfaiye ve polis ekibi sevk edildi. Yang\u0131n, itfaiye ekiplerinin m\u00fcdahalesiyle s\u00f6nd\u00fcr\u00fcl\u00fcrken kamyonet kullan\u0131lamaz hale geldi. 21.04.2025<\/p>\n","protected":false},"author":1,"featured_media":5693,"comment_status":"open","ping_status":"open","sticky":false,"template":"","format":"standard","meta":{"footnotes":""},"categories":[50],"tags":[],"class_list":["post-5692","post","type-post","status-publish","format-standard","has-post-thumbnail","hentry","category-tum-haberler"],"yoast_head":"<!-- This site is optimized with the Yoast SEO plugin v27.4 - https:\/\/yoast.com\/product\/yoast-seo-wordpress\/ -->\n<title>Batman\u2019da park halindeki kamyonet yand\u0131 - Memurun Sesi<\/title>\n<meta name=\"robots\" content=\"index, follow, max-snippet:-1, max-image-preview:large, max-video-preview:-1\" \/>\n<link rel=\"canonical\" href=\"https:\/\/memurunsesi.net\/index.php\/2025\/04\/21\/batmanda-park-halindeki-kamyonet-yandi\/\" \/>\n<meta property=\"og:locale\" content=\"tr_TR\" \/>\n<meta property=\"og:type\" content=\"article\" \/>\n<meta property=\"og:title\" content=\"Batman\u2019da park halindeki kamyonet yand\u0131 - Memurun Sesi\" \/>\n<meta property=\"og:description\" content=\"Batman&#8217;da park halindeki bir kamyonet yanarak kullan\u0131lamaz hale geldi. Edinilen bilgilere g\u00f6re, d\u00fcn gece saatlerinde Bay\u0131nd\u0131rl\u0131k Mahallesi&#8217;ndeki ek sanayi sitesi i\u00e7inde park halindeki kamyonet, hen\u00fcz belirlenemeyen nedenle yand\u0131. \u0130hbar \u00fczerine olay yerine itfaiye ve polis ekibi sevk edildi. Yang\u0131n, itfaiye ekiplerinin m\u00fcdahalesiyle s\u00f6nd\u00fcr\u00fcl\u00fcrken kamyonet kullan\u0131lamaz hale geldi. 21.04.2025\" \/>\n<meta property=\"og:url\" content=\"https:\/\/memurunsesi.net\/index.php\/2025\/04\/21\/batmanda-park-halindeki-kamyonet-yandi\/\" \/>\n<meta property=\"og:site_name\" content=\"Memurun Sesi\" \/>\n<meta property=\"article:publisher\" content=\"https:\/\/www.facebook.com\/unipersen\/?locale=tr_TR\" \/>\n<meta property=\"article:published_time\" content=\"2025-04-21T06:05:43+00:00\" \/>\n<meta property=\"og:image\" content=\"https:\/\/memurunsesi.net\/wp-content\/uploads\/2025\/04\/AW437149_01.jpg\" \/>\n\t<meta property=\"og:image:width\" content=\"1200\" \/>\n\t<meta property=\"og:image:height\" content=\"1600\" \/>\n\t<meta property=\"og:image:type\" content=\"image\/jpeg\" \/>\n<meta name=\"author\" content=\"Memurun Sesi Haber Merkezi\" \/>\n<meta name=\"twitter:card\" content=\"summary_large_image\" \/>\n<meta name=\"twitter:creator\" content=\"@unipersen\" \/>\n<meta name=\"twitter:site\" content=\"@unipersen\" \/>\n<meta name=\"twitter:label1\" content=\"Yazan:\" \/>\n\t<meta name=\"twitter:data1\" content=\"Memurun Sesi Haber Merkezi\" \/>\n\t<meta name=\"twitter:label2\" content=\"Tahmini okuma s\u00fcresi\" \/>\n\t<meta name=\"twitter:data2\" content=\"1 dakika\" \/>\n<script type=\"application\/ld+json\" class=\"yoast-schema-graph\">{\"@context\":\"https:\\\/\\\/schema.org\",\"@graph\":[{\"@type\":\"Article\",\"@id\":\"https:\\\/\\\/memurunsesi.net\\\/index.php\\\/2025\\\/04\\\/21\\\/batmanda-park-halindeki-kamyonet-yandi\\\/#article\",\"isPartOf\":{\"@id\":\"https:\\\/\\\/memurunsesi.net\\\/index.php\\\/2025\\\/04\\\/21\\\/batmanda-park-halindeki-kamyonet-yandi\\\/\"},\"author\":{\"name\":\"Memurun Sesi Haber Merkezi\",\"@id\":\"https:\\\/\\\/memurunsesi.net\\\/#\\\/schema\\\/person\\\/f21c2d73b89f6ee1d80b0a1803e38587\"},\"headline\":\"Batman\u2019da park halindeki kamyonet yand\u0131\",\"datePublished\":\"2025-04-21T06:05:43+00:00\",\"mainEntityOfPage\":{\"@id\":\"https:\\\/\\\/memurunsesi.net\\\/index.php\\\/2025\\\/04\\\/21\\\/batmanda-park-halindeki-kamyonet-yandi\\\/\"},\"wordCount\":70,\"commentCount\":0,\"publisher\":{\"@id\":\"https:\\\/\\\/memurunsesi.net\\\/#organization\"},\"image\":{\"@id\":\"https:\\\/\\\/memurunsesi.net\\\/index.php\\\/2025\\\/04\\\/21\\\/batmanda-park-halindeki-kamyonet-yandi\\\/#primaryimage\"},\"thumbnailUrl\":\"https:\\\/\\\/memurunsesi.net\\\/wp-content\\\/uploads\\\/2025\\\/04\\\/AW437149_01.jpg\",\"articleSection\":[\"T\u00fcm Haberler\"],\"inLanguage\":\"tr\",\"potentialAction\":[{\"@type\":\"CommentAction\",\"name\":\"Comment\",\"target\":[\"https:\\\/\\\/memurunsesi.net\\\/index.php\\\/2025\\\/04\\\/21\\\/batmanda-park-halindeki-kamyonet-yandi\\\/#respond\"]}]},{\"@type\":\"WebPage\",\"@id\":\"https:\\\/\\\/memurunsesi.net\\\/index.php\\\/2025\\\/04\\\/21\\\/batmanda-park-halindeki-kamyonet-yandi\\\/\",\"url\":\"https:\\\/\\\/memurunsesi.net\\\/index.php\\\/2025\\\/04\\\/21\\\/batmanda-park-halindeki-kamyonet-yandi\\\/\",\"name\":\"Batman\u2019da park halindeki kamyonet yand\u0131 - Memurun Sesi\",\"isPartOf\":{\"@id\":\"https:\\\/\\\/memurunsesi.net\\\/#website\"},\"primaryImageOfPage\":{\"@id\":\"https:\\\/\\\/memurunsesi.net\\\/index.php\\\/2025\\\/04\\\/21\\\/batmanda-park-halindeki-kamyonet-yandi\\\/#primaryimage\"},\"image\":{\"@id\":\"https:\\\/\\\/memurunsesi.net\\\/index.php\\\/2025\\\/04\\\/21\\\/batmanda-park-halindeki-kamyonet-yandi\\\/#primaryimage\"},\"thumbnailUrl\":\"https:\\\/\\\/memurunsesi.net\\\/wp-content\\\/uploads\\\/2025\\\/04\\\/AW437149_01.jpg\",\"datePublished\":\"2025-04-21T06:05:43+00:00\",\"breadcrumb\":{\"@id\":\"https:\\\/\\\/memurunsesi.net\\\/index.php\\\/2025\\\/04\\\/21\\\/batmanda-park-halindeki-kamyonet-yandi\\\/#breadcrumb\"},\"inLanguage\":\"tr\",\"potentialAction\":[{\"@type\":\"ReadAction\",\"target\":[\"https:\\\/\\\/memurunsesi.net\\\/index.php\\\/2025\\\/04\\\/21\\\/batmanda-park-halindeki-kamyonet-yandi\\\/\"]}]},{\"@type\":\"ImageObject\",\"inLanguage\":\"tr\",\"@id\":\"https:\\\/\\\/memurunsesi.net\\\/index.php\\\/2025\\\/04\\\/21\\\/batmanda-park-halindeki-kamyonet-yandi\\\/#primaryimage\",\"url\":\"https:\\\/\\\/memurunsesi.net\\\/wp-content\\\/uploads\\\/2025\\\/04\\\/AW437149_01.jpg\",\"contentUrl\":\"https:\\\/\\\/memurunsesi.net\\\/wp-content\\\/uploads\\\/2025\\\/04\\\/AW437149_01.jpg\",\"width\":1200,\"height\":1600,\"caption\":\"BATMAN'DA PARK HAL\u0130NDEK\u0130 B\u0130R KAMYONET YANARAK KULLANILAMAZ HALE GELD\u0130. (\u015eEHMUS USTABA\u015eI\\\/BATMAN-\u0130HA) Batman'da park halindeki bir kamyonet yanarak kullan\u0131lamaz hale geldi.\"},{\"@type\":\"BreadcrumbList\",\"@id\":\"https:\\\/\\\/memurunsesi.net\\\/index.php\\\/2025\\\/04\\\/21\\\/batmanda-park-halindeki-kamyonet-yandi\\\/#breadcrumb\",\"itemListElement\":[{\"@type\":\"ListItem\",\"position\":1,\"name\":\"Anasayfa\",\"item\":\"https:\\\/\\\/memurunsesi.net\\\/\"},{\"@type\":\"ListItem\",\"position\":2,\"name\":\"Batman\u2019da park halindeki kamyonet yand\u0131\"}]},{\"@type\":\"WebSite\",\"@id\":\"https:\\\/\\\/memurunsesi.net\\\/#website\",\"url\":\"https:\\\/\\\/memurunsesi.net\\\/\",\"name\":\"Memurun Sesi\",\"description\":\"G\u00fcncel ve Do\u011fru Haber\",\"publisher\":{\"@id\":\"https:\\\/\\\/memurunsesi.net\\\/#organization\"},\"potentialAction\":[{\"@type\":\"SearchAction\",\"target\":{\"@type\":\"EntryPoint\",\"urlTemplate\":\"https:\\\/\\\/memurunsesi.net\\\/?s={search_term_string}\"},\"query-input\":{\"@type\":\"PropertyValueSpecification\",\"valueRequired\":true,\"valueName\":\"search_term_string\"}}],\"inLanguage\":\"tr\"},{\"@type\":\"Organization\",\"@id\":\"https:\\\/\\\/memurunsesi.net\\\/#organization\",\"name\":\"Memurun Sesi\",\"url\":\"https:\\\/\\\/memurunsesi.net\\\/\",\"logo\":{\"@type\":\"ImageObject\",\"inLanguage\":\"tr\",\"@id\":\"https:\\\/\\\/memurunsesi.net\\\/#\\\/schema\\\/logo\\\/image\\\/\",\"url\":\"https:\\\/\\\/memurunsesi.net\\\/wp-content\\\/uploads\\\/2025\\\/11\\\/cropped-MEMURUN-SESI.png\",\"contentUrl\":\"https:\\\/\\\/memurunsesi.net\\\/wp-content\\\/uploads\\\/2025\\\/11\\\/cropped-MEMURUN-SESI.png\",\"width\":238,\"height\":57,\"caption\":\"Memurun Sesi\"},\"image\":{\"@id\":\"https:\\\/\\\/memurunsesi.net\\\/#\\\/schema\\\/logo\\\/image\\\/\"},\"sameAs\":[\"https:\\\/\\\/www.facebook.com\\\/unipersen\\\/?locale=tr_TR\",\"https:\\\/\\\/x.com\\\/unipersen\"]},{\"@type\":\"Person\",\"@id\":\"https:\\\/\\\/memurunsesi.net\\\/#\\\/schema\\\/person\\\/f21c2d73b89f6ee1d80b0a1803e38587\",\"name\":\"Memurun Sesi Haber Merkezi\",\"image\":{\"@type\":\"ImageObject\",\"inLanguage\":\"tr\",\"@id\":\"https:\\\/\\\/secure.gravatar.com\\\/avatar\\\/6cf0505f452ee753f485014986fab09a434671d2b919ee76fc541025c5876a70?s=96&d=mm&r=g\",\"url\":\"https:\\\/\\\/secure.gravatar.com\\\/avatar\\\/6cf0505f452ee753f485014986fab09a434671d2b919ee76fc541025c5876a70?s=96&d=mm&r=g\",\"contentUrl\":\"https:\\\/\\\/secure.gravatar.com\\\/avatar\\\/6cf0505f452ee753f485014986fab09a434671d2b919ee76fc541025c5876a70?s=96&d=mm&r=g\",\"caption\":\"Memurun Sesi Haber Merkezi\"},\"sameAs\":[\"https:\\\/\\\/memurunsesi.net\"],\"url\":\"https:\\\/\\\/memurunsesi.net\\\/index.php\\\/author\\\/uniper\\\/\"}]}<\/script>\n<!-- \/ Yoast SEO plugin. -->","yoast_head_json":{"title":"Batman\u2019da park halindeki kamyonet yand\u0131 - Memurun Sesi","robots":{"index":"index","follow":"follow","max-snippet":"max-snippet:-1","max-image-preview":"max-image-preview:large","max-video-preview":"max-video-preview:-1"},"canonical":"https:\/\/memurunsesi.net\/index.php\/2025\/04\/21\/batmanda-park-halindeki-kamyonet-yandi\/","og_locale":"tr_TR","og_type":"article","og_title":"Batman\u2019da park halindeki kamyonet yand\u0131 - Memurun Sesi","og_description":"Batman&#8217;da park halindeki bir kamyonet yanarak kullan\u0131lamaz hale geldi. Edinilen bilgilere g\u00f6re, d\u00fcn gece saatlerinde Bay\u0131nd\u0131rl\u0131k Mahallesi&#8217;ndeki ek sanayi sitesi i\u00e7inde park halindeki kamyonet, hen\u00fcz belirlenemeyen nedenle yand\u0131. \u0130hbar \u00fczerine olay yerine itfaiye ve polis ekibi sevk edildi. Yang\u0131n, itfaiye ekiplerinin m\u00fcdahalesiyle s\u00f6nd\u00fcr\u00fcl\u00fcrken kamyonet kullan\u0131lamaz hale geldi. 21.04.2025","og_url":"https:\/\/memurunsesi.net\/index.php\/2025\/04\/21\/batmanda-park-halindeki-kamyonet-yandi\/","og_site_name":"Memurun Sesi","article_publisher":"https:\/\/www.facebook.com\/unipersen\/?locale=tr_TR","article_published_time":"2025-04-21T06:05:43+00:00","og_image":[{"width":1200,"height":1600,"url":"https:\/\/memurunsesi.net\/wp-content\/uploads\/2025\/04\/AW437149_01.jpg","type":"image\/jpeg"}],"author":"Memurun Sesi Haber Merkezi","twitter_card":"summary_large_image","twitter_creator":"@unipersen","twitter_site":"@unipersen","twitter_misc":{"Yazan:":"Memurun Sesi Haber Merkezi","Tahmini okuma s\u00fcresi":"1 dakika"},"schema":{"@context":"https:\/\/schema.org","@graph":[{"@type":"Article","@id":"https:\/\/memurunsesi.net\/index.php\/2025\/04\/21\/batmanda-park-halindeki-kamyonet-yandi\/#article","isPartOf":{"@id":"https:\/\/memurunsesi.net\/index.php\/2025\/04\/21\/batmanda-park-halindeki-kamyonet-yandi\/"},"author":{"name":"Memurun Sesi Haber Merkezi","@id":"https:\/\/memurunsesi.net\/#\/schema\/person\/f21c2d73b89f6ee1d80b0a1803e38587"},"headline":"Batman\u2019da park halindeki kamyonet yand\u0131","datePublished":"2025-04-21T06:05:43+00:00","mainEntityOfPage":{"@id":"https:\/\/memurunsesi.net\/index.php\/2025\/04\/21\/batmanda-park-halindeki-kamyonet-yandi\/"},"wordCount":70,"commentCount":0,"publisher":{"@id":"https:\/\/memurunsesi.net\/#organization"},"image":{"@id":"https:\/\/memurunsesi.net\/index.php\/2025\/04\/21\/batmanda-park-halindeki-kamyonet-yandi\/#primaryimage"},"thumbnailUrl":"https:\/\/memurunsesi.net\/wp-content\/uploads\/2025\/04\/AW437149_01.jpg","articleSection":["T\u00fcm Haberler"],"inLanguage":"tr","potentialAction":[{"@type":"CommentAction","name":"Comment","target":["https:\/\/memurunsesi.net\/index.php\/2025\/04\/21\/batmanda-park-halindeki-kamyonet-yandi\/#respond"]}]},{"@type":"WebPage","@id":"https:\/\/memurunsesi.net\/index.php\/2025\/04\/21\/batmanda-park-halindeki-kamyonet-yandi\/","url":"https:\/\/memurunsesi.net\/index.php\/2025\/04\/21\/batmanda-park-halindeki-kamyonet-yandi\/","name":"Batman\u2019da park halindeki kamyonet yand\u0131 - Memurun Sesi","isPartOf":{"@id":"https:\/\/memurunsesi.net\/#website"},"primaryImageOfPage":{"@id":"https:\/\/memurunsesi.net\/index.php\/2025\/04\/21\/batmanda-park-halindeki-kamyonet-yandi\/#primaryimage"},"image":{"@id":"https:\/\/memurunsesi.net\/index.php\/2025\/04\/21\/batmanda-park-halindeki-kamyonet-yandi\/#primaryimage"},"thumbnailUrl":"https:\/\/memurunsesi.net\/wp-content\/uploads\/2025\/04\/AW437149_01.jpg","datePublished":"2025-04-21T06:05:43+00:00","breadcrumb":{"@id":"https:\/\/memurunsesi.net\/index.php\/2025\/04\/21\/batmanda-park-halindeki-kamyonet-yandi\/#breadcrumb"},"inLanguage":"tr","potentialAction":[{"@type":"ReadAction","target":["https:\/\/memurunsesi.net\/index.php\/2025\/04\/21\/batmanda-park-halindeki-kamyonet-yandi\/"]}]},{"@type":"ImageObject","inLanguage":"tr","@id":"https:\/\/memurunsesi.net\/index.php\/2025\/04\/21\/batmanda-park-halindeki-kamyonet-yandi\/#primaryimage","url":"https:\/\/memurunsesi.net\/wp-content\/uploads\/2025\/04\/AW437149_01.jpg","contentUrl":"https:\/\/memurunsesi.net\/wp-content\/uploads\/2025\/04\/AW437149_01.jpg","width":1200,"height":1600,"caption":"BATMAN'DA PARK HAL\u0130NDEK\u0130 B\u0130R KAMYONET YANARAK KULLANILAMAZ HALE GELD\u0130. (\u015eEHMUS USTABA\u015eI\/BATMAN-\u0130HA) Batman'da park halindeki bir kamyonet yanarak kullan\u0131lamaz hale geldi."},{"@type":"BreadcrumbList","@id":"https:\/\/memurunsesi.net\/index.php\/2025\/04\/21\/batmanda-park-halindeki-kamyonet-yandi\/#breadcrumb","itemListElement":[{"@type":"ListItem","position":1,"name":"Anasayfa","item":"https:\/\/memurunsesi.net\/"},{"@type":"ListItem","position":2,"name":"Batman\u2019da park halindeki kamyonet yand\u0131"}]},{"@type":"WebSite","@id":"https:\/\/memurunsesi.net\/#website","url":"https:\/\/memurunsesi.net\/","name":"Memurun Sesi","description":"G\u00fcncel ve Do\u011fru Haber","publisher":{"@id":"https:\/\/memurunsesi.net\/#organization"},"potentialAction":[{"@type":"SearchAction","target":{"@type":"EntryPoint","urlTemplate":"https:\/\/memurunsesi.net\/?s={search_term_string}"},"query-input":{"@type":"PropertyValueSpecification","valueRequired":true,"valueName":"search_term_string"}}],"inLanguage":"tr"},{"@type":"Organization","@id":"https:\/\/memurunsesi.net\/#organization","name":"Memurun Sesi","url":"https:\/\/memurunsesi.net\/","logo":{"@type":"ImageObject","inLanguage":"tr","@id":"https:\/\/memurunsesi.net\/#\/schema\/logo\/image\/","url":"https:\/\/memurunsesi.net\/wp-content\/uploads\/2025\/11\/cropped-MEMURUN-SESI.png","contentUrl":"https:\/\/memurunsesi.net\/wp-content\/uploads\/2025\/11\/cropped-MEMURUN-SESI.png","width":238,"height":57,"caption":"Memurun Sesi"},"image":{"@id":"https:\/\/memurunsesi.net\/#\/schema\/logo\/image\/"},"sameAs":["https:\/\/www.facebook.com\/unipersen\/?locale=tr_TR","https:\/\/x.com\/unipersen"]},{"@type":"Person","@id":"https:\/\/memurunsesi.net\/#\/schema\/person\/f21c2d73b89f6ee1d80b0a1803e38587","name":"Memurun Sesi Haber Merkezi","image":{"@type":"ImageObject","inLanguage":"tr","@id":"https:\/\/secure.gravatar.com\/avatar\/6cf0505f452ee753f485014986fab09a434671d2b919ee76fc541025c5876a70?s=96&d=mm&r=g","url":"https:\/\/secure.gravatar.com\/avatar\/6cf0505f452ee753f485014986fab09a434671d2b919ee76fc541025c5876a70?s=96&d=mm&r=g","contentUrl":"https:\/\/secure.gravatar.com\/avatar\/6cf0505f452ee753f485014986fab09a434671d2b919ee76fc541025c5876a70?s=96&d=mm&r=g","caption":"Memurun Sesi Haber Merkezi"},"sameAs":["https:\/\/memurunsesi.net"],"url":"https:\/\/memurunsesi.net\/index.php\/author\/uniper\/"}]}},"_links":{"self":[{"href":"https:\/\/memurunsesi.net\/index.php\/wp-json\/wp\/v2\/posts\/5692","targetHints":{"allow":["GET"]}}],"collection":[{"href":"https:\/\/memurunsesi.net\/index.php\/wp-json\/wp\/v2\/posts"}],"about":[{"href":"https:\/\/memurunsesi.net\/index.php\/wp-json\/wp\/v2\/types\/post"}],"author":[{"embeddable":true,"href":"https:\/\/memurunsesi.net\/index.php\/wp-json\/wp\/v2\/users\/1"}],"replies":[{"embeddable":true,"href":"https:\/\/memurunsesi.net\/index.php\/wp-json\/wp\/v2\/comments?post=5692"}],"version-history":[{"count":1,"href":"https:\/\/memurunsesi.net\/index.php\/wp-json\/wp\/v2\/posts\/5692\/revisions"}],"predecessor-version":[{"id":5694,"href":"https:\/\/memurunsesi.net\/index.php\/wp-json\/wp\/v2\/posts\/5692\/revisions\/5694"}],"wp:featuredmedia":[{"embeddable":true,"href":"https:\/\/memurunsesi.net\/index.php\/wp-json\/wp\/v2\/media\/5693"}],"wp:attachment":[{"href":"https:\/\/memurunsesi.net\/index.php\/wp-json\/wp\/v2\/media?parent=5692"}],"wp:term":[{"taxonomy":"category","embeddable":true,"href":"https:\/\/memurunsesi.net\/index.php\/wp-json\/wp\/v2\/categories?post=5692"},{"taxonomy":"post_tag","embeddable":true,"href":"https:\/\/memurunsesi.net\/index.php\/wp-json\/wp\/v2\/tags?post=5692"}],"curies":[{"name":"wp","href":"https:\/\/api.w.org\/{rel}","templated":true}]}}