{"id":5712,"date":"2025-04-21T09:58:20","date_gmt":"2025-04-21T06:58:20","guid":{"rendered":"https:\/\/memurunsesi.net\/?p=5712"},"modified":"2025-04-21T09:58:20","modified_gmt":"2025-04-21T06:58:20","slug":"hakkaride-bir-yilan-baska-bir-yilani-yerken-goruntulendi","status":"publish","type":"post","link":"https:\/\/memurunsesi.net\/index.php\/2025\/04\/21\/hakkaride-bir-yilan-baska-bir-yilani-yerken-goruntulendi\/","title":{"rendered":"Hakkari&#8217;de bir y\u0131lan ba\u015fka bir y\u0131lan\u0131 yerken g\u00f6r\u00fcnt\u00fclendi"},"content":{"rendered":"<p>\n Hakkari&#8217;de bir do\u011fasever, do\u011fa y\u00fcr\u00fcy\u00fc\u015f\u00fc s\u0131ras\u0131nda yakla\u015f\u0131k iki metrelik bir y\u0131lan\u0131n, ba\u015fka bir y\u0131lan\u0131 yutmaya \u00e7al\u0131\u015ft\u0131\u011f\u0131 s\u0131rada ikisinin de telef oldu\u011fu anlar\u0131 g\u00f6r\u00fcnt\u00fcledi.<br \/>\n  Hakkari&#8217;de do\u011fa y\u00fcr\u00fcy\u00fc\u015f\u00fcne \u00e7\u0131kan bir grup do\u011fasever, ender rastlanan bir do\u011fa olay\u0131na tan\u0131kl\u0131k etti. Kent merkezine yakla\u015f\u0131k 30 kilometre uzakl\u0131ktaki Ceylanl\u0131 k\u00f6y\u00fc k\u0131rsal\u0131nda y\u00fcr\u00fcy\u00fc\u015f yapan Emin Noyan ve 8 ki\u015filik arkada\u015f grubu, bir y\u0131lan\u0131n ba\u015fka bir y\u0131lana sald\u0131rarak yuttu\u011fu anlar\u0131 g\u00f6r\u00fcnt\u00fcledi. Olay\u0131n sonunda her iki y\u0131lan\u0131n da \u00f6ld\u00fc\u011f\u00fc g\u00f6r\u00fcld\u00fc.<br \/>\n  Do\u011fasever Emin Noyan, b\u00f6lgedeki y\u00fcr\u00fcy\u00fc\u015f s\u0131ras\u0131nda kar\u015f\u0131la\u015ft\u0131klar\u0131 manzaray\u0131 \u015f\u00f6yle aktard\u0131:<br \/>\n  &#8220;8 arkada\u015f\u0131m\u0131zla Ceylanl\u0131 k\u00f6y\u00fcnde do\u011fa y\u00fcr\u00fcy\u00fc\u015f\u00fcne \u00e7\u0131kt\u0131k. Birka\u00e7 t\u0131rman\u0131\u015ftan sonra a\u015fa\u011f\u0131 inece\u011fimiz s\u0131rada ilk defa kar\u015f\u0131la\u015ft\u0131\u011f\u0131m\u0131z bir g\u00f6r\u00fcnt\u00fcye \u015fahit olduk. Yakla\u015f\u0131k iki metrelik bir y\u0131lan, bir metrelik ba\u015fka bir y\u0131lan\u0131 yutmu\u015ftu. Ancak k\u00fc\u00e7\u00fck y\u0131lan, b\u00fcy\u00fck y\u0131lan\u0131n karn\u0131nda b\u00fcy\u00fck bir yara a\u00e7arak \u00e7\u0131kmaya \u00e7al\u0131\u015fm\u0131\u015f. Sonu\u00e7ta ikisi de telef olmu\u015f. Biz de hayretle o anlar\u0131 g\u00f6r\u00fcnt\u00fcledik.&#8221;<br \/>\n  Olay cep telefonu kameras\u0131yla kay\u0131t alt\u0131na al\u0131n\u0131rken, do\u011faseverler g\u00f6rd\u00fckleri kar\u015f\u0131s\u0131nda hayretler i\u00e7erisinde kald\u0131. <\/p>\n<p>21.04.2025                                <\/p>\n","protected":false},"excerpt":{"rendered":"<p>Hakkari&#8217;de bir do\u011fasever, do\u011fa y\u00fcr\u00fcy\u00fc\u015f\u00fc s\u0131ras\u0131nda yakla\u015f\u0131k iki metrelik bir y\u0131lan\u0131n, ba\u015fka bir y\u0131lan\u0131 yutmaya \u00e7al\u0131\u015ft\u0131\u011f\u0131 s\u0131rada ikisinin de telef oldu\u011fu anlar\u0131 g\u00f6r\u00fcnt\u00fcledi. Hakkari&#8217;de do\u011fa y\u00fcr\u00fcy\u00fc\u015f\u00fcne \u00e7\u0131kan bir grup do\u011fasever, ender rastlanan bir do\u011fa olay\u0131na tan\u0131kl\u0131k etti. Kent merkezine yakla\u015f\u0131k 30 kilometre uzakl\u0131ktaki Ceylanl\u0131 k\u00f6y\u00fc k\u0131rsal\u0131nda y\u00fcr\u00fcy\u00fc\u015f yapan Emin Noyan ve 8 ki\u015filik arkada\u015f grubu, [&hellip;]<\/p>\n","protected":false},"author":1,"featured_media":0,"comment_status":"open","ping_status":"open","sticky":false,"template":"","format":"standard","meta":{"footnotes":""},"categories":[1],"tags":[],"class_list":["post-5712","post","type-post","status-publish","format-standard","hentry","category-genel"],"yoast_head":"<!-- This site is optimized with the Yoast SEO plugin v27.4 - https:\/\/yoast.com\/product\/yoast-seo-wordpress\/ -->\n<title>Hakkari&#039;de bir y\u0131lan ba\u015fka bir y\u0131lan\u0131 yerken g\u00f6r\u00fcnt\u00fclendi - Memurun Sesi<\/title>\n<meta name=\"robots\" content=\"index, follow, max-snippet:-1, max-image-preview:large, max-video-preview:-1\" \/>\n<link rel=\"canonical\" href=\"https:\/\/memurunsesi.net\/index.php\/2025\/04\/21\/hakkaride-bir-yilan-baska-bir-yilani-yerken-goruntulendi\/\" \/>\n<meta property=\"og:locale\" content=\"tr_TR\" \/>\n<meta property=\"og:type\" content=\"article\" \/>\n<meta property=\"og:title\" content=\"Hakkari&#039;de bir y\u0131lan ba\u015fka bir y\u0131lan\u0131 yerken g\u00f6r\u00fcnt\u00fclendi - Memurun Sesi\" \/>\n<meta property=\"og:description\" content=\"Hakkari&#8217;de bir do\u011fasever, do\u011fa y\u00fcr\u00fcy\u00fc\u015f\u00fc s\u0131ras\u0131nda yakla\u015f\u0131k iki metrelik bir y\u0131lan\u0131n, ba\u015fka bir y\u0131lan\u0131 yutmaya \u00e7al\u0131\u015ft\u0131\u011f\u0131 s\u0131rada ikisinin de telef oldu\u011fu anlar\u0131 g\u00f6r\u00fcnt\u00fcledi. Hakkari&#8217;de do\u011fa y\u00fcr\u00fcy\u00fc\u015f\u00fcne \u00e7\u0131kan bir grup do\u011fasever, ender rastlanan bir do\u011fa olay\u0131na tan\u0131kl\u0131k etti. Kent merkezine yakla\u015f\u0131k 30 kilometre uzakl\u0131ktaki Ceylanl\u0131 k\u00f6y\u00fc k\u0131rsal\u0131nda y\u00fcr\u00fcy\u00fc\u015f yapan Emin Noyan ve 8 ki\u015filik arkada\u015f grubu, [&hellip;]\" \/>\n<meta property=\"og:url\" content=\"https:\/\/memurunsesi.net\/index.php\/2025\/04\/21\/hakkaride-bir-yilan-baska-bir-yilani-yerken-goruntulendi\/\" \/>\n<meta property=\"og:site_name\" content=\"Memurun Sesi\" \/>\n<meta property=\"article:publisher\" content=\"https:\/\/www.facebook.com\/unipersen\/?locale=tr_TR\" \/>\n<meta property=\"article:published_time\" content=\"2025-04-21T06:58:20+00:00\" \/>\n<meta name=\"author\" content=\"Memurun Sesi Haber Merkezi\" \/>\n<meta name=\"twitter:card\" content=\"summary_large_image\" \/>\n<meta name=\"twitter:creator\" content=\"@unipersen\" \/>\n<meta name=\"twitter:site\" content=\"@unipersen\" \/>\n<meta name=\"twitter:label1\" content=\"Yazan:\" \/>\n\t<meta name=\"twitter:data1\" content=\"Memurun Sesi Haber Merkezi\" \/>\n<script type=\"application\/ld+json\" class=\"yoast-schema-graph\">{\"@context\":\"https:\\\/\\\/schema.org\",\"@graph\":[{\"@type\":\"Article\",\"@id\":\"https:\\\/\\\/memurunsesi.net\\\/index.php\\\/2025\\\/04\\\/21\\\/hakkaride-bir-yilan-baska-bir-yilani-yerken-goruntulendi\\\/#article\",\"isPartOf\":{\"@id\":\"https:\\\/\\\/memurunsesi.net\\\/index.php\\\/2025\\\/04\\\/21\\\/hakkaride-bir-yilan-baska-bir-yilani-yerken-goruntulendi\\\/\"},\"author\":{\"name\":\"Memurun Sesi Haber Merkezi\",\"@id\":\"https:\\\/\\\/memurunsesi.net\\\/#\\\/schema\\\/person\\\/f21c2d73b89f6ee1d80b0a1803e38587\"},\"headline\":\"Hakkari&#8217;de bir y\u0131lan ba\u015fka bir y\u0131lan\u0131 yerken g\u00f6r\u00fcnt\u00fclendi\",\"datePublished\":\"2025-04-21T06:58:20+00:00\",\"mainEntityOfPage\":{\"@id\":\"https:\\\/\\\/memurunsesi.net\\\/index.php\\\/2025\\\/04\\\/21\\\/hakkaride-bir-yilan-baska-bir-yilani-yerken-goruntulendi\\\/\"},\"wordCount\":272,\"commentCount\":0,\"publisher\":{\"@id\":\"https:\\\/\\\/memurunsesi.net\\\/#organization\"},\"inLanguage\":\"tr\",\"potentialAction\":[{\"@type\":\"CommentAction\",\"name\":\"Comment\",\"target\":[\"https:\\\/\\\/memurunsesi.net\\\/index.php\\\/2025\\\/04\\\/21\\\/hakkaride-bir-yilan-baska-bir-yilani-yerken-goruntulendi\\\/#respond\"]}]},{\"@type\":\"WebPage\",\"@id\":\"https:\\\/\\\/memurunsesi.net\\\/index.php\\\/2025\\\/04\\\/21\\\/hakkaride-bir-yilan-baska-bir-yilani-yerken-goruntulendi\\\/\",\"url\":\"https:\\\/\\\/memurunsesi.net\\\/index.php\\\/2025\\\/04\\\/21\\\/hakkaride-bir-yilan-baska-bir-yilani-yerken-goruntulendi\\\/\",\"name\":\"Hakkari'de bir y\u0131lan ba\u015fka bir y\u0131lan\u0131 yerken g\u00f6r\u00fcnt\u00fclendi - Memurun Sesi\",\"isPartOf\":{\"@id\":\"https:\\\/\\\/memurunsesi.net\\\/#website\"},\"datePublished\":\"2025-04-21T06:58:20+00:00\",\"breadcrumb\":{\"@id\":\"https:\\\/\\\/memurunsesi.net\\\/index.php\\\/2025\\\/04\\\/21\\\/hakkaride-bir-yilan-baska-bir-yilani-yerken-goruntulendi\\\/#breadcrumb\"},\"inLanguage\":\"tr\",\"potentialAction\":[{\"@type\":\"ReadAction\",\"target\":[\"https:\\\/\\\/memurunsesi.net\\\/index.php\\\/2025\\\/04\\\/21\\\/hakkaride-bir-yilan-baska-bir-yilani-yerken-goruntulendi\\\/\"]}]},{\"@type\":\"BreadcrumbList\",\"@id\":\"https:\\\/\\\/memurunsesi.net\\\/index.php\\\/2025\\\/04\\\/21\\\/hakkaride-bir-yilan-baska-bir-yilani-yerken-goruntulendi\\\/#breadcrumb\",\"itemListElement\":[{\"@type\":\"ListItem\",\"position\":1,\"name\":\"Anasayfa\",\"item\":\"https:\\\/\\\/memurunsesi.net\\\/\"},{\"@type\":\"ListItem\",\"position\":2,\"name\":\"Hakkari&#8217;de bir y\u0131lan ba\u015fka bir y\u0131lan\u0131 yerken g\u00f6r\u00fcnt\u00fclendi\"}]},{\"@type\":\"WebSite\",\"@id\":\"https:\\\/\\\/memurunsesi.net\\\/#website\",\"url\":\"https:\\\/\\\/memurunsesi.net\\\/\",\"name\":\"Memurun Sesi\",\"description\":\"G\u00fcncel ve Do\u011fru Haber\",\"publisher\":{\"@id\":\"https:\\\/\\\/memurunsesi.net\\\/#organization\"},\"potentialAction\":[{\"@type\":\"SearchAction\",\"target\":{\"@type\":\"EntryPoint\",\"urlTemplate\":\"https:\\\/\\\/memurunsesi.net\\\/?s={search_term_string}\"},\"query-input\":{\"@type\":\"PropertyValueSpecification\",\"valueRequired\":true,\"valueName\":\"search_term_string\"}}],\"inLanguage\":\"tr\"},{\"@type\":\"Organization\",\"@id\":\"https:\\\/\\\/memurunsesi.net\\\/#organization\",\"name\":\"Memurun Sesi\",\"url\":\"https:\\\/\\\/memurunsesi.net\\\/\",\"logo\":{\"@type\":\"ImageObject\",\"inLanguage\":\"tr\",\"@id\":\"https:\\\/\\\/memurunsesi.net\\\/#\\\/schema\\\/logo\\\/image\\\/\",\"url\":\"https:\\\/\\\/memurunsesi.net\\\/wp-content\\\/uploads\\\/2025\\\/11\\\/cropped-MEMURUN-SESI.png\",\"contentUrl\":\"https:\\\/\\\/memurunsesi.net\\\/wp-content\\\/uploads\\\/2025\\\/11\\\/cropped-MEMURUN-SESI.png\",\"width\":238,\"height\":57,\"caption\":\"Memurun Sesi\"},\"image\":{\"@id\":\"https:\\\/\\\/memurunsesi.net\\\/#\\\/schema\\\/logo\\\/image\\\/\"},\"sameAs\":[\"https:\\\/\\\/www.facebook.com\\\/unipersen\\\/?locale=tr_TR\",\"https:\\\/\\\/x.com\\\/unipersen\"]},{\"@type\":\"Person\",\"@id\":\"https:\\\/\\\/memurunsesi.net\\\/#\\\/schema\\\/person\\\/f21c2d73b89f6ee1d80b0a1803e38587\",\"name\":\"Memurun Sesi Haber Merkezi\",\"image\":{\"@type\":\"ImageObject\",\"inLanguage\":\"tr\",\"@id\":\"https:\\\/\\\/secure.gravatar.com\\\/avatar\\\/6cf0505f452ee753f485014986fab09a434671d2b919ee76fc541025c5876a70?s=96&d=mm&r=g\",\"url\":\"https:\\\/\\\/secure.gravatar.com\\\/avatar\\\/6cf0505f452ee753f485014986fab09a434671d2b919ee76fc541025c5876a70?s=96&d=mm&r=g\",\"contentUrl\":\"https:\\\/\\\/secure.gravatar.com\\\/avatar\\\/6cf0505f452ee753f485014986fab09a434671d2b919ee76fc541025c5876a70?s=96&d=mm&r=g\",\"caption\":\"Memurun Sesi Haber Merkezi\"},\"sameAs\":[\"https:\\\/\\\/memurunsesi.net\"],\"url\":\"https:\\\/\\\/memurunsesi.net\\\/index.php\\\/author\\\/uniper\\\/\"}]}<\/script>\n<!-- \/ Yoast SEO plugin. -->","yoast_head_json":{"title":"Hakkari'de bir y\u0131lan ba\u015fka bir y\u0131lan\u0131 yerken g\u00f6r\u00fcnt\u00fclendi - Memurun Sesi","robots":{"index":"index","follow":"follow","max-snippet":"max-snippet:-1","max-image-preview":"max-image-preview:large","max-video-preview":"max-video-preview:-1"},"canonical":"https:\/\/memurunsesi.net\/index.php\/2025\/04\/21\/hakkaride-bir-yilan-baska-bir-yilani-yerken-goruntulendi\/","og_locale":"tr_TR","og_type":"article","og_title":"Hakkari'de bir y\u0131lan ba\u015fka bir y\u0131lan\u0131 yerken g\u00f6r\u00fcnt\u00fclendi - Memurun Sesi","og_description":"Hakkari&#8217;de bir do\u011fasever, do\u011fa y\u00fcr\u00fcy\u00fc\u015f\u00fc s\u0131ras\u0131nda yakla\u015f\u0131k iki metrelik bir y\u0131lan\u0131n, ba\u015fka bir y\u0131lan\u0131 yutmaya \u00e7al\u0131\u015ft\u0131\u011f\u0131 s\u0131rada ikisinin de telef oldu\u011fu anlar\u0131 g\u00f6r\u00fcnt\u00fcledi. Hakkari&#8217;de do\u011fa y\u00fcr\u00fcy\u00fc\u015f\u00fcne \u00e7\u0131kan bir grup do\u011fasever, ender rastlanan bir do\u011fa olay\u0131na tan\u0131kl\u0131k etti. Kent merkezine yakla\u015f\u0131k 30 kilometre uzakl\u0131ktaki Ceylanl\u0131 k\u00f6y\u00fc k\u0131rsal\u0131nda y\u00fcr\u00fcy\u00fc\u015f yapan Emin Noyan ve 8 ki\u015filik arkada\u015f grubu, [&hellip;]","og_url":"https:\/\/memurunsesi.net\/index.php\/2025\/04\/21\/hakkaride-bir-yilan-baska-bir-yilani-yerken-goruntulendi\/","og_site_name":"Memurun Sesi","article_publisher":"https:\/\/www.facebook.com\/unipersen\/?locale=tr_TR","article_published_time":"2025-04-21T06:58:20+00:00","author":"Memurun Sesi Haber Merkezi","twitter_card":"summary_large_image","twitter_creator":"@unipersen","twitter_site":"@unipersen","twitter_misc":{"Yazan:":"Memurun Sesi Haber Merkezi"},"schema":{"@context":"https:\/\/schema.org","@graph":[{"@type":"Article","@id":"https:\/\/memurunsesi.net\/index.php\/2025\/04\/21\/hakkaride-bir-yilan-baska-bir-yilani-yerken-goruntulendi\/#article","isPartOf":{"@id":"https:\/\/memurunsesi.net\/index.php\/2025\/04\/21\/hakkaride-bir-yilan-baska-bir-yilani-yerken-goruntulendi\/"},"author":{"name":"Memurun Sesi Haber Merkezi","@id":"https:\/\/memurunsesi.net\/#\/schema\/person\/f21c2d73b89f6ee1d80b0a1803e38587"},"headline":"Hakkari&#8217;de bir y\u0131lan ba\u015fka bir y\u0131lan\u0131 yerken g\u00f6r\u00fcnt\u00fclendi","datePublished":"2025-04-21T06:58:20+00:00","mainEntityOfPage":{"@id":"https:\/\/memurunsesi.net\/index.php\/2025\/04\/21\/hakkaride-bir-yilan-baska-bir-yilani-yerken-goruntulendi\/"},"wordCount":272,"commentCount":0,"publisher":{"@id":"https:\/\/memurunsesi.net\/#organization"},"inLanguage":"tr","potentialAction":[{"@type":"CommentAction","name":"Comment","target":["https:\/\/memurunsesi.net\/index.php\/2025\/04\/21\/hakkaride-bir-yilan-baska-bir-yilani-yerken-goruntulendi\/#respond"]}]},{"@type":"WebPage","@id":"https:\/\/memurunsesi.net\/index.php\/2025\/04\/21\/hakkaride-bir-yilan-baska-bir-yilani-yerken-goruntulendi\/","url":"https:\/\/memurunsesi.net\/index.php\/2025\/04\/21\/hakkaride-bir-yilan-baska-bir-yilani-yerken-goruntulendi\/","name":"Hakkari'de bir y\u0131lan ba\u015fka bir y\u0131lan\u0131 yerken g\u00f6r\u00fcnt\u00fclendi - Memurun Sesi","isPartOf":{"@id":"https:\/\/memurunsesi.net\/#website"},"datePublished":"2025-04-21T06:58:20+00:00","breadcrumb":{"@id":"https:\/\/memurunsesi.net\/index.php\/2025\/04\/21\/hakkaride-bir-yilan-baska-bir-yilani-yerken-goruntulendi\/#breadcrumb"},"inLanguage":"tr","potentialAction":[{"@type":"ReadAction","target":["https:\/\/memurunsesi.net\/index.php\/2025\/04\/21\/hakkaride-bir-yilan-baska-bir-yilani-yerken-goruntulendi\/"]}]},{"@type":"BreadcrumbList","@id":"https:\/\/memurunsesi.net\/index.php\/2025\/04\/21\/hakkaride-bir-yilan-baska-bir-yilani-yerken-goruntulendi\/#breadcrumb","itemListElement":[{"@type":"ListItem","position":1,"name":"Anasayfa","item":"https:\/\/memurunsesi.net\/"},{"@type":"ListItem","position":2,"name":"Hakkari&#8217;de bir y\u0131lan ba\u015fka bir y\u0131lan\u0131 yerken g\u00f6r\u00fcnt\u00fclendi"}]},{"@type":"WebSite","@id":"https:\/\/memurunsesi.net\/#website","url":"https:\/\/memurunsesi.net\/","name":"Memurun Sesi","description":"G\u00fcncel ve Do\u011fru Haber","publisher":{"@id":"https:\/\/memurunsesi.net\/#organization"},"potentialAction":[{"@type":"SearchAction","target":{"@type":"EntryPoint","urlTemplate":"https:\/\/memurunsesi.net\/?s={search_term_string}"},"query-input":{"@type":"PropertyValueSpecification","valueRequired":true,"valueName":"search_term_string"}}],"inLanguage":"tr"},{"@type":"Organization","@id":"https:\/\/memurunsesi.net\/#organization","name":"Memurun Sesi","url":"https:\/\/memurunsesi.net\/","logo":{"@type":"ImageObject","inLanguage":"tr","@id":"https:\/\/memurunsesi.net\/#\/schema\/logo\/image\/","url":"https:\/\/memurunsesi.net\/wp-content\/uploads\/2025\/11\/cropped-MEMURUN-SESI.png","contentUrl":"https:\/\/memurunsesi.net\/wp-content\/uploads\/2025\/11\/cropped-MEMURUN-SESI.png","width":238,"height":57,"caption":"Memurun Sesi"},"image":{"@id":"https:\/\/memurunsesi.net\/#\/schema\/logo\/image\/"},"sameAs":["https:\/\/www.facebook.com\/unipersen\/?locale=tr_TR","https:\/\/x.com\/unipersen"]},{"@type":"Person","@id":"https:\/\/memurunsesi.net\/#\/schema\/person\/f21c2d73b89f6ee1d80b0a1803e38587","name":"Memurun Sesi Haber Merkezi","image":{"@type":"ImageObject","inLanguage":"tr","@id":"https:\/\/secure.gravatar.com\/avatar\/6cf0505f452ee753f485014986fab09a434671d2b919ee76fc541025c5876a70?s=96&d=mm&r=g","url":"https:\/\/secure.gravatar.com\/avatar\/6cf0505f452ee753f485014986fab09a434671d2b919ee76fc541025c5876a70?s=96&d=mm&r=g","contentUrl":"https:\/\/secure.gravatar.com\/avatar\/6cf0505f452ee753f485014986fab09a434671d2b919ee76fc541025c5876a70?s=96&d=mm&r=g","caption":"Memurun Sesi Haber Merkezi"},"sameAs":["https:\/\/memurunsesi.net"],"url":"https:\/\/memurunsesi.net\/index.php\/author\/uniper\/"}]}},"_links":{"self":[{"href":"https:\/\/memurunsesi.net\/index.php\/wp-json\/wp\/v2\/posts\/5712","targetHints":{"allow":["GET"]}}],"collection":[{"href":"https:\/\/memurunsesi.net\/index.php\/wp-json\/wp\/v2\/posts"}],"about":[{"href":"https:\/\/memurunsesi.net\/index.php\/wp-json\/wp\/v2\/types\/post"}],"author":[{"embeddable":true,"href":"https:\/\/memurunsesi.net\/index.php\/wp-json\/wp\/v2\/users\/1"}],"replies":[{"embeddable":true,"href":"https:\/\/memurunsesi.net\/index.php\/wp-json\/wp\/v2\/comments?post=5712"}],"version-history":[{"count":1,"href":"https:\/\/memurunsesi.net\/index.php\/wp-json\/wp\/v2\/posts\/5712\/revisions"}],"predecessor-version":[{"id":5714,"href":"https:\/\/memurunsesi.net\/index.php\/wp-json\/wp\/v2\/posts\/5712\/revisions\/5714"}],"wp:attachment":[{"href":"https:\/\/memurunsesi.net\/index.php\/wp-json\/wp\/v2\/media?parent=5712"}],"wp:term":[{"taxonomy":"category","embeddable":true,"href":"https:\/\/memurunsesi.net\/index.php\/wp-json\/wp\/v2\/categories?post=5712"},{"taxonomy":"post_tag","embeddable":true,"href":"https:\/\/memurunsesi.net\/index.php\/wp-json\/wp\/v2\/tags?post=5712"}],"curies":[{"name":"wp","href":"https:\/\/api.w.org\/{rel}","templated":true}]}}