{"id":5715,"date":"2025-04-21T09:59:23","date_gmt":"2025-04-21T06:59:23","guid":{"rendered":"https:\/\/memurunsesi.net\/?p=5715"},"modified":"2025-04-21T09:59:23","modified_gmt":"2025-04-21T06:59:23","slug":"afyonkarahisarli-ogrenciler-klavye-sampiyonasina-damga-vurdu","status":"publish","type":"post","link":"https:\/\/memurunsesi.net\/index.php\/2025\/04\/21\/afyonkarahisarli-ogrenciler-klavye-sampiyonasina-damga-vurdu\/","title":{"rendered":"Afyonkarahisarl\u0131 \u00f6\u011frenciler klavye \u015fampiyonas\u0131na damga vurdu"},"content":{"rendered":"<p>  &#8211; Hedef d\u00fcnya \u015fampiyonlu\u011fu<br \/>\n T\u00fcrkiye&#8217;nin en b\u00fcy\u00fck klavye yar\u0131\u015fmalar\u0131ndan biri olan 22. \u0130hsan Yener T\u00fcrkiye \u0130nternet Bilgisayar Klavye \u015eampiyonas\u0131&#8217;nda Afyonkarahisar r\u00fczg\u00e2r\u0131 esti. 54 il ve Lefko\u015fa&#8217;dan 80 okuldan 876 \u00f6\u011frencinin kat\u0131ld\u0131\u011f\u0131 yar\u0131\u015fmada, Afyonkarahisar&#8217;dan tam 3 T\u00fcrkiye birincisi \u00e7\u0131kt\u0131.<br \/>\n  18 Mart &#8211; 18 Nisan 2025 tarihleri aras\u0131nda \u00e7evrim i\u00e7i olarak d\u00fczenlenen \u015fampiyona, Anadil ve \u00c7ok Dilli olmak \u00fczere iki ana kategoride yap\u0131ld\u0131. Toplam 8 klasmanda de\u011ferlendirilen yar\u0131\u015fmada, Afyonkarahisarl\u0131 \u00f6\u011frenciler her iki kategoride de \u00fcst\u00fcn performans sergiledi. Afyonkarahisar&#8217;dan T\u00fcrkiye birincileri; 0-12 ya\u015f (Anadil): \u015eevval Erva Ba\u015fo\u011flu. 13-16 ya\u015f (Anadil) \u015eerife Nisa Erdin. 17-20 ya\u015f (Anadil): Nisan Maya Tun\u00e7o\u011flu oldu.<br \/>\n  \u015eampiyonada dereceye giren \u00f6\u011frenciler, 28 Nisan&#8217;da sona erecek olan D\u00fcnya \u0130nternet Bilgisayar Klavye \u015eampiyonas\u0131&#8217;nda T\u00fcrkiye&#8217;yi temsil edecek. Yar\u0131\u015fma, F klavyenin bilimsel y\u00f6ntemlerle on parmakla kullan\u0131m\u0131n\u0131 yayg\u0131nla\u015ft\u0131rmay\u0131 hedefliyor.<br \/>\n  Dereceye giren \u00f6\u011frenciler yapt\u0131\u011f\u0131 a\u00e7\u0131klamada, yerli mal\u0131 \u00fcr\u00fcn\u00fc kullanman\u0131n kendilerini mutlu etti\u011fini ifade ederek, yar\u0131\u015fmada kendilerine destek verenlere te\u015fekk\u00fcr etti.<br \/>\n  Veysel Ero\u011flu Gen\u00e7lik Merkezi&#8217;nde yar\u0131\u015fmalara haz\u0131rlanan \u00f6\u011frenciler d\u00fcnya \u015fampiyonas\u0131nda da derece yapmak i\u00e7in \u00e7al\u0131\u015facaklar\u0131n\u0131 s\u00f6yledi.<br \/>\n  Afyonkarahisar Gen\u00e7lik Merkezi M\u00fcd\u00fcr\u00fc Hasan H\u00fcseyin Bala da, \u00f6\u011frencilerin klavye yar\u0131\u015fmalar\u0131nda elde etti\u011fi ba\u015far\u0131lardan gurur duyduklar\u0131n\u0131 belirtti. Uzun s\u00fcredir emek verilen \u00e7al\u0131\u015fmalar\u0131n kar\u015f\u0131l\u0131\u011f\u0131n\u0131 ald\u0131klar\u0131n\u0131 s\u00f6yleyen Bala, &#8220;Gen\u00e7lerimizle birlikte d\u00fcnya \u015fampiyonlu\u011funu hedefliyoruz. T\u00fcrkiye finallerinde g\u00f6sterdikleri ba\u015far\u0131y\u0131, d\u00fcnya \u015fampiyonas\u0131nda da s\u00fcrd\u00fcreceklerine inan\u0131yoruz. \u0130n\u015fallah bu b\u00fcy\u00fck ba\u015far\u0131y\u0131 da elde ederler&#8221; dedi. <\/p>\n<p>21.04.2025                                <\/p>\n","protected":false},"excerpt":{"rendered":"<p>&#8211; Hedef d\u00fcnya \u015fampiyonlu\u011fu T\u00fcrkiye&#8217;nin en b\u00fcy\u00fck klavye yar\u0131\u015fmalar\u0131ndan biri olan 22. \u0130hsan Yener T\u00fcrkiye \u0130nternet Bilgisayar Klavye \u015eampiyonas\u0131&#8217;nda Afyonkarahisar r\u00fczg\u00e2r\u0131 esti. 54 il ve Lefko\u015fa&#8217;dan 80 okuldan 876 \u00f6\u011frencinin kat\u0131ld\u0131\u011f\u0131 yar\u0131\u015fmada, Afyonkarahisar&#8217;dan tam 3 T\u00fcrkiye birincisi \u00e7\u0131kt\u0131. 18 Mart &#8211; 18 Nisan 2025 tarihleri aras\u0131nda \u00e7evrim i\u00e7i olarak d\u00fczenlenen \u015fampiyona, Anadil ve \u00c7ok Dilli [&hellip;]<\/p>\n","protected":false},"author":1,"featured_media":5716,"comment_status":"open","ping_status":"open","sticky":false,"template":"","format":"standard","meta":{"footnotes":""},"categories":[1],"tags":[],"class_list":["post-5715","post","type-post","status-publish","format-standard","has-post-thumbnail","hentry","category-genel"],"yoast_head":"<!-- This site is optimized with the Yoast SEO plugin v27.4 - https:\/\/yoast.com\/product\/yoast-seo-wordpress\/ -->\n<title>Afyonkarahisarl\u0131 \u00f6\u011frenciler klavye \u015fampiyonas\u0131na damga vurdu - Memurun Sesi<\/title>\n<meta name=\"robots\" content=\"index, follow, max-snippet:-1, max-image-preview:large, max-video-preview:-1\" \/>\n<link rel=\"canonical\" href=\"https:\/\/memurunsesi.net\/index.php\/2025\/04\/21\/afyonkarahisarli-ogrenciler-klavye-sampiyonasina-damga-vurdu\/\" \/>\n<meta property=\"og:locale\" content=\"tr_TR\" \/>\n<meta property=\"og:type\" content=\"article\" \/>\n<meta property=\"og:title\" content=\"Afyonkarahisarl\u0131 \u00f6\u011frenciler klavye \u015fampiyonas\u0131na damga vurdu - Memurun Sesi\" \/>\n<meta property=\"og:description\" content=\"&#8211; Hedef d\u00fcnya \u015fampiyonlu\u011fu T\u00fcrkiye&#8217;nin en b\u00fcy\u00fck klavye yar\u0131\u015fmalar\u0131ndan biri olan 22. \u0130hsan Yener T\u00fcrkiye \u0130nternet Bilgisayar Klavye \u015eampiyonas\u0131&#8217;nda Afyonkarahisar r\u00fczg\u00e2r\u0131 esti. 54 il ve Lefko\u015fa&#8217;dan 80 okuldan 876 \u00f6\u011frencinin kat\u0131ld\u0131\u011f\u0131 yar\u0131\u015fmada, Afyonkarahisar&#8217;dan tam 3 T\u00fcrkiye birincisi \u00e7\u0131kt\u0131. 18 Mart &#8211; 18 Nisan 2025 tarihleri aras\u0131nda \u00e7evrim i\u00e7i olarak d\u00fczenlenen \u015fampiyona, Anadil ve \u00c7ok Dilli [&hellip;]\" \/>\n<meta property=\"og:url\" content=\"https:\/\/memurunsesi.net\/index.php\/2025\/04\/21\/afyonkarahisarli-ogrenciler-klavye-sampiyonasina-damga-vurdu\/\" \/>\n<meta property=\"og:site_name\" content=\"Memurun Sesi\" \/>\n<meta property=\"article:publisher\" content=\"https:\/\/www.facebook.com\/unipersen\/?locale=tr_TR\" \/>\n<meta property=\"article:published_time\" content=\"2025-04-21T06:59:23+00:00\" \/>\n<meta property=\"og:image\" content=\"https:\/\/memurunsesi.net\/wp-content\/uploads\/2025\/04\/AW437229_01.jpg\" \/>\n\t<meta property=\"og:image:width\" content=\"1943\" \/>\n\t<meta property=\"og:image:height\" content=\"1123\" \/>\n\t<meta property=\"og:image:type\" content=\"image\/jpeg\" \/>\n<meta name=\"author\" content=\"Memurun Sesi Haber Merkezi\" \/>\n<meta name=\"twitter:card\" content=\"summary_large_image\" \/>\n<meta name=\"twitter:creator\" content=\"@unipersen\" \/>\n<meta name=\"twitter:site\" content=\"@unipersen\" \/>\n<meta name=\"twitter:label1\" content=\"Yazan:\" \/>\n\t<meta name=\"twitter:data1\" content=\"Memurun Sesi Haber Merkezi\" \/>\n\t<meta name=\"twitter:label2\" content=\"Tahmini okuma s\u00fcresi\" \/>\n\t<meta name=\"twitter:data2\" content=\"1 dakika\" \/>\n<script type=\"application\/ld+json\" class=\"yoast-schema-graph\">{\"@context\":\"https:\\\/\\\/schema.org\",\"@graph\":[{\"@type\":\"Article\",\"@id\":\"https:\\\/\\\/memurunsesi.net\\\/index.php\\\/2025\\\/04\\\/21\\\/afyonkarahisarli-ogrenciler-klavye-sampiyonasina-damga-vurdu\\\/#article\",\"isPartOf\":{\"@id\":\"https:\\\/\\\/memurunsesi.net\\\/index.php\\\/2025\\\/04\\\/21\\\/afyonkarahisarli-ogrenciler-klavye-sampiyonasina-damga-vurdu\\\/\"},\"author\":{\"name\":\"Memurun Sesi Haber Merkezi\",\"@id\":\"https:\\\/\\\/memurunsesi.net\\\/#\\\/schema\\\/person\\\/f21c2d73b89f6ee1d80b0a1803e38587\"},\"headline\":\"Afyonkarahisarl\u0131 \u00f6\u011frenciler klavye \u015fampiyonas\u0131na damga vurdu\",\"datePublished\":\"2025-04-21T06:59:23+00:00\",\"mainEntityOfPage\":{\"@id\":\"https:\\\/\\\/memurunsesi.net\\\/index.php\\\/2025\\\/04\\\/21\\\/afyonkarahisarli-ogrenciler-klavye-sampiyonasina-damga-vurdu\\\/\"},\"wordCount\":300,\"commentCount\":0,\"publisher\":{\"@id\":\"https:\\\/\\\/memurunsesi.net\\\/#organization\"},\"image\":{\"@id\":\"https:\\\/\\\/memurunsesi.net\\\/index.php\\\/2025\\\/04\\\/21\\\/afyonkarahisarli-ogrenciler-klavye-sampiyonasina-damga-vurdu\\\/#primaryimage\"},\"thumbnailUrl\":\"https:\\\/\\\/memurunsesi.net\\\/wp-content\\\/uploads\\\/2025\\\/04\\\/AW437229_01.jpg\",\"inLanguage\":\"tr\",\"potentialAction\":[{\"@type\":\"CommentAction\",\"name\":\"Comment\",\"target\":[\"https:\\\/\\\/memurunsesi.net\\\/index.php\\\/2025\\\/04\\\/21\\\/afyonkarahisarli-ogrenciler-klavye-sampiyonasina-damga-vurdu\\\/#respond\"]}]},{\"@type\":\"WebPage\",\"@id\":\"https:\\\/\\\/memurunsesi.net\\\/index.php\\\/2025\\\/04\\\/21\\\/afyonkarahisarli-ogrenciler-klavye-sampiyonasina-damga-vurdu\\\/\",\"url\":\"https:\\\/\\\/memurunsesi.net\\\/index.php\\\/2025\\\/04\\\/21\\\/afyonkarahisarli-ogrenciler-klavye-sampiyonasina-damga-vurdu\\\/\",\"name\":\"Afyonkarahisarl\u0131 \u00f6\u011frenciler klavye \u015fampiyonas\u0131na damga vurdu - Memurun Sesi\",\"isPartOf\":{\"@id\":\"https:\\\/\\\/memurunsesi.net\\\/#website\"},\"primaryImageOfPage\":{\"@id\":\"https:\\\/\\\/memurunsesi.net\\\/index.php\\\/2025\\\/04\\\/21\\\/afyonkarahisarli-ogrenciler-klavye-sampiyonasina-damga-vurdu\\\/#primaryimage\"},\"image\":{\"@id\":\"https:\\\/\\\/memurunsesi.net\\\/index.php\\\/2025\\\/04\\\/21\\\/afyonkarahisarli-ogrenciler-klavye-sampiyonasina-damga-vurdu\\\/#primaryimage\"},\"thumbnailUrl\":\"https:\\\/\\\/memurunsesi.net\\\/wp-content\\\/uploads\\\/2025\\\/04\\\/AW437229_01.jpg\",\"datePublished\":\"2025-04-21T06:59:23+00:00\",\"breadcrumb\":{\"@id\":\"https:\\\/\\\/memurunsesi.net\\\/index.php\\\/2025\\\/04\\\/21\\\/afyonkarahisarli-ogrenciler-klavye-sampiyonasina-damga-vurdu\\\/#breadcrumb\"},\"inLanguage\":\"tr\",\"potentialAction\":[{\"@type\":\"ReadAction\",\"target\":[\"https:\\\/\\\/memurunsesi.net\\\/index.php\\\/2025\\\/04\\\/21\\\/afyonkarahisarli-ogrenciler-klavye-sampiyonasina-damga-vurdu\\\/\"]}]},{\"@type\":\"ImageObject\",\"inLanguage\":\"tr\",\"@id\":\"https:\\\/\\\/memurunsesi.net\\\/index.php\\\/2025\\\/04\\\/21\\\/afyonkarahisarli-ogrenciler-klavye-sampiyonasina-damga-vurdu\\\/#primaryimage\",\"url\":\"https:\\\/\\\/memurunsesi.net\\\/wp-content\\\/uploads\\\/2025\\\/04\\\/AW437229_01.jpg\",\"contentUrl\":\"https:\\\/\\\/memurunsesi.net\\\/wp-content\\\/uploads\\\/2025\\\/04\\\/AW437229_01.jpg\",\"width\":1943,\"height\":1123,\"caption\":\"AFYONKARAH\u0130SARLI \u00d6\u011eRENC\u0130LER KLAVYE \u015eAMP\u0130YONASINA DAMGA VURDU (MEVL\u00dcT TINAS\\\/AFYONKARAH\u0130SAR-\u0130HA) T\u00fcrkiye'nin en b\u00fcy\u00fck klavye yar\u0131\u015fmalar\u0131ndan biri olan 22. \u0130hsan Yener T\u00fcrkiye \u0130nternet Bilgisayar Klavye \u015eampiyonas\u0131'nda Afyonkarahisar r\u00fczg\u00e2r\u0131 esti. 54 il ve Lefko\u015fa'dan 80 okuldan 876 \u00f6\u011frencinin kat\u0131ld\u0131\u011f\u0131 yar\u0131\u015fmada, Afyonkarahisar'dan tam 3 T\u00fcrkiye birincisi \u00e7\u0131kt\u0131.\"},{\"@type\":\"BreadcrumbList\",\"@id\":\"https:\\\/\\\/memurunsesi.net\\\/index.php\\\/2025\\\/04\\\/21\\\/afyonkarahisarli-ogrenciler-klavye-sampiyonasina-damga-vurdu\\\/#breadcrumb\",\"itemListElement\":[{\"@type\":\"ListItem\",\"position\":1,\"name\":\"Anasayfa\",\"item\":\"https:\\\/\\\/memurunsesi.net\\\/\"},{\"@type\":\"ListItem\",\"position\":2,\"name\":\"Afyonkarahisarl\u0131 \u00f6\u011frenciler klavye \u015fampiyonas\u0131na damga vurdu\"}]},{\"@type\":\"WebSite\",\"@id\":\"https:\\\/\\\/memurunsesi.net\\\/#website\",\"url\":\"https:\\\/\\\/memurunsesi.net\\\/\",\"name\":\"Memurun Sesi\",\"description\":\"G\u00fcncel ve Do\u011fru Haber\",\"publisher\":{\"@id\":\"https:\\\/\\\/memurunsesi.net\\\/#organization\"},\"potentialAction\":[{\"@type\":\"SearchAction\",\"target\":{\"@type\":\"EntryPoint\",\"urlTemplate\":\"https:\\\/\\\/memurunsesi.net\\\/?s={search_term_string}\"},\"query-input\":{\"@type\":\"PropertyValueSpecification\",\"valueRequired\":true,\"valueName\":\"search_term_string\"}}],\"inLanguage\":\"tr\"},{\"@type\":\"Organization\",\"@id\":\"https:\\\/\\\/memurunsesi.net\\\/#organization\",\"name\":\"Memurun Sesi\",\"url\":\"https:\\\/\\\/memurunsesi.net\\\/\",\"logo\":{\"@type\":\"ImageObject\",\"inLanguage\":\"tr\",\"@id\":\"https:\\\/\\\/memurunsesi.net\\\/#\\\/schema\\\/logo\\\/image\\\/\",\"url\":\"https:\\\/\\\/memurunsesi.net\\\/wp-content\\\/uploads\\\/2025\\\/11\\\/cropped-MEMURUN-SESI.png\",\"contentUrl\":\"https:\\\/\\\/memurunsesi.net\\\/wp-content\\\/uploads\\\/2025\\\/11\\\/cropped-MEMURUN-SESI.png\",\"width\":238,\"height\":57,\"caption\":\"Memurun Sesi\"},\"image\":{\"@id\":\"https:\\\/\\\/memurunsesi.net\\\/#\\\/schema\\\/logo\\\/image\\\/\"},\"sameAs\":[\"https:\\\/\\\/www.facebook.com\\\/unipersen\\\/?locale=tr_TR\",\"https:\\\/\\\/x.com\\\/unipersen\"]},{\"@type\":\"Person\",\"@id\":\"https:\\\/\\\/memurunsesi.net\\\/#\\\/schema\\\/person\\\/f21c2d73b89f6ee1d80b0a1803e38587\",\"name\":\"Memurun Sesi Haber Merkezi\",\"image\":{\"@type\":\"ImageObject\",\"inLanguage\":\"tr\",\"@id\":\"https:\\\/\\\/secure.gravatar.com\\\/avatar\\\/6cf0505f452ee753f485014986fab09a434671d2b919ee76fc541025c5876a70?s=96&d=mm&r=g\",\"url\":\"https:\\\/\\\/secure.gravatar.com\\\/avatar\\\/6cf0505f452ee753f485014986fab09a434671d2b919ee76fc541025c5876a70?s=96&d=mm&r=g\",\"contentUrl\":\"https:\\\/\\\/secure.gravatar.com\\\/avatar\\\/6cf0505f452ee753f485014986fab09a434671d2b919ee76fc541025c5876a70?s=96&d=mm&r=g\",\"caption\":\"Memurun Sesi Haber Merkezi\"},\"sameAs\":[\"https:\\\/\\\/memurunsesi.net\"],\"url\":\"https:\\\/\\\/memurunsesi.net\\\/index.php\\\/author\\\/uniper\\\/\"}]}<\/script>\n<!-- \/ Yoast SEO plugin. -->","yoast_head_json":{"title":"Afyonkarahisarl\u0131 \u00f6\u011frenciler klavye \u015fampiyonas\u0131na damga vurdu - Memurun Sesi","robots":{"index":"index","follow":"follow","max-snippet":"max-snippet:-1","max-image-preview":"max-image-preview:large","max-video-preview":"max-video-preview:-1"},"canonical":"https:\/\/memurunsesi.net\/index.php\/2025\/04\/21\/afyonkarahisarli-ogrenciler-klavye-sampiyonasina-damga-vurdu\/","og_locale":"tr_TR","og_type":"article","og_title":"Afyonkarahisarl\u0131 \u00f6\u011frenciler klavye \u015fampiyonas\u0131na damga vurdu - Memurun Sesi","og_description":"&#8211; Hedef d\u00fcnya \u015fampiyonlu\u011fu T\u00fcrkiye&#8217;nin en b\u00fcy\u00fck klavye yar\u0131\u015fmalar\u0131ndan biri olan 22. \u0130hsan Yener T\u00fcrkiye \u0130nternet Bilgisayar Klavye \u015eampiyonas\u0131&#8217;nda Afyonkarahisar r\u00fczg\u00e2r\u0131 esti. 54 il ve Lefko\u015fa&#8217;dan 80 okuldan 876 \u00f6\u011frencinin kat\u0131ld\u0131\u011f\u0131 yar\u0131\u015fmada, Afyonkarahisar&#8217;dan tam 3 T\u00fcrkiye birincisi \u00e7\u0131kt\u0131. 18 Mart &#8211; 18 Nisan 2025 tarihleri aras\u0131nda \u00e7evrim i\u00e7i olarak d\u00fczenlenen \u015fampiyona, Anadil ve \u00c7ok Dilli [&hellip;]","og_url":"https:\/\/memurunsesi.net\/index.php\/2025\/04\/21\/afyonkarahisarli-ogrenciler-klavye-sampiyonasina-damga-vurdu\/","og_site_name":"Memurun Sesi","article_publisher":"https:\/\/www.facebook.com\/unipersen\/?locale=tr_TR","article_published_time":"2025-04-21T06:59:23+00:00","og_image":[{"width":1943,"height":1123,"url":"https:\/\/memurunsesi.net\/wp-content\/uploads\/2025\/04\/AW437229_01.jpg","type":"image\/jpeg"}],"author":"Memurun Sesi Haber Merkezi","twitter_card":"summary_large_image","twitter_creator":"@unipersen","twitter_site":"@unipersen","twitter_misc":{"Yazan:":"Memurun Sesi Haber Merkezi","Tahmini okuma s\u00fcresi":"1 dakika"},"schema":{"@context":"https:\/\/schema.org","@graph":[{"@type":"Article","@id":"https:\/\/memurunsesi.net\/index.php\/2025\/04\/21\/afyonkarahisarli-ogrenciler-klavye-sampiyonasina-damga-vurdu\/#article","isPartOf":{"@id":"https:\/\/memurunsesi.net\/index.php\/2025\/04\/21\/afyonkarahisarli-ogrenciler-klavye-sampiyonasina-damga-vurdu\/"},"author":{"name":"Memurun Sesi Haber Merkezi","@id":"https:\/\/memurunsesi.net\/#\/schema\/person\/f21c2d73b89f6ee1d80b0a1803e38587"},"headline":"Afyonkarahisarl\u0131 \u00f6\u011frenciler klavye \u015fampiyonas\u0131na damga vurdu","datePublished":"2025-04-21T06:59:23+00:00","mainEntityOfPage":{"@id":"https:\/\/memurunsesi.net\/index.php\/2025\/04\/21\/afyonkarahisarli-ogrenciler-klavye-sampiyonasina-damga-vurdu\/"},"wordCount":300,"commentCount":0,"publisher":{"@id":"https:\/\/memurunsesi.net\/#organization"},"image":{"@id":"https:\/\/memurunsesi.net\/index.php\/2025\/04\/21\/afyonkarahisarli-ogrenciler-klavye-sampiyonasina-damga-vurdu\/#primaryimage"},"thumbnailUrl":"https:\/\/memurunsesi.net\/wp-content\/uploads\/2025\/04\/AW437229_01.jpg","inLanguage":"tr","potentialAction":[{"@type":"CommentAction","name":"Comment","target":["https:\/\/memurunsesi.net\/index.php\/2025\/04\/21\/afyonkarahisarli-ogrenciler-klavye-sampiyonasina-damga-vurdu\/#respond"]}]},{"@type":"WebPage","@id":"https:\/\/memurunsesi.net\/index.php\/2025\/04\/21\/afyonkarahisarli-ogrenciler-klavye-sampiyonasina-damga-vurdu\/","url":"https:\/\/memurunsesi.net\/index.php\/2025\/04\/21\/afyonkarahisarli-ogrenciler-klavye-sampiyonasina-damga-vurdu\/","name":"Afyonkarahisarl\u0131 \u00f6\u011frenciler klavye \u015fampiyonas\u0131na damga vurdu - Memurun Sesi","isPartOf":{"@id":"https:\/\/memurunsesi.net\/#website"},"primaryImageOfPage":{"@id":"https:\/\/memurunsesi.net\/index.php\/2025\/04\/21\/afyonkarahisarli-ogrenciler-klavye-sampiyonasina-damga-vurdu\/#primaryimage"},"image":{"@id":"https:\/\/memurunsesi.net\/index.php\/2025\/04\/21\/afyonkarahisarli-ogrenciler-klavye-sampiyonasina-damga-vurdu\/#primaryimage"},"thumbnailUrl":"https:\/\/memurunsesi.net\/wp-content\/uploads\/2025\/04\/AW437229_01.jpg","datePublished":"2025-04-21T06:59:23+00:00","breadcrumb":{"@id":"https:\/\/memurunsesi.net\/index.php\/2025\/04\/21\/afyonkarahisarli-ogrenciler-klavye-sampiyonasina-damga-vurdu\/#breadcrumb"},"inLanguage":"tr","potentialAction":[{"@type":"ReadAction","target":["https:\/\/memurunsesi.net\/index.php\/2025\/04\/21\/afyonkarahisarli-ogrenciler-klavye-sampiyonasina-damga-vurdu\/"]}]},{"@type":"ImageObject","inLanguage":"tr","@id":"https:\/\/memurunsesi.net\/index.php\/2025\/04\/21\/afyonkarahisarli-ogrenciler-klavye-sampiyonasina-damga-vurdu\/#primaryimage","url":"https:\/\/memurunsesi.net\/wp-content\/uploads\/2025\/04\/AW437229_01.jpg","contentUrl":"https:\/\/memurunsesi.net\/wp-content\/uploads\/2025\/04\/AW437229_01.jpg","width":1943,"height":1123,"caption":"AFYONKARAH\u0130SARLI \u00d6\u011eRENC\u0130LER KLAVYE \u015eAMP\u0130YONASINA DAMGA VURDU (MEVL\u00dcT TINAS\/AFYONKARAH\u0130SAR-\u0130HA) T\u00fcrkiye'nin en b\u00fcy\u00fck klavye yar\u0131\u015fmalar\u0131ndan biri olan 22. \u0130hsan Yener T\u00fcrkiye \u0130nternet Bilgisayar Klavye \u015eampiyonas\u0131'nda Afyonkarahisar r\u00fczg\u00e2r\u0131 esti. 54 il ve Lefko\u015fa'dan 80 okuldan 876 \u00f6\u011frencinin kat\u0131ld\u0131\u011f\u0131 yar\u0131\u015fmada, Afyonkarahisar'dan tam 3 T\u00fcrkiye birincisi \u00e7\u0131kt\u0131."},{"@type":"BreadcrumbList","@id":"https:\/\/memurunsesi.net\/index.php\/2025\/04\/21\/afyonkarahisarli-ogrenciler-klavye-sampiyonasina-damga-vurdu\/#breadcrumb","itemListElement":[{"@type":"ListItem","position":1,"name":"Anasayfa","item":"https:\/\/memurunsesi.net\/"},{"@type":"ListItem","position":2,"name":"Afyonkarahisarl\u0131 \u00f6\u011frenciler klavye \u015fampiyonas\u0131na damga vurdu"}]},{"@type":"WebSite","@id":"https:\/\/memurunsesi.net\/#website","url":"https:\/\/memurunsesi.net\/","name":"Memurun Sesi","description":"G\u00fcncel ve Do\u011fru Haber","publisher":{"@id":"https:\/\/memurunsesi.net\/#organization"},"potentialAction":[{"@type":"SearchAction","target":{"@type":"EntryPoint","urlTemplate":"https:\/\/memurunsesi.net\/?s={search_term_string}"},"query-input":{"@type":"PropertyValueSpecification","valueRequired":true,"valueName":"search_term_string"}}],"inLanguage":"tr"},{"@type":"Organization","@id":"https:\/\/memurunsesi.net\/#organization","name":"Memurun Sesi","url":"https:\/\/memurunsesi.net\/","logo":{"@type":"ImageObject","inLanguage":"tr","@id":"https:\/\/memurunsesi.net\/#\/schema\/logo\/image\/","url":"https:\/\/memurunsesi.net\/wp-content\/uploads\/2025\/11\/cropped-MEMURUN-SESI.png","contentUrl":"https:\/\/memurunsesi.net\/wp-content\/uploads\/2025\/11\/cropped-MEMURUN-SESI.png","width":238,"height":57,"caption":"Memurun Sesi"},"image":{"@id":"https:\/\/memurunsesi.net\/#\/schema\/logo\/image\/"},"sameAs":["https:\/\/www.facebook.com\/unipersen\/?locale=tr_TR","https:\/\/x.com\/unipersen"]},{"@type":"Person","@id":"https:\/\/memurunsesi.net\/#\/schema\/person\/f21c2d73b89f6ee1d80b0a1803e38587","name":"Memurun Sesi Haber Merkezi","image":{"@type":"ImageObject","inLanguage":"tr","@id":"https:\/\/secure.gravatar.com\/avatar\/6cf0505f452ee753f485014986fab09a434671d2b919ee76fc541025c5876a70?s=96&d=mm&r=g","url":"https:\/\/secure.gravatar.com\/avatar\/6cf0505f452ee753f485014986fab09a434671d2b919ee76fc541025c5876a70?s=96&d=mm&r=g","contentUrl":"https:\/\/secure.gravatar.com\/avatar\/6cf0505f452ee753f485014986fab09a434671d2b919ee76fc541025c5876a70?s=96&d=mm&r=g","caption":"Memurun Sesi Haber Merkezi"},"sameAs":["https:\/\/memurunsesi.net"],"url":"https:\/\/memurunsesi.net\/index.php\/author\/uniper\/"}]}},"_links":{"self":[{"href":"https:\/\/memurunsesi.net\/index.php\/wp-json\/wp\/v2\/posts\/5715","targetHints":{"allow":["GET"]}}],"collection":[{"href":"https:\/\/memurunsesi.net\/index.php\/wp-json\/wp\/v2\/posts"}],"about":[{"href":"https:\/\/memurunsesi.net\/index.php\/wp-json\/wp\/v2\/types\/post"}],"author":[{"embeddable":true,"href":"https:\/\/memurunsesi.net\/index.php\/wp-json\/wp\/v2\/users\/1"}],"replies":[{"embeddable":true,"href":"https:\/\/memurunsesi.net\/index.php\/wp-json\/wp\/v2\/comments?post=5715"}],"version-history":[{"count":1,"href":"https:\/\/memurunsesi.net\/index.php\/wp-json\/wp\/v2\/posts\/5715\/revisions"}],"predecessor-version":[{"id":5717,"href":"https:\/\/memurunsesi.net\/index.php\/wp-json\/wp\/v2\/posts\/5715\/revisions\/5717"}],"wp:featuredmedia":[{"embeddable":true,"href":"https:\/\/memurunsesi.net\/index.php\/wp-json\/wp\/v2\/media\/5716"}],"wp:attachment":[{"href":"https:\/\/memurunsesi.net\/index.php\/wp-json\/wp\/v2\/media?parent=5715"}],"wp:term":[{"taxonomy":"category","embeddable":true,"href":"https:\/\/memurunsesi.net\/index.php\/wp-json\/wp\/v2\/categories?post=5715"},{"taxonomy":"post_tag","embeddable":true,"href":"https:\/\/memurunsesi.net\/index.php\/wp-json\/wp\/v2\/tags?post=5715"}],"curies":[{"name":"wp","href":"https:\/\/api.w.org\/{rel}","templated":true}]}}