{"id":5726,"date":"2025-04-21T10:46:53","date_gmt":"2025-04-21T07:46:53","guid":{"rendered":"https:\/\/memurunsesi.net\/?p=5726"},"modified":"2025-04-21T10:46:53","modified_gmt":"2025-04-21T07:46:53","slug":"enes-celik-hedefimiz-1-lige-borcsuz-gelmek","status":"publish","type":"post","link":"https:\/\/memurunsesi.net\/index.php\/2025\/04\/21\/enes-celik-hedefimiz-1-lige-borcsuz-gelmek\/","title":{"rendered":"Enes \u00c7elik: Hedefimiz 1. Lig&#8217;e bor\u00e7suz gelmek"},"content":{"rendered":"<p>\n  &#8211; Bursaspor Ba\u015fkan\u0131 Enes \u00c7elik:<br \/>\n  &#8211; &#8220;Temmuz ay\u0131n\u0131n ba\u015f\u0131na kadar tak\u0131m\u0131 haz\u0131r bir \u015fekilde kampta hocam\u0131za teslim edece\u011fiz&#8221;   <\/p>\n<p> TFF 2. Lig&#8217;e y\u00fckselen Bursaspor&#8217;da Ba\u015fkan Enes \u00c7elik, 1. Lig&#8217;e bor\u00e7suz gelmek istediklerini s\u00f6yledi.<br \/>\nBursaspor, TFF 3. Lig&#8217;in 29. haftas\u0131nda sahas\u0131nda kar\u015f\u0131la\u015ft\u0131\u011f\u0131 Bornova 1877&#8217;yi 4-1&#8217;lik skorla ma\u011flup etti. Ye\u015fil-Beyazl\u0131lar ma\u00e7\u0131n ard\u0131ndan \u015fampiyonluk kupas\u0131n\u0131 d\u00fczenlenen t\u00f6renler ald\u0131. Kupa t\u00f6reninin ard\u0131ndan bas\u0131n mensuplar\u0131na a\u00e7\u0131klamalarda bulunan Bursaspor Ba\u015fkan\u0131 Enes \u00c7elik, &#8220;T\u00fcm \u015fehre hay\u0131rl\u0131 olsun, herkes murad\u0131na erdi. Bas\u0131ndan y\u00f6neticisine i\u015f adam\u0131ndan siyaset\u00e7isine, taraftar\u0131m\u0131z en ba\u015fta herkes mutlu. \u0130n\u015fallah bu mutluluklar \u00f6n\u00fcm\u00fczdeki y\u0131llarda devam edecek. Taraftar\u0131m\u0131z sa\u011f olsun bu sene hep rekor k\u0131rd\u0131. Stat kapasitemiz daha fazla olsayd\u0131 seyirci ortalamas\u0131nda birinci s\u0131rada olurduk. Ama bizim stadyum kapasitemiz di\u011fer tak\u0131mlara g\u00f6re daha az oldu\u011fundan zaten birinciyiz. Taraftar\u0131m\u0131z bizi destekledi\u011fi s\u00fcrece biz onlara Allah&#8217;\u0131n izniyle kar\u015f\u0131l\u0131klar\u0131n\u0131 verece\u011fiz. Bir\u00e7ok konuyla, bir\u00e7ok problemle u\u011fra\u015ft\u0131k. U\u011fra\u015ft\u0131\u011f\u0131m\u0131z konular daha s\u0131n\u0131rl\u0131 ve daha \u00e7ok sportif alana yo\u011funla\u015faca\u011f\u0131z. Birka\u00e7 haftad\u0131r yo\u011fun bir \u015fekilde buna ba\u015flad\u0131k. \u0130n\u015fallah temmuz ay\u0131n\u0131n ba\u015f\u0131na kadar tak\u0131m\u0131 haz\u0131r bir \u015fekilde kampta hocam\u0131za teslim edece\u011fiz&#8221; diye konu\u015ftu.<br \/>\n  Hedeflerinin 1. Lig&#8217;e bor\u00e7suz y\u00fckselmek oldu\u011funu s\u00f6yleyen \u00c7elik, &#8220;Bu hafta birka\u00e7 y\u00f6netici daha olacak. \u015eu an eskisi kadar de\u011fil, kalanlara yo\u011fun bir k\u0131ska\u00e7 halinde \u00fczerlerine gidiyoruz ve in\u015fallah k\u0131sa s\u00fcrede borcu bitirece\u011fiz. Y\u0131lba\u015f\u0131 veya lig i\u00e7inde t\u00fcm bor\u00e7lar\u0131 bitirmek istiyoruz. Hedefimiz 1. Lig&#8217;e bor\u00e7suz olarak gelmek. Biz kendimiz g\u00fc\u00e7l\u00fc oldu\u011fumuz zaman hangi grupta oldu\u011fumuzun \u00f6nemi yok. \u0130ster k\u0131rm\u0131z\u0131 olsun ister beyaz, benim i\u00e7in bir \u00f6nemi yok. Biz olaca\u011f\u0131m\u0131z grupta play-off&#8217;a kalmadan 1. olup \u00e7\u0131kmam\u0131z laz\u0131m&#8221; diye konu\u015ftu. <\/p>\n<p> 21.04.2025                                <\/p>\n","protected":false},"excerpt":{"rendered":"<p>&#8211; Bursaspor Ba\u015fkan\u0131 Enes \u00c7elik: &#8211; &#8220;Temmuz ay\u0131n\u0131n ba\u015f\u0131na kadar tak\u0131m\u0131 haz\u0131r bir \u015fekilde kampta hocam\u0131za teslim edece\u011fiz&#8221; TFF 2. Lig&#8217;e y\u00fckselen Bursaspor&#8217;da Ba\u015fkan Enes \u00c7elik, 1. Lig&#8217;e bor\u00e7suz gelmek istediklerini s\u00f6yledi. Bursaspor, TFF 3. Lig&#8217;in 29. haftas\u0131nda sahas\u0131nda kar\u015f\u0131la\u015ft\u0131\u011f\u0131 Bornova 1877&#8217;yi 4-1&#8217;lik skorla ma\u011flup etti. Ye\u015fil-Beyazl\u0131lar ma\u00e7\u0131n ard\u0131ndan \u015fampiyonluk kupas\u0131n\u0131 d\u00fczenlenen t\u00f6renler ald\u0131. Kupa [&hellip;]<\/p>\n","protected":false},"author":1,"featured_media":5727,"comment_status":"open","ping_status":"open","sticky":false,"template":"","format":"standard","meta":{"footnotes":""},"categories":[57],"tags":[],"class_list":["post-5726","post","type-post","status-publish","format-standard","has-post-thumbnail","hentry","category-spor"],"yoast_head":"<!-- This site is optimized with the Yoast SEO plugin v27.4 - https:\/\/yoast.com\/product\/yoast-seo-wordpress\/ -->\n<title>Enes \u00c7elik: Hedefimiz 1. Lig&#039;e bor\u00e7suz gelmek - Memurun Sesi<\/title>\n<meta name=\"robots\" content=\"index, follow, max-snippet:-1, max-image-preview:large, max-video-preview:-1\" \/>\n<link rel=\"canonical\" href=\"https:\/\/memurunsesi.net\/index.php\/2025\/04\/21\/enes-celik-hedefimiz-1-lige-borcsuz-gelmek\/\" \/>\n<meta property=\"og:locale\" content=\"tr_TR\" \/>\n<meta property=\"og:type\" content=\"article\" \/>\n<meta property=\"og:title\" content=\"Enes \u00c7elik: Hedefimiz 1. Lig&#039;e bor\u00e7suz gelmek - Memurun Sesi\" \/>\n<meta property=\"og:description\" content=\"&#8211; Bursaspor Ba\u015fkan\u0131 Enes \u00c7elik: &#8211; &#8220;Temmuz ay\u0131n\u0131n ba\u015f\u0131na kadar tak\u0131m\u0131 haz\u0131r bir \u015fekilde kampta hocam\u0131za teslim edece\u011fiz&#8221; TFF 2. Lig&#8217;e y\u00fckselen Bursaspor&#8217;da Ba\u015fkan Enes \u00c7elik, 1. Lig&#8217;e bor\u00e7suz gelmek istediklerini s\u00f6yledi. Bursaspor, TFF 3. Lig&#8217;in 29. haftas\u0131nda sahas\u0131nda kar\u015f\u0131la\u015ft\u0131\u011f\u0131 Bornova 1877&#8217;yi 4-1&#8217;lik skorla ma\u011flup etti. Ye\u015fil-Beyazl\u0131lar ma\u00e7\u0131n ard\u0131ndan \u015fampiyonluk kupas\u0131n\u0131 d\u00fczenlenen t\u00f6renler ald\u0131. Kupa [&hellip;]\" \/>\n<meta property=\"og:url\" content=\"https:\/\/memurunsesi.net\/index.php\/2025\/04\/21\/enes-celik-hedefimiz-1-lige-borcsuz-gelmek\/\" \/>\n<meta property=\"og:site_name\" content=\"Memurun Sesi\" \/>\n<meta property=\"article:publisher\" content=\"https:\/\/www.facebook.com\/unipersen\/?locale=tr_TR\" \/>\n<meta property=\"article:published_time\" content=\"2025-04-21T07:46:53+00:00\" \/>\n<meta property=\"og:image\" content=\"https:\/\/memurunsesi.net\/wp-content\/uploads\/2025\/04\/AW437305_01.jpg\" \/>\n\t<meta property=\"og:image:width\" content=\"1600\" \/>\n\t<meta property=\"og:image:height\" content=\"900\" \/>\n\t<meta property=\"og:image:type\" content=\"image\/jpeg\" \/>\n<meta name=\"author\" content=\"Memurun Sesi Haber Merkezi\" \/>\n<meta name=\"twitter:card\" content=\"summary_large_image\" \/>\n<meta name=\"twitter:creator\" content=\"@unipersen\" \/>\n<meta name=\"twitter:site\" content=\"@unipersen\" \/>\n<meta name=\"twitter:label1\" content=\"Yazan:\" \/>\n\t<meta name=\"twitter:data1\" content=\"Memurun Sesi Haber Merkezi\" \/>\n\t<meta name=\"twitter:label2\" content=\"Tahmini okuma s\u00fcresi\" \/>\n\t<meta name=\"twitter:data2\" content=\"1 dakika\" \/>\n<script type=\"application\/ld+json\" class=\"yoast-schema-graph\">{\"@context\":\"https:\\\/\\\/schema.org\",\"@graph\":[{\"@type\":\"Article\",\"@id\":\"https:\\\/\\\/memurunsesi.net\\\/index.php\\\/2025\\\/04\\\/21\\\/enes-celik-hedefimiz-1-lige-borcsuz-gelmek\\\/#article\",\"isPartOf\":{\"@id\":\"https:\\\/\\\/memurunsesi.net\\\/index.php\\\/2025\\\/04\\\/21\\\/enes-celik-hedefimiz-1-lige-borcsuz-gelmek\\\/\"},\"author\":{\"name\":\"Memurun Sesi Haber Merkezi\",\"@id\":\"https:\\\/\\\/memurunsesi.net\\\/#\\\/schema\\\/person\\\/f21c2d73b89f6ee1d80b0a1803e38587\"},\"headline\":\"Enes \u00c7elik: Hedefimiz 1. Lig&#8217;e bor\u00e7suz gelmek\",\"datePublished\":\"2025-04-21T07:46:53+00:00\",\"mainEntityOfPage\":{\"@id\":\"https:\\\/\\\/memurunsesi.net\\\/index.php\\\/2025\\\/04\\\/21\\\/enes-celik-hedefimiz-1-lige-borcsuz-gelmek\\\/\"},\"wordCount\":369,\"commentCount\":0,\"publisher\":{\"@id\":\"https:\\\/\\\/memurunsesi.net\\\/#organization\"},\"image\":{\"@id\":\"https:\\\/\\\/memurunsesi.net\\\/index.php\\\/2025\\\/04\\\/21\\\/enes-celik-hedefimiz-1-lige-borcsuz-gelmek\\\/#primaryimage\"},\"thumbnailUrl\":\"https:\\\/\\\/memurunsesi.net\\\/wp-content\\\/uploads\\\/2025\\\/04\\\/AW437305_01.jpg\",\"articleSection\":[\"Spor\"],\"inLanguage\":\"tr\",\"potentialAction\":[{\"@type\":\"CommentAction\",\"name\":\"Comment\",\"target\":[\"https:\\\/\\\/memurunsesi.net\\\/index.php\\\/2025\\\/04\\\/21\\\/enes-celik-hedefimiz-1-lige-borcsuz-gelmek\\\/#respond\"]}]},{\"@type\":\"WebPage\",\"@id\":\"https:\\\/\\\/memurunsesi.net\\\/index.php\\\/2025\\\/04\\\/21\\\/enes-celik-hedefimiz-1-lige-borcsuz-gelmek\\\/\",\"url\":\"https:\\\/\\\/memurunsesi.net\\\/index.php\\\/2025\\\/04\\\/21\\\/enes-celik-hedefimiz-1-lige-borcsuz-gelmek\\\/\",\"name\":\"Enes \u00c7elik: Hedefimiz 1. Lig'e bor\u00e7suz gelmek - Memurun Sesi\",\"isPartOf\":{\"@id\":\"https:\\\/\\\/memurunsesi.net\\\/#website\"},\"primaryImageOfPage\":{\"@id\":\"https:\\\/\\\/memurunsesi.net\\\/index.php\\\/2025\\\/04\\\/21\\\/enes-celik-hedefimiz-1-lige-borcsuz-gelmek\\\/#primaryimage\"},\"image\":{\"@id\":\"https:\\\/\\\/memurunsesi.net\\\/index.php\\\/2025\\\/04\\\/21\\\/enes-celik-hedefimiz-1-lige-borcsuz-gelmek\\\/#primaryimage\"},\"thumbnailUrl\":\"https:\\\/\\\/memurunsesi.net\\\/wp-content\\\/uploads\\\/2025\\\/04\\\/AW437305_01.jpg\",\"datePublished\":\"2025-04-21T07:46:53+00:00\",\"breadcrumb\":{\"@id\":\"https:\\\/\\\/memurunsesi.net\\\/index.php\\\/2025\\\/04\\\/21\\\/enes-celik-hedefimiz-1-lige-borcsuz-gelmek\\\/#breadcrumb\"},\"inLanguage\":\"tr\",\"potentialAction\":[{\"@type\":\"ReadAction\",\"target\":[\"https:\\\/\\\/memurunsesi.net\\\/index.php\\\/2025\\\/04\\\/21\\\/enes-celik-hedefimiz-1-lige-borcsuz-gelmek\\\/\"]}]},{\"@type\":\"ImageObject\",\"inLanguage\":\"tr\",\"@id\":\"https:\\\/\\\/memurunsesi.net\\\/index.php\\\/2025\\\/04\\\/21\\\/enes-celik-hedefimiz-1-lige-borcsuz-gelmek\\\/#primaryimage\",\"url\":\"https:\\\/\\\/memurunsesi.net\\\/wp-content\\\/uploads\\\/2025\\\/04\\\/AW437305_01.jpg\",\"contentUrl\":\"https:\\\/\\\/memurunsesi.net\\\/wp-content\\\/uploads\\\/2025\\\/04\\\/AW437305_01.jpg\",\"width\":1600,\"height\":900,\"caption\":\"BURSASPOR BA\u015eKANI ENES \u00c7EL\u0130K, 1. L\u0130G'E BOR\u00c7SUZ GELMEK \u0130STED\u0130KLER\u0130N\u0130 S\u00d6YLED\u0130. (KAAN VARDAR\\\/BURSA-\u0130HA) TFF 2. Lig'e y\u00fckselen Bursaspor'da Ba\u015fkan Enes \u00c7elik, 1. Lig'e bor\u00e7suz gelmek istediklerini s\u00f6yledi.\"},{\"@type\":\"BreadcrumbList\",\"@id\":\"https:\\\/\\\/memurunsesi.net\\\/index.php\\\/2025\\\/04\\\/21\\\/enes-celik-hedefimiz-1-lige-borcsuz-gelmek\\\/#breadcrumb\",\"itemListElement\":[{\"@type\":\"ListItem\",\"position\":1,\"name\":\"Anasayfa\",\"item\":\"https:\\\/\\\/memurunsesi.net\\\/\"},{\"@type\":\"ListItem\",\"position\":2,\"name\":\"Enes \u00c7elik: Hedefimiz 1. Lig&#8217;e bor\u00e7suz gelmek\"}]},{\"@type\":\"WebSite\",\"@id\":\"https:\\\/\\\/memurunsesi.net\\\/#website\",\"url\":\"https:\\\/\\\/memurunsesi.net\\\/\",\"name\":\"Memurun Sesi\",\"description\":\"G\u00fcncel ve Do\u011fru Haber\",\"publisher\":{\"@id\":\"https:\\\/\\\/memurunsesi.net\\\/#organization\"},\"potentialAction\":[{\"@type\":\"SearchAction\",\"target\":{\"@type\":\"EntryPoint\",\"urlTemplate\":\"https:\\\/\\\/memurunsesi.net\\\/?s={search_term_string}\"},\"query-input\":{\"@type\":\"PropertyValueSpecification\",\"valueRequired\":true,\"valueName\":\"search_term_string\"}}],\"inLanguage\":\"tr\"},{\"@type\":\"Organization\",\"@id\":\"https:\\\/\\\/memurunsesi.net\\\/#organization\",\"name\":\"Memurun Sesi\",\"url\":\"https:\\\/\\\/memurunsesi.net\\\/\",\"logo\":{\"@type\":\"ImageObject\",\"inLanguage\":\"tr\",\"@id\":\"https:\\\/\\\/memurunsesi.net\\\/#\\\/schema\\\/logo\\\/image\\\/\",\"url\":\"https:\\\/\\\/memurunsesi.net\\\/wp-content\\\/uploads\\\/2025\\\/11\\\/cropped-MEMURUN-SESI.png\",\"contentUrl\":\"https:\\\/\\\/memurunsesi.net\\\/wp-content\\\/uploads\\\/2025\\\/11\\\/cropped-MEMURUN-SESI.png\",\"width\":238,\"height\":57,\"caption\":\"Memurun Sesi\"},\"image\":{\"@id\":\"https:\\\/\\\/memurunsesi.net\\\/#\\\/schema\\\/logo\\\/image\\\/\"},\"sameAs\":[\"https:\\\/\\\/www.facebook.com\\\/unipersen\\\/?locale=tr_TR\",\"https:\\\/\\\/x.com\\\/unipersen\"]},{\"@type\":\"Person\",\"@id\":\"https:\\\/\\\/memurunsesi.net\\\/#\\\/schema\\\/person\\\/f21c2d73b89f6ee1d80b0a1803e38587\",\"name\":\"Memurun Sesi Haber Merkezi\",\"image\":{\"@type\":\"ImageObject\",\"inLanguage\":\"tr\",\"@id\":\"https:\\\/\\\/secure.gravatar.com\\\/avatar\\\/6cf0505f452ee753f485014986fab09a434671d2b919ee76fc541025c5876a70?s=96&d=mm&r=g\",\"url\":\"https:\\\/\\\/secure.gravatar.com\\\/avatar\\\/6cf0505f452ee753f485014986fab09a434671d2b919ee76fc541025c5876a70?s=96&d=mm&r=g\",\"contentUrl\":\"https:\\\/\\\/secure.gravatar.com\\\/avatar\\\/6cf0505f452ee753f485014986fab09a434671d2b919ee76fc541025c5876a70?s=96&d=mm&r=g\",\"caption\":\"Memurun Sesi Haber Merkezi\"},\"sameAs\":[\"https:\\\/\\\/memurunsesi.net\"],\"url\":\"https:\\\/\\\/memurunsesi.net\\\/index.php\\\/author\\\/uniper\\\/\"}]}<\/script>\n<!-- \/ Yoast SEO plugin. -->","yoast_head_json":{"title":"Enes \u00c7elik: Hedefimiz 1. Lig'e bor\u00e7suz gelmek - Memurun Sesi","robots":{"index":"index","follow":"follow","max-snippet":"max-snippet:-1","max-image-preview":"max-image-preview:large","max-video-preview":"max-video-preview:-1"},"canonical":"https:\/\/memurunsesi.net\/index.php\/2025\/04\/21\/enes-celik-hedefimiz-1-lige-borcsuz-gelmek\/","og_locale":"tr_TR","og_type":"article","og_title":"Enes \u00c7elik: Hedefimiz 1. Lig'e bor\u00e7suz gelmek - Memurun Sesi","og_description":"&#8211; Bursaspor Ba\u015fkan\u0131 Enes \u00c7elik: &#8211; &#8220;Temmuz ay\u0131n\u0131n ba\u015f\u0131na kadar tak\u0131m\u0131 haz\u0131r bir \u015fekilde kampta hocam\u0131za teslim edece\u011fiz&#8221; TFF 2. Lig&#8217;e y\u00fckselen Bursaspor&#8217;da Ba\u015fkan Enes \u00c7elik, 1. Lig&#8217;e bor\u00e7suz gelmek istediklerini s\u00f6yledi. Bursaspor, TFF 3. Lig&#8217;in 29. haftas\u0131nda sahas\u0131nda kar\u015f\u0131la\u015ft\u0131\u011f\u0131 Bornova 1877&#8217;yi 4-1&#8217;lik skorla ma\u011flup etti. Ye\u015fil-Beyazl\u0131lar ma\u00e7\u0131n ard\u0131ndan \u015fampiyonluk kupas\u0131n\u0131 d\u00fczenlenen t\u00f6renler ald\u0131. Kupa [&hellip;]","og_url":"https:\/\/memurunsesi.net\/index.php\/2025\/04\/21\/enes-celik-hedefimiz-1-lige-borcsuz-gelmek\/","og_site_name":"Memurun Sesi","article_publisher":"https:\/\/www.facebook.com\/unipersen\/?locale=tr_TR","article_published_time":"2025-04-21T07:46:53+00:00","og_image":[{"width":1600,"height":900,"url":"https:\/\/memurunsesi.net\/wp-content\/uploads\/2025\/04\/AW437305_01.jpg","type":"image\/jpeg"}],"author":"Memurun Sesi Haber Merkezi","twitter_card":"summary_large_image","twitter_creator":"@unipersen","twitter_site":"@unipersen","twitter_misc":{"Yazan:":"Memurun Sesi Haber Merkezi","Tahmini okuma s\u00fcresi":"1 dakika"},"schema":{"@context":"https:\/\/schema.org","@graph":[{"@type":"Article","@id":"https:\/\/memurunsesi.net\/index.php\/2025\/04\/21\/enes-celik-hedefimiz-1-lige-borcsuz-gelmek\/#article","isPartOf":{"@id":"https:\/\/memurunsesi.net\/index.php\/2025\/04\/21\/enes-celik-hedefimiz-1-lige-borcsuz-gelmek\/"},"author":{"name":"Memurun Sesi Haber Merkezi","@id":"https:\/\/memurunsesi.net\/#\/schema\/person\/f21c2d73b89f6ee1d80b0a1803e38587"},"headline":"Enes \u00c7elik: Hedefimiz 1. Lig&#8217;e bor\u00e7suz gelmek","datePublished":"2025-04-21T07:46:53+00:00","mainEntityOfPage":{"@id":"https:\/\/memurunsesi.net\/index.php\/2025\/04\/21\/enes-celik-hedefimiz-1-lige-borcsuz-gelmek\/"},"wordCount":369,"commentCount":0,"publisher":{"@id":"https:\/\/memurunsesi.net\/#organization"},"image":{"@id":"https:\/\/memurunsesi.net\/index.php\/2025\/04\/21\/enes-celik-hedefimiz-1-lige-borcsuz-gelmek\/#primaryimage"},"thumbnailUrl":"https:\/\/memurunsesi.net\/wp-content\/uploads\/2025\/04\/AW437305_01.jpg","articleSection":["Spor"],"inLanguage":"tr","potentialAction":[{"@type":"CommentAction","name":"Comment","target":["https:\/\/memurunsesi.net\/index.php\/2025\/04\/21\/enes-celik-hedefimiz-1-lige-borcsuz-gelmek\/#respond"]}]},{"@type":"WebPage","@id":"https:\/\/memurunsesi.net\/index.php\/2025\/04\/21\/enes-celik-hedefimiz-1-lige-borcsuz-gelmek\/","url":"https:\/\/memurunsesi.net\/index.php\/2025\/04\/21\/enes-celik-hedefimiz-1-lige-borcsuz-gelmek\/","name":"Enes \u00c7elik: Hedefimiz 1. Lig'e bor\u00e7suz gelmek - Memurun Sesi","isPartOf":{"@id":"https:\/\/memurunsesi.net\/#website"},"primaryImageOfPage":{"@id":"https:\/\/memurunsesi.net\/index.php\/2025\/04\/21\/enes-celik-hedefimiz-1-lige-borcsuz-gelmek\/#primaryimage"},"image":{"@id":"https:\/\/memurunsesi.net\/index.php\/2025\/04\/21\/enes-celik-hedefimiz-1-lige-borcsuz-gelmek\/#primaryimage"},"thumbnailUrl":"https:\/\/memurunsesi.net\/wp-content\/uploads\/2025\/04\/AW437305_01.jpg","datePublished":"2025-04-21T07:46:53+00:00","breadcrumb":{"@id":"https:\/\/memurunsesi.net\/index.php\/2025\/04\/21\/enes-celik-hedefimiz-1-lige-borcsuz-gelmek\/#breadcrumb"},"inLanguage":"tr","potentialAction":[{"@type":"ReadAction","target":["https:\/\/memurunsesi.net\/index.php\/2025\/04\/21\/enes-celik-hedefimiz-1-lige-borcsuz-gelmek\/"]}]},{"@type":"ImageObject","inLanguage":"tr","@id":"https:\/\/memurunsesi.net\/index.php\/2025\/04\/21\/enes-celik-hedefimiz-1-lige-borcsuz-gelmek\/#primaryimage","url":"https:\/\/memurunsesi.net\/wp-content\/uploads\/2025\/04\/AW437305_01.jpg","contentUrl":"https:\/\/memurunsesi.net\/wp-content\/uploads\/2025\/04\/AW437305_01.jpg","width":1600,"height":900,"caption":"BURSASPOR BA\u015eKANI ENES \u00c7EL\u0130K, 1. L\u0130G'E BOR\u00c7SUZ GELMEK \u0130STED\u0130KLER\u0130N\u0130 S\u00d6YLED\u0130. (KAAN VARDAR\/BURSA-\u0130HA) TFF 2. Lig'e y\u00fckselen Bursaspor'da Ba\u015fkan Enes \u00c7elik, 1. Lig'e bor\u00e7suz gelmek istediklerini s\u00f6yledi."},{"@type":"BreadcrumbList","@id":"https:\/\/memurunsesi.net\/index.php\/2025\/04\/21\/enes-celik-hedefimiz-1-lige-borcsuz-gelmek\/#breadcrumb","itemListElement":[{"@type":"ListItem","position":1,"name":"Anasayfa","item":"https:\/\/memurunsesi.net\/"},{"@type":"ListItem","position":2,"name":"Enes \u00c7elik: Hedefimiz 1. Lig&#8217;e bor\u00e7suz gelmek"}]},{"@type":"WebSite","@id":"https:\/\/memurunsesi.net\/#website","url":"https:\/\/memurunsesi.net\/","name":"Memurun Sesi","description":"G\u00fcncel ve Do\u011fru Haber","publisher":{"@id":"https:\/\/memurunsesi.net\/#organization"},"potentialAction":[{"@type":"SearchAction","target":{"@type":"EntryPoint","urlTemplate":"https:\/\/memurunsesi.net\/?s={search_term_string}"},"query-input":{"@type":"PropertyValueSpecification","valueRequired":true,"valueName":"search_term_string"}}],"inLanguage":"tr"},{"@type":"Organization","@id":"https:\/\/memurunsesi.net\/#organization","name":"Memurun Sesi","url":"https:\/\/memurunsesi.net\/","logo":{"@type":"ImageObject","inLanguage":"tr","@id":"https:\/\/memurunsesi.net\/#\/schema\/logo\/image\/","url":"https:\/\/memurunsesi.net\/wp-content\/uploads\/2025\/11\/cropped-MEMURUN-SESI.png","contentUrl":"https:\/\/memurunsesi.net\/wp-content\/uploads\/2025\/11\/cropped-MEMURUN-SESI.png","width":238,"height":57,"caption":"Memurun Sesi"},"image":{"@id":"https:\/\/memurunsesi.net\/#\/schema\/logo\/image\/"},"sameAs":["https:\/\/www.facebook.com\/unipersen\/?locale=tr_TR","https:\/\/x.com\/unipersen"]},{"@type":"Person","@id":"https:\/\/memurunsesi.net\/#\/schema\/person\/f21c2d73b89f6ee1d80b0a1803e38587","name":"Memurun Sesi Haber Merkezi","image":{"@type":"ImageObject","inLanguage":"tr","@id":"https:\/\/secure.gravatar.com\/avatar\/6cf0505f452ee753f485014986fab09a434671d2b919ee76fc541025c5876a70?s=96&d=mm&r=g","url":"https:\/\/secure.gravatar.com\/avatar\/6cf0505f452ee753f485014986fab09a434671d2b919ee76fc541025c5876a70?s=96&d=mm&r=g","contentUrl":"https:\/\/secure.gravatar.com\/avatar\/6cf0505f452ee753f485014986fab09a434671d2b919ee76fc541025c5876a70?s=96&d=mm&r=g","caption":"Memurun Sesi Haber Merkezi"},"sameAs":["https:\/\/memurunsesi.net"],"url":"https:\/\/memurunsesi.net\/index.php\/author\/uniper\/"}]}},"_links":{"self":[{"href":"https:\/\/memurunsesi.net\/index.php\/wp-json\/wp\/v2\/posts\/5726","targetHints":{"allow":["GET"]}}],"collection":[{"href":"https:\/\/memurunsesi.net\/index.php\/wp-json\/wp\/v2\/posts"}],"about":[{"href":"https:\/\/memurunsesi.net\/index.php\/wp-json\/wp\/v2\/types\/post"}],"author":[{"embeddable":true,"href":"https:\/\/memurunsesi.net\/index.php\/wp-json\/wp\/v2\/users\/1"}],"replies":[{"embeddable":true,"href":"https:\/\/memurunsesi.net\/index.php\/wp-json\/wp\/v2\/comments?post=5726"}],"version-history":[{"count":1,"href":"https:\/\/memurunsesi.net\/index.php\/wp-json\/wp\/v2\/posts\/5726\/revisions"}],"predecessor-version":[{"id":5728,"href":"https:\/\/memurunsesi.net\/index.php\/wp-json\/wp\/v2\/posts\/5726\/revisions\/5728"}],"wp:featuredmedia":[{"embeddable":true,"href":"https:\/\/memurunsesi.net\/index.php\/wp-json\/wp\/v2\/media\/5727"}],"wp:attachment":[{"href":"https:\/\/memurunsesi.net\/index.php\/wp-json\/wp\/v2\/media?parent=5726"}],"wp:term":[{"taxonomy":"category","embeddable":true,"href":"https:\/\/memurunsesi.net\/index.php\/wp-json\/wp\/v2\/categories?post=5726"},{"taxonomy":"post_tag","embeddable":true,"href":"https:\/\/memurunsesi.net\/index.php\/wp-json\/wp\/v2\/tags?post=5726"}],"curies":[{"name":"wp","href":"https:\/\/api.w.org\/{rel}","templated":true}]}}