{"id":5753,"date":"2025-04-22T08:28:14","date_gmt":"2025-04-22T05:28:14","guid":{"rendered":"https:\/\/memurunsesi.net\/?p=5753"},"modified":"2025-04-22T08:28:14","modified_gmt":"2025-04-22T05:28:14","slug":"abdde-kalkisa-hazirlanan-ucagin-motoru-alev-aldi-282-yolcu-tahliye-edildi","status":"publish","type":"post","link":"https:\/\/memurunsesi.net\/index.php\/2025\/04\/22\/abdde-kalkisa-hazirlanan-ucagin-motoru-alev-aldi-282-yolcu-tahliye-edildi\/","title":{"rendered":"ABD\u2019de kalk\u0131\u015fa haz\u0131rlanan u\u00e7a\u011f\u0131n motoru alev ald\u0131: 282 yolcu tahliye edildi"},"content":{"rendered":"<p> ABD\u2019nin Florida eyaletindeki Orlando Uluslararas\u0131 Havaliman\u0131&#8217;ndan kalk\u0131\u015fa haz\u0131rlanan bir yolcu u\u00e7a\u011f\u0131n\u0131n motoru alev ald\u0131. U\u00e7aktaki 282 yolcu acil durum kayd\u0131raklar\u0131 ile tahliye edilirken, olayda \u00f6len ya da yaralanan olmad\u0131.<br \/>\n  ABD\u2019nin Florida eyaletindeki Orlando Uluslararas\u0131 Havaliman\u0131&#8217;nda korku dolu anlar ya\u015fand\u0131. Kalk\u0131\u015fa haz\u0131rlanan bir yolcu u\u00e7a\u011f\u0131n\u0131n motorunun alev almas\u0131 sonucu u\u00e7aktakiler tahliye edildi. ABD Federal Havac\u0131l\u0131k \u0130daresi\u2019nden edinilen bilgilere g\u00f6re, olay Delta Havayollar\u0131\u2019na ait Airbus 330 tipi bir u\u00e7a\u011f\u0131n Georgia eyaletindeki Hartsfield-Jackson Atlanta Uluslararas\u0131 Havaliman\u0131\u2019na gitmek \u00fczere kap\u0131dan ayr\u0131lmas\u0131n\u0131n ard\u0131ndan meydana geldi. \u0130\u00e7inde 282 yolcu bulunan u\u00e7a\u011f\u0131n 2 motorundan biri hen\u00fcz kesin bilinmeyen bir nedenle alev ald\u0131. U\u00e7aktaki yolcular acil durum kayd\u0131raklar\u0131 ile tahliye edilirken, ya\u015fanan panik anlar\u0131 amat\u00f6r kameralara yans\u0131d\u0131. \u0130tfaiye ekiplerinin \u00e7ok ge\u00e7meden yang\u0131na m\u00fcdahale etmesiyle alevlerin s\u00f6nd\u00fcr\u00fcld\u00fc\u011f\u00fc bildirildi. 282 yolcu ve 12 m\u00fcrettebattan \u00f6len ya da yaralanan\u0131n olmad\u0131\u011f\u0131 olaya ili\u015fkin soru\u015fturma ba\u015flat\u0131ld\u0131. Delta Havayollar\u0131\u2019ndan yap\u0131lan a\u00e7\u0131klamada tahliye edilen yolcular\u0131n ba\u015fka bir u\u00e7akla Atlanta&#8217;ya g\u00f6t\u00fcr\u00fclece\u011fi bildirildi.<br \/>\n  Ard\u0131 ard\u0131na kazalar ya\u015fanm\u0131\u015ft\u0131<br \/>\n  ABD, son d\u00f6nemlerde ard\u0131 ard\u0131na ya\u015fanan havac\u0131l\u0131k kazalar\u0131 ile g\u00fcndeme gelmi\u015fti. 29 Ocak&#8217;ta Bombardier CRJ700 tipi bir yolcu u\u00e7a\u011f\u0131n\u0131n ini\u015f i\u00e7in al\u00e7ald\u0131\u011f\u0131 s\u0131rada US Army Black Hawk (H-60) tipi bir askeri helikopterle \u00e7arp\u0131\u015farak Washington D.C yak\u0131nlar\u0131nda Potomac Nehri\u2019ne d\u00fc\u015fmesi sonucu 67 ki\u015fi hayat\u0131n\u0131 kaybetmi\u015fti. 1 \u015eubat&#8217;ta ise ambulans u\u00e7a\u011f\u0131n Philadelphia\u2019daki bir al\u0131\u015fveri\u015f merkezi yak\u0131n\u0131na d\u00fc\u015fmesi sonucu 7 ki\u015fi \u00f6lm\u00fc\u015ft\u00fc. 17 \u015eubat&#8217;ta da ABD merkezli Delta Havayollar\u0131\u2019na ait bir yolcu u\u00e7a\u011f\u0131n\u0131n Kanada&#8217;n\u0131n Toronto Pearson Uluslararas\u0131 Havaliman\u0131\u2019na ini\u015fi s\u0131ras\u0131nda ters d\u00f6nmesi nedeniyle 18 ki\u015fi yaralanm\u0131\u015ft\u0131. Son olarak 11 Nisan\u2019da bir helikopter New York kentindeki Hudson Nehri&#8217;ne d\u00fc\u015fm\u00fc\u015f, helikopterde bulunan 6 ki\u015finin tamam\u0131 hayat\u0131n\u0131 kaybetmi\u015fti. <\/p>\n<p>22.04.2025                     <\/p>\n","protected":false},"excerpt":{"rendered":"<p>ABD\u2019nin Florida eyaletindeki Orlando Uluslararas\u0131 Havaliman\u0131&#8217;ndan kalk\u0131\u015fa haz\u0131rlanan bir yolcu u\u00e7a\u011f\u0131n\u0131n motoru alev ald\u0131. U\u00e7aktaki 282 yolcu acil durum kayd\u0131raklar\u0131 ile tahliye edilirken, olayda \u00f6len ya da yaralanan olmad\u0131. ABD\u2019nin Florida eyaletindeki Orlando Uluslararas\u0131 Havaliman\u0131&#8217;nda korku dolu anlar ya\u015fand\u0131. Kalk\u0131\u015fa haz\u0131rlanan bir yolcu u\u00e7a\u011f\u0131n\u0131n motorunun alev almas\u0131 sonucu u\u00e7aktakiler tahliye edildi. ABD Federal Havac\u0131l\u0131k \u0130daresi\u2019nden [&hellip;]<\/p>\n","protected":false},"author":1,"featured_media":5754,"comment_status":"open","ping_status":"open","sticky":false,"template":"","format":"standard","meta":{"footnotes":""},"categories":[1],"tags":[],"class_list":["post-5753","post","type-post","status-publish","format-standard","has-post-thumbnail","hentry","category-genel"],"yoast_head":"<!-- This site is optimized with the Yoast SEO plugin v27.4 - https:\/\/yoast.com\/product\/yoast-seo-wordpress\/ -->\n<title>ABD\u2019de kalk\u0131\u015fa haz\u0131rlanan u\u00e7a\u011f\u0131n motoru alev ald\u0131: 282 yolcu tahliye edildi - Memurun Sesi<\/title>\n<meta name=\"robots\" content=\"index, follow, max-snippet:-1, max-image-preview:large, max-video-preview:-1\" \/>\n<link rel=\"canonical\" href=\"https:\/\/memurunsesi.net\/index.php\/2025\/04\/22\/abdde-kalkisa-hazirlanan-ucagin-motoru-alev-aldi-282-yolcu-tahliye-edildi\/\" \/>\n<meta property=\"og:locale\" content=\"tr_TR\" \/>\n<meta property=\"og:type\" content=\"article\" \/>\n<meta property=\"og:title\" content=\"ABD\u2019de kalk\u0131\u015fa haz\u0131rlanan u\u00e7a\u011f\u0131n motoru alev ald\u0131: 282 yolcu tahliye edildi - Memurun Sesi\" \/>\n<meta property=\"og:description\" content=\"ABD\u2019nin Florida eyaletindeki Orlando Uluslararas\u0131 Havaliman\u0131&#8217;ndan kalk\u0131\u015fa haz\u0131rlanan bir yolcu u\u00e7a\u011f\u0131n\u0131n motoru alev ald\u0131. U\u00e7aktaki 282 yolcu acil durum kayd\u0131raklar\u0131 ile tahliye edilirken, olayda \u00f6len ya da yaralanan olmad\u0131. ABD\u2019nin Florida eyaletindeki Orlando Uluslararas\u0131 Havaliman\u0131&#8217;nda korku dolu anlar ya\u015fand\u0131. Kalk\u0131\u015fa haz\u0131rlanan bir yolcu u\u00e7a\u011f\u0131n\u0131n motorunun alev almas\u0131 sonucu u\u00e7aktakiler tahliye edildi. ABD Federal Havac\u0131l\u0131k \u0130daresi\u2019nden [&hellip;]\" \/>\n<meta property=\"og:url\" content=\"https:\/\/memurunsesi.net\/index.php\/2025\/04\/22\/abdde-kalkisa-hazirlanan-ucagin-motoru-alev-aldi-282-yolcu-tahliye-edildi\/\" \/>\n<meta property=\"og:site_name\" content=\"Memurun Sesi\" \/>\n<meta property=\"article:publisher\" content=\"https:\/\/www.facebook.com\/unipersen\/?locale=tr_TR\" \/>\n<meta property=\"article:published_time\" content=\"2025-04-22T05:28:14+00:00\" \/>\n<meta property=\"og:image\" content=\"https:\/\/memurunsesi.net\/wp-content\/uploads\/2025\/04\/AW437924_01.jpg\" \/>\n\t<meta property=\"og:image:width\" content=\"768\" \/>\n\t<meta property=\"og:image:height\" content=\"544\" \/>\n\t<meta property=\"og:image:type\" content=\"image\/jpeg\" \/>\n<meta name=\"author\" content=\"Memurun Sesi Haber Merkezi\" \/>\n<meta name=\"twitter:card\" content=\"summary_large_image\" \/>\n<meta name=\"twitter:creator\" content=\"@unipersen\" \/>\n<meta name=\"twitter:site\" content=\"@unipersen\" \/>\n<meta name=\"twitter:label1\" content=\"Yazan:\" \/>\n\t<meta name=\"twitter:data1\" content=\"Memurun Sesi Haber Merkezi\" \/>\n\t<meta name=\"twitter:label2\" content=\"Tahmini okuma s\u00fcresi\" \/>\n\t<meta name=\"twitter:data2\" content=\"1 dakika\" \/>\n<script type=\"application\/ld+json\" class=\"yoast-schema-graph\">{\"@context\":\"https:\\\/\\\/schema.org\",\"@graph\":[{\"@type\":\"Article\",\"@id\":\"https:\\\/\\\/memurunsesi.net\\\/index.php\\\/2025\\\/04\\\/22\\\/abdde-kalkisa-hazirlanan-ucagin-motoru-alev-aldi-282-yolcu-tahliye-edildi\\\/#article\",\"isPartOf\":{\"@id\":\"https:\\\/\\\/memurunsesi.net\\\/index.php\\\/2025\\\/04\\\/22\\\/abdde-kalkisa-hazirlanan-ucagin-motoru-alev-aldi-282-yolcu-tahliye-edildi\\\/\"},\"author\":{\"name\":\"Memurun Sesi Haber Merkezi\",\"@id\":\"https:\\\/\\\/memurunsesi.net\\\/#\\\/schema\\\/person\\\/f21c2d73b89f6ee1d80b0a1803e38587\"},\"headline\":\"ABD\u2019de kalk\u0131\u015fa haz\u0131rlanan u\u00e7a\u011f\u0131n motoru alev ald\u0131: 282 yolcu tahliye edildi\",\"datePublished\":\"2025-04-22T05:28:14+00:00\",\"mainEntityOfPage\":{\"@id\":\"https:\\\/\\\/memurunsesi.net\\\/index.php\\\/2025\\\/04\\\/22\\\/abdde-kalkisa-hazirlanan-ucagin-motoru-alev-aldi-282-yolcu-tahliye-edildi\\\/\"},\"wordCount\":371,\"commentCount\":0,\"publisher\":{\"@id\":\"https:\\\/\\\/memurunsesi.net\\\/#organization\"},\"image\":{\"@id\":\"https:\\\/\\\/memurunsesi.net\\\/index.php\\\/2025\\\/04\\\/22\\\/abdde-kalkisa-hazirlanan-ucagin-motoru-alev-aldi-282-yolcu-tahliye-edildi\\\/#primaryimage\"},\"thumbnailUrl\":\"https:\\\/\\\/memurunsesi.net\\\/wp-content\\\/uploads\\\/2025\\\/04\\\/AW437924_01.jpg\",\"inLanguage\":\"tr\",\"potentialAction\":[{\"@type\":\"CommentAction\",\"name\":\"Comment\",\"target\":[\"https:\\\/\\\/memurunsesi.net\\\/index.php\\\/2025\\\/04\\\/22\\\/abdde-kalkisa-hazirlanan-ucagin-motoru-alev-aldi-282-yolcu-tahliye-edildi\\\/#respond\"]}]},{\"@type\":\"WebPage\",\"@id\":\"https:\\\/\\\/memurunsesi.net\\\/index.php\\\/2025\\\/04\\\/22\\\/abdde-kalkisa-hazirlanan-ucagin-motoru-alev-aldi-282-yolcu-tahliye-edildi\\\/\",\"url\":\"https:\\\/\\\/memurunsesi.net\\\/index.php\\\/2025\\\/04\\\/22\\\/abdde-kalkisa-hazirlanan-ucagin-motoru-alev-aldi-282-yolcu-tahliye-edildi\\\/\",\"name\":\"ABD\u2019de kalk\u0131\u015fa haz\u0131rlanan u\u00e7a\u011f\u0131n motoru alev ald\u0131: 282 yolcu tahliye edildi - Memurun Sesi\",\"isPartOf\":{\"@id\":\"https:\\\/\\\/memurunsesi.net\\\/#website\"},\"primaryImageOfPage\":{\"@id\":\"https:\\\/\\\/memurunsesi.net\\\/index.php\\\/2025\\\/04\\\/22\\\/abdde-kalkisa-hazirlanan-ucagin-motoru-alev-aldi-282-yolcu-tahliye-edildi\\\/#primaryimage\"},\"image\":{\"@id\":\"https:\\\/\\\/memurunsesi.net\\\/index.php\\\/2025\\\/04\\\/22\\\/abdde-kalkisa-hazirlanan-ucagin-motoru-alev-aldi-282-yolcu-tahliye-edildi\\\/#primaryimage\"},\"thumbnailUrl\":\"https:\\\/\\\/memurunsesi.net\\\/wp-content\\\/uploads\\\/2025\\\/04\\\/AW437924_01.jpg\",\"datePublished\":\"2025-04-22T05:28:14+00:00\",\"breadcrumb\":{\"@id\":\"https:\\\/\\\/memurunsesi.net\\\/index.php\\\/2025\\\/04\\\/22\\\/abdde-kalkisa-hazirlanan-ucagin-motoru-alev-aldi-282-yolcu-tahliye-edildi\\\/#breadcrumb\"},\"inLanguage\":\"tr\",\"potentialAction\":[{\"@type\":\"ReadAction\",\"target\":[\"https:\\\/\\\/memurunsesi.net\\\/index.php\\\/2025\\\/04\\\/22\\\/abdde-kalkisa-hazirlanan-ucagin-motoru-alev-aldi-282-yolcu-tahliye-edildi\\\/\"]}]},{\"@type\":\"ImageObject\",\"inLanguage\":\"tr\",\"@id\":\"https:\\\/\\\/memurunsesi.net\\\/index.php\\\/2025\\\/04\\\/22\\\/abdde-kalkisa-hazirlanan-ucagin-motoru-alev-aldi-282-yolcu-tahliye-edildi\\\/#primaryimage\",\"url\":\"https:\\\/\\\/memurunsesi.net\\\/wp-content\\\/uploads\\\/2025\\\/04\\\/AW437924_01.jpg\",\"contentUrl\":\"https:\\\/\\\/memurunsesi.net\\\/wp-content\\\/uploads\\\/2025\\\/04\\\/AW437924_01.jpg\",\"width\":768,\"height\":544,\"caption\":\"ABD'DE KALKI\u015eA HAZIRLANAN U\u00c7A\u011eIN MOTORU ALEV ALDI: 282 YOLCU TAHL\u0130YE ED\u0130LD\u0130 (\u0130HA\\\/ORLANDO-\u0130HA) ABD'nin Florida eyaletindeki Orlando Uluslararas\u0131 Havaliman\u0131'ndan kalk\u0131\u015fa haz\u0131rlanan bir yolcu u\u00e7a\u011f\u0131n\u0131n motoru alev ald\u0131. U\u00e7aktaki 282 yolcu acil durum kayd\u0131raklar\u0131 ile tahliye edilirken, olayda \u00f6len ya da yaralanan olmad\u0131.\"},{\"@type\":\"BreadcrumbList\",\"@id\":\"https:\\\/\\\/memurunsesi.net\\\/index.php\\\/2025\\\/04\\\/22\\\/abdde-kalkisa-hazirlanan-ucagin-motoru-alev-aldi-282-yolcu-tahliye-edildi\\\/#breadcrumb\",\"itemListElement\":[{\"@type\":\"ListItem\",\"position\":1,\"name\":\"Anasayfa\",\"item\":\"https:\\\/\\\/memurunsesi.net\\\/\"},{\"@type\":\"ListItem\",\"position\":2,\"name\":\"ABD\u2019de kalk\u0131\u015fa haz\u0131rlanan u\u00e7a\u011f\u0131n motoru alev ald\u0131: 282 yolcu tahliye edildi\"}]},{\"@type\":\"WebSite\",\"@id\":\"https:\\\/\\\/memurunsesi.net\\\/#website\",\"url\":\"https:\\\/\\\/memurunsesi.net\\\/\",\"name\":\"Memurun Sesi\",\"description\":\"G\u00fcncel ve Do\u011fru Haber\",\"publisher\":{\"@id\":\"https:\\\/\\\/memurunsesi.net\\\/#organization\"},\"potentialAction\":[{\"@type\":\"SearchAction\",\"target\":{\"@type\":\"EntryPoint\",\"urlTemplate\":\"https:\\\/\\\/memurunsesi.net\\\/?s={search_term_string}\"},\"query-input\":{\"@type\":\"PropertyValueSpecification\",\"valueRequired\":true,\"valueName\":\"search_term_string\"}}],\"inLanguage\":\"tr\"},{\"@type\":\"Organization\",\"@id\":\"https:\\\/\\\/memurunsesi.net\\\/#organization\",\"name\":\"Memurun Sesi\",\"url\":\"https:\\\/\\\/memurunsesi.net\\\/\",\"logo\":{\"@type\":\"ImageObject\",\"inLanguage\":\"tr\",\"@id\":\"https:\\\/\\\/memurunsesi.net\\\/#\\\/schema\\\/logo\\\/image\\\/\",\"url\":\"https:\\\/\\\/memurunsesi.net\\\/wp-content\\\/uploads\\\/2025\\\/11\\\/cropped-MEMURUN-SESI.png\",\"contentUrl\":\"https:\\\/\\\/memurunsesi.net\\\/wp-content\\\/uploads\\\/2025\\\/11\\\/cropped-MEMURUN-SESI.png\",\"width\":238,\"height\":57,\"caption\":\"Memurun Sesi\"},\"image\":{\"@id\":\"https:\\\/\\\/memurunsesi.net\\\/#\\\/schema\\\/logo\\\/image\\\/\"},\"sameAs\":[\"https:\\\/\\\/www.facebook.com\\\/unipersen\\\/?locale=tr_TR\",\"https:\\\/\\\/x.com\\\/unipersen\"]},{\"@type\":\"Person\",\"@id\":\"https:\\\/\\\/memurunsesi.net\\\/#\\\/schema\\\/person\\\/f21c2d73b89f6ee1d80b0a1803e38587\",\"name\":\"Memurun Sesi Haber Merkezi\",\"image\":{\"@type\":\"ImageObject\",\"inLanguage\":\"tr\",\"@id\":\"https:\\\/\\\/secure.gravatar.com\\\/avatar\\\/6cf0505f452ee753f485014986fab09a434671d2b919ee76fc541025c5876a70?s=96&d=mm&r=g\",\"url\":\"https:\\\/\\\/secure.gravatar.com\\\/avatar\\\/6cf0505f452ee753f485014986fab09a434671d2b919ee76fc541025c5876a70?s=96&d=mm&r=g\",\"contentUrl\":\"https:\\\/\\\/secure.gravatar.com\\\/avatar\\\/6cf0505f452ee753f485014986fab09a434671d2b919ee76fc541025c5876a70?s=96&d=mm&r=g\",\"caption\":\"Memurun Sesi Haber Merkezi\"},\"sameAs\":[\"https:\\\/\\\/memurunsesi.net\"],\"url\":\"https:\\\/\\\/memurunsesi.net\\\/index.php\\\/author\\\/uniper\\\/\"}]}<\/script>\n<!-- \/ Yoast SEO plugin. -->","yoast_head_json":{"title":"ABD\u2019de kalk\u0131\u015fa haz\u0131rlanan u\u00e7a\u011f\u0131n motoru alev ald\u0131: 282 yolcu tahliye edildi - Memurun Sesi","robots":{"index":"index","follow":"follow","max-snippet":"max-snippet:-1","max-image-preview":"max-image-preview:large","max-video-preview":"max-video-preview:-1"},"canonical":"https:\/\/memurunsesi.net\/index.php\/2025\/04\/22\/abdde-kalkisa-hazirlanan-ucagin-motoru-alev-aldi-282-yolcu-tahliye-edildi\/","og_locale":"tr_TR","og_type":"article","og_title":"ABD\u2019de kalk\u0131\u015fa haz\u0131rlanan u\u00e7a\u011f\u0131n motoru alev ald\u0131: 282 yolcu tahliye edildi - Memurun Sesi","og_description":"ABD\u2019nin Florida eyaletindeki Orlando Uluslararas\u0131 Havaliman\u0131&#8217;ndan kalk\u0131\u015fa haz\u0131rlanan bir yolcu u\u00e7a\u011f\u0131n\u0131n motoru alev ald\u0131. U\u00e7aktaki 282 yolcu acil durum kayd\u0131raklar\u0131 ile tahliye edilirken, olayda \u00f6len ya da yaralanan olmad\u0131. ABD\u2019nin Florida eyaletindeki Orlando Uluslararas\u0131 Havaliman\u0131&#8217;nda korku dolu anlar ya\u015fand\u0131. Kalk\u0131\u015fa haz\u0131rlanan bir yolcu u\u00e7a\u011f\u0131n\u0131n motorunun alev almas\u0131 sonucu u\u00e7aktakiler tahliye edildi. ABD Federal Havac\u0131l\u0131k \u0130daresi\u2019nden [&hellip;]","og_url":"https:\/\/memurunsesi.net\/index.php\/2025\/04\/22\/abdde-kalkisa-hazirlanan-ucagin-motoru-alev-aldi-282-yolcu-tahliye-edildi\/","og_site_name":"Memurun Sesi","article_publisher":"https:\/\/www.facebook.com\/unipersen\/?locale=tr_TR","article_published_time":"2025-04-22T05:28:14+00:00","og_image":[{"width":768,"height":544,"url":"https:\/\/memurunsesi.net\/wp-content\/uploads\/2025\/04\/AW437924_01.jpg","type":"image\/jpeg"}],"author":"Memurun Sesi Haber Merkezi","twitter_card":"summary_large_image","twitter_creator":"@unipersen","twitter_site":"@unipersen","twitter_misc":{"Yazan:":"Memurun Sesi Haber Merkezi","Tahmini okuma s\u00fcresi":"1 dakika"},"schema":{"@context":"https:\/\/schema.org","@graph":[{"@type":"Article","@id":"https:\/\/memurunsesi.net\/index.php\/2025\/04\/22\/abdde-kalkisa-hazirlanan-ucagin-motoru-alev-aldi-282-yolcu-tahliye-edildi\/#article","isPartOf":{"@id":"https:\/\/memurunsesi.net\/index.php\/2025\/04\/22\/abdde-kalkisa-hazirlanan-ucagin-motoru-alev-aldi-282-yolcu-tahliye-edildi\/"},"author":{"name":"Memurun Sesi Haber Merkezi","@id":"https:\/\/memurunsesi.net\/#\/schema\/person\/f21c2d73b89f6ee1d80b0a1803e38587"},"headline":"ABD\u2019de kalk\u0131\u015fa haz\u0131rlanan u\u00e7a\u011f\u0131n motoru alev ald\u0131: 282 yolcu tahliye edildi","datePublished":"2025-04-22T05:28:14+00:00","mainEntityOfPage":{"@id":"https:\/\/memurunsesi.net\/index.php\/2025\/04\/22\/abdde-kalkisa-hazirlanan-ucagin-motoru-alev-aldi-282-yolcu-tahliye-edildi\/"},"wordCount":371,"commentCount":0,"publisher":{"@id":"https:\/\/memurunsesi.net\/#organization"},"image":{"@id":"https:\/\/memurunsesi.net\/index.php\/2025\/04\/22\/abdde-kalkisa-hazirlanan-ucagin-motoru-alev-aldi-282-yolcu-tahliye-edildi\/#primaryimage"},"thumbnailUrl":"https:\/\/memurunsesi.net\/wp-content\/uploads\/2025\/04\/AW437924_01.jpg","inLanguage":"tr","potentialAction":[{"@type":"CommentAction","name":"Comment","target":["https:\/\/memurunsesi.net\/index.php\/2025\/04\/22\/abdde-kalkisa-hazirlanan-ucagin-motoru-alev-aldi-282-yolcu-tahliye-edildi\/#respond"]}]},{"@type":"WebPage","@id":"https:\/\/memurunsesi.net\/index.php\/2025\/04\/22\/abdde-kalkisa-hazirlanan-ucagin-motoru-alev-aldi-282-yolcu-tahliye-edildi\/","url":"https:\/\/memurunsesi.net\/index.php\/2025\/04\/22\/abdde-kalkisa-hazirlanan-ucagin-motoru-alev-aldi-282-yolcu-tahliye-edildi\/","name":"ABD\u2019de kalk\u0131\u015fa haz\u0131rlanan u\u00e7a\u011f\u0131n motoru alev ald\u0131: 282 yolcu tahliye edildi - Memurun Sesi","isPartOf":{"@id":"https:\/\/memurunsesi.net\/#website"},"primaryImageOfPage":{"@id":"https:\/\/memurunsesi.net\/index.php\/2025\/04\/22\/abdde-kalkisa-hazirlanan-ucagin-motoru-alev-aldi-282-yolcu-tahliye-edildi\/#primaryimage"},"image":{"@id":"https:\/\/memurunsesi.net\/index.php\/2025\/04\/22\/abdde-kalkisa-hazirlanan-ucagin-motoru-alev-aldi-282-yolcu-tahliye-edildi\/#primaryimage"},"thumbnailUrl":"https:\/\/memurunsesi.net\/wp-content\/uploads\/2025\/04\/AW437924_01.jpg","datePublished":"2025-04-22T05:28:14+00:00","breadcrumb":{"@id":"https:\/\/memurunsesi.net\/index.php\/2025\/04\/22\/abdde-kalkisa-hazirlanan-ucagin-motoru-alev-aldi-282-yolcu-tahliye-edildi\/#breadcrumb"},"inLanguage":"tr","potentialAction":[{"@type":"ReadAction","target":["https:\/\/memurunsesi.net\/index.php\/2025\/04\/22\/abdde-kalkisa-hazirlanan-ucagin-motoru-alev-aldi-282-yolcu-tahliye-edildi\/"]}]},{"@type":"ImageObject","inLanguage":"tr","@id":"https:\/\/memurunsesi.net\/index.php\/2025\/04\/22\/abdde-kalkisa-hazirlanan-ucagin-motoru-alev-aldi-282-yolcu-tahliye-edildi\/#primaryimage","url":"https:\/\/memurunsesi.net\/wp-content\/uploads\/2025\/04\/AW437924_01.jpg","contentUrl":"https:\/\/memurunsesi.net\/wp-content\/uploads\/2025\/04\/AW437924_01.jpg","width":768,"height":544,"caption":"ABD'DE KALKI\u015eA HAZIRLANAN U\u00c7A\u011eIN MOTORU ALEV ALDI: 282 YOLCU TAHL\u0130YE ED\u0130LD\u0130 (\u0130HA\/ORLANDO-\u0130HA) ABD'nin Florida eyaletindeki Orlando Uluslararas\u0131 Havaliman\u0131'ndan kalk\u0131\u015fa haz\u0131rlanan bir yolcu u\u00e7a\u011f\u0131n\u0131n motoru alev ald\u0131. U\u00e7aktaki 282 yolcu acil durum kayd\u0131raklar\u0131 ile tahliye edilirken, olayda \u00f6len ya da yaralanan olmad\u0131."},{"@type":"BreadcrumbList","@id":"https:\/\/memurunsesi.net\/index.php\/2025\/04\/22\/abdde-kalkisa-hazirlanan-ucagin-motoru-alev-aldi-282-yolcu-tahliye-edildi\/#breadcrumb","itemListElement":[{"@type":"ListItem","position":1,"name":"Anasayfa","item":"https:\/\/memurunsesi.net\/"},{"@type":"ListItem","position":2,"name":"ABD\u2019de kalk\u0131\u015fa haz\u0131rlanan u\u00e7a\u011f\u0131n motoru alev ald\u0131: 282 yolcu tahliye edildi"}]},{"@type":"WebSite","@id":"https:\/\/memurunsesi.net\/#website","url":"https:\/\/memurunsesi.net\/","name":"Memurun Sesi","description":"G\u00fcncel ve Do\u011fru Haber","publisher":{"@id":"https:\/\/memurunsesi.net\/#organization"},"potentialAction":[{"@type":"SearchAction","target":{"@type":"EntryPoint","urlTemplate":"https:\/\/memurunsesi.net\/?s={search_term_string}"},"query-input":{"@type":"PropertyValueSpecification","valueRequired":true,"valueName":"search_term_string"}}],"inLanguage":"tr"},{"@type":"Organization","@id":"https:\/\/memurunsesi.net\/#organization","name":"Memurun Sesi","url":"https:\/\/memurunsesi.net\/","logo":{"@type":"ImageObject","inLanguage":"tr","@id":"https:\/\/memurunsesi.net\/#\/schema\/logo\/image\/","url":"https:\/\/memurunsesi.net\/wp-content\/uploads\/2025\/11\/cropped-MEMURUN-SESI.png","contentUrl":"https:\/\/memurunsesi.net\/wp-content\/uploads\/2025\/11\/cropped-MEMURUN-SESI.png","width":238,"height":57,"caption":"Memurun Sesi"},"image":{"@id":"https:\/\/memurunsesi.net\/#\/schema\/logo\/image\/"},"sameAs":["https:\/\/www.facebook.com\/unipersen\/?locale=tr_TR","https:\/\/x.com\/unipersen"]},{"@type":"Person","@id":"https:\/\/memurunsesi.net\/#\/schema\/person\/f21c2d73b89f6ee1d80b0a1803e38587","name":"Memurun Sesi Haber Merkezi","image":{"@type":"ImageObject","inLanguage":"tr","@id":"https:\/\/secure.gravatar.com\/avatar\/6cf0505f452ee753f485014986fab09a434671d2b919ee76fc541025c5876a70?s=96&d=mm&r=g","url":"https:\/\/secure.gravatar.com\/avatar\/6cf0505f452ee753f485014986fab09a434671d2b919ee76fc541025c5876a70?s=96&d=mm&r=g","contentUrl":"https:\/\/secure.gravatar.com\/avatar\/6cf0505f452ee753f485014986fab09a434671d2b919ee76fc541025c5876a70?s=96&d=mm&r=g","caption":"Memurun Sesi Haber Merkezi"},"sameAs":["https:\/\/memurunsesi.net"],"url":"https:\/\/memurunsesi.net\/index.php\/author\/uniper\/"}]}},"_links":{"self":[{"href":"https:\/\/memurunsesi.net\/index.php\/wp-json\/wp\/v2\/posts\/5753","targetHints":{"allow":["GET"]}}],"collection":[{"href":"https:\/\/memurunsesi.net\/index.php\/wp-json\/wp\/v2\/posts"}],"about":[{"href":"https:\/\/memurunsesi.net\/index.php\/wp-json\/wp\/v2\/types\/post"}],"author":[{"embeddable":true,"href":"https:\/\/memurunsesi.net\/index.php\/wp-json\/wp\/v2\/users\/1"}],"replies":[{"embeddable":true,"href":"https:\/\/memurunsesi.net\/index.php\/wp-json\/wp\/v2\/comments?post=5753"}],"version-history":[{"count":1,"href":"https:\/\/memurunsesi.net\/index.php\/wp-json\/wp\/v2\/posts\/5753\/revisions"}],"predecessor-version":[{"id":5755,"href":"https:\/\/memurunsesi.net\/index.php\/wp-json\/wp\/v2\/posts\/5753\/revisions\/5755"}],"wp:featuredmedia":[{"embeddable":true,"href":"https:\/\/memurunsesi.net\/index.php\/wp-json\/wp\/v2\/media\/5754"}],"wp:attachment":[{"href":"https:\/\/memurunsesi.net\/index.php\/wp-json\/wp\/v2\/media?parent=5753"}],"wp:term":[{"taxonomy":"category","embeddable":true,"href":"https:\/\/memurunsesi.net\/index.php\/wp-json\/wp\/v2\/categories?post=5753"},{"taxonomy":"post_tag","embeddable":true,"href":"https:\/\/memurunsesi.net\/index.php\/wp-json\/wp\/v2\/tags?post=5753"}],"curies":[{"name":"wp","href":"https:\/\/api.w.org\/{rel}","templated":true}]}}