{"id":5756,"date":"2025-04-22T08:29:42","date_gmt":"2025-04-22T05:29:42","guid":{"rendered":"https:\/\/memurunsesi.net\/?p=5756"},"modified":"2025-04-22T08:29:42","modified_gmt":"2025-04-22T05:29:42","slug":"ankarada-iki-aracin-karistigi-trafik-kazasinda-2si-agir-6-kisi-yaralandi","status":"publish","type":"post","link":"https:\/\/memurunsesi.net\/index.php\/2025\/04\/22\/ankarada-iki-aracin-karistigi-trafik-kazasinda-2si-agir-6-kisi-yaralandi\/","title":{"rendered":"Ankara&#8217;da iki arac\u0131n kar\u0131\u015ft\u0131\u011f\u0131 trafik kazas\u0131nda 2\u2019si a\u011f\u0131r 6 ki\u015fi yaraland\u0131"},"content":{"rendered":"<p>  Ankara\u2019n\u0131n Mamak il\u00e7esinde iki arac\u0131n \u00e7arp\u0131\u015ft\u0131\u011f\u0131 trafik kazas\u0131nda 6 ki\u015fi yaraland\u0131. Yaral\u0131lardan ikisinin durumunun a\u011f\u0131r oldu\u011fu \u00f6\u011frenildi.<br \/>\nEdinilen bilgilere g\u00f6re, kaza ak\u015fam saatlerinde s\u0131ralar\u0131nda Mamak il\u00e7esine ba\u011fl\u0131 Bo\u011fazi\u00e7i Mahallesi\u2019nde meydana geldi. 19 May\u0131s Bulvar\u0131\u2019ndan merkez istikametine do\u011fru seyir halinde olan ve s\u00fcr\u00fcc\u00fcs\u00fcn\u00fcn makas atarak ilerledi\u011fi iddia edilen 20 GG 341 plakal\u0131 otomobil, ayn\u0131 y\u00f6nde ilerleyen 78 BF 355 plakal\u0131 ara\u00e7 ile \u00e7arp\u0131\u015ft\u0131. \u00c7evredeki vatanda\u015flar\u0131n ihbar\u0131 \u00fczerine olay yerine polis, itfaiye ve sa\u011fl\u0131k ekipleri sevk edildi. Polis ekipleri yolda trafi\u011fi durdurarak g\u00fcvenlik \u00f6nlemleri ald\u0131. \u00c7arp\u0131\u015fman\u0131n etkisiyle yol kenar\u0131na do\u011fru savrulan otomobillerde bulunan, H.P. (25), Y.B. (23), U.B. (20), A.A. (45) H.C. (53) ve \u0130.E. (17) yaraland\u0131. Yaral\u0131lar, olay yerine gelen sa\u011fl\u0131k ekiplerinin ilk m\u00fcdahalesinin ard\u0131ndan ambulanslarla \u00e7evre hastanelere g\u00f6t\u00fcr\u00fcld\u00fc. Yaral\u0131lardan H.P. ve Y.B.\u2019nin durumunun a\u011f\u0131r oldu\u011fu \u00f6\u011frenildi. Kazayla ilgili soru\u015fturma ba\u015flat\u0131ld\u0131. <\/p>\n<p>22.04.2025                               <\/p>\n","protected":false},"excerpt":{"rendered":"<p>Ankara\u2019n\u0131n Mamak il\u00e7esinde iki arac\u0131n \u00e7arp\u0131\u015ft\u0131\u011f\u0131 trafik kazas\u0131nda 6 ki\u015fi yaraland\u0131. Yaral\u0131lardan ikisinin durumunun a\u011f\u0131r oldu\u011fu \u00f6\u011frenildi. Edinilen bilgilere g\u00f6re, kaza ak\u015fam saatlerinde s\u0131ralar\u0131nda Mamak il\u00e7esine ba\u011fl\u0131 Bo\u011fazi\u00e7i Mahallesi\u2019nde meydana geldi. 19 May\u0131s Bulvar\u0131\u2019ndan merkez istikametine do\u011fru seyir halinde olan ve s\u00fcr\u00fcc\u00fcs\u00fcn\u00fcn makas atarak ilerledi\u011fi iddia edilen 20 GG 341 plakal\u0131 otomobil, ayn\u0131 y\u00f6nde ilerleyen [&hellip;]<\/p>\n","protected":false},"author":1,"featured_media":5757,"comment_status":"open","ping_status":"open","sticky":false,"template":"","format":"standard","meta":{"footnotes":""},"categories":[45],"tags":[],"class_list":["post-5756","post","type-post","status-publish","format-standard","has-post-thumbnail","hentry","category-gundem"],"yoast_head":"<!-- This site is optimized with the Yoast SEO plugin v27.4 - https:\/\/yoast.com\/product\/yoast-seo-wordpress\/ -->\n<title>Ankara&#039;da iki arac\u0131n kar\u0131\u015ft\u0131\u011f\u0131 trafik kazas\u0131nda 2\u2019si a\u011f\u0131r 6 ki\u015fi yaraland\u0131 - Memurun Sesi<\/title>\n<meta name=\"robots\" content=\"index, follow, max-snippet:-1, max-image-preview:large, max-video-preview:-1\" \/>\n<link rel=\"canonical\" href=\"https:\/\/memurunsesi.net\/index.php\/2025\/04\/22\/ankarada-iki-aracin-karistigi-trafik-kazasinda-2si-agir-6-kisi-yaralandi\/\" \/>\n<meta property=\"og:locale\" content=\"tr_TR\" \/>\n<meta property=\"og:type\" content=\"article\" \/>\n<meta property=\"og:title\" content=\"Ankara&#039;da iki arac\u0131n kar\u0131\u015ft\u0131\u011f\u0131 trafik kazas\u0131nda 2\u2019si a\u011f\u0131r 6 ki\u015fi yaraland\u0131 - Memurun Sesi\" \/>\n<meta property=\"og:description\" content=\"Ankara\u2019n\u0131n Mamak il\u00e7esinde iki arac\u0131n \u00e7arp\u0131\u015ft\u0131\u011f\u0131 trafik kazas\u0131nda 6 ki\u015fi yaraland\u0131. Yaral\u0131lardan ikisinin durumunun a\u011f\u0131r oldu\u011fu \u00f6\u011frenildi. Edinilen bilgilere g\u00f6re, kaza ak\u015fam saatlerinde s\u0131ralar\u0131nda Mamak il\u00e7esine ba\u011fl\u0131 Bo\u011fazi\u00e7i Mahallesi\u2019nde meydana geldi. 19 May\u0131s Bulvar\u0131\u2019ndan merkez istikametine do\u011fru seyir halinde olan ve s\u00fcr\u00fcc\u00fcs\u00fcn\u00fcn makas atarak ilerledi\u011fi iddia edilen 20 GG 341 plakal\u0131 otomobil, ayn\u0131 y\u00f6nde ilerleyen [&hellip;]\" \/>\n<meta property=\"og:url\" content=\"https:\/\/memurunsesi.net\/index.php\/2025\/04\/22\/ankarada-iki-aracin-karistigi-trafik-kazasinda-2si-agir-6-kisi-yaralandi\/\" \/>\n<meta property=\"og:site_name\" content=\"Memurun Sesi\" \/>\n<meta property=\"article:publisher\" content=\"https:\/\/www.facebook.com\/unipersen\/?locale=tr_TR\" \/>\n<meta property=\"article:published_time\" content=\"2025-04-22T05:29:42+00:00\" \/>\n<meta property=\"og:image\" content=\"https:\/\/memurunsesi.net\/wp-content\/uploads\/2025\/04\/AW437923_01.jpg\" \/>\n\t<meta property=\"og:image:width\" content=\"1600\" \/>\n\t<meta property=\"og:image:height\" content=\"1200\" \/>\n\t<meta property=\"og:image:type\" content=\"image\/jpeg\" \/>\n<meta name=\"author\" content=\"Memurun Sesi Haber Merkezi\" \/>\n<meta name=\"twitter:card\" content=\"summary_large_image\" \/>\n<meta name=\"twitter:creator\" content=\"@unipersen\" \/>\n<meta name=\"twitter:site\" content=\"@unipersen\" \/>\n<meta name=\"twitter:label1\" content=\"Yazan:\" \/>\n\t<meta name=\"twitter:data1\" content=\"Memurun Sesi Haber Merkezi\" \/>\n\t<meta name=\"twitter:label2\" content=\"Tahmini okuma s\u00fcresi\" \/>\n\t<meta name=\"twitter:data2\" content=\"1 dakika\" \/>\n<script type=\"application\/ld+json\" class=\"yoast-schema-graph\">{\"@context\":\"https:\\\/\\\/schema.org\",\"@graph\":[{\"@type\":\"Article\",\"@id\":\"https:\\\/\\\/memurunsesi.net\\\/index.php\\\/2025\\\/04\\\/22\\\/ankarada-iki-aracin-karistigi-trafik-kazasinda-2si-agir-6-kisi-yaralandi\\\/#article\",\"isPartOf\":{\"@id\":\"https:\\\/\\\/memurunsesi.net\\\/index.php\\\/2025\\\/04\\\/22\\\/ankarada-iki-aracin-karistigi-trafik-kazasinda-2si-agir-6-kisi-yaralandi\\\/\"},\"author\":{\"name\":\"Memurun Sesi Haber Merkezi\",\"@id\":\"https:\\\/\\\/memurunsesi.net\\\/#\\\/schema\\\/person\\\/f21c2d73b89f6ee1d80b0a1803e38587\"},\"headline\":\"Ankara&#8217;da iki arac\u0131n kar\u0131\u015ft\u0131\u011f\u0131 trafik kazas\u0131nda 2\u2019si a\u011f\u0131r 6 ki\u015fi yaraland\u0131\",\"datePublished\":\"2025-04-22T05:29:42+00:00\",\"mainEntityOfPage\":{\"@id\":\"https:\\\/\\\/memurunsesi.net\\\/index.php\\\/2025\\\/04\\\/22\\\/ankarada-iki-aracin-karistigi-trafik-kazasinda-2si-agir-6-kisi-yaralandi\\\/\"},\"wordCount\":196,\"commentCount\":0,\"publisher\":{\"@id\":\"https:\\\/\\\/memurunsesi.net\\\/#organization\"},\"image\":{\"@id\":\"https:\\\/\\\/memurunsesi.net\\\/index.php\\\/2025\\\/04\\\/22\\\/ankarada-iki-aracin-karistigi-trafik-kazasinda-2si-agir-6-kisi-yaralandi\\\/#primaryimage\"},\"thumbnailUrl\":\"https:\\\/\\\/memurunsesi.net\\\/wp-content\\\/uploads\\\/2025\\\/04\\\/AW437923_01.jpg\",\"articleSection\":[\"G\u00fcndem\"],\"inLanguage\":\"tr\",\"potentialAction\":[{\"@type\":\"CommentAction\",\"name\":\"Comment\",\"target\":[\"https:\\\/\\\/memurunsesi.net\\\/index.php\\\/2025\\\/04\\\/22\\\/ankarada-iki-aracin-karistigi-trafik-kazasinda-2si-agir-6-kisi-yaralandi\\\/#respond\"]}]},{\"@type\":\"WebPage\",\"@id\":\"https:\\\/\\\/memurunsesi.net\\\/index.php\\\/2025\\\/04\\\/22\\\/ankarada-iki-aracin-karistigi-trafik-kazasinda-2si-agir-6-kisi-yaralandi\\\/\",\"url\":\"https:\\\/\\\/memurunsesi.net\\\/index.php\\\/2025\\\/04\\\/22\\\/ankarada-iki-aracin-karistigi-trafik-kazasinda-2si-agir-6-kisi-yaralandi\\\/\",\"name\":\"Ankara'da iki arac\u0131n kar\u0131\u015ft\u0131\u011f\u0131 trafik kazas\u0131nda 2\u2019si a\u011f\u0131r 6 ki\u015fi yaraland\u0131 - Memurun Sesi\",\"isPartOf\":{\"@id\":\"https:\\\/\\\/memurunsesi.net\\\/#website\"},\"primaryImageOfPage\":{\"@id\":\"https:\\\/\\\/memurunsesi.net\\\/index.php\\\/2025\\\/04\\\/22\\\/ankarada-iki-aracin-karistigi-trafik-kazasinda-2si-agir-6-kisi-yaralandi\\\/#primaryimage\"},\"image\":{\"@id\":\"https:\\\/\\\/memurunsesi.net\\\/index.php\\\/2025\\\/04\\\/22\\\/ankarada-iki-aracin-karistigi-trafik-kazasinda-2si-agir-6-kisi-yaralandi\\\/#primaryimage\"},\"thumbnailUrl\":\"https:\\\/\\\/memurunsesi.net\\\/wp-content\\\/uploads\\\/2025\\\/04\\\/AW437923_01.jpg\",\"datePublished\":\"2025-04-22T05:29:42+00:00\",\"breadcrumb\":{\"@id\":\"https:\\\/\\\/memurunsesi.net\\\/index.php\\\/2025\\\/04\\\/22\\\/ankarada-iki-aracin-karistigi-trafik-kazasinda-2si-agir-6-kisi-yaralandi\\\/#breadcrumb\"},\"inLanguage\":\"tr\",\"potentialAction\":[{\"@type\":\"ReadAction\",\"target\":[\"https:\\\/\\\/memurunsesi.net\\\/index.php\\\/2025\\\/04\\\/22\\\/ankarada-iki-aracin-karistigi-trafik-kazasinda-2si-agir-6-kisi-yaralandi\\\/\"]}]},{\"@type\":\"ImageObject\",\"inLanguage\":\"tr\",\"@id\":\"https:\\\/\\\/memurunsesi.net\\\/index.php\\\/2025\\\/04\\\/22\\\/ankarada-iki-aracin-karistigi-trafik-kazasinda-2si-agir-6-kisi-yaralandi\\\/#primaryimage\",\"url\":\"https:\\\/\\\/memurunsesi.net\\\/wp-content\\\/uploads\\\/2025\\\/04\\\/AW437923_01.jpg\",\"contentUrl\":\"https:\\\/\\\/memurunsesi.net\\\/wp-content\\\/uploads\\\/2025\\\/04\\\/AW437923_01.jpg\",\"width\":1600,\"height\":1200,\"caption\":\"ANKARA'NIN MAMAK \u0130L\u00c7ES\u0130NDE \u0130K\u0130 ARACIN KARI\u015eTI\u011eI TRAF\u0130K KAZASINDA 6 K\u0130\u015e\u0130 YARALANDI. YARALILARDAN \u0130K\u0130S\u0130N\u0130N DURUMUNUN A\u011eIR OLDU\u011eU \u00d6\u011eREN\u0130LD\u0130. (FURKAN DO\u011eAN - MUSA ERDO\u011eAN\\\/ANKARA-\u0130HA) Ankara'n\u0131n Mamak il\u00e7esinde iki arac\u0131n \u00e7arp\u0131\u015ft\u0131\u011f\u0131 trafik kazas\u0131nda 6 ki\u015fi yaraland\u0131. Yaral\u0131lardan ikisinin durumunun a\u011f\u0131r oldu\u011fu \u00f6\u011frenildi.\"},{\"@type\":\"BreadcrumbList\",\"@id\":\"https:\\\/\\\/memurunsesi.net\\\/index.php\\\/2025\\\/04\\\/22\\\/ankarada-iki-aracin-karistigi-trafik-kazasinda-2si-agir-6-kisi-yaralandi\\\/#breadcrumb\",\"itemListElement\":[{\"@type\":\"ListItem\",\"position\":1,\"name\":\"Anasayfa\",\"item\":\"https:\\\/\\\/memurunsesi.net\\\/\"},{\"@type\":\"ListItem\",\"position\":2,\"name\":\"Ankara&#8217;da iki arac\u0131n kar\u0131\u015ft\u0131\u011f\u0131 trafik kazas\u0131nda 2\u2019si a\u011f\u0131r 6 ki\u015fi yaraland\u0131\"}]},{\"@type\":\"WebSite\",\"@id\":\"https:\\\/\\\/memurunsesi.net\\\/#website\",\"url\":\"https:\\\/\\\/memurunsesi.net\\\/\",\"name\":\"Memurun Sesi\",\"description\":\"G\u00fcncel ve Do\u011fru Haber\",\"publisher\":{\"@id\":\"https:\\\/\\\/memurunsesi.net\\\/#organization\"},\"potentialAction\":[{\"@type\":\"SearchAction\",\"target\":{\"@type\":\"EntryPoint\",\"urlTemplate\":\"https:\\\/\\\/memurunsesi.net\\\/?s={search_term_string}\"},\"query-input\":{\"@type\":\"PropertyValueSpecification\",\"valueRequired\":true,\"valueName\":\"search_term_string\"}}],\"inLanguage\":\"tr\"},{\"@type\":\"Organization\",\"@id\":\"https:\\\/\\\/memurunsesi.net\\\/#organization\",\"name\":\"Memurun Sesi\",\"url\":\"https:\\\/\\\/memurunsesi.net\\\/\",\"logo\":{\"@type\":\"ImageObject\",\"inLanguage\":\"tr\",\"@id\":\"https:\\\/\\\/memurunsesi.net\\\/#\\\/schema\\\/logo\\\/image\\\/\",\"url\":\"https:\\\/\\\/memurunsesi.net\\\/wp-content\\\/uploads\\\/2025\\\/11\\\/cropped-MEMURUN-SESI.png\",\"contentUrl\":\"https:\\\/\\\/memurunsesi.net\\\/wp-content\\\/uploads\\\/2025\\\/11\\\/cropped-MEMURUN-SESI.png\",\"width\":238,\"height\":57,\"caption\":\"Memurun Sesi\"},\"image\":{\"@id\":\"https:\\\/\\\/memurunsesi.net\\\/#\\\/schema\\\/logo\\\/image\\\/\"},\"sameAs\":[\"https:\\\/\\\/www.facebook.com\\\/unipersen\\\/?locale=tr_TR\",\"https:\\\/\\\/x.com\\\/unipersen\"]},{\"@type\":\"Person\",\"@id\":\"https:\\\/\\\/memurunsesi.net\\\/#\\\/schema\\\/person\\\/f21c2d73b89f6ee1d80b0a1803e38587\",\"name\":\"Memurun Sesi Haber Merkezi\",\"image\":{\"@type\":\"ImageObject\",\"inLanguage\":\"tr\",\"@id\":\"https:\\\/\\\/secure.gravatar.com\\\/avatar\\\/6cf0505f452ee753f485014986fab09a434671d2b919ee76fc541025c5876a70?s=96&d=mm&r=g\",\"url\":\"https:\\\/\\\/secure.gravatar.com\\\/avatar\\\/6cf0505f452ee753f485014986fab09a434671d2b919ee76fc541025c5876a70?s=96&d=mm&r=g\",\"contentUrl\":\"https:\\\/\\\/secure.gravatar.com\\\/avatar\\\/6cf0505f452ee753f485014986fab09a434671d2b919ee76fc541025c5876a70?s=96&d=mm&r=g\",\"caption\":\"Memurun Sesi Haber Merkezi\"},\"sameAs\":[\"https:\\\/\\\/memurunsesi.net\"],\"url\":\"https:\\\/\\\/memurunsesi.net\\\/index.php\\\/author\\\/uniper\\\/\"}]}<\/script>\n<!-- \/ Yoast SEO plugin. -->","yoast_head_json":{"title":"Ankara'da iki arac\u0131n kar\u0131\u015ft\u0131\u011f\u0131 trafik kazas\u0131nda 2\u2019si a\u011f\u0131r 6 ki\u015fi yaraland\u0131 - Memurun Sesi","robots":{"index":"index","follow":"follow","max-snippet":"max-snippet:-1","max-image-preview":"max-image-preview:large","max-video-preview":"max-video-preview:-1"},"canonical":"https:\/\/memurunsesi.net\/index.php\/2025\/04\/22\/ankarada-iki-aracin-karistigi-trafik-kazasinda-2si-agir-6-kisi-yaralandi\/","og_locale":"tr_TR","og_type":"article","og_title":"Ankara'da iki arac\u0131n kar\u0131\u015ft\u0131\u011f\u0131 trafik kazas\u0131nda 2\u2019si a\u011f\u0131r 6 ki\u015fi yaraland\u0131 - Memurun Sesi","og_description":"Ankara\u2019n\u0131n Mamak il\u00e7esinde iki arac\u0131n \u00e7arp\u0131\u015ft\u0131\u011f\u0131 trafik kazas\u0131nda 6 ki\u015fi yaraland\u0131. Yaral\u0131lardan ikisinin durumunun a\u011f\u0131r oldu\u011fu \u00f6\u011frenildi. Edinilen bilgilere g\u00f6re, kaza ak\u015fam saatlerinde s\u0131ralar\u0131nda Mamak il\u00e7esine ba\u011fl\u0131 Bo\u011fazi\u00e7i Mahallesi\u2019nde meydana geldi. 19 May\u0131s Bulvar\u0131\u2019ndan merkez istikametine do\u011fru seyir halinde olan ve s\u00fcr\u00fcc\u00fcs\u00fcn\u00fcn makas atarak ilerledi\u011fi iddia edilen 20 GG 341 plakal\u0131 otomobil, ayn\u0131 y\u00f6nde ilerleyen [&hellip;]","og_url":"https:\/\/memurunsesi.net\/index.php\/2025\/04\/22\/ankarada-iki-aracin-karistigi-trafik-kazasinda-2si-agir-6-kisi-yaralandi\/","og_site_name":"Memurun Sesi","article_publisher":"https:\/\/www.facebook.com\/unipersen\/?locale=tr_TR","article_published_time":"2025-04-22T05:29:42+00:00","og_image":[{"width":1600,"height":1200,"url":"https:\/\/memurunsesi.net\/wp-content\/uploads\/2025\/04\/AW437923_01.jpg","type":"image\/jpeg"}],"author":"Memurun Sesi Haber Merkezi","twitter_card":"summary_large_image","twitter_creator":"@unipersen","twitter_site":"@unipersen","twitter_misc":{"Yazan:":"Memurun Sesi Haber Merkezi","Tahmini okuma s\u00fcresi":"1 dakika"},"schema":{"@context":"https:\/\/schema.org","@graph":[{"@type":"Article","@id":"https:\/\/memurunsesi.net\/index.php\/2025\/04\/22\/ankarada-iki-aracin-karistigi-trafik-kazasinda-2si-agir-6-kisi-yaralandi\/#article","isPartOf":{"@id":"https:\/\/memurunsesi.net\/index.php\/2025\/04\/22\/ankarada-iki-aracin-karistigi-trafik-kazasinda-2si-agir-6-kisi-yaralandi\/"},"author":{"name":"Memurun Sesi Haber Merkezi","@id":"https:\/\/memurunsesi.net\/#\/schema\/person\/f21c2d73b89f6ee1d80b0a1803e38587"},"headline":"Ankara&#8217;da iki arac\u0131n kar\u0131\u015ft\u0131\u011f\u0131 trafik kazas\u0131nda 2\u2019si a\u011f\u0131r 6 ki\u015fi yaraland\u0131","datePublished":"2025-04-22T05:29:42+00:00","mainEntityOfPage":{"@id":"https:\/\/memurunsesi.net\/index.php\/2025\/04\/22\/ankarada-iki-aracin-karistigi-trafik-kazasinda-2si-agir-6-kisi-yaralandi\/"},"wordCount":196,"commentCount":0,"publisher":{"@id":"https:\/\/memurunsesi.net\/#organization"},"image":{"@id":"https:\/\/memurunsesi.net\/index.php\/2025\/04\/22\/ankarada-iki-aracin-karistigi-trafik-kazasinda-2si-agir-6-kisi-yaralandi\/#primaryimage"},"thumbnailUrl":"https:\/\/memurunsesi.net\/wp-content\/uploads\/2025\/04\/AW437923_01.jpg","articleSection":["G\u00fcndem"],"inLanguage":"tr","potentialAction":[{"@type":"CommentAction","name":"Comment","target":["https:\/\/memurunsesi.net\/index.php\/2025\/04\/22\/ankarada-iki-aracin-karistigi-trafik-kazasinda-2si-agir-6-kisi-yaralandi\/#respond"]}]},{"@type":"WebPage","@id":"https:\/\/memurunsesi.net\/index.php\/2025\/04\/22\/ankarada-iki-aracin-karistigi-trafik-kazasinda-2si-agir-6-kisi-yaralandi\/","url":"https:\/\/memurunsesi.net\/index.php\/2025\/04\/22\/ankarada-iki-aracin-karistigi-trafik-kazasinda-2si-agir-6-kisi-yaralandi\/","name":"Ankara'da iki arac\u0131n kar\u0131\u015ft\u0131\u011f\u0131 trafik kazas\u0131nda 2\u2019si a\u011f\u0131r 6 ki\u015fi yaraland\u0131 - Memurun Sesi","isPartOf":{"@id":"https:\/\/memurunsesi.net\/#website"},"primaryImageOfPage":{"@id":"https:\/\/memurunsesi.net\/index.php\/2025\/04\/22\/ankarada-iki-aracin-karistigi-trafik-kazasinda-2si-agir-6-kisi-yaralandi\/#primaryimage"},"image":{"@id":"https:\/\/memurunsesi.net\/index.php\/2025\/04\/22\/ankarada-iki-aracin-karistigi-trafik-kazasinda-2si-agir-6-kisi-yaralandi\/#primaryimage"},"thumbnailUrl":"https:\/\/memurunsesi.net\/wp-content\/uploads\/2025\/04\/AW437923_01.jpg","datePublished":"2025-04-22T05:29:42+00:00","breadcrumb":{"@id":"https:\/\/memurunsesi.net\/index.php\/2025\/04\/22\/ankarada-iki-aracin-karistigi-trafik-kazasinda-2si-agir-6-kisi-yaralandi\/#breadcrumb"},"inLanguage":"tr","potentialAction":[{"@type":"ReadAction","target":["https:\/\/memurunsesi.net\/index.php\/2025\/04\/22\/ankarada-iki-aracin-karistigi-trafik-kazasinda-2si-agir-6-kisi-yaralandi\/"]}]},{"@type":"ImageObject","inLanguage":"tr","@id":"https:\/\/memurunsesi.net\/index.php\/2025\/04\/22\/ankarada-iki-aracin-karistigi-trafik-kazasinda-2si-agir-6-kisi-yaralandi\/#primaryimage","url":"https:\/\/memurunsesi.net\/wp-content\/uploads\/2025\/04\/AW437923_01.jpg","contentUrl":"https:\/\/memurunsesi.net\/wp-content\/uploads\/2025\/04\/AW437923_01.jpg","width":1600,"height":1200,"caption":"ANKARA'NIN MAMAK \u0130L\u00c7ES\u0130NDE \u0130K\u0130 ARACIN KARI\u015eTI\u011eI TRAF\u0130K KAZASINDA 6 K\u0130\u015e\u0130 YARALANDI. YARALILARDAN \u0130K\u0130S\u0130N\u0130N DURUMUNUN A\u011eIR OLDU\u011eU \u00d6\u011eREN\u0130LD\u0130. (FURKAN DO\u011eAN - MUSA ERDO\u011eAN\/ANKARA-\u0130HA) Ankara'n\u0131n Mamak il\u00e7esinde iki arac\u0131n \u00e7arp\u0131\u015ft\u0131\u011f\u0131 trafik kazas\u0131nda 6 ki\u015fi yaraland\u0131. Yaral\u0131lardan ikisinin durumunun a\u011f\u0131r oldu\u011fu \u00f6\u011frenildi."},{"@type":"BreadcrumbList","@id":"https:\/\/memurunsesi.net\/index.php\/2025\/04\/22\/ankarada-iki-aracin-karistigi-trafik-kazasinda-2si-agir-6-kisi-yaralandi\/#breadcrumb","itemListElement":[{"@type":"ListItem","position":1,"name":"Anasayfa","item":"https:\/\/memurunsesi.net\/"},{"@type":"ListItem","position":2,"name":"Ankara&#8217;da iki arac\u0131n kar\u0131\u015ft\u0131\u011f\u0131 trafik kazas\u0131nda 2\u2019si a\u011f\u0131r 6 ki\u015fi yaraland\u0131"}]},{"@type":"WebSite","@id":"https:\/\/memurunsesi.net\/#website","url":"https:\/\/memurunsesi.net\/","name":"Memurun Sesi","description":"G\u00fcncel ve Do\u011fru Haber","publisher":{"@id":"https:\/\/memurunsesi.net\/#organization"},"potentialAction":[{"@type":"SearchAction","target":{"@type":"EntryPoint","urlTemplate":"https:\/\/memurunsesi.net\/?s={search_term_string}"},"query-input":{"@type":"PropertyValueSpecification","valueRequired":true,"valueName":"search_term_string"}}],"inLanguage":"tr"},{"@type":"Organization","@id":"https:\/\/memurunsesi.net\/#organization","name":"Memurun Sesi","url":"https:\/\/memurunsesi.net\/","logo":{"@type":"ImageObject","inLanguage":"tr","@id":"https:\/\/memurunsesi.net\/#\/schema\/logo\/image\/","url":"https:\/\/memurunsesi.net\/wp-content\/uploads\/2025\/11\/cropped-MEMURUN-SESI.png","contentUrl":"https:\/\/memurunsesi.net\/wp-content\/uploads\/2025\/11\/cropped-MEMURUN-SESI.png","width":238,"height":57,"caption":"Memurun Sesi"},"image":{"@id":"https:\/\/memurunsesi.net\/#\/schema\/logo\/image\/"},"sameAs":["https:\/\/www.facebook.com\/unipersen\/?locale=tr_TR","https:\/\/x.com\/unipersen"]},{"@type":"Person","@id":"https:\/\/memurunsesi.net\/#\/schema\/person\/f21c2d73b89f6ee1d80b0a1803e38587","name":"Memurun Sesi Haber Merkezi","image":{"@type":"ImageObject","inLanguage":"tr","@id":"https:\/\/secure.gravatar.com\/avatar\/6cf0505f452ee753f485014986fab09a434671d2b919ee76fc541025c5876a70?s=96&d=mm&r=g","url":"https:\/\/secure.gravatar.com\/avatar\/6cf0505f452ee753f485014986fab09a434671d2b919ee76fc541025c5876a70?s=96&d=mm&r=g","contentUrl":"https:\/\/secure.gravatar.com\/avatar\/6cf0505f452ee753f485014986fab09a434671d2b919ee76fc541025c5876a70?s=96&d=mm&r=g","caption":"Memurun Sesi Haber Merkezi"},"sameAs":["https:\/\/memurunsesi.net"],"url":"https:\/\/memurunsesi.net\/index.php\/author\/uniper\/"}]}},"_links":{"self":[{"href":"https:\/\/memurunsesi.net\/index.php\/wp-json\/wp\/v2\/posts\/5756","targetHints":{"allow":["GET"]}}],"collection":[{"href":"https:\/\/memurunsesi.net\/index.php\/wp-json\/wp\/v2\/posts"}],"about":[{"href":"https:\/\/memurunsesi.net\/index.php\/wp-json\/wp\/v2\/types\/post"}],"author":[{"embeddable":true,"href":"https:\/\/memurunsesi.net\/index.php\/wp-json\/wp\/v2\/users\/1"}],"replies":[{"embeddable":true,"href":"https:\/\/memurunsesi.net\/index.php\/wp-json\/wp\/v2\/comments?post=5756"}],"version-history":[{"count":1,"href":"https:\/\/memurunsesi.net\/index.php\/wp-json\/wp\/v2\/posts\/5756\/revisions"}],"predecessor-version":[{"id":5758,"href":"https:\/\/memurunsesi.net\/index.php\/wp-json\/wp\/v2\/posts\/5756\/revisions\/5758"}],"wp:featuredmedia":[{"embeddable":true,"href":"https:\/\/memurunsesi.net\/index.php\/wp-json\/wp\/v2\/media\/5757"}],"wp:attachment":[{"href":"https:\/\/memurunsesi.net\/index.php\/wp-json\/wp\/v2\/media?parent=5756"}],"wp:term":[{"taxonomy":"category","embeddable":true,"href":"https:\/\/memurunsesi.net\/index.php\/wp-json\/wp\/v2\/categories?post=5756"},{"taxonomy":"post_tag","embeddable":true,"href":"https:\/\/memurunsesi.net\/index.php\/wp-json\/wp\/v2\/tags?post=5756"}],"curies":[{"name":"wp","href":"https:\/\/api.w.org\/{rel}","templated":true}]}}