{"id":5759,"date":"2025-04-22T08:30:58","date_gmt":"2025-04-22T05:30:58","guid":{"rendered":"https:\/\/memurunsesi.net\/?p=5759"},"modified":"2025-04-22T08:30:58","modified_gmt":"2025-04-22T05:30:58","slug":"minik-yureklerden-jandarmaya-anlamli-siir-koyumuzun-kahramani-jandarma","status":"publish","type":"post","link":"https:\/\/memurunsesi.net\/index.php\/2025\/04\/22\/minik-yureklerden-jandarmaya-anlamli-siir-koyumuzun-kahramani-jandarma\/","title":{"rendered":"Minik y\u00fcreklerden jandarmaya anlaml\u0131 \u015fiir: &#8220;K\u00f6y\u00fcm\u00fcz\u00fcn kahraman\u0131 jandarma&#8221;"},"content":{"rendered":"<p> Bayburt&#8217;ta k\u00f6y okulunun minikleri, jandarma i\u00e7in \u015fiir yazd\u0131. Okulun \u00f6\u011frencisi taraf\u0131ndan seslendirilen &#8220;K\u00f6y\u00fcm\u00fcz\u00fcn kahraman\u0131 jandarma&#8221; isimli anlaml\u0131 \u015fiir, y\u00fcreklere dokundu.<br \/>\n  Bayburt \u0130l Jandarma Komutanl\u0131\u011f\u0131 sorumluluk sahas\u0131nda bulunan \u00c7i\u011fdemtepe \u0130lkokulu \u00f6\u011frencileri, kahraman jandarma i\u00e7in haz\u0131rlad\u0131klar\u0131 \u015fiirle b\u00fcy\u00fck gurur ve sevin\u00e7 ya\u015fatt\u0131. Okul bah\u00e7esinde, al y\u0131ld\u0131zl\u0131 bayrak alt\u0131nda gururla seslendirilen \u015fiir, kendileri k\u00fc\u00e7\u00fck y\u00fcrekleri b\u00fcy\u00fck \u00f6\u011frencilerin asker sevgisini ortaya koydu. Bayburt \u0130l Jandarma Komutanl\u0131\u011f\u0131 personeline, k\u00f6ydeki asayi\u015f ve g\u00fcvenli\u011fi sa\u011flayan jandarma ekiplerine arma\u011fan edilen \u015fiir, motivasyon kayna\u011f\u0131 oldu. <\/p>\n<p>22.04.2025                            <\/p>\n","protected":false},"excerpt":{"rendered":"<p>Bayburt&#8217;ta k\u00f6y okulunun minikleri, jandarma i\u00e7in \u015fiir yazd\u0131. Okulun \u00f6\u011frencisi taraf\u0131ndan seslendirilen &#8220;K\u00f6y\u00fcm\u00fcz\u00fcn kahraman\u0131 jandarma&#8221; isimli anlaml\u0131 \u015fiir, y\u00fcreklere dokundu. Bayburt \u0130l Jandarma Komutanl\u0131\u011f\u0131 sorumluluk sahas\u0131nda bulunan \u00c7i\u011fdemtepe \u0130lkokulu \u00f6\u011frencileri, kahraman jandarma i\u00e7in haz\u0131rlad\u0131klar\u0131 \u015fiirle b\u00fcy\u00fck gurur ve sevin\u00e7 ya\u015fatt\u0131. Okul bah\u00e7esinde, al y\u0131ld\u0131zl\u0131 bayrak alt\u0131nda gururla seslendirilen \u015fiir, kendileri k\u00fc\u00e7\u00fck y\u00fcrekleri b\u00fcy\u00fck \u00f6\u011frencilerin asker [&hellip;]<\/p>\n","protected":false},"author":1,"featured_media":5760,"comment_status":"open","ping_status":"open","sticky":false,"template":"","format":"standard","meta":{"footnotes":""},"categories":[50],"tags":[],"class_list":["post-5759","post","type-post","status-publish","format-standard","has-post-thumbnail","hentry","category-tum-haberler"],"yoast_head":"<!-- This site is optimized with the Yoast SEO plugin v27.4 - https:\/\/yoast.com\/product\/yoast-seo-wordpress\/ -->\n<title>Minik y\u00fcreklerden jandarmaya anlaml\u0131 \u015fiir: &quot;K\u00f6y\u00fcm\u00fcz\u00fcn kahraman\u0131 jandarma&quot; - Memurun Sesi<\/title>\n<meta name=\"robots\" content=\"index, follow, max-snippet:-1, max-image-preview:large, max-video-preview:-1\" \/>\n<link rel=\"canonical\" href=\"https:\/\/memurunsesi.net\/index.php\/2025\/04\/22\/minik-yureklerden-jandarmaya-anlamli-siir-koyumuzun-kahramani-jandarma\/\" \/>\n<meta property=\"og:locale\" content=\"tr_TR\" \/>\n<meta property=\"og:type\" content=\"article\" \/>\n<meta property=\"og:title\" content=\"Minik y\u00fcreklerden jandarmaya anlaml\u0131 \u015fiir: &quot;K\u00f6y\u00fcm\u00fcz\u00fcn kahraman\u0131 jandarma&quot; - Memurun Sesi\" \/>\n<meta property=\"og:description\" content=\"Bayburt&#8217;ta k\u00f6y okulunun minikleri, jandarma i\u00e7in \u015fiir yazd\u0131. Okulun \u00f6\u011frencisi taraf\u0131ndan seslendirilen &#8220;K\u00f6y\u00fcm\u00fcz\u00fcn kahraman\u0131 jandarma&#8221; isimli anlaml\u0131 \u015fiir, y\u00fcreklere dokundu. Bayburt \u0130l Jandarma Komutanl\u0131\u011f\u0131 sorumluluk sahas\u0131nda bulunan \u00c7i\u011fdemtepe \u0130lkokulu \u00f6\u011frencileri, kahraman jandarma i\u00e7in haz\u0131rlad\u0131klar\u0131 \u015fiirle b\u00fcy\u00fck gurur ve sevin\u00e7 ya\u015fatt\u0131. Okul bah\u00e7esinde, al y\u0131ld\u0131zl\u0131 bayrak alt\u0131nda gururla seslendirilen \u015fiir, kendileri k\u00fc\u00e7\u00fck y\u00fcrekleri b\u00fcy\u00fck \u00f6\u011frencilerin asker [&hellip;]\" \/>\n<meta property=\"og:url\" content=\"https:\/\/memurunsesi.net\/index.php\/2025\/04\/22\/minik-yureklerden-jandarmaya-anlamli-siir-koyumuzun-kahramani-jandarma\/\" \/>\n<meta property=\"og:site_name\" content=\"Memurun Sesi\" \/>\n<meta property=\"article:publisher\" content=\"https:\/\/www.facebook.com\/unipersen\/?locale=tr_TR\" \/>\n<meta property=\"article:published_time\" content=\"2025-04-22T05:30:58+00:00\" \/>\n<meta property=\"og:image\" content=\"https:\/\/memurunsesi.net\/wp-content\/uploads\/2025\/04\/AW437938_02.jpg\" \/>\n\t<meta property=\"og:image:width\" content=\"445\" \/>\n\t<meta property=\"og:image:height\" content=\"664\" \/>\n\t<meta property=\"og:image:type\" content=\"image\/jpeg\" \/>\n<meta name=\"author\" content=\"Memurun Sesi Haber Merkezi\" \/>\n<meta name=\"twitter:card\" content=\"summary_large_image\" \/>\n<meta name=\"twitter:creator\" content=\"@unipersen\" \/>\n<meta name=\"twitter:site\" content=\"@unipersen\" \/>\n<meta name=\"twitter:label1\" content=\"Yazan:\" \/>\n\t<meta name=\"twitter:data1\" content=\"Memurun Sesi Haber Merkezi\" \/>\n\t<meta name=\"twitter:label2\" content=\"Tahmini okuma s\u00fcresi\" \/>\n\t<meta name=\"twitter:data2\" content=\"1 dakika\" \/>\n<script type=\"application\/ld+json\" class=\"yoast-schema-graph\">{\"@context\":\"https:\\\/\\\/schema.org\",\"@graph\":[{\"@type\":\"Article\",\"@id\":\"https:\\\/\\\/memurunsesi.net\\\/index.php\\\/2025\\\/04\\\/22\\\/minik-yureklerden-jandarmaya-anlamli-siir-koyumuzun-kahramani-jandarma\\\/#article\",\"isPartOf\":{\"@id\":\"https:\\\/\\\/memurunsesi.net\\\/index.php\\\/2025\\\/04\\\/22\\\/minik-yureklerden-jandarmaya-anlamli-siir-koyumuzun-kahramani-jandarma\\\/\"},\"author\":{\"name\":\"Memurun Sesi Haber Merkezi\",\"@id\":\"https:\\\/\\\/memurunsesi.net\\\/#\\\/schema\\\/person\\\/f21c2d73b89f6ee1d80b0a1803e38587\"},\"headline\":\"Minik y\u00fcreklerden jandarmaya anlaml\u0131 \u015fiir: &#8220;K\u00f6y\u00fcm\u00fcz\u00fcn kahraman\u0131 jandarma&#8221;\",\"datePublished\":\"2025-04-22T05:30:58+00:00\",\"mainEntityOfPage\":{\"@id\":\"https:\\\/\\\/memurunsesi.net\\\/index.php\\\/2025\\\/04\\\/22\\\/minik-yureklerden-jandarmaya-anlamli-siir-koyumuzun-kahramani-jandarma\\\/\"},\"wordCount\":119,\"commentCount\":0,\"publisher\":{\"@id\":\"https:\\\/\\\/memurunsesi.net\\\/#organization\"},\"image\":{\"@id\":\"https:\\\/\\\/memurunsesi.net\\\/index.php\\\/2025\\\/04\\\/22\\\/minik-yureklerden-jandarmaya-anlamli-siir-koyumuzun-kahramani-jandarma\\\/#primaryimage\"},\"thumbnailUrl\":\"https:\\\/\\\/memurunsesi.net\\\/wp-content\\\/uploads\\\/2025\\\/04\\\/AW437938_02.jpg\",\"articleSection\":[\"T\u00fcm Haberler\"],\"inLanguage\":\"tr\",\"potentialAction\":[{\"@type\":\"CommentAction\",\"name\":\"Comment\",\"target\":[\"https:\\\/\\\/memurunsesi.net\\\/index.php\\\/2025\\\/04\\\/22\\\/minik-yureklerden-jandarmaya-anlamli-siir-koyumuzun-kahramani-jandarma\\\/#respond\"]}]},{\"@type\":\"WebPage\",\"@id\":\"https:\\\/\\\/memurunsesi.net\\\/index.php\\\/2025\\\/04\\\/22\\\/minik-yureklerden-jandarmaya-anlamli-siir-koyumuzun-kahramani-jandarma\\\/\",\"url\":\"https:\\\/\\\/memurunsesi.net\\\/index.php\\\/2025\\\/04\\\/22\\\/minik-yureklerden-jandarmaya-anlamli-siir-koyumuzun-kahramani-jandarma\\\/\",\"name\":\"Minik y\u00fcreklerden jandarmaya anlaml\u0131 \u015fiir: \\\"K\u00f6y\u00fcm\u00fcz\u00fcn kahraman\u0131 jandarma\\\" - Memurun Sesi\",\"isPartOf\":{\"@id\":\"https:\\\/\\\/memurunsesi.net\\\/#website\"},\"primaryImageOfPage\":{\"@id\":\"https:\\\/\\\/memurunsesi.net\\\/index.php\\\/2025\\\/04\\\/22\\\/minik-yureklerden-jandarmaya-anlamli-siir-koyumuzun-kahramani-jandarma\\\/#primaryimage\"},\"image\":{\"@id\":\"https:\\\/\\\/memurunsesi.net\\\/index.php\\\/2025\\\/04\\\/22\\\/minik-yureklerden-jandarmaya-anlamli-siir-koyumuzun-kahramani-jandarma\\\/#primaryimage\"},\"thumbnailUrl\":\"https:\\\/\\\/memurunsesi.net\\\/wp-content\\\/uploads\\\/2025\\\/04\\\/AW437938_02.jpg\",\"datePublished\":\"2025-04-22T05:30:58+00:00\",\"breadcrumb\":{\"@id\":\"https:\\\/\\\/memurunsesi.net\\\/index.php\\\/2025\\\/04\\\/22\\\/minik-yureklerden-jandarmaya-anlamli-siir-koyumuzun-kahramani-jandarma\\\/#breadcrumb\"},\"inLanguage\":\"tr\",\"potentialAction\":[{\"@type\":\"ReadAction\",\"target\":[\"https:\\\/\\\/memurunsesi.net\\\/index.php\\\/2025\\\/04\\\/22\\\/minik-yureklerden-jandarmaya-anlamli-siir-koyumuzun-kahramani-jandarma\\\/\"]}]},{\"@type\":\"ImageObject\",\"inLanguage\":\"tr\",\"@id\":\"https:\\\/\\\/memurunsesi.net\\\/index.php\\\/2025\\\/04\\\/22\\\/minik-yureklerden-jandarmaya-anlamli-siir-koyumuzun-kahramani-jandarma\\\/#primaryimage\",\"url\":\"https:\\\/\\\/memurunsesi.net\\\/wp-content\\\/uploads\\\/2025\\\/04\\\/AW437938_02.jpg\",\"contentUrl\":\"https:\\\/\\\/memurunsesi.net\\\/wp-content\\\/uploads\\\/2025\\\/04\\\/AW437938_02.jpg\",\"width\":445,\"height\":664,\"caption\":\"M\u0130N\u0130K Y\u00dcREKLERDEN JANDARMAYA ANLAMLI \u015e\u0130\u0130R: \\\"K\u00d6Y\u00dcM\u00dcZ\u00dcN KAHRAMANI JANDARMA\\\" (\u00d6ZNUR DEM\u0130R\\\/BAYBURT-\u0130HA) Bayburt'ta k\u00f6y okulunun minikleri, jandarma i\u00e7in \u015fiir yazd\u0131. Okulun \u00f6\u011frencisi taraf\u0131ndan seslendirilen \\\"K\u00f6y\u00fcm\u00fcz\u00fcn kahraman\u0131 jandarma\\\" isimli anlaml\u0131 \u015fiir, y\u00fcreklere dokundu.\"},{\"@type\":\"BreadcrumbList\",\"@id\":\"https:\\\/\\\/memurunsesi.net\\\/index.php\\\/2025\\\/04\\\/22\\\/minik-yureklerden-jandarmaya-anlamli-siir-koyumuzun-kahramani-jandarma\\\/#breadcrumb\",\"itemListElement\":[{\"@type\":\"ListItem\",\"position\":1,\"name\":\"Anasayfa\",\"item\":\"https:\\\/\\\/memurunsesi.net\\\/\"},{\"@type\":\"ListItem\",\"position\":2,\"name\":\"Minik y\u00fcreklerden jandarmaya anlaml\u0131 \u015fiir: &#8220;K\u00f6y\u00fcm\u00fcz\u00fcn kahraman\u0131 jandarma&#8221;\"}]},{\"@type\":\"WebSite\",\"@id\":\"https:\\\/\\\/memurunsesi.net\\\/#website\",\"url\":\"https:\\\/\\\/memurunsesi.net\\\/\",\"name\":\"Memurun Sesi\",\"description\":\"G\u00fcncel ve Do\u011fru Haber\",\"publisher\":{\"@id\":\"https:\\\/\\\/memurunsesi.net\\\/#organization\"},\"potentialAction\":[{\"@type\":\"SearchAction\",\"target\":{\"@type\":\"EntryPoint\",\"urlTemplate\":\"https:\\\/\\\/memurunsesi.net\\\/?s={search_term_string}\"},\"query-input\":{\"@type\":\"PropertyValueSpecification\",\"valueRequired\":true,\"valueName\":\"search_term_string\"}}],\"inLanguage\":\"tr\"},{\"@type\":\"Organization\",\"@id\":\"https:\\\/\\\/memurunsesi.net\\\/#organization\",\"name\":\"Memurun Sesi\",\"url\":\"https:\\\/\\\/memurunsesi.net\\\/\",\"logo\":{\"@type\":\"ImageObject\",\"inLanguage\":\"tr\",\"@id\":\"https:\\\/\\\/memurunsesi.net\\\/#\\\/schema\\\/logo\\\/image\\\/\",\"url\":\"https:\\\/\\\/memurunsesi.net\\\/wp-content\\\/uploads\\\/2025\\\/11\\\/cropped-MEMURUN-SESI.png\",\"contentUrl\":\"https:\\\/\\\/memurunsesi.net\\\/wp-content\\\/uploads\\\/2025\\\/11\\\/cropped-MEMURUN-SESI.png\",\"width\":238,\"height\":57,\"caption\":\"Memurun Sesi\"},\"image\":{\"@id\":\"https:\\\/\\\/memurunsesi.net\\\/#\\\/schema\\\/logo\\\/image\\\/\"},\"sameAs\":[\"https:\\\/\\\/www.facebook.com\\\/unipersen\\\/?locale=tr_TR\",\"https:\\\/\\\/x.com\\\/unipersen\"]},{\"@type\":\"Person\",\"@id\":\"https:\\\/\\\/memurunsesi.net\\\/#\\\/schema\\\/person\\\/f21c2d73b89f6ee1d80b0a1803e38587\",\"name\":\"Memurun Sesi Haber Merkezi\",\"image\":{\"@type\":\"ImageObject\",\"inLanguage\":\"tr\",\"@id\":\"https:\\\/\\\/secure.gravatar.com\\\/avatar\\\/6cf0505f452ee753f485014986fab09a434671d2b919ee76fc541025c5876a70?s=96&d=mm&r=g\",\"url\":\"https:\\\/\\\/secure.gravatar.com\\\/avatar\\\/6cf0505f452ee753f485014986fab09a434671d2b919ee76fc541025c5876a70?s=96&d=mm&r=g\",\"contentUrl\":\"https:\\\/\\\/secure.gravatar.com\\\/avatar\\\/6cf0505f452ee753f485014986fab09a434671d2b919ee76fc541025c5876a70?s=96&d=mm&r=g\",\"caption\":\"Memurun Sesi Haber Merkezi\"},\"sameAs\":[\"https:\\\/\\\/memurunsesi.net\"],\"url\":\"https:\\\/\\\/memurunsesi.net\\\/index.php\\\/author\\\/uniper\\\/\"}]}<\/script>\n<!-- \/ Yoast SEO plugin. -->","yoast_head_json":{"title":"Minik y\u00fcreklerden jandarmaya anlaml\u0131 \u015fiir: \"K\u00f6y\u00fcm\u00fcz\u00fcn kahraman\u0131 jandarma\" - Memurun Sesi","robots":{"index":"index","follow":"follow","max-snippet":"max-snippet:-1","max-image-preview":"max-image-preview:large","max-video-preview":"max-video-preview:-1"},"canonical":"https:\/\/memurunsesi.net\/index.php\/2025\/04\/22\/minik-yureklerden-jandarmaya-anlamli-siir-koyumuzun-kahramani-jandarma\/","og_locale":"tr_TR","og_type":"article","og_title":"Minik y\u00fcreklerden jandarmaya anlaml\u0131 \u015fiir: \"K\u00f6y\u00fcm\u00fcz\u00fcn kahraman\u0131 jandarma\" - Memurun Sesi","og_description":"Bayburt&#8217;ta k\u00f6y okulunun minikleri, jandarma i\u00e7in \u015fiir yazd\u0131. Okulun \u00f6\u011frencisi taraf\u0131ndan seslendirilen &#8220;K\u00f6y\u00fcm\u00fcz\u00fcn kahraman\u0131 jandarma&#8221; isimli anlaml\u0131 \u015fiir, y\u00fcreklere dokundu. Bayburt \u0130l Jandarma Komutanl\u0131\u011f\u0131 sorumluluk sahas\u0131nda bulunan \u00c7i\u011fdemtepe \u0130lkokulu \u00f6\u011frencileri, kahraman jandarma i\u00e7in haz\u0131rlad\u0131klar\u0131 \u015fiirle b\u00fcy\u00fck gurur ve sevin\u00e7 ya\u015fatt\u0131. Okul bah\u00e7esinde, al y\u0131ld\u0131zl\u0131 bayrak alt\u0131nda gururla seslendirilen \u015fiir, kendileri k\u00fc\u00e7\u00fck y\u00fcrekleri b\u00fcy\u00fck \u00f6\u011frencilerin asker [&hellip;]","og_url":"https:\/\/memurunsesi.net\/index.php\/2025\/04\/22\/minik-yureklerden-jandarmaya-anlamli-siir-koyumuzun-kahramani-jandarma\/","og_site_name":"Memurun Sesi","article_publisher":"https:\/\/www.facebook.com\/unipersen\/?locale=tr_TR","article_published_time":"2025-04-22T05:30:58+00:00","og_image":[{"width":445,"height":664,"url":"https:\/\/memurunsesi.net\/wp-content\/uploads\/2025\/04\/AW437938_02.jpg","type":"image\/jpeg"}],"author":"Memurun Sesi Haber Merkezi","twitter_card":"summary_large_image","twitter_creator":"@unipersen","twitter_site":"@unipersen","twitter_misc":{"Yazan:":"Memurun Sesi Haber Merkezi","Tahmini okuma s\u00fcresi":"1 dakika"},"schema":{"@context":"https:\/\/schema.org","@graph":[{"@type":"Article","@id":"https:\/\/memurunsesi.net\/index.php\/2025\/04\/22\/minik-yureklerden-jandarmaya-anlamli-siir-koyumuzun-kahramani-jandarma\/#article","isPartOf":{"@id":"https:\/\/memurunsesi.net\/index.php\/2025\/04\/22\/minik-yureklerden-jandarmaya-anlamli-siir-koyumuzun-kahramani-jandarma\/"},"author":{"name":"Memurun Sesi Haber Merkezi","@id":"https:\/\/memurunsesi.net\/#\/schema\/person\/f21c2d73b89f6ee1d80b0a1803e38587"},"headline":"Minik y\u00fcreklerden jandarmaya anlaml\u0131 \u015fiir: &#8220;K\u00f6y\u00fcm\u00fcz\u00fcn kahraman\u0131 jandarma&#8221;","datePublished":"2025-04-22T05:30:58+00:00","mainEntityOfPage":{"@id":"https:\/\/memurunsesi.net\/index.php\/2025\/04\/22\/minik-yureklerden-jandarmaya-anlamli-siir-koyumuzun-kahramani-jandarma\/"},"wordCount":119,"commentCount":0,"publisher":{"@id":"https:\/\/memurunsesi.net\/#organization"},"image":{"@id":"https:\/\/memurunsesi.net\/index.php\/2025\/04\/22\/minik-yureklerden-jandarmaya-anlamli-siir-koyumuzun-kahramani-jandarma\/#primaryimage"},"thumbnailUrl":"https:\/\/memurunsesi.net\/wp-content\/uploads\/2025\/04\/AW437938_02.jpg","articleSection":["T\u00fcm Haberler"],"inLanguage":"tr","potentialAction":[{"@type":"CommentAction","name":"Comment","target":["https:\/\/memurunsesi.net\/index.php\/2025\/04\/22\/minik-yureklerden-jandarmaya-anlamli-siir-koyumuzun-kahramani-jandarma\/#respond"]}]},{"@type":"WebPage","@id":"https:\/\/memurunsesi.net\/index.php\/2025\/04\/22\/minik-yureklerden-jandarmaya-anlamli-siir-koyumuzun-kahramani-jandarma\/","url":"https:\/\/memurunsesi.net\/index.php\/2025\/04\/22\/minik-yureklerden-jandarmaya-anlamli-siir-koyumuzun-kahramani-jandarma\/","name":"Minik y\u00fcreklerden jandarmaya anlaml\u0131 \u015fiir: \"K\u00f6y\u00fcm\u00fcz\u00fcn kahraman\u0131 jandarma\" - Memurun Sesi","isPartOf":{"@id":"https:\/\/memurunsesi.net\/#website"},"primaryImageOfPage":{"@id":"https:\/\/memurunsesi.net\/index.php\/2025\/04\/22\/minik-yureklerden-jandarmaya-anlamli-siir-koyumuzun-kahramani-jandarma\/#primaryimage"},"image":{"@id":"https:\/\/memurunsesi.net\/index.php\/2025\/04\/22\/minik-yureklerden-jandarmaya-anlamli-siir-koyumuzun-kahramani-jandarma\/#primaryimage"},"thumbnailUrl":"https:\/\/memurunsesi.net\/wp-content\/uploads\/2025\/04\/AW437938_02.jpg","datePublished":"2025-04-22T05:30:58+00:00","breadcrumb":{"@id":"https:\/\/memurunsesi.net\/index.php\/2025\/04\/22\/minik-yureklerden-jandarmaya-anlamli-siir-koyumuzun-kahramani-jandarma\/#breadcrumb"},"inLanguage":"tr","potentialAction":[{"@type":"ReadAction","target":["https:\/\/memurunsesi.net\/index.php\/2025\/04\/22\/minik-yureklerden-jandarmaya-anlamli-siir-koyumuzun-kahramani-jandarma\/"]}]},{"@type":"ImageObject","inLanguage":"tr","@id":"https:\/\/memurunsesi.net\/index.php\/2025\/04\/22\/minik-yureklerden-jandarmaya-anlamli-siir-koyumuzun-kahramani-jandarma\/#primaryimage","url":"https:\/\/memurunsesi.net\/wp-content\/uploads\/2025\/04\/AW437938_02.jpg","contentUrl":"https:\/\/memurunsesi.net\/wp-content\/uploads\/2025\/04\/AW437938_02.jpg","width":445,"height":664,"caption":"M\u0130N\u0130K Y\u00dcREKLERDEN JANDARMAYA ANLAMLI \u015e\u0130\u0130R: \"K\u00d6Y\u00dcM\u00dcZ\u00dcN KAHRAMANI JANDARMA\" (\u00d6ZNUR DEM\u0130R\/BAYBURT-\u0130HA) Bayburt'ta k\u00f6y okulunun minikleri, jandarma i\u00e7in \u015fiir yazd\u0131. Okulun \u00f6\u011frencisi taraf\u0131ndan seslendirilen \"K\u00f6y\u00fcm\u00fcz\u00fcn kahraman\u0131 jandarma\" isimli anlaml\u0131 \u015fiir, y\u00fcreklere dokundu."},{"@type":"BreadcrumbList","@id":"https:\/\/memurunsesi.net\/index.php\/2025\/04\/22\/minik-yureklerden-jandarmaya-anlamli-siir-koyumuzun-kahramani-jandarma\/#breadcrumb","itemListElement":[{"@type":"ListItem","position":1,"name":"Anasayfa","item":"https:\/\/memurunsesi.net\/"},{"@type":"ListItem","position":2,"name":"Minik y\u00fcreklerden jandarmaya anlaml\u0131 \u015fiir: &#8220;K\u00f6y\u00fcm\u00fcz\u00fcn kahraman\u0131 jandarma&#8221;"}]},{"@type":"WebSite","@id":"https:\/\/memurunsesi.net\/#website","url":"https:\/\/memurunsesi.net\/","name":"Memurun Sesi","description":"G\u00fcncel ve Do\u011fru Haber","publisher":{"@id":"https:\/\/memurunsesi.net\/#organization"},"potentialAction":[{"@type":"SearchAction","target":{"@type":"EntryPoint","urlTemplate":"https:\/\/memurunsesi.net\/?s={search_term_string}"},"query-input":{"@type":"PropertyValueSpecification","valueRequired":true,"valueName":"search_term_string"}}],"inLanguage":"tr"},{"@type":"Organization","@id":"https:\/\/memurunsesi.net\/#organization","name":"Memurun Sesi","url":"https:\/\/memurunsesi.net\/","logo":{"@type":"ImageObject","inLanguage":"tr","@id":"https:\/\/memurunsesi.net\/#\/schema\/logo\/image\/","url":"https:\/\/memurunsesi.net\/wp-content\/uploads\/2025\/11\/cropped-MEMURUN-SESI.png","contentUrl":"https:\/\/memurunsesi.net\/wp-content\/uploads\/2025\/11\/cropped-MEMURUN-SESI.png","width":238,"height":57,"caption":"Memurun Sesi"},"image":{"@id":"https:\/\/memurunsesi.net\/#\/schema\/logo\/image\/"},"sameAs":["https:\/\/www.facebook.com\/unipersen\/?locale=tr_TR","https:\/\/x.com\/unipersen"]},{"@type":"Person","@id":"https:\/\/memurunsesi.net\/#\/schema\/person\/f21c2d73b89f6ee1d80b0a1803e38587","name":"Memurun Sesi Haber Merkezi","image":{"@type":"ImageObject","inLanguage":"tr","@id":"https:\/\/secure.gravatar.com\/avatar\/6cf0505f452ee753f485014986fab09a434671d2b919ee76fc541025c5876a70?s=96&d=mm&r=g","url":"https:\/\/secure.gravatar.com\/avatar\/6cf0505f452ee753f485014986fab09a434671d2b919ee76fc541025c5876a70?s=96&d=mm&r=g","contentUrl":"https:\/\/secure.gravatar.com\/avatar\/6cf0505f452ee753f485014986fab09a434671d2b919ee76fc541025c5876a70?s=96&d=mm&r=g","caption":"Memurun Sesi Haber Merkezi"},"sameAs":["https:\/\/memurunsesi.net"],"url":"https:\/\/memurunsesi.net\/index.php\/author\/uniper\/"}]}},"_links":{"self":[{"href":"https:\/\/memurunsesi.net\/index.php\/wp-json\/wp\/v2\/posts\/5759","targetHints":{"allow":["GET"]}}],"collection":[{"href":"https:\/\/memurunsesi.net\/index.php\/wp-json\/wp\/v2\/posts"}],"about":[{"href":"https:\/\/memurunsesi.net\/index.php\/wp-json\/wp\/v2\/types\/post"}],"author":[{"embeddable":true,"href":"https:\/\/memurunsesi.net\/index.php\/wp-json\/wp\/v2\/users\/1"}],"replies":[{"embeddable":true,"href":"https:\/\/memurunsesi.net\/index.php\/wp-json\/wp\/v2\/comments?post=5759"}],"version-history":[{"count":1,"href":"https:\/\/memurunsesi.net\/index.php\/wp-json\/wp\/v2\/posts\/5759\/revisions"}],"predecessor-version":[{"id":5761,"href":"https:\/\/memurunsesi.net\/index.php\/wp-json\/wp\/v2\/posts\/5759\/revisions\/5761"}],"wp:featuredmedia":[{"embeddable":true,"href":"https:\/\/memurunsesi.net\/index.php\/wp-json\/wp\/v2\/media\/5760"}],"wp:attachment":[{"href":"https:\/\/memurunsesi.net\/index.php\/wp-json\/wp\/v2\/media?parent=5759"}],"wp:term":[{"taxonomy":"category","embeddable":true,"href":"https:\/\/memurunsesi.net\/index.php\/wp-json\/wp\/v2\/categories?post=5759"},{"taxonomy":"post_tag","embeddable":true,"href":"https:\/\/memurunsesi.net\/index.php\/wp-json\/wp\/v2\/tags?post=5759"}],"curies":[{"name":"wp","href":"https:\/\/api.w.org\/{rel}","templated":true}]}}