{"id":5765,"date":"2025-04-22T08:34:34","date_gmt":"2025-04-22T05:34:34","guid":{"rendered":"https:\/\/memurunsesi.net\/?p=5765"},"modified":"2025-04-22T08:34:34","modified_gmt":"2025-04-22T05:34:34","slug":"papa-francisin-olum-nedeni-felc-ve-kalp-yetmezligi","status":"publish","type":"post","link":"https:\/\/memurunsesi.net\/index.php\/2025\/04\/22\/papa-francisin-olum-nedeni-felc-ve-kalp-yetmezligi\/","title":{"rendered":"Papa Francis&#8217;in \u00f6l\u00fcm nedeni fel\u00e7 ve kalp yetmezli\u011fi"},"content":{"rendered":"<p>  &#8211; Papa Francis&#8217;in son vasiyeti Vatikan d\u0131\u015f\u0131na g\u00f6m\u00fclmek<br \/>\n  &#8211; Papa Francis, 100 y\u0131ldan uzun s\u00fcredir Vatikan&#8217;a g\u00f6m\u00fclmeyen ilk papa olacak   <\/p>\n<p>  Katoliklerin ruhani lideri Papa Francis&#8217;in \u00f6l\u00fcm nedeninin fel\u00e7 ve kalp yetmezli\u011fi oldu\u011fu a\u00e7\u0131kland\u0131. Papa Francis&#8217;in son vasiyetinin ise \u0130talya&#8217;n\u0131n ba\u015fkenti Roma&#8217;daki Santa Maria Maggiore Bazilikas\u0131&#8217;na &#8220;\u00f6zel bir s\u00fcsleme olmadan&#8221; g\u00f6m\u00fclmek oldu\u011fu aktar\u0131ld\u0131. Papa Francis, 100 y\u0131ldan uzun s\u00fcredir Vatikan&#8217;a g\u00f6m\u00fclmeyen ilk papa olacak.<br \/>\n  Katoliklerin ruhani lideri Papa Francis&#8217;in 88 ya\u015f\u0131nda hayat\u0131n\u0131 kaybetmesinin ard\u0131ndan \u00f6l\u00fcm nedeni a\u00e7\u0131kland\u0131. Vatikan taraf\u0131ndan yap\u0131lan a\u00e7\u0131klamada, Papa Francis&#8217;in fel\u00e7 ge\u00e7irdi\u011fi ve ard\u0131ndan kalp yetmezli\u011fi nedeniyle hayat\u0131n\u0131 kaybetti\u011fi bildirildi. Papa Francis, Vatikan taraf\u0131ndan yay\u0131nlanan son vasiyetinde, &#8220;D\u00fcnyevi hayat\u0131m\u0131n alacakaranl\u0131\u011f\u0131n\u0131 yakla\u015f\u0131rken hissediyor ve ebedi ya\u015fama dair sars\u0131lmaz umudumla son arzular\u0131m\u0131 yaln\u0131zca defin yerim konusunda belirtmek istiyorum&#8221;  ifadelerini kullanarak, \u0130talya&#8217;n\u0131n ba\u015fkenti Roma&#8217;daki Santa Maria Maggiore Bazilikas\u0131&#8217;na &#8220;\u00f6zel bir s\u00fcsleme olmadan&#8221; g\u00f6m\u00fclmek ve g\u00f6m\u00fclece\u011fi yere Latince Papal\u0131k ad\u0131 &#8220;Franciscus&#8221; yaz\u0131lmas\u0131n\u0131 istedi\u011fini belirtti.<br \/>\n  Papa Francis son vasiyetinde, &#8220;Mezar\u0131m\u0131n ekteki planda g\u00f6sterildi\u011fi gibi Pauline \u015eapeli ile Bazilika&#8217;n\u0131n Sforza \u015eapeli aras\u0131ndaki yan koridordaki mezar ni\u015finde haz\u0131rlanmas\u0131n\u0131 istiyorum. Mezar topra\u011f\u0131n i\u00e7inde olmal\u0131; sade, \u00f6zel bir s\u00fcsleme olmadan, sadece yaz\u0131t ta\u015f\u0131mal\u0131d\u0131r: Franciscus&#8221; dedi.<br \/>\n  Mezar\u0131 i\u00e7in gereken masraflar\u0131n bir hay\u0131rsever taraf\u0131ndan sa\u011flanaca\u011f\u0131n\u0131 ve bu konuda Liberya Bazilikas\u0131 Ola\u011fan\u00fcst\u00fc Komiseri Kardinal Rolandas Makrickas&#8217;a gerekli talimatlar\u0131 verdi\u011fini ifade eden Papa Francis, &#8220;Tanr\u0131 beni seven ve benim i\u00e7in dua etmeye devam eden herkese uygun bir \u00f6d\u00fcl versin. Hayat\u0131m\u0131n son d\u00f6nemine damga vuran bu ac\u0131lar\u0131, d\u00fcnya bar\u0131\u015f\u0131 ve halklar aras\u0131nda karde\u015flik i\u00e7in Tanr\u0131&#8217;ya sunuyorum&#8221; dedi. <\/p>\n<p>  Papa Francis, 100 y\u0131ldan uzun s\u00fcredir Vatikan&#8217;a g\u00f6m\u00fclmeyen ilk papa olacak<br \/>\n  Santa Maria Maggiore Bazilikas\u0131, Roma&#8217;daki d\u00f6rt papal\u0131k bazilikas\u0131ndan biri ve \u015fehirdeki Meryem Ana&#8217;ya adanm\u0131\u015f en b\u00fcy\u00fck bazilika olarak biliniyor. Papa Francis&#8217;ten \u00f6nce 1914&#8217;ten bu yana papalar, Vatikan&#8217;daki Aziz Petrus Bazilikas\u0131&#8217;n\u0131n alt\u0131ndaki &#8220;Vatikan Ma\u011faralar\u0131na&#8221; g\u00f6m\u00fclm\u00fc\u015ft\u00fc. Papa Francis, 100 y\u0131ldan uzun s\u00fcredir Vatikan&#8217;a g\u00f6m\u00fclmeyen ilk papa olacak. <\/p>\n<p>  Yeni papa se\u00e7imi: Konklav<br \/>\n  Papa Francis&#8217;in sabah saatlerinde hayat\u0131n\u0131 kaybetmesinin ard\u0131ndan Vatikan&#8217;da &#8220;Sede Vacante&#8221; (Bo\u015f Makam) d\u00f6nemine girildi. Papan\u0131n \u00f6l\u00fcm\u00fcn\u00fcn ard\u0131ndan 4 ila 6 g\u00fcn i\u00e7inde cenaze t\u00f6reni yap\u0131lmas\u0131 bekleniyor. Defin i\u015fleminden \u00f6nce Papa Francis&#8217;in naa\u015f\u0131 Vatikan&#8217;daki San Pietro Bazilikas\u0131&#8217;nda ziyarete a\u00e7\u0131lacak.<br \/>\n  Yeni papa se\u00e7ilene kadar Vatikan&#8217;\u0131n idari i\u015flerini ABD&#8217;li Camerlengo (Kamerling) Kardinal Kevin Farrell y\u00fcr\u00fctecek. En k\u0131demli kardinal olan 80 ya\u015f alt\u0131ndaki kardinallerden olu\u015fan Kardinaller Meclisi&#8217;nin Dekan Kardinal Giovanni Battista Re, yeni papa se\u00e7imi s\u00fcreci anlam\u0131na gelen Konklav i\u00e7in d\u00fcnya \u00e7ap\u0131ndaki 80 ya\u015f alt\u0131ndaki t\u00fcm kardinalleri Roma&#8217;ya \u00e7a\u011f\u0131racak. Konklav s\u00fcrecinin ise 15-20 g\u00fcn i\u00e7inde ba\u015flamas\u0131 bekleniyor. Ocak ay\u0131 itibar\u0131yla se\u00e7ime 252 kardinal aras\u0131ndan 135&#8217;i kat\u0131lacak. Konklav s\u00fcreci boyunca kardinaller Vatikan&#8217;daki Casa Santa Marta misafirhanesinde konaklayacak ve se\u00e7im s\u00fcrecinde etki alt\u0131na al\u0131nmamalar\u0131 i\u00e7in d\u0131\u015f d\u00fcnyayla ileti\u015fimleri kesilecek.<br \/>\n  Yeni papa, Sistine \u015eapeli&#8217;ne 80 ya\u015f alt\u0131 kardinallerin kilitlenmesinin ard\u0131ndan d\u00fczenlenecek olan gizli oylama ile se\u00e7ilecek. Yeni papan\u0131n se\u00e7ilebilmesi i\u00e7in \u00fc\u00e7te iki \u00e7o\u011funluk aran\u0131rken, her oylamadan sonra Sistine \u015eapeli&#8217;nin bacas\u0131ndan \u00e7\u0131kan dumanla se\u00e7im sonucu halka duyurulacak. Siyah duman, se\u00e7im yap\u0131lamad\u0131\u011f\u0131, beyaz duman ise yeni papan\u0131n se\u00e7ildi\u011fi anlam\u0131na geliyor. Oylamada ilk 34 tur sonras\u0131 hala bir papa se\u00e7ilememesi durumunda ise son turda en fazla oyu alan iki aday aras\u0131nda oylama yap\u0131lacak. Se\u00e7imin tamamlanmas\u0131n\u0131n ard\u0131ndan Kardinaller Meclisi&#8217;nin Dekan\u0131 Giovanni Battista Re, Aziz Petrus Bazilikas\u0131&#8217;n\u0131n balkonundan &#8220;Habemus papam&#8221; (Bir papam\u0131z var) ilan\u0131n\u0131 yapacak ve yeni papa halk\u0131 selamlayacak.<br \/>\n  Yeni papa se\u00e7iminde Budape\u015fte ve Macaristan Ba\u015fpiskoposu 72 ya\u015f\u0131ndaki Kardinal Peter Erdo, Alman Piskoposlar Konferans\u0131&#8217;n\u0131n eski ba\u015fkan\u0131 71 ya\u015f\u0131ndaki Kardinal Reinhard Marx, Kanadal\u0131 Kardinal Marc Ouellet, 70 ya\u015f\u0131ndaki \u0130talyan Kardinal Pietro Parolin, 69 ya\u015f\u0131ndaki ABD&#8217;li Kardinal Robert Prevost, Vatikan&#8217;\u0131n Ayinler Ofisi&#8217;nin emekli ba\u015fkan\u0131 79 ya\u015f\u0131ndaki Kardinal Robert Sarah, 67 ya\u015f\u0131ndaki Filipinler Kardinali Luis Tagle \u00f6ne \u00e7\u0131kan isimler aras\u0131nda yer al\u0131yor. <\/p>\n<p>  En uzun Konklav bin 6 g\u00fcn s\u00fcrd\u00fc<br \/>\n  Konklav&#8217;\u0131n ne kadar s\u00fcrece\u011fine ili\u015fkin bir kural bulunmuyor. Papa 12. Pius&#8217;un se\u00e7ildi\u011fi 1939 y\u0131l\u0131nda yap\u0131lan ve 2 g\u00fcn s\u00fcren Konklav &#8220;en k\u0131sa&#8221; s\u00fcren, \u0130talya&#8217;n\u0131n Viterbo kentinde 1268 y\u0131l\u0131nda yap\u0131lan ve bin 6 g\u00fcn s\u00fcren Konklav ise &#8220;en uzun&#8221; s\u00fcren olarak biliniyor. <\/p>\n<p>22.04.2025                            <\/p>\n","protected":false},"excerpt":{"rendered":"<p>&#8211; Papa Francis&#8217;in son vasiyeti Vatikan d\u0131\u015f\u0131na g\u00f6m\u00fclmek &#8211; Papa Francis, 100 y\u0131ldan uzun s\u00fcredir Vatikan&#8217;a g\u00f6m\u00fclmeyen ilk papa olacak Katoliklerin ruhani lideri Papa Francis&#8217;in \u00f6l\u00fcm nedeninin fel\u00e7 ve kalp yetmezli\u011fi oldu\u011fu a\u00e7\u0131kland\u0131. Papa Francis&#8217;in son vasiyetinin ise \u0130talya&#8217;n\u0131n ba\u015fkenti Roma&#8217;daki Santa Maria Maggiore Bazilikas\u0131&#8217;na &#8220;\u00f6zel bir s\u00fcsleme olmadan&#8221; g\u00f6m\u00fclmek oldu\u011fu aktar\u0131ld\u0131. Papa Francis, 100 [&hellip;]<\/p>\n","protected":false},"author":1,"featured_media":5766,"comment_status":"open","ping_status":"open","sticky":false,"template":"","format":"standard","meta":{"footnotes":""},"categories":[1],"tags":[],"class_list":["post-5765","post","type-post","status-publish","format-standard","has-post-thumbnail","hentry","category-genel"],"yoast_head":"<!-- This site is optimized with the Yoast SEO plugin v27.4 - https:\/\/yoast.com\/product\/yoast-seo-wordpress\/ -->\n<title>Papa Francis&#039;in \u00f6l\u00fcm nedeni fel\u00e7 ve kalp yetmezli\u011fi - Memurun Sesi<\/title>\n<meta name=\"robots\" content=\"index, follow, max-snippet:-1, max-image-preview:large, max-video-preview:-1\" \/>\n<link rel=\"canonical\" href=\"https:\/\/memurunsesi.net\/index.php\/2025\/04\/22\/papa-francisin-olum-nedeni-felc-ve-kalp-yetmezligi\/\" \/>\n<meta property=\"og:locale\" content=\"tr_TR\" \/>\n<meta property=\"og:type\" content=\"article\" \/>\n<meta property=\"og:title\" content=\"Papa Francis&#039;in \u00f6l\u00fcm nedeni fel\u00e7 ve kalp yetmezli\u011fi - Memurun Sesi\" \/>\n<meta property=\"og:description\" content=\"&#8211; Papa Francis&#8217;in son vasiyeti Vatikan d\u0131\u015f\u0131na g\u00f6m\u00fclmek &#8211; Papa Francis, 100 y\u0131ldan uzun s\u00fcredir Vatikan&#8217;a g\u00f6m\u00fclmeyen ilk papa olacak Katoliklerin ruhani lideri Papa Francis&#8217;in \u00f6l\u00fcm nedeninin fel\u00e7 ve kalp yetmezli\u011fi oldu\u011fu a\u00e7\u0131kland\u0131. Papa Francis&#8217;in son vasiyetinin ise \u0130talya&#8217;n\u0131n ba\u015fkenti Roma&#8217;daki Santa Maria Maggiore Bazilikas\u0131&#8217;na &#8220;\u00f6zel bir s\u00fcsleme olmadan&#8221; g\u00f6m\u00fclmek oldu\u011fu aktar\u0131ld\u0131. Papa Francis, 100 [&hellip;]\" \/>\n<meta property=\"og:url\" content=\"https:\/\/memurunsesi.net\/index.php\/2025\/04\/22\/papa-francisin-olum-nedeni-felc-ve-kalp-yetmezligi\/\" \/>\n<meta property=\"og:site_name\" content=\"Memurun Sesi\" \/>\n<meta property=\"article:publisher\" content=\"https:\/\/www.facebook.com\/unipersen\/?locale=tr_TR\" \/>\n<meta property=\"article:published_time\" content=\"2025-04-22T05:34:34+00:00\" \/>\n<meta property=\"og:image\" content=\"https:\/\/memurunsesi.net\/wp-content\/uploads\/2025\/04\/AW437903_01.jpg\" \/>\n\t<meta property=\"og:image:width\" content=\"999\" \/>\n\t<meta property=\"og:image:height\" content=\"709\" \/>\n\t<meta property=\"og:image:type\" content=\"image\/jpeg\" \/>\n<meta name=\"author\" content=\"Memurun Sesi Haber Merkezi\" \/>\n<meta name=\"twitter:card\" content=\"summary_large_image\" \/>\n<meta name=\"twitter:creator\" content=\"@unipersen\" \/>\n<meta name=\"twitter:site\" content=\"@unipersen\" \/>\n<meta name=\"twitter:label1\" content=\"Yazan:\" \/>\n\t<meta name=\"twitter:data1\" content=\"Memurun Sesi Haber Merkezi\" \/>\n\t<meta name=\"twitter:label2\" content=\"Tahmini okuma s\u00fcresi\" \/>\n\t<meta name=\"twitter:data2\" content=\"1 dakika\" \/>\n<script type=\"application\/ld+json\" class=\"yoast-schema-graph\">{\"@context\":\"https:\\\/\\\/schema.org\",\"@graph\":[{\"@type\":\"Article\",\"@id\":\"https:\\\/\\\/memurunsesi.net\\\/index.php\\\/2025\\\/04\\\/22\\\/papa-francisin-olum-nedeni-felc-ve-kalp-yetmezligi\\\/#article\",\"isPartOf\":{\"@id\":\"https:\\\/\\\/memurunsesi.net\\\/index.php\\\/2025\\\/04\\\/22\\\/papa-francisin-olum-nedeni-felc-ve-kalp-yetmezligi\\\/\"},\"author\":{\"name\":\"Memurun Sesi Haber Merkezi\",\"@id\":\"https:\\\/\\\/memurunsesi.net\\\/#\\\/schema\\\/person\\\/f21c2d73b89f6ee1d80b0a1803e38587\"},\"headline\":\"Papa Francis&#8217;in \u00f6l\u00fcm nedeni fel\u00e7 ve kalp yetmezli\u011fi\",\"datePublished\":\"2025-04-22T05:34:34+00:00\",\"mainEntityOfPage\":{\"@id\":\"https:\\\/\\\/memurunsesi.net\\\/index.php\\\/2025\\\/04\\\/22\\\/papa-francisin-olum-nedeni-felc-ve-kalp-yetmezligi\\\/\"},\"wordCount\":874,\"commentCount\":0,\"publisher\":{\"@id\":\"https:\\\/\\\/memurunsesi.net\\\/#organization\"},\"image\":{\"@id\":\"https:\\\/\\\/memurunsesi.net\\\/index.php\\\/2025\\\/04\\\/22\\\/papa-francisin-olum-nedeni-felc-ve-kalp-yetmezligi\\\/#primaryimage\"},\"thumbnailUrl\":\"https:\\\/\\\/memurunsesi.net\\\/wp-content\\\/uploads\\\/2025\\\/04\\\/AW437903_01.jpg\",\"inLanguage\":\"tr\",\"potentialAction\":[{\"@type\":\"CommentAction\",\"name\":\"Comment\",\"target\":[\"https:\\\/\\\/memurunsesi.net\\\/index.php\\\/2025\\\/04\\\/22\\\/papa-francisin-olum-nedeni-felc-ve-kalp-yetmezligi\\\/#respond\"]}]},{\"@type\":\"WebPage\",\"@id\":\"https:\\\/\\\/memurunsesi.net\\\/index.php\\\/2025\\\/04\\\/22\\\/papa-francisin-olum-nedeni-felc-ve-kalp-yetmezligi\\\/\",\"url\":\"https:\\\/\\\/memurunsesi.net\\\/index.php\\\/2025\\\/04\\\/22\\\/papa-francisin-olum-nedeni-felc-ve-kalp-yetmezligi\\\/\",\"name\":\"Papa Francis'in \u00f6l\u00fcm nedeni fel\u00e7 ve kalp yetmezli\u011fi - Memurun Sesi\",\"isPartOf\":{\"@id\":\"https:\\\/\\\/memurunsesi.net\\\/#website\"},\"primaryImageOfPage\":{\"@id\":\"https:\\\/\\\/memurunsesi.net\\\/index.php\\\/2025\\\/04\\\/22\\\/papa-francisin-olum-nedeni-felc-ve-kalp-yetmezligi\\\/#primaryimage\"},\"image\":{\"@id\":\"https:\\\/\\\/memurunsesi.net\\\/index.php\\\/2025\\\/04\\\/22\\\/papa-francisin-olum-nedeni-felc-ve-kalp-yetmezligi\\\/#primaryimage\"},\"thumbnailUrl\":\"https:\\\/\\\/memurunsesi.net\\\/wp-content\\\/uploads\\\/2025\\\/04\\\/AW437903_01.jpg\",\"datePublished\":\"2025-04-22T05:34:34+00:00\",\"breadcrumb\":{\"@id\":\"https:\\\/\\\/memurunsesi.net\\\/index.php\\\/2025\\\/04\\\/22\\\/papa-francisin-olum-nedeni-felc-ve-kalp-yetmezligi\\\/#breadcrumb\"},\"inLanguage\":\"tr\",\"potentialAction\":[{\"@type\":\"ReadAction\",\"target\":[\"https:\\\/\\\/memurunsesi.net\\\/index.php\\\/2025\\\/04\\\/22\\\/papa-francisin-olum-nedeni-felc-ve-kalp-yetmezligi\\\/\"]}]},{\"@type\":\"ImageObject\",\"inLanguage\":\"tr\",\"@id\":\"https:\\\/\\\/memurunsesi.net\\\/index.php\\\/2025\\\/04\\\/22\\\/papa-francisin-olum-nedeni-felc-ve-kalp-yetmezligi\\\/#primaryimage\",\"url\":\"https:\\\/\\\/memurunsesi.net\\\/wp-content\\\/uploads\\\/2025\\\/04\\\/AW437903_01.jpg\",\"contentUrl\":\"https:\\\/\\\/memurunsesi.net\\\/wp-content\\\/uploads\\\/2025\\\/04\\\/AW437903_01.jpg\",\"width\":999,\"height\":709,\"caption\":\"PAPA FRANC\u0130S'\u0130N \u00d6L\u00dcM NEDEN\u0130 FEL\u00c7 VE KALP YETMEZL\u0130\u011e\u0130 (\u0130HA\\\/VAT\u0130KAN-\u0130HA) Katoliklerin ruhani lideri Papa Francis'in \u00f6l\u00fcm nedeninin fel\u00e7 ve kalp yetmezli\u011fi oldu\u011fu a\u00e7\u0131kland\u0131. Papa Francis'in son vasiyetinin ise \u0130talya'n\u0131n ba\u015fkenti Roma'daki Santa Maria Maggiore Bazilikas\u0131'na \\\"\u00f6zel bir s\u00fcsleme olmadan\\\" g\u00f6m\u00fclmek oldu\u011fu aktar\u0131ld\u0131. Papa Francis, 100 y\u0131ldan uzun s\u00fcredir Vatikan'a g\u00f6m\u00fclmeyen ilk papa olacak.\"},{\"@type\":\"BreadcrumbList\",\"@id\":\"https:\\\/\\\/memurunsesi.net\\\/index.php\\\/2025\\\/04\\\/22\\\/papa-francisin-olum-nedeni-felc-ve-kalp-yetmezligi\\\/#breadcrumb\",\"itemListElement\":[{\"@type\":\"ListItem\",\"position\":1,\"name\":\"Anasayfa\",\"item\":\"https:\\\/\\\/memurunsesi.net\\\/\"},{\"@type\":\"ListItem\",\"position\":2,\"name\":\"Papa Francis&#8217;in \u00f6l\u00fcm nedeni fel\u00e7 ve kalp yetmezli\u011fi\"}]},{\"@type\":\"WebSite\",\"@id\":\"https:\\\/\\\/memurunsesi.net\\\/#website\",\"url\":\"https:\\\/\\\/memurunsesi.net\\\/\",\"name\":\"Memurun Sesi\",\"description\":\"G\u00fcncel ve Do\u011fru Haber\",\"publisher\":{\"@id\":\"https:\\\/\\\/memurunsesi.net\\\/#organization\"},\"potentialAction\":[{\"@type\":\"SearchAction\",\"target\":{\"@type\":\"EntryPoint\",\"urlTemplate\":\"https:\\\/\\\/memurunsesi.net\\\/?s={search_term_string}\"},\"query-input\":{\"@type\":\"PropertyValueSpecification\",\"valueRequired\":true,\"valueName\":\"search_term_string\"}}],\"inLanguage\":\"tr\"},{\"@type\":\"Organization\",\"@id\":\"https:\\\/\\\/memurunsesi.net\\\/#organization\",\"name\":\"Memurun Sesi\",\"url\":\"https:\\\/\\\/memurunsesi.net\\\/\",\"logo\":{\"@type\":\"ImageObject\",\"inLanguage\":\"tr\",\"@id\":\"https:\\\/\\\/memurunsesi.net\\\/#\\\/schema\\\/logo\\\/image\\\/\",\"url\":\"https:\\\/\\\/memurunsesi.net\\\/wp-content\\\/uploads\\\/2025\\\/11\\\/cropped-MEMURUN-SESI.png\",\"contentUrl\":\"https:\\\/\\\/memurunsesi.net\\\/wp-content\\\/uploads\\\/2025\\\/11\\\/cropped-MEMURUN-SESI.png\",\"width\":238,\"height\":57,\"caption\":\"Memurun Sesi\"},\"image\":{\"@id\":\"https:\\\/\\\/memurunsesi.net\\\/#\\\/schema\\\/logo\\\/image\\\/\"},\"sameAs\":[\"https:\\\/\\\/www.facebook.com\\\/unipersen\\\/?locale=tr_TR\",\"https:\\\/\\\/x.com\\\/unipersen\"]},{\"@type\":\"Person\",\"@id\":\"https:\\\/\\\/memurunsesi.net\\\/#\\\/schema\\\/person\\\/f21c2d73b89f6ee1d80b0a1803e38587\",\"name\":\"Memurun Sesi Haber Merkezi\",\"image\":{\"@type\":\"ImageObject\",\"inLanguage\":\"tr\",\"@id\":\"https:\\\/\\\/secure.gravatar.com\\\/avatar\\\/6cf0505f452ee753f485014986fab09a434671d2b919ee76fc541025c5876a70?s=96&d=mm&r=g\",\"url\":\"https:\\\/\\\/secure.gravatar.com\\\/avatar\\\/6cf0505f452ee753f485014986fab09a434671d2b919ee76fc541025c5876a70?s=96&d=mm&r=g\",\"contentUrl\":\"https:\\\/\\\/secure.gravatar.com\\\/avatar\\\/6cf0505f452ee753f485014986fab09a434671d2b919ee76fc541025c5876a70?s=96&d=mm&r=g\",\"caption\":\"Memurun Sesi Haber Merkezi\"},\"sameAs\":[\"https:\\\/\\\/memurunsesi.net\"],\"url\":\"https:\\\/\\\/memurunsesi.net\\\/index.php\\\/author\\\/uniper\\\/\"}]}<\/script>\n<!-- \/ Yoast SEO plugin. -->","yoast_head_json":{"title":"Papa Francis'in \u00f6l\u00fcm nedeni fel\u00e7 ve kalp yetmezli\u011fi - Memurun Sesi","robots":{"index":"index","follow":"follow","max-snippet":"max-snippet:-1","max-image-preview":"max-image-preview:large","max-video-preview":"max-video-preview:-1"},"canonical":"https:\/\/memurunsesi.net\/index.php\/2025\/04\/22\/papa-francisin-olum-nedeni-felc-ve-kalp-yetmezligi\/","og_locale":"tr_TR","og_type":"article","og_title":"Papa Francis'in \u00f6l\u00fcm nedeni fel\u00e7 ve kalp yetmezli\u011fi - Memurun Sesi","og_description":"&#8211; Papa Francis&#8217;in son vasiyeti Vatikan d\u0131\u015f\u0131na g\u00f6m\u00fclmek &#8211; Papa Francis, 100 y\u0131ldan uzun s\u00fcredir Vatikan&#8217;a g\u00f6m\u00fclmeyen ilk papa olacak Katoliklerin ruhani lideri Papa Francis&#8217;in \u00f6l\u00fcm nedeninin fel\u00e7 ve kalp yetmezli\u011fi oldu\u011fu a\u00e7\u0131kland\u0131. Papa Francis&#8217;in son vasiyetinin ise \u0130talya&#8217;n\u0131n ba\u015fkenti Roma&#8217;daki Santa Maria Maggiore Bazilikas\u0131&#8217;na &#8220;\u00f6zel bir s\u00fcsleme olmadan&#8221; g\u00f6m\u00fclmek oldu\u011fu aktar\u0131ld\u0131. Papa Francis, 100 [&hellip;]","og_url":"https:\/\/memurunsesi.net\/index.php\/2025\/04\/22\/papa-francisin-olum-nedeni-felc-ve-kalp-yetmezligi\/","og_site_name":"Memurun Sesi","article_publisher":"https:\/\/www.facebook.com\/unipersen\/?locale=tr_TR","article_published_time":"2025-04-22T05:34:34+00:00","og_image":[{"width":999,"height":709,"url":"https:\/\/memurunsesi.net\/wp-content\/uploads\/2025\/04\/AW437903_01.jpg","type":"image\/jpeg"}],"author":"Memurun Sesi Haber Merkezi","twitter_card":"summary_large_image","twitter_creator":"@unipersen","twitter_site":"@unipersen","twitter_misc":{"Yazan:":"Memurun Sesi Haber Merkezi","Tahmini okuma s\u00fcresi":"1 dakika"},"schema":{"@context":"https:\/\/schema.org","@graph":[{"@type":"Article","@id":"https:\/\/memurunsesi.net\/index.php\/2025\/04\/22\/papa-francisin-olum-nedeni-felc-ve-kalp-yetmezligi\/#article","isPartOf":{"@id":"https:\/\/memurunsesi.net\/index.php\/2025\/04\/22\/papa-francisin-olum-nedeni-felc-ve-kalp-yetmezligi\/"},"author":{"name":"Memurun Sesi Haber Merkezi","@id":"https:\/\/memurunsesi.net\/#\/schema\/person\/f21c2d73b89f6ee1d80b0a1803e38587"},"headline":"Papa Francis&#8217;in \u00f6l\u00fcm nedeni fel\u00e7 ve kalp yetmezli\u011fi","datePublished":"2025-04-22T05:34:34+00:00","mainEntityOfPage":{"@id":"https:\/\/memurunsesi.net\/index.php\/2025\/04\/22\/papa-francisin-olum-nedeni-felc-ve-kalp-yetmezligi\/"},"wordCount":874,"commentCount":0,"publisher":{"@id":"https:\/\/memurunsesi.net\/#organization"},"image":{"@id":"https:\/\/memurunsesi.net\/index.php\/2025\/04\/22\/papa-francisin-olum-nedeni-felc-ve-kalp-yetmezligi\/#primaryimage"},"thumbnailUrl":"https:\/\/memurunsesi.net\/wp-content\/uploads\/2025\/04\/AW437903_01.jpg","inLanguage":"tr","potentialAction":[{"@type":"CommentAction","name":"Comment","target":["https:\/\/memurunsesi.net\/index.php\/2025\/04\/22\/papa-francisin-olum-nedeni-felc-ve-kalp-yetmezligi\/#respond"]}]},{"@type":"WebPage","@id":"https:\/\/memurunsesi.net\/index.php\/2025\/04\/22\/papa-francisin-olum-nedeni-felc-ve-kalp-yetmezligi\/","url":"https:\/\/memurunsesi.net\/index.php\/2025\/04\/22\/papa-francisin-olum-nedeni-felc-ve-kalp-yetmezligi\/","name":"Papa Francis'in \u00f6l\u00fcm nedeni fel\u00e7 ve kalp yetmezli\u011fi - Memurun Sesi","isPartOf":{"@id":"https:\/\/memurunsesi.net\/#website"},"primaryImageOfPage":{"@id":"https:\/\/memurunsesi.net\/index.php\/2025\/04\/22\/papa-francisin-olum-nedeni-felc-ve-kalp-yetmezligi\/#primaryimage"},"image":{"@id":"https:\/\/memurunsesi.net\/index.php\/2025\/04\/22\/papa-francisin-olum-nedeni-felc-ve-kalp-yetmezligi\/#primaryimage"},"thumbnailUrl":"https:\/\/memurunsesi.net\/wp-content\/uploads\/2025\/04\/AW437903_01.jpg","datePublished":"2025-04-22T05:34:34+00:00","breadcrumb":{"@id":"https:\/\/memurunsesi.net\/index.php\/2025\/04\/22\/papa-francisin-olum-nedeni-felc-ve-kalp-yetmezligi\/#breadcrumb"},"inLanguage":"tr","potentialAction":[{"@type":"ReadAction","target":["https:\/\/memurunsesi.net\/index.php\/2025\/04\/22\/papa-francisin-olum-nedeni-felc-ve-kalp-yetmezligi\/"]}]},{"@type":"ImageObject","inLanguage":"tr","@id":"https:\/\/memurunsesi.net\/index.php\/2025\/04\/22\/papa-francisin-olum-nedeni-felc-ve-kalp-yetmezligi\/#primaryimage","url":"https:\/\/memurunsesi.net\/wp-content\/uploads\/2025\/04\/AW437903_01.jpg","contentUrl":"https:\/\/memurunsesi.net\/wp-content\/uploads\/2025\/04\/AW437903_01.jpg","width":999,"height":709,"caption":"PAPA FRANC\u0130S'\u0130N \u00d6L\u00dcM NEDEN\u0130 FEL\u00c7 VE KALP YETMEZL\u0130\u011e\u0130 (\u0130HA\/VAT\u0130KAN-\u0130HA) Katoliklerin ruhani lideri Papa Francis'in \u00f6l\u00fcm nedeninin fel\u00e7 ve kalp yetmezli\u011fi oldu\u011fu a\u00e7\u0131kland\u0131. Papa Francis'in son vasiyetinin ise \u0130talya'n\u0131n ba\u015fkenti Roma'daki Santa Maria Maggiore Bazilikas\u0131'na \"\u00f6zel bir s\u00fcsleme olmadan\" g\u00f6m\u00fclmek oldu\u011fu aktar\u0131ld\u0131. Papa Francis, 100 y\u0131ldan uzun s\u00fcredir Vatikan'a g\u00f6m\u00fclmeyen ilk papa olacak."},{"@type":"BreadcrumbList","@id":"https:\/\/memurunsesi.net\/index.php\/2025\/04\/22\/papa-francisin-olum-nedeni-felc-ve-kalp-yetmezligi\/#breadcrumb","itemListElement":[{"@type":"ListItem","position":1,"name":"Anasayfa","item":"https:\/\/memurunsesi.net\/"},{"@type":"ListItem","position":2,"name":"Papa Francis&#8217;in \u00f6l\u00fcm nedeni fel\u00e7 ve kalp yetmezli\u011fi"}]},{"@type":"WebSite","@id":"https:\/\/memurunsesi.net\/#website","url":"https:\/\/memurunsesi.net\/","name":"Memurun Sesi","description":"G\u00fcncel ve Do\u011fru Haber","publisher":{"@id":"https:\/\/memurunsesi.net\/#organization"},"potentialAction":[{"@type":"SearchAction","target":{"@type":"EntryPoint","urlTemplate":"https:\/\/memurunsesi.net\/?s={search_term_string}"},"query-input":{"@type":"PropertyValueSpecification","valueRequired":true,"valueName":"search_term_string"}}],"inLanguage":"tr"},{"@type":"Organization","@id":"https:\/\/memurunsesi.net\/#organization","name":"Memurun Sesi","url":"https:\/\/memurunsesi.net\/","logo":{"@type":"ImageObject","inLanguage":"tr","@id":"https:\/\/memurunsesi.net\/#\/schema\/logo\/image\/","url":"https:\/\/memurunsesi.net\/wp-content\/uploads\/2025\/11\/cropped-MEMURUN-SESI.png","contentUrl":"https:\/\/memurunsesi.net\/wp-content\/uploads\/2025\/11\/cropped-MEMURUN-SESI.png","width":238,"height":57,"caption":"Memurun Sesi"},"image":{"@id":"https:\/\/memurunsesi.net\/#\/schema\/logo\/image\/"},"sameAs":["https:\/\/www.facebook.com\/unipersen\/?locale=tr_TR","https:\/\/x.com\/unipersen"]},{"@type":"Person","@id":"https:\/\/memurunsesi.net\/#\/schema\/person\/f21c2d73b89f6ee1d80b0a1803e38587","name":"Memurun Sesi Haber Merkezi","image":{"@type":"ImageObject","inLanguage":"tr","@id":"https:\/\/secure.gravatar.com\/avatar\/6cf0505f452ee753f485014986fab09a434671d2b919ee76fc541025c5876a70?s=96&d=mm&r=g","url":"https:\/\/secure.gravatar.com\/avatar\/6cf0505f452ee753f485014986fab09a434671d2b919ee76fc541025c5876a70?s=96&d=mm&r=g","contentUrl":"https:\/\/secure.gravatar.com\/avatar\/6cf0505f452ee753f485014986fab09a434671d2b919ee76fc541025c5876a70?s=96&d=mm&r=g","caption":"Memurun Sesi Haber Merkezi"},"sameAs":["https:\/\/memurunsesi.net"],"url":"https:\/\/memurunsesi.net\/index.php\/author\/uniper\/"}]}},"_links":{"self":[{"href":"https:\/\/memurunsesi.net\/index.php\/wp-json\/wp\/v2\/posts\/5765","targetHints":{"allow":["GET"]}}],"collection":[{"href":"https:\/\/memurunsesi.net\/index.php\/wp-json\/wp\/v2\/posts"}],"about":[{"href":"https:\/\/memurunsesi.net\/index.php\/wp-json\/wp\/v2\/types\/post"}],"author":[{"embeddable":true,"href":"https:\/\/memurunsesi.net\/index.php\/wp-json\/wp\/v2\/users\/1"}],"replies":[{"embeddable":true,"href":"https:\/\/memurunsesi.net\/index.php\/wp-json\/wp\/v2\/comments?post=5765"}],"version-history":[{"count":1,"href":"https:\/\/memurunsesi.net\/index.php\/wp-json\/wp\/v2\/posts\/5765\/revisions"}],"predecessor-version":[{"id":5767,"href":"https:\/\/memurunsesi.net\/index.php\/wp-json\/wp\/v2\/posts\/5765\/revisions\/5767"}],"wp:featuredmedia":[{"embeddable":true,"href":"https:\/\/memurunsesi.net\/index.php\/wp-json\/wp\/v2\/media\/5766"}],"wp:attachment":[{"href":"https:\/\/memurunsesi.net\/index.php\/wp-json\/wp\/v2\/media?parent=5765"}],"wp:term":[{"taxonomy":"category","embeddable":true,"href":"https:\/\/memurunsesi.net\/index.php\/wp-json\/wp\/v2\/categories?post=5765"},{"taxonomy":"post_tag","embeddable":true,"href":"https:\/\/memurunsesi.net\/index.php\/wp-json\/wp\/v2\/tags?post=5765"}],"curies":[{"name":"wp","href":"https:\/\/api.w.org\/{rel}","templated":true}]}}