{"id":5776,"date":"2025-04-22T08:43:14","date_gmt":"2025-04-22T05:43:14","guid":{"rendered":"https:\/\/memurunsesi.net\/?p=5776"},"modified":"2025-04-22T08:43:14","modified_gmt":"2025-04-22T05:43:14","slug":"bursa-uludag-universitesi-rektorlugunden","status":"publish","type":"post","link":"https:\/\/memurunsesi.net\/index.php\/2025\/04\/22\/bursa-uludag-universitesi-rektorlugunden\/","title":{"rendered":"Bursa Uluda\u011f \u00dcniversitesi Rekt\u00f6rl\u00fc\u011f\u00fcnden"},"content":{"rendered":"<p>S\u00dcREKL\u0130 \u0130\u015e\u00c7\u0130 ALIM \u0130LANI<\/p>\n<p>\u00dcniversitemiz merkez ve ba\u011fl\u0131 birimlerinde istihdam edilmek ve giderleri \u00f6zel b\u00fct\u00e7eden kar\u015f\u0131lanmak \u00fczere 4857 say\u0131l\u0131 \u0130\u015f Kanunu esaslar\u0131 kapsam\u0131  ile 09\/08\/2009 tarihli ve 27314 say\u0131l\u0131 Resmi Gazetede yay\u0131mlanan Kamu Kurum ve Kurulu\u015flar\u0131na \u0130\u015f\u00e7i Al\u0131nmas\u0131nda Uygulanacak Usul ve Esaslar Hakk\u0131nda Y\u00f6netmelik h\u00fck\u00fcmleri uyar\u0131nca T\u00fcrkiye \u0130\u015f Kurumu (\u0130\u015eKUR) arac\u0131l\u0131\u011f\u0131yla Tablo-1&#8217;de belirtilen \u00fcnvanlarda belirsiz s\u00fcreli 8 (sekiz) s\u00fcrekli i\u015f\u00e7i al\u0131m\u0131 yap\u0131lacakt\u0131r.<\/p>\n<p>GENEL HUSUSLAR<\/p>\n<p>T\u00fcrk vatanda\u015f\u0131 olmak,<\/p>\n<p>Kamu haklar\u0131ndan mahrum bulunmamak,<\/p>\n<p>T\u00fcrk Ceza Kanunu&#8217;nun 53. maddesinde belirtilen s\u00fcreler ge\u00e7mi\u015f olsa bile; kasten i\u015flenen bir su\u00e7tan dolay\u0131 bir y\u0131l veya daha fazla s\u00fcreyle hapis cezas\u0131na ya da affa u\u011fram\u0131\u015f olsa bile devletin g\u00fcvenli\u011fine kar\u015f\u0131 su\u00e7lar, Anayasal d\u00fczene ve bu d\u00fczenin i\u015fleyi\u015fine kar\u015f\u0131 su\u00e7lar, zimmet, irtik\u00e2p, r\u00fc\u015fvet, h\u0131rs\u0131zl\u0131k, doland\u0131r\u0131c\u0131l\u0131k, sahtecilik, g\u00fcveni k\u00f6t\u00fcye kullanma, hileli iflas, ihaleye fesat kar\u0131\u015ft\u0131rma, edimin ifas\u0131na fesat kar\u0131\u015ft\u0131rma, su\u00e7tan  kaynaklanan malvarl\u0131\u011f\u0131 de\u011ferlerini aklama veya ka\u00e7ak\u00e7\u0131l\u0131k su\u00e7lar\u0131ndan mahk\u00fbm olmamak,<\/p>\n<p>Askerli\u011fini yapm\u0131\u015f veya askerlik hizmetinden muaf olmak,<\/p>\n<p>Adaylar\u0131n, g\u00f6revlerini s\u00fcrekli olarak yerine getirmelerine engel te\u015fkil edebilecek herhangi bir ak\u0131l hastal\u0131\u011f\u0131, fiziksel rahats\u0131zl\u0131k veya kas-iskelet sistemi hastal\u0131\u011f\u0131 ile tozlu, g\u00fcr\u00fclt\u00fcl\u00fc ve yo\u011fun tempolu ortamlarda, y\u00fcksek yerlerde ve a\u00e7\u0131k hava ko\u015fullar\u0131nda \u00e7al\u0131\u015fmaya veya vardiyal\u0131 \u00e7al\u0131\u015fma d\u00fczenine engel bir durumlar\u0131n\u0131n bulunmad\u0131\u011f\u0131n\u0131, tam te\u015fekk\u00fcll\u00fc bir kamu sa\u011fl\u0131k kurulu\u015fundan al\u0131nacak sa\u011fl\u0131k kurulu raporu ile belgelendirmek, (Not: Atanmaya hak kazanan adaylar i\u00e7in yap\u0131lacak sa\u011fl\u0131k de\u011ferlendirmesi sonucunda, kadro unvan\u0131n\u0131n gerektirdi\u011fi g\u00f6revleri yerine getiremeyecek durumda olduklar\u0131 tespit edilenlerin atamalar\u0131 iptal edilecektir.)<\/p>\n<p>Sosyal G\u00fcvenlik Kurumundan herhangi bir emeklilik veya ya\u015fl\u0131l\u0131k ayl\u0131\u011f\u0131 alm\u0131yor olmak,<\/p>\n<p>\u0130lan\u0131n son ba\u015fvuru g\u00fcn\u00fc itibar\u0131yla 35 ya\u015f\u0131n\u0131 doldurmam\u0131\u015f (26.04.1990 ve sonras\u0131 do\u011fumlu) olmak,<\/p>\n<p>Adaylar\u0131n, ba\u015fvurunun son g\u00fcn\u00fc itibar\u0131yla duyuru metninde yer alan ve Tablo 1-de g\u00f6sterilen unvanlara ili\u015fkin meslek kolunun gerektirdi\u011fi \u015fartlar\u0131 ta\u015f\u0131malar\u0131 gerekir.<\/p>\n<p>Al\u0131nacak i\u015f\u00e7ilerin deneme s\u00fcresi altm\u0131\u015f g\u00fcn olup, deneme s\u00fcresi i\u00e7inde ba\u015far\u0131s\u0131z olanlar\u0131n i\u015f akdi bildirim s\u00fcresi beklenmeksizin tazminats\u0131z<\/p>\n<p>feshedilecektir.<\/p>\n<p>Adaylar, T\u00fcrkiye \u0130\u015f Kurumu\u2019nda (\u0130\u015eKUR) yay\u0131mlanan listeden Bursa ve il\u00e7elerinde ikamet etmek \u015fart\u0131yla sadece bir meslek koluna ba\u015fvuru yapabilecektir. Birden fazla ba\u015fvuru yap\u0131ld\u0131\u011f\u0131 takdirde her iki ba\u015fvuru da ge\u00e7ersiz say\u0131lacakt\u0131r.<\/p>\n<p>Adaylardan, ger\u00e7e\u011fe ayk\u0131r\u0131 beyanda bulundu\u011fu tespit edilenler ile \u015fartlar\u0131 ta\u015f\u0131mad\u0131\u011f\u0131 sonradan tespit edilenlerin ili\u015fi\u011fi ilan\/s\u0131nav\/g\u00f6reve ba\u015flama s\u00fcrecinin her a\u015famas\u0131nda Rekt\u00f6rl\u00fc\u011f\u00fcm\u00fczce sonland\u0131r\u0131labilecektir.<\/p>\n<p>S\u00f6zl\u00fc s\u0131nava girmeye hak kazand\u0131\u011f\u0131 halde ilan edilen s\u0131nav tarihlerinde s\u0131nava kat\u0131lmayan adaylar, s\u0131nav hakk\u0131n\u0131 kaybetmi\u015f say\u0131lacakt\u0131r.<\/p>\n<p>Kamu kurum ve kurulu\u015flar\u0131n\u0131n ilgili disiplin mevzuat\u0131 uyar\u0131nca g\u00f6revinden veya meslekten ihra\u00e7 edilenlerin ba\u015fvurular\u0131 kabul edilmeyecektir.<\/p>\n<p>\u00dcniversitemiz Rekt\u00f6rl\u00fc\u011f\u00fc ihtiyaca ba\u011fl\u0131 olarak e\u011fitim-\u00f6\u011fretimin yap\u0131ld\u0131\u011f\u0131 t\u00fcm il\u00e7e yerle\u015fkelerine kurum i\u00e7i g\u00f6revlendirme yapma hakk\u0131na sahiptir. \u00dcniversitemiz ilan\u0131n herhangi bir a\u015famas\u0131nda iptal ve\/veya de\u011fi\u015fiklik yapma hakk\u0131na sahiptir. \u0130\u015f bu ilana ba\u015fvuruda bulunan adaylar ilanda  belirtilen h\u00fck\u00fcmleri pe\u015finen kabul etmi\u015f say\u0131lacakt\u0131r. \u0130landa bulunmayan h\u00fck\u00fcmler i\u00e7in genel mevzuat h\u00fck\u00fcmleri uygulan\u0131r.<\/p>\n<p>BA\u015eVURU \u015eEKL\u0130, YER\u0130 VE TAR\u0130H\u0130<br \/>\nTalep \u015fartlar\u0131na durumu uyan adaylar, ilan\u0131n yay\u0131mland\u0131\u011f\u0131 tarihten itibaren 5 (be\u015f) i\u015f g\u00fcn\u00fc i\u00e7erisinde T\u00fcrkiye \u0130\u015f Kurumuna (\u0130\u015e-KUR) ait https:\/\/esube.iskur.gov.tr internet adresi \u00fczerinden \u0130\u015f arayan linkine T.C. Kimlik numaras\u0131 ve \u015fifresi ile giri\u015f yaparak ba\u015fvuru yapabileceklerdir. Ba\u015fvuru s\u00fcresinin tamamlanmas\u0131n\u0131n ard\u0131ndan ba\u015fvuruda bulunan adaylar\u0131n listesi \u0130\u015eKUR taraf\u0131ndan Bursa Uluda\u011f \u00dcniversitesi Rekt\u00f6rl\u00fc\u011f\u00fcne g\u00f6nderilecektir. \u0130\u015eKUR\u2019un g\u00f6nderdi\u011fi listedeki adaylar, Bursa Uluda\u011f \u00dcniversitesi web sayfas\u0131nda ilan edilecektir. Ard\u0131ndan \u00e7ekilecek noter kuras\u0131ndan \u00f6nce adaylar\u0131n ba\u015fvuru ko\u015fullar\u0131na ili\u015fkin istenecek belgeleri e-Devlet Kap\u0131s\u0131 \u00fczerinden &#8220;Bursa Uluda\u011f \u00dcniversitesi-Kariyer Kap\u0131s\u0131 Kamu \u0130\u015fe Al\u0131m&#8221; hizmeti veya &#8220;Kariyer Kap\u0131s\u0131&#8221; (https:\/\/isealimkariyerkapisi.cbiko.gov.tr) internet adresi \u00fczerinden online olarak y\u00fcklemeleri gerekmektedir. Rekt\u00f6rl\u00fc\u011f\u00fcm\u00fczce yap\u0131lacak kontrollerin ard\u0131ndan kuraya girmeye hak kazanan adaylar\u0131n listesi (https:\/\/uludag.edu.tr) internet adresinden duyurulacakt\u0131r. \u0130\u015f bu duyuru d\u0131\u015f\u0131nda herhangi bir tebligat yap\u0131lmayacakt\u0131r. Durumlar\u0131n\u0131 belirtilen tarihler aras\u0131nda belgeleyemeyenler, yanl\u0131\u015f beyanda bulunanlar veya ilanda belirtilen ko\u015fullar\u0131 sa\u011flamayanlar kura hakk\u0131n\u0131 kaybedecektir.<br \/>\nAdaylar\u0131n; web sayfam\u0131z\u0131 (https:\/\/www.uludag.edu.tr\/) takip etmeleri, ba\u015fvuru ve atanma esnas\u0131nda do\u011fru, hatas\u0131z ve eksiksiz veri\/bilgi\/belge\/beyan sunmalar\u0131, sunduklar\u0131 belgelerin tamam\u0131n\u0131n okunakl\u0131 olmas\u0131, \u00fczerinde silinti ve kaz\u0131nt\u0131 olmamas\u0131, ba\u015fvurular\u0131n\u0131 hatas\u0131z, eksiksiz ve s\u00fcresi i\u00e7inde tamamlamalar\u0131 gerekmektedir. Yapt\u0131\u011f\u0131 hatal\u0131, eksik ve gecikmeli i\u015flemlerde sorumluluk adaya aittir.<br \/>\n\u00dcniversitemiz web sayfas\u0131nda ilan edilen listede kuraya girmeye hak kazanan adaylardan, her unvan say\u0131s\u0131n\u0131n 4 (d\u00f6rt) kat\u0131 kadar as\u0131l ve 4 (d\u00f6rt) kat\u0131 kadar yedek aday noter huzurunda \u00e7ekilecek kura ile belirlenecektir. Kura \u00e7ekimi (12.05.2025) Pazartesi g\u00fcn\u00fc saat 10.00\u2019te Bursa Uluda\u011f \u00fcniversitesi Prof. Dr. Mete CENG\u0130Z K\u00fclt\u00fcr Merkezinde yap\u0131lacakt\u0131r. T\u00fcm ba\u015fvuru sahipleri aras\u0131ndan kura ile a\u00e7\u0131k i\u015f say\u0131s\u0131n\u0131n 4 (d\u00f6rt) kat\u0131 kadar as\u0131l ve ayn\u0131 say\u0131da yedek aday belirlenecektir. Belirlenen adaylar Bursa Uluda\u011f \u00dcniversitesi web sayfas\u0131nda ilan edilecek olup adaylara ayr\u0131ca yaz\u0131l\u0131 tebligat yap\u0131lmayacakt\u0131r.<\/p>\n<p>S\u00d6ZL\u00dc\/S\u00d6ZL\u00dc VE UYGULAMALI SINAV \u0130\u015eLEMLER\u0130<br \/>\nS\u00f6zl\u00fc s\u0131nav, adaylar\u0131n ba\u015fvurduklar\u0131 hizmet alan\u0131na ili\u015fkin meslek\u00ee bilgi ve becerilerden, y\u00fcr\u00fctmekle y\u00fck\u00fcml\u00fc olacaklar\u0131 mesleki etkinliklerini \u00f6l\u00e7meye y\u00f6nelik olarak yap\u0131lacakt\u0131r. Ayr\u0131ca gerekli g\u00f6r\u00fclmesi halinde uygulamal\u0131 s\u0131nav yap\u0131lacakt\u0131r. S\u0131nav kurulu Ba\u015fkan ve \u00fcyelerinin ayr\u0131 ayr\u0131 vermi\u015f olduklar\u0131 puanlar\u0131n aritmetik ortalamas\u0131 esas al\u0131nmak suretiyle s\u00f6zl\u00fc s\u0131nav\/s\u00f6zl\u00fc ve uygulamal\u0131 s\u0131nav puan\u0131 belirlenecektir.<br \/>\nS\u00f6zl\u00fc s\u0131navda\/ S\u00f6zl\u00fc ve Uygulamal\u0131 s\u0131navda t\u00fcm adaylar 100 (y\u00fcz) tam puan \u00fczerinden de\u011ferlendirilecek, bu puan aday\u0131n atanmaya esas puan\u0131 ve ba\u015far\u0131 s\u0131ralamas\u0131 i\u00e7in kullan\u0131lacakt\u0131r.<br \/>\nBa\u015far\u0131 puan\u0131n\u0131n e\u015fitli\u011fi h\u00e2linde s\u0131ras\u0131yla; ya\u015f\u0131 b\u00fcy\u00fck olana, ya\u015flar\u0131n\u0131n ayn\u0131 olmas\u0131 halinde s\u0131nav kurulu veya kurullar\u0131nca al\u0131nan diplomalar\u0131 esas al\u0131nmak suretiyle daha \u00fcst \u00f6\u011frenimi bitirmi\u015f olana, \u00f6\u011frenim d\u00fczeylerinin de ayn\u0131 olmas\u0131 halinde mezuniyet tarihi itibar\u0131yla \u00f6nce mezun olmu\u015f olana \u00f6ncelik verilerek en y\u00fcksek puandan ba\u015flamak \u00fczere ba\u015far\u0131 s\u0131ralamas\u0131 belirlenecektir.<\/p>\n<p>S\u0131nav kurulunca, ba\u015far\u0131 puan\u0131 en y\u00fcksek adaydan ba\u015flanmak suretiyle a\u00e7\u0131k i\u015f say\u0131s\u0131 kadar as\u0131l ve ayn\u0131 say\u0131da yedek aday belirlenecektir.<br \/>\nYap\u0131lan s\u00f6zl\u00fc s\u0131nav\/s\u00f6zl\u00fc ve uygulamal\u0131 s\u0131nav sonucunda adaylar, as\u0131l ve yedek olarak belirlenecek ve \u00dcniversitemiz web sayfas\u0131nda ilan edilecek olup adaylara ayr\u0131ca yaz\u0131l\u0131 tebligat yap\u0131lmayacakt\u0131r.<\/p>\n<p>G\u00d6REVE BA\u015eLAMA \u0130\u015eLEMLER\u0130<br \/>\nAs\u0131l aday olarak atanmaya hak kazananlar\u0131n on be\u015f g\u00fcn i\u00e7erisinde istenen evraklar\u0131 \u00dcniversitemiz Personel Daire Ba\u015fkanl\u0131\u011f\u0131 \u0130dari Personel \u015eube M\u00fcd\u00fcrl\u00fc\u011f\u00fcne \u015fahsen teslim etmesi gerekmektedir. \u0130\u015f bu s\u00fcrede m\u00fcracaat etmeyen adaylar\u0131n yerlerine \u00dcniversitemiz web adresinden a\u00e7\u0131klanan ba\u015fvuru sonu\u00e7lar\u0131 listesinden s\u0131rayla devam edilmek, be\u015f i\u015f g\u00fcn\u00fcnden fazla olmamak ve \u00fc\u00e7 d\u00f6nemi ge\u00e7memek kayd\u0131yla yedek adaylara \u00e7a\u011fr\u0131 yap\u0131lacakt\u0131r. Atamas\u0131 yap\u0131ld\u0131\u011f\u0131 halde g\u00f6reve ba\u015flamayanlar\u0131n, deneme s\u00fcresi i\u00e7inde i\u015ften ayr\u0131lanlar\u0131n, atanma hakk\u0131ndan feragat edenlerin veya ba\u015fvuru \u015fartlar\u0131n\u0131 ta\u015f\u0131mad\u0131\u011f\u0131 tespit edilenlerin yerine de ayn\u0131 \u015fekilde yedek listeden ba\u015far\u0131 s\u0131ras\u0131na g\u00f6re atama yap\u0131lacakt\u0131r.<\/p>\n<p>BA\u015eVURU TAKV\u0130M\u0130 VE \u0130LET\u0130\u015e\u0130M B\u0130LG\u0130LER\u0130<\/p>\n<p>\u0130lan Yay\u0131m Tarihi: 21 Nisan 2025 Pazartesi<\/p>\n<p>Ba\u015fvuru Ba\u015flang\u0131\u00e7-Biti\u015f Tarihi: 21-25 Nisan 2025<\/p>\n<p>Cumhurba\u015fkanl\u0131\u011f\u0131 Kariyer Kap\u0131s\u0131ndan Belge Y\u00fckleme Tarihi: 29-30 Nisan 2025<\/p>\n<p>Kuraya Girmeye Hak Kazanan Adaylar\u0131n A\u00e7\u0131klanmas\u0131: 02 May\u0131s 2025<\/p>\n<p>Noter Kura \u00c7ekimi :12 May\u0131s 2025<\/p>\n<p>Kura Sonu\u00e7lar\u0131n\u0131n A\u00e7\u0131klanmas\u0131: 14 May\u0131s 2025<\/p>\n<p>S\u00f6zl\u00fc S\u0131nav ve Uygulama S\u0131nav Tarihi: 20 May\u0131s 2025<br \/>\nS\u00f6zl\u00fc S\u0131nav Sonu\u00e7lar\u0131n\u0131n A\u00e7\u0131klanmas\u0131: 23 May\u0131s 2025<br \/>\nAs\u0131l Adaylar\u0131n Evrak Teslimi: 23 May\u0131s-04 Haziran 2025<br \/>\nYedek adaylar i\u00e7in ba\u015fvuru tarihleri \u00dcniversitemiz web sayfas\u0131nda daha sonra ilan edilecektir.<\/p>\n<p>TABLO-1<\/p>\n<p>BA\u015eVURUNUN ALINACA\u011eI<\/p>\n<p>G\u00d6REV YER\u0130<\/p>\n<p>MESLEK ADI<\/p>\n<p>\u00d6\u011eREN\u0130M ARALI\u011eI<\/p>\n<p>C\u0130NS\u0130YET<\/p>\n<p>\u00d6ZEL \u015eART<\/p>\n<p>ALIM \u015eEKL\u0130<\/p>\n<p>A\u00c7IK \u0130\u015e KONTENJANI<\/p>\n<p>\u0130L<\/p>\n<p>\u0130L\u00c7E<\/p>\n<p>BURSA<\/p>\n<p>T\u00fcm \u0130l\u00e7eler<\/p>\n<p>Merkez<\/p>\n<p>Hayvan Bak\u0131c\u0131s\u0131<\/p>\n<p>\u0130lk\u00f6\u011fretim- Orta\u00f6\u011fretim<\/p>\n<p>KADIN \/ ERKEK<\/p>\n<p>&#8211; \u00dcniversitemiz kamp\u00fcs\u00fcnde bulunan \u00e7iftliklerde \u00e7al\u0131\u015fmak \u00fczere,<br \/>\n-Bak\u0131m\u0131 yap\u0131lan hayvanlar\u0131n yemlenmesi, do\u011fumu ve benzeri i\u015flerin yap\u0131lmas\u0131nda gerekti\u011finde vardiyal\u0131 olarak \u00e7al\u0131\u015fabilecek,<br \/>\n&#8211; Hayvan bak\u0131m\u0131na engel olacak fiziksel rahats\u0131zl\u0131\u011f\u0131, alerjisi bulunmamak.<\/p>\n<p>KURA \/ S\u00d6ZL\u00dc<\/p>\n<p>1<\/p>\n<p>BURSA<\/p>\n<p>T\u00fcm \u0130l\u00e7eler<\/p>\n<p>Merkez<\/p>\n<p>\u0130n\u015faat \u0130\u015f\u00e7isi<\/p>\n<p>\u0130lk\u00f6\u011fretim- Orta\u00f6\u011fretim<\/p>\n<p>KADIN \/ ERKEK<\/p>\n<p>&#8211; \u00dcniversitemiz b\u00fcnyesinde fayans i\u015fleri, k\u0131r\u0131m i\u015fleri, boya ve bord\u00fcr i\u015flemleri, har\u00e7 yap\u0131lmas\u0131, kal\u0131p\u00e7\u0131l\u0131k, betonculuk, duvarc\u0131l\u0131k, s\u0131vac\u0131l\u0131k ve benzeri in\u015faat i\u015flerinde \u00e7al\u0131\u015ft\u0131r\u0131lacakt\u0131r.<br \/>\n-\u0130lgili alanda en az 2 (iki) y\u0131l tecr\u00fcbe sahibi oldu\u011funu e-Devlet \u00fczerinden al\u0131nacak \u201cSGK Tescil ve Hizmet D\u00f6k\u00fcm\u00fc \/ \u0130\u015fyeri \u00dcnvan Listesi\u201d d\u00f6k\u00fcm\u00fc ile belgelemek.<\/p>\n<p>KURA \/ S\u00d6ZL\u00dc<\/p>\n<p>1<\/p>\n<p>BURSA<\/p>\n<p>T\u00fcm \u0130l\u00e7eler<\/p>\n<p>Merkez<\/p>\n<p>S\u0131vac\u0131<\/p>\n<p>\u0130lk\u00f6\u011fretim- Orta\u00f6\u011fretim<\/p>\n<p>KADIN \/ ERKEK<\/p>\n<p>&#8211; \u00dcniversite kamp\u00fcslerindeki binalar\u0131n t\u00fcm in\u015faat, s\u0131va, boya i\u015flerini yapmak.<br \/>\n-\u0130lgili alanda en az 2 (iki) y\u0131l tecr\u00fcbe sahibi oldu\u011funu e-Devlet \u00fczerinden al\u0131nacak \u201cSGK Tescil ve Hizmet D\u00f6k\u00fcm\u00fc \/ \u0130\u015fyeri \u00dcnvan Listesi\u201d d\u00f6k\u00fcm\u00fc ile belgelemek.<\/p>\n<p>KURA \/ S\u00d6ZL\u00dc<\/p>\n<p>2<\/p>\n<p>BURSA<\/p>\n<p>T\u00fcm \u0130l\u00e7eler<\/p>\n<p>Merkez<\/p>\n<p>Kaynak\u00e7\u0131<\/p>\n<p>\u0130lk\u00f6\u011fretim- Orta\u00f6\u011fretim<\/p>\n<p>KADIN \/ ERKEK<\/p>\n<p>&#8211; \u00dcniversite kamp\u00fcs i\u00e7erisinde metal kesme, ta\u015flama, kaynak ve do\u011frama i\u015flerinde \u00e7al\u0131\u015fmak \u00fczere.<br \/>\n&#8211; \u0130lgili alanda en az 2 (iki) y\u0131l tecr\u00fcbe sahibi oldu\u011funu e-Devlet \u00fczerinden al\u0131nacak \u201cSGK Tescil ve Hizmet D\u00f6k\u00fcm\u00fc \/ \u0130\u015fyeri \u00dcnvan Listesi\u201d d\u00f6k\u00fcm\u00fc ile belgelemek.<\/p>\n<p>KURA \/ S\u00d6ZL\u00dc<\/p>\n<p>1<\/p>\n<p>BURSA<\/p>\n<p>T\u00fcm \u0130l\u00e7eler<\/p>\n<p>Merkez<\/p>\n<p>Boyac\u0131<\/p>\n<p>\u0130lk\u00f6\u011fretim- Orta\u00f6\u011fretim<\/p>\n<p>KADIN \/ ERKEK<\/p>\n<p>&#8211; \u00dcniversite kamp\u00fcslerindeki binalar\u0131n t\u00fcm boya ve dekorasyon i\u015flerini yapmak.<br \/>\n&#8211; \u0130lgili alanda en az 2 (iki) y\u0131l tecr\u00fcbe sahibi oldu\u011funu e-Devlet \u00fczerinden al\u0131nacak \u201cSGK Tescil ve Hizmet D\u00f6k\u00fcm\u00fc \/ \u0130\u015fyeri \u00dcnvan Listesi\u201d d\u00f6k\u00fcm\u00fc ile belgelemek.<\/p>\n<p>KURA \/ S\u00d6ZL\u00dc<\/p>\n<p>1<\/p>\n<p>BURSA<\/p>\n<p>T\u00fcm \u0130l\u00e7eler<\/p>\n<p>Merkez<\/p>\n<p>S\u0131hhi Tesisat\u00e7\u0131<\/p>\n<p>\u0130lk\u00f6\u011fretim- Orta\u00f6\u011fretim<\/p>\n<p>KADIN \/ ERKEK<\/p>\n<p>&#8211; Su, gaz, \u0131s\u0131tma, havaland\u0131rma ve yang\u0131n tesisat\u0131 gibi bina sistemlerinin kurulumu bak\u0131m ve onar\u0131mlar\u0131 konusunda g\u00f6rev almak.<br \/>\n&#8211; \u0130lgili alanda en az 2 (iki) y\u0131l tecr\u00fcbe sahibi oldu\u011funu e-Devlet \u00fczerinden al\u0131nacak \u201cSGK Tescil ve Hizmet D\u00f6k\u00fcm\u00fc \/ \u0130\u015fyeri \u00dcnvan Listesi\u201d d\u00f6k\u00fcm\u00fc ile belgelemek.<\/p>\n<p>KURA \/ S\u00d6ZL\u00dc<\/p>\n<p>2<\/p>\n","protected":false},"excerpt":{"rendered":"<p>S\u00dcREKL\u0130 \u0130\u015e\u00c7\u0130 ALIM \u0130LANI \u00dcniversitemiz merkez ve ba\u011fl\u0131 birimlerinde istihdam edilmek ve giderleri \u00f6zel b\u00fct\u00e7eden kar\u015f\u0131lanmak \u00fczere 4857 say\u0131l\u0131 \u0130\u015f Kanunu esaslar\u0131 kapsam\u0131 ile 09\/08\/2009 tarihli ve 27314 say\u0131l\u0131 Resmi Gazetede yay\u0131mlanan Kamu Kurum ve Kurulu\u015flar\u0131na \u0130\u015f\u00e7i Al\u0131nmas\u0131nda Uygulanacak Usul ve Esaslar Hakk\u0131nda Y\u00f6netmelik h\u00fck\u00fcmleri uyar\u0131nca T\u00fcrkiye \u0130\u015f Kurumu (\u0130\u015eKUR) arac\u0131l\u0131\u011f\u0131yla Tablo-1&#8217;de belirtilen \u00fcnvanlarda belirsiz [&hellip;]<\/p>\n","protected":false},"author":1,"featured_media":5777,"comment_status":"open","ping_status":"open","sticky":false,"template":"","format":"standard","meta":{"footnotes":""},"categories":[55],"tags":[],"class_list":["post-5776","post","type-post","status-publish","format-standard","has-post-thumbnail","hentry","category-is-ilanlari"],"yoast_head":"<!-- This site is optimized with the Yoast SEO plugin v27.4 - https:\/\/yoast.com\/product\/yoast-seo-wordpress\/ -->\n<title>Bursa Uluda\u011f \u00dcniversitesi Rekt\u00f6rl\u00fc\u011f\u00fcnden - Memurun Sesi<\/title>\n<meta name=\"robots\" content=\"index, follow, max-snippet:-1, max-image-preview:large, max-video-preview:-1\" \/>\n<link rel=\"canonical\" href=\"https:\/\/memurunsesi.net\/index.php\/2025\/04\/22\/bursa-uludag-universitesi-rektorlugunden\/\" \/>\n<meta property=\"og:locale\" content=\"tr_TR\" \/>\n<meta property=\"og:type\" content=\"article\" \/>\n<meta property=\"og:title\" content=\"Bursa Uluda\u011f \u00dcniversitesi Rekt\u00f6rl\u00fc\u011f\u00fcnden - Memurun Sesi\" \/>\n<meta property=\"og:description\" content=\"S\u00dcREKL\u0130 \u0130\u015e\u00c7\u0130 ALIM \u0130LANI \u00dcniversitemiz merkez ve ba\u011fl\u0131 birimlerinde istihdam edilmek ve giderleri \u00f6zel b\u00fct\u00e7eden kar\u015f\u0131lanmak \u00fczere 4857 say\u0131l\u0131 \u0130\u015f Kanunu esaslar\u0131 kapsam\u0131 ile 09\/08\/2009 tarihli ve 27314 say\u0131l\u0131 Resmi Gazetede yay\u0131mlanan Kamu Kurum ve Kurulu\u015flar\u0131na \u0130\u015f\u00e7i Al\u0131nmas\u0131nda Uygulanacak Usul ve Esaslar Hakk\u0131nda Y\u00f6netmelik h\u00fck\u00fcmleri uyar\u0131nca T\u00fcrkiye \u0130\u015f Kurumu (\u0130\u015eKUR) arac\u0131l\u0131\u011f\u0131yla Tablo-1&#8217;de belirtilen \u00fcnvanlarda belirsiz [&hellip;]\" \/>\n<meta property=\"og:url\" content=\"https:\/\/memurunsesi.net\/index.php\/2025\/04\/22\/bursa-uludag-universitesi-rektorlugunden\/\" \/>\n<meta property=\"og:site_name\" content=\"Memurun Sesi\" \/>\n<meta property=\"article:publisher\" content=\"https:\/\/www.facebook.com\/unipersen\/?locale=tr_TR\" \/>\n<meta property=\"article:published_time\" content=\"2025-04-22T05:43:14+00:00\" \/>\n<meta property=\"og:image\" content=\"https:\/\/memurunsesi.net\/wp-content\/uploads\/2025\/04\/bursa-uludag-universitesi1436.jpg\" \/>\n\t<meta property=\"og:image:width\" content=\"866\" \/>\n\t<meta property=\"og:image:height\" content=\"650\" \/>\n\t<meta property=\"og:image:type\" content=\"image\/jpeg\" \/>\n<meta name=\"author\" content=\"Memurun Sesi Haber Merkezi\" \/>\n<meta name=\"twitter:card\" content=\"summary_large_image\" \/>\n<meta name=\"twitter:creator\" content=\"@unipersen\" \/>\n<meta name=\"twitter:site\" content=\"@unipersen\" \/>\n<meta name=\"twitter:label1\" content=\"Yazan:\" \/>\n\t<meta name=\"twitter:data1\" content=\"Memurun Sesi Haber Merkezi\" \/>\n\t<meta name=\"twitter:label2\" content=\"Tahmini okuma s\u00fcresi\" \/>\n\t<meta name=\"twitter:data2\" content=\"1 dakika\" \/>\n<script type=\"application\/ld+json\" class=\"yoast-schema-graph\">{\"@context\":\"https:\\\/\\\/schema.org\",\"@graph\":[{\"@type\":\"Article\",\"@id\":\"https:\\\/\\\/memurunsesi.net\\\/index.php\\\/2025\\\/04\\\/22\\\/bursa-uludag-universitesi-rektorlugunden\\\/#article\",\"isPartOf\":{\"@id\":\"https:\\\/\\\/memurunsesi.net\\\/index.php\\\/2025\\\/04\\\/22\\\/bursa-uludag-universitesi-rektorlugunden\\\/\"},\"author\":{\"name\":\"Memurun Sesi Haber Merkezi\",\"@id\":\"https:\\\/\\\/memurunsesi.net\\\/#\\\/schema\\\/person\\\/f21c2d73b89f6ee1d80b0a1803e38587\"},\"headline\":\"Bursa Uluda\u011f \u00dcniversitesi Rekt\u00f6rl\u00fc\u011f\u00fcnden\",\"datePublished\":\"2025-04-22T05:43:14+00:00\",\"mainEntityOfPage\":{\"@id\":\"https:\\\/\\\/memurunsesi.net\\\/index.php\\\/2025\\\/04\\\/22\\\/bursa-uludag-universitesi-rektorlugunden\\\/\"},\"wordCount\":1952,\"commentCount\":0,\"publisher\":{\"@id\":\"https:\\\/\\\/memurunsesi.net\\\/#organization\"},\"image\":{\"@id\":\"https:\\\/\\\/memurunsesi.net\\\/index.php\\\/2025\\\/04\\\/22\\\/bursa-uludag-universitesi-rektorlugunden\\\/#primaryimage\"},\"thumbnailUrl\":\"https:\\\/\\\/memurunsesi.net\\\/wp-content\\\/uploads\\\/2025\\\/04\\\/bursa-uludag-universitesi1436.jpg\",\"articleSection\":[\"\u0130\u015f \u0130lanlar\u0131\"],\"inLanguage\":\"tr\",\"potentialAction\":[{\"@type\":\"CommentAction\",\"name\":\"Comment\",\"target\":[\"https:\\\/\\\/memurunsesi.net\\\/index.php\\\/2025\\\/04\\\/22\\\/bursa-uludag-universitesi-rektorlugunden\\\/#respond\"]}]},{\"@type\":\"WebPage\",\"@id\":\"https:\\\/\\\/memurunsesi.net\\\/index.php\\\/2025\\\/04\\\/22\\\/bursa-uludag-universitesi-rektorlugunden\\\/\",\"url\":\"https:\\\/\\\/memurunsesi.net\\\/index.php\\\/2025\\\/04\\\/22\\\/bursa-uludag-universitesi-rektorlugunden\\\/\",\"name\":\"Bursa Uluda\u011f \u00dcniversitesi Rekt\u00f6rl\u00fc\u011f\u00fcnden - Memurun Sesi\",\"isPartOf\":{\"@id\":\"https:\\\/\\\/memurunsesi.net\\\/#website\"},\"primaryImageOfPage\":{\"@id\":\"https:\\\/\\\/memurunsesi.net\\\/index.php\\\/2025\\\/04\\\/22\\\/bursa-uludag-universitesi-rektorlugunden\\\/#primaryimage\"},\"image\":{\"@id\":\"https:\\\/\\\/memurunsesi.net\\\/index.php\\\/2025\\\/04\\\/22\\\/bursa-uludag-universitesi-rektorlugunden\\\/#primaryimage\"},\"thumbnailUrl\":\"https:\\\/\\\/memurunsesi.net\\\/wp-content\\\/uploads\\\/2025\\\/04\\\/bursa-uludag-universitesi1436.jpg\",\"datePublished\":\"2025-04-22T05:43:14+00:00\",\"breadcrumb\":{\"@id\":\"https:\\\/\\\/memurunsesi.net\\\/index.php\\\/2025\\\/04\\\/22\\\/bursa-uludag-universitesi-rektorlugunden\\\/#breadcrumb\"},\"inLanguage\":\"tr\",\"potentialAction\":[{\"@type\":\"ReadAction\",\"target\":[\"https:\\\/\\\/memurunsesi.net\\\/index.php\\\/2025\\\/04\\\/22\\\/bursa-uludag-universitesi-rektorlugunden\\\/\"]}]},{\"@type\":\"ImageObject\",\"inLanguage\":\"tr\",\"@id\":\"https:\\\/\\\/memurunsesi.net\\\/index.php\\\/2025\\\/04\\\/22\\\/bursa-uludag-universitesi-rektorlugunden\\\/#primaryimage\",\"url\":\"https:\\\/\\\/memurunsesi.net\\\/wp-content\\\/uploads\\\/2025\\\/04\\\/bursa-uludag-universitesi1436.jpg\",\"contentUrl\":\"https:\\\/\\\/memurunsesi.net\\\/wp-content\\\/uploads\\\/2025\\\/04\\\/bursa-uludag-universitesi1436.jpg\",\"width\":866,\"height\":650},{\"@type\":\"BreadcrumbList\",\"@id\":\"https:\\\/\\\/memurunsesi.net\\\/index.php\\\/2025\\\/04\\\/22\\\/bursa-uludag-universitesi-rektorlugunden\\\/#breadcrumb\",\"itemListElement\":[{\"@type\":\"ListItem\",\"position\":1,\"name\":\"Anasayfa\",\"item\":\"https:\\\/\\\/memurunsesi.net\\\/\"},{\"@type\":\"ListItem\",\"position\":2,\"name\":\"Bursa Uluda\u011f \u00dcniversitesi Rekt\u00f6rl\u00fc\u011f\u00fcnden\"}]},{\"@type\":\"WebSite\",\"@id\":\"https:\\\/\\\/memurunsesi.net\\\/#website\",\"url\":\"https:\\\/\\\/memurunsesi.net\\\/\",\"name\":\"Memurun Sesi\",\"description\":\"G\u00fcncel ve Do\u011fru Haber\",\"publisher\":{\"@id\":\"https:\\\/\\\/memurunsesi.net\\\/#organization\"},\"potentialAction\":[{\"@type\":\"SearchAction\",\"target\":{\"@type\":\"EntryPoint\",\"urlTemplate\":\"https:\\\/\\\/memurunsesi.net\\\/?s={search_term_string}\"},\"query-input\":{\"@type\":\"PropertyValueSpecification\",\"valueRequired\":true,\"valueName\":\"search_term_string\"}}],\"inLanguage\":\"tr\"},{\"@type\":\"Organization\",\"@id\":\"https:\\\/\\\/memurunsesi.net\\\/#organization\",\"name\":\"Memurun Sesi\",\"url\":\"https:\\\/\\\/memurunsesi.net\\\/\",\"logo\":{\"@type\":\"ImageObject\",\"inLanguage\":\"tr\",\"@id\":\"https:\\\/\\\/memurunsesi.net\\\/#\\\/schema\\\/logo\\\/image\\\/\",\"url\":\"https:\\\/\\\/memurunsesi.net\\\/wp-content\\\/uploads\\\/2025\\\/11\\\/cropped-MEMURUN-SESI.png\",\"contentUrl\":\"https:\\\/\\\/memurunsesi.net\\\/wp-content\\\/uploads\\\/2025\\\/11\\\/cropped-MEMURUN-SESI.png\",\"width\":238,\"height\":57,\"caption\":\"Memurun Sesi\"},\"image\":{\"@id\":\"https:\\\/\\\/memurunsesi.net\\\/#\\\/schema\\\/logo\\\/image\\\/\"},\"sameAs\":[\"https:\\\/\\\/www.facebook.com\\\/unipersen\\\/?locale=tr_TR\",\"https:\\\/\\\/x.com\\\/unipersen\"]},{\"@type\":\"Person\",\"@id\":\"https:\\\/\\\/memurunsesi.net\\\/#\\\/schema\\\/person\\\/f21c2d73b89f6ee1d80b0a1803e38587\",\"name\":\"Memurun Sesi Haber Merkezi\",\"image\":{\"@type\":\"ImageObject\",\"inLanguage\":\"tr\",\"@id\":\"https:\\\/\\\/secure.gravatar.com\\\/avatar\\\/6cf0505f452ee753f485014986fab09a434671d2b919ee76fc541025c5876a70?s=96&d=mm&r=g\",\"url\":\"https:\\\/\\\/secure.gravatar.com\\\/avatar\\\/6cf0505f452ee753f485014986fab09a434671d2b919ee76fc541025c5876a70?s=96&d=mm&r=g\",\"contentUrl\":\"https:\\\/\\\/secure.gravatar.com\\\/avatar\\\/6cf0505f452ee753f485014986fab09a434671d2b919ee76fc541025c5876a70?s=96&d=mm&r=g\",\"caption\":\"Memurun Sesi Haber Merkezi\"},\"sameAs\":[\"https:\\\/\\\/memurunsesi.net\"],\"url\":\"https:\\\/\\\/memurunsesi.net\\\/index.php\\\/author\\\/uniper\\\/\"}]}<\/script>\n<!-- \/ Yoast SEO plugin. -->","yoast_head_json":{"title":"Bursa Uluda\u011f \u00dcniversitesi Rekt\u00f6rl\u00fc\u011f\u00fcnden - Memurun Sesi","robots":{"index":"index","follow":"follow","max-snippet":"max-snippet:-1","max-image-preview":"max-image-preview:large","max-video-preview":"max-video-preview:-1"},"canonical":"https:\/\/memurunsesi.net\/index.php\/2025\/04\/22\/bursa-uludag-universitesi-rektorlugunden\/","og_locale":"tr_TR","og_type":"article","og_title":"Bursa Uluda\u011f \u00dcniversitesi Rekt\u00f6rl\u00fc\u011f\u00fcnden - Memurun Sesi","og_description":"S\u00dcREKL\u0130 \u0130\u015e\u00c7\u0130 ALIM \u0130LANI \u00dcniversitemiz merkez ve ba\u011fl\u0131 birimlerinde istihdam edilmek ve giderleri \u00f6zel b\u00fct\u00e7eden kar\u015f\u0131lanmak \u00fczere 4857 say\u0131l\u0131 \u0130\u015f Kanunu esaslar\u0131 kapsam\u0131 ile 09\/08\/2009 tarihli ve 27314 say\u0131l\u0131 Resmi Gazetede yay\u0131mlanan Kamu Kurum ve Kurulu\u015flar\u0131na \u0130\u015f\u00e7i Al\u0131nmas\u0131nda Uygulanacak Usul ve Esaslar Hakk\u0131nda Y\u00f6netmelik h\u00fck\u00fcmleri uyar\u0131nca T\u00fcrkiye \u0130\u015f Kurumu (\u0130\u015eKUR) arac\u0131l\u0131\u011f\u0131yla Tablo-1&#8217;de belirtilen \u00fcnvanlarda belirsiz [&hellip;]","og_url":"https:\/\/memurunsesi.net\/index.php\/2025\/04\/22\/bursa-uludag-universitesi-rektorlugunden\/","og_site_name":"Memurun Sesi","article_publisher":"https:\/\/www.facebook.com\/unipersen\/?locale=tr_TR","article_published_time":"2025-04-22T05:43:14+00:00","og_image":[{"width":866,"height":650,"url":"https:\/\/memurunsesi.net\/wp-content\/uploads\/2025\/04\/bursa-uludag-universitesi1436.jpg","type":"image\/jpeg"}],"author":"Memurun Sesi Haber Merkezi","twitter_card":"summary_large_image","twitter_creator":"@unipersen","twitter_site":"@unipersen","twitter_misc":{"Yazan:":"Memurun Sesi Haber Merkezi","Tahmini okuma s\u00fcresi":"1 dakika"},"schema":{"@context":"https:\/\/schema.org","@graph":[{"@type":"Article","@id":"https:\/\/memurunsesi.net\/index.php\/2025\/04\/22\/bursa-uludag-universitesi-rektorlugunden\/#article","isPartOf":{"@id":"https:\/\/memurunsesi.net\/index.php\/2025\/04\/22\/bursa-uludag-universitesi-rektorlugunden\/"},"author":{"name":"Memurun Sesi Haber Merkezi","@id":"https:\/\/memurunsesi.net\/#\/schema\/person\/f21c2d73b89f6ee1d80b0a1803e38587"},"headline":"Bursa Uluda\u011f \u00dcniversitesi Rekt\u00f6rl\u00fc\u011f\u00fcnden","datePublished":"2025-04-22T05:43:14+00:00","mainEntityOfPage":{"@id":"https:\/\/memurunsesi.net\/index.php\/2025\/04\/22\/bursa-uludag-universitesi-rektorlugunden\/"},"wordCount":1952,"commentCount":0,"publisher":{"@id":"https:\/\/memurunsesi.net\/#organization"},"image":{"@id":"https:\/\/memurunsesi.net\/index.php\/2025\/04\/22\/bursa-uludag-universitesi-rektorlugunden\/#primaryimage"},"thumbnailUrl":"https:\/\/memurunsesi.net\/wp-content\/uploads\/2025\/04\/bursa-uludag-universitesi1436.jpg","articleSection":["\u0130\u015f \u0130lanlar\u0131"],"inLanguage":"tr","potentialAction":[{"@type":"CommentAction","name":"Comment","target":["https:\/\/memurunsesi.net\/index.php\/2025\/04\/22\/bursa-uludag-universitesi-rektorlugunden\/#respond"]}]},{"@type":"WebPage","@id":"https:\/\/memurunsesi.net\/index.php\/2025\/04\/22\/bursa-uludag-universitesi-rektorlugunden\/","url":"https:\/\/memurunsesi.net\/index.php\/2025\/04\/22\/bursa-uludag-universitesi-rektorlugunden\/","name":"Bursa Uluda\u011f \u00dcniversitesi Rekt\u00f6rl\u00fc\u011f\u00fcnden - Memurun Sesi","isPartOf":{"@id":"https:\/\/memurunsesi.net\/#website"},"primaryImageOfPage":{"@id":"https:\/\/memurunsesi.net\/index.php\/2025\/04\/22\/bursa-uludag-universitesi-rektorlugunden\/#primaryimage"},"image":{"@id":"https:\/\/memurunsesi.net\/index.php\/2025\/04\/22\/bursa-uludag-universitesi-rektorlugunden\/#primaryimage"},"thumbnailUrl":"https:\/\/memurunsesi.net\/wp-content\/uploads\/2025\/04\/bursa-uludag-universitesi1436.jpg","datePublished":"2025-04-22T05:43:14+00:00","breadcrumb":{"@id":"https:\/\/memurunsesi.net\/index.php\/2025\/04\/22\/bursa-uludag-universitesi-rektorlugunden\/#breadcrumb"},"inLanguage":"tr","potentialAction":[{"@type":"ReadAction","target":["https:\/\/memurunsesi.net\/index.php\/2025\/04\/22\/bursa-uludag-universitesi-rektorlugunden\/"]}]},{"@type":"ImageObject","inLanguage":"tr","@id":"https:\/\/memurunsesi.net\/index.php\/2025\/04\/22\/bursa-uludag-universitesi-rektorlugunden\/#primaryimage","url":"https:\/\/memurunsesi.net\/wp-content\/uploads\/2025\/04\/bursa-uludag-universitesi1436.jpg","contentUrl":"https:\/\/memurunsesi.net\/wp-content\/uploads\/2025\/04\/bursa-uludag-universitesi1436.jpg","width":866,"height":650},{"@type":"BreadcrumbList","@id":"https:\/\/memurunsesi.net\/index.php\/2025\/04\/22\/bursa-uludag-universitesi-rektorlugunden\/#breadcrumb","itemListElement":[{"@type":"ListItem","position":1,"name":"Anasayfa","item":"https:\/\/memurunsesi.net\/"},{"@type":"ListItem","position":2,"name":"Bursa Uluda\u011f \u00dcniversitesi Rekt\u00f6rl\u00fc\u011f\u00fcnden"}]},{"@type":"WebSite","@id":"https:\/\/memurunsesi.net\/#website","url":"https:\/\/memurunsesi.net\/","name":"Memurun Sesi","description":"G\u00fcncel ve Do\u011fru Haber","publisher":{"@id":"https:\/\/memurunsesi.net\/#organization"},"potentialAction":[{"@type":"SearchAction","target":{"@type":"EntryPoint","urlTemplate":"https:\/\/memurunsesi.net\/?s={search_term_string}"},"query-input":{"@type":"PropertyValueSpecification","valueRequired":true,"valueName":"search_term_string"}}],"inLanguage":"tr"},{"@type":"Organization","@id":"https:\/\/memurunsesi.net\/#organization","name":"Memurun Sesi","url":"https:\/\/memurunsesi.net\/","logo":{"@type":"ImageObject","inLanguage":"tr","@id":"https:\/\/memurunsesi.net\/#\/schema\/logo\/image\/","url":"https:\/\/memurunsesi.net\/wp-content\/uploads\/2025\/11\/cropped-MEMURUN-SESI.png","contentUrl":"https:\/\/memurunsesi.net\/wp-content\/uploads\/2025\/11\/cropped-MEMURUN-SESI.png","width":238,"height":57,"caption":"Memurun Sesi"},"image":{"@id":"https:\/\/memurunsesi.net\/#\/schema\/logo\/image\/"},"sameAs":["https:\/\/www.facebook.com\/unipersen\/?locale=tr_TR","https:\/\/x.com\/unipersen"]},{"@type":"Person","@id":"https:\/\/memurunsesi.net\/#\/schema\/person\/f21c2d73b89f6ee1d80b0a1803e38587","name":"Memurun Sesi Haber Merkezi","image":{"@type":"ImageObject","inLanguage":"tr","@id":"https:\/\/secure.gravatar.com\/avatar\/6cf0505f452ee753f485014986fab09a434671d2b919ee76fc541025c5876a70?s=96&d=mm&r=g","url":"https:\/\/secure.gravatar.com\/avatar\/6cf0505f452ee753f485014986fab09a434671d2b919ee76fc541025c5876a70?s=96&d=mm&r=g","contentUrl":"https:\/\/secure.gravatar.com\/avatar\/6cf0505f452ee753f485014986fab09a434671d2b919ee76fc541025c5876a70?s=96&d=mm&r=g","caption":"Memurun Sesi Haber Merkezi"},"sameAs":["https:\/\/memurunsesi.net"],"url":"https:\/\/memurunsesi.net\/index.php\/author\/uniper\/"}]}},"_links":{"self":[{"href":"https:\/\/memurunsesi.net\/index.php\/wp-json\/wp\/v2\/posts\/5776","targetHints":{"allow":["GET"]}}],"collection":[{"href":"https:\/\/memurunsesi.net\/index.php\/wp-json\/wp\/v2\/posts"}],"about":[{"href":"https:\/\/memurunsesi.net\/index.php\/wp-json\/wp\/v2\/types\/post"}],"author":[{"embeddable":true,"href":"https:\/\/memurunsesi.net\/index.php\/wp-json\/wp\/v2\/users\/1"}],"replies":[{"embeddable":true,"href":"https:\/\/memurunsesi.net\/index.php\/wp-json\/wp\/v2\/comments?post=5776"}],"version-history":[{"count":1,"href":"https:\/\/memurunsesi.net\/index.php\/wp-json\/wp\/v2\/posts\/5776\/revisions"}],"predecessor-version":[{"id":5778,"href":"https:\/\/memurunsesi.net\/index.php\/wp-json\/wp\/v2\/posts\/5776\/revisions\/5778"}],"wp:featuredmedia":[{"embeddable":true,"href":"https:\/\/memurunsesi.net\/index.php\/wp-json\/wp\/v2\/media\/5777"}],"wp:attachment":[{"href":"https:\/\/memurunsesi.net\/index.php\/wp-json\/wp\/v2\/media?parent=5776"}],"wp:term":[{"taxonomy":"category","embeddable":true,"href":"https:\/\/memurunsesi.net\/index.php\/wp-json\/wp\/v2\/categories?post=5776"},{"taxonomy":"post_tag","embeddable":true,"href":"https:\/\/memurunsesi.net\/index.php\/wp-json\/wp\/v2\/tags?post=5776"}],"curies":[{"name":"wp","href":"https:\/\/api.w.org\/{rel}","templated":true}]}}