{"id":5791,"date":"2025-04-23T09:16:27","date_gmt":"2025-04-23T06:16:27","guid":{"rendered":"https:\/\/memurunsesi.net\/?p=5791"},"modified":"2025-04-23T09:16:27","modified_gmt":"2025-04-23T06:16:27","slug":"aydin-valisi-canbolattan-23-nisan-mesaji","status":"publish","type":"post","link":"https:\/\/memurunsesi.net\/index.php\/2025\/04\/23\/aydin-valisi-canbolattan-23-nisan-mesaji\/","title":{"rendered":"Ayd\u0131n Valisi Canbolat&#8217;tan 23 Nisan mesaj\u0131"},"content":{"rendered":"<p>\n Ayd\u0131n Valisi Yakup Canbolat 23 Nisan Ulusal Egemenlik ve \u00c7ocuk Bayram\u0131\u2019n\u0131n 105. y\u0131l\u0131 dolay\u0131s\u0131yla yay\u0131mlad\u0131\u011f\u0131 mesaj\u0131nda milli egemenli\u011fin ve \u00e7ocuklar\u0131n \u00f6nemine dikkat \u00e7ekti.  <\/p>\n<p>  Vali Canbolat mesaj\u0131nda, T\u00fcrkiye B\u00fcy\u00fck Millet Meclisi&#8217;nin a\u00e7\u0131l\u0131\u015f\u0131n\u0131n T\u00fcrk milletinin ba\u011f\u0131ms\u0131zl\u0131k yolunda att\u0131\u011f\u0131 en b\u00fcy\u00fck ad\u0131mlardan biri oldu\u011funu vurgulad\u0131. Vali Canbolat, TBMM\u2019nin milli iradenin, demokrasinin ve ba\u011f\u0131ms\u0131zl\u0131\u011f\u0131n teminat\u0131 oldu\u011funu ifade etti\u011fi mesaj\u0131nda; &#8220;Bug\u00fcn, \u015fanl\u0131 tarihimizde yeni bir sayfan\u0131n a\u00e7\u0131ld\u0131\u011f\u0131, T\u00fcrkiye B\u00fcy\u00fck Millet Meclisimizin a\u00e7\u0131larak, T\u00fcrkiye Cumhuriyeti\u2019nin temellerinin at\u0131ld\u0131\u011f\u0131 23 Nisan 1920 Ulusal Egemenlik ve \u00c7ocuk Bayram\u0131n\u0131n 105. y\u0131ld\u00f6n\u00fcm\u00fc kutlaman\u0131n gururunu hep birlikte ya\u015f\u0131yoruz. 23 Nisan 1920, &#8216;Egemenlik kay\u0131ts\u0131z \u015farts\u0131z milletindir&#8217; diyerek ba\u011f\u0131ms\u0131zl\u0131\u011f\u0131m\u0131z\u0131 ve milli iradenin hakimiyetini t\u00fcm d\u00fcnyaya ilan etti\u011fimiz tarihtir. \u00d6nce b\u00fcy\u00fck zaferlere, ard\u0131ndan Cumhuriyetimizin kurulu\u015funa uzanan yolda pek \u00e7ok \u00f6nemli ad\u0131m\u0131 atan T\u00fcrkiye B\u00fcy\u00fck Millet Meclisimiz, ilelebet milli iradenin, millet egemenli\u011finin, demokrasimizin ve ba\u011f\u0131ms\u0131zl\u0131\u011f\u0131m\u0131z\u0131n teminat\u0131d\u0131r. Gazi Mustafa Kemal Atat\u00fcrk taraf\u0131ndan gelece\u011fimizin g\u00fcvencesi olan \u00e7ocuklar\u0131m\u0131za ve t\u00fcm d\u00fcnya \u00e7ocuklar\u0131na bayram olarak arma\u011fan edilen ilk Meclis\u2019in a\u00e7\u0131l\u0131\u015f tarihi olan &#8220;23 Nisan&#8221; g\u00fcn\u00fc, ecdad\u0131m\u0131z\u0131n gelecek nesillere ne kadar de\u011fer verdi\u011fini ve onlara ne kadar g\u00fcvendi\u011fini ortaya koymaktad\u0131r. 23 Nisan d\u00fcnya \u00e7ocuklar\u0131 aras\u0131nda sevgi, karde\u015flik ve dostluk ba\u011flar\u0131 g\u00fc\u00e7lenerek t\u00fcm insanl\u0131\u011f\u0131n huzur ve bar\u0131\u015f i\u00e7erisinde ya\u015fayabilecekleri bir d\u00fcnyan\u0131n temelidir. Her y\u0131l pek \u00e7ok etkinlikle d\u00fcnyan\u0131n farkl\u0131 \u00fclkelerinden gelen \u00e7ocuklarla birlikte kutlaman\u0131n mutlulu\u011funu ya\u015f\u0131yoruz&#8221; dedi.  <\/p>\n<p>Mesaj\u0131n\u0131n devam\u0131nda \u00e7ocuklara seslenen Canbolat, &#8220;Sevgili \u00e7ocuklar; En b\u00fcy\u00fck arzumuz, sizlerin g\u00fcvenli ve sa\u011fl\u0131kl\u0131 ortamlarda, iyi e\u011fitim alarak, topluma ve insanl\u0131\u011fa yararl\u0131 \u00f6zg\u00fcr bireyler olarak yeti\u015fmenizi sa\u011flamakt\u0131r. Kahraman bir milletin \u00e7ocuklar\u0131 olarak sizler, \u00fclkemizin \u00fcmitleri, istikbali ve yar\u0131nlar\u0131s\u0131n\u0131z. Bunun i\u00e7in bizler b\u00fct\u00fcn hayallerimizi sizlerin \u00fczerinden kuruyoruz. \u0130nan\u0131yoruz ki, yar\u0131nlar\u0131n T\u00fcrkiye\u2019si sizlerle ayd\u0131nl\u0131k, sizlerle mutlu; sizlerle daha geli\u015fmi\u015f ve kalk\u0131nm\u0131\u015f olacakt\u0131r. Ne mutlu sizlere ki, Cumhuriyetin gelece\u011fini gen\u00e7lere ve siz \u00e7ocuklara emanet edecek kadar \u00e7ocuklar\u0131m\u0131za g\u00fcvenen ve milli egemenli\u011fin ilan edildi\u011fi g\u00fcn\u00fc sizlere bayram ilan eden bir milletin \u00e7ocuklar\u0131s\u0131n\u0131z. Ne mutlu sizlere ki, Ulusal Egemenlik ve \u00c7ocuk Bayram\u0131\u2019n\u0131 d\u00fcnya \u00e7ocuklar\u0131 ile birlikte kutlayan bir \u00fclkenin \u00e7ocuklar\u0131s\u0131n\u0131z. Gazi Mustafa Kemal Atat\u00fcrk; &#8220;K\u00fc\u00e7\u00fck han\u0131mlar, K\u00fc\u00e7\u00fck beyler! Sizler hepiniz gelece\u011fin bir g\u00fcl\u00fc, y\u0131ld\u0131z\u0131 ve ikbal \u0131\u015f\u0131\u011f\u0131s\u0131n\u0131z. Memleketi as\u0131l \u0131\u015f\u0131\u011fa bo\u011facak olan sizsiniz. Kendinizin ne kadar \u00f6nemli, de\u011ferli oldu\u011funuzu d\u00fc\u015f\u00fcnerek ona g\u00f6re \u00e7al\u0131\u015f\u0131n\u0131z. Sizlerden \u00e7ok \u015fey bekliyoruz.&#8221; s\u00f6zleriyle \u00e7ocuklar\u0131m\u0131z\u0131n gelece\u011fin umudu ve mimar\u0131 olduklar\u0131n\u0131 belirtmi\u015ftir. Bu i\u015fi ba\u015farman\u0131z i\u00e7in de \u00e7ok \u00e7al\u0131\u015fmak, \u00e7ok gayret sarf etmek ve bu y\u00fcce milletin evlatlar\u0131 olarak birbirinizi \u00e7ok sevmek durumundas\u0131n\u0131z&#8221; ifadelerini kulland\u0131. <\/p>\n<p>Vali Canbolat, mesaj\u0131n\u0131n sonunda \u015fu ifadelere yer verdi: <\/p>\n<p>&#8220;Bu duygu ve d\u00fc\u015f\u00fcncelerle \u0130stiklal Sava\u015f\u0131m\u0131za Mill\u00ee M\u00fccadele vasf\u0131 kazand\u0131ran, onu milli irade temeline dayand\u0131ran ba\u015fta Gazi Mustafa Kemal Atat\u00fcrk olmak \u00fczere, T\u00fcrkiye B\u00fcy\u00fck Millet Meclisi\u2019nin kurucular\u0131n\u0131, istiklal m\u00fccadelemizi y\u00fcr\u00fcten Gazi Meclis\u2019in b\u00fct\u00fcn mebuslar\u0131n\u0131 ve aziz \u015fehitlerimizi minnet ve \u015f\u00fckranla yad ediyorum. Gelece\u011fimizin teminat\u0131 olan t\u00fcm \u00e7ocuklar\u0131m\u0131z\u0131 sevgiyle kucakl\u0131yor, bayram\u0131n t\u00fcm milletimiz<br \/>\nve insanl\u0131k i\u00e7in iyiliklere, esenliklere, g\u00fczelliklere vesile olmas\u0131 temennisiyle &#8217;23 Nisan Ulusal Egemenlik ve \u00c7ocuk Bayramlar\u0131n\u0131&#8217; kutluyor, sayg\u0131lar sunuyorum.&#8221; <\/p>\n<p>23.04.2025                               <\/p>\n","protected":false},"excerpt":{"rendered":"<p>Ayd\u0131n Valisi Yakup Canbolat 23 Nisan Ulusal Egemenlik ve \u00c7ocuk Bayram\u0131\u2019n\u0131n 105. y\u0131l\u0131 dolay\u0131s\u0131yla yay\u0131mlad\u0131\u011f\u0131 mesaj\u0131nda milli egemenli\u011fin ve \u00e7ocuklar\u0131n \u00f6nemine dikkat \u00e7ekti. Vali Canbolat mesaj\u0131nda, T\u00fcrkiye B\u00fcy\u00fck Millet Meclisi&#8217;nin a\u00e7\u0131l\u0131\u015f\u0131n\u0131n T\u00fcrk milletinin ba\u011f\u0131ms\u0131zl\u0131k yolunda att\u0131\u011f\u0131 en b\u00fcy\u00fck ad\u0131mlardan biri oldu\u011funu vurgulad\u0131. Vali Canbolat, TBMM\u2019nin milli iradenin, demokrasinin ve ba\u011f\u0131ms\u0131zl\u0131\u011f\u0131n teminat\u0131 oldu\u011funu ifade etti\u011fi mesaj\u0131nda; [&hellip;]<\/p>\n","protected":false},"author":1,"featured_media":5792,"comment_status":"open","ping_status":"open","sticky":false,"template":"","format":"standard","meta":{"footnotes":""},"categories":[1],"tags":[],"class_list":["post-5791","post","type-post","status-publish","format-standard","has-post-thumbnail","hentry","category-genel"],"yoast_head":"<!-- This site is optimized with the Yoast SEO plugin v27.4 - https:\/\/yoast.com\/product\/yoast-seo-wordpress\/ -->\n<title>Ayd\u0131n Valisi Canbolat&#039;tan 23 Nisan mesaj\u0131 - Memurun Sesi<\/title>\n<meta name=\"robots\" content=\"index, follow, max-snippet:-1, max-image-preview:large, max-video-preview:-1\" \/>\n<link rel=\"canonical\" href=\"https:\/\/memurunsesi.net\/index.php\/2025\/04\/23\/aydin-valisi-canbolattan-23-nisan-mesaji\/\" \/>\n<meta property=\"og:locale\" content=\"tr_TR\" \/>\n<meta property=\"og:type\" content=\"article\" \/>\n<meta property=\"og:title\" content=\"Ayd\u0131n Valisi Canbolat&#039;tan 23 Nisan mesaj\u0131 - Memurun Sesi\" \/>\n<meta property=\"og:description\" content=\"Ayd\u0131n Valisi Yakup Canbolat 23 Nisan Ulusal Egemenlik ve \u00c7ocuk Bayram\u0131\u2019n\u0131n 105. y\u0131l\u0131 dolay\u0131s\u0131yla yay\u0131mlad\u0131\u011f\u0131 mesaj\u0131nda milli egemenli\u011fin ve \u00e7ocuklar\u0131n \u00f6nemine dikkat \u00e7ekti. Vali Canbolat mesaj\u0131nda, T\u00fcrkiye B\u00fcy\u00fck Millet Meclisi&#8217;nin a\u00e7\u0131l\u0131\u015f\u0131n\u0131n T\u00fcrk milletinin ba\u011f\u0131ms\u0131zl\u0131k yolunda att\u0131\u011f\u0131 en b\u00fcy\u00fck ad\u0131mlardan biri oldu\u011funu vurgulad\u0131. Vali Canbolat, TBMM\u2019nin milli iradenin, demokrasinin ve ba\u011f\u0131ms\u0131zl\u0131\u011f\u0131n teminat\u0131 oldu\u011funu ifade etti\u011fi mesaj\u0131nda; [&hellip;]\" \/>\n<meta property=\"og:url\" content=\"https:\/\/memurunsesi.net\/index.php\/2025\/04\/23\/aydin-valisi-canbolattan-23-nisan-mesaji\/\" \/>\n<meta property=\"og:site_name\" content=\"Memurun Sesi\" \/>\n<meta property=\"article:publisher\" content=\"https:\/\/www.facebook.com\/unipersen\/?locale=tr_TR\" \/>\n<meta property=\"article:published_time\" content=\"2025-04-23T06:16:27+00:00\" \/>\n<meta property=\"og:image\" content=\"https:\/\/memurunsesi.net\/wp-content\/uploads\/2025\/04\/AW438867_01.jpg\" \/>\n\t<meta property=\"og:image:width\" content=\"850\" \/>\n\t<meta property=\"og:image:height\" content=\"450\" \/>\n\t<meta property=\"og:image:type\" content=\"image\/jpeg\" \/>\n<meta name=\"author\" content=\"Memurun Sesi Haber Merkezi\" \/>\n<meta name=\"twitter:card\" content=\"summary_large_image\" \/>\n<meta name=\"twitter:creator\" content=\"@unipersen\" \/>\n<meta name=\"twitter:site\" content=\"@unipersen\" \/>\n<meta name=\"twitter:label1\" content=\"Yazan:\" \/>\n\t<meta name=\"twitter:data1\" content=\"Memurun Sesi Haber Merkezi\" \/>\n\t<meta name=\"twitter:label2\" content=\"Tahmini okuma s\u00fcresi\" \/>\n\t<meta name=\"twitter:data2\" content=\"1 dakika\" \/>\n<script type=\"application\/ld+json\" class=\"yoast-schema-graph\">{\"@context\":\"https:\\\/\\\/schema.org\",\"@graph\":[{\"@type\":\"Article\",\"@id\":\"https:\\\/\\\/memurunsesi.net\\\/index.php\\\/2025\\\/04\\\/23\\\/aydin-valisi-canbolattan-23-nisan-mesaji\\\/#article\",\"isPartOf\":{\"@id\":\"https:\\\/\\\/memurunsesi.net\\\/index.php\\\/2025\\\/04\\\/23\\\/aydin-valisi-canbolattan-23-nisan-mesaji\\\/\"},\"author\":{\"name\":\"Memurun Sesi Haber Merkezi\",\"@id\":\"https:\\\/\\\/memurunsesi.net\\\/#\\\/schema\\\/person\\\/f21c2d73b89f6ee1d80b0a1803e38587\"},\"headline\":\"Ayd\u0131n Valisi Canbolat&#8217;tan 23 Nisan mesaj\u0131\",\"datePublished\":\"2025-04-23T06:16:27+00:00\",\"mainEntityOfPage\":{\"@id\":\"https:\\\/\\\/memurunsesi.net\\\/index.php\\\/2025\\\/04\\\/23\\\/aydin-valisi-canbolattan-23-nisan-mesaji\\\/\"},\"wordCount\":682,\"commentCount\":0,\"publisher\":{\"@id\":\"https:\\\/\\\/memurunsesi.net\\\/#organization\"},\"image\":{\"@id\":\"https:\\\/\\\/memurunsesi.net\\\/index.php\\\/2025\\\/04\\\/23\\\/aydin-valisi-canbolattan-23-nisan-mesaji\\\/#primaryimage\"},\"thumbnailUrl\":\"https:\\\/\\\/memurunsesi.net\\\/wp-content\\\/uploads\\\/2025\\\/04\\\/AW438867_01.jpg\",\"inLanguage\":\"tr\",\"potentialAction\":[{\"@type\":\"CommentAction\",\"name\":\"Comment\",\"target\":[\"https:\\\/\\\/memurunsesi.net\\\/index.php\\\/2025\\\/04\\\/23\\\/aydin-valisi-canbolattan-23-nisan-mesaji\\\/#respond\"]}]},{\"@type\":\"WebPage\",\"@id\":\"https:\\\/\\\/memurunsesi.net\\\/index.php\\\/2025\\\/04\\\/23\\\/aydin-valisi-canbolattan-23-nisan-mesaji\\\/\",\"url\":\"https:\\\/\\\/memurunsesi.net\\\/index.php\\\/2025\\\/04\\\/23\\\/aydin-valisi-canbolattan-23-nisan-mesaji\\\/\",\"name\":\"Ayd\u0131n Valisi Canbolat'tan 23 Nisan mesaj\u0131 - Memurun Sesi\",\"isPartOf\":{\"@id\":\"https:\\\/\\\/memurunsesi.net\\\/#website\"},\"primaryImageOfPage\":{\"@id\":\"https:\\\/\\\/memurunsesi.net\\\/index.php\\\/2025\\\/04\\\/23\\\/aydin-valisi-canbolattan-23-nisan-mesaji\\\/#primaryimage\"},\"image\":{\"@id\":\"https:\\\/\\\/memurunsesi.net\\\/index.php\\\/2025\\\/04\\\/23\\\/aydin-valisi-canbolattan-23-nisan-mesaji\\\/#primaryimage\"},\"thumbnailUrl\":\"https:\\\/\\\/memurunsesi.net\\\/wp-content\\\/uploads\\\/2025\\\/04\\\/AW438867_01.jpg\",\"datePublished\":\"2025-04-23T06:16:27+00:00\",\"breadcrumb\":{\"@id\":\"https:\\\/\\\/memurunsesi.net\\\/index.php\\\/2025\\\/04\\\/23\\\/aydin-valisi-canbolattan-23-nisan-mesaji\\\/#breadcrumb\"},\"inLanguage\":\"tr\",\"potentialAction\":[{\"@type\":\"ReadAction\",\"target\":[\"https:\\\/\\\/memurunsesi.net\\\/index.php\\\/2025\\\/04\\\/23\\\/aydin-valisi-canbolattan-23-nisan-mesaji\\\/\"]}]},{\"@type\":\"ImageObject\",\"inLanguage\":\"tr\",\"@id\":\"https:\\\/\\\/memurunsesi.net\\\/index.php\\\/2025\\\/04\\\/23\\\/aydin-valisi-canbolattan-23-nisan-mesaji\\\/#primaryimage\",\"url\":\"https:\\\/\\\/memurunsesi.net\\\/wp-content\\\/uploads\\\/2025\\\/04\\\/AW438867_01.jpg\",\"contentUrl\":\"https:\\\/\\\/memurunsesi.net\\\/wp-content\\\/uploads\\\/2025\\\/04\\\/AW438867_01.jpg\",\"width\":850,\"height\":450,\"caption\":\"AYDIN VAL\u0130S\u0130 YAKUP CANBOLAT 23 N\u0130SAN ULUSAL EGEMENL\u0130K VE \u00c7OCUK BAYRAMI'NIN 105. YILI DOLAYISIYLA YAYIMLADI\u011eI MESAJINDA M\u0130LL\u0130 EGEMENL\u0130\u011e\u0130N VE \u00c7OCUKLARIN \u00d6NEM\u0130NE D\u0130KKAT \u00c7EKEREK, \\\"\u00c7OCUKLAR, CUMHUR\u0130YET\u0130M\u0130Z\u0130N TEM\u0130NATIDIR\\\" DED\u0130. (MURAT U\u00c7KA\u00c7\\\/AYDIN-\u0130HA) Ayd\u0131n Valisi Yakup Canbolat 23 Nisan Ulusal Egemenlik ve \u00c7ocuk Bayram\u0131'n\u0131n 105. y\u0131l\u0131 dolay\u0131s\u0131yla yay\u0131mlad\u0131\u011f\u0131 mesaj\u0131nda milli egemenli\u011fin ve \u00e7ocuklar\u0131n \u00f6nemine dikkat \u00e7ekti.\"},{\"@type\":\"BreadcrumbList\",\"@id\":\"https:\\\/\\\/memurunsesi.net\\\/index.php\\\/2025\\\/04\\\/23\\\/aydin-valisi-canbolattan-23-nisan-mesaji\\\/#breadcrumb\",\"itemListElement\":[{\"@type\":\"ListItem\",\"position\":1,\"name\":\"Anasayfa\",\"item\":\"https:\\\/\\\/memurunsesi.net\\\/\"},{\"@type\":\"ListItem\",\"position\":2,\"name\":\"Ayd\u0131n Valisi Canbolat&#8217;tan 23 Nisan mesaj\u0131\"}]},{\"@type\":\"WebSite\",\"@id\":\"https:\\\/\\\/memurunsesi.net\\\/#website\",\"url\":\"https:\\\/\\\/memurunsesi.net\\\/\",\"name\":\"Memurun Sesi\",\"description\":\"G\u00fcncel ve Do\u011fru Haber\",\"publisher\":{\"@id\":\"https:\\\/\\\/memurunsesi.net\\\/#organization\"},\"potentialAction\":[{\"@type\":\"SearchAction\",\"target\":{\"@type\":\"EntryPoint\",\"urlTemplate\":\"https:\\\/\\\/memurunsesi.net\\\/?s={search_term_string}\"},\"query-input\":{\"@type\":\"PropertyValueSpecification\",\"valueRequired\":true,\"valueName\":\"search_term_string\"}}],\"inLanguage\":\"tr\"},{\"@type\":\"Organization\",\"@id\":\"https:\\\/\\\/memurunsesi.net\\\/#organization\",\"name\":\"Memurun Sesi\",\"url\":\"https:\\\/\\\/memurunsesi.net\\\/\",\"logo\":{\"@type\":\"ImageObject\",\"inLanguage\":\"tr\",\"@id\":\"https:\\\/\\\/memurunsesi.net\\\/#\\\/schema\\\/logo\\\/image\\\/\",\"url\":\"https:\\\/\\\/memurunsesi.net\\\/wp-content\\\/uploads\\\/2025\\\/11\\\/cropped-MEMURUN-SESI.png\",\"contentUrl\":\"https:\\\/\\\/memurunsesi.net\\\/wp-content\\\/uploads\\\/2025\\\/11\\\/cropped-MEMURUN-SESI.png\",\"width\":238,\"height\":57,\"caption\":\"Memurun Sesi\"},\"image\":{\"@id\":\"https:\\\/\\\/memurunsesi.net\\\/#\\\/schema\\\/logo\\\/image\\\/\"},\"sameAs\":[\"https:\\\/\\\/www.facebook.com\\\/unipersen\\\/?locale=tr_TR\",\"https:\\\/\\\/x.com\\\/unipersen\"]},{\"@type\":\"Person\",\"@id\":\"https:\\\/\\\/memurunsesi.net\\\/#\\\/schema\\\/person\\\/f21c2d73b89f6ee1d80b0a1803e38587\",\"name\":\"Memurun Sesi Haber Merkezi\",\"image\":{\"@type\":\"ImageObject\",\"inLanguage\":\"tr\",\"@id\":\"https:\\\/\\\/secure.gravatar.com\\\/avatar\\\/6cf0505f452ee753f485014986fab09a434671d2b919ee76fc541025c5876a70?s=96&d=mm&r=g\",\"url\":\"https:\\\/\\\/secure.gravatar.com\\\/avatar\\\/6cf0505f452ee753f485014986fab09a434671d2b919ee76fc541025c5876a70?s=96&d=mm&r=g\",\"contentUrl\":\"https:\\\/\\\/secure.gravatar.com\\\/avatar\\\/6cf0505f452ee753f485014986fab09a434671d2b919ee76fc541025c5876a70?s=96&d=mm&r=g\",\"caption\":\"Memurun Sesi Haber Merkezi\"},\"sameAs\":[\"https:\\\/\\\/memurunsesi.net\"],\"url\":\"https:\\\/\\\/memurunsesi.net\\\/index.php\\\/author\\\/uniper\\\/\"}]}<\/script>\n<!-- \/ Yoast SEO plugin. -->","yoast_head_json":{"title":"Ayd\u0131n Valisi Canbolat'tan 23 Nisan mesaj\u0131 - Memurun Sesi","robots":{"index":"index","follow":"follow","max-snippet":"max-snippet:-1","max-image-preview":"max-image-preview:large","max-video-preview":"max-video-preview:-1"},"canonical":"https:\/\/memurunsesi.net\/index.php\/2025\/04\/23\/aydin-valisi-canbolattan-23-nisan-mesaji\/","og_locale":"tr_TR","og_type":"article","og_title":"Ayd\u0131n Valisi Canbolat'tan 23 Nisan mesaj\u0131 - Memurun Sesi","og_description":"Ayd\u0131n Valisi Yakup Canbolat 23 Nisan Ulusal Egemenlik ve \u00c7ocuk Bayram\u0131\u2019n\u0131n 105. y\u0131l\u0131 dolay\u0131s\u0131yla yay\u0131mlad\u0131\u011f\u0131 mesaj\u0131nda milli egemenli\u011fin ve \u00e7ocuklar\u0131n \u00f6nemine dikkat \u00e7ekti. Vali Canbolat mesaj\u0131nda, T\u00fcrkiye B\u00fcy\u00fck Millet Meclisi&#8217;nin a\u00e7\u0131l\u0131\u015f\u0131n\u0131n T\u00fcrk milletinin ba\u011f\u0131ms\u0131zl\u0131k yolunda att\u0131\u011f\u0131 en b\u00fcy\u00fck ad\u0131mlardan biri oldu\u011funu vurgulad\u0131. Vali Canbolat, TBMM\u2019nin milli iradenin, demokrasinin ve ba\u011f\u0131ms\u0131zl\u0131\u011f\u0131n teminat\u0131 oldu\u011funu ifade etti\u011fi mesaj\u0131nda; [&hellip;]","og_url":"https:\/\/memurunsesi.net\/index.php\/2025\/04\/23\/aydin-valisi-canbolattan-23-nisan-mesaji\/","og_site_name":"Memurun Sesi","article_publisher":"https:\/\/www.facebook.com\/unipersen\/?locale=tr_TR","article_published_time":"2025-04-23T06:16:27+00:00","og_image":[{"width":850,"height":450,"url":"https:\/\/memurunsesi.net\/wp-content\/uploads\/2025\/04\/AW438867_01.jpg","type":"image\/jpeg"}],"author":"Memurun Sesi Haber Merkezi","twitter_card":"summary_large_image","twitter_creator":"@unipersen","twitter_site":"@unipersen","twitter_misc":{"Yazan:":"Memurun Sesi Haber Merkezi","Tahmini okuma s\u00fcresi":"1 dakika"},"schema":{"@context":"https:\/\/schema.org","@graph":[{"@type":"Article","@id":"https:\/\/memurunsesi.net\/index.php\/2025\/04\/23\/aydin-valisi-canbolattan-23-nisan-mesaji\/#article","isPartOf":{"@id":"https:\/\/memurunsesi.net\/index.php\/2025\/04\/23\/aydin-valisi-canbolattan-23-nisan-mesaji\/"},"author":{"name":"Memurun Sesi Haber Merkezi","@id":"https:\/\/memurunsesi.net\/#\/schema\/person\/f21c2d73b89f6ee1d80b0a1803e38587"},"headline":"Ayd\u0131n Valisi Canbolat&#8217;tan 23 Nisan mesaj\u0131","datePublished":"2025-04-23T06:16:27+00:00","mainEntityOfPage":{"@id":"https:\/\/memurunsesi.net\/index.php\/2025\/04\/23\/aydin-valisi-canbolattan-23-nisan-mesaji\/"},"wordCount":682,"commentCount":0,"publisher":{"@id":"https:\/\/memurunsesi.net\/#organization"},"image":{"@id":"https:\/\/memurunsesi.net\/index.php\/2025\/04\/23\/aydin-valisi-canbolattan-23-nisan-mesaji\/#primaryimage"},"thumbnailUrl":"https:\/\/memurunsesi.net\/wp-content\/uploads\/2025\/04\/AW438867_01.jpg","inLanguage":"tr","potentialAction":[{"@type":"CommentAction","name":"Comment","target":["https:\/\/memurunsesi.net\/index.php\/2025\/04\/23\/aydin-valisi-canbolattan-23-nisan-mesaji\/#respond"]}]},{"@type":"WebPage","@id":"https:\/\/memurunsesi.net\/index.php\/2025\/04\/23\/aydin-valisi-canbolattan-23-nisan-mesaji\/","url":"https:\/\/memurunsesi.net\/index.php\/2025\/04\/23\/aydin-valisi-canbolattan-23-nisan-mesaji\/","name":"Ayd\u0131n Valisi Canbolat'tan 23 Nisan mesaj\u0131 - Memurun Sesi","isPartOf":{"@id":"https:\/\/memurunsesi.net\/#website"},"primaryImageOfPage":{"@id":"https:\/\/memurunsesi.net\/index.php\/2025\/04\/23\/aydin-valisi-canbolattan-23-nisan-mesaji\/#primaryimage"},"image":{"@id":"https:\/\/memurunsesi.net\/index.php\/2025\/04\/23\/aydin-valisi-canbolattan-23-nisan-mesaji\/#primaryimage"},"thumbnailUrl":"https:\/\/memurunsesi.net\/wp-content\/uploads\/2025\/04\/AW438867_01.jpg","datePublished":"2025-04-23T06:16:27+00:00","breadcrumb":{"@id":"https:\/\/memurunsesi.net\/index.php\/2025\/04\/23\/aydin-valisi-canbolattan-23-nisan-mesaji\/#breadcrumb"},"inLanguage":"tr","potentialAction":[{"@type":"ReadAction","target":["https:\/\/memurunsesi.net\/index.php\/2025\/04\/23\/aydin-valisi-canbolattan-23-nisan-mesaji\/"]}]},{"@type":"ImageObject","inLanguage":"tr","@id":"https:\/\/memurunsesi.net\/index.php\/2025\/04\/23\/aydin-valisi-canbolattan-23-nisan-mesaji\/#primaryimage","url":"https:\/\/memurunsesi.net\/wp-content\/uploads\/2025\/04\/AW438867_01.jpg","contentUrl":"https:\/\/memurunsesi.net\/wp-content\/uploads\/2025\/04\/AW438867_01.jpg","width":850,"height":450,"caption":"AYDIN VAL\u0130S\u0130 YAKUP CANBOLAT 23 N\u0130SAN ULUSAL EGEMENL\u0130K VE \u00c7OCUK BAYRAMI'NIN 105. YILI DOLAYISIYLA YAYIMLADI\u011eI MESAJINDA M\u0130LL\u0130 EGEMENL\u0130\u011e\u0130N VE \u00c7OCUKLARIN \u00d6NEM\u0130NE D\u0130KKAT \u00c7EKEREK, \"\u00c7OCUKLAR, CUMHUR\u0130YET\u0130M\u0130Z\u0130N TEM\u0130NATIDIR\" DED\u0130. (MURAT U\u00c7KA\u00c7\/AYDIN-\u0130HA) Ayd\u0131n Valisi Yakup Canbolat 23 Nisan Ulusal Egemenlik ve \u00c7ocuk Bayram\u0131'n\u0131n 105. y\u0131l\u0131 dolay\u0131s\u0131yla yay\u0131mlad\u0131\u011f\u0131 mesaj\u0131nda milli egemenli\u011fin ve \u00e7ocuklar\u0131n \u00f6nemine dikkat \u00e7ekti."},{"@type":"BreadcrumbList","@id":"https:\/\/memurunsesi.net\/index.php\/2025\/04\/23\/aydin-valisi-canbolattan-23-nisan-mesaji\/#breadcrumb","itemListElement":[{"@type":"ListItem","position":1,"name":"Anasayfa","item":"https:\/\/memurunsesi.net\/"},{"@type":"ListItem","position":2,"name":"Ayd\u0131n Valisi Canbolat&#8217;tan 23 Nisan mesaj\u0131"}]},{"@type":"WebSite","@id":"https:\/\/memurunsesi.net\/#website","url":"https:\/\/memurunsesi.net\/","name":"Memurun Sesi","description":"G\u00fcncel ve Do\u011fru Haber","publisher":{"@id":"https:\/\/memurunsesi.net\/#organization"},"potentialAction":[{"@type":"SearchAction","target":{"@type":"EntryPoint","urlTemplate":"https:\/\/memurunsesi.net\/?s={search_term_string}"},"query-input":{"@type":"PropertyValueSpecification","valueRequired":true,"valueName":"search_term_string"}}],"inLanguage":"tr"},{"@type":"Organization","@id":"https:\/\/memurunsesi.net\/#organization","name":"Memurun Sesi","url":"https:\/\/memurunsesi.net\/","logo":{"@type":"ImageObject","inLanguage":"tr","@id":"https:\/\/memurunsesi.net\/#\/schema\/logo\/image\/","url":"https:\/\/memurunsesi.net\/wp-content\/uploads\/2025\/11\/cropped-MEMURUN-SESI.png","contentUrl":"https:\/\/memurunsesi.net\/wp-content\/uploads\/2025\/11\/cropped-MEMURUN-SESI.png","width":238,"height":57,"caption":"Memurun Sesi"},"image":{"@id":"https:\/\/memurunsesi.net\/#\/schema\/logo\/image\/"},"sameAs":["https:\/\/www.facebook.com\/unipersen\/?locale=tr_TR","https:\/\/x.com\/unipersen"]},{"@type":"Person","@id":"https:\/\/memurunsesi.net\/#\/schema\/person\/f21c2d73b89f6ee1d80b0a1803e38587","name":"Memurun Sesi Haber Merkezi","image":{"@type":"ImageObject","inLanguage":"tr","@id":"https:\/\/secure.gravatar.com\/avatar\/6cf0505f452ee753f485014986fab09a434671d2b919ee76fc541025c5876a70?s=96&d=mm&r=g","url":"https:\/\/secure.gravatar.com\/avatar\/6cf0505f452ee753f485014986fab09a434671d2b919ee76fc541025c5876a70?s=96&d=mm&r=g","contentUrl":"https:\/\/secure.gravatar.com\/avatar\/6cf0505f452ee753f485014986fab09a434671d2b919ee76fc541025c5876a70?s=96&d=mm&r=g","caption":"Memurun Sesi Haber Merkezi"},"sameAs":["https:\/\/memurunsesi.net"],"url":"https:\/\/memurunsesi.net\/index.php\/author\/uniper\/"}]}},"_links":{"self":[{"href":"https:\/\/memurunsesi.net\/index.php\/wp-json\/wp\/v2\/posts\/5791","targetHints":{"allow":["GET"]}}],"collection":[{"href":"https:\/\/memurunsesi.net\/index.php\/wp-json\/wp\/v2\/posts"}],"about":[{"href":"https:\/\/memurunsesi.net\/index.php\/wp-json\/wp\/v2\/types\/post"}],"author":[{"embeddable":true,"href":"https:\/\/memurunsesi.net\/index.php\/wp-json\/wp\/v2\/users\/1"}],"replies":[{"embeddable":true,"href":"https:\/\/memurunsesi.net\/index.php\/wp-json\/wp\/v2\/comments?post=5791"}],"version-history":[{"count":1,"href":"https:\/\/memurunsesi.net\/index.php\/wp-json\/wp\/v2\/posts\/5791\/revisions"}],"predecessor-version":[{"id":5793,"href":"https:\/\/memurunsesi.net\/index.php\/wp-json\/wp\/v2\/posts\/5791\/revisions\/5793"}],"wp:featuredmedia":[{"embeddable":true,"href":"https:\/\/memurunsesi.net\/index.php\/wp-json\/wp\/v2\/media\/5792"}],"wp:attachment":[{"href":"https:\/\/memurunsesi.net\/index.php\/wp-json\/wp\/v2\/media?parent=5791"}],"wp:term":[{"taxonomy":"category","embeddable":true,"href":"https:\/\/memurunsesi.net\/index.php\/wp-json\/wp\/v2\/categories?post=5791"},{"taxonomy":"post_tag","embeddable":true,"href":"https:\/\/memurunsesi.net\/index.php\/wp-json\/wp\/v2\/tags?post=5791"}],"curies":[{"name":"wp","href":"https:\/\/api.w.org\/{rel}","templated":true}]}}