{"id":5795,"date":"2025-04-23T09:17:57","date_gmt":"2025-04-23T06:17:57","guid":{"rendered":"https:\/\/memurunsesi.net\/?p=5795"},"modified":"2025-04-23T09:17:57","modified_gmt":"2025-04-23T06:17:57","slug":"koycegiz-jandarmasi-ogrencilerin-yureklerini-isitti","status":"publish","type":"post","link":"https:\/\/memurunsesi.net\/index.php\/2025\/04\/23\/koycegiz-jandarmasi-ogrencilerin-yureklerini-isitti\/","title":{"rendered":"K\u00f6yce\u011fiz Jandarmas\u0131 \u00f6\u011frencilerin y\u00fcreklerini \u0131s\u0131tt\u0131"},"content":{"rendered":"<p> Mu\u011fla\u2019n\u0131n K\u00f6yce\u011fiz il\u00e7esinde Jandarma personelleri Zeytinalan\u0131 \u015eeyh \u0130lk ve Ortaokulu\u2019nu ziyaret etti ve hediye takdim ederek \u00f6\u011frencilerin y\u00fcreklerini \u0131s\u0131tt\u0131.  <\/p>\n<p>K\u00f6yce\u011fiz \u0130l\u00e7e Jandarma Komutanl\u0131\u011f\u0131 personelleri 23 Nisan Ulusal Egemenlik Bayram\u0131 \u00f6ncesi K\u00f6yce\u011fiz Zeytinalan\u0131 \u015eeyh \u0130lk ve Ortaokulu\u2019nda \u00f6\u011frencilerle bulu\u015ftu. K\u00f6yce\u011fiz \u0130l\u00e7e Jandarma Komutanl\u0131\u011f\u0131 personelleri \u00f6\u011frenciler taraf\u0131ndan sevgiyle kar\u015f\u0131land\u0131. Jandarma Personeli \u00f6\u011frencilere meslekleri ile ilgili a\u00e7\u0131klamalarda bulundu. \u00d6\u011frencilerin sorular\u0131n\u0131 cevapland\u0131rd\u0131lar. Jandarma personelleri taraf\u0131ndan \u00f6\u011frencilere hediye takdim edildi. \u00d6\u011frenciler Jandarma personellerinin verdi\u011fi hediye nedeniyle mutlu oldular. Jandarma Personeli \u00f6\u011frencilerin 23 Nisan Ulusal Egemenlik ve \u00c7ocuk Bayram\u0131\u2019n\u0131 kutlad\u0131. Ziyaret toplu foto\u011fraf \u00e7ekilmesi ile sona erdi.  <\/p>\n<p>23.04.2025                         <\/p>\n","protected":false},"excerpt":{"rendered":"<p>Mu\u011fla\u2019n\u0131n K\u00f6yce\u011fiz il\u00e7esinde Jandarma personelleri Zeytinalan\u0131 \u015eeyh \u0130lk ve Ortaokulu\u2019nu ziyaret etti ve hediye takdim ederek \u00f6\u011frencilerin y\u00fcreklerini \u0131s\u0131tt\u0131. K\u00f6yce\u011fiz \u0130l\u00e7e Jandarma Komutanl\u0131\u011f\u0131 personelleri 23 Nisan Ulusal Egemenlik Bayram\u0131 \u00f6ncesi K\u00f6yce\u011fiz Zeytinalan\u0131 \u015eeyh \u0130lk ve Ortaokulu\u2019nda \u00f6\u011frencilerle bulu\u015ftu. K\u00f6yce\u011fiz \u0130l\u00e7e Jandarma Komutanl\u0131\u011f\u0131 personelleri \u00f6\u011frenciler taraf\u0131ndan sevgiyle kar\u015f\u0131land\u0131. Jandarma Personeli \u00f6\u011frencilere meslekleri ile ilgili a\u00e7\u0131klamalarda bulundu. [&hellip;]<\/p>\n","protected":false},"author":1,"featured_media":5796,"comment_status":"open","ping_status":"open","sticky":false,"template":"","format":"standard","meta":{"footnotes":""},"categories":[45],"tags":[],"class_list":["post-5795","post","type-post","status-publish","format-standard","has-post-thumbnail","hentry","category-gundem"],"yoast_head":"<!-- This site is optimized with the Yoast SEO plugin v27.4 - https:\/\/yoast.com\/product\/yoast-seo-wordpress\/ -->\n<title>K\u00f6yce\u011fiz Jandarmas\u0131 \u00f6\u011frencilerin y\u00fcreklerini \u0131s\u0131tt\u0131 - Memurun Sesi<\/title>\n<meta name=\"robots\" content=\"index, follow, max-snippet:-1, max-image-preview:large, max-video-preview:-1\" \/>\n<link rel=\"canonical\" href=\"https:\/\/memurunsesi.net\/index.php\/2025\/04\/23\/koycegiz-jandarmasi-ogrencilerin-yureklerini-isitti\/\" \/>\n<meta property=\"og:locale\" content=\"tr_TR\" \/>\n<meta property=\"og:type\" content=\"article\" \/>\n<meta property=\"og:title\" content=\"K\u00f6yce\u011fiz Jandarmas\u0131 \u00f6\u011frencilerin y\u00fcreklerini \u0131s\u0131tt\u0131 - Memurun Sesi\" \/>\n<meta property=\"og:description\" content=\"Mu\u011fla\u2019n\u0131n K\u00f6yce\u011fiz il\u00e7esinde Jandarma personelleri Zeytinalan\u0131 \u015eeyh \u0130lk ve Ortaokulu\u2019nu ziyaret etti ve hediye takdim ederek \u00f6\u011frencilerin y\u00fcreklerini \u0131s\u0131tt\u0131. K\u00f6yce\u011fiz \u0130l\u00e7e Jandarma Komutanl\u0131\u011f\u0131 personelleri 23 Nisan Ulusal Egemenlik Bayram\u0131 \u00f6ncesi K\u00f6yce\u011fiz Zeytinalan\u0131 \u015eeyh \u0130lk ve Ortaokulu\u2019nda \u00f6\u011frencilerle bulu\u015ftu. K\u00f6yce\u011fiz \u0130l\u00e7e Jandarma Komutanl\u0131\u011f\u0131 personelleri \u00f6\u011frenciler taraf\u0131ndan sevgiyle kar\u015f\u0131land\u0131. Jandarma Personeli \u00f6\u011frencilere meslekleri ile ilgili a\u00e7\u0131klamalarda bulundu. [&hellip;]\" \/>\n<meta property=\"og:url\" content=\"https:\/\/memurunsesi.net\/index.php\/2025\/04\/23\/koycegiz-jandarmasi-ogrencilerin-yureklerini-isitti\/\" \/>\n<meta property=\"og:site_name\" content=\"Memurun Sesi\" \/>\n<meta property=\"article:publisher\" content=\"https:\/\/www.facebook.com\/unipersen\/?locale=tr_TR\" \/>\n<meta property=\"article:published_time\" content=\"2025-04-23T06:17:57+00:00\" \/>\n<meta property=\"og:image\" content=\"https:\/\/memurunsesi.net\/wp-content\/uploads\/2025\/04\/AW438868_01.jpg\" \/>\n\t<meta property=\"og:image:width\" content=\"1440\" \/>\n\t<meta property=\"og:image:height\" content=\"1083\" \/>\n\t<meta property=\"og:image:type\" content=\"image\/jpeg\" \/>\n<meta name=\"author\" content=\"Memurun Sesi Haber Merkezi\" \/>\n<meta name=\"twitter:card\" content=\"summary_large_image\" \/>\n<meta name=\"twitter:creator\" content=\"@unipersen\" \/>\n<meta name=\"twitter:site\" content=\"@unipersen\" \/>\n<meta name=\"twitter:label1\" content=\"Yazan:\" \/>\n\t<meta name=\"twitter:data1\" content=\"Memurun Sesi Haber Merkezi\" \/>\n\t<meta name=\"twitter:label2\" content=\"Tahmini okuma s\u00fcresi\" \/>\n\t<meta name=\"twitter:data2\" content=\"1 dakika\" \/>\n<script type=\"application\/ld+json\" class=\"yoast-schema-graph\">{\"@context\":\"https:\\\/\\\/schema.org\",\"@graph\":[{\"@type\":\"Article\",\"@id\":\"https:\\\/\\\/memurunsesi.net\\\/index.php\\\/2025\\\/04\\\/23\\\/koycegiz-jandarmasi-ogrencilerin-yureklerini-isitti\\\/#article\",\"isPartOf\":{\"@id\":\"https:\\\/\\\/memurunsesi.net\\\/index.php\\\/2025\\\/04\\\/23\\\/koycegiz-jandarmasi-ogrencilerin-yureklerini-isitti\\\/\"},\"author\":{\"name\":\"Memurun Sesi Haber Merkezi\",\"@id\":\"https:\\\/\\\/memurunsesi.net\\\/#\\\/schema\\\/person\\\/f21c2d73b89f6ee1d80b0a1803e38587\"},\"headline\":\"K\u00f6yce\u011fiz Jandarmas\u0131 \u00f6\u011frencilerin y\u00fcreklerini \u0131s\u0131tt\u0131\",\"datePublished\":\"2025-04-23T06:17:57+00:00\",\"mainEntityOfPage\":{\"@id\":\"https:\\\/\\\/memurunsesi.net\\\/index.php\\\/2025\\\/04\\\/23\\\/koycegiz-jandarmasi-ogrencilerin-yureklerini-isitti\\\/\"},\"wordCount\":127,\"commentCount\":0,\"publisher\":{\"@id\":\"https:\\\/\\\/memurunsesi.net\\\/#organization\"},\"image\":{\"@id\":\"https:\\\/\\\/memurunsesi.net\\\/index.php\\\/2025\\\/04\\\/23\\\/koycegiz-jandarmasi-ogrencilerin-yureklerini-isitti\\\/#primaryimage\"},\"thumbnailUrl\":\"https:\\\/\\\/memurunsesi.net\\\/wp-content\\\/uploads\\\/2025\\\/04\\\/AW438868_01.jpg\",\"articleSection\":[\"G\u00fcndem\"],\"inLanguage\":\"tr\",\"potentialAction\":[{\"@type\":\"CommentAction\",\"name\":\"Comment\",\"target\":[\"https:\\\/\\\/memurunsesi.net\\\/index.php\\\/2025\\\/04\\\/23\\\/koycegiz-jandarmasi-ogrencilerin-yureklerini-isitti\\\/#respond\"]}]},{\"@type\":\"WebPage\",\"@id\":\"https:\\\/\\\/memurunsesi.net\\\/index.php\\\/2025\\\/04\\\/23\\\/koycegiz-jandarmasi-ogrencilerin-yureklerini-isitti\\\/\",\"url\":\"https:\\\/\\\/memurunsesi.net\\\/index.php\\\/2025\\\/04\\\/23\\\/koycegiz-jandarmasi-ogrencilerin-yureklerini-isitti\\\/\",\"name\":\"K\u00f6yce\u011fiz Jandarmas\u0131 \u00f6\u011frencilerin y\u00fcreklerini \u0131s\u0131tt\u0131 - Memurun Sesi\",\"isPartOf\":{\"@id\":\"https:\\\/\\\/memurunsesi.net\\\/#website\"},\"primaryImageOfPage\":{\"@id\":\"https:\\\/\\\/memurunsesi.net\\\/index.php\\\/2025\\\/04\\\/23\\\/koycegiz-jandarmasi-ogrencilerin-yureklerini-isitti\\\/#primaryimage\"},\"image\":{\"@id\":\"https:\\\/\\\/memurunsesi.net\\\/index.php\\\/2025\\\/04\\\/23\\\/koycegiz-jandarmasi-ogrencilerin-yureklerini-isitti\\\/#primaryimage\"},\"thumbnailUrl\":\"https:\\\/\\\/memurunsesi.net\\\/wp-content\\\/uploads\\\/2025\\\/04\\\/AW438868_01.jpg\",\"datePublished\":\"2025-04-23T06:17:57+00:00\",\"breadcrumb\":{\"@id\":\"https:\\\/\\\/memurunsesi.net\\\/index.php\\\/2025\\\/04\\\/23\\\/koycegiz-jandarmasi-ogrencilerin-yureklerini-isitti\\\/#breadcrumb\"},\"inLanguage\":\"tr\",\"potentialAction\":[{\"@type\":\"ReadAction\",\"target\":[\"https:\\\/\\\/memurunsesi.net\\\/index.php\\\/2025\\\/04\\\/23\\\/koycegiz-jandarmasi-ogrencilerin-yureklerini-isitti\\\/\"]}]},{\"@type\":\"ImageObject\",\"inLanguage\":\"tr\",\"@id\":\"https:\\\/\\\/memurunsesi.net\\\/index.php\\\/2025\\\/04\\\/23\\\/koycegiz-jandarmasi-ogrencilerin-yureklerini-isitti\\\/#primaryimage\",\"url\":\"https:\\\/\\\/memurunsesi.net\\\/wp-content\\\/uploads\\\/2025\\\/04\\\/AW438868_01.jpg\",\"contentUrl\":\"https:\\\/\\\/memurunsesi.net\\\/wp-content\\\/uploads\\\/2025\\\/04\\\/AW438868_01.jpg\",\"width\":1440,\"height\":1083,\"caption\":\"K\u00d6YCE\u011e\u0130Z JANDARMASI \u00d6\u011eRENC\u0130LER\u0130N Y\u00dcREKLER\u0130N\u0130 ISITTI (OSMAN ACAR\\\/MU\u011eLA-\u0130HA) Mu\u011fla'n\u0131n K\u00f6yce\u011fiz il\u00e7esinde Jandarma personelleri Zeytinalan\u0131 \u015eeyh \u0130lk ve Ortaokulu'nu ziyaret etti ve hediye takdim ederek \u00f6\u011frencilerin y\u00fcreklerini \u0131s\u0131tt\u0131.\"},{\"@type\":\"BreadcrumbList\",\"@id\":\"https:\\\/\\\/memurunsesi.net\\\/index.php\\\/2025\\\/04\\\/23\\\/koycegiz-jandarmasi-ogrencilerin-yureklerini-isitti\\\/#breadcrumb\",\"itemListElement\":[{\"@type\":\"ListItem\",\"position\":1,\"name\":\"Anasayfa\",\"item\":\"https:\\\/\\\/memurunsesi.net\\\/\"},{\"@type\":\"ListItem\",\"position\":2,\"name\":\"K\u00f6yce\u011fiz Jandarmas\u0131 \u00f6\u011frencilerin y\u00fcreklerini \u0131s\u0131tt\u0131\"}]},{\"@type\":\"WebSite\",\"@id\":\"https:\\\/\\\/memurunsesi.net\\\/#website\",\"url\":\"https:\\\/\\\/memurunsesi.net\\\/\",\"name\":\"Memurun Sesi\",\"description\":\"G\u00fcncel ve Do\u011fru Haber\",\"publisher\":{\"@id\":\"https:\\\/\\\/memurunsesi.net\\\/#organization\"},\"potentialAction\":[{\"@type\":\"SearchAction\",\"target\":{\"@type\":\"EntryPoint\",\"urlTemplate\":\"https:\\\/\\\/memurunsesi.net\\\/?s={search_term_string}\"},\"query-input\":{\"@type\":\"PropertyValueSpecification\",\"valueRequired\":true,\"valueName\":\"search_term_string\"}}],\"inLanguage\":\"tr\"},{\"@type\":\"Organization\",\"@id\":\"https:\\\/\\\/memurunsesi.net\\\/#organization\",\"name\":\"Memurun Sesi\",\"url\":\"https:\\\/\\\/memurunsesi.net\\\/\",\"logo\":{\"@type\":\"ImageObject\",\"inLanguage\":\"tr\",\"@id\":\"https:\\\/\\\/memurunsesi.net\\\/#\\\/schema\\\/logo\\\/image\\\/\",\"url\":\"https:\\\/\\\/memurunsesi.net\\\/wp-content\\\/uploads\\\/2025\\\/11\\\/cropped-MEMURUN-SESI.png\",\"contentUrl\":\"https:\\\/\\\/memurunsesi.net\\\/wp-content\\\/uploads\\\/2025\\\/11\\\/cropped-MEMURUN-SESI.png\",\"width\":238,\"height\":57,\"caption\":\"Memurun Sesi\"},\"image\":{\"@id\":\"https:\\\/\\\/memurunsesi.net\\\/#\\\/schema\\\/logo\\\/image\\\/\"},\"sameAs\":[\"https:\\\/\\\/www.facebook.com\\\/unipersen\\\/?locale=tr_TR\",\"https:\\\/\\\/x.com\\\/unipersen\"]},{\"@type\":\"Person\",\"@id\":\"https:\\\/\\\/memurunsesi.net\\\/#\\\/schema\\\/person\\\/f21c2d73b89f6ee1d80b0a1803e38587\",\"name\":\"Memurun Sesi Haber Merkezi\",\"image\":{\"@type\":\"ImageObject\",\"inLanguage\":\"tr\",\"@id\":\"https:\\\/\\\/secure.gravatar.com\\\/avatar\\\/6cf0505f452ee753f485014986fab09a434671d2b919ee76fc541025c5876a70?s=96&d=mm&r=g\",\"url\":\"https:\\\/\\\/secure.gravatar.com\\\/avatar\\\/6cf0505f452ee753f485014986fab09a434671d2b919ee76fc541025c5876a70?s=96&d=mm&r=g\",\"contentUrl\":\"https:\\\/\\\/secure.gravatar.com\\\/avatar\\\/6cf0505f452ee753f485014986fab09a434671d2b919ee76fc541025c5876a70?s=96&d=mm&r=g\",\"caption\":\"Memurun Sesi Haber Merkezi\"},\"sameAs\":[\"https:\\\/\\\/memurunsesi.net\"],\"url\":\"https:\\\/\\\/memurunsesi.net\\\/index.php\\\/author\\\/uniper\\\/\"}]}<\/script>\n<!-- \/ Yoast SEO plugin. -->","yoast_head_json":{"title":"K\u00f6yce\u011fiz Jandarmas\u0131 \u00f6\u011frencilerin y\u00fcreklerini \u0131s\u0131tt\u0131 - Memurun Sesi","robots":{"index":"index","follow":"follow","max-snippet":"max-snippet:-1","max-image-preview":"max-image-preview:large","max-video-preview":"max-video-preview:-1"},"canonical":"https:\/\/memurunsesi.net\/index.php\/2025\/04\/23\/koycegiz-jandarmasi-ogrencilerin-yureklerini-isitti\/","og_locale":"tr_TR","og_type":"article","og_title":"K\u00f6yce\u011fiz Jandarmas\u0131 \u00f6\u011frencilerin y\u00fcreklerini \u0131s\u0131tt\u0131 - Memurun Sesi","og_description":"Mu\u011fla\u2019n\u0131n K\u00f6yce\u011fiz il\u00e7esinde Jandarma personelleri Zeytinalan\u0131 \u015eeyh \u0130lk ve Ortaokulu\u2019nu ziyaret etti ve hediye takdim ederek \u00f6\u011frencilerin y\u00fcreklerini \u0131s\u0131tt\u0131. K\u00f6yce\u011fiz \u0130l\u00e7e Jandarma Komutanl\u0131\u011f\u0131 personelleri 23 Nisan Ulusal Egemenlik Bayram\u0131 \u00f6ncesi K\u00f6yce\u011fiz Zeytinalan\u0131 \u015eeyh \u0130lk ve Ortaokulu\u2019nda \u00f6\u011frencilerle bulu\u015ftu. K\u00f6yce\u011fiz \u0130l\u00e7e Jandarma Komutanl\u0131\u011f\u0131 personelleri \u00f6\u011frenciler taraf\u0131ndan sevgiyle kar\u015f\u0131land\u0131. Jandarma Personeli \u00f6\u011frencilere meslekleri ile ilgili a\u00e7\u0131klamalarda bulundu. [&hellip;]","og_url":"https:\/\/memurunsesi.net\/index.php\/2025\/04\/23\/koycegiz-jandarmasi-ogrencilerin-yureklerini-isitti\/","og_site_name":"Memurun Sesi","article_publisher":"https:\/\/www.facebook.com\/unipersen\/?locale=tr_TR","article_published_time":"2025-04-23T06:17:57+00:00","og_image":[{"width":1440,"height":1083,"url":"https:\/\/memurunsesi.net\/wp-content\/uploads\/2025\/04\/AW438868_01.jpg","type":"image\/jpeg"}],"author":"Memurun Sesi Haber Merkezi","twitter_card":"summary_large_image","twitter_creator":"@unipersen","twitter_site":"@unipersen","twitter_misc":{"Yazan:":"Memurun Sesi Haber Merkezi","Tahmini okuma s\u00fcresi":"1 dakika"},"schema":{"@context":"https:\/\/schema.org","@graph":[{"@type":"Article","@id":"https:\/\/memurunsesi.net\/index.php\/2025\/04\/23\/koycegiz-jandarmasi-ogrencilerin-yureklerini-isitti\/#article","isPartOf":{"@id":"https:\/\/memurunsesi.net\/index.php\/2025\/04\/23\/koycegiz-jandarmasi-ogrencilerin-yureklerini-isitti\/"},"author":{"name":"Memurun Sesi Haber Merkezi","@id":"https:\/\/memurunsesi.net\/#\/schema\/person\/f21c2d73b89f6ee1d80b0a1803e38587"},"headline":"K\u00f6yce\u011fiz Jandarmas\u0131 \u00f6\u011frencilerin y\u00fcreklerini \u0131s\u0131tt\u0131","datePublished":"2025-04-23T06:17:57+00:00","mainEntityOfPage":{"@id":"https:\/\/memurunsesi.net\/index.php\/2025\/04\/23\/koycegiz-jandarmasi-ogrencilerin-yureklerini-isitti\/"},"wordCount":127,"commentCount":0,"publisher":{"@id":"https:\/\/memurunsesi.net\/#organization"},"image":{"@id":"https:\/\/memurunsesi.net\/index.php\/2025\/04\/23\/koycegiz-jandarmasi-ogrencilerin-yureklerini-isitti\/#primaryimage"},"thumbnailUrl":"https:\/\/memurunsesi.net\/wp-content\/uploads\/2025\/04\/AW438868_01.jpg","articleSection":["G\u00fcndem"],"inLanguage":"tr","potentialAction":[{"@type":"CommentAction","name":"Comment","target":["https:\/\/memurunsesi.net\/index.php\/2025\/04\/23\/koycegiz-jandarmasi-ogrencilerin-yureklerini-isitti\/#respond"]}]},{"@type":"WebPage","@id":"https:\/\/memurunsesi.net\/index.php\/2025\/04\/23\/koycegiz-jandarmasi-ogrencilerin-yureklerini-isitti\/","url":"https:\/\/memurunsesi.net\/index.php\/2025\/04\/23\/koycegiz-jandarmasi-ogrencilerin-yureklerini-isitti\/","name":"K\u00f6yce\u011fiz Jandarmas\u0131 \u00f6\u011frencilerin y\u00fcreklerini \u0131s\u0131tt\u0131 - Memurun Sesi","isPartOf":{"@id":"https:\/\/memurunsesi.net\/#website"},"primaryImageOfPage":{"@id":"https:\/\/memurunsesi.net\/index.php\/2025\/04\/23\/koycegiz-jandarmasi-ogrencilerin-yureklerini-isitti\/#primaryimage"},"image":{"@id":"https:\/\/memurunsesi.net\/index.php\/2025\/04\/23\/koycegiz-jandarmasi-ogrencilerin-yureklerini-isitti\/#primaryimage"},"thumbnailUrl":"https:\/\/memurunsesi.net\/wp-content\/uploads\/2025\/04\/AW438868_01.jpg","datePublished":"2025-04-23T06:17:57+00:00","breadcrumb":{"@id":"https:\/\/memurunsesi.net\/index.php\/2025\/04\/23\/koycegiz-jandarmasi-ogrencilerin-yureklerini-isitti\/#breadcrumb"},"inLanguage":"tr","potentialAction":[{"@type":"ReadAction","target":["https:\/\/memurunsesi.net\/index.php\/2025\/04\/23\/koycegiz-jandarmasi-ogrencilerin-yureklerini-isitti\/"]}]},{"@type":"ImageObject","inLanguage":"tr","@id":"https:\/\/memurunsesi.net\/index.php\/2025\/04\/23\/koycegiz-jandarmasi-ogrencilerin-yureklerini-isitti\/#primaryimage","url":"https:\/\/memurunsesi.net\/wp-content\/uploads\/2025\/04\/AW438868_01.jpg","contentUrl":"https:\/\/memurunsesi.net\/wp-content\/uploads\/2025\/04\/AW438868_01.jpg","width":1440,"height":1083,"caption":"K\u00d6YCE\u011e\u0130Z JANDARMASI \u00d6\u011eRENC\u0130LER\u0130N Y\u00dcREKLER\u0130N\u0130 ISITTI (OSMAN ACAR\/MU\u011eLA-\u0130HA) Mu\u011fla'n\u0131n K\u00f6yce\u011fiz il\u00e7esinde Jandarma personelleri Zeytinalan\u0131 \u015eeyh \u0130lk ve Ortaokulu'nu ziyaret etti ve hediye takdim ederek \u00f6\u011frencilerin y\u00fcreklerini \u0131s\u0131tt\u0131."},{"@type":"BreadcrumbList","@id":"https:\/\/memurunsesi.net\/index.php\/2025\/04\/23\/koycegiz-jandarmasi-ogrencilerin-yureklerini-isitti\/#breadcrumb","itemListElement":[{"@type":"ListItem","position":1,"name":"Anasayfa","item":"https:\/\/memurunsesi.net\/"},{"@type":"ListItem","position":2,"name":"K\u00f6yce\u011fiz Jandarmas\u0131 \u00f6\u011frencilerin y\u00fcreklerini \u0131s\u0131tt\u0131"}]},{"@type":"WebSite","@id":"https:\/\/memurunsesi.net\/#website","url":"https:\/\/memurunsesi.net\/","name":"Memurun Sesi","description":"G\u00fcncel ve Do\u011fru Haber","publisher":{"@id":"https:\/\/memurunsesi.net\/#organization"},"potentialAction":[{"@type":"SearchAction","target":{"@type":"EntryPoint","urlTemplate":"https:\/\/memurunsesi.net\/?s={search_term_string}"},"query-input":{"@type":"PropertyValueSpecification","valueRequired":true,"valueName":"search_term_string"}}],"inLanguage":"tr"},{"@type":"Organization","@id":"https:\/\/memurunsesi.net\/#organization","name":"Memurun Sesi","url":"https:\/\/memurunsesi.net\/","logo":{"@type":"ImageObject","inLanguage":"tr","@id":"https:\/\/memurunsesi.net\/#\/schema\/logo\/image\/","url":"https:\/\/memurunsesi.net\/wp-content\/uploads\/2025\/11\/cropped-MEMURUN-SESI.png","contentUrl":"https:\/\/memurunsesi.net\/wp-content\/uploads\/2025\/11\/cropped-MEMURUN-SESI.png","width":238,"height":57,"caption":"Memurun Sesi"},"image":{"@id":"https:\/\/memurunsesi.net\/#\/schema\/logo\/image\/"},"sameAs":["https:\/\/www.facebook.com\/unipersen\/?locale=tr_TR","https:\/\/x.com\/unipersen"]},{"@type":"Person","@id":"https:\/\/memurunsesi.net\/#\/schema\/person\/f21c2d73b89f6ee1d80b0a1803e38587","name":"Memurun Sesi Haber Merkezi","image":{"@type":"ImageObject","inLanguage":"tr","@id":"https:\/\/secure.gravatar.com\/avatar\/6cf0505f452ee753f485014986fab09a434671d2b919ee76fc541025c5876a70?s=96&d=mm&r=g","url":"https:\/\/secure.gravatar.com\/avatar\/6cf0505f452ee753f485014986fab09a434671d2b919ee76fc541025c5876a70?s=96&d=mm&r=g","contentUrl":"https:\/\/secure.gravatar.com\/avatar\/6cf0505f452ee753f485014986fab09a434671d2b919ee76fc541025c5876a70?s=96&d=mm&r=g","caption":"Memurun Sesi Haber Merkezi"},"sameAs":["https:\/\/memurunsesi.net"],"url":"https:\/\/memurunsesi.net\/index.php\/author\/uniper\/"}]}},"_links":{"self":[{"href":"https:\/\/memurunsesi.net\/index.php\/wp-json\/wp\/v2\/posts\/5795","targetHints":{"allow":["GET"]}}],"collection":[{"href":"https:\/\/memurunsesi.net\/index.php\/wp-json\/wp\/v2\/posts"}],"about":[{"href":"https:\/\/memurunsesi.net\/index.php\/wp-json\/wp\/v2\/types\/post"}],"author":[{"embeddable":true,"href":"https:\/\/memurunsesi.net\/index.php\/wp-json\/wp\/v2\/users\/1"}],"replies":[{"embeddable":true,"href":"https:\/\/memurunsesi.net\/index.php\/wp-json\/wp\/v2\/comments?post=5795"}],"version-history":[{"count":1,"href":"https:\/\/memurunsesi.net\/index.php\/wp-json\/wp\/v2\/posts\/5795\/revisions"}],"predecessor-version":[{"id":5797,"href":"https:\/\/memurunsesi.net\/index.php\/wp-json\/wp\/v2\/posts\/5795\/revisions\/5797"}],"wp:featuredmedia":[{"embeddable":true,"href":"https:\/\/memurunsesi.net\/index.php\/wp-json\/wp\/v2\/media\/5796"}],"wp:attachment":[{"href":"https:\/\/memurunsesi.net\/index.php\/wp-json\/wp\/v2\/media?parent=5795"}],"wp:term":[{"taxonomy":"category","embeddable":true,"href":"https:\/\/memurunsesi.net\/index.php\/wp-json\/wp\/v2\/categories?post=5795"},{"taxonomy":"post_tag","embeddable":true,"href":"https:\/\/memurunsesi.net\/index.php\/wp-json\/wp\/v2\/tags?post=5795"}],"curies":[{"name":"wp","href":"https:\/\/api.w.org\/{rel}","templated":true}]}}