{"id":5798,"date":"2025-04-23T09:19:19","date_gmt":"2025-04-23T06:19:19","guid":{"rendered":"https:\/\/memurunsesi.net\/?p=5798"},"modified":"2025-04-23T09:19:19","modified_gmt":"2025-04-23T06:19:19","slug":"pence-kilit-operasyonu-bolgesinde-1-asker-sehit-oldu","status":"publish","type":"post","link":"https:\/\/memurunsesi.net\/index.php\/2025\/04\/23\/pence-kilit-operasyonu-bolgesinde-1-asker-sehit-oldu\/","title":{"rendered":"Pen\u00e7e-Kilit operasyonu b\u00f6lgesinde 1 asker \u015fehit oldu"},"content":{"rendered":"<p>  Milli Savunma Bakanl\u0131\u011f\u0131 Pen\u00e7e-Kilit operasyonu b\u00f6lgesinde Piyade Uzman Onba\u015f\u0131 Berat Mecit Day&#8217;\u0131n \u015fehit oldu\u011funu a\u00e7\u0131klad\u0131.<br \/>\nMilli Savunma Bakanl\u0131\u011f\u0131 Pen\u00e7e-Kilit operasyonu b\u00f6lgesinde, 22 Nisan 2025 tarihinde ter\u00f6r \u00f6rg\u00fct\u00fc mensuplar\u0131 taraf\u0131ndan yap\u0131lan sald\u0131r\u0131 sonucu a\u011f\u0131r yaralanan Piyade Uzman Onba\u015f\u0131 Berat Mecit Day&#8217;\u0131n I\u015f\u0131kl\u0131 Sahra Hastanesinde yap\u0131lan t\u00fcm m\u00fcdahalelere ra\u011fmen kurtar\u0131lamayarak 23 Nisan 2025 tarihinde \u015fehit oldu\u011fu a\u00e7\u0131klad\u0131. MSB&#8217;nin sosyal medya hesab\u0131ndan yap\u0131lan payla\u015f\u0131mda, &#8220;Bizleri derin bir ac\u0131 ve \u00fcz\u00fcnt\u00fcye bo\u011fan bu olayda hayat\u0131n\u0131 kaybeden aziz \u015fehidimize Allah&#8217;tan rahmet, kederli ailesine, T\u00fcrk Silahl\u0131 Kuvvetleri ile asil milletimize ba\u015fsa\u011fl\u0131\u011f\u0131 ve sab\u0131r dileriz&#8221; ifadelerine yer verildi. <\/p>\n<p>23.04.2025                          <\/p>\n","protected":false},"excerpt":{"rendered":"<p>Milli Savunma Bakanl\u0131\u011f\u0131 Pen\u00e7e-Kilit operasyonu b\u00f6lgesinde Piyade Uzman Onba\u015f\u0131 Berat Mecit Day&#8217;\u0131n \u015fehit oldu\u011funu a\u00e7\u0131klad\u0131. Milli Savunma Bakanl\u0131\u011f\u0131 Pen\u00e7e-Kilit operasyonu b\u00f6lgesinde, 22 Nisan 2025 tarihinde ter\u00f6r \u00f6rg\u00fct\u00fc mensuplar\u0131 taraf\u0131ndan yap\u0131lan sald\u0131r\u0131 sonucu a\u011f\u0131r yaralanan Piyade Uzman Onba\u015f\u0131 Berat Mecit Day&#8217;\u0131n I\u015f\u0131kl\u0131 Sahra Hastanesinde yap\u0131lan t\u00fcm m\u00fcdahalelere ra\u011fmen kurtar\u0131lamayarak 23 Nisan 2025 tarihinde \u015fehit oldu\u011fu a\u00e7\u0131klad\u0131. [&hellip;]<\/p>\n","protected":false},"author":1,"featured_media":5799,"comment_status":"open","ping_status":"open","sticky":false,"template":"","format":"standard","meta":{"footnotes":""},"categories":[50],"tags":[],"class_list":["post-5798","post","type-post","status-publish","format-standard","has-post-thumbnail","hentry","category-tum-haberler"],"yoast_head":"<!-- This site is optimized with the Yoast SEO plugin v27.4 - https:\/\/yoast.com\/product\/yoast-seo-wordpress\/ -->\n<title>Pen\u00e7e-Kilit operasyonu b\u00f6lgesinde 1 asker \u015fehit oldu - Memurun Sesi<\/title>\n<meta name=\"robots\" content=\"index, follow, max-snippet:-1, max-image-preview:large, max-video-preview:-1\" \/>\n<link rel=\"canonical\" href=\"https:\/\/memurunsesi.net\/index.php\/2025\/04\/23\/pence-kilit-operasyonu-bolgesinde-1-asker-sehit-oldu\/\" \/>\n<meta property=\"og:locale\" content=\"tr_TR\" \/>\n<meta property=\"og:type\" content=\"article\" \/>\n<meta property=\"og:title\" content=\"Pen\u00e7e-Kilit operasyonu b\u00f6lgesinde 1 asker \u015fehit oldu - Memurun Sesi\" \/>\n<meta property=\"og:description\" content=\"Milli Savunma Bakanl\u0131\u011f\u0131 Pen\u00e7e-Kilit operasyonu b\u00f6lgesinde Piyade Uzman Onba\u015f\u0131 Berat Mecit Day&#8217;\u0131n \u015fehit oldu\u011funu a\u00e7\u0131klad\u0131. Milli Savunma Bakanl\u0131\u011f\u0131 Pen\u00e7e-Kilit operasyonu b\u00f6lgesinde, 22 Nisan 2025 tarihinde ter\u00f6r \u00f6rg\u00fct\u00fc mensuplar\u0131 taraf\u0131ndan yap\u0131lan sald\u0131r\u0131 sonucu a\u011f\u0131r yaralanan Piyade Uzman Onba\u015f\u0131 Berat Mecit Day&#8217;\u0131n I\u015f\u0131kl\u0131 Sahra Hastanesinde yap\u0131lan t\u00fcm m\u00fcdahalelere ra\u011fmen kurtar\u0131lamayarak 23 Nisan 2025 tarihinde \u015fehit oldu\u011fu a\u00e7\u0131klad\u0131. [&hellip;]\" \/>\n<meta property=\"og:url\" content=\"https:\/\/memurunsesi.net\/index.php\/2025\/04\/23\/pence-kilit-operasyonu-bolgesinde-1-asker-sehit-oldu\/\" \/>\n<meta property=\"og:site_name\" content=\"Memurun Sesi\" \/>\n<meta property=\"article:publisher\" content=\"https:\/\/www.facebook.com\/unipersen\/?locale=tr_TR\" \/>\n<meta property=\"article:published_time\" content=\"2025-04-23T06:19:19+00:00\" \/>\n<meta property=\"og:image\" content=\"https:\/\/memurunsesi.net\/wp-content\/uploads\/2025\/04\/AW438830_01.jpg\" \/>\n\t<meta property=\"og:image:width\" content=\"960\" \/>\n\t<meta property=\"og:image:height\" content=\"720\" \/>\n\t<meta property=\"og:image:type\" content=\"image\/jpeg\" \/>\n<meta name=\"author\" content=\"Memurun Sesi Haber Merkezi\" \/>\n<meta name=\"twitter:card\" content=\"summary_large_image\" \/>\n<meta name=\"twitter:creator\" content=\"@unipersen\" \/>\n<meta name=\"twitter:site\" content=\"@unipersen\" \/>\n<meta name=\"twitter:label1\" content=\"Yazan:\" \/>\n\t<meta name=\"twitter:data1\" content=\"Memurun Sesi Haber Merkezi\" \/>\n<script type=\"application\/ld+json\" class=\"yoast-schema-graph\">{\"@context\":\"https:\\\/\\\/schema.org\",\"@graph\":[{\"@type\":\"Article\",\"@id\":\"https:\\\/\\\/memurunsesi.net\\\/index.php\\\/2025\\\/04\\\/23\\\/pence-kilit-operasyonu-bolgesinde-1-asker-sehit-oldu\\\/#article\",\"isPartOf\":{\"@id\":\"https:\\\/\\\/memurunsesi.net\\\/index.php\\\/2025\\\/04\\\/23\\\/pence-kilit-operasyonu-bolgesinde-1-asker-sehit-oldu\\\/\"},\"author\":{\"name\":\"Memurun Sesi Haber Merkezi\",\"@id\":\"https:\\\/\\\/memurunsesi.net\\\/#\\\/schema\\\/person\\\/f21c2d73b89f6ee1d80b0a1803e38587\"},\"headline\":\"Pen\u00e7e-Kilit operasyonu b\u00f6lgesinde 1 asker \u015fehit oldu\",\"datePublished\":\"2025-04-23T06:19:19+00:00\",\"mainEntityOfPage\":{\"@id\":\"https:\\\/\\\/memurunsesi.net\\\/index.php\\\/2025\\\/04\\\/23\\\/pence-kilit-operasyonu-bolgesinde-1-asker-sehit-oldu\\\/\"},\"wordCount\":130,\"commentCount\":0,\"publisher\":{\"@id\":\"https:\\\/\\\/memurunsesi.net\\\/#organization\"},\"image\":{\"@id\":\"https:\\\/\\\/memurunsesi.net\\\/index.php\\\/2025\\\/04\\\/23\\\/pence-kilit-operasyonu-bolgesinde-1-asker-sehit-oldu\\\/#primaryimage\"},\"thumbnailUrl\":\"https:\\\/\\\/memurunsesi.net\\\/wp-content\\\/uploads\\\/2025\\\/04\\\/AW438830_01.jpg\",\"articleSection\":[\"T\u00fcm Haberler\"],\"inLanguage\":\"tr\",\"potentialAction\":[{\"@type\":\"CommentAction\",\"name\":\"Comment\",\"target\":[\"https:\\\/\\\/memurunsesi.net\\\/index.php\\\/2025\\\/04\\\/23\\\/pence-kilit-operasyonu-bolgesinde-1-asker-sehit-oldu\\\/#respond\"]}]},{\"@type\":\"WebPage\",\"@id\":\"https:\\\/\\\/memurunsesi.net\\\/index.php\\\/2025\\\/04\\\/23\\\/pence-kilit-operasyonu-bolgesinde-1-asker-sehit-oldu\\\/\",\"url\":\"https:\\\/\\\/memurunsesi.net\\\/index.php\\\/2025\\\/04\\\/23\\\/pence-kilit-operasyonu-bolgesinde-1-asker-sehit-oldu\\\/\",\"name\":\"Pen\u00e7e-Kilit operasyonu b\u00f6lgesinde 1 asker \u015fehit oldu - Memurun Sesi\",\"isPartOf\":{\"@id\":\"https:\\\/\\\/memurunsesi.net\\\/#website\"},\"primaryImageOfPage\":{\"@id\":\"https:\\\/\\\/memurunsesi.net\\\/index.php\\\/2025\\\/04\\\/23\\\/pence-kilit-operasyonu-bolgesinde-1-asker-sehit-oldu\\\/#primaryimage\"},\"image\":{\"@id\":\"https:\\\/\\\/memurunsesi.net\\\/index.php\\\/2025\\\/04\\\/23\\\/pence-kilit-operasyonu-bolgesinde-1-asker-sehit-oldu\\\/#primaryimage\"},\"thumbnailUrl\":\"https:\\\/\\\/memurunsesi.net\\\/wp-content\\\/uploads\\\/2025\\\/04\\\/AW438830_01.jpg\",\"datePublished\":\"2025-04-23T06:19:19+00:00\",\"breadcrumb\":{\"@id\":\"https:\\\/\\\/memurunsesi.net\\\/index.php\\\/2025\\\/04\\\/23\\\/pence-kilit-operasyonu-bolgesinde-1-asker-sehit-oldu\\\/#breadcrumb\"},\"inLanguage\":\"tr\",\"potentialAction\":[{\"@type\":\"ReadAction\",\"target\":[\"https:\\\/\\\/memurunsesi.net\\\/index.php\\\/2025\\\/04\\\/23\\\/pence-kilit-operasyonu-bolgesinde-1-asker-sehit-oldu\\\/\"]}]},{\"@type\":\"ImageObject\",\"inLanguage\":\"tr\",\"@id\":\"https:\\\/\\\/memurunsesi.net\\\/index.php\\\/2025\\\/04\\\/23\\\/pence-kilit-operasyonu-bolgesinde-1-asker-sehit-oldu\\\/#primaryimage\",\"url\":\"https:\\\/\\\/memurunsesi.net\\\/wp-content\\\/uploads\\\/2025\\\/04\\\/AW438830_01.jpg\",\"contentUrl\":\"https:\\\/\\\/memurunsesi.net\\\/wp-content\\\/uploads\\\/2025\\\/04\\\/AW438830_01.jpg\",\"width\":960,\"height\":720,\"caption\":\"M\u0130LL\u0130 SAVUNMA BAKANLI\u011eI PEN\u00c7E-K\u0130L\u0130T OPERASYONU B\u00d6LGES\u0130NDE P\u0130YADE UZMAN ONBA\u015eI BERAT MEC\u0130T DAY'IN \u015eEH\u0130T OLDU\u011eUNU A\u00c7IKLADI. (MUSA ENES AKSAKAL\\\/ANKARA-\u0130HA) Milli Savunma Bakanl\u0131\u011f\u0131 Pen\u00e7e-Kilit operasyonu b\u00f6lgesinde Piyade Uzman Onba\u015f\u0131 Berat Mecit Day'\u0131n \u015fehit oldu\u011funu a\u00e7\u0131klad\u0131.\"},{\"@type\":\"BreadcrumbList\",\"@id\":\"https:\\\/\\\/memurunsesi.net\\\/index.php\\\/2025\\\/04\\\/23\\\/pence-kilit-operasyonu-bolgesinde-1-asker-sehit-oldu\\\/#breadcrumb\",\"itemListElement\":[{\"@type\":\"ListItem\",\"position\":1,\"name\":\"Anasayfa\",\"item\":\"https:\\\/\\\/memurunsesi.net\\\/\"},{\"@type\":\"ListItem\",\"position\":2,\"name\":\"Pen\u00e7e-Kilit operasyonu b\u00f6lgesinde 1 asker \u015fehit oldu\"}]},{\"@type\":\"WebSite\",\"@id\":\"https:\\\/\\\/memurunsesi.net\\\/#website\",\"url\":\"https:\\\/\\\/memurunsesi.net\\\/\",\"name\":\"Memurun Sesi\",\"description\":\"G\u00fcncel ve Do\u011fru Haber\",\"publisher\":{\"@id\":\"https:\\\/\\\/memurunsesi.net\\\/#organization\"},\"potentialAction\":[{\"@type\":\"SearchAction\",\"target\":{\"@type\":\"EntryPoint\",\"urlTemplate\":\"https:\\\/\\\/memurunsesi.net\\\/?s={search_term_string}\"},\"query-input\":{\"@type\":\"PropertyValueSpecification\",\"valueRequired\":true,\"valueName\":\"search_term_string\"}}],\"inLanguage\":\"tr\"},{\"@type\":\"Organization\",\"@id\":\"https:\\\/\\\/memurunsesi.net\\\/#organization\",\"name\":\"Memurun Sesi\",\"url\":\"https:\\\/\\\/memurunsesi.net\\\/\",\"logo\":{\"@type\":\"ImageObject\",\"inLanguage\":\"tr\",\"@id\":\"https:\\\/\\\/memurunsesi.net\\\/#\\\/schema\\\/logo\\\/image\\\/\",\"url\":\"https:\\\/\\\/memurunsesi.net\\\/wp-content\\\/uploads\\\/2025\\\/11\\\/cropped-MEMURUN-SESI.png\",\"contentUrl\":\"https:\\\/\\\/memurunsesi.net\\\/wp-content\\\/uploads\\\/2025\\\/11\\\/cropped-MEMURUN-SESI.png\",\"width\":238,\"height\":57,\"caption\":\"Memurun Sesi\"},\"image\":{\"@id\":\"https:\\\/\\\/memurunsesi.net\\\/#\\\/schema\\\/logo\\\/image\\\/\"},\"sameAs\":[\"https:\\\/\\\/www.facebook.com\\\/unipersen\\\/?locale=tr_TR\",\"https:\\\/\\\/x.com\\\/unipersen\"]},{\"@type\":\"Person\",\"@id\":\"https:\\\/\\\/memurunsesi.net\\\/#\\\/schema\\\/person\\\/f21c2d73b89f6ee1d80b0a1803e38587\",\"name\":\"Memurun Sesi Haber Merkezi\",\"image\":{\"@type\":\"ImageObject\",\"inLanguage\":\"tr\",\"@id\":\"https:\\\/\\\/secure.gravatar.com\\\/avatar\\\/6cf0505f452ee753f485014986fab09a434671d2b919ee76fc541025c5876a70?s=96&d=mm&r=g\",\"url\":\"https:\\\/\\\/secure.gravatar.com\\\/avatar\\\/6cf0505f452ee753f485014986fab09a434671d2b919ee76fc541025c5876a70?s=96&d=mm&r=g\",\"contentUrl\":\"https:\\\/\\\/secure.gravatar.com\\\/avatar\\\/6cf0505f452ee753f485014986fab09a434671d2b919ee76fc541025c5876a70?s=96&d=mm&r=g\",\"caption\":\"Memurun Sesi Haber Merkezi\"},\"sameAs\":[\"https:\\\/\\\/memurunsesi.net\"],\"url\":\"https:\\\/\\\/memurunsesi.net\\\/index.php\\\/author\\\/uniper\\\/\"}]}<\/script>\n<!-- \/ Yoast SEO plugin. -->","yoast_head_json":{"title":"Pen\u00e7e-Kilit operasyonu b\u00f6lgesinde 1 asker \u015fehit oldu - Memurun Sesi","robots":{"index":"index","follow":"follow","max-snippet":"max-snippet:-1","max-image-preview":"max-image-preview:large","max-video-preview":"max-video-preview:-1"},"canonical":"https:\/\/memurunsesi.net\/index.php\/2025\/04\/23\/pence-kilit-operasyonu-bolgesinde-1-asker-sehit-oldu\/","og_locale":"tr_TR","og_type":"article","og_title":"Pen\u00e7e-Kilit operasyonu b\u00f6lgesinde 1 asker \u015fehit oldu - Memurun Sesi","og_description":"Milli Savunma Bakanl\u0131\u011f\u0131 Pen\u00e7e-Kilit operasyonu b\u00f6lgesinde Piyade Uzman Onba\u015f\u0131 Berat Mecit Day&#8217;\u0131n \u015fehit oldu\u011funu a\u00e7\u0131klad\u0131. Milli Savunma Bakanl\u0131\u011f\u0131 Pen\u00e7e-Kilit operasyonu b\u00f6lgesinde, 22 Nisan 2025 tarihinde ter\u00f6r \u00f6rg\u00fct\u00fc mensuplar\u0131 taraf\u0131ndan yap\u0131lan sald\u0131r\u0131 sonucu a\u011f\u0131r yaralanan Piyade Uzman Onba\u015f\u0131 Berat Mecit Day&#8217;\u0131n I\u015f\u0131kl\u0131 Sahra Hastanesinde yap\u0131lan t\u00fcm m\u00fcdahalelere ra\u011fmen kurtar\u0131lamayarak 23 Nisan 2025 tarihinde \u015fehit oldu\u011fu a\u00e7\u0131klad\u0131. [&hellip;]","og_url":"https:\/\/memurunsesi.net\/index.php\/2025\/04\/23\/pence-kilit-operasyonu-bolgesinde-1-asker-sehit-oldu\/","og_site_name":"Memurun Sesi","article_publisher":"https:\/\/www.facebook.com\/unipersen\/?locale=tr_TR","article_published_time":"2025-04-23T06:19:19+00:00","og_image":[{"width":960,"height":720,"url":"https:\/\/memurunsesi.net\/wp-content\/uploads\/2025\/04\/AW438830_01.jpg","type":"image\/jpeg"}],"author":"Memurun Sesi Haber Merkezi","twitter_card":"summary_large_image","twitter_creator":"@unipersen","twitter_site":"@unipersen","twitter_misc":{"Yazan:":"Memurun Sesi Haber Merkezi"},"schema":{"@context":"https:\/\/schema.org","@graph":[{"@type":"Article","@id":"https:\/\/memurunsesi.net\/index.php\/2025\/04\/23\/pence-kilit-operasyonu-bolgesinde-1-asker-sehit-oldu\/#article","isPartOf":{"@id":"https:\/\/memurunsesi.net\/index.php\/2025\/04\/23\/pence-kilit-operasyonu-bolgesinde-1-asker-sehit-oldu\/"},"author":{"name":"Memurun Sesi Haber Merkezi","@id":"https:\/\/memurunsesi.net\/#\/schema\/person\/f21c2d73b89f6ee1d80b0a1803e38587"},"headline":"Pen\u00e7e-Kilit operasyonu b\u00f6lgesinde 1 asker \u015fehit oldu","datePublished":"2025-04-23T06:19:19+00:00","mainEntityOfPage":{"@id":"https:\/\/memurunsesi.net\/index.php\/2025\/04\/23\/pence-kilit-operasyonu-bolgesinde-1-asker-sehit-oldu\/"},"wordCount":130,"commentCount":0,"publisher":{"@id":"https:\/\/memurunsesi.net\/#organization"},"image":{"@id":"https:\/\/memurunsesi.net\/index.php\/2025\/04\/23\/pence-kilit-operasyonu-bolgesinde-1-asker-sehit-oldu\/#primaryimage"},"thumbnailUrl":"https:\/\/memurunsesi.net\/wp-content\/uploads\/2025\/04\/AW438830_01.jpg","articleSection":["T\u00fcm Haberler"],"inLanguage":"tr","potentialAction":[{"@type":"CommentAction","name":"Comment","target":["https:\/\/memurunsesi.net\/index.php\/2025\/04\/23\/pence-kilit-operasyonu-bolgesinde-1-asker-sehit-oldu\/#respond"]}]},{"@type":"WebPage","@id":"https:\/\/memurunsesi.net\/index.php\/2025\/04\/23\/pence-kilit-operasyonu-bolgesinde-1-asker-sehit-oldu\/","url":"https:\/\/memurunsesi.net\/index.php\/2025\/04\/23\/pence-kilit-operasyonu-bolgesinde-1-asker-sehit-oldu\/","name":"Pen\u00e7e-Kilit operasyonu b\u00f6lgesinde 1 asker \u015fehit oldu - Memurun Sesi","isPartOf":{"@id":"https:\/\/memurunsesi.net\/#website"},"primaryImageOfPage":{"@id":"https:\/\/memurunsesi.net\/index.php\/2025\/04\/23\/pence-kilit-operasyonu-bolgesinde-1-asker-sehit-oldu\/#primaryimage"},"image":{"@id":"https:\/\/memurunsesi.net\/index.php\/2025\/04\/23\/pence-kilit-operasyonu-bolgesinde-1-asker-sehit-oldu\/#primaryimage"},"thumbnailUrl":"https:\/\/memurunsesi.net\/wp-content\/uploads\/2025\/04\/AW438830_01.jpg","datePublished":"2025-04-23T06:19:19+00:00","breadcrumb":{"@id":"https:\/\/memurunsesi.net\/index.php\/2025\/04\/23\/pence-kilit-operasyonu-bolgesinde-1-asker-sehit-oldu\/#breadcrumb"},"inLanguage":"tr","potentialAction":[{"@type":"ReadAction","target":["https:\/\/memurunsesi.net\/index.php\/2025\/04\/23\/pence-kilit-operasyonu-bolgesinde-1-asker-sehit-oldu\/"]}]},{"@type":"ImageObject","inLanguage":"tr","@id":"https:\/\/memurunsesi.net\/index.php\/2025\/04\/23\/pence-kilit-operasyonu-bolgesinde-1-asker-sehit-oldu\/#primaryimage","url":"https:\/\/memurunsesi.net\/wp-content\/uploads\/2025\/04\/AW438830_01.jpg","contentUrl":"https:\/\/memurunsesi.net\/wp-content\/uploads\/2025\/04\/AW438830_01.jpg","width":960,"height":720,"caption":"M\u0130LL\u0130 SAVUNMA BAKANLI\u011eI PEN\u00c7E-K\u0130L\u0130T OPERASYONU B\u00d6LGES\u0130NDE P\u0130YADE UZMAN ONBA\u015eI BERAT MEC\u0130T DAY'IN \u015eEH\u0130T OLDU\u011eUNU A\u00c7IKLADI. (MUSA ENES AKSAKAL\/ANKARA-\u0130HA) Milli Savunma Bakanl\u0131\u011f\u0131 Pen\u00e7e-Kilit operasyonu b\u00f6lgesinde Piyade Uzman Onba\u015f\u0131 Berat Mecit Day'\u0131n \u015fehit oldu\u011funu a\u00e7\u0131klad\u0131."},{"@type":"BreadcrumbList","@id":"https:\/\/memurunsesi.net\/index.php\/2025\/04\/23\/pence-kilit-operasyonu-bolgesinde-1-asker-sehit-oldu\/#breadcrumb","itemListElement":[{"@type":"ListItem","position":1,"name":"Anasayfa","item":"https:\/\/memurunsesi.net\/"},{"@type":"ListItem","position":2,"name":"Pen\u00e7e-Kilit operasyonu b\u00f6lgesinde 1 asker \u015fehit oldu"}]},{"@type":"WebSite","@id":"https:\/\/memurunsesi.net\/#website","url":"https:\/\/memurunsesi.net\/","name":"Memurun Sesi","description":"G\u00fcncel ve Do\u011fru Haber","publisher":{"@id":"https:\/\/memurunsesi.net\/#organization"},"potentialAction":[{"@type":"SearchAction","target":{"@type":"EntryPoint","urlTemplate":"https:\/\/memurunsesi.net\/?s={search_term_string}"},"query-input":{"@type":"PropertyValueSpecification","valueRequired":true,"valueName":"search_term_string"}}],"inLanguage":"tr"},{"@type":"Organization","@id":"https:\/\/memurunsesi.net\/#organization","name":"Memurun Sesi","url":"https:\/\/memurunsesi.net\/","logo":{"@type":"ImageObject","inLanguage":"tr","@id":"https:\/\/memurunsesi.net\/#\/schema\/logo\/image\/","url":"https:\/\/memurunsesi.net\/wp-content\/uploads\/2025\/11\/cropped-MEMURUN-SESI.png","contentUrl":"https:\/\/memurunsesi.net\/wp-content\/uploads\/2025\/11\/cropped-MEMURUN-SESI.png","width":238,"height":57,"caption":"Memurun Sesi"},"image":{"@id":"https:\/\/memurunsesi.net\/#\/schema\/logo\/image\/"},"sameAs":["https:\/\/www.facebook.com\/unipersen\/?locale=tr_TR","https:\/\/x.com\/unipersen"]},{"@type":"Person","@id":"https:\/\/memurunsesi.net\/#\/schema\/person\/f21c2d73b89f6ee1d80b0a1803e38587","name":"Memurun Sesi Haber Merkezi","image":{"@type":"ImageObject","inLanguage":"tr","@id":"https:\/\/secure.gravatar.com\/avatar\/6cf0505f452ee753f485014986fab09a434671d2b919ee76fc541025c5876a70?s=96&d=mm&r=g","url":"https:\/\/secure.gravatar.com\/avatar\/6cf0505f452ee753f485014986fab09a434671d2b919ee76fc541025c5876a70?s=96&d=mm&r=g","contentUrl":"https:\/\/secure.gravatar.com\/avatar\/6cf0505f452ee753f485014986fab09a434671d2b919ee76fc541025c5876a70?s=96&d=mm&r=g","caption":"Memurun Sesi Haber Merkezi"},"sameAs":["https:\/\/memurunsesi.net"],"url":"https:\/\/memurunsesi.net\/index.php\/author\/uniper\/"}]}},"_links":{"self":[{"href":"https:\/\/memurunsesi.net\/index.php\/wp-json\/wp\/v2\/posts\/5798","targetHints":{"allow":["GET"]}}],"collection":[{"href":"https:\/\/memurunsesi.net\/index.php\/wp-json\/wp\/v2\/posts"}],"about":[{"href":"https:\/\/memurunsesi.net\/index.php\/wp-json\/wp\/v2\/types\/post"}],"author":[{"embeddable":true,"href":"https:\/\/memurunsesi.net\/index.php\/wp-json\/wp\/v2\/users\/1"}],"replies":[{"embeddable":true,"href":"https:\/\/memurunsesi.net\/index.php\/wp-json\/wp\/v2\/comments?post=5798"}],"version-history":[{"count":1,"href":"https:\/\/memurunsesi.net\/index.php\/wp-json\/wp\/v2\/posts\/5798\/revisions"}],"predecessor-version":[{"id":5800,"href":"https:\/\/memurunsesi.net\/index.php\/wp-json\/wp\/v2\/posts\/5798\/revisions\/5800"}],"wp:featuredmedia":[{"embeddable":true,"href":"https:\/\/memurunsesi.net\/index.php\/wp-json\/wp\/v2\/media\/5799"}],"wp:attachment":[{"href":"https:\/\/memurunsesi.net\/index.php\/wp-json\/wp\/v2\/media?parent=5798"}],"wp:term":[{"taxonomy":"category","embeddable":true,"href":"https:\/\/memurunsesi.net\/index.php\/wp-json\/wp\/v2\/categories?post=5798"},{"taxonomy":"post_tag","embeddable":true,"href":"https:\/\/memurunsesi.net\/index.php\/wp-json\/wp\/v2\/tags?post=5798"}],"curies":[{"name":"wp","href":"https:\/\/api.w.org\/{rel}","templated":true}]}}