{"id":5801,"date":"2025-04-23T09:20:14","date_gmt":"2025-04-23T06:20:14","guid":{"rendered":"https:\/\/memurunsesi.net\/?p=5801"},"modified":"2025-04-23T09:20:14","modified_gmt":"2025-04-23T06:20:14","slug":"icisleri-bakani-yerlikaya-23-nisan-ulusal-egemenlik-ve-cocuk-bayramini-kutladi","status":"publish","type":"post","link":"https:\/\/memurunsesi.net\/index.php\/2025\/04\/23\/icisleri-bakani-yerlikaya-23-nisan-ulusal-egemenlik-ve-cocuk-bayramini-kutladi\/","title":{"rendered":"\u0130\u00e7i\u015fleri Bakan\u0131 Yerlikaya, 23 Nisan Ulusal Egemenlik ve \u00c7ocuk Bayram\u0131&#8217;n\u0131 kutlad\u0131"},"content":{"rendered":"<p>  \u0130\u00e7i\u015fleri Bakan\u0131 Ali Yerlikaya, sosyal medya hesab\u0131ndan yapt\u0131\u011f\u0131 payla\u015f\u0131mla 23 Nisan Ulusal Egemenlik ve \u00c7ocuk Bayram\u0131&#8217;n\u0131 kutlad\u0131.<br \/>\n23 Nisan&#8217;\u0131n millet iradesinin temeli oldu\u011funu belirten Bakan Yerlikaya payla\u015f\u0131m\u0131nda, &#8220;Gazi Meclis\u2019imiz bundan 105 y\u0131l \u00f6nce, 23 Nisan 1920\u2019de dualarla ve b\u00fcy\u00fck bir inan\u00e7la a\u00e7\u0131ld\u0131. Milli M\u00fccadele\u2019nin en zor g\u00fcnlerinde \u0130stiklal Sava\u015f\u0131\u2019m\u0131z\u0131 y\u00f6neten Meclis\u2019imiz, mazlum milletlere de \u0131\u015f\u0131k oldu, rehber oldu. Ve Cumhuriyet\u2019imizin banisi Gazi Mustafa Kemal Atat\u00fcrk, 23 Nisan\u2019\u0131 &#8216;\u00c7ocuklar\u0131m\u0131z ya\u015fama sevincimizdir&#8217; diyerek t\u00fcm \u00e7ocuklara arma\u011fan etti. 23 Nisan, milletimizin iradesinin temeli, \u00e7ocuklar\u0131m\u0131z\u0131n g\u00fcl\u00fc\u015f\u00fcnde y\u00fckselen umuttur. B\u00fcy\u00fck ve g\u00fc\u00e7l\u00fc T\u00fcrkiye hedefiyle, \u00e7ocuklar\u0131m\u0131z\u0131n umutlar\u0131n\u0131 b\u00fcy\u00fctmeye devam edece\u011fiz. 23 Nisan Ulusal Egemenlik ve \u00c7ocuk Bayram\u0131 kutlu olsun&#8221; ifadelerine yer verdi. <\/p>\n<p>23.04.2025                             <\/p>\n","protected":false},"excerpt":{"rendered":"<p>\u0130\u00e7i\u015fleri Bakan\u0131 Ali Yerlikaya, sosyal medya hesab\u0131ndan yapt\u0131\u011f\u0131 payla\u015f\u0131mla 23 Nisan Ulusal Egemenlik ve \u00c7ocuk Bayram\u0131&#8217;n\u0131 kutlad\u0131. 23 Nisan&#8217;\u0131n millet iradesinin temeli oldu\u011funu belirten Bakan Yerlikaya payla\u015f\u0131m\u0131nda, &#8220;Gazi Meclis\u2019imiz bundan 105 y\u0131l \u00f6nce, 23 Nisan 1920\u2019de dualarla ve b\u00fcy\u00fck bir inan\u00e7la a\u00e7\u0131ld\u0131. Milli M\u00fccadele\u2019nin en zor g\u00fcnlerinde \u0130stiklal Sava\u015f\u0131\u2019m\u0131z\u0131 y\u00f6neten Meclis\u2019imiz, mazlum milletlere de \u0131\u015f\u0131k [&hellip;]<\/p>\n","protected":false},"author":1,"featured_media":0,"comment_status":"open","ping_status":"open","sticky":false,"template":"","format":"standard","meta":{"footnotes":""},"categories":[1],"tags":[],"class_list":["post-5801","post","type-post","status-publish","format-standard","hentry","category-genel"],"yoast_head":"<!-- This site is optimized with the Yoast SEO plugin v27.4 - https:\/\/yoast.com\/product\/yoast-seo-wordpress\/ -->\n<title>\u0130\u00e7i\u015fleri Bakan\u0131 Yerlikaya, 23 Nisan Ulusal Egemenlik ve \u00c7ocuk Bayram\u0131&#039;n\u0131 kutlad\u0131 - Memurun Sesi<\/title>\n<meta name=\"robots\" content=\"index, follow, max-snippet:-1, max-image-preview:large, max-video-preview:-1\" \/>\n<link rel=\"canonical\" href=\"https:\/\/memurunsesi.net\/index.php\/2025\/04\/23\/icisleri-bakani-yerlikaya-23-nisan-ulusal-egemenlik-ve-cocuk-bayramini-kutladi\/\" \/>\n<meta property=\"og:locale\" content=\"tr_TR\" \/>\n<meta property=\"og:type\" content=\"article\" \/>\n<meta property=\"og:title\" content=\"\u0130\u00e7i\u015fleri Bakan\u0131 Yerlikaya, 23 Nisan Ulusal Egemenlik ve \u00c7ocuk Bayram\u0131&#039;n\u0131 kutlad\u0131 - Memurun Sesi\" \/>\n<meta property=\"og:description\" content=\"\u0130\u00e7i\u015fleri Bakan\u0131 Ali Yerlikaya, sosyal medya hesab\u0131ndan yapt\u0131\u011f\u0131 payla\u015f\u0131mla 23 Nisan Ulusal Egemenlik ve \u00c7ocuk Bayram\u0131&#8217;n\u0131 kutlad\u0131. 23 Nisan&#8217;\u0131n millet iradesinin temeli oldu\u011funu belirten Bakan Yerlikaya payla\u015f\u0131m\u0131nda, &#8220;Gazi Meclis\u2019imiz bundan 105 y\u0131l \u00f6nce, 23 Nisan 1920\u2019de dualarla ve b\u00fcy\u00fck bir inan\u00e7la a\u00e7\u0131ld\u0131. Milli M\u00fccadele\u2019nin en zor g\u00fcnlerinde \u0130stiklal Sava\u015f\u0131\u2019m\u0131z\u0131 y\u00f6neten Meclis\u2019imiz, mazlum milletlere de \u0131\u015f\u0131k [&hellip;]\" \/>\n<meta property=\"og:url\" content=\"https:\/\/memurunsesi.net\/index.php\/2025\/04\/23\/icisleri-bakani-yerlikaya-23-nisan-ulusal-egemenlik-ve-cocuk-bayramini-kutladi\/\" \/>\n<meta property=\"og:site_name\" content=\"Memurun Sesi\" \/>\n<meta property=\"article:publisher\" content=\"https:\/\/www.facebook.com\/unipersen\/?locale=tr_TR\" \/>\n<meta property=\"article:published_time\" content=\"2025-04-23T06:20:14+00:00\" \/>\n<meta name=\"author\" content=\"Memurun Sesi Haber Merkezi\" \/>\n<meta name=\"twitter:card\" content=\"summary_large_image\" \/>\n<meta name=\"twitter:creator\" content=\"@unipersen\" \/>\n<meta name=\"twitter:site\" content=\"@unipersen\" \/>\n<meta name=\"twitter:label1\" content=\"Yazan:\" \/>\n\t<meta name=\"twitter:data1\" content=\"Memurun Sesi Haber Merkezi\" \/>\n<script type=\"application\/ld+json\" class=\"yoast-schema-graph\">{\"@context\":\"https:\\\/\\\/schema.org\",\"@graph\":[{\"@type\":\"Article\",\"@id\":\"https:\\\/\\\/memurunsesi.net\\\/index.php\\\/2025\\\/04\\\/23\\\/icisleri-bakani-yerlikaya-23-nisan-ulusal-egemenlik-ve-cocuk-bayramini-kutladi\\\/#article\",\"isPartOf\":{\"@id\":\"https:\\\/\\\/memurunsesi.net\\\/index.php\\\/2025\\\/04\\\/23\\\/icisleri-bakani-yerlikaya-23-nisan-ulusal-egemenlik-ve-cocuk-bayramini-kutladi\\\/\"},\"author\":{\"name\":\"Memurun Sesi Haber Merkezi\",\"@id\":\"https:\\\/\\\/memurunsesi.net\\\/#\\\/schema\\\/person\\\/f21c2d73b89f6ee1d80b0a1803e38587\"},\"headline\":\"\u0130\u00e7i\u015fleri Bakan\u0131 Yerlikaya, 23 Nisan Ulusal Egemenlik ve \u00c7ocuk Bayram\u0131&#8217;n\u0131 kutlad\u0131\",\"datePublished\":\"2025-04-23T06:20:14+00:00\",\"mainEntityOfPage\":{\"@id\":\"https:\\\/\\\/memurunsesi.net\\\/index.php\\\/2025\\\/04\\\/23\\\/icisleri-bakani-yerlikaya-23-nisan-ulusal-egemenlik-ve-cocuk-bayramini-kutladi\\\/\"},\"wordCount\":156,\"commentCount\":0,\"publisher\":{\"@id\":\"https:\\\/\\\/memurunsesi.net\\\/#organization\"},\"inLanguage\":\"tr\",\"potentialAction\":[{\"@type\":\"CommentAction\",\"name\":\"Comment\",\"target\":[\"https:\\\/\\\/memurunsesi.net\\\/index.php\\\/2025\\\/04\\\/23\\\/icisleri-bakani-yerlikaya-23-nisan-ulusal-egemenlik-ve-cocuk-bayramini-kutladi\\\/#respond\"]}]},{\"@type\":\"WebPage\",\"@id\":\"https:\\\/\\\/memurunsesi.net\\\/index.php\\\/2025\\\/04\\\/23\\\/icisleri-bakani-yerlikaya-23-nisan-ulusal-egemenlik-ve-cocuk-bayramini-kutladi\\\/\",\"url\":\"https:\\\/\\\/memurunsesi.net\\\/index.php\\\/2025\\\/04\\\/23\\\/icisleri-bakani-yerlikaya-23-nisan-ulusal-egemenlik-ve-cocuk-bayramini-kutladi\\\/\",\"name\":\"\u0130\u00e7i\u015fleri Bakan\u0131 Yerlikaya, 23 Nisan Ulusal Egemenlik ve \u00c7ocuk Bayram\u0131'n\u0131 kutlad\u0131 - Memurun Sesi\",\"isPartOf\":{\"@id\":\"https:\\\/\\\/memurunsesi.net\\\/#website\"},\"datePublished\":\"2025-04-23T06:20:14+00:00\",\"breadcrumb\":{\"@id\":\"https:\\\/\\\/memurunsesi.net\\\/index.php\\\/2025\\\/04\\\/23\\\/icisleri-bakani-yerlikaya-23-nisan-ulusal-egemenlik-ve-cocuk-bayramini-kutladi\\\/#breadcrumb\"},\"inLanguage\":\"tr\",\"potentialAction\":[{\"@type\":\"ReadAction\",\"target\":[\"https:\\\/\\\/memurunsesi.net\\\/index.php\\\/2025\\\/04\\\/23\\\/icisleri-bakani-yerlikaya-23-nisan-ulusal-egemenlik-ve-cocuk-bayramini-kutladi\\\/\"]}]},{\"@type\":\"BreadcrumbList\",\"@id\":\"https:\\\/\\\/memurunsesi.net\\\/index.php\\\/2025\\\/04\\\/23\\\/icisleri-bakani-yerlikaya-23-nisan-ulusal-egemenlik-ve-cocuk-bayramini-kutladi\\\/#breadcrumb\",\"itemListElement\":[{\"@type\":\"ListItem\",\"position\":1,\"name\":\"Anasayfa\",\"item\":\"https:\\\/\\\/memurunsesi.net\\\/\"},{\"@type\":\"ListItem\",\"position\":2,\"name\":\"\u0130\u00e7i\u015fleri Bakan\u0131 Yerlikaya, 23 Nisan Ulusal Egemenlik ve \u00c7ocuk Bayram\u0131&#8217;n\u0131 kutlad\u0131\"}]},{\"@type\":\"WebSite\",\"@id\":\"https:\\\/\\\/memurunsesi.net\\\/#website\",\"url\":\"https:\\\/\\\/memurunsesi.net\\\/\",\"name\":\"Memurun Sesi\",\"description\":\"G\u00fcncel ve Do\u011fru Haber\",\"publisher\":{\"@id\":\"https:\\\/\\\/memurunsesi.net\\\/#organization\"},\"potentialAction\":[{\"@type\":\"SearchAction\",\"target\":{\"@type\":\"EntryPoint\",\"urlTemplate\":\"https:\\\/\\\/memurunsesi.net\\\/?s={search_term_string}\"},\"query-input\":{\"@type\":\"PropertyValueSpecification\",\"valueRequired\":true,\"valueName\":\"search_term_string\"}}],\"inLanguage\":\"tr\"},{\"@type\":\"Organization\",\"@id\":\"https:\\\/\\\/memurunsesi.net\\\/#organization\",\"name\":\"Memurun Sesi\",\"url\":\"https:\\\/\\\/memurunsesi.net\\\/\",\"logo\":{\"@type\":\"ImageObject\",\"inLanguage\":\"tr\",\"@id\":\"https:\\\/\\\/memurunsesi.net\\\/#\\\/schema\\\/logo\\\/image\\\/\",\"url\":\"https:\\\/\\\/memurunsesi.net\\\/wp-content\\\/uploads\\\/2025\\\/11\\\/cropped-MEMURUN-SESI.png\",\"contentUrl\":\"https:\\\/\\\/memurunsesi.net\\\/wp-content\\\/uploads\\\/2025\\\/11\\\/cropped-MEMURUN-SESI.png\",\"width\":238,\"height\":57,\"caption\":\"Memurun Sesi\"},\"image\":{\"@id\":\"https:\\\/\\\/memurunsesi.net\\\/#\\\/schema\\\/logo\\\/image\\\/\"},\"sameAs\":[\"https:\\\/\\\/www.facebook.com\\\/unipersen\\\/?locale=tr_TR\",\"https:\\\/\\\/x.com\\\/unipersen\"]},{\"@type\":\"Person\",\"@id\":\"https:\\\/\\\/memurunsesi.net\\\/#\\\/schema\\\/person\\\/f21c2d73b89f6ee1d80b0a1803e38587\",\"name\":\"Memurun Sesi Haber Merkezi\",\"image\":{\"@type\":\"ImageObject\",\"inLanguage\":\"tr\",\"@id\":\"https:\\\/\\\/secure.gravatar.com\\\/avatar\\\/6cf0505f452ee753f485014986fab09a434671d2b919ee76fc541025c5876a70?s=96&d=mm&r=g\",\"url\":\"https:\\\/\\\/secure.gravatar.com\\\/avatar\\\/6cf0505f452ee753f485014986fab09a434671d2b919ee76fc541025c5876a70?s=96&d=mm&r=g\",\"contentUrl\":\"https:\\\/\\\/secure.gravatar.com\\\/avatar\\\/6cf0505f452ee753f485014986fab09a434671d2b919ee76fc541025c5876a70?s=96&d=mm&r=g\",\"caption\":\"Memurun Sesi Haber Merkezi\"},\"sameAs\":[\"https:\\\/\\\/memurunsesi.net\"],\"url\":\"https:\\\/\\\/memurunsesi.net\\\/index.php\\\/author\\\/uniper\\\/\"}]}<\/script>\n<!-- \/ Yoast SEO plugin. -->","yoast_head_json":{"title":"\u0130\u00e7i\u015fleri Bakan\u0131 Yerlikaya, 23 Nisan Ulusal Egemenlik ve \u00c7ocuk Bayram\u0131'n\u0131 kutlad\u0131 - Memurun Sesi","robots":{"index":"index","follow":"follow","max-snippet":"max-snippet:-1","max-image-preview":"max-image-preview:large","max-video-preview":"max-video-preview:-1"},"canonical":"https:\/\/memurunsesi.net\/index.php\/2025\/04\/23\/icisleri-bakani-yerlikaya-23-nisan-ulusal-egemenlik-ve-cocuk-bayramini-kutladi\/","og_locale":"tr_TR","og_type":"article","og_title":"\u0130\u00e7i\u015fleri Bakan\u0131 Yerlikaya, 23 Nisan Ulusal Egemenlik ve \u00c7ocuk Bayram\u0131'n\u0131 kutlad\u0131 - Memurun Sesi","og_description":"\u0130\u00e7i\u015fleri Bakan\u0131 Ali Yerlikaya, sosyal medya hesab\u0131ndan yapt\u0131\u011f\u0131 payla\u015f\u0131mla 23 Nisan Ulusal Egemenlik ve \u00c7ocuk Bayram\u0131&#8217;n\u0131 kutlad\u0131. 23 Nisan&#8217;\u0131n millet iradesinin temeli oldu\u011funu belirten Bakan Yerlikaya payla\u015f\u0131m\u0131nda, &#8220;Gazi Meclis\u2019imiz bundan 105 y\u0131l \u00f6nce, 23 Nisan 1920\u2019de dualarla ve b\u00fcy\u00fck bir inan\u00e7la a\u00e7\u0131ld\u0131. Milli M\u00fccadele\u2019nin en zor g\u00fcnlerinde \u0130stiklal Sava\u015f\u0131\u2019m\u0131z\u0131 y\u00f6neten Meclis\u2019imiz, mazlum milletlere de \u0131\u015f\u0131k [&hellip;]","og_url":"https:\/\/memurunsesi.net\/index.php\/2025\/04\/23\/icisleri-bakani-yerlikaya-23-nisan-ulusal-egemenlik-ve-cocuk-bayramini-kutladi\/","og_site_name":"Memurun Sesi","article_publisher":"https:\/\/www.facebook.com\/unipersen\/?locale=tr_TR","article_published_time":"2025-04-23T06:20:14+00:00","author":"Memurun Sesi Haber Merkezi","twitter_card":"summary_large_image","twitter_creator":"@unipersen","twitter_site":"@unipersen","twitter_misc":{"Yazan:":"Memurun Sesi Haber Merkezi"},"schema":{"@context":"https:\/\/schema.org","@graph":[{"@type":"Article","@id":"https:\/\/memurunsesi.net\/index.php\/2025\/04\/23\/icisleri-bakani-yerlikaya-23-nisan-ulusal-egemenlik-ve-cocuk-bayramini-kutladi\/#article","isPartOf":{"@id":"https:\/\/memurunsesi.net\/index.php\/2025\/04\/23\/icisleri-bakani-yerlikaya-23-nisan-ulusal-egemenlik-ve-cocuk-bayramini-kutladi\/"},"author":{"name":"Memurun Sesi Haber Merkezi","@id":"https:\/\/memurunsesi.net\/#\/schema\/person\/f21c2d73b89f6ee1d80b0a1803e38587"},"headline":"\u0130\u00e7i\u015fleri Bakan\u0131 Yerlikaya, 23 Nisan Ulusal Egemenlik ve \u00c7ocuk Bayram\u0131&#8217;n\u0131 kutlad\u0131","datePublished":"2025-04-23T06:20:14+00:00","mainEntityOfPage":{"@id":"https:\/\/memurunsesi.net\/index.php\/2025\/04\/23\/icisleri-bakani-yerlikaya-23-nisan-ulusal-egemenlik-ve-cocuk-bayramini-kutladi\/"},"wordCount":156,"commentCount":0,"publisher":{"@id":"https:\/\/memurunsesi.net\/#organization"},"inLanguage":"tr","potentialAction":[{"@type":"CommentAction","name":"Comment","target":["https:\/\/memurunsesi.net\/index.php\/2025\/04\/23\/icisleri-bakani-yerlikaya-23-nisan-ulusal-egemenlik-ve-cocuk-bayramini-kutladi\/#respond"]}]},{"@type":"WebPage","@id":"https:\/\/memurunsesi.net\/index.php\/2025\/04\/23\/icisleri-bakani-yerlikaya-23-nisan-ulusal-egemenlik-ve-cocuk-bayramini-kutladi\/","url":"https:\/\/memurunsesi.net\/index.php\/2025\/04\/23\/icisleri-bakani-yerlikaya-23-nisan-ulusal-egemenlik-ve-cocuk-bayramini-kutladi\/","name":"\u0130\u00e7i\u015fleri Bakan\u0131 Yerlikaya, 23 Nisan Ulusal Egemenlik ve \u00c7ocuk Bayram\u0131'n\u0131 kutlad\u0131 - Memurun Sesi","isPartOf":{"@id":"https:\/\/memurunsesi.net\/#website"},"datePublished":"2025-04-23T06:20:14+00:00","breadcrumb":{"@id":"https:\/\/memurunsesi.net\/index.php\/2025\/04\/23\/icisleri-bakani-yerlikaya-23-nisan-ulusal-egemenlik-ve-cocuk-bayramini-kutladi\/#breadcrumb"},"inLanguage":"tr","potentialAction":[{"@type":"ReadAction","target":["https:\/\/memurunsesi.net\/index.php\/2025\/04\/23\/icisleri-bakani-yerlikaya-23-nisan-ulusal-egemenlik-ve-cocuk-bayramini-kutladi\/"]}]},{"@type":"BreadcrumbList","@id":"https:\/\/memurunsesi.net\/index.php\/2025\/04\/23\/icisleri-bakani-yerlikaya-23-nisan-ulusal-egemenlik-ve-cocuk-bayramini-kutladi\/#breadcrumb","itemListElement":[{"@type":"ListItem","position":1,"name":"Anasayfa","item":"https:\/\/memurunsesi.net\/"},{"@type":"ListItem","position":2,"name":"\u0130\u00e7i\u015fleri Bakan\u0131 Yerlikaya, 23 Nisan Ulusal Egemenlik ve \u00c7ocuk Bayram\u0131&#8217;n\u0131 kutlad\u0131"}]},{"@type":"WebSite","@id":"https:\/\/memurunsesi.net\/#website","url":"https:\/\/memurunsesi.net\/","name":"Memurun Sesi","description":"G\u00fcncel ve Do\u011fru Haber","publisher":{"@id":"https:\/\/memurunsesi.net\/#organization"},"potentialAction":[{"@type":"SearchAction","target":{"@type":"EntryPoint","urlTemplate":"https:\/\/memurunsesi.net\/?s={search_term_string}"},"query-input":{"@type":"PropertyValueSpecification","valueRequired":true,"valueName":"search_term_string"}}],"inLanguage":"tr"},{"@type":"Organization","@id":"https:\/\/memurunsesi.net\/#organization","name":"Memurun Sesi","url":"https:\/\/memurunsesi.net\/","logo":{"@type":"ImageObject","inLanguage":"tr","@id":"https:\/\/memurunsesi.net\/#\/schema\/logo\/image\/","url":"https:\/\/memurunsesi.net\/wp-content\/uploads\/2025\/11\/cropped-MEMURUN-SESI.png","contentUrl":"https:\/\/memurunsesi.net\/wp-content\/uploads\/2025\/11\/cropped-MEMURUN-SESI.png","width":238,"height":57,"caption":"Memurun Sesi"},"image":{"@id":"https:\/\/memurunsesi.net\/#\/schema\/logo\/image\/"},"sameAs":["https:\/\/www.facebook.com\/unipersen\/?locale=tr_TR","https:\/\/x.com\/unipersen"]},{"@type":"Person","@id":"https:\/\/memurunsesi.net\/#\/schema\/person\/f21c2d73b89f6ee1d80b0a1803e38587","name":"Memurun Sesi Haber Merkezi","image":{"@type":"ImageObject","inLanguage":"tr","@id":"https:\/\/secure.gravatar.com\/avatar\/6cf0505f452ee753f485014986fab09a434671d2b919ee76fc541025c5876a70?s=96&d=mm&r=g","url":"https:\/\/secure.gravatar.com\/avatar\/6cf0505f452ee753f485014986fab09a434671d2b919ee76fc541025c5876a70?s=96&d=mm&r=g","contentUrl":"https:\/\/secure.gravatar.com\/avatar\/6cf0505f452ee753f485014986fab09a434671d2b919ee76fc541025c5876a70?s=96&d=mm&r=g","caption":"Memurun Sesi Haber Merkezi"},"sameAs":["https:\/\/memurunsesi.net"],"url":"https:\/\/memurunsesi.net\/index.php\/author\/uniper\/"}]}},"_links":{"self":[{"href":"https:\/\/memurunsesi.net\/index.php\/wp-json\/wp\/v2\/posts\/5801","targetHints":{"allow":["GET"]}}],"collection":[{"href":"https:\/\/memurunsesi.net\/index.php\/wp-json\/wp\/v2\/posts"}],"about":[{"href":"https:\/\/memurunsesi.net\/index.php\/wp-json\/wp\/v2\/types\/post"}],"author":[{"embeddable":true,"href":"https:\/\/memurunsesi.net\/index.php\/wp-json\/wp\/v2\/users\/1"}],"replies":[{"embeddable":true,"href":"https:\/\/memurunsesi.net\/index.php\/wp-json\/wp\/v2\/comments?post=5801"}],"version-history":[{"count":1,"href":"https:\/\/memurunsesi.net\/index.php\/wp-json\/wp\/v2\/posts\/5801\/revisions"}],"predecessor-version":[{"id":5802,"href":"https:\/\/memurunsesi.net\/index.php\/wp-json\/wp\/v2\/posts\/5801\/revisions\/5802"}],"wp:attachment":[{"href":"https:\/\/memurunsesi.net\/index.php\/wp-json\/wp\/v2\/media?parent=5801"}],"wp:term":[{"taxonomy":"category","embeddable":true,"href":"https:\/\/memurunsesi.net\/index.php\/wp-json\/wp\/v2\/categories?post=5801"},{"taxonomy":"post_tag","embeddable":true,"href":"https:\/\/memurunsesi.net\/index.php\/wp-json\/wp\/v2\/tags?post=5801"}],"curies":[{"name":"wp","href":"https:\/\/api.w.org\/{rel}","templated":true}]}}