{"id":5807,"date":"2025-04-23T09:23:47","date_gmt":"2025-04-23T06:23:47","guid":{"rendered":"https:\/\/memurunsesi.net\/?p=5807"},"modified":"2025-04-23T09:23:47","modified_gmt":"2025-04-23T06:23:47","slug":"tirla-carpisan-otomobil-kagit-gibi-ezildi-1-olu-1-yarali","status":"publish","type":"post","link":"https:\/\/memurunsesi.net\/index.php\/2025\/04\/23\/tirla-carpisan-otomobil-kagit-gibi-ezildi-1-olu-1-yarali\/","title":{"rendered":"T\u0131rla \u00e7arp\u0131\u015fan otomobil ka\u011f\u0131t gibi ezildi: 1 \u00f6l\u00fc, 1 yaral\u0131"},"content":{"rendered":"<p>  Afyonkarahisar\u2019da t\u0131rla \u00e7arp\u0131\u015farak ka\u011f\u0131t gibi ezilen otomobilde bir ki\u015fi \u00f6ld\u00fc, 1 ki\u015fi de a\u011f\u0131r yaraland\u0131.<br \/>\nKaza, Bolvadin il\u00e7esi Hamidiye k\u00f6y\u00fc yak\u0131nlar\u0131nda meydana geldi. Edinilen bilgilere g\u00f6re, B.\u00d6., y\u00f6netimindeki 26 EH 405 plakal\u0131 t\u0131r hen\u00fcz belirlenemeyen bir sebepten \u00f6t\u00fcr\u00fc kar\u015f\u0131 y\u00f6nden gelen  M.K.\u2019n\u0131n kulland\u0131\u011f\u0131 03 BT 154 plakal\u0131 otomobille \u00e7arp\u0131\u015ft\u0131. Kazada ka\u011f\u0131t gibi ezilen otomobili s\u00fcr\u00fcc\u00fc ile yan\u0131nda bulunan E.K., ara\u00e7 i\u00e7erisinde s\u0131k\u0131\u015ft\u0131. Olay sonras\u0131 \u00e7evredekilerin haber vermesi ile b\u00f6lgeye jandarma, sa\u011fl\u0131k ve itfaiye ekipleri sevk edildi. B\u00f6lgeye gelen itfaiye ekipleri E.K.\u2019nin olay yerinde hayat\u0131n\u0131 kaybetti\u011fini belirlerken, yaralanan s\u00fcr\u00fcc\u00fc M.K.\u2019y\u0131 ise s\u0131k\u0131\u015ft\u0131\u011f\u0131 yerden yakla\u015f\u0131k 20 dakika s\u00fcren m\u00fcdahale sonras\u0131 \u00e7\u0131karabildi. Kaza nedeniyle karayolunda bir s\u00fcre trafik kontroll\u00fc bir \u015fekilde sa\u011flan\u0131rken, olay sonras\u0131 devrilen t\u0131r ise vin\u00e7 yard\u0131m\u0131yla devrildi\u011fi yerden kald\u0131r\u0131ld\u0131.<br \/>\n  Kazan\u0131n ard\u0131ndan savc\u0131l\u0131k taraf\u0131ndan soru\u015fturma ba\u015flat\u0131ld\u0131\u011f\u0131 bildirildi. <\/p>\n<p>23.04.2025                               <\/p>\n","protected":false},"excerpt":{"rendered":"<p>Afyonkarahisar\u2019da t\u0131rla \u00e7arp\u0131\u015farak ka\u011f\u0131t gibi ezilen otomobilde bir ki\u015fi \u00f6ld\u00fc, 1 ki\u015fi de a\u011f\u0131r yaraland\u0131. Kaza, Bolvadin il\u00e7esi Hamidiye k\u00f6y\u00fc yak\u0131nlar\u0131nda meydana geldi. Edinilen bilgilere g\u00f6re, B.\u00d6., y\u00f6netimindeki 26 EH 405 plakal\u0131 t\u0131r hen\u00fcz belirlenemeyen bir sebepten \u00f6t\u00fcr\u00fc kar\u015f\u0131 y\u00f6nden gelen M.K.\u2019n\u0131n kulland\u0131\u011f\u0131 03 BT 154 plakal\u0131 otomobille \u00e7arp\u0131\u015ft\u0131. Kazada ka\u011f\u0131t gibi ezilen otomobili s\u00fcr\u00fcc\u00fc [&hellip;]<\/p>\n","protected":false},"author":1,"featured_media":5808,"comment_status":"open","ping_status":"open","sticky":false,"template":"","format":"standard","meta":{"footnotes":""},"categories":[45],"tags":[],"class_list":["post-5807","post","type-post","status-publish","format-standard","has-post-thumbnail","hentry","category-gundem"],"yoast_head":"<!-- This site is optimized with the Yoast SEO plugin v27.4 - https:\/\/yoast.com\/product\/yoast-seo-wordpress\/ -->\n<title>T\u0131rla \u00e7arp\u0131\u015fan otomobil ka\u011f\u0131t gibi ezildi: 1 \u00f6l\u00fc, 1 yaral\u0131 - Memurun Sesi<\/title>\n<meta name=\"robots\" content=\"index, follow, max-snippet:-1, max-image-preview:large, max-video-preview:-1\" \/>\n<link rel=\"canonical\" href=\"https:\/\/memurunsesi.net\/index.php\/2025\/04\/23\/tirla-carpisan-otomobil-kagit-gibi-ezildi-1-olu-1-yarali\/\" \/>\n<meta property=\"og:locale\" content=\"tr_TR\" \/>\n<meta property=\"og:type\" content=\"article\" \/>\n<meta property=\"og:title\" content=\"T\u0131rla \u00e7arp\u0131\u015fan otomobil ka\u011f\u0131t gibi ezildi: 1 \u00f6l\u00fc, 1 yaral\u0131 - Memurun Sesi\" \/>\n<meta property=\"og:description\" content=\"Afyonkarahisar\u2019da t\u0131rla \u00e7arp\u0131\u015farak ka\u011f\u0131t gibi ezilen otomobilde bir ki\u015fi \u00f6ld\u00fc, 1 ki\u015fi de a\u011f\u0131r yaraland\u0131. Kaza, Bolvadin il\u00e7esi Hamidiye k\u00f6y\u00fc yak\u0131nlar\u0131nda meydana geldi. Edinilen bilgilere g\u00f6re, B.\u00d6., y\u00f6netimindeki 26 EH 405 plakal\u0131 t\u0131r hen\u00fcz belirlenemeyen bir sebepten \u00f6t\u00fcr\u00fc kar\u015f\u0131 y\u00f6nden gelen M.K.\u2019n\u0131n kulland\u0131\u011f\u0131 03 BT 154 plakal\u0131 otomobille \u00e7arp\u0131\u015ft\u0131. Kazada ka\u011f\u0131t gibi ezilen otomobili s\u00fcr\u00fcc\u00fc [&hellip;]\" \/>\n<meta property=\"og:url\" content=\"https:\/\/memurunsesi.net\/index.php\/2025\/04\/23\/tirla-carpisan-otomobil-kagit-gibi-ezildi-1-olu-1-yarali\/\" \/>\n<meta property=\"og:site_name\" content=\"Memurun Sesi\" \/>\n<meta property=\"article:publisher\" content=\"https:\/\/www.facebook.com\/unipersen\/?locale=tr_TR\" \/>\n<meta property=\"article:published_time\" content=\"2025-04-23T06:23:47+00:00\" \/>\n<meta property=\"og:image\" content=\"https:\/\/memurunsesi.net\/wp-content\/uploads\/2025\/04\/AW438869_01-scaled.jpg\" \/>\n\t<meta property=\"og:image:width\" content=\"2560\" \/>\n\t<meta property=\"og:image:height\" content=\"1920\" \/>\n\t<meta property=\"og:image:type\" content=\"image\/jpeg\" \/>\n<meta name=\"author\" content=\"Memurun Sesi Haber Merkezi\" \/>\n<meta name=\"twitter:card\" content=\"summary_large_image\" \/>\n<meta name=\"twitter:creator\" content=\"@unipersen\" \/>\n<meta name=\"twitter:site\" content=\"@unipersen\" \/>\n<meta name=\"twitter:label1\" content=\"Yazan:\" \/>\n\t<meta name=\"twitter:data1\" content=\"Memurun Sesi Haber Merkezi\" \/>\n\t<meta name=\"twitter:label2\" content=\"Tahmini okuma s\u00fcresi\" \/>\n\t<meta name=\"twitter:data2\" content=\"1 dakika\" \/>\n<script type=\"application\/ld+json\" class=\"yoast-schema-graph\">{\"@context\":\"https:\\\/\\\/schema.org\",\"@graph\":[{\"@type\":\"Article\",\"@id\":\"https:\\\/\\\/memurunsesi.net\\\/index.php\\\/2025\\\/04\\\/23\\\/tirla-carpisan-otomobil-kagit-gibi-ezildi-1-olu-1-yarali\\\/#article\",\"isPartOf\":{\"@id\":\"https:\\\/\\\/memurunsesi.net\\\/index.php\\\/2025\\\/04\\\/23\\\/tirla-carpisan-otomobil-kagit-gibi-ezildi-1-olu-1-yarali\\\/\"},\"author\":{\"name\":\"Memurun Sesi Haber Merkezi\",\"@id\":\"https:\\\/\\\/memurunsesi.net\\\/#\\\/schema\\\/person\\\/f21c2d73b89f6ee1d80b0a1803e38587\"},\"headline\":\"T\u0131rla \u00e7arp\u0131\u015fan otomobil ka\u011f\u0131t gibi ezildi: 1 \u00f6l\u00fc, 1 yaral\u0131\",\"datePublished\":\"2025-04-23T06:23:47+00:00\",\"mainEntityOfPage\":{\"@id\":\"https:\\\/\\\/memurunsesi.net\\\/index.php\\\/2025\\\/04\\\/23\\\/tirla-carpisan-otomobil-kagit-gibi-ezildi-1-olu-1-yarali\\\/\"},\"wordCount\":194,\"commentCount\":0,\"publisher\":{\"@id\":\"https:\\\/\\\/memurunsesi.net\\\/#organization\"},\"image\":{\"@id\":\"https:\\\/\\\/memurunsesi.net\\\/index.php\\\/2025\\\/04\\\/23\\\/tirla-carpisan-otomobil-kagit-gibi-ezildi-1-olu-1-yarali\\\/#primaryimage\"},\"thumbnailUrl\":\"https:\\\/\\\/memurunsesi.net\\\/wp-content\\\/uploads\\\/2025\\\/04\\\/AW438869_01-scaled.jpg\",\"articleSection\":[\"G\u00fcndem\"],\"inLanguage\":\"tr\",\"potentialAction\":[{\"@type\":\"CommentAction\",\"name\":\"Comment\",\"target\":[\"https:\\\/\\\/memurunsesi.net\\\/index.php\\\/2025\\\/04\\\/23\\\/tirla-carpisan-otomobil-kagit-gibi-ezildi-1-olu-1-yarali\\\/#respond\"]}]},{\"@type\":\"WebPage\",\"@id\":\"https:\\\/\\\/memurunsesi.net\\\/index.php\\\/2025\\\/04\\\/23\\\/tirla-carpisan-otomobil-kagit-gibi-ezildi-1-olu-1-yarali\\\/\",\"url\":\"https:\\\/\\\/memurunsesi.net\\\/index.php\\\/2025\\\/04\\\/23\\\/tirla-carpisan-otomobil-kagit-gibi-ezildi-1-olu-1-yarali\\\/\",\"name\":\"T\u0131rla \u00e7arp\u0131\u015fan otomobil ka\u011f\u0131t gibi ezildi: 1 \u00f6l\u00fc, 1 yaral\u0131 - Memurun Sesi\",\"isPartOf\":{\"@id\":\"https:\\\/\\\/memurunsesi.net\\\/#website\"},\"primaryImageOfPage\":{\"@id\":\"https:\\\/\\\/memurunsesi.net\\\/index.php\\\/2025\\\/04\\\/23\\\/tirla-carpisan-otomobil-kagit-gibi-ezildi-1-olu-1-yarali\\\/#primaryimage\"},\"image\":{\"@id\":\"https:\\\/\\\/memurunsesi.net\\\/index.php\\\/2025\\\/04\\\/23\\\/tirla-carpisan-otomobil-kagit-gibi-ezildi-1-olu-1-yarali\\\/#primaryimage\"},\"thumbnailUrl\":\"https:\\\/\\\/memurunsesi.net\\\/wp-content\\\/uploads\\\/2025\\\/04\\\/AW438869_01-scaled.jpg\",\"datePublished\":\"2025-04-23T06:23:47+00:00\",\"breadcrumb\":{\"@id\":\"https:\\\/\\\/memurunsesi.net\\\/index.php\\\/2025\\\/04\\\/23\\\/tirla-carpisan-otomobil-kagit-gibi-ezildi-1-olu-1-yarali\\\/#breadcrumb\"},\"inLanguage\":\"tr\",\"potentialAction\":[{\"@type\":\"ReadAction\",\"target\":[\"https:\\\/\\\/memurunsesi.net\\\/index.php\\\/2025\\\/04\\\/23\\\/tirla-carpisan-otomobil-kagit-gibi-ezildi-1-olu-1-yarali\\\/\"]}]},{\"@type\":\"ImageObject\",\"inLanguage\":\"tr\",\"@id\":\"https:\\\/\\\/memurunsesi.net\\\/index.php\\\/2025\\\/04\\\/23\\\/tirla-carpisan-otomobil-kagit-gibi-ezildi-1-olu-1-yarali\\\/#primaryimage\",\"url\":\"https:\\\/\\\/memurunsesi.net\\\/wp-content\\\/uploads\\\/2025\\\/04\\\/AW438869_01-scaled.jpg\",\"contentUrl\":\"https:\\\/\\\/memurunsesi.net\\\/wp-content\\\/uploads\\\/2025\\\/04\\\/AW438869_01-scaled.jpg\",\"width\":2560,\"height\":1920,\"caption\":\"AFYONKARAH\u0130SAR'DA TIRLA \u00c7ARPI\u015eARAK KA\u011eIT G\u0130B\u0130 EZ\u0130LEN OTOMOB\u0130LDE B\u0130R K\u0130\u015e\u0130 \u00d6LD\u00dc, 1 K\u0130\u015e\u0130 DE A\u011eIR YARALANDI. (MEVL\u00dcT TINAS\\\/AFYONKARAH\u0130SAR-\u0130HA) Afyonkarahisar'da t\u0131rla \u00e7arp\u0131\u015farak ka\u011f\u0131t gibi ezilen otomobilde bir ki\u015fi \u00f6ld\u00fc, 1 ki\u015fi de a\u011f\u0131r yaraland\u0131.\"},{\"@type\":\"BreadcrumbList\",\"@id\":\"https:\\\/\\\/memurunsesi.net\\\/index.php\\\/2025\\\/04\\\/23\\\/tirla-carpisan-otomobil-kagit-gibi-ezildi-1-olu-1-yarali\\\/#breadcrumb\",\"itemListElement\":[{\"@type\":\"ListItem\",\"position\":1,\"name\":\"Anasayfa\",\"item\":\"https:\\\/\\\/memurunsesi.net\\\/\"},{\"@type\":\"ListItem\",\"position\":2,\"name\":\"T\u0131rla \u00e7arp\u0131\u015fan otomobil ka\u011f\u0131t gibi ezildi: 1 \u00f6l\u00fc, 1 yaral\u0131\"}]},{\"@type\":\"WebSite\",\"@id\":\"https:\\\/\\\/memurunsesi.net\\\/#website\",\"url\":\"https:\\\/\\\/memurunsesi.net\\\/\",\"name\":\"Memurun Sesi\",\"description\":\"G\u00fcncel ve Do\u011fru Haber\",\"publisher\":{\"@id\":\"https:\\\/\\\/memurunsesi.net\\\/#organization\"},\"potentialAction\":[{\"@type\":\"SearchAction\",\"target\":{\"@type\":\"EntryPoint\",\"urlTemplate\":\"https:\\\/\\\/memurunsesi.net\\\/?s={search_term_string}\"},\"query-input\":{\"@type\":\"PropertyValueSpecification\",\"valueRequired\":true,\"valueName\":\"search_term_string\"}}],\"inLanguage\":\"tr\"},{\"@type\":\"Organization\",\"@id\":\"https:\\\/\\\/memurunsesi.net\\\/#organization\",\"name\":\"Memurun Sesi\",\"url\":\"https:\\\/\\\/memurunsesi.net\\\/\",\"logo\":{\"@type\":\"ImageObject\",\"inLanguage\":\"tr\",\"@id\":\"https:\\\/\\\/memurunsesi.net\\\/#\\\/schema\\\/logo\\\/image\\\/\",\"url\":\"https:\\\/\\\/memurunsesi.net\\\/wp-content\\\/uploads\\\/2025\\\/11\\\/cropped-MEMURUN-SESI.png\",\"contentUrl\":\"https:\\\/\\\/memurunsesi.net\\\/wp-content\\\/uploads\\\/2025\\\/11\\\/cropped-MEMURUN-SESI.png\",\"width\":238,\"height\":57,\"caption\":\"Memurun Sesi\"},\"image\":{\"@id\":\"https:\\\/\\\/memurunsesi.net\\\/#\\\/schema\\\/logo\\\/image\\\/\"},\"sameAs\":[\"https:\\\/\\\/www.facebook.com\\\/unipersen\\\/?locale=tr_TR\",\"https:\\\/\\\/x.com\\\/unipersen\"]},{\"@type\":\"Person\",\"@id\":\"https:\\\/\\\/memurunsesi.net\\\/#\\\/schema\\\/person\\\/f21c2d73b89f6ee1d80b0a1803e38587\",\"name\":\"Memurun Sesi Haber Merkezi\",\"image\":{\"@type\":\"ImageObject\",\"inLanguage\":\"tr\",\"@id\":\"https:\\\/\\\/secure.gravatar.com\\\/avatar\\\/6cf0505f452ee753f485014986fab09a434671d2b919ee76fc541025c5876a70?s=96&d=mm&r=g\",\"url\":\"https:\\\/\\\/secure.gravatar.com\\\/avatar\\\/6cf0505f452ee753f485014986fab09a434671d2b919ee76fc541025c5876a70?s=96&d=mm&r=g\",\"contentUrl\":\"https:\\\/\\\/secure.gravatar.com\\\/avatar\\\/6cf0505f452ee753f485014986fab09a434671d2b919ee76fc541025c5876a70?s=96&d=mm&r=g\",\"caption\":\"Memurun Sesi Haber Merkezi\"},\"sameAs\":[\"https:\\\/\\\/memurunsesi.net\"],\"url\":\"https:\\\/\\\/memurunsesi.net\\\/index.php\\\/author\\\/uniper\\\/\"}]}<\/script>\n<!-- \/ Yoast SEO plugin. -->","yoast_head_json":{"title":"T\u0131rla \u00e7arp\u0131\u015fan otomobil ka\u011f\u0131t gibi ezildi: 1 \u00f6l\u00fc, 1 yaral\u0131 - Memurun Sesi","robots":{"index":"index","follow":"follow","max-snippet":"max-snippet:-1","max-image-preview":"max-image-preview:large","max-video-preview":"max-video-preview:-1"},"canonical":"https:\/\/memurunsesi.net\/index.php\/2025\/04\/23\/tirla-carpisan-otomobil-kagit-gibi-ezildi-1-olu-1-yarali\/","og_locale":"tr_TR","og_type":"article","og_title":"T\u0131rla \u00e7arp\u0131\u015fan otomobil ka\u011f\u0131t gibi ezildi: 1 \u00f6l\u00fc, 1 yaral\u0131 - Memurun Sesi","og_description":"Afyonkarahisar\u2019da t\u0131rla \u00e7arp\u0131\u015farak ka\u011f\u0131t gibi ezilen otomobilde bir ki\u015fi \u00f6ld\u00fc, 1 ki\u015fi de a\u011f\u0131r yaraland\u0131. Kaza, Bolvadin il\u00e7esi Hamidiye k\u00f6y\u00fc yak\u0131nlar\u0131nda meydana geldi. Edinilen bilgilere g\u00f6re, B.\u00d6., y\u00f6netimindeki 26 EH 405 plakal\u0131 t\u0131r hen\u00fcz belirlenemeyen bir sebepten \u00f6t\u00fcr\u00fc kar\u015f\u0131 y\u00f6nden gelen M.K.\u2019n\u0131n kulland\u0131\u011f\u0131 03 BT 154 plakal\u0131 otomobille \u00e7arp\u0131\u015ft\u0131. Kazada ka\u011f\u0131t gibi ezilen otomobili s\u00fcr\u00fcc\u00fc [&hellip;]","og_url":"https:\/\/memurunsesi.net\/index.php\/2025\/04\/23\/tirla-carpisan-otomobil-kagit-gibi-ezildi-1-olu-1-yarali\/","og_site_name":"Memurun Sesi","article_publisher":"https:\/\/www.facebook.com\/unipersen\/?locale=tr_TR","article_published_time":"2025-04-23T06:23:47+00:00","og_image":[{"width":2560,"height":1920,"url":"https:\/\/memurunsesi.net\/wp-content\/uploads\/2025\/04\/AW438869_01-scaled.jpg","type":"image\/jpeg"}],"author":"Memurun Sesi Haber Merkezi","twitter_card":"summary_large_image","twitter_creator":"@unipersen","twitter_site":"@unipersen","twitter_misc":{"Yazan:":"Memurun Sesi Haber Merkezi","Tahmini okuma s\u00fcresi":"1 dakika"},"schema":{"@context":"https:\/\/schema.org","@graph":[{"@type":"Article","@id":"https:\/\/memurunsesi.net\/index.php\/2025\/04\/23\/tirla-carpisan-otomobil-kagit-gibi-ezildi-1-olu-1-yarali\/#article","isPartOf":{"@id":"https:\/\/memurunsesi.net\/index.php\/2025\/04\/23\/tirla-carpisan-otomobil-kagit-gibi-ezildi-1-olu-1-yarali\/"},"author":{"name":"Memurun Sesi Haber Merkezi","@id":"https:\/\/memurunsesi.net\/#\/schema\/person\/f21c2d73b89f6ee1d80b0a1803e38587"},"headline":"T\u0131rla \u00e7arp\u0131\u015fan otomobil ka\u011f\u0131t gibi ezildi: 1 \u00f6l\u00fc, 1 yaral\u0131","datePublished":"2025-04-23T06:23:47+00:00","mainEntityOfPage":{"@id":"https:\/\/memurunsesi.net\/index.php\/2025\/04\/23\/tirla-carpisan-otomobil-kagit-gibi-ezildi-1-olu-1-yarali\/"},"wordCount":194,"commentCount":0,"publisher":{"@id":"https:\/\/memurunsesi.net\/#organization"},"image":{"@id":"https:\/\/memurunsesi.net\/index.php\/2025\/04\/23\/tirla-carpisan-otomobil-kagit-gibi-ezildi-1-olu-1-yarali\/#primaryimage"},"thumbnailUrl":"https:\/\/memurunsesi.net\/wp-content\/uploads\/2025\/04\/AW438869_01-scaled.jpg","articleSection":["G\u00fcndem"],"inLanguage":"tr","potentialAction":[{"@type":"CommentAction","name":"Comment","target":["https:\/\/memurunsesi.net\/index.php\/2025\/04\/23\/tirla-carpisan-otomobil-kagit-gibi-ezildi-1-olu-1-yarali\/#respond"]}]},{"@type":"WebPage","@id":"https:\/\/memurunsesi.net\/index.php\/2025\/04\/23\/tirla-carpisan-otomobil-kagit-gibi-ezildi-1-olu-1-yarali\/","url":"https:\/\/memurunsesi.net\/index.php\/2025\/04\/23\/tirla-carpisan-otomobil-kagit-gibi-ezildi-1-olu-1-yarali\/","name":"T\u0131rla \u00e7arp\u0131\u015fan otomobil ka\u011f\u0131t gibi ezildi: 1 \u00f6l\u00fc, 1 yaral\u0131 - Memurun Sesi","isPartOf":{"@id":"https:\/\/memurunsesi.net\/#website"},"primaryImageOfPage":{"@id":"https:\/\/memurunsesi.net\/index.php\/2025\/04\/23\/tirla-carpisan-otomobil-kagit-gibi-ezildi-1-olu-1-yarali\/#primaryimage"},"image":{"@id":"https:\/\/memurunsesi.net\/index.php\/2025\/04\/23\/tirla-carpisan-otomobil-kagit-gibi-ezildi-1-olu-1-yarali\/#primaryimage"},"thumbnailUrl":"https:\/\/memurunsesi.net\/wp-content\/uploads\/2025\/04\/AW438869_01-scaled.jpg","datePublished":"2025-04-23T06:23:47+00:00","breadcrumb":{"@id":"https:\/\/memurunsesi.net\/index.php\/2025\/04\/23\/tirla-carpisan-otomobil-kagit-gibi-ezildi-1-olu-1-yarali\/#breadcrumb"},"inLanguage":"tr","potentialAction":[{"@type":"ReadAction","target":["https:\/\/memurunsesi.net\/index.php\/2025\/04\/23\/tirla-carpisan-otomobil-kagit-gibi-ezildi-1-olu-1-yarali\/"]}]},{"@type":"ImageObject","inLanguage":"tr","@id":"https:\/\/memurunsesi.net\/index.php\/2025\/04\/23\/tirla-carpisan-otomobil-kagit-gibi-ezildi-1-olu-1-yarali\/#primaryimage","url":"https:\/\/memurunsesi.net\/wp-content\/uploads\/2025\/04\/AW438869_01-scaled.jpg","contentUrl":"https:\/\/memurunsesi.net\/wp-content\/uploads\/2025\/04\/AW438869_01-scaled.jpg","width":2560,"height":1920,"caption":"AFYONKARAH\u0130SAR'DA TIRLA \u00c7ARPI\u015eARAK KA\u011eIT G\u0130B\u0130 EZ\u0130LEN OTOMOB\u0130LDE B\u0130R K\u0130\u015e\u0130 \u00d6LD\u00dc, 1 K\u0130\u015e\u0130 DE A\u011eIR YARALANDI. (MEVL\u00dcT TINAS\/AFYONKARAH\u0130SAR-\u0130HA) Afyonkarahisar'da t\u0131rla \u00e7arp\u0131\u015farak ka\u011f\u0131t gibi ezilen otomobilde bir ki\u015fi \u00f6ld\u00fc, 1 ki\u015fi de a\u011f\u0131r yaraland\u0131."},{"@type":"BreadcrumbList","@id":"https:\/\/memurunsesi.net\/index.php\/2025\/04\/23\/tirla-carpisan-otomobil-kagit-gibi-ezildi-1-olu-1-yarali\/#breadcrumb","itemListElement":[{"@type":"ListItem","position":1,"name":"Anasayfa","item":"https:\/\/memurunsesi.net\/"},{"@type":"ListItem","position":2,"name":"T\u0131rla \u00e7arp\u0131\u015fan otomobil ka\u011f\u0131t gibi ezildi: 1 \u00f6l\u00fc, 1 yaral\u0131"}]},{"@type":"WebSite","@id":"https:\/\/memurunsesi.net\/#website","url":"https:\/\/memurunsesi.net\/","name":"Memurun Sesi","description":"G\u00fcncel ve Do\u011fru Haber","publisher":{"@id":"https:\/\/memurunsesi.net\/#organization"},"potentialAction":[{"@type":"SearchAction","target":{"@type":"EntryPoint","urlTemplate":"https:\/\/memurunsesi.net\/?s={search_term_string}"},"query-input":{"@type":"PropertyValueSpecification","valueRequired":true,"valueName":"search_term_string"}}],"inLanguage":"tr"},{"@type":"Organization","@id":"https:\/\/memurunsesi.net\/#organization","name":"Memurun Sesi","url":"https:\/\/memurunsesi.net\/","logo":{"@type":"ImageObject","inLanguage":"tr","@id":"https:\/\/memurunsesi.net\/#\/schema\/logo\/image\/","url":"https:\/\/memurunsesi.net\/wp-content\/uploads\/2025\/11\/cropped-MEMURUN-SESI.png","contentUrl":"https:\/\/memurunsesi.net\/wp-content\/uploads\/2025\/11\/cropped-MEMURUN-SESI.png","width":238,"height":57,"caption":"Memurun Sesi"},"image":{"@id":"https:\/\/memurunsesi.net\/#\/schema\/logo\/image\/"},"sameAs":["https:\/\/www.facebook.com\/unipersen\/?locale=tr_TR","https:\/\/x.com\/unipersen"]},{"@type":"Person","@id":"https:\/\/memurunsesi.net\/#\/schema\/person\/f21c2d73b89f6ee1d80b0a1803e38587","name":"Memurun Sesi Haber Merkezi","image":{"@type":"ImageObject","inLanguage":"tr","@id":"https:\/\/secure.gravatar.com\/avatar\/6cf0505f452ee753f485014986fab09a434671d2b919ee76fc541025c5876a70?s=96&d=mm&r=g","url":"https:\/\/secure.gravatar.com\/avatar\/6cf0505f452ee753f485014986fab09a434671d2b919ee76fc541025c5876a70?s=96&d=mm&r=g","contentUrl":"https:\/\/secure.gravatar.com\/avatar\/6cf0505f452ee753f485014986fab09a434671d2b919ee76fc541025c5876a70?s=96&d=mm&r=g","caption":"Memurun Sesi Haber Merkezi"},"sameAs":["https:\/\/memurunsesi.net"],"url":"https:\/\/memurunsesi.net\/index.php\/author\/uniper\/"}]}},"_links":{"self":[{"href":"https:\/\/memurunsesi.net\/index.php\/wp-json\/wp\/v2\/posts\/5807","targetHints":{"allow":["GET"]}}],"collection":[{"href":"https:\/\/memurunsesi.net\/index.php\/wp-json\/wp\/v2\/posts"}],"about":[{"href":"https:\/\/memurunsesi.net\/index.php\/wp-json\/wp\/v2\/types\/post"}],"author":[{"embeddable":true,"href":"https:\/\/memurunsesi.net\/index.php\/wp-json\/wp\/v2\/users\/1"}],"replies":[{"embeddable":true,"href":"https:\/\/memurunsesi.net\/index.php\/wp-json\/wp\/v2\/comments?post=5807"}],"version-history":[{"count":1,"href":"https:\/\/memurunsesi.net\/index.php\/wp-json\/wp\/v2\/posts\/5807\/revisions"}],"predecessor-version":[{"id":5809,"href":"https:\/\/memurunsesi.net\/index.php\/wp-json\/wp\/v2\/posts\/5807\/revisions\/5809"}],"wp:featuredmedia":[{"embeddable":true,"href":"https:\/\/memurunsesi.net\/index.php\/wp-json\/wp\/v2\/media\/5808"}],"wp:attachment":[{"href":"https:\/\/memurunsesi.net\/index.php\/wp-json\/wp\/v2\/media?parent=5807"}],"wp:term":[{"taxonomy":"category","embeddable":true,"href":"https:\/\/memurunsesi.net\/index.php\/wp-json\/wp\/v2\/categories?post=5807"},{"taxonomy":"post_tag","embeddable":true,"href":"https:\/\/memurunsesi.net\/index.php\/wp-json\/wp\/v2\/tags?post=5807"}],"curies":[{"name":"wp","href":"https:\/\/api.w.org\/{rel}","templated":true}]}}