{"id":5813,"date":"2025-04-23T09:26:50","date_gmt":"2025-04-23T06:26:50","guid":{"rendered":"https:\/\/memurunsesi.net\/?p=5813"},"modified":"2025-04-23T09:26:50","modified_gmt":"2025-04-23T06:26:50","slug":"oglu-tarafindan-vurulan-baba-agir-yaralandi","status":"publish","type":"post","link":"https:\/\/memurunsesi.net\/index.php\/2025\/04\/23\/oglu-tarafindan-vurulan-baba-agir-yaralandi\/","title":{"rendered":"O\u011flu taraf\u0131ndan vurulan baba a\u011f\u0131r yaraland\u0131"},"content":{"rendered":"<p> Tekirda\u011f\u2019da kavga etti\u011fi o\u011flu taraf\u0131ndan silahla vurulan baba a\u011f\u0131r yaraland\u0131.<br \/>\nOlay, gece yar\u0131s\u0131 \u00c7orlu il\u00e7esi Muhittin Mahallesi Ant Sokak \u00fczerindeki ikamette meydana geldi. Baba M.\u00dc. (43) ile o\u011flu Y.B.\u00dc. (20) aras\u0131nda evde hen\u00fcz bilinmeyen bir nedenle tart\u0131\u015fma ya\u015fand\u0131. \u00c7\u0131kan kavga sonras\u0131 Y.B.\u00dc. babas\u0131na silahla ate\u015f a\u00e7t\u0131.<br \/>\n  G\u00f6\u011f\u00fcs \u00e7evresine isabet eden kur\u015funla a\u011f\u0131r yaralanan baba M.\u00dc. olay yerine gelen ambulansla \u00c7orlu Devlet Hastanesi\u2019ne kald\u0131r\u0131ld\u0131. M.\u00dc. buradaki ilk m\u00fcdahalesinin ard\u0131ndan tedavisi i\u00e7in \u00c7erkezk\u00f6y Devlet Hastanesi\u2019ne sevk edildi.<br \/>\n  Devriye Ekipler Grup Amirli\u011fi ekiplerince, Y.B.\u00dc. silahla birlikte olay yerinde g\u00f6zalt\u0131na al\u0131nd\u0131.<br \/>\n  Olayla ilgili soru\u015fturma s\u00fcr\u00fcyor. <\/p>\n<p>23.04.2025                            <\/p>\n","protected":false},"excerpt":{"rendered":"<p>Tekirda\u011f\u2019da kavga etti\u011fi o\u011flu taraf\u0131ndan silahla vurulan baba a\u011f\u0131r yaraland\u0131. Olay, gece yar\u0131s\u0131 \u00c7orlu il\u00e7esi Muhittin Mahallesi Ant Sokak \u00fczerindeki ikamette meydana geldi. Baba M.\u00dc. (43) ile o\u011flu Y.B.\u00dc. (20) aras\u0131nda evde hen\u00fcz bilinmeyen bir nedenle tart\u0131\u015fma ya\u015fand\u0131. \u00c7\u0131kan kavga sonras\u0131 Y.B.\u00dc. babas\u0131na silahla ate\u015f a\u00e7t\u0131. G\u00f6\u011f\u00fcs \u00e7evresine isabet eden kur\u015funla a\u011f\u0131r yaralanan baba M.\u00dc. [&hellip;]<\/p>\n","protected":false},"author":1,"featured_media":5814,"comment_status":"open","ping_status":"open","sticky":false,"template":"","format":"standard","meta":{"footnotes":""},"categories":[45],"tags":[],"class_list":["post-5813","post","type-post","status-publish","format-standard","has-post-thumbnail","hentry","category-gundem"],"yoast_head":"<!-- This site is optimized with the Yoast SEO plugin v27.4 - https:\/\/yoast.com\/product\/yoast-seo-wordpress\/ -->\n<title>O\u011flu taraf\u0131ndan vurulan baba a\u011f\u0131r yaraland\u0131 - Memurun Sesi<\/title>\n<meta name=\"robots\" content=\"index, follow, max-snippet:-1, max-image-preview:large, max-video-preview:-1\" \/>\n<link rel=\"canonical\" href=\"https:\/\/memurunsesi.net\/index.php\/2025\/04\/23\/oglu-tarafindan-vurulan-baba-agir-yaralandi\/\" \/>\n<meta property=\"og:locale\" content=\"tr_TR\" \/>\n<meta property=\"og:type\" content=\"article\" \/>\n<meta property=\"og:title\" content=\"O\u011flu taraf\u0131ndan vurulan baba a\u011f\u0131r yaraland\u0131 - Memurun Sesi\" \/>\n<meta property=\"og:description\" content=\"Tekirda\u011f\u2019da kavga etti\u011fi o\u011flu taraf\u0131ndan silahla vurulan baba a\u011f\u0131r yaraland\u0131. Olay, gece yar\u0131s\u0131 \u00c7orlu il\u00e7esi Muhittin Mahallesi Ant Sokak \u00fczerindeki ikamette meydana geldi. Baba M.\u00dc. (43) ile o\u011flu Y.B.\u00dc. (20) aras\u0131nda evde hen\u00fcz bilinmeyen bir nedenle tart\u0131\u015fma ya\u015fand\u0131. \u00c7\u0131kan kavga sonras\u0131 Y.B.\u00dc. babas\u0131na silahla ate\u015f a\u00e7t\u0131. G\u00f6\u011f\u00fcs \u00e7evresine isabet eden kur\u015funla a\u011f\u0131r yaralanan baba M.\u00dc. [&hellip;]\" \/>\n<meta property=\"og:url\" content=\"https:\/\/memurunsesi.net\/index.php\/2025\/04\/23\/oglu-tarafindan-vurulan-baba-agir-yaralandi\/\" \/>\n<meta property=\"og:site_name\" content=\"Memurun Sesi\" \/>\n<meta property=\"article:publisher\" content=\"https:\/\/www.facebook.com\/unipersen\/?locale=tr_TR\" \/>\n<meta property=\"article:published_time\" content=\"2025-04-23T06:26:50+00:00\" \/>\n<meta property=\"og:image\" content=\"https:\/\/memurunsesi.net\/wp-content\/uploads\/2025\/04\/AW438865_01.jpg\" \/>\n\t<meta property=\"og:image:width\" content=\"1546\" \/>\n\t<meta property=\"og:image:height\" content=\"1165\" \/>\n\t<meta property=\"og:image:type\" content=\"image\/jpeg\" \/>\n<meta name=\"author\" content=\"Memurun Sesi Haber Merkezi\" \/>\n<meta name=\"twitter:card\" content=\"summary_large_image\" \/>\n<meta name=\"twitter:creator\" content=\"@unipersen\" \/>\n<meta name=\"twitter:site\" content=\"@unipersen\" \/>\n<meta name=\"twitter:label1\" content=\"Yazan:\" \/>\n\t<meta name=\"twitter:data1\" content=\"Memurun Sesi Haber Merkezi\" \/>\n\t<meta name=\"twitter:label2\" content=\"Tahmini okuma s\u00fcresi\" \/>\n\t<meta name=\"twitter:data2\" content=\"1 dakika\" \/>\n<script type=\"application\/ld+json\" class=\"yoast-schema-graph\">{\"@context\":\"https:\\\/\\\/schema.org\",\"@graph\":[{\"@type\":\"Article\",\"@id\":\"https:\\\/\\\/memurunsesi.net\\\/index.php\\\/2025\\\/04\\\/23\\\/oglu-tarafindan-vurulan-baba-agir-yaralandi\\\/#article\",\"isPartOf\":{\"@id\":\"https:\\\/\\\/memurunsesi.net\\\/index.php\\\/2025\\\/04\\\/23\\\/oglu-tarafindan-vurulan-baba-agir-yaralandi\\\/\"},\"author\":{\"name\":\"Memurun Sesi Haber Merkezi\",\"@id\":\"https:\\\/\\\/memurunsesi.net\\\/#\\\/schema\\\/person\\\/f21c2d73b89f6ee1d80b0a1803e38587\"},\"headline\":\"O\u011flu taraf\u0131ndan vurulan baba a\u011f\u0131r yaraland\u0131\",\"datePublished\":\"2025-04-23T06:26:50+00:00\",\"mainEntityOfPage\":{\"@id\":\"https:\\\/\\\/memurunsesi.net\\\/index.php\\\/2025\\\/04\\\/23\\\/oglu-tarafindan-vurulan-baba-agir-yaralandi\\\/\"},\"wordCount\":133,\"commentCount\":0,\"publisher\":{\"@id\":\"https:\\\/\\\/memurunsesi.net\\\/#organization\"},\"image\":{\"@id\":\"https:\\\/\\\/memurunsesi.net\\\/index.php\\\/2025\\\/04\\\/23\\\/oglu-tarafindan-vurulan-baba-agir-yaralandi\\\/#primaryimage\"},\"thumbnailUrl\":\"https:\\\/\\\/memurunsesi.net\\\/wp-content\\\/uploads\\\/2025\\\/04\\\/AW438865_01.jpg\",\"articleSection\":[\"G\u00fcndem\"],\"inLanguage\":\"tr\",\"potentialAction\":[{\"@type\":\"CommentAction\",\"name\":\"Comment\",\"target\":[\"https:\\\/\\\/memurunsesi.net\\\/index.php\\\/2025\\\/04\\\/23\\\/oglu-tarafindan-vurulan-baba-agir-yaralandi\\\/#respond\"]}]},{\"@type\":\"WebPage\",\"@id\":\"https:\\\/\\\/memurunsesi.net\\\/index.php\\\/2025\\\/04\\\/23\\\/oglu-tarafindan-vurulan-baba-agir-yaralandi\\\/\",\"url\":\"https:\\\/\\\/memurunsesi.net\\\/index.php\\\/2025\\\/04\\\/23\\\/oglu-tarafindan-vurulan-baba-agir-yaralandi\\\/\",\"name\":\"O\u011flu taraf\u0131ndan vurulan baba a\u011f\u0131r yaraland\u0131 - Memurun Sesi\",\"isPartOf\":{\"@id\":\"https:\\\/\\\/memurunsesi.net\\\/#website\"},\"primaryImageOfPage\":{\"@id\":\"https:\\\/\\\/memurunsesi.net\\\/index.php\\\/2025\\\/04\\\/23\\\/oglu-tarafindan-vurulan-baba-agir-yaralandi\\\/#primaryimage\"},\"image\":{\"@id\":\"https:\\\/\\\/memurunsesi.net\\\/index.php\\\/2025\\\/04\\\/23\\\/oglu-tarafindan-vurulan-baba-agir-yaralandi\\\/#primaryimage\"},\"thumbnailUrl\":\"https:\\\/\\\/memurunsesi.net\\\/wp-content\\\/uploads\\\/2025\\\/04\\\/AW438865_01.jpg\",\"datePublished\":\"2025-04-23T06:26:50+00:00\",\"breadcrumb\":{\"@id\":\"https:\\\/\\\/memurunsesi.net\\\/index.php\\\/2025\\\/04\\\/23\\\/oglu-tarafindan-vurulan-baba-agir-yaralandi\\\/#breadcrumb\"},\"inLanguage\":\"tr\",\"potentialAction\":[{\"@type\":\"ReadAction\",\"target\":[\"https:\\\/\\\/memurunsesi.net\\\/index.php\\\/2025\\\/04\\\/23\\\/oglu-tarafindan-vurulan-baba-agir-yaralandi\\\/\"]}]},{\"@type\":\"ImageObject\",\"inLanguage\":\"tr\",\"@id\":\"https:\\\/\\\/memurunsesi.net\\\/index.php\\\/2025\\\/04\\\/23\\\/oglu-tarafindan-vurulan-baba-agir-yaralandi\\\/#primaryimage\",\"url\":\"https:\\\/\\\/memurunsesi.net\\\/wp-content\\\/uploads\\\/2025\\\/04\\\/AW438865_01.jpg\",\"contentUrl\":\"https:\\\/\\\/memurunsesi.net\\\/wp-content\\\/uploads\\\/2025\\\/04\\\/AW438865_01.jpg\",\"width\":1546,\"height\":1165,\"caption\":\"TEK\u0130RDA\u011e'DA KAVGA ETT\u0130\u011e\u0130 O\u011eLU TARAFINDAN S\u0130LAHLA VURULAN BABA A\u011eIR YARALANDI. (H\u00dcSEY\u0130N TAYYAR\\\/TEK\u0130RDA\u011e-\u0130HA) Tekirda\u011f'da kavga etti\u011fi o\u011flu taraf\u0131ndan silahla vurulan baba a\u011f\u0131r yaraland\u0131.\"},{\"@type\":\"BreadcrumbList\",\"@id\":\"https:\\\/\\\/memurunsesi.net\\\/index.php\\\/2025\\\/04\\\/23\\\/oglu-tarafindan-vurulan-baba-agir-yaralandi\\\/#breadcrumb\",\"itemListElement\":[{\"@type\":\"ListItem\",\"position\":1,\"name\":\"Anasayfa\",\"item\":\"https:\\\/\\\/memurunsesi.net\\\/\"},{\"@type\":\"ListItem\",\"position\":2,\"name\":\"O\u011flu taraf\u0131ndan vurulan baba a\u011f\u0131r yaraland\u0131\"}]},{\"@type\":\"WebSite\",\"@id\":\"https:\\\/\\\/memurunsesi.net\\\/#website\",\"url\":\"https:\\\/\\\/memurunsesi.net\\\/\",\"name\":\"Memurun Sesi\",\"description\":\"G\u00fcncel ve Do\u011fru Haber\",\"publisher\":{\"@id\":\"https:\\\/\\\/memurunsesi.net\\\/#organization\"},\"potentialAction\":[{\"@type\":\"SearchAction\",\"target\":{\"@type\":\"EntryPoint\",\"urlTemplate\":\"https:\\\/\\\/memurunsesi.net\\\/?s={search_term_string}\"},\"query-input\":{\"@type\":\"PropertyValueSpecification\",\"valueRequired\":true,\"valueName\":\"search_term_string\"}}],\"inLanguage\":\"tr\"},{\"@type\":\"Organization\",\"@id\":\"https:\\\/\\\/memurunsesi.net\\\/#organization\",\"name\":\"Memurun Sesi\",\"url\":\"https:\\\/\\\/memurunsesi.net\\\/\",\"logo\":{\"@type\":\"ImageObject\",\"inLanguage\":\"tr\",\"@id\":\"https:\\\/\\\/memurunsesi.net\\\/#\\\/schema\\\/logo\\\/image\\\/\",\"url\":\"https:\\\/\\\/memurunsesi.net\\\/wp-content\\\/uploads\\\/2025\\\/11\\\/cropped-MEMURUN-SESI.png\",\"contentUrl\":\"https:\\\/\\\/memurunsesi.net\\\/wp-content\\\/uploads\\\/2025\\\/11\\\/cropped-MEMURUN-SESI.png\",\"width\":238,\"height\":57,\"caption\":\"Memurun Sesi\"},\"image\":{\"@id\":\"https:\\\/\\\/memurunsesi.net\\\/#\\\/schema\\\/logo\\\/image\\\/\"},\"sameAs\":[\"https:\\\/\\\/www.facebook.com\\\/unipersen\\\/?locale=tr_TR\",\"https:\\\/\\\/x.com\\\/unipersen\"]},{\"@type\":\"Person\",\"@id\":\"https:\\\/\\\/memurunsesi.net\\\/#\\\/schema\\\/person\\\/f21c2d73b89f6ee1d80b0a1803e38587\",\"name\":\"Memurun Sesi Haber Merkezi\",\"image\":{\"@type\":\"ImageObject\",\"inLanguage\":\"tr\",\"@id\":\"https:\\\/\\\/secure.gravatar.com\\\/avatar\\\/6cf0505f452ee753f485014986fab09a434671d2b919ee76fc541025c5876a70?s=96&d=mm&r=g\",\"url\":\"https:\\\/\\\/secure.gravatar.com\\\/avatar\\\/6cf0505f452ee753f485014986fab09a434671d2b919ee76fc541025c5876a70?s=96&d=mm&r=g\",\"contentUrl\":\"https:\\\/\\\/secure.gravatar.com\\\/avatar\\\/6cf0505f452ee753f485014986fab09a434671d2b919ee76fc541025c5876a70?s=96&d=mm&r=g\",\"caption\":\"Memurun Sesi Haber Merkezi\"},\"sameAs\":[\"https:\\\/\\\/memurunsesi.net\"],\"url\":\"https:\\\/\\\/memurunsesi.net\\\/index.php\\\/author\\\/uniper\\\/\"}]}<\/script>\n<!-- \/ Yoast SEO plugin. -->","yoast_head_json":{"title":"O\u011flu taraf\u0131ndan vurulan baba a\u011f\u0131r yaraland\u0131 - Memurun Sesi","robots":{"index":"index","follow":"follow","max-snippet":"max-snippet:-1","max-image-preview":"max-image-preview:large","max-video-preview":"max-video-preview:-1"},"canonical":"https:\/\/memurunsesi.net\/index.php\/2025\/04\/23\/oglu-tarafindan-vurulan-baba-agir-yaralandi\/","og_locale":"tr_TR","og_type":"article","og_title":"O\u011flu taraf\u0131ndan vurulan baba a\u011f\u0131r yaraland\u0131 - Memurun Sesi","og_description":"Tekirda\u011f\u2019da kavga etti\u011fi o\u011flu taraf\u0131ndan silahla vurulan baba a\u011f\u0131r yaraland\u0131. Olay, gece yar\u0131s\u0131 \u00c7orlu il\u00e7esi Muhittin Mahallesi Ant Sokak \u00fczerindeki ikamette meydana geldi. Baba M.\u00dc. (43) ile o\u011flu Y.B.\u00dc. (20) aras\u0131nda evde hen\u00fcz bilinmeyen bir nedenle tart\u0131\u015fma ya\u015fand\u0131. \u00c7\u0131kan kavga sonras\u0131 Y.B.\u00dc. babas\u0131na silahla ate\u015f a\u00e7t\u0131. G\u00f6\u011f\u00fcs \u00e7evresine isabet eden kur\u015funla a\u011f\u0131r yaralanan baba M.\u00dc. [&hellip;]","og_url":"https:\/\/memurunsesi.net\/index.php\/2025\/04\/23\/oglu-tarafindan-vurulan-baba-agir-yaralandi\/","og_site_name":"Memurun Sesi","article_publisher":"https:\/\/www.facebook.com\/unipersen\/?locale=tr_TR","article_published_time":"2025-04-23T06:26:50+00:00","og_image":[{"width":1546,"height":1165,"url":"https:\/\/memurunsesi.net\/wp-content\/uploads\/2025\/04\/AW438865_01.jpg","type":"image\/jpeg"}],"author":"Memurun Sesi Haber Merkezi","twitter_card":"summary_large_image","twitter_creator":"@unipersen","twitter_site":"@unipersen","twitter_misc":{"Yazan:":"Memurun Sesi Haber Merkezi","Tahmini okuma s\u00fcresi":"1 dakika"},"schema":{"@context":"https:\/\/schema.org","@graph":[{"@type":"Article","@id":"https:\/\/memurunsesi.net\/index.php\/2025\/04\/23\/oglu-tarafindan-vurulan-baba-agir-yaralandi\/#article","isPartOf":{"@id":"https:\/\/memurunsesi.net\/index.php\/2025\/04\/23\/oglu-tarafindan-vurulan-baba-agir-yaralandi\/"},"author":{"name":"Memurun Sesi Haber Merkezi","@id":"https:\/\/memurunsesi.net\/#\/schema\/person\/f21c2d73b89f6ee1d80b0a1803e38587"},"headline":"O\u011flu taraf\u0131ndan vurulan baba a\u011f\u0131r yaraland\u0131","datePublished":"2025-04-23T06:26:50+00:00","mainEntityOfPage":{"@id":"https:\/\/memurunsesi.net\/index.php\/2025\/04\/23\/oglu-tarafindan-vurulan-baba-agir-yaralandi\/"},"wordCount":133,"commentCount":0,"publisher":{"@id":"https:\/\/memurunsesi.net\/#organization"},"image":{"@id":"https:\/\/memurunsesi.net\/index.php\/2025\/04\/23\/oglu-tarafindan-vurulan-baba-agir-yaralandi\/#primaryimage"},"thumbnailUrl":"https:\/\/memurunsesi.net\/wp-content\/uploads\/2025\/04\/AW438865_01.jpg","articleSection":["G\u00fcndem"],"inLanguage":"tr","potentialAction":[{"@type":"CommentAction","name":"Comment","target":["https:\/\/memurunsesi.net\/index.php\/2025\/04\/23\/oglu-tarafindan-vurulan-baba-agir-yaralandi\/#respond"]}]},{"@type":"WebPage","@id":"https:\/\/memurunsesi.net\/index.php\/2025\/04\/23\/oglu-tarafindan-vurulan-baba-agir-yaralandi\/","url":"https:\/\/memurunsesi.net\/index.php\/2025\/04\/23\/oglu-tarafindan-vurulan-baba-agir-yaralandi\/","name":"O\u011flu taraf\u0131ndan vurulan baba a\u011f\u0131r yaraland\u0131 - Memurun Sesi","isPartOf":{"@id":"https:\/\/memurunsesi.net\/#website"},"primaryImageOfPage":{"@id":"https:\/\/memurunsesi.net\/index.php\/2025\/04\/23\/oglu-tarafindan-vurulan-baba-agir-yaralandi\/#primaryimage"},"image":{"@id":"https:\/\/memurunsesi.net\/index.php\/2025\/04\/23\/oglu-tarafindan-vurulan-baba-agir-yaralandi\/#primaryimage"},"thumbnailUrl":"https:\/\/memurunsesi.net\/wp-content\/uploads\/2025\/04\/AW438865_01.jpg","datePublished":"2025-04-23T06:26:50+00:00","breadcrumb":{"@id":"https:\/\/memurunsesi.net\/index.php\/2025\/04\/23\/oglu-tarafindan-vurulan-baba-agir-yaralandi\/#breadcrumb"},"inLanguage":"tr","potentialAction":[{"@type":"ReadAction","target":["https:\/\/memurunsesi.net\/index.php\/2025\/04\/23\/oglu-tarafindan-vurulan-baba-agir-yaralandi\/"]}]},{"@type":"ImageObject","inLanguage":"tr","@id":"https:\/\/memurunsesi.net\/index.php\/2025\/04\/23\/oglu-tarafindan-vurulan-baba-agir-yaralandi\/#primaryimage","url":"https:\/\/memurunsesi.net\/wp-content\/uploads\/2025\/04\/AW438865_01.jpg","contentUrl":"https:\/\/memurunsesi.net\/wp-content\/uploads\/2025\/04\/AW438865_01.jpg","width":1546,"height":1165,"caption":"TEK\u0130RDA\u011e'DA KAVGA ETT\u0130\u011e\u0130 O\u011eLU TARAFINDAN S\u0130LAHLA VURULAN BABA A\u011eIR YARALANDI. (H\u00dcSEY\u0130N TAYYAR\/TEK\u0130RDA\u011e-\u0130HA) Tekirda\u011f'da kavga etti\u011fi o\u011flu taraf\u0131ndan silahla vurulan baba a\u011f\u0131r yaraland\u0131."},{"@type":"BreadcrumbList","@id":"https:\/\/memurunsesi.net\/index.php\/2025\/04\/23\/oglu-tarafindan-vurulan-baba-agir-yaralandi\/#breadcrumb","itemListElement":[{"@type":"ListItem","position":1,"name":"Anasayfa","item":"https:\/\/memurunsesi.net\/"},{"@type":"ListItem","position":2,"name":"O\u011flu taraf\u0131ndan vurulan baba a\u011f\u0131r yaraland\u0131"}]},{"@type":"WebSite","@id":"https:\/\/memurunsesi.net\/#website","url":"https:\/\/memurunsesi.net\/","name":"Memurun Sesi","description":"G\u00fcncel ve Do\u011fru Haber","publisher":{"@id":"https:\/\/memurunsesi.net\/#organization"},"potentialAction":[{"@type":"SearchAction","target":{"@type":"EntryPoint","urlTemplate":"https:\/\/memurunsesi.net\/?s={search_term_string}"},"query-input":{"@type":"PropertyValueSpecification","valueRequired":true,"valueName":"search_term_string"}}],"inLanguage":"tr"},{"@type":"Organization","@id":"https:\/\/memurunsesi.net\/#organization","name":"Memurun Sesi","url":"https:\/\/memurunsesi.net\/","logo":{"@type":"ImageObject","inLanguage":"tr","@id":"https:\/\/memurunsesi.net\/#\/schema\/logo\/image\/","url":"https:\/\/memurunsesi.net\/wp-content\/uploads\/2025\/11\/cropped-MEMURUN-SESI.png","contentUrl":"https:\/\/memurunsesi.net\/wp-content\/uploads\/2025\/11\/cropped-MEMURUN-SESI.png","width":238,"height":57,"caption":"Memurun Sesi"},"image":{"@id":"https:\/\/memurunsesi.net\/#\/schema\/logo\/image\/"},"sameAs":["https:\/\/www.facebook.com\/unipersen\/?locale=tr_TR","https:\/\/x.com\/unipersen"]},{"@type":"Person","@id":"https:\/\/memurunsesi.net\/#\/schema\/person\/f21c2d73b89f6ee1d80b0a1803e38587","name":"Memurun Sesi Haber Merkezi","image":{"@type":"ImageObject","inLanguage":"tr","@id":"https:\/\/secure.gravatar.com\/avatar\/6cf0505f452ee753f485014986fab09a434671d2b919ee76fc541025c5876a70?s=96&d=mm&r=g","url":"https:\/\/secure.gravatar.com\/avatar\/6cf0505f452ee753f485014986fab09a434671d2b919ee76fc541025c5876a70?s=96&d=mm&r=g","contentUrl":"https:\/\/secure.gravatar.com\/avatar\/6cf0505f452ee753f485014986fab09a434671d2b919ee76fc541025c5876a70?s=96&d=mm&r=g","caption":"Memurun Sesi Haber Merkezi"},"sameAs":["https:\/\/memurunsesi.net"],"url":"https:\/\/memurunsesi.net\/index.php\/author\/uniper\/"}]}},"_links":{"self":[{"href":"https:\/\/memurunsesi.net\/index.php\/wp-json\/wp\/v2\/posts\/5813","targetHints":{"allow":["GET"]}}],"collection":[{"href":"https:\/\/memurunsesi.net\/index.php\/wp-json\/wp\/v2\/posts"}],"about":[{"href":"https:\/\/memurunsesi.net\/index.php\/wp-json\/wp\/v2\/types\/post"}],"author":[{"embeddable":true,"href":"https:\/\/memurunsesi.net\/index.php\/wp-json\/wp\/v2\/users\/1"}],"replies":[{"embeddable":true,"href":"https:\/\/memurunsesi.net\/index.php\/wp-json\/wp\/v2\/comments?post=5813"}],"version-history":[{"count":1,"href":"https:\/\/memurunsesi.net\/index.php\/wp-json\/wp\/v2\/posts\/5813\/revisions"}],"predecessor-version":[{"id":5815,"href":"https:\/\/memurunsesi.net\/index.php\/wp-json\/wp\/v2\/posts\/5813\/revisions\/5815"}],"wp:featuredmedia":[{"embeddable":true,"href":"https:\/\/memurunsesi.net\/index.php\/wp-json\/wp\/v2\/media\/5814"}],"wp:attachment":[{"href":"https:\/\/memurunsesi.net\/index.php\/wp-json\/wp\/v2\/media?parent=5813"}],"wp:term":[{"taxonomy":"category","embeddable":true,"href":"https:\/\/memurunsesi.net\/index.php\/wp-json\/wp\/v2\/categories?post=5813"},{"taxonomy":"post_tag","embeddable":true,"href":"https:\/\/memurunsesi.net\/index.php\/wp-json\/wp\/v2\/tags?post=5813"}],"curies":[{"name":"wp","href":"https:\/\/api.w.org\/{rel}","templated":true}]}}