{"id":5816,"date":"2025-04-23T09:28:27","date_gmt":"2025-04-23T06:28:27","guid":{"rendered":"https:\/\/memurunsesi.net\/?p=5816"},"modified":"2025-04-23T09:28:27","modified_gmt":"2025-04-23T06:28:27","slug":"ozel-ogrenciler-senlikte-eglendi","status":"publish","type":"post","link":"https:\/\/memurunsesi.net\/index.php\/2025\/04\/23\/ozel-ogrenciler-senlikte-eglendi\/","title":{"rendered":"\u00d6zel \u00f6\u011frenciler, \u015fenlikte e\u011flendi"},"content":{"rendered":"<p>\n   Kahramanmara\u015f Oniki\u015fubat Belediyesi, 23 Nisan Ulusal Egemenlik ve \u00c7ocuk Bayram\u0131\u2019n\u0131 \u00f6zel \u00e7ocuklar i\u00e7in unutulmaz bir etkinlikle kutlad\u0131.<br \/>\n23 Nisan Ulusal Egemenlik ve \u00c7ocuk Bayram\u0131 dolay\u0131s\u0131yla t\u00fcm yurtta oldu\u011fu gibi Oniki\u015fubat il\u00e7esinde de co\u015fku dolu etkinlikler organize edildi. Belediye b\u00fcnyesinde hizmet veren Hamidiye Bekir Top\u00e7uo\u011flu \u00d6zel E\u011fitim ve Rehabilitasyon Merkezi&#8217;nde \u00f6zel bireyler i\u00e7in \u015fenlik d\u00fczenlendi. Sayg\u0131 duru\u015fu ve \u0130stiklal Mar\u015f\u0131\u2019n\u0131n okunmas\u0131yla ba\u015flayan bando tak\u0131m\u0131n\u0131n co\u015fkulu g\u00f6sterisiyle devam eden \u015fenlik bayram yerine d\u00f6n\u00fc\u015ft\u00fc. Down sendromlu \u00f6\u011frencilerin sahne performanslar\u0131 ve etkinlik boyunca sergiledikleri ne\u015fe dolu halleri, 23 Nisan \u015eenli\u011fi\u2019ni anlaml\u0131 k\u0131lan en g\u00fczel detaylardan biri oldu.<br \/>\n  Panay\u0131r oyunlar\u0131, \u015fi\u015fme oyun gruplar\u0131, animat\u00f6rler, sahne g\u00f6sterileri, boyama alanlar\u0131, oyun \u00e7ad\u0131rlar\u0131 ve jandarma k\u00f6pe\u011fi g\u00f6sterisi gibi birbirinden e\u011flenceli etkinliklerle \u00e7ocuklar g\u00f6n\u00fcllerince e\u011flendi. Etkinlik boyunca pamuk \u015feker ve patlam\u0131\u015f m\u0131s\u0131r ikram\u0131 da yap\u0131larak \u00e7ocuklara bayram\u0131n ne\u015fesi doyas\u0131ya ya\u015fat\u0131ld\u0131.<br \/>\n  \u015eenli\u011fe kat\u0131lan polis ve jandarma ekipleri, hem \u00e7ocuklarla yak\u0131ndan ilgilendi hem de etkinlik alan\u0131ndaki g\u00fcvenli\u011fi sa\u011flayarak programa destek verdi. \u00d6zellikle jandarma k\u00f6pe\u011fi g\u00f6sterisi \u00e7ocuklardan b\u00fcy\u00fck ilgi g\u00f6r\u00fcrken, e\u011flenceli anlar ailelerin y\u00fcz\u00fcn\u00fc g\u00fcld\u00fcrd\u00fc.<br \/>\n  Oniki\u015fubat Belediyesi\u2019nden \u015fenlikle ilgili yap\u0131lan payla\u015f\u0131mda, \u00f6zel \u00e7ocuklar\u0131n toplumsal ya\u015fama kat\u0131l\u0131mlar\u0131n\u0131n art\u0131r\u0131lmas\u0131 ve bayram sevincinden eksik kalmamalar\u0131 i\u00e7in bu t\u00fcr etkinliklere b\u00fcy\u00fck \u00f6nem verildi\u011fi vurgulanarak, &#8220;23 Nisan, t\u00fcm \u00e7ocuklar\u0131m\u0131z\u0131n bayram\u0131d\u0131r. Bug\u00fcn, \u00f6zel evlatlar\u0131m\u0131zla birlikte bu anlaml\u0131 g\u00fcn\u00fc co\u015fkuyla kutlamaktan b\u00fcy\u00fck mutluluk duyuyoruz. Onlar\u0131n y\u00fcz\u00fcndeki bir tebess\u00fcm, bizim en b\u00fcy\u00fck \u00f6d\u00fcl\u00fcm\u00fczd\u00fcr. Oniki\u015fubat Belediyesi olarak her zaman \u00f6zel bireylerimizin yan\u0131nda olmaya, onlar\u0131 desteklemeye devam edece\u011fiz&#8221;denildi.<br \/>\n  Etkinli\u011fe kat\u0131lan aileler ise \u00e7ocuklar\u0131n\u0131n b\u00f6ylesine \u00f6zel bir g\u00fcnde bu kadar mutlu olmas\u0131n\u0131 sa\u011flayan Oniki\u015fubat Belediyesine te\u015fekk\u00fcr etti. <\/p>\n<p>23.04.2025                                <\/p>\n","protected":false},"excerpt":{"rendered":"<p>Kahramanmara\u015f Oniki\u015fubat Belediyesi, 23 Nisan Ulusal Egemenlik ve \u00c7ocuk Bayram\u0131\u2019n\u0131 \u00f6zel \u00e7ocuklar i\u00e7in unutulmaz bir etkinlikle kutlad\u0131. 23 Nisan Ulusal Egemenlik ve \u00c7ocuk Bayram\u0131 dolay\u0131s\u0131yla t\u00fcm yurtta oldu\u011fu gibi Oniki\u015fubat il\u00e7esinde de co\u015fku dolu etkinlikler organize edildi. Belediye b\u00fcnyesinde hizmet veren Hamidiye Bekir Top\u00e7uo\u011flu \u00d6zel E\u011fitim ve Rehabilitasyon Merkezi&#8217;nde \u00f6zel bireyler i\u00e7in \u015fenlik d\u00fczenlendi. Sayg\u0131 [&hellip;]<\/p>\n","protected":false},"author":1,"featured_media":5817,"comment_status":"open","ping_status":"open","sticky":false,"template":"","format":"standard","meta":{"footnotes":""},"categories":[50],"tags":[],"class_list":["post-5816","post","type-post","status-publish","format-standard","has-post-thumbnail","hentry","category-tum-haberler"],"yoast_head":"<!-- This site is optimized with the Yoast SEO plugin v27.4 - https:\/\/yoast.com\/product\/yoast-seo-wordpress\/ -->\n<title>\u00d6zel \u00f6\u011frenciler, \u015fenlikte e\u011flendi - Memurun Sesi<\/title>\n<meta name=\"robots\" content=\"index, follow, max-snippet:-1, max-image-preview:large, max-video-preview:-1\" \/>\n<link rel=\"canonical\" href=\"https:\/\/memurunsesi.net\/index.php\/2025\/04\/23\/ozel-ogrenciler-senlikte-eglendi\/\" \/>\n<meta property=\"og:locale\" content=\"tr_TR\" \/>\n<meta property=\"og:type\" content=\"article\" \/>\n<meta property=\"og:title\" content=\"\u00d6zel \u00f6\u011frenciler, \u015fenlikte e\u011flendi - Memurun Sesi\" \/>\n<meta property=\"og:description\" content=\"Kahramanmara\u015f Oniki\u015fubat Belediyesi, 23 Nisan Ulusal Egemenlik ve \u00c7ocuk Bayram\u0131\u2019n\u0131 \u00f6zel \u00e7ocuklar i\u00e7in unutulmaz bir etkinlikle kutlad\u0131. 23 Nisan Ulusal Egemenlik ve \u00c7ocuk Bayram\u0131 dolay\u0131s\u0131yla t\u00fcm yurtta oldu\u011fu gibi Oniki\u015fubat il\u00e7esinde de co\u015fku dolu etkinlikler organize edildi. Belediye b\u00fcnyesinde hizmet veren Hamidiye Bekir Top\u00e7uo\u011flu \u00d6zel E\u011fitim ve Rehabilitasyon Merkezi&#8217;nde \u00f6zel bireyler i\u00e7in \u015fenlik d\u00fczenlendi. Sayg\u0131 [&hellip;]\" \/>\n<meta property=\"og:url\" content=\"https:\/\/memurunsesi.net\/index.php\/2025\/04\/23\/ozel-ogrenciler-senlikte-eglendi\/\" \/>\n<meta property=\"og:site_name\" content=\"Memurun Sesi\" \/>\n<meta property=\"article:publisher\" content=\"https:\/\/www.facebook.com\/unipersen\/?locale=tr_TR\" \/>\n<meta property=\"article:published_time\" content=\"2025-04-23T06:28:27+00:00\" \/>\n<meta property=\"og:image\" content=\"https:\/\/memurunsesi.net\/wp-content\/uploads\/2025\/04\/AW438864_03-scaled.jpg\" \/>\n\t<meta property=\"og:image:width\" content=\"2560\" \/>\n\t<meta property=\"og:image:height\" content=\"1444\" \/>\n\t<meta property=\"og:image:type\" content=\"image\/jpeg\" \/>\n<meta name=\"author\" content=\"Memurun Sesi Haber Merkezi\" \/>\n<meta name=\"twitter:card\" content=\"summary_large_image\" \/>\n<meta name=\"twitter:creator\" content=\"@unipersen\" \/>\n<meta name=\"twitter:site\" content=\"@unipersen\" \/>\n<meta name=\"twitter:label1\" content=\"Yazan:\" \/>\n\t<meta name=\"twitter:data1\" content=\"Memurun Sesi Haber Merkezi\" \/>\n\t<meta name=\"twitter:label2\" content=\"Tahmini okuma s\u00fcresi\" \/>\n\t<meta name=\"twitter:data2\" content=\"1 dakika\" \/>\n<script type=\"application\/ld+json\" class=\"yoast-schema-graph\">{\"@context\":\"https:\\\/\\\/schema.org\",\"@graph\":[{\"@type\":\"Article\",\"@id\":\"https:\\\/\\\/memurunsesi.net\\\/index.php\\\/2025\\\/04\\\/23\\\/ozel-ogrenciler-senlikte-eglendi\\\/#article\",\"isPartOf\":{\"@id\":\"https:\\\/\\\/memurunsesi.net\\\/index.php\\\/2025\\\/04\\\/23\\\/ozel-ogrenciler-senlikte-eglendi\\\/\"},\"author\":{\"name\":\"Memurun Sesi Haber Merkezi\",\"@id\":\"https:\\\/\\\/memurunsesi.net\\\/#\\\/schema\\\/person\\\/f21c2d73b89f6ee1d80b0a1803e38587\"},\"headline\":\"\u00d6zel \u00f6\u011frenciler, \u015fenlikte e\u011flendi\",\"datePublished\":\"2025-04-23T06:28:27+00:00\",\"mainEntityOfPage\":{\"@id\":\"https:\\\/\\\/memurunsesi.net\\\/index.php\\\/2025\\\/04\\\/23\\\/ozel-ogrenciler-senlikte-eglendi\\\/\"},\"wordCount\":373,\"commentCount\":0,\"publisher\":{\"@id\":\"https:\\\/\\\/memurunsesi.net\\\/#organization\"},\"image\":{\"@id\":\"https:\\\/\\\/memurunsesi.net\\\/index.php\\\/2025\\\/04\\\/23\\\/ozel-ogrenciler-senlikte-eglendi\\\/#primaryimage\"},\"thumbnailUrl\":\"https:\\\/\\\/memurunsesi.net\\\/wp-content\\\/uploads\\\/2025\\\/04\\\/AW438864_03-scaled.jpg\",\"articleSection\":[\"T\u00fcm Haberler\"],\"inLanguage\":\"tr\",\"potentialAction\":[{\"@type\":\"CommentAction\",\"name\":\"Comment\",\"target\":[\"https:\\\/\\\/memurunsesi.net\\\/index.php\\\/2025\\\/04\\\/23\\\/ozel-ogrenciler-senlikte-eglendi\\\/#respond\"]}]},{\"@type\":\"WebPage\",\"@id\":\"https:\\\/\\\/memurunsesi.net\\\/index.php\\\/2025\\\/04\\\/23\\\/ozel-ogrenciler-senlikte-eglendi\\\/\",\"url\":\"https:\\\/\\\/memurunsesi.net\\\/index.php\\\/2025\\\/04\\\/23\\\/ozel-ogrenciler-senlikte-eglendi\\\/\",\"name\":\"\u00d6zel \u00f6\u011frenciler, \u015fenlikte e\u011flendi - Memurun Sesi\",\"isPartOf\":{\"@id\":\"https:\\\/\\\/memurunsesi.net\\\/#website\"},\"primaryImageOfPage\":{\"@id\":\"https:\\\/\\\/memurunsesi.net\\\/index.php\\\/2025\\\/04\\\/23\\\/ozel-ogrenciler-senlikte-eglendi\\\/#primaryimage\"},\"image\":{\"@id\":\"https:\\\/\\\/memurunsesi.net\\\/index.php\\\/2025\\\/04\\\/23\\\/ozel-ogrenciler-senlikte-eglendi\\\/#primaryimage\"},\"thumbnailUrl\":\"https:\\\/\\\/memurunsesi.net\\\/wp-content\\\/uploads\\\/2025\\\/04\\\/AW438864_03-scaled.jpg\",\"datePublished\":\"2025-04-23T06:28:27+00:00\",\"breadcrumb\":{\"@id\":\"https:\\\/\\\/memurunsesi.net\\\/index.php\\\/2025\\\/04\\\/23\\\/ozel-ogrenciler-senlikte-eglendi\\\/#breadcrumb\"},\"inLanguage\":\"tr\",\"potentialAction\":[{\"@type\":\"ReadAction\",\"target\":[\"https:\\\/\\\/memurunsesi.net\\\/index.php\\\/2025\\\/04\\\/23\\\/ozel-ogrenciler-senlikte-eglendi\\\/\"]}]},{\"@type\":\"ImageObject\",\"inLanguage\":\"tr\",\"@id\":\"https:\\\/\\\/memurunsesi.net\\\/index.php\\\/2025\\\/04\\\/23\\\/ozel-ogrenciler-senlikte-eglendi\\\/#primaryimage\",\"url\":\"https:\\\/\\\/memurunsesi.net\\\/wp-content\\\/uploads\\\/2025\\\/04\\\/AW438864_03-scaled.jpg\",\"contentUrl\":\"https:\\\/\\\/memurunsesi.net\\\/wp-content\\\/uploads\\\/2025\\\/04\\\/AW438864_03-scaled.jpg\",\"width\":2560,\"height\":1444,\"caption\":\"ON\u0130K\u0130\u015eUBAT BELED\u0130YES\u0130, 23 N\u0130SAN ULUSAL EGEMENL\u0130K VE \u00c7OCUK BAYRAMI'NI BU YIL \u00d6ZEL \u00c7OCUKLAR \u0130\u00c7\u0130N UNUTULMAZ B\u0130R ETK\u0130NL\u0130KLE KUTLADI (\u0130HA\\\/KAHRAMANMARA\u015e-\u0130HA) Kahramanmara\u015f Oniki\u015fubat Belediyesi, 23 Nisan Ulusal Egemenlik ve \u00c7ocuk Bayram\u0131'n\u0131 \u00f6zel \u00e7ocuklar i\u00e7in unutulmaz bir etkinlikle kutlad\u0131.\"},{\"@type\":\"BreadcrumbList\",\"@id\":\"https:\\\/\\\/memurunsesi.net\\\/index.php\\\/2025\\\/04\\\/23\\\/ozel-ogrenciler-senlikte-eglendi\\\/#breadcrumb\",\"itemListElement\":[{\"@type\":\"ListItem\",\"position\":1,\"name\":\"Anasayfa\",\"item\":\"https:\\\/\\\/memurunsesi.net\\\/\"},{\"@type\":\"ListItem\",\"position\":2,\"name\":\"\u00d6zel \u00f6\u011frenciler, \u015fenlikte e\u011flendi\"}]},{\"@type\":\"WebSite\",\"@id\":\"https:\\\/\\\/memurunsesi.net\\\/#website\",\"url\":\"https:\\\/\\\/memurunsesi.net\\\/\",\"name\":\"Memurun Sesi\",\"description\":\"G\u00fcncel ve Do\u011fru Haber\",\"publisher\":{\"@id\":\"https:\\\/\\\/memurunsesi.net\\\/#organization\"},\"potentialAction\":[{\"@type\":\"SearchAction\",\"target\":{\"@type\":\"EntryPoint\",\"urlTemplate\":\"https:\\\/\\\/memurunsesi.net\\\/?s={search_term_string}\"},\"query-input\":{\"@type\":\"PropertyValueSpecification\",\"valueRequired\":true,\"valueName\":\"search_term_string\"}}],\"inLanguage\":\"tr\"},{\"@type\":\"Organization\",\"@id\":\"https:\\\/\\\/memurunsesi.net\\\/#organization\",\"name\":\"Memurun Sesi\",\"url\":\"https:\\\/\\\/memurunsesi.net\\\/\",\"logo\":{\"@type\":\"ImageObject\",\"inLanguage\":\"tr\",\"@id\":\"https:\\\/\\\/memurunsesi.net\\\/#\\\/schema\\\/logo\\\/image\\\/\",\"url\":\"https:\\\/\\\/memurunsesi.net\\\/wp-content\\\/uploads\\\/2025\\\/11\\\/cropped-MEMURUN-SESI.png\",\"contentUrl\":\"https:\\\/\\\/memurunsesi.net\\\/wp-content\\\/uploads\\\/2025\\\/11\\\/cropped-MEMURUN-SESI.png\",\"width\":238,\"height\":57,\"caption\":\"Memurun Sesi\"},\"image\":{\"@id\":\"https:\\\/\\\/memurunsesi.net\\\/#\\\/schema\\\/logo\\\/image\\\/\"},\"sameAs\":[\"https:\\\/\\\/www.facebook.com\\\/unipersen\\\/?locale=tr_TR\",\"https:\\\/\\\/x.com\\\/unipersen\"]},{\"@type\":\"Person\",\"@id\":\"https:\\\/\\\/memurunsesi.net\\\/#\\\/schema\\\/person\\\/f21c2d73b89f6ee1d80b0a1803e38587\",\"name\":\"Memurun Sesi Haber Merkezi\",\"image\":{\"@type\":\"ImageObject\",\"inLanguage\":\"tr\",\"@id\":\"https:\\\/\\\/secure.gravatar.com\\\/avatar\\\/6cf0505f452ee753f485014986fab09a434671d2b919ee76fc541025c5876a70?s=96&d=mm&r=g\",\"url\":\"https:\\\/\\\/secure.gravatar.com\\\/avatar\\\/6cf0505f452ee753f485014986fab09a434671d2b919ee76fc541025c5876a70?s=96&d=mm&r=g\",\"contentUrl\":\"https:\\\/\\\/secure.gravatar.com\\\/avatar\\\/6cf0505f452ee753f485014986fab09a434671d2b919ee76fc541025c5876a70?s=96&d=mm&r=g\",\"caption\":\"Memurun Sesi Haber Merkezi\"},\"sameAs\":[\"https:\\\/\\\/memurunsesi.net\"],\"url\":\"https:\\\/\\\/memurunsesi.net\\\/index.php\\\/author\\\/uniper\\\/\"}]}<\/script>\n<!-- \/ Yoast SEO plugin. -->","yoast_head_json":{"title":"\u00d6zel \u00f6\u011frenciler, \u015fenlikte e\u011flendi - Memurun Sesi","robots":{"index":"index","follow":"follow","max-snippet":"max-snippet:-1","max-image-preview":"max-image-preview:large","max-video-preview":"max-video-preview:-1"},"canonical":"https:\/\/memurunsesi.net\/index.php\/2025\/04\/23\/ozel-ogrenciler-senlikte-eglendi\/","og_locale":"tr_TR","og_type":"article","og_title":"\u00d6zel \u00f6\u011frenciler, \u015fenlikte e\u011flendi - Memurun Sesi","og_description":"Kahramanmara\u015f Oniki\u015fubat Belediyesi, 23 Nisan Ulusal Egemenlik ve \u00c7ocuk Bayram\u0131\u2019n\u0131 \u00f6zel \u00e7ocuklar i\u00e7in unutulmaz bir etkinlikle kutlad\u0131. 23 Nisan Ulusal Egemenlik ve \u00c7ocuk Bayram\u0131 dolay\u0131s\u0131yla t\u00fcm yurtta oldu\u011fu gibi Oniki\u015fubat il\u00e7esinde de co\u015fku dolu etkinlikler organize edildi. Belediye b\u00fcnyesinde hizmet veren Hamidiye Bekir Top\u00e7uo\u011flu \u00d6zel E\u011fitim ve Rehabilitasyon Merkezi&#8217;nde \u00f6zel bireyler i\u00e7in \u015fenlik d\u00fczenlendi. Sayg\u0131 [&hellip;]","og_url":"https:\/\/memurunsesi.net\/index.php\/2025\/04\/23\/ozel-ogrenciler-senlikte-eglendi\/","og_site_name":"Memurun Sesi","article_publisher":"https:\/\/www.facebook.com\/unipersen\/?locale=tr_TR","article_published_time":"2025-04-23T06:28:27+00:00","og_image":[{"width":2560,"height":1444,"url":"https:\/\/memurunsesi.net\/wp-content\/uploads\/2025\/04\/AW438864_03-scaled.jpg","type":"image\/jpeg"}],"author":"Memurun Sesi Haber Merkezi","twitter_card":"summary_large_image","twitter_creator":"@unipersen","twitter_site":"@unipersen","twitter_misc":{"Yazan:":"Memurun Sesi Haber Merkezi","Tahmini okuma s\u00fcresi":"1 dakika"},"schema":{"@context":"https:\/\/schema.org","@graph":[{"@type":"Article","@id":"https:\/\/memurunsesi.net\/index.php\/2025\/04\/23\/ozel-ogrenciler-senlikte-eglendi\/#article","isPartOf":{"@id":"https:\/\/memurunsesi.net\/index.php\/2025\/04\/23\/ozel-ogrenciler-senlikte-eglendi\/"},"author":{"name":"Memurun Sesi Haber Merkezi","@id":"https:\/\/memurunsesi.net\/#\/schema\/person\/f21c2d73b89f6ee1d80b0a1803e38587"},"headline":"\u00d6zel \u00f6\u011frenciler, \u015fenlikte e\u011flendi","datePublished":"2025-04-23T06:28:27+00:00","mainEntityOfPage":{"@id":"https:\/\/memurunsesi.net\/index.php\/2025\/04\/23\/ozel-ogrenciler-senlikte-eglendi\/"},"wordCount":373,"commentCount":0,"publisher":{"@id":"https:\/\/memurunsesi.net\/#organization"},"image":{"@id":"https:\/\/memurunsesi.net\/index.php\/2025\/04\/23\/ozel-ogrenciler-senlikte-eglendi\/#primaryimage"},"thumbnailUrl":"https:\/\/memurunsesi.net\/wp-content\/uploads\/2025\/04\/AW438864_03-scaled.jpg","articleSection":["T\u00fcm Haberler"],"inLanguage":"tr","potentialAction":[{"@type":"CommentAction","name":"Comment","target":["https:\/\/memurunsesi.net\/index.php\/2025\/04\/23\/ozel-ogrenciler-senlikte-eglendi\/#respond"]}]},{"@type":"WebPage","@id":"https:\/\/memurunsesi.net\/index.php\/2025\/04\/23\/ozel-ogrenciler-senlikte-eglendi\/","url":"https:\/\/memurunsesi.net\/index.php\/2025\/04\/23\/ozel-ogrenciler-senlikte-eglendi\/","name":"\u00d6zel \u00f6\u011frenciler, \u015fenlikte e\u011flendi - Memurun Sesi","isPartOf":{"@id":"https:\/\/memurunsesi.net\/#website"},"primaryImageOfPage":{"@id":"https:\/\/memurunsesi.net\/index.php\/2025\/04\/23\/ozel-ogrenciler-senlikte-eglendi\/#primaryimage"},"image":{"@id":"https:\/\/memurunsesi.net\/index.php\/2025\/04\/23\/ozel-ogrenciler-senlikte-eglendi\/#primaryimage"},"thumbnailUrl":"https:\/\/memurunsesi.net\/wp-content\/uploads\/2025\/04\/AW438864_03-scaled.jpg","datePublished":"2025-04-23T06:28:27+00:00","breadcrumb":{"@id":"https:\/\/memurunsesi.net\/index.php\/2025\/04\/23\/ozel-ogrenciler-senlikte-eglendi\/#breadcrumb"},"inLanguage":"tr","potentialAction":[{"@type":"ReadAction","target":["https:\/\/memurunsesi.net\/index.php\/2025\/04\/23\/ozel-ogrenciler-senlikte-eglendi\/"]}]},{"@type":"ImageObject","inLanguage":"tr","@id":"https:\/\/memurunsesi.net\/index.php\/2025\/04\/23\/ozel-ogrenciler-senlikte-eglendi\/#primaryimage","url":"https:\/\/memurunsesi.net\/wp-content\/uploads\/2025\/04\/AW438864_03-scaled.jpg","contentUrl":"https:\/\/memurunsesi.net\/wp-content\/uploads\/2025\/04\/AW438864_03-scaled.jpg","width":2560,"height":1444,"caption":"ON\u0130K\u0130\u015eUBAT BELED\u0130YES\u0130, 23 N\u0130SAN ULUSAL EGEMENL\u0130K VE \u00c7OCUK BAYRAMI'NI BU YIL \u00d6ZEL \u00c7OCUKLAR \u0130\u00c7\u0130N UNUTULMAZ B\u0130R ETK\u0130NL\u0130KLE KUTLADI (\u0130HA\/KAHRAMANMARA\u015e-\u0130HA) Kahramanmara\u015f Oniki\u015fubat Belediyesi, 23 Nisan Ulusal Egemenlik ve \u00c7ocuk Bayram\u0131'n\u0131 \u00f6zel \u00e7ocuklar i\u00e7in unutulmaz bir etkinlikle kutlad\u0131."},{"@type":"BreadcrumbList","@id":"https:\/\/memurunsesi.net\/index.php\/2025\/04\/23\/ozel-ogrenciler-senlikte-eglendi\/#breadcrumb","itemListElement":[{"@type":"ListItem","position":1,"name":"Anasayfa","item":"https:\/\/memurunsesi.net\/"},{"@type":"ListItem","position":2,"name":"\u00d6zel \u00f6\u011frenciler, \u015fenlikte e\u011flendi"}]},{"@type":"WebSite","@id":"https:\/\/memurunsesi.net\/#website","url":"https:\/\/memurunsesi.net\/","name":"Memurun Sesi","description":"G\u00fcncel ve Do\u011fru Haber","publisher":{"@id":"https:\/\/memurunsesi.net\/#organization"},"potentialAction":[{"@type":"SearchAction","target":{"@type":"EntryPoint","urlTemplate":"https:\/\/memurunsesi.net\/?s={search_term_string}"},"query-input":{"@type":"PropertyValueSpecification","valueRequired":true,"valueName":"search_term_string"}}],"inLanguage":"tr"},{"@type":"Organization","@id":"https:\/\/memurunsesi.net\/#organization","name":"Memurun Sesi","url":"https:\/\/memurunsesi.net\/","logo":{"@type":"ImageObject","inLanguage":"tr","@id":"https:\/\/memurunsesi.net\/#\/schema\/logo\/image\/","url":"https:\/\/memurunsesi.net\/wp-content\/uploads\/2025\/11\/cropped-MEMURUN-SESI.png","contentUrl":"https:\/\/memurunsesi.net\/wp-content\/uploads\/2025\/11\/cropped-MEMURUN-SESI.png","width":238,"height":57,"caption":"Memurun Sesi"},"image":{"@id":"https:\/\/memurunsesi.net\/#\/schema\/logo\/image\/"},"sameAs":["https:\/\/www.facebook.com\/unipersen\/?locale=tr_TR","https:\/\/x.com\/unipersen"]},{"@type":"Person","@id":"https:\/\/memurunsesi.net\/#\/schema\/person\/f21c2d73b89f6ee1d80b0a1803e38587","name":"Memurun Sesi Haber Merkezi","image":{"@type":"ImageObject","inLanguage":"tr","@id":"https:\/\/secure.gravatar.com\/avatar\/6cf0505f452ee753f485014986fab09a434671d2b919ee76fc541025c5876a70?s=96&d=mm&r=g","url":"https:\/\/secure.gravatar.com\/avatar\/6cf0505f452ee753f485014986fab09a434671d2b919ee76fc541025c5876a70?s=96&d=mm&r=g","contentUrl":"https:\/\/secure.gravatar.com\/avatar\/6cf0505f452ee753f485014986fab09a434671d2b919ee76fc541025c5876a70?s=96&d=mm&r=g","caption":"Memurun Sesi Haber Merkezi"},"sameAs":["https:\/\/memurunsesi.net"],"url":"https:\/\/memurunsesi.net\/index.php\/author\/uniper\/"}]}},"_links":{"self":[{"href":"https:\/\/memurunsesi.net\/index.php\/wp-json\/wp\/v2\/posts\/5816","targetHints":{"allow":["GET"]}}],"collection":[{"href":"https:\/\/memurunsesi.net\/index.php\/wp-json\/wp\/v2\/posts"}],"about":[{"href":"https:\/\/memurunsesi.net\/index.php\/wp-json\/wp\/v2\/types\/post"}],"author":[{"embeddable":true,"href":"https:\/\/memurunsesi.net\/index.php\/wp-json\/wp\/v2\/users\/1"}],"replies":[{"embeddable":true,"href":"https:\/\/memurunsesi.net\/index.php\/wp-json\/wp\/v2\/comments?post=5816"}],"version-history":[{"count":1,"href":"https:\/\/memurunsesi.net\/index.php\/wp-json\/wp\/v2\/posts\/5816\/revisions"}],"predecessor-version":[{"id":5818,"href":"https:\/\/memurunsesi.net\/index.php\/wp-json\/wp\/v2\/posts\/5816\/revisions\/5818"}],"wp:featuredmedia":[{"embeddable":true,"href":"https:\/\/memurunsesi.net\/index.php\/wp-json\/wp\/v2\/media\/5817"}],"wp:attachment":[{"href":"https:\/\/memurunsesi.net\/index.php\/wp-json\/wp\/v2\/media?parent=5816"}],"wp:term":[{"taxonomy":"category","embeddable":true,"href":"https:\/\/memurunsesi.net\/index.php\/wp-json\/wp\/v2\/categories?post=5816"},{"taxonomy":"post_tag","embeddable":true,"href":"https:\/\/memurunsesi.net\/index.php\/wp-json\/wp\/v2\/tags?post=5816"}],"curies":[{"name":"wp","href":"https:\/\/api.w.org\/{rel}","templated":true}]}}