{"id":5819,"date":"2025-04-23T09:29:46","date_gmt":"2025-04-23T06:29:46","guid":{"rendered":"https:\/\/memurunsesi.net\/?p=5819"},"modified":"2025-04-23T09:29:46","modified_gmt":"2025-04-23T06:29:46","slug":"basibos-ata-carpan-otomobil-takla-atarak-hurdaya-dondu-1-olu-1-yarali","status":"publish","type":"post","link":"https:\/\/memurunsesi.net\/index.php\/2025\/04\/23\/basibos-ata-carpan-otomobil-takla-atarak-hurdaya-dondu-1-olu-1-yarali\/","title":{"rendered":"Ba\u015f\u0131bo\u015f ata \u00e7arpan otomobil takla atarak hurdaya d\u00f6nd\u00fc: 1 \u00f6l\u00fc 1 yaral\u0131"},"content":{"rendered":"<p>  Denizli&#8217;nin \u00c7ivril il\u00e7esinde seyir halindeki otomobil s\u00fcr\u00fcc\u00fcs\u00fcn\u00fcn aniden yola f\u0131rlayan ba\u015f\u0131bo\u015f ata \u00e7arpmas\u0131 sonucu, yolcu koltu\u011funda oturan ki\u015fi hayat\u0131n\u0131 kaybederken s\u00fcr\u00fcc\u00fc ise yaraland\u0131. Kazada hurdaya d\u00f6nen otomobilin \u00e7arpt\u0131\u011f\u0131 ba\u015f\u0131bo\u015f at ise telef oldu.  <\/p>\n<p>  Kaza, \u00c7ivril il\u00e7esi I\u015f\u0131kl\u0131 Mahallesi&#8217;nde meydana geldi. Edinilen bilgilere g\u00f6re, Sad\u0131k Aydo\u011fdu idaresindeki 07 CAR 165 plakal\u0131 Honda marka otomobil \u00c7ivril y\u00f6n\u00fcnden Dinar istikametine do\u011fru seyir halindeyken yola aniden \u00e7\u0131kan ba\u015f\u0131bo\u015f ata \u00e7arpt\u0131. S\u00fcr\u00fcc\u00fcn\u00fcn fark edemedi\u011fi at, \u00e7arpman\u0131n etkisiyle arac\u0131n tavan\u0131n\u0131 \u00e7\u00f6kertti. \u015eiddetli \u00e7arpman\u0131n ard\u0131ndan ba\u015f\u0131bo\u015f at, metrelerce s\u00fcr\u00fcklenerek telef oldu. Kazay\u0131 g\u00f6ren \u00e7evredeki vatanda\u015flar durumu 112 Acil \u00c7a\u011fr\u0131 Merkezine bildirdi. \u0130hbar \u00fczerine b\u00f6lgeye itfaiye, jandarma ve sa\u011fl\u0131k ekipleri sevk edildi. <\/p>\n<p>  B\u00f6lgeye gelen itfaiye ekipleri, ara\u00e7ta bulunan Sad\u0131k Aydo\u011fdu&#8217;yu s\u0131k\u0131\u015ft\u0131\u011f\u0131 yerden kurtararak sa\u011fl\u0131k ekiplerine teslim etti. Sa\u011fl\u0131k ekipleri s\u00fcr\u00fcc\u00fc Sad\u0131k Aydo\u011fdu&#8217;yu olay yerinde yap\u0131lan ilk m\u00fcdahalelerin ard\u0131ndan ambulans ile \u00c7ivril Devlet Hastanesi&#8217;ne sevk etti. Ara\u00e7ta bulunan yolcu Resul Ye\u015filyurt ise sa\u011fl\u0131k ekiplerinin olay yerinde yapt\u0131\u011f\u0131 t\u00fcm \u00e7abalara ra\u011fmen hayat\u0131n\u0131 kaybetti. Hayat\u0131n\u0131 kaybeden yolcu Resul Ye\u015filyurt&#8217;un cans\u0131z bedeni otopsi yap\u0131lmak \u00fczere \u00c7ivril Devlet Hastanesi morguna kald\u0131r\u0131ld\u0131. Kazayla ile ilgili soru\u015fturma ba\u015flat\u0131ld\u0131. <\/p>\n<p>23.04.2025                               <\/p>\n","protected":false},"excerpt":{"rendered":"<p>Denizli&#8217;nin \u00c7ivril il\u00e7esinde seyir halindeki otomobil s\u00fcr\u00fcc\u00fcs\u00fcn\u00fcn aniden yola f\u0131rlayan ba\u015f\u0131bo\u015f ata \u00e7arpmas\u0131 sonucu, yolcu koltu\u011funda oturan ki\u015fi hayat\u0131n\u0131 kaybederken s\u00fcr\u00fcc\u00fc ise yaraland\u0131. Kazada hurdaya d\u00f6nen otomobilin \u00e7arpt\u0131\u011f\u0131 ba\u015f\u0131bo\u015f at ise telef oldu. Kaza, \u00c7ivril il\u00e7esi I\u015f\u0131kl\u0131 Mahallesi&#8217;nde meydana geldi. Edinilen bilgilere g\u00f6re, Sad\u0131k Aydo\u011fdu idaresindeki 07 CAR 165 plakal\u0131 Honda marka otomobil \u00c7ivril y\u00f6n\u00fcnden [&hellip;]<\/p>\n","protected":false},"author":1,"featured_media":5820,"comment_status":"open","ping_status":"open","sticky":false,"template":"","format":"standard","meta":{"footnotes":""},"categories":[1],"tags":[],"class_list":["post-5819","post","type-post","status-publish","format-standard","has-post-thumbnail","hentry","category-genel"],"yoast_head":"<!-- This site is optimized with the Yoast SEO plugin v27.4 - https:\/\/yoast.com\/product\/yoast-seo-wordpress\/ -->\n<title>Ba\u015f\u0131bo\u015f ata \u00e7arpan otomobil takla atarak hurdaya d\u00f6nd\u00fc: 1 \u00f6l\u00fc 1 yaral\u0131 - Memurun Sesi<\/title>\n<meta name=\"robots\" content=\"index, follow, max-snippet:-1, max-image-preview:large, max-video-preview:-1\" \/>\n<link rel=\"canonical\" href=\"https:\/\/memurunsesi.net\/index.php\/2025\/04\/23\/basibos-ata-carpan-otomobil-takla-atarak-hurdaya-dondu-1-olu-1-yarali\/\" \/>\n<meta property=\"og:locale\" content=\"tr_TR\" \/>\n<meta property=\"og:type\" content=\"article\" \/>\n<meta property=\"og:title\" content=\"Ba\u015f\u0131bo\u015f ata \u00e7arpan otomobil takla atarak hurdaya d\u00f6nd\u00fc: 1 \u00f6l\u00fc 1 yaral\u0131 - Memurun Sesi\" \/>\n<meta property=\"og:description\" content=\"Denizli&#8217;nin \u00c7ivril il\u00e7esinde seyir halindeki otomobil s\u00fcr\u00fcc\u00fcs\u00fcn\u00fcn aniden yola f\u0131rlayan ba\u015f\u0131bo\u015f ata \u00e7arpmas\u0131 sonucu, yolcu koltu\u011funda oturan ki\u015fi hayat\u0131n\u0131 kaybederken s\u00fcr\u00fcc\u00fc ise yaraland\u0131. Kazada hurdaya d\u00f6nen otomobilin \u00e7arpt\u0131\u011f\u0131 ba\u015f\u0131bo\u015f at ise telef oldu. Kaza, \u00c7ivril il\u00e7esi I\u015f\u0131kl\u0131 Mahallesi&#8217;nde meydana geldi. Edinilen bilgilere g\u00f6re, Sad\u0131k Aydo\u011fdu idaresindeki 07 CAR 165 plakal\u0131 Honda marka otomobil \u00c7ivril y\u00f6n\u00fcnden [&hellip;]\" \/>\n<meta property=\"og:url\" content=\"https:\/\/memurunsesi.net\/index.php\/2025\/04\/23\/basibos-ata-carpan-otomobil-takla-atarak-hurdaya-dondu-1-olu-1-yarali\/\" \/>\n<meta property=\"og:site_name\" content=\"Memurun Sesi\" \/>\n<meta property=\"article:publisher\" content=\"https:\/\/www.facebook.com\/unipersen\/?locale=tr_TR\" \/>\n<meta property=\"article:published_time\" content=\"2025-04-23T06:29:46+00:00\" \/>\n<meta property=\"og:image\" content=\"https:\/\/memurunsesi.net\/wp-content\/uploads\/2025\/04\/AW438863_02.jpg\" \/>\n\t<meta property=\"og:image:width\" content=\"1824\" \/>\n\t<meta property=\"og:image:height\" content=\"1368\" \/>\n\t<meta property=\"og:image:type\" content=\"image\/jpeg\" \/>\n<meta name=\"author\" content=\"Memurun Sesi Haber Merkezi\" \/>\n<meta name=\"twitter:card\" content=\"summary_large_image\" \/>\n<meta name=\"twitter:creator\" content=\"@unipersen\" \/>\n<meta name=\"twitter:site\" content=\"@unipersen\" \/>\n<meta name=\"twitter:label1\" content=\"Yazan:\" \/>\n\t<meta name=\"twitter:data1\" content=\"Memurun Sesi Haber Merkezi\" \/>\n\t<meta name=\"twitter:label2\" content=\"Tahmini okuma s\u00fcresi\" \/>\n\t<meta name=\"twitter:data2\" content=\"1 dakika\" \/>\n<script type=\"application\/ld+json\" class=\"yoast-schema-graph\">{\"@context\":\"https:\\\/\\\/schema.org\",\"@graph\":[{\"@type\":\"Article\",\"@id\":\"https:\\\/\\\/memurunsesi.net\\\/index.php\\\/2025\\\/04\\\/23\\\/basibos-ata-carpan-otomobil-takla-atarak-hurdaya-dondu-1-olu-1-yarali\\\/#article\",\"isPartOf\":{\"@id\":\"https:\\\/\\\/memurunsesi.net\\\/index.php\\\/2025\\\/04\\\/23\\\/basibos-ata-carpan-otomobil-takla-atarak-hurdaya-dondu-1-olu-1-yarali\\\/\"},\"author\":{\"name\":\"Memurun Sesi Haber Merkezi\",\"@id\":\"https:\\\/\\\/memurunsesi.net\\\/#\\\/schema\\\/person\\\/f21c2d73b89f6ee1d80b0a1803e38587\"},\"headline\":\"Ba\u015f\u0131bo\u015f ata \u00e7arpan otomobil takla atarak hurdaya d\u00f6nd\u00fc: 1 \u00f6l\u00fc 1 yaral\u0131\",\"datePublished\":\"2025-04-23T06:29:46+00:00\",\"mainEntityOfPage\":{\"@id\":\"https:\\\/\\\/memurunsesi.net\\\/index.php\\\/2025\\\/04\\\/23\\\/basibos-ata-carpan-otomobil-takla-atarak-hurdaya-dondu-1-olu-1-yarali\\\/\"},\"wordCount\":264,\"commentCount\":0,\"publisher\":{\"@id\":\"https:\\\/\\\/memurunsesi.net\\\/#organization\"},\"image\":{\"@id\":\"https:\\\/\\\/memurunsesi.net\\\/index.php\\\/2025\\\/04\\\/23\\\/basibos-ata-carpan-otomobil-takla-atarak-hurdaya-dondu-1-olu-1-yarali\\\/#primaryimage\"},\"thumbnailUrl\":\"https:\\\/\\\/memurunsesi.net\\\/wp-content\\\/uploads\\\/2025\\\/04\\\/AW438863_02.jpg\",\"inLanguage\":\"tr\",\"potentialAction\":[{\"@type\":\"CommentAction\",\"name\":\"Comment\",\"target\":[\"https:\\\/\\\/memurunsesi.net\\\/index.php\\\/2025\\\/04\\\/23\\\/basibos-ata-carpan-otomobil-takla-atarak-hurdaya-dondu-1-olu-1-yarali\\\/#respond\"]}]},{\"@type\":\"WebPage\",\"@id\":\"https:\\\/\\\/memurunsesi.net\\\/index.php\\\/2025\\\/04\\\/23\\\/basibos-ata-carpan-otomobil-takla-atarak-hurdaya-dondu-1-olu-1-yarali\\\/\",\"url\":\"https:\\\/\\\/memurunsesi.net\\\/index.php\\\/2025\\\/04\\\/23\\\/basibos-ata-carpan-otomobil-takla-atarak-hurdaya-dondu-1-olu-1-yarali\\\/\",\"name\":\"Ba\u015f\u0131bo\u015f ata \u00e7arpan otomobil takla atarak hurdaya d\u00f6nd\u00fc: 1 \u00f6l\u00fc 1 yaral\u0131 - Memurun Sesi\",\"isPartOf\":{\"@id\":\"https:\\\/\\\/memurunsesi.net\\\/#website\"},\"primaryImageOfPage\":{\"@id\":\"https:\\\/\\\/memurunsesi.net\\\/index.php\\\/2025\\\/04\\\/23\\\/basibos-ata-carpan-otomobil-takla-atarak-hurdaya-dondu-1-olu-1-yarali\\\/#primaryimage\"},\"image\":{\"@id\":\"https:\\\/\\\/memurunsesi.net\\\/index.php\\\/2025\\\/04\\\/23\\\/basibos-ata-carpan-otomobil-takla-atarak-hurdaya-dondu-1-olu-1-yarali\\\/#primaryimage\"},\"thumbnailUrl\":\"https:\\\/\\\/memurunsesi.net\\\/wp-content\\\/uploads\\\/2025\\\/04\\\/AW438863_02.jpg\",\"datePublished\":\"2025-04-23T06:29:46+00:00\",\"breadcrumb\":{\"@id\":\"https:\\\/\\\/memurunsesi.net\\\/index.php\\\/2025\\\/04\\\/23\\\/basibos-ata-carpan-otomobil-takla-atarak-hurdaya-dondu-1-olu-1-yarali\\\/#breadcrumb\"},\"inLanguage\":\"tr\",\"potentialAction\":[{\"@type\":\"ReadAction\",\"target\":[\"https:\\\/\\\/memurunsesi.net\\\/index.php\\\/2025\\\/04\\\/23\\\/basibos-ata-carpan-otomobil-takla-atarak-hurdaya-dondu-1-olu-1-yarali\\\/\"]}]},{\"@type\":\"ImageObject\",\"inLanguage\":\"tr\",\"@id\":\"https:\\\/\\\/memurunsesi.net\\\/index.php\\\/2025\\\/04\\\/23\\\/basibos-ata-carpan-otomobil-takla-atarak-hurdaya-dondu-1-olu-1-yarali\\\/#primaryimage\",\"url\":\"https:\\\/\\\/memurunsesi.net\\\/wp-content\\\/uploads\\\/2025\\\/04\\\/AW438863_02.jpg\",\"contentUrl\":\"https:\\\/\\\/memurunsesi.net\\\/wp-content\\\/uploads\\\/2025\\\/04\\\/AW438863_02.jpg\",\"width\":1824,\"height\":1368,\"caption\":\"DEN\u0130ZL\u0130'N\u0130N \u00c7\u0130VR\u0130L \u0130L\u00c7ES\u0130NDE SEY\u0130R HAL\u0130NDEK\u0130 OTOMOB\u0130L S\u00dcR\u00dcC\u00dcS\u00dcN\u00dcN AN\u0130DEN YOLA FIRLAYAN BA\u015eIBO\u015e ATA \u00c7ARPMASI SONUCU, YOLCU KOLTU\u011eUNDA OTURAN K\u0130\u015e\u0130 HAYATINI KAYBEDERKEN S\u00dcR\u00dcC\u00dc \u0130SE YARALANDI (B\u00dcLENT \u00c7AKIR\\\/DEN\u0130ZL\u0130-\u0130HA) Denizli'nin \u00c7ivril il\u00e7esinde seyir halindeki otomobil s\u00fcr\u00fcc\u00fcs\u00fcn\u00fcn aniden yola f\u0131rlayan ba\u015f\u0131bo\u015f ata \u00e7arpmas\u0131 sonucu, yolcu koltu\u011funda oturan ki\u015fi hayat\u0131n\u0131 kaybederken s\u00fcr\u00fcc\u00fc ise yaraland\u0131. Kazada hurdaya d\u00f6nen otomobilin \u00e7arpt\u0131\u011f\u0131 ba\u015f\u0131bo\u015f at ise telef oldu.\"},{\"@type\":\"BreadcrumbList\",\"@id\":\"https:\\\/\\\/memurunsesi.net\\\/index.php\\\/2025\\\/04\\\/23\\\/basibos-ata-carpan-otomobil-takla-atarak-hurdaya-dondu-1-olu-1-yarali\\\/#breadcrumb\",\"itemListElement\":[{\"@type\":\"ListItem\",\"position\":1,\"name\":\"Anasayfa\",\"item\":\"https:\\\/\\\/memurunsesi.net\\\/\"},{\"@type\":\"ListItem\",\"position\":2,\"name\":\"Ba\u015f\u0131bo\u015f ata \u00e7arpan otomobil takla atarak hurdaya d\u00f6nd\u00fc: 1 \u00f6l\u00fc 1 yaral\u0131\"}]},{\"@type\":\"WebSite\",\"@id\":\"https:\\\/\\\/memurunsesi.net\\\/#website\",\"url\":\"https:\\\/\\\/memurunsesi.net\\\/\",\"name\":\"Memurun Sesi\",\"description\":\"G\u00fcncel ve Do\u011fru Haber\",\"publisher\":{\"@id\":\"https:\\\/\\\/memurunsesi.net\\\/#organization\"},\"potentialAction\":[{\"@type\":\"SearchAction\",\"target\":{\"@type\":\"EntryPoint\",\"urlTemplate\":\"https:\\\/\\\/memurunsesi.net\\\/?s={search_term_string}\"},\"query-input\":{\"@type\":\"PropertyValueSpecification\",\"valueRequired\":true,\"valueName\":\"search_term_string\"}}],\"inLanguage\":\"tr\"},{\"@type\":\"Organization\",\"@id\":\"https:\\\/\\\/memurunsesi.net\\\/#organization\",\"name\":\"Memurun Sesi\",\"url\":\"https:\\\/\\\/memurunsesi.net\\\/\",\"logo\":{\"@type\":\"ImageObject\",\"inLanguage\":\"tr\",\"@id\":\"https:\\\/\\\/memurunsesi.net\\\/#\\\/schema\\\/logo\\\/image\\\/\",\"url\":\"https:\\\/\\\/memurunsesi.net\\\/wp-content\\\/uploads\\\/2025\\\/11\\\/cropped-MEMURUN-SESI.png\",\"contentUrl\":\"https:\\\/\\\/memurunsesi.net\\\/wp-content\\\/uploads\\\/2025\\\/11\\\/cropped-MEMURUN-SESI.png\",\"width\":238,\"height\":57,\"caption\":\"Memurun Sesi\"},\"image\":{\"@id\":\"https:\\\/\\\/memurunsesi.net\\\/#\\\/schema\\\/logo\\\/image\\\/\"},\"sameAs\":[\"https:\\\/\\\/www.facebook.com\\\/unipersen\\\/?locale=tr_TR\",\"https:\\\/\\\/x.com\\\/unipersen\"]},{\"@type\":\"Person\",\"@id\":\"https:\\\/\\\/memurunsesi.net\\\/#\\\/schema\\\/person\\\/f21c2d73b89f6ee1d80b0a1803e38587\",\"name\":\"Memurun Sesi Haber Merkezi\",\"image\":{\"@type\":\"ImageObject\",\"inLanguage\":\"tr\",\"@id\":\"https:\\\/\\\/secure.gravatar.com\\\/avatar\\\/6cf0505f452ee753f485014986fab09a434671d2b919ee76fc541025c5876a70?s=96&d=mm&r=g\",\"url\":\"https:\\\/\\\/secure.gravatar.com\\\/avatar\\\/6cf0505f452ee753f485014986fab09a434671d2b919ee76fc541025c5876a70?s=96&d=mm&r=g\",\"contentUrl\":\"https:\\\/\\\/secure.gravatar.com\\\/avatar\\\/6cf0505f452ee753f485014986fab09a434671d2b919ee76fc541025c5876a70?s=96&d=mm&r=g\",\"caption\":\"Memurun Sesi Haber Merkezi\"},\"sameAs\":[\"https:\\\/\\\/memurunsesi.net\"],\"url\":\"https:\\\/\\\/memurunsesi.net\\\/index.php\\\/author\\\/uniper\\\/\"}]}<\/script>\n<!-- \/ Yoast SEO plugin. -->","yoast_head_json":{"title":"Ba\u015f\u0131bo\u015f ata \u00e7arpan otomobil takla atarak hurdaya d\u00f6nd\u00fc: 1 \u00f6l\u00fc 1 yaral\u0131 - Memurun Sesi","robots":{"index":"index","follow":"follow","max-snippet":"max-snippet:-1","max-image-preview":"max-image-preview:large","max-video-preview":"max-video-preview:-1"},"canonical":"https:\/\/memurunsesi.net\/index.php\/2025\/04\/23\/basibos-ata-carpan-otomobil-takla-atarak-hurdaya-dondu-1-olu-1-yarali\/","og_locale":"tr_TR","og_type":"article","og_title":"Ba\u015f\u0131bo\u015f ata \u00e7arpan otomobil takla atarak hurdaya d\u00f6nd\u00fc: 1 \u00f6l\u00fc 1 yaral\u0131 - Memurun Sesi","og_description":"Denizli&#8217;nin \u00c7ivril il\u00e7esinde seyir halindeki otomobil s\u00fcr\u00fcc\u00fcs\u00fcn\u00fcn aniden yola f\u0131rlayan ba\u015f\u0131bo\u015f ata \u00e7arpmas\u0131 sonucu, yolcu koltu\u011funda oturan ki\u015fi hayat\u0131n\u0131 kaybederken s\u00fcr\u00fcc\u00fc ise yaraland\u0131. Kazada hurdaya d\u00f6nen otomobilin \u00e7arpt\u0131\u011f\u0131 ba\u015f\u0131bo\u015f at ise telef oldu. Kaza, \u00c7ivril il\u00e7esi I\u015f\u0131kl\u0131 Mahallesi&#8217;nde meydana geldi. Edinilen bilgilere g\u00f6re, Sad\u0131k Aydo\u011fdu idaresindeki 07 CAR 165 plakal\u0131 Honda marka otomobil \u00c7ivril y\u00f6n\u00fcnden [&hellip;]","og_url":"https:\/\/memurunsesi.net\/index.php\/2025\/04\/23\/basibos-ata-carpan-otomobil-takla-atarak-hurdaya-dondu-1-olu-1-yarali\/","og_site_name":"Memurun Sesi","article_publisher":"https:\/\/www.facebook.com\/unipersen\/?locale=tr_TR","article_published_time":"2025-04-23T06:29:46+00:00","og_image":[{"width":1824,"height":1368,"url":"https:\/\/memurunsesi.net\/wp-content\/uploads\/2025\/04\/AW438863_02.jpg","type":"image\/jpeg"}],"author":"Memurun Sesi Haber Merkezi","twitter_card":"summary_large_image","twitter_creator":"@unipersen","twitter_site":"@unipersen","twitter_misc":{"Yazan:":"Memurun Sesi Haber Merkezi","Tahmini okuma s\u00fcresi":"1 dakika"},"schema":{"@context":"https:\/\/schema.org","@graph":[{"@type":"Article","@id":"https:\/\/memurunsesi.net\/index.php\/2025\/04\/23\/basibos-ata-carpan-otomobil-takla-atarak-hurdaya-dondu-1-olu-1-yarali\/#article","isPartOf":{"@id":"https:\/\/memurunsesi.net\/index.php\/2025\/04\/23\/basibos-ata-carpan-otomobil-takla-atarak-hurdaya-dondu-1-olu-1-yarali\/"},"author":{"name":"Memurun Sesi Haber Merkezi","@id":"https:\/\/memurunsesi.net\/#\/schema\/person\/f21c2d73b89f6ee1d80b0a1803e38587"},"headline":"Ba\u015f\u0131bo\u015f ata \u00e7arpan otomobil takla atarak hurdaya d\u00f6nd\u00fc: 1 \u00f6l\u00fc 1 yaral\u0131","datePublished":"2025-04-23T06:29:46+00:00","mainEntityOfPage":{"@id":"https:\/\/memurunsesi.net\/index.php\/2025\/04\/23\/basibos-ata-carpan-otomobil-takla-atarak-hurdaya-dondu-1-olu-1-yarali\/"},"wordCount":264,"commentCount":0,"publisher":{"@id":"https:\/\/memurunsesi.net\/#organization"},"image":{"@id":"https:\/\/memurunsesi.net\/index.php\/2025\/04\/23\/basibos-ata-carpan-otomobil-takla-atarak-hurdaya-dondu-1-olu-1-yarali\/#primaryimage"},"thumbnailUrl":"https:\/\/memurunsesi.net\/wp-content\/uploads\/2025\/04\/AW438863_02.jpg","inLanguage":"tr","potentialAction":[{"@type":"CommentAction","name":"Comment","target":["https:\/\/memurunsesi.net\/index.php\/2025\/04\/23\/basibos-ata-carpan-otomobil-takla-atarak-hurdaya-dondu-1-olu-1-yarali\/#respond"]}]},{"@type":"WebPage","@id":"https:\/\/memurunsesi.net\/index.php\/2025\/04\/23\/basibos-ata-carpan-otomobil-takla-atarak-hurdaya-dondu-1-olu-1-yarali\/","url":"https:\/\/memurunsesi.net\/index.php\/2025\/04\/23\/basibos-ata-carpan-otomobil-takla-atarak-hurdaya-dondu-1-olu-1-yarali\/","name":"Ba\u015f\u0131bo\u015f ata \u00e7arpan otomobil takla atarak hurdaya d\u00f6nd\u00fc: 1 \u00f6l\u00fc 1 yaral\u0131 - Memurun Sesi","isPartOf":{"@id":"https:\/\/memurunsesi.net\/#website"},"primaryImageOfPage":{"@id":"https:\/\/memurunsesi.net\/index.php\/2025\/04\/23\/basibos-ata-carpan-otomobil-takla-atarak-hurdaya-dondu-1-olu-1-yarali\/#primaryimage"},"image":{"@id":"https:\/\/memurunsesi.net\/index.php\/2025\/04\/23\/basibos-ata-carpan-otomobil-takla-atarak-hurdaya-dondu-1-olu-1-yarali\/#primaryimage"},"thumbnailUrl":"https:\/\/memurunsesi.net\/wp-content\/uploads\/2025\/04\/AW438863_02.jpg","datePublished":"2025-04-23T06:29:46+00:00","breadcrumb":{"@id":"https:\/\/memurunsesi.net\/index.php\/2025\/04\/23\/basibos-ata-carpan-otomobil-takla-atarak-hurdaya-dondu-1-olu-1-yarali\/#breadcrumb"},"inLanguage":"tr","potentialAction":[{"@type":"ReadAction","target":["https:\/\/memurunsesi.net\/index.php\/2025\/04\/23\/basibos-ata-carpan-otomobil-takla-atarak-hurdaya-dondu-1-olu-1-yarali\/"]}]},{"@type":"ImageObject","inLanguage":"tr","@id":"https:\/\/memurunsesi.net\/index.php\/2025\/04\/23\/basibos-ata-carpan-otomobil-takla-atarak-hurdaya-dondu-1-olu-1-yarali\/#primaryimage","url":"https:\/\/memurunsesi.net\/wp-content\/uploads\/2025\/04\/AW438863_02.jpg","contentUrl":"https:\/\/memurunsesi.net\/wp-content\/uploads\/2025\/04\/AW438863_02.jpg","width":1824,"height":1368,"caption":"DEN\u0130ZL\u0130'N\u0130N \u00c7\u0130VR\u0130L \u0130L\u00c7ES\u0130NDE SEY\u0130R HAL\u0130NDEK\u0130 OTOMOB\u0130L S\u00dcR\u00dcC\u00dcS\u00dcN\u00dcN AN\u0130DEN YOLA FIRLAYAN BA\u015eIBO\u015e ATA \u00c7ARPMASI SONUCU, YOLCU KOLTU\u011eUNDA OTURAN K\u0130\u015e\u0130 HAYATINI KAYBEDERKEN S\u00dcR\u00dcC\u00dc \u0130SE YARALANDI (B\u00dcLENT \u00c7AKIR\/DEN\u0130ZL\u0130-\u0130HA) Denizli'nin \u00c7ivril il\u00e7esinde seyir halindeki otomobil s\u00fcr\u00fcc\u00fcs\u00fcn\u00fcn aniden yola f\u0131rlayan ba\u015f\u0131bo\u015f ata \u00e7arpmas\u0131 sonucu, yolcu koltu\u011funda oturan ki\u015fi hayat\u0131n\u0131 kaybederken s\u00fcr\u00fcc\u00fc ise yaraland\u0131. Kazada hurdaya d\u00f6nen otomobilin \u00e7arpt\u0131\u011f\u0131 ba\u015f\u0131bo\u015f at ise telef oldu."},{"@type":"BreadcrumbList","@id":"https:\/\/memurunsesi.net\/index.php\/2025\/04\/23\/basibos-ata-carpan-otomobil-takla-atarak-hurdaya-dondu-1-olu-1-yarali\/#breadcrumb","itemListElement":[{"@type":"ListItem","position":1,"name":"Anasayfa","item":"https:\/\/memurunsesi.net\/"},{"@type":"ListItem","position":2,"name":"Ba\u015f\u0131bo\u015f ata \u00e7arpan otomobil takla atarak hurdaya d\u00f6nd\u00fc: 1 \u00f6l\u00fc 1 yaral\u0131"}]},{"@type":"WebSite","@id":"https:\/\/memurunsesi.net\/#website","url":"https:\/\/memurunsesi.net\/","name":"Memurun Sesi","description":"G\u00fcncel ve Do\u011fru Haber","publisher":{"@id":"https:\/\/memurunsesi.net\/#organization"},"potentialAction":[{"@type":"SearchAction","target":{"@type":"EntryPoint","urlTemplate":"https:\/\/memurunsesi.net\/?s={search_term_string}"},"query-input":{"@type":"PropertyValueSpecification","valueRequired":true,"valueName":"search_term_string"}}],"inLanguage":"tr"},{"@type":"Organization","@id":"https:\/\/memurunsesi.net\/#organization","name":"Memurun Sesi","url":"https:\/\/memurunsesi.net\/","logo":{"@type":"ImageObject","inLanguage":"tr","@id":"https:\/\/memurunsesi.net\/#\/schema\/logo\/image\/","url":"https:\/\/memurunsesi.net\/wp-content\/uploads\/2025\/11\/cropped-MEMURUN-SESI.png","contentUrl":"https:\/\/memurunsesi.net\/wp-content\/uploads\/2025\/11\/cropped-MEMURUN-SESI.png","width":238,"height":57,"caption":"Memurun Sesi"},"image":{"@id":"https:\/\/memurunsesi.net\/#\/schema\/logo\/image\/"},"sameAs":["https:\/\/www.facebook.com\/unipersen\/?locale=tr_TR","https:\/\/x.com\/unipersen"]},{"@type":"Person","@id":"https:\/\/memurunsesi.net\/#\/schema\/person\/f21c2d73b89f6ee1d80b0a1803e38587","name":"Memurun Sesi Haber Merkezi","image":{"@type":"ImageObject","inLanguage":"tr","@id":"https:\/\/secure.gravatar.com\/avatar\/6cf0505f452ee753f485014986fab09a434671d2b919ee76fc541025c5876a70?s=96&d=mm&r=g","url":"https:\/\/secure.gravatar.com\/avatar\/6cf0505f452ee753f485014986fab09a434671d2b919ee76fc541025c5876a70?s=96&d=mm&r=g","contentUrl":"https:\/\/secure.gravatar.com\/avatar\/6cf0505f452ee753f485014986fab09a434671d2b919ee76fc541025c5876a70?s=96&d=mm&r=g","caption":"Memurun Sesi Haber Merkezi"},"sameAs":["https:\/\/memurunsesi.net"],"url":"https:\/\/memurunsesi.net\/index.php\/author\/uniper\/"}]}},"_links":{"self":[{"href":"https:\/\/memurunsesi.net\/index.php\/wp-json\/wp\/v2\/posts\/5819","targetHints":{"allow":["GET"]}}],"collection":[{"href":"https:\/\/memurunsesi.net\/index.php\/wp-json\/wp\/v2\/posts"}],"about":[{"href":"https:\/\/memurunsesi.net\/index.php\/wp-json\/wp\/v2\/types\/post"}],"author":[{"embeddable":true,"href":"https:\/\/memurunsesi.net\/index.php\/wp-json\/wp\/v2\/users\/1"}],"replies":[{"embeddable":true,"href":"https:\/\/memurunsesi.net\/index.php\/wp-json\/wp\/v2\/comments?post=5819"}],"version-history":[{"count":1,"href":"https:\/\/memurunsesi.net\/index.php\/wp-json\/wp\/v2\/posts\/5819\/revisions"}],"predecessor-version":[{"id":5821,"href":"https:\/\/memurunsesi.net\/index.php\/wp-json\/wp\/v2\/posts\/5819\/revisions\/5821"}],"wp:featuredmedia":[{"embeddable":true,"href":"https:\/\/memurunsesi.net\/index.php\/wp-json\/wp\/v2\/media\/5820"}],"wp:attachment":[{"href":"https:\/\/memurunsesi.net\/index.php\/wp-json\/wp\/v2\/media?parent=5819"}],"wp:term":[{"taxonomy":"category","embeddable":true,"href":"https:\/\/memurunsesi.net\/index.php\/wp-json\/wp\/v2\/categories?post=5819"},{"taxonomy":"post_tag","embeddable":true,"href":"https:\/\/memurunsesi.net\/index.php\/wp-json\/wp\/v2\/tags?post=5819"}],"curies":[{"name":"wp","href":"https:\/\/api.w.org\/{rel}","templated":true}]}}