{"id":5851,"date":"2025-04-23T10:06:03","date_gmt":"2025-04-23T07:06:03","guid":{"rendered":"https:\/\/memurunsesi.net\/?p=5851"},"modified":"2025-04-23T10:06:03","modified_gmt":"2025-04-23T07:06:03","slug":"buyukcekmecede-23-nisan-coskusu-sokaklara-tasti","status":"publish","type":"post","link":"https:\/\/memurunsesi.net\/index.php\/2025\/04\/23\/buyukcekmecede-23-nisan-coskusu-sokaklara-tasti\/","title":{"rendered":"B\u00fcy\u00fck\u00e7ekmece\u2019de 23 Nisan co\u015fkusu sokaklara ta\u015ft\u0131"},"content":{"rendered":"<p> T\u00fcrkiye B\u00fcy\u00fck Millet Meclisi\u2019nin a\u00e7\u0131l\u0131\u015f\u0131n\u0131n ve 23 Nisan Ulusal Egemenlik ve \u00c7ocuk Bayram\u0131\u2019n\u0131n 105\u2019inci y\u0131l d\u00f6n\u00fcm\u00fc B\u00fcy\u00fck\u00e7ekmece\u2019de birbirinden co\u015fkulu etkinliklerle kutland\u0131.<br \/>\n  7\u2019den 70\u2019e y\u00fczlerce B\u00fcy\u00fck\u00e7ekmecelinin ellerinde T\u00fcrk bayraklar\u0131yla kat\u0131ld\u0131\u011f\u0131 23 Nisan kortej y\u00fcr\u00fcy\u00fc\u015f\u00fc, renkli ve unutulmaz g\u00f6r\u00fcnt\u00fclere sahne oldu. Kortej y\u00fcr\u00fcy\u00fc\u015f\u00fcn\u00fcn ard\u0131ndan tarihin ve ba\u011f\u0131ms\u0131zl\u0131k m\u00fccadelesinin izlerini ta\u015f\u0131yan Ulusal Ba\u011f\u0131ms\u0131zl\u0131k ve Kurulu\u015f M\u00fczesi\u2019nin \u00f6n\u00fcnde etkinliklerle kutlamalar devam etti. \u00c7ocuklar\u0131n \u015fiir g\u00f6sterileri ve halk oyunlar\u0131 g\u00f6sterileri izleyenlere unutulmaz anlar ya\u015fatt\u0131. <\/p>\n<p>  &#8220;Ulusal Egemenlik ve \u00c7ocuk Bayram\u0131\u2019m\u0131z kutlu olsun\u2019\u2019<br \/>\n  T\u00fcrkiye B\u00fcy\u00fck Millet Meclisimizin egemenli\u011fin kay\u0131ts\u0131z \u015farts\u0131z millete ait oldu\u011funun tescillendi\u011fi, Gazi Mustafa Kemal Atat\u00fcrk&#8217;\u00fcn \u00e7ocuklar\u0131m\u0131za arma\u011fan etti\u011fi 23 Nisan Ulusal Egemenlik ve \u00c7ocuk Bayram\u0131 her y\u0131l oldu\u011fu gibi bu y\u0131l da gurur ve co\u015fkuyla kutland\u0131. B\u00fcy\u00fck\u00e7ekmece\u2019de d\u00fczenlenen 23 Nisan Kortejine kat\u0131l\u0131m olduk\u00e7a yo\u011fun oldu. \u00dcstlerinde Atat\u00fcrk ti\u015f\u00f6rtleri ve ellerinde T\u00fcrk bayraklar\u0131 ile y\u00fcr\u00fcyen binlerce \u00e7ocuk, Ulu \u00d6nder Atat\u00fcrk\u2019\u00fcn kendilerine arma\u011fan etti\u011fi bayram\u0131 co\u015fku i\u00e7inde kutlad\u0131. Kortejde \u00e7ocukla e\u015flik eden B\u00fcy\u00fck\u00e7ekmece Belediye Ba\u015fkan\u0131 Dr. Hasan Akg\u00fcn, 23 Nisan Ulusal Egemenlik ve \u00c7ocuk Bayram\u0131\u2019n\u0131 kutlayarak \u015f\u00f6yle konu\u015ftu: \u2018\u2019Bug\u00fcn 23 Nisan. Tam 105 y\u0131l oldu. T\u00fcrkiye Cumhuriyeti\u2019nin temelinin at\u0131ld\u0131\u011f\u0131 23 Nisan 1920 Birinci Meclis\u2019in a\u00e7\u0131ld\u0131\u011f\u0131 g\u00fcn. Gazi Mustafa Kemal Atat\u00fcrk, \u00f6nce Birinci Meclis\u2019i a\u00e7\u0131yor. Arkas\u0131ndan da Kurtulu\u015f Sava\u015f\u0131\u2019na ba\u015fl\u0131yor. \u00c7\u00fcnk\u00fc \u00f6nce vatanda\u015flar\u0131 temsil eden T\u00fcrkiye B\u00fcy\u00fck Millet Meclisi, arkas\u0131ndan \u0130stiklal M\u00fccadelesi. Gazi Meclis unvan\u0131n\u0131 alan Birinci Meclis, Atat\u00fcrk\u2019\u00fc Kurtulu\u015f Sava\u015f\u0131\u2019nda g\u00f6revlendiriyor. Muhte\u015fem bir tarih. T\u00fcrkiye Cumhuriyeti\u2019nin temellerinin at\u0131lm\u0131\u015f oldu\u011fu 23 Nisan Ulusal Egemenlik ve \u00c7ocuk Bayram\u0131\u2019m\u0131z\u0131n bu sene 105\u2019incisini kutluyoruz. \u015eu anda B\u00fcy\u00fck\u00e7ekmece\u2019de ikinci bir kopyas\u0131, birebir ayn\u0131 \u00f6l\u00e7\u00fcde B\u00fcy\u00fck\u00e7ekmece\u2019de yap\u0131lm\u0131\u015f olan Birinci Meclis binas\u0131n\u0131n \u00f6n\u00fcnde bu bayram\u0131 yap\u0131yoruz. Bug\u00fcn gelece\u011fimizin istikbali, Cumhuriyetimizi koruyacak, Cumhuriyetimizi demokrasiyle ta\u00e7land\u0131racak \u00e7ocuklar\u0131m\u0131z i\u00e7in \u00e7ok \u00f6nemli bir g\u00fcn. \u00c7\u00fcnk\u00fc d\u00fcnyada bu \u015fekilde \u00e7ocuklara arma\u011fan edilmi\u015f bir ba\u015fka bayram yok. T\u00fcm d\u00fcnya \u00e7ocuklar\u0131n\u0131n, \u00fclkemizin, t\u00fcm \u00e7ocuklar\u0131m\u0131z\u0131n 23 Nisan Ulusal Egemenlik ve \u00c7ocuk Bayram\u0131 kutlu olsun. Kurucumuz Gazi Mustafa Kemal Atat\u00fcrk ve silah arkada\u015flar\u0131n\u0131n ruhu \u015fad olsun.\u2019\u2019<br \/>\n  23 Nisan Ulusal Egemenlik ve \u00c7ocuk Bayram\u0131\u2019nda B\u00fcy\u00fck\u00e7ekmece\u2019de d\u00fczenlenen kortej y\u00fcr\u00fcy\u00fc\u015f\u00fcnde \u00e7ocuklar, bu bayram\u0131 onlara arma\u011fan eden Ulu \u00d6nder Gazi Mustafa Kemal Atat\u00fcrk&#8217;\u00fc minnetle anarak duygular\u0131n\u0131 \u015f\u00f6yle aktard\u0131:<br \/>\n  Cengizhan Ahmet Cengiz: \u2018\u2019Ata\u2019m\u0131za bu g\u00fczel bayram\u0131 bize hediye etti\u011fi i\u00e7in ona \u00e7ok te\u015fekk\u00fcr ediyorum. Ata\u2019m\u0131z\u0131 minnetle an\u0131yoruz. T\u00fcm gen\u00e7 arkada\u015flar\u0131m\u0131n, \u00e7ocuk arkada\u015flar\u0131m\u0131n buradan 23 Nisan Ulusal Egemenlik ve \u00c7ocuk Bayram\u0131\u2019n\u0131 kutlamak istiyorum. Ata\u2019m\u0131za b\u00fcy\u00fck bir minnet bor\u00e7luyuz. Ata\u2019m\u0131z\u0131 bu g\u00fczel bayramda and\u0131\u011f\u0131m\u0131z i\u00e7in kendimiz ve arkada\u015flar\u0131m\u0131z ad\u0131na \u00e7ok onur duyuyoruz. Burada olmaktan \u00e7ok mutluyuz. Onurluyuz, gururluyuz. \u2018\u2019<br \/>\n  Atat\u00fcrk\u2019\u00fcn yolunda ilerlemeye \u00e7al\u0131\u015f\u0131yoruz diyen Duru Belis Altunba\u015f: \u2018\u2019Burada olmaktan \u00e7ok mutluluk duyuyoruz. Atat\u00fcrk\u2019\u00fcn yolunda ilerlemeye \u00e7al\u0131\u015f\u0131yoruz ve bunu \u00e7ok iyi yapt\u0131\u011f\u0131m\u0131z\u0131 d\u00fc\u015f\u00fcn\u00fcyorum. 23 Nisan Ulusal Egemenlik ve \u00c7ocuk Bayram\u0131 kutlu olsun.\u2019\u2019<br \/>\n  Belis Berra \u00d6zdemir ise, \u2018\u2019Bug\u00fcn 23 Nisan. \u00c7ok mutluyuz, ne\u015feliyiz. Atat\u00fcrk bize arma\u011fan etti. T\u00fcm \u00e7ocuklar\u0131n 23 Nisan\u2019\u0131 kutlu olsun.\u2019\u2019 <\/p>\n<p>23.04.2025                       <\/p>\n","protected":false},"excerpt":{"rendered":"<p>T\u00fcrkiye B\u00fcy\u00fck Millet Meclisi\u2019nin a\u00e7\u0131l\u0131\u015f\u0131n\u0131n ve 23 Nisan Ulusal Egemenlik ve \u00c7ocuk Bayram\u0131\u2019n\u0131n 105\u2019inci y\u0131l d\u00f6n\u00fcm\u00fc B\u00fcy\u00fck\u00e7ekmece\u2019de birbirinden co\u015fkulu etkinliklerle kutland\u0131. 7\u2019den 70\u2019e y\u00fczlerce B\u00fcy\u00fck\u00e7ekmecelinin ellerinde T\u00fcrk bayraklar\u0131yla kat\u0131ld\u0131\u011f\u0131 23 Nisan kortej y\u00fcr\u00fcy\u00fc\u015f\u00fc, renkli ve unutulmaz g\u00f6r\u00fcnt\u00fclere sahne oldu. Kortej y\u00fcr\u00fcy\u00fc\u015f\u00fcn\u00fcn ard\u0131ndan tarihin ve ba\u011f\u0131ms\u0131zl\u0131k m\u00fccadelesinin izlerini ta\u015f\u0131yan Ulusal Ba\u011f\u0131ms\u0131zl\u0131k ve Kurulu\u015f M\u00fczesi\u2019nin \u00f6n\u00fcnde etkinliklerle [&hellip;]<\/p>\n","protected":false},"author":1,"featured_media":5852,"comment_status":"open","ping_status":"open","sticky":false,"template":"","format":"standard","meta":{"footnotes":""},"categories":[45],"tags":[],"class_list":["post-5851","post","type-post","status-publish","format-standard","has-post-thumbnail","hentry","category-gundem"],"yoast_head":"<!-- This site is optimized with the Yoast SEO plugin v27.4 - https:\/\/yoast.com\/product\/yoast-seo-wordpress\/ -->\n<title>B\u00fcy\u00fck\u00e7ekmece\u2019de 23 Nisan co\u015fkusu sokaklara ta\u015ft\u0131 - Memurun Sesi<\/title>\n<meta name=\"robots\" content=\"index, follow, max-snippet:-1, max-image-preview:large, max-video-preview:-1\" \/>\n<link rel=\"canonical\" href=\"https:\/\/memurunsesi.net\/index.php\/2025\/04\/23\/buyukcekmecede-23-nisan-coskusu-sokaklara-tasti\/\" \/>\n<meta property=\"og:locale\" content=\"tr_TR\" \/>\n<meta property=\"og:type\" content=\"article\" \/>\n<meta property=\"og:title\" content=\"B\u00fcy\u00fck\u00e7ekmece\u2019de 23 Nisan co\u015fkusu sokaklara ta\u015ft\u0131 - Memurun Sesi\" \/>\n<meta property=\"og:description\" content=\"T\u00fcrkiye B\u00fcy\u00fck Millet Meclisi\u2019nin a\u00e7\u0131l\u0131\u015f\u0131n\u0131n ve 23 Nisan Ulusal Egemenlik ve \u00c7ocuk Bayram\u0131\u2019n\u0131n 105\u2019inci y\u0131l d\u00f6n\u00fcm\u00fc B\u00fcy\u00fck\u00e7ekmece\u2019de birbirinden co\u015fkulu etkinliklerle kutland\u0131. 7\u2019den 70\u2019e y\u00fczlerce B\u00fcy\u00fck\u00e7ekmecelinin ellerinde T\u00fcrk bayraklar\u0131yla kat\u0131ld\u0131\u011f\u0131 23 Nisan kortej y\u00fcr\u00fcy\u00fc\u015f\u00fc, renkli ve unutulmaz g\u00f6r\u00fcnt\u00fclere sahne oldu. Kortej y\u00fcr\u00fcy\u00fc\u015f\u00fcn\u00fcn ard\u0131ndan tarihin ve ba\u011f\u0131ms\u0131zl\u0131k m\u00fccadelesinin izlerini ta\u015f\u0131yan Ulusal Ba\u011f\u0131ms\u0131zl\u0131k ve Kurulu\u015f M\u00fczesi\u2019nin \u00f6n\u00fcnde etkinliklerle [&hellip;]\" \/>\n<meta property=\"og:url\" content=\"https:\/\/memurunsesi.net\/index.php\/2025\/04\/23\/buyukcekmecede-23-nisan-coskusu-sokaklara-tasti\/\" \/>\n<meta property=\"og:site_name\" content=\"Memurun Sesi\" \/>\n<meta property=\"article:publisher\" content=\"https:\/\/www.facebook.com\/unipersen\/?locale=tr_TR\" \/>\n<meta property=\"article:published_time\" content=\"2025-04-23T07:06:03+00:00\" \/>\n<meta property=\"og:image\" content=\"https:\/\/memurunsesi.net\/wp-content\/uploads\/2025\/04\/AW438926_01.jpg\" \/>\n\t<meta property=\"og:image:width\" content=\"2098\" \/>\n\t<meta property=\"og:image:height\" content=\"1398\" \/>\n\t<meta property=\"og:image:type\" content=\"image\/jpeg\" \/>\n<meta name=\"author\" content=\"Memurun Sesi Haber Merkezi\" \/>\n<meta name=\"twitter:card\" content=\"summary_large_image\" \/>\n<meta name=\"twitter:creator\" content=\"@unipersen\" \/>\n<meta name=\"twitter:site\" content=\"@unipersen\" \/>\n<meta name=\"twitter:label1\" content=\"Yazan:\" \/>\n\t<meta name=\"twitter:data1\" content=\"Memurun Sesi Haber Merkezi\" \/>\n\t<meta name=\"twitter:label2\" content=\"Tahmini okuma s\u00fcresi\" \/>\n\t<meta name=\"twitter:data2\" content=\"1 dakika\" \/>\n<script type=\"application\/ld+json\" class=\"yoast-schema-graph\">{\"@context\":\"https:\\\/\\\/schema.org\",\"@graph\":[{\"@type\":\"Article\",\"@id\":\"https:\\\/\\\/memurunsesi.net\\\/index.php\\\/2025\\\/04\\\/23\\\/buyukcekmecede-23-nisan-coskusu-sokaklara-tasti\\\/#article\",\"isPartOf\":{\"@id\":\"https:\\\/\\\/memurunsesi.net\\\/index.php\\\/2025\\\/04\\\/23\\\/buyukcekmecede-23-nisan-coskusu-sokaklara-tasti\\\/\"},\"author\":{\"name\":\"Memurun Sesi Haber Merkezi\",\"@id\":\"https:\\\/\\\/memurunsesi.net\\\/#\\\/schema\\\/person\\\/f21c2d73b89f6ee1d80b0a1803e38587\"},\"headline\":\"B\u00fcy\u00fck\u00e7ekmece\u2019de 23 Nisan co\u015fkusu sokaklara ta\u015ft\u0131\",\"datePublished\":\"2025-04-23T07:06:03+00:00\",\"mainEntityOfPage\":{\"@id\":\"https:\\\/\\\/memurunsesi.net\\\/index.php\\\/2025\\\/04\\\/23\\\/buyukcekmecede-23-nisan-coskusu-sokaklara-tasti\\\/\"},\"wordCount\":665,\"commentCount\":0,\"publisher\":{\"@id\":\"https:\\\/\\\/memurunsesi.net\\\/#organization\"},\"image\":{\"@id\":\"https:\\\/\\\/memurunsesi.net\\\/index.php\\\/2025\\\/04\\\/23\\\/buyukcekmecede-23-nisan-coskusu-sokaklara-tasti\\\/#primaryimage\"},\"thumbnailUrl\":\"https:\\\/\\\/memurunsesi.net\\\/wp-content\\\/uploads\\\/2025\\\/04\\\/AW438926_01.jpg\",\"articleSection\":[\"G\u00fcndem\"],\"inLanguage\":\"tr\",\"potentialAction\":[{\"@type\":\"CommentAction\",\"name\":\"Comment\",\"target\":[\"https:\\\/\\\/memurunsesi.net\\\/index.php\\\/2025\\\/04\\\/23\\\/buyukcekmecede-23-nisan-coskusu-sokaklara-tasti\\\/#respond\"]}]},{\"@type\":\"WebPage\",\"@id\":\"https:\\\/\\\/memurunsesi.net\\\/index.php\\\/2025\\\/04\\\/23\\\/buyukcekmecede-23-nisan-coskusu-sokaklara-tasti\\\/\",\"url\":\"https:\\\/\\\/memurunsesi.net\\\/index.php\\\/2025\\\/04\\\/23\\\/buyukcekmecede-23-nisan-coskusu-sokaklara-tasti\\\/\",\"name\":\"B\u00fcy\u00fck\u00e7ekmece\u2019de 23 Nisan co\u015fkusu sokaklara ta\u015ft\u0131 - Memurun Sesi\",\"isPartOf\":{\"@id\":\"https:\\\/\\\/memurunsesi.net\\\/#website\"},\"primaryImageOfPage\":{\"@id\":\"https:\\\/\\\/memurunsesi.net\\\/index.php\\\/2025\\\/04\\\/23\\\/buyukcekmecede-23-nisan-coskusu-sokaklara-tasti\\\/#primaryimage\"},\"image\":{\"@id\":\"https:\\\/\\\/memurunsesi.net\\\/index.php\\\/2025\\\/04\\\/23\\\/buyukcekmecede-23-nisan-coskusu-sokaklara-tasti\\\/#primaryimage\"},\"thumbnailUrl\":\"https:\\\/\\\/memurunsesi.net\\\/wp-content\\\/uploads\\\/2025\\\/04\\\/AW438926_01.jpg\",\"datePublished\":\"2025-04-23T07:06:03+00:00\",\"breadcrumb\":{\"@id\":\"https:\\\/\\\/memurunsesi.net\\\/index.php\\\/2025\\\/04\\\/23\\\/buyukcekmecede-23-nisan-coskusu-sokaklara-tasti\\\/#breadcrumb\"},\"inLanguage\":\"tr\",\"potentialAction\":[{\"@type\":\"ReadAction\",\"target\":[\"https:\\\/\\\/memurunsesi.net\\\/index.php\\\/2025\\\/04\\\/23\\\/buyukcekmecede-23-nisan-coskusu-sokaklara-tasti\\\/\"]}]},{\"@type\":\"ImageObject\",\"inLanguage\":\"tr\",\"@id\":\"https:\\\/\\\/memurunsesi.net\\\/index.php\\\/2025\\\/04\\\/23\\\/buyukcekmecede-23-nisan-coskusu-sokaklara-tasti\\\/#primaryimage\",\"url\":\"https:\\\/\\\/memurunsesi.net\\\/wp-content\\\/uploads\\\/2025\\\/04\\\/AW438926_01.jpg\",\"contentUrl\":\"https:\\\/\\\/memurunsesi.net\\\/wp-content\\\/uploads\\\/2025\\\/04\\\/AW438926_01.jpg\",\"width\":2098,\"height\":1398,\"caption\":\"T\u00dcRK\u0130YE B\u00dcY\u00dcK M\u0130LLET MECL\u0130S\u0130'N\u0130N A\u00c7ILI\u015eININ VE 23 N\u0130SAN ULUSAL EGEMENL\u0130K VE \u00c7OCUK BAYRAMI'NIN 105'\u0130NC\u0130 YIL D\u00d6N\u00dcM\u00dc B\u00dcY\u00dcK\u00c7EKMECE'DE B\u0130RB\u0130R\u0130NDEN CO\u015eKULU ETK\u0130NL\u0130KLERLE KUTLANDI. (\u0130HA\\\/\u0130STANBUL-\u0130HA) T\u00fcrkiye B\u00fcy\u00fck Millet Meclisi'nin a\u00e7\u0131l\u0131\u015f\u0131n\u0131n ve 23 Nisan Ulusal Egemenlik ve \u00c7ocuk Bayram\u0131'n\u0131n 105'inci y\u0131l d\u00f6n\u00fcm\u00fc B\u00fcy\u00fck\u00e7ekmece'de birbirinden co\u015fkulu etkinliklerle kutland\u0131.\"},{\"@type\":\"BreadcrumbList\",\"@id\":\"https:\\\/\\\/memurunsesi.net\\\/index.php\\\/2025\\\/04\\\/23\\\/buyukcekmecede-23-nisan-coskusu-sokaklara-tasti\\\/#breadcrumb\",\"itemListElement\":[{\"@type\":\"ListItem\",\"position\":1,\"name\":\"Anasayfa\",\"item\":\"https:\\\/\\\/memurunsesi.net\\\/\"},{\"@type\":\"ListItem\",\"position\":2,\"name\":\"B\u00fcy\u00fck\u00e7ekmece\u2019de 23 Nisan co\u015fkusu sokaklara ta\u015ft\u0131\"}]},{\"@type\":\"WebSite\",\"@id\":\"https:\\\/\\\/memurunsesi.net\\\/#website\",\"url\":\"https:\\\/\\\/memurunsesi.net\\\/\",\"name\":\"Memurun Sesi\",\"description\":\"G\u00fcncel ve Do\u011fru Haber\",\"publisher\":{\"@id\":\"https:\\\/\\\/memurunsesi.net\\\/#organization\"},\"potentialAction\":[{\"@type\":\"SearchAction\",\"target\":{\"@type\":\"EntryPoint\",\"urlTemplate\":\"https:\\\/\\\/memurunsesi.net\\\/?s={search_term_string}\"},\"query-input\":{\"@type\":\"PropertyValueSpecification\",\"valueRequired\":true,\"valueName\":\"search_term_string\"}}],\"inLanguage\":\"tr\"},{\"@type\":\"Organization\",\"@id\":\"https:\\\/\\\/memurunsesi.net\\\/#organization\",\"name\":\"Memurun Sesi\",\"url\":\"https:\\\/\\\/memurunsesi.net\\\/\",\"logo\":{\"@type\":\"ImageObject\",\"inLanguage\":\"tr\",\"@id\":\"https:\\\/\\\/memurunsesi.net\\\/#\\\/schema\\\/logo\\\/image\\\/\",\"url\":\"https:\\\/\\\/memurunsesi.net\\\/wp-content\\\/uploads\\\/2025\\\/11\\\/cropped-MEMURUN-SESI.png\",\"contentUrl\":\"https:\\\/\\\/memurunsesi.net\\\/wp-content\\\/uploads\\\/2025\\\/11\\\/cropped-MEMURUN-SESI.png\",\"width\":238,\"height\":57,\"caption\":\"Memurun Sesi\"},\"image\":{\"@id\":\"https:\\\/\\\/memurunsesi.net\\\/#\\\/schema\\\/logo\\\/image\\\/\"},\"sameAs\":[\"https:\\\/\\\/www.facebook.com\\\/unipersen\\\/?locale=tr_TR\",\"https:\\\/\\\/x.com\\\/unipersen\"]},{\"@type\":\"Person\",\"@id\":\"https:\\\/\\\/memurunsesi.net\\\/#\\\/schema\\\/person\\\/f21c2d73b89f6ee1d80b0a1803e38587\",\"name\":\"Memurun Sesi Haber Merkezi\",\"image\":{\"@type\":\"ImageObject\",\"inLanguage\":\"tr\",\"@id\":\"https:\\\/\\\/secure.gravatar.com\\\/avatar\\\/6cf0505f452ee753f485014986fab09a434671d2b919ee76fc541025c5876a70?s=96&d=mm&r=g\",\"url\":\"https:\\\/\\\/secure.gravatar.com\\\/avatar\\\/6cf0505f452ee753f485014986fab09a434671d2b919ee76fc541025c5876a70?s=96&d=mm&r=g\",\"contentUrl\":\"https:\\\/\\\/secure.gravatar.com\\\/avatar\\\/6cf0505f452ee753f485014986fab09a434671d2b919ee76fc541025c5876a70?s=96&d=mm&r=g\",\"caption\":\"Memurun Sesi Haber Merkezi\"},\"sameAs\":[\"https:\\\/\\\/memurunsesi.net\"],\"url\":\"https:\\\/\\\/memurunsesi.net\\\/index.php\\\/author\\\/uniper\\\/\"}]}<\/script>\n<!-- \/ Yoast SEO plugin. -->","yoast_head_json":{"title":"B\u00fcy\u00fck\u00e7ekmece\u2019de 23 Nisan co\u015fkusu sokaklara ta\u015ft\u0131 - Memurun Sesi","robots":{"index":"index","follow":"follow","max-snippet":"max-snippet:-1","max-image-preview":"max-image-preview:large","max-video-preview":"max-video-preview:-1"},"canonical":"https:\/\/memurunsesi.net\/index.php\/2025\/04\/23\/buyukcekmecede-23-nisan-coskusu-sokaklara-tasti\/","og_locale":"tr_TR","og_type":"article","og_title":"B\u00fcy\u00fck\u00e7ekmece\u2019de 23 Nisan co\u015fkusu sokaklara ta\u015ft\u0131 - Memurun Sesi","og_description":"T\u00fcrkiye B\u00fcy\u00fck Millet Meclisi\u2019nin a\u00e7\u0131l\u0131\u015f\u0131n\u0131n ve 23 Nisan Ulusal Egemenlik ve \u00c7ocuk Bayram\u0131\u2019n\u0131n 105\u2019inci y\u0131l d\u00f6n\u00fcm\u00fc B\u00fcy\u00fck\u00e7ekmece\u2019de birbirinden co\u015fkulu etkinliklerle kutland\u0131. 7\u2019den 70\u2019e y\u00fczlerce B\u00fcy\u00fck\u00e7ekmecelinin ellerinde T\u00fcrk bayraklar\u0131yla kat\u0131ld\u0131\u011f\u0131 23 Nisan kortej y\u00fcr\u00fcy\u00fc\u015f\u00fc, renkli ve unutulmaz g\u00f6r\u00fcnt\u00fclere sahne oldu. Kortej y\u00fcr\u00fcy\u00fc\u015f\u00fcn\u00fcn ard\u0131ndan tarihin ve ba\u011f\u0131ms\u0131zl\u0131k m\u00fccadelesinin izlerini ta\u015f\u0131yan Ulusal Ba\u011f\u0131ms\u0131zl\u0131k ve Kurulu\u015f M\u00fczesi\u2019nin \u00f6n\u00fcnde etkinliklerle [&hellip;]","og_url":"https:\/\/memurunsesi.net\/index.php\/2025\/04\/23\/buyukcekmecede-23-nisan-coskusu-sokaklara-tasti\/","og_site_name":"Memurun Sesi","article_publisher":"https:\/\/www.facebook.com\/unipersen\/?locale=tr_TR","article_published_time":"2025-04-23T07:06:03+00:00","og_image":[{"width":2098,"height":1398,"url":"https:\/\/memurunsesi.net\/wp-content\/uploads\/2025\/04\/AW438926_01.jpg","type":"image\/jpeg"}],"author":"Memurun Sesi Haber Merkezi","twitter_card":"summary_large_image","twitter_creator":"@unipersen","twitter_site":"@unipersen","twitter_misc":{"Yazan:":"Memurun Sesi Haber Merkezi","Tahmini okuma s\u00fcresi":"1 dakika"},"schema":{"@context":"https:\/\/schema.org","@graph":[{"@type":"Article","@id":"https:\/\/memurunsesi.net\/index.php\/2025\/04\/23\/buyukcekmecede-23-nisan-coskusu-sokaklara-tasti\/#article","isPartOf":{"@id":"https:\/\/memurunsesi.net\/index.php\/2025\/04\/23\/buyukcekmecede-23-nisan-coskusu-sokaklara-tasti\/"},"author":{"name":"Memurun Sesi Haber Merkezi","@id":"https:\/\/memurunsesi.net\/#\/schema\/person\/f21c2d73b89f6ee1d80b0a1803e38587"},"headline":"B\u00fcy\u00fck\u00e7ekmece\u2019de 23 Nisan co\u015fkusu sokaklara ta\u015ft\u0131","datePublished":"2025-04-23T07:06:03+00:00","mainEntityOfPage":{"@id":"https:\/\/memurunsesi.net\/index.php\/2025\/04\/23\/buyukcekmecede-23-nisan-coskusu-sokaklara-tasti\/"},"wordCount":665,"commentCount":0,"publisher":{"@id":"https:\/\/memurunsesi.net\/#organization"},"image":{"@id":"https:\/\/memurunsesi.net\/index.php\/2025\/04\/23\/buyukcekmecede-23-nisan-coskusu-sokaklara-tasti\/#primaryimage"},"thumbnailUrl":"https:\/\/memurunsesi.net\/wp-content\/uploads\/2025\/04\/AW438926_01.jpg","articleSection":["G\u00fcndem"],"inLanguage":"tr","potentialAction":[{"@type":"CommentAction","name":"Comment","target":["https:\/\/memurunsesi.net\/index.php\/2025\/04\/23\/buyukcekmecede-23-nisan-coskusu-sokaklara-tasti\/#respond"]}]},{"@type":"WebPage","@id":"https:\/\/memurunsesi.net\/index.php\/2025\/04\/23\/buyukcekmecede-23-nisan-coskusu-sokaklara-tasti\/","url":"https:\/\/memurunsesi.net\/index.php\/2025\/04\/23\/buyukcekmecede-23-nisan-coskusu-sokaklara-tasti\/","name":"B\u00fcy\u00fck\u00e7ekmece\u2019de 23 Nisan co\u015fkusu sokaklara ta\u015ft\u0131 - Memurun Sesi","isPartOf":{"@id":"https:\/\/memurunsesi.net\/#website"},"primaryImageOfPage":{"@id":"https:\/\/memurunsesi.net\/index.php\/2025\/04\/23\/buyukcekmecede-23-nisan-coskusu-sokaklara-tasti\/#primaryimage"},"image":{"@id":"https:\/\/memurunsesi.net\/index.php\/2025\/04\/23\/buyukcekmecede-23-nisan-coskusu-sokaklara-tasti\/#primaryimage"},"thumbnailUrl":"https:\/\/memurunsesi.net\/wp-content\/uploads\/2025\/04\/AW438926_01.jpg","datePublished":"2025-04-23T07:06:03+00:00","breadcrumb":{"@id":"https:\/\/memurunsesi.net\/index.php\/2025\/04\/23\/buyukcekmecede-23-nisan-coskusu-sokaklara-tasti\/#breadcrumb"},"inLanguage":"tr","potentialAction":[{"@type":"ReadAction","target":["https:\/\/memurunsesi.net\/index.php\/2025\/04\/23\/buyukcekmecede-23-nisan-coskusu-sokaklara-tasti\/"]}]},{"@type":"ImageObject","inLanguage":"tr","@id":"https:\/\/memurunsesi.net\/index.php\/2025\/04\/23\/buyukcekmecede-23-nisan-coskusu-sokaklara-tasti\/#primaryimage","url":"https:\/\/memurunsesi.net\/wp-content\/uploads\/2025\/04\/AW438926_01.jpg","contentUrl":"https:\/\/memurunsesi.net\/wp-content\/uploads\/2025\/04\/AW438926_01.jpg","width":2098,"height":1398,"caption":"T\u00dcRK\u0130YE B\u00dcY\u00dcK M\u0130LLET MECL\u0130S\u0130'N\u0130N A\u00c7ILI\u015eININ VE 23 N\u0130SAN ULUSAL EGEMENL\u0130K VE \u00c7OCUK BAYRAMI'NIN 105'\u0130NC\u0130 YIL D\u00d6N\u00dcM\u00dc B\u00dcY\u00dcK\u00c7EKMECE'DE B\u0130RB\u0130R\u0130NDEN CO\u015eKULU ETK\u0130NL\u0130KLERLE KUTLANDI. (\u0130HA\/\u0130STANBUL-\u0130HA) T\u00fcrkiye B\u00fcy\u00fck Millet Meclisi'nin a\u00e7\u0131l\u0131\u015f\u0131n\u0131n ve 23 Nisan Ulusal Egemenlik ve \u00c7ocuk Bayram\u0131'n\u0131n 105'inci y\u0131l d\u00f6n\u00fcm\u00fc B\u00fcy\u00fck\u00e7ekmece'de birbirinden co\u015fkulu etkinliklerle kutland\u0131."},{"@type":"BreadcrumbList","@id":"https:\/\/memurunsesi.net\/index.php\/2025\/04\/23\/buyukcekmecede-23-nisan-coskusu-sokaklara-tasti\/#breadcrumb","itemListElement":[{"@type":"ListItem","position":1,"name":"Anasayfa","item":"https:\/\/memurunsesi.net\/"},{"@type":"ListItem","position":2,"name":"B\u00fcy\u00fck\u00e7ekmece\u2019de 23 Nisan co\u015fkusu sokaklara ta\u015ft\u0131"}]},{"@type":"WebSite","@id":"https:\/\/memurunsesi.net\/#website","url":"https:\/\/memurunsesi.net\/","name":"Memurun Sesi","description":"G\u00fcncel ve Do\u011fru Haber","publisher":{"@id":"https:\/\/memurunsesi.net\/#organization"},"potentialAction":[{"@type":"SearchAction","target":{"@type":"EntryPoint","urlTemplate":"https:\/\/memurunsesi.net\/?s={search_term_string}"},"query-input":{"@type":"PropertyValueSpecification","valueRequired":true,"valueName":"search_term_string"}}],"inLanguage":"tr"},{"@type":"Organization","@id":"https:\/\/memurunsesi.net\/#organization","name":"Memurun Sesi","url":"https:\/\/memurunsesi.net\/","logo":{"@type":"ImageObject","inLanguage":"tr","@id":"https:\/\/memurunsesi.net\/#\/schema\/logo\/image\/","url":"https:\/\/memurunsesi.net\/wp-content\/uploads\/2025\/11\/cropped-MEMURUN-SESI.png","contentUrl":"https:\/\/memurunsesi.net\/wp-content\/uploads\/2025\/11\/cropped-MEMURUN-SESI.png","width":238,"height":57,"caption":"Memurun Sesi"},"image":{"@id":"https:\/\/memurunsesi.net\/#\/schema\/logo\/image\/"},"sameAs":["https:\/\/www.facebook.com\/unipersen\/?locale=tr_TR","https:\/\/x.com\/unipersen"]},{"@type":"Person","@id":"https:\/\/memurunsesi.net\/#\/schema\/person\/f21c2d73b89f6ee1d80b0a1803e38587","name":"Memurun Sesi Haber Merkezi","image":{"@type":"ImageObject","inLanguage":"tr","@id":"https:\/\/secure.gravatar.com\/avatar\/6cf0505f452ee753f485014986fab09a434671d2b919ee76fc541025c5876a70?s=96&d=mm&r=g","url":"https:\/\/secure.gravatar.com\/avatar\/6cf0505f452ee753f485014986fab09a434671d2b919ee76fc541025c5876a70?s=96&d=mm&r=g","contentUrl":"https:\/\/secure.gravatar.com\/avatar\/6cf0505f452ee753f485014986fab09a434671d2b919ee76fc541025c5876a70?s=96&d=mm&r=g","caption":"Memurun Sesi Haber Merkezi"},"sameAs":["https:\/\/memurunsesi.net"],"url":"https:\/\/memurunsesi.net\/index.php\/author\/uniper\/"}]}},"_links":{"self":[{"href":"https:\/\/memurunsesi.net\/index.php\/wp-json\/wp\/v2\/posts\/5851","targetHints":{"allow":["GET"]}}],"collection":[{"href":"https:\/\/memurunsesi.net\/index.php\/wp-json\/wp\/v2\/posts"}],"about":[{"href":"https:\/\/memurunsesi.net\/index.php\/wp-json\/wp\/v2\/types\/post"}],"author":[{"embeddable":true,"href":"https:\/\/memurunsesi.net\/index.php\/wp-json\/wp\/v2\/users\/1"}],"replies":[{"embeddable":true,"href":"https:\/\/memurunsesi.net\/index.php\/wp-json\/wp\/v2\/comments?post=5851"}],"version-history":[{"count":1,"href":"https:\/\/memurunsesi.net\/index.php\/wp-json\/wp\/v2\/posts\/5851\/revisions"}],"predecessor-version":[{"id":5853,"href":"https:\/\/memurunsesi.net\/index.php\/wp-json\/wp\/v2\/posts\/5851\/revisions\/5853"}],"wp:featuredmedia":[{"embeddable":true,"href":"https:\/\/memurunsesi.net\/index.php\/wp-json\/wp\/v2\/media\/5852"}],"wp:attachment":[{"href":"https:\/\/memurunsesi.net\/index.php\/wp-json\/wp\/v2\/media?parent=5851"}],"wp:term":[{"taxonomy":"category","embeddable":true,"href":"https:\/\/memurunsesi.net\/index.php\/wp-json\/wp\/v2\/categories?post=5851"},{"taxonomy":"post_tag","embeddable":true,"href":"https:\/\/memurunsesi.net\/index.php\/wp-json\/wp\/v2\/tags?post=5851"}],"curies":[{"name":"wp","href":"https:\/\/api.w.org\/{rel}","templated":true}]}}