{"id":5854,"date":"2025-04-23T10:08:14","date_gmt":"2025-04-23T07:08:14","guid":{"rendered":"https:\/\/memurunsesi.net\/?p=5854"},"modified":"2025-04-23T10:08:14","modified_gmt":"2025-04-23T07:08:14","slug":"van-buyuksehir-belediyesinin-kurslarina-yogun-ilgi","status":"publish","type":"post","link":"https:\/\/memurunsesi.net\/index.php\/2025\/04\/23\/van-buyuksehir-belediyesinin-kurslarina-yogun-ilgi\/","title":{"rendered":"Van B\u00fcy\u00fck\u015fehir Belediyesinin kurslar\u0131na yo\u011fun ilgi"},"content":{"rendered":"<p> Van B\u00fcy\u00fck\u015fehir Belediyesi taraf\u0131ndan Tu\u015fba il\u00e7esinde kad\u0131n ve \u00e7ocuklara y\u00f6nelik d\u00fczenledi\u011fi kurslar, vatanda\u015flar taraf\u0131ndan yo\u011fun ilgi g\u00f6r\u00fcyor.<br \/>\n  Van B\u00fcy\u00fck\u015fehir Belediyesinin sanatsal ve k\u00fclt\u00fcrel etkinliklerinin yan\u0131 s\u0131ra e\u011fitim alan\u0131nda sundu\u011fu hizmetler, vatanda\u015flar taraf\u0131ndan b\u00fcy\u00fck be\u011feni topluyor. Kad\u0131n ve Aile Hizmetleri Daire Ba\u015fkanl\u0131\u011f\u0131nca Tu\u015fba Millet Bah\u00e7esinde a\u00e7\u0131lan kurs merkezleri de kad\u0131n ve \u00e7ocuklardan tam not ald\u0131. El sanatlar\u0131, Kur&#8217;an-\u0131 Kerim, resim ve m\u00fczik kurslar\u0131yla vatanda\u015flara hizmet veren merkezlerde, ayr\u0131ca k\u00fct\u00fcphanelerde yer al\u0131yor.<br \/>\n  Kurslar\u0131n hafta i\u00e7i her g\u00fcn kad\u0131n ve \u00e7ocuklara hizmet verdi\u011fi belirtildi. <\/p>\n<p>23.04.2025 <\/p>\n","protected":false},"excerpt":{"rendered":"<p>Van B\u00fcy\u00fck\u015fehir Belediyesi taraf\u0131ndan Tu\u015fba il\u00e7esinde kad\u0131n ve \u00e7ocuklara y\u00f6nelik d\u00fczenledi\u011fi kurslar, vatanda\u015flar taraf\u0131ndan yo\u011fun ilgi g\u00f6r\u00fcyor. Van B\u00fcy\u00fck\u015fehir Belediyesinin sanatsal ve k\u00fclt\u00fcrel etkinliklerinin yan\u0131 s\u0131ra e\u011fitim alan\u0131nda sundu\u011fu hizmetler, vatanda\u015flar taraf\u0131ndan b\u00fcy\u00fck be\u011feni topluyor. Kad\u0131n ve Aile Hizmetleri Daire Ba\u015fkanl\u0131\u011f\u0131nca Tu\u015fba Millet Bah\u00e7esinde a\u00e7\u0131lan kurs merkezleri de kad\u0131n ve \u00e7ocuklardan tam not ald\u0131. El [&hellip;]<\/p>\n","protected":false},"author":1,"featured_media":5855,"comment_status":"open","ping_status":"open","sticky":false,"template":"","format":"standard","meta":{"footnotes":""},"categories":[50],"tags":[],"class_list":["post-5854","post","type-post","status-publish","format-standard","has-post-thumbnail","hentry","category-tum-haberler"],"yoast_head":"<!-- This site is optimized with the Yoast SEO plugin v27.4 - https:\/\/yoast.com\/product\/yoast-seo-wordpress\/ -->\n<title>Van B\u00fcy\u00fck\u015fehir Belediyesinin kurslar\u0131na yo\u011fun ilgi - Memurun Sesi<\/title>\n<meta name=\"robots\" content=\"index, follow, max-snippet:-1, max-image-preview:large, max-video-preview:-1\" \/>\n<link rel=\"canonical\" href=\"https:\/\/memurunsesi.net\/index.php\/2025\/04\/23\/van-buyuksehir-belediyesinin-kurslarina-yogun-ilgi\/\" \/>\n<meta property=\"og:locale\" content=\"tr_TR\" \/>\n<meta property=\"og:type\" content=\"article\" \/>\n<meta property=\"og:title\" content=\"Van B\u00fcy\u00fck\u015fehir Belediyesinin kurslar\u0131na yo\u011fun ilgi - Memurun Sesi\" \/>\n<meta property=\"og:description\" content=\"Van B\u00fcy\u00fck\u015fehir Belediyesi taraf\u0131ndan Tu\u015fba il\u00e7esinde kad\u0131n ve \u00e7ocuklara y\u00f6nelik d\u00fczenledi\u011fi kurslar, vatanda\u015flar taraf\u0131ndan yo\u011fun ilgi g\u00f6r\u00fcyor. Van B\u00fcy\u00fck\u015fehir Belediyesinin sanatsal ve k\u00fclt\u00fcrel etkinliklerinin yan\u0131 s\u0131ra e\u011fitim alan\u0131nda sundu\u011fu hizmetler, vatanda\u015flar taraf\u0131ndan b\u00fcy\u00fck be\u011feni topluyor. Kad\u0131n ve Aile Hizmetleri Daire Ba\u015fkanl\u0131\u011f\u0131nca Tu\u015fba Millet Bah\u00e7esinde a\u00e7\u0131lan kurs merkezleri de kad\u0131n ve \u00e7ocuklardan tam not ald\u0131. El [&hellip;]\" \/>\n<meta property=\"og:url\" content=\"https:\/\/memurunsesi.net\/index.php\/2025\/04\/23\/van-buyuksehir-belediyesinin-kurslarina-yogun-ilgi\/\" \/>\n<meta property=\"og:site_name\" content=\"Memurun Sesi\" \/>\n<meta property=\"article:publisher\" content=\"https:\/\/www.facebook.com\/unipersen\/?locale=tr_TR\" \/>\n<meta property=\"article:published_time\" content=\"2025-04-23T07:08:14+00:00\" \/>\n<meta property=\"og:image\" content=\"https:\/\/memurunsesi.net\/wp-content\/uploads\/2025\/04\/AW438906_04.jpg\" \/>\n\t<meta property=\"og:image:width\" content=\"1600\" \/>\n\t<meta property=\"og:image:height\" content=\"1200\" \/>\n\t<meta property=\"og:image:type\" content=\"image\/jpeg\" \/>\n<meta name=\"author\" content=\"Memurun Sesi Haber Merkezi\" \/>\n<meta name=\"twitter:card\" content=\"summary_large_image\" \/>\n<meta name=\"twitter:creator\" content=\"@unipersen\" \/>\n<meta name=\"twitter:site\" content=\"@unipersen\" \/>\n<meta name=\"twitter:label1\" content=\"Yazan:\" \/>\n\t<meta name=\"twitter:data1\" content=\"Memurun Sesi Haber Merkezi\" \/>\n\t<meta name=\"twitter:label2\" content=\"Tahmini okuma s\u00fcresi\" \/>\n\t<meta name=\"twitter:data2\" content=\"1 dakika\" \/>\n<script type=\"application\/ld+json\" class=\"yoast-schema-graph\">{\"@context\":\"https:\\\/\\\/schema.org\",\"@graph\":[{\"@type\":\"Article\",\"@id\":\"https:\\\/\\\/memurunsesi.net\\\/index.php\\\/2025\\\/04\\\/23\\\/van-buyuksehir-belediyesinin-kurslarina-yogun-ilgi\\\/#article\",\"isPartOf\":{\"@id\":\"https:\\\/\\\/memurunsesi.net\\\/index.php\\\/2025\\\/04\\\/23\\\/van-buyuksehir-belediyesinin-kurslarina-yogun-ilgi\\\/\"},\"author\":{\"name\":\"Memurun Sesi Haber Merkezi\",\"@id\":\"https:\\\/\\\/memurunsesi.net\\\/#\\\/schema\\\/person\\\/f21c2d73b89f6ee1d80b0a1803e38587\"},\"headline\":\"Van B\u00fcy\u00fck\u015fehir Belediyesinin kurslar\u0131na yo\u011fun ilgi\",\"datePublished\":\"2025-04-23T07:08:14+00:00\",\"mainEntityOfPage\":{\"@id\":\"https:\\\/\\\/memurunsesi.net\\\/index.php\\\/2025\\\/04\\\/23\\\/van-buyuksehir-belediyesinin-kurslarina-yogun-ilgi\\\/\"},\"wordCount\":141,\"commentCount\":0,\"publisher\":{\"@id\":\"https:\\\/\\\/memurunsesi.net\\\/#organization\"},\"image\":{\"@id\":\"https:\\\/\\\/memurunsesi.net\\\/index.php\\\/2025\\\/04\\\/23\\\/van-buyuksehir-belediyesinin-kurslarina-yogun-ilgi\\\/#primaryimage\"},\"thumbnailUrl\":\"https:\\\/\\\/memurunsesi.net\\\/wp-content\\\/uploads\\\/2025\\\/04\\\/AW438906_04.jpg\",\"articleSection\":[\"T\u00fcm Haberler\"],\"inLanguage\":\"tr\",\"potentialAction\":[{\"@type\":\"CommentAction\",\"name\":\"Comment\",\"target\":[\"https:\\\/\\\/memurunsesi.net\\\/index.php\\\/2025\\\/04\\\/23\\\/van-buyuksehir-belediyesinin-kurslarina-yogun-ilgi\\\/#respond\"]}]},{\"@type\":\"WebPage\",\"@id\":\"https:\\\/\\\/memurunsesi.net\\\/index.php\\\/2025\\\/04\\\/23\\\/van-buyuksehir-belediyesinin-kurslarina-yogun-ilgi\\\/\",\"url\":\"https:\\\/\\\/memurunsesi.net\\\/index.php\\\/2025\\\/04\\\/23\\\/van-buyuksehir-belediyesinin-kurslarina-yogun-ilgi\\\/\",\"name\":\"Van B\u00fcy\u00fck\u015fehir Belediyesinin kurslar\u0131na yo\u011fun ilgi - Memurun Sesi\",\"isPartOf\":{\"@id\":\"https:\\\/\\\/memurunsesi.net\\\/#website\"},\"primaryImageOfPage\":{\"@id\":\"https:\\\/\\\/memurunsesi.net\\\/index.php\\\/2025\\\/04\\\/23\\\/van-buyuksehir-belediyesinin-kurslarina-yogun-ilgi\\\/#primaryimage\"},\"image\":{\"@id\":\"https:\\\/\\\/memurunsesi.net\\\/index.php\\\/2025\\\/04\\\/23\\\/van-buyuksehir-belediyesinin-kurslarina-yogun-ilgi\\\/#primaryimage\"},\"thumbnailUrl\":\"https:\\\/\\\/memurunsesi.net\\\/wp-content\\\/uploads\\\/2025\\\/04\\\/AW438906_04.jpg\",\"datePublished\":\"2025-04-23T07:08:14+00:00\",\"breadcrumb\":{\"@id\":\"https:\\\/\\\/memurunsesi.net\\\/index.php\\\/2025\\\/04\\\/23\\\/van-buyuksehir-belediyesinin-kurslarina-yogun-ilgi\\\/#breadcrumb\"},\"inLanguage\":\"tr\",\"potentialAction\":[{\"@type\":\"ReadAction\",\"target\":[\"https:\\\/\\\/memurunsesi.net\\\/index.php\\\/2025\\\/04\\\/23\\\/van-buyuksehir-belediyesinin-kurslarina-yogun-ilgi\\\/\"]}]},{\"@type\":\"ImageObject\",\"inLanguage\":\"tr\",\"@id\":\"https:\\\/\\\/memurunsesi.net\\\/index.php\\\/2025\\\/04\\\/23\\\/van-buyuksehir-belediyesinin-kurslarina-yogun-ilgi\\\/#primaryimage\",\"url\":\"https:\\\/\\\/memurunsesi.net\\\/wp-content\\\/uploads\\\/2025\\\/04\\\/AW438906_04.jpg\",\"contentUrl\":\"https:\\\/\\\/memurunsesi.net\\\/wp-content\\\/uploads\\\/2025\\\/04\\\/AW438906_04.jpg\",\"width\":1600,\"height\":1200,\"caption\":\"VAN B\u00dcY\u00dcK\u015eEH\u0130R BELED\u0130YES\u0130 TARAFINDAN TU\u015eBA \u0130L\u00c7ES\u0130NDE KADIN VE \u00c7OCUKLARA Y\u00d6NEL\u0130K D\u00dcZENLED\u0130\u011e\u0130 KURSLAR, VATANDA\u015eLAR TARAFINDAN YO\u011eUN \u0130LG\u0130 G\u00d6R\u00dcYOR. (AHMET KAVAK\\\/VAN-\u0130HA) Van B\u00fcy\u00fck\u015fehir Belediyesi taraf\u0131ndan Tu\u015fba il\u00e7esinde kad\u0131n ve \u00e7ocuklara y\u00f6nelik d\u00fczenledi\u011fi kurslar, vatanda\u015flar taraf\u0131ndan yo\u011fun ilgi g\u00f6r\u00fcyor.\"},{\"@type\":\"BreadcrumbList\",\"@id\":\"https:\\\/\\\/memurunsesi.net\\\/index.php\\\/2025\\\/04\\\/23\\\/van-buyuksehir-belediyesinin-kurslarina-yogun-ilgi\\\/#breadcrumb\",\"itemListElement\":[{\"@type\":\"ListItem\",\"position\":1,\"name\":\"Anasayfa\",\"item\":\"https:\\\/\\\/memurunsesi.net\\\/\"},{\"@type\":\"ListItem\",\"position\":2,\"name\":\"Van B\u00fcy\u00fck\u015fehir Belediyesinin kurslar\u0131na yo\u011fun ilgi\"}]},{\"@type\":\"WebSite\",\"@id\":\"https:\\\/\\\/memurunsesi.net\\\/#website\",\"url\":\"https:\\\/\\\/memurunsesi.net\\\/\",\"name\":\"Memurun Sesi\",\"description\":\"G\u00fcncel ve Do\u011fru Haber\",\"publisher\":{\"@id\":\"https:\\\/\\\/memurunsesi.net\\\/#organization\"},\"potentialAction\":[{\"@type\":\"SearchAction\",\"target\":{\"@type\":\"EntryPoint\",\"urlTemplate\":\"https:\\\/\\\/memurunsesi.net\\\/?s={search_term_string}\"},\"query-input\":{\"@type\":\"PropertyValueSpecification\",\"valueRequired\":true,\"valueName\":\"search_term_string\"}}],\"inLanguage\":\"tr\"},{\"@type\":\"Organization\",\"@id\":\"https:\\\/\\\/memurunsesi.net\\\/#organization\",\"name\":\"Memurun Sesi\",\"url\":\"https:\\\/\\\/memurunsesi.net\\\/\",\"logo\":{\"@type\":\"ImageObject\",\"inLanguage\":\"tr\",\"@id\":\"https:\\\/\\\/memurunsesi.net\\\/#\\\/schema\\\/logo\\\/image\\\/\",\"url\":\"https:\\\/\\\/memurunsesi.net\\\/wp-content\\\/uploads\\\/2025\\\/11\\\/cropped-MEMURUN-SESI.png\",\"contentUrl\":\"https:\\\/\\\/memurunsesi.net\\\/wp-content\\\/uploads\\\/2025\\\/11\\\/cropped-MEMURUN-SESI.png\",\"width\":238,\"height\":57,\"caption\":\"Memurun Sesi\"},\"image\":{\"@id\":\"https:\\\/\\\/memurunsesi.net\\\/#\\\/schema\\\/logo\\\/image\\\/\"},\"sameAs\":[\"https:\\\/\\\/www.facebook.com\\\/unipersen\\\/?locale=tr_TR\",\"https:\\\/\\\/x.com\\\/unipersen\"]},{\"@type\":\"Person\",\"@id\":\"https:\\\/\\\/memurunsesi.net\\\/#\\\/schema\\\/person\\\/f21c2d73b89f6ee1d80b0a1803e38587\",\"name\":\"Memurun Sesi Haber Merkezi\",\"image\":{\"@type\":\"ImageObject\",\"inLanguage\":\"tr\",\"@id\":\"https:\\\/\\\/secure.gravatar.com\\\/avatar\\\/6cf0505f452ee753f485014986fab09a434671d2b919ee76fc541025c5876a70?s=96&d=mm&r=g\",\"url\":\"https:\\\/\\\/secure.gravatar.com\\\/avatar\\\/6cf0505f452ee753f485014986fab09a434671d2b919ee76fc541025c5876a70?s=96&d=mm&r=g\",\"contentUrl\":\"https:\\\/\\\/secure.gravatar.com\\\/avatar\\\/6cf0505f452ee753f485014986fab09a434671d2b919ee76fc541025c5876a70?s=96&d=mm&r=g\",\"caption\":\"Memurun Sesi Haber Merkezi\"},\"sameAs\":[\"https:\\\/\\\/memurunsesi.net\"],\"url\":\"https:\\\/\\\/memurunsesi.net\\\/index.php\\\/author\\\/uniper\\\/\"}]}<\/script>\n<!-- \/ Yoast SEO plugin. -->","yoast_head_json":{"title":"Van B\u00fcy\u00fck\u015fehir Belediyesinin kurslar\u0131na yo\u011fun ilgi - Memurun Sesi","robots":{"index":"index","follow":"follow","max-snippet":"max-snippet:-1","max-image-preview":"max-image-preview:large","max-video-preview":"max-video-preview:-1"},"canonical":"https:\/\/memurunsesi.net\/index.php\/2025\/04\/23\/van-buyuksehir-belediyesinin-kurslarina-yogun-ilgi\/","og_locale":"tr_TR","og_type":"article","og_title":"Van B\u00fcy\u00fck\u015fehir Belediyesinin kurslar\u0131na yo\u011fun ilgi - Memurun Sesi","og_description":"Van B\u00fcy\u00fck\u015fehir Belediyesi taraf\u0131ndan Tu\u015fba il\u00e7esinde kad\u0131n ve \u00e7ocuklara y\u00f6nelik d\u00fczenledi\u011fi kurslar, vatanda\u015flar taraf\u0131ndan yo\u011fun ilgi g\u00f6r\u00fcyor. Van B\u00fcy\u00fck\u015fehir Belediyesinin sanatsal ve k\u00fclt\u00fcrel etkinliklerinin yan\u0131 s\u0131ra e\u011fitim alan\u0131nda sundu\u011fu hizmetler, vatanda\u015flar taraf\u0131ndan b\u00fcy\u00fck be\u011feni topluyor. Kad\u0131n ve Aile Hizmetleri Daire Ba\u015fkanl\u0131\u011f\u0131nca Tu\u015fba Millet Bah\u00e7esinde a\u00e7\u0131lan kurs merkezleri de kad\u0131n ve \u00e7ocuklardan tam not ald\u0131. El [&hellip;]","og_url":"https:\/\/memurunsesi.net\/index.php\/2025\/04\/23\/van-buyuksehir-belediyesinin-kurslarina-yogun-ilgi\/","og_site_name":"Memurun Sesi","article_publisher":"https:\/\/www.facebook.com\/unipersen\/?locale=tr_TR","article_published_time":"2025-04-23T07:08:14+00:00","og_image":[{"width":1600,"height":1200,"url":"https:\/\/memurunsesi.net\/wp-content\/uploads\/2025\/04\/AW438906_04.jpg","type":"image\/jpeg"}],"author":"Memurun Sesi Haber Merkezi","twitter_card":"summary_large_image","twitter_creator":"@unipersen","twitter_site":"@unipersen","twitter_misc":{"Yazan:":"Memurun Sesi Haber Merkezi","Tahmini okuma s\u00fcresi":"1 dakika"},"schema":{"@context":"https:\/\/schema.org","@graph":[{"@type":"Article","@id":"https:\/\/memurunsesi.net\/index.php\/2025\/04\/23\/van-buyuksehir-belediyesinin-kurslarina-yogun-ilgi\/#article","isPartOf":{"@id":"https:\/\/memurunsesi.net\/index.php\/2025\/04\/23\/van-buyuksehir-belediyesinin-kurslarina-yogun-ilgi\/"},"author":{"name":"Memurun Sesi Haber Merkezi","@id":"https:\/\/memurunsesi.net\/#\/schema\/person\/f21c2d73b89f6ee1d80b0a1803e38587"},"headline":"Van B\u00fcy\u00fck\u015fehir Belediyesinin kurslar\u0131na yo\u011fun ilgi","datePublished":"2025-04-23T07:08:14+00:00","mainEntityOfPage":{"@id":"https:\/\/memurunsesi.net\/index.php\/2025\/04\/23\/van-buyuksehir-belediyesinin-kurslarina-yogun-ilgi\/"},"wordCount":141,"commentCount":0,"publisher":{"@id":"https:\/\/memurunsesi.net\/#organization"},"image":{"@id":"https:\/\/memurunsesi.net\/index.php\/2025\/04\/23\/van-buyuksehir-belediyesinin-kurslarina-yogun-ilgi\/#primaryimage"},"thumbnailUrl":"https:\/\/memurunsesi.net\/wp-content\/uploads\/2025\/04\/AW438906_04.jpg","articleSection":["T\u00fcm Haberler"],"inLanguage":"tr","potentialAction":[{"@type":"CommentAction","name":"Comment","target":["https:\/\/memurunsesi.net\/index.php\/2025\/04\/23\/van-buyuksehir-belediyesinin-kurslarina-yogun-ilgi\/#respond"]}]},{"@type":"WebPage","@id":"https:\/\/memurunsesi.net\/index.php\/2025\/04\/23\/van-buyuksehir-belediyesinin-kurslarina-yogun-ilgi\/","url":"https:\/\/memurunsesi.net\/index.php\/2025\/04\/23\/van-buyuksehir-belediyesinin-kurslarina-yogun-ilgi\/","name":"Van B\u00fcy\u00fck\u015fehir Belediyesinin kurslar\u0131na yo\u011fun ilgi - Memurun Sesi","isPartOf":{"@id":"https:\/\/memurunsesi.net\/#website"},"primaryImageOfPage":{"@id":"https:\/\/memurunsesi.net\/index.php\/2025\/04\/23\/van-buyuksehir-belediyesinin-kurslarina-yogun-ilgi\/#primaryimage"},"image":{"@id":"https:\/\/memurunsesi.net\/index.php\/2025\/04\/23\/van-buyuksehir-belediyesinin-kurslarina-yogun-ilgi\/#primaryimage"},"thumbnailUrl":"https:\/\/memurunsesi.net\/wp-content\/uploads\/2025\/04\/AW438906_04.jpg","datePublished":"2025-04-23T07:08:14+00:00","breadcrumb":{"@id":"https:\/\/memurunsesi.net\/index.php\/2025\/04\/23\/van-buyuksehir-belediyesinin-kurslarina-yogun-ilgi\/#breadcrumb"},"inLanguage":"tr","potentialAction":[{"@type":"ReadAction","target":["https:\/\/memurunsesi.net\/index.php\/2025\/04\/23\/van-buyuksehir-belediyesinin-kurslarina-yogun-ilgi\/"]}]},{"@type":"ImageObject","inLanguage":"tr","@id":"https:\/\/memurunsesi.net\/index.php\/2025\/04\/23\/van-buyuksehir-belediyesinin-kurslarina-yogun-ilgi\/#primaryimage","url":"https:\/\/memurunsesi.net\/wp-content\/uploads\/2025\/04\/AW438906_04.jpg","contentUrl":"https:\/\/memurunsesi.net\/wp-content\/uploads\/2025\/04\/AW438906_04.jpg","width":1600,"height":1200,"caption":"VAN B\u00dcY\u00dcK\u015eEH\u0130R BELED\u0130YES\u0130 TARAFINDAN TU\u015eBA \u0130L\u00c7ES\u0130NDE KADIN VE \u00c7OCUKLARA Y\u00d6NEL\u0130K D\u00dcZENLED\u0130\u011e\u0130 KURSLAR, VATANDA\u015eLAR TARAFINDAN YO\u011eUN \u0130LG\u0130 G\u00d6R\u00dcYOR. (AHMET KAVAK\/VAN-\u0130HA) Van B\u00fcy\u00fck\u015fehir Belediyesi taraf\u0131ndan Tu\u015fba il\u00e7esinde kad\u0131n ve \u00e7ocuklara y\u00f6nelik d\u00fczenledi\u011fi kurslar, vatanda\u015flar taraf\u0131ndan yo\u011fun ilgi g\u00f6r\u00fcyor."},{"@type":"BreadcrumbList","@id":"https:\/\/memurunsesi.net\/index.php\/2025\/04\/23\/van-buyuksehir-belediyesinin-kurslarina-yogun-ilgi\/#breadcrumb","itemListElement":[{"@type":"ListItem","position":1,"name":"Anasayfa","item":"https:\/\/memurunsesi.net\/"},{"@type":"ListItem","position":2,"name":"Van B\u00fcy\u00fck\u015fehir Belediyesinin kurslar\u0131na yo\u011fun ilgi"}]},{"@type":"WebSite","@id":"https:\/\/memurunsesi.net\/#website","url":"https:\/\/memurunsesi.net\/","name":"Memurun Sesi","description":"G\u00fcncel ve Do\u011fru Haber","publisher":{"@id":"https:\/\/memurunsesi.net\/#organization"},"potentialAction":[{"@type":"SearchAction","target":{"@type":"EntryPoint","urlTemplate":"https:\/\/memurunsesi.net\/?s={search_term_string}"},"query-input":{"@type":"PropertyValueSpecification","valueRequired":true,"valueName":"search_term_string"}}],"inLanguage":"tr"},{"@type":"Organization","@id":"https:\/\/memurunsesi.net\/#organization","name":"Memurun Sesi","url":"https:\/\/memurunsesi.net\/","logo":{"@type":"ImageObject","inLanguage":"tr","@id":"https:\/\/memurunsesi.net\/#\/schema\/logo\/image\/","url":"https:\/\/memurunsesi.net\/wp-content\/uploads\/2025\/11\/cropped-MEMURUN-SESI.png","contentUrl":"https:\/\/memurunsesi.net\/wp-content\/uploads\/2025\/11\/cropped-MEMURUN-SESI.png","width":238,"height":57,"caption":"Memurun Sesi"},"image":{"@id":"https:\/\/memurunsesi.net\/#\/schema\/logo\/image\/"},"sameAs":["https:\/\/www.facebook.com\/unipersen\/?locale=tr_TR","https:\/\/x.com\/unipersen"]},{"@type":"Person","@id":"https:\/\/memurunsesi.net\/#\/schema\/person\/f21c2d73b89f6ee1d80b0a1803e38587","name":"Memurun Sesi Haber Merkezi","image":{"@type":"ImageObject","inLanguage":"tr","@id":"https:\/\/secure.gravatar.com\/avatar\/6cf0505f452ee753f485014986fab09a434671d2b919ee76fc541025c5876a70?s=96&d=mm&r=g","url":"https:\/\/secure.gravatar.com\/avatar\/6cf0505f452ee753f485014986fab09a434671d2b919ee76fc541025c5876a70?s=96&d=mm&r=g","contentUrl":"https:\/\/secure.gravatar.com\/avatar\/6cf0505f452ee753f485014986fab09a434671d2b919ee76fc541025c5876a70?s=96&d=mm&r=g","caption":"Memurun Sesi Haber Merkezi"},"sameAs":["https:\/\/memurunsesi.net"],"url":"https:\/\/memurunsesi.net\/index.php\/author\/uniper\/"}]}},"_links":{"self":[{"href":"https:\/\/memurunsesi.net\/index.php\/wp-json\/wp\/v2\/posts\/5854","targetHints":{"allow":["GET"]}}],"collection":[{"href":"https:\/\/memurunsesi.net\/index.php\/wp-json\/wp\/v2\/posts"}],"about":[{"href":"https:\/\/memurunsesi.net\/index.php\/wp-json\/wp\/v2\/types\/post"}],"author":[{"embeddable":true,"href":"https:\/\/memurunsesi.net\/index.php\/wp-json\/wp\/v2\/users\/1"}],"replies":[{"embeddable":true,"href":"https:\/\/memurunsesi.net\/index.php\/wp-json\/wp\/v2\/comments?post=5854"}],"version-history":[{"count":1,"href":"https:\/\/memurunsesi.net\/index.php\/wp-json\/wp\/v2\/posts\/5854\/revisions"}],"predecessor-version":[{"id":5856,"href":"https:\/\/memurunsesi.net\/index.php\/wp-json\/wp\/v2\/posts\/5854\/revisions\/5856"}],"wp:featuredmedia":[{"embeddable":true,"href":"https:\/\/memurunsesi.net\/index.php\/wp-json\/wp\/v2\/media\/5855"}],"wp:attachment":[{"href":"https:\/\/memurunsesi.net\/index.php\/wp-json\/wp\/v2\/media?parent=5854"}],"wp:term":[{"taxonomy":"category","embeddable":true,"href":"https:\/\/memurunsesi.net\/index.php\/wp-json\/wp\/v2\/categories?post=5854"},{"taxonomy":"post_tag","embeddable":true,"href":"https:\/\/memurunsesi.net\/index.php\/wp-json\/wp\/v2\/tags?post=5854"}],"curies":[{"name":"wp","href":"https:\/\/api.w.org\/{rel}","templated":true}]}}