{"id":5876,"date":"2025-04-23T11:41:04","date_gmt":"2025-04-23T08:41:04","guid":{"rendered":"https:\/\/memurunsesi.net\/?p=5876"},"modified":"2025-04-23T11:41:04","modified_gmt":"2025-04-23T08:41:04","slug":"isitme-engelliler-voleybol-sampiyonasi-karabukte-devam-ediyor","status":"publish","type":"post","link":"https:\/\/memurunsesi.net\/index.php\/2025\/04\/23\/isitme-engelliler-voleybol-sampiyonasi-karabukte-devam-ediyor\/","title":{"rendered":"\u0130\u015fitme Engelliler Voleybol \u015eampiyonas\u0131, Karab\u00fck&#8217;te devam ediyor"},"content":{"rendered":"<p>  &#8211; T\u00fcrkiye \u0130\u015fitme Engelliler Milli Tak\u0131m Antren\u00f6r\u00fc Osman \u00c7arkc\u0131:<br \/>\n  &#8211; &#8220;Bu t\u00fcr \u015fampiyonalarda oyuncu se\u00e7mek \u00e7ok \u00f6nemli&#8221;   <\/p>\n<p> Gen\u00e7lik ve Spor Bakanl\u0131\u011f\u0131 ile T\u00fcrkiye Voleybol Federasyonu (TVF) i\u015f birli\u011finde d\u00fczenlenen \u0130\u015fitme Engelliler Voleybol K\u0131z-Erkek T\u00fcrkiye \u015eampiyonas\u0131 devam ediyor. T\u00fcrkiye \u0130\u015fitme Engelliler Milli Tak\u0131mlar Antren\u00f6r\u00fc Osman \u00c7arkc\u0131, bu t\u00fcr \u015fampiyonalar\u0131n milli tak\u0131ma oyuncu se\u00e7mek i\u00e7in \u00e7ok \u00f6nemli oldu\u011funu belirtti.<br \/>\n  Karab\u00fck&#8217;te 21-27 Nisan tarihleri aras\u0131nda d\u00fczenlenen \u0130\u015fitme Engelliler Voleybol K\u0131z-Erkek T\u00fcrkiye \u015eampiyonas\u0131\u2019nda heyecan devam ediyor. Kad\u0131nlar kategorisinde 10, erkeklerde ise 6 tak\u0131m yer al\u0131rken, kar\u015f\u0131la\u015fmalar Yeni\u015fehir Merkez Spor Salonu ve Yenimahalle Kapal\u0131 Spor Salonu&#8217;nda oynan\u0131yor.<br \/>\n  T\u00fcrkiye \u0130\u015fitme Engelliler Milli Tak\u0131mlar Antren\u00f6r\u00fc Osman \u00c7arkc\u0131, Milli Tak\u0131m Terc\u00fcman\u0131 olan ve Ordu Aile ve Sosyal Hizmetler \u0130l M\u00fcd\u00fcrl\u00fc\u011f\u00fc&#8217;nde T\u00fcrk \u0130\u015faret Dili Terc\u00fcman\u0131 olarak g\u00f6rev yapan Umut Tufan&#8217;\u0131n terc\u00fcmesiyle a\u00e7\u0131klamalarda bulundu. <\/p>\n<p>  Osman \u00c7arkc\u0131: &#8220;Karab\u00fck&#8217;teki b\u00fct\u00fcn kurumlar, her zaman yard\u0131mc\u0131 olup, ilgi g\u00f6steriyorlar&#8221;<br \/>\n  Antren\u00f6r Osman \u00c7arkc\u0131, Karab\u00fck&#8217;\u00fcn turnuvalar i\u00e7in g\u00fczel bir \u015fehir oldu\u011funu s\u00f6yleyerek, &#8220;Karab\u00fck ile ilgili d\u00fc\u015f\u00fcncelerimiz \u00e7ok a\u00e7\u0131k. Biz burada Avrupa \u015eampiyonas\u0131 yapt\u0131k. Her sene T\u00fcrkiye \u015eampiyonas\u0131 yap\u0131yoruz. Karab\u00fck&#8217;teki b\u00fct\u00fcn kurumlar, bas\u0131n, sporseverler her zaman yard\u0131mc\u0131 olup, ilgi g\u00f6steriyorlar. Kalaca\u011f\u0131m\u0131z yerler ve di\u011fer her \u015fey i\u00e7in Gen\u00e7lik ve Spor \u0130l M\u00fcd\u00fcrl\u00fc\u011f\u00fc bize bu konuda \u00e7ok yard\u0131mc\u0131 oluyor. Co\u015fkun Bey&#8217;e de buradan te\u015fekk\u00fcr ediyorum&#8221; ifadelerini kulland\u0131. <\/p>\n<p>  &#8220;Buras\u0131 milli tak\u0131m oyuncusu se\u00e7mek a\u00e7\u0131s\u0131ndan \u00e7ok \u00f6nemli&#8221;<br \/>\n  \u0130\u015fitme engelliler i\u00e7in sporun ve b\u00f6yle organizasyonlar\u0131n \u00e7ok b\u00fcy\u00fck bir \u00f6nemi oldu\u011funa de\u011finen \u00c7arkc\u0131, onlar\u0131 bir araya getirmenin sosyal bir proje gibi oldu\u011funu ve onlar\u0131 bir arada tutman\u0131n \u00e7ok \u00f6nemli oldu\u011funu aktard\u0131. Osman \u00c7arkc\u0131, oyuncu se\u00e7meleriyle ilgili ise, &#8220;B\u00fct\u00fcn milli tak\u0131m antren\u00f6rlerimiz burada. B\u00fct\u00fcn ma\u00e7lar izleniyor. Altyap\u0131 olu\u015fturmak amac\u0131yla gen\u00e7 oyunculara daha \u00e7ok bak\u0131yoruz. Buras\u0131 da bizim i\u00e7in g\u00f6rsel a\u00e7\u0131dan, milli tak\u0131m oyuncusu se\u00e7mek a\u00e7\u0131s\u0131ndan \u00e7ok \u00f6nemli. \u015eu ana kadar en az 10 yeni oyuncu g\u00f6z\u00fcm\u00fcze ili\u015fti. \u0130leride g\u00fczel i\u015fler yapabilirler. \u0130n\u015fallah bu \u015fekilde altyap\u0131m\u0131z\u0131 daha da g\u00fc\u00e7lendirece\u011fiz &#8221; dedi.<br \/>\n  \u0130\u015fitme engelliler voleybol camias\u0131n\u0131n Gen\u00e7lik ve Spor&#8217;un ald\u0131\u011f\u0131 bir kararla i\u015fitme Engelliler Federasyonu&#8217;ndan, TVF \u00e7at\u0131s\u0131 alt\u0131na ge\u00e7tiklerini vurgulayarak, &#8220;Bu d\u00fcnyada yap\u0131lan bir uygulama. Hemen hemen t\u00fcm d\u00fcnyada, bran\u015flar hep ana bran\u015flar\u0131n alt\u0131na veriliyor. Ben ba\u015fta Gen\u00e7lik ve Spor Bakanl\u0131\u011f\u0131 olmak \u00fczere; T\u00fcrkiye Voleybol Federasyonu&#8217;na, \u0130\u015fitme Engelliler Federasyonu&#8217;na katk\u0131lar\u0131ndan dolay\u0131, te\u015fekk\u00fcr ediyorum&#8221; \u015feklinde konu\u015ftu.<br \/>\n  \u015eampiyonan\u0131n \u015fampiyonluk ve \u00fc\u00e7\u00fcnc\u00fcl\u00fck ma\u00e7lar\u0131 27 Nisan Pazar g\u00fcn\u00fc Yenimahalle Kapal\u0131 Spor Salonu&#8217;nda oynanacak. <\/p>\n<p>23.04.2025                    <\/p>\n","protected":false},"excerpt":{"rendered":"<p>&#8211; T\u00fcrkiye \u0130\u015fitme Engelliler Milli Tak\u0131m Antren\u00f6r\u00fc Osman \u00c7arkc\u0131: &#8211; &#8220;Bu t\u00fcr \u015fampiyonalarda oyuncu se\u00e7mek \u00e7ok \u00f6nemli&#8221; Gen\u00e7lik ve Spor Bakanl\u0131\u011f\u0131 ile T\u00fcrkiye Voleybol Federasyonu (TVF) i\u015f birli\u011finde d\u00fczenlenen \u0130\u015fitme Engelliler Voleybol K\u0131z-Erkek T\u00fcrkiye \u015eampiyonas\u0131 devam ediyor. T\u00fcrkiye \u0130\u015fitme Engelliler Milli Tak\u0131mlar Antren\u00f6r\u00fc Osman \u00c7arkc\u0131, bu t\u00fcr \u015fampiyonalar\u0131n milli tak\u0131ma oyuncu se\u00e7mek i\u00e7in \u00e7ok \u00f6nemli [&hellip;]<\/p>\n","protected":false},"author":1,"featured_media":5877,"comment_status":"open","ping_status":"open","sticky":false,"template":"","format":"standard","meta":{"footnotes":""},"categories":[57],"tags":[],"class_list":["post-5876","post","type-post","status-publish","format-standard","has-post-thumbnail","hentry","category-spor"],"yoast_head":"<!-- This site is optimized with the Yoast SEO plugin v27.4 - https:\/\/yoast.com\/product\/yoast-seo-wordpress\/ -->\n<title>\u0130\u015fitme Engelliler Voleybol \u015eampiyonas\u0131, Karab\u00fck&#039;te devam ediyor - Memurun Sesi<\/title>\n<meta name=\"robots\" content=\"index, follow, max-snippet:-1, max-image-preview:large, max-video-preview:-1\" \/>\n<link rel=\"canonical\" href=\"https:\/\/memurunsesi.net\/index.php\/2025\/04\/23\/isitme-engelliler-voleybol-sampiyonasi-karabukte-devam-ediyor\/\" \/>\n<meta property=\"og:locale\" content=\"tr_TR\" \/>\n<meta property=\"og:type\" content=\"article\" \/>\n<meta property=\"og:title\" content=\"\u0130\u015fitme Engelliler Voleybol \u015eampiyonas\u0131, Karab\u00fck&#039;te devam ediyor - Memurun Sesi\" \/>\n<meta property=\"og:description\" content=\"&#8211; T\u00fcrkiye \u0130\u015fitme Engelliler Milli Tak\u0131m Antren\u00f6r\u00fc Osman \u00c7arkc\u0131: &#8211; &#8220;Bu t\u00fcr \u015fampiyonalarda oyuncu se\u00e7mek \u00e7ok \u00f6nemli&#8221; Gen\u00e7lik ve Spor Bakanl\u0131\u011f\u0131 ile T\u00fcrkiye Voleybol Federasyonu (TVF) i\u015f birli\u011finde d\u00fczenlenen \u0130\u015fitme Engelliler Voleybol K\u0131z-Erkek T\u00fcrkiye \u015eampiyonas\u0131 devam ediyor. T\u00fcrkiye \u0130\u015fitme Engelliler Milli Tak\u0131mlar Antren\u00f6r\u00fc Osman \u00c7arkc\u0131, bu t\u00fcr \u015fampiyonalar\u0131n milli tak\u0131ma oyuncu se\u00e7mek i\u00e7in \u00e7ok \u00f6nemli [&hellip;]\" \/>\n<meta property=\"og:url\" content=\"https:\/\/memurunsesi.net\/index.php\/2025\/04\/23\/isitme-engelliler-voleybol-sampiyonasi-karabukte-devam-ediyor\/\" \/>\n<meta property=\"og:site_name\" content=\"Memurun Sesi\" \/>\n<meta property=\"article:publisher\" content=\"https:\/\/www.facebook.com\/unipersen\/?locale=tr_TR\" \/>\n<meta property=\"article:published_time\" content=\"2025-04-23T08:41:04+00:00\" \/>\n<meta property=\"og:image\" content=\"https:\/\/memurunsesi.net\/wp-content\/uploads\/2025\/04\/AW439029_05-scaled.jpg\" \/>\n\t<meta property=\"og:image:width\" content=\"2560\" \/>\n\t<meta property=\"og:image:height\" content=\"1707\" \/>\n\t<meta property=\"og:image:type\" content=\"image\/jpeg\" \/>\n<meta name=\"author\" content=\"Memurun Sesi Haber Merkezi\" \/>\n<meta name=\"twitter:card\" content=\"summary_large_image\" \/>\n<meta name=\"twitter:creator\" content=\"@unipersen\" \/>\n<meta name=\"twitter:site\" content=\"@unipersen\" \/>\n<meta name=\"twitter:label1\" content=\"Yazan:\" \/>\n\t<meta name=\"twitter:data1\" content=\"Memurun Sesi Haber Merkezi\" \/>\n\t<meta name=\"twitter:label2\" content=\"Tahmini okuma s\u00fcresi\" \/>\n\t<meta name=\"twitter:data2\" content=\"1 dakika\" \/>\n<script type=\"application\/ld+json\" class=\"yoast-schema-graph\">{\"@context\":\"https:\\\/\\\/schema.org\",\"@graph\":[{\"@type\":\"Article\",\"@id\":\"https:\\\/\\\/memurunsesi.net\\\/index.php\\\/2025\\\/04\\\/23\\\/isitme-engelliler-voleybol-sampiyonasi-karabukte-devam-ediyor\\\/#article\",\"isPartOf\":{\"@id\":\"https:\\\/\\\/memurunsesi.net\\\/index.php\\\/2025\\\/04\\\/23\\\/isitme-engelliler-voleybol-sampiyonasi-karabukte-devam-ediyor\\\/\"},\"author\":{\"name\":\"Memurun Sesi Haber Merkezi\",\"@id\":\"https:\\\/\\\/memurunsesi.net\\\/#\\\/schema\\\/person\\\/f21c2d73b89f6ee1d80b0a1803e38587\"},\"headline\":\"\u0130\u015fitme Engelliler Voleybol \u015eampiyonas\u0131, Karab\u00fck&#8217;te devam ediyor\",\"datePublished\":\"2025-04-23T08:41:04+00:00\",\"mainEntityOfPage\":{\"@id\":\"https:\\\/\\\/memurunsesi.net\\\/index.php\\\/2025\\\/04\\\/23\\\/isitme-engelliler-voleybol-sampiyonasi-karabukte-devam-ediyor\\\/\"},\"wordCount\":531,\"commentCount\":0,\"publisher\":{\"@id\":\"https:\\\/\\\/memurunsesi.net\\\/#organization\"},\"image\":{\"@id\":\"https:\\\/\\\/memurunsesi.net\\\/index.php\\\/2025\\\/04\\\/23\\\/isitme-engelliler-voleybol-sampiyonasi-karabukte-devam-ediyor\\\/#primaryimage\"},\"thumbnailUrl\":\"https:\\\/\\\/memurunsesi.net\\\/wp-content\\\/uploads\\\/2025\\\/04\\\/AW439029_05-scaled.jpg\",\"articleSection\":[\"Spor\"],\"inLanguage\":\"tr\",\"potentialAction\":[{\"@type\":\"CommentAction\",\"name\":\"Comment\",\"target\":[\"https:\\\/\\\/memurunsesi.net\\\/index.php\\\/2025\\\/04\\\/23\\\/isitme-engelliler-voleybol-sampiyonasi-karabukte-devam-ediyor\\\/#respond\"]}]},{\"@type\":\"WebPage\",\"@id\":\"https:\\\/\\\/memurunsesi.net\\\/index.php\\\/2025\\\/04\\\/23\\\/isitme-engelliler-voleybol-sampiyonasi-karabukte-devam-ediyor\\\/\",\"url\":\"https:\\\/\\\/memurunsesi.net\\\/index.php\\\/2025\\\/04\\\/23\\\/isitme-engelliler-voleybol-sampiyonasi-karabukte-devam-ediyor\\\/\",\"name\":\"\u0130\u015fitme Engelliler Voleybol \u015eampiyonas\u0131, Karab\u00fck'te devam ediyor - Memurun Sesi\",\"isPartOf\":{\"@id\":\"https:\\\/\\\/memurunsesi.net\\\/#website\"},\"primaryImageOfPage\":{\"@id\":\"https:\\\/\\\/memurunsesi.net\\\/index.php\\\/2025\\\/04\\\/23\\\/isitme-engelliler-voleybol-sampiyonasi-karabukte-devam-ediyor\\\/#primaryimage\"},\"image\":{\"@id\":\"https:\\\/\\\/memurunsesi.net\\\/index.php\\\/2025\\\/04\\\/23\\\/isitme-engelliler-voleybol-sampiyonasi-karabukte-devam-ediyor\\\/#primaryimage\"},\"thumbnailUrl\":\"https:\\\/\\\/memurunsesi.net\\\/wp-content\\\/uploads\\\/2025\\\/04\\\/AW439029_05-scaled.jpg\",\"datePublished\":\"2025-04-23T08:41:04+00:00\",\"breadcrumb\":{\"@id\":\"https:\\\/\\\/memurunsesi.net\\\/index.php\\\/2025\\\/04\\\/23\\\/isitme-engelliler-voleybol-sampiyonasi-karabukte-devam-ediyor\\\/#breadcrumb\"},\"inLanguage\":\"tr\",\"potentialAction\":[{\"@type\":\"ReadAction\",\"target\":[\"https:\\\/\\\/memurunsesi.net\\\/index.php\\\/2025\\\/04\\\/23\\\/isitme-engelliler-voleybol-sampiyonasi-karabukte-devam-ediyor\\\/\"]}]},{\"@type\":\"ImageObject\",\"inLanguage\":\"tr\",\"@id\":\"https:\\\/\\\/memurunsesi.net\\\/index.php\\\/2025\\\/04\\\/23\\\/isitme-engelliler-voleybol-sampiyonasi-karabukte-devam-ediyor\\\/#primaryimage\",\"url\":\"https:\\\/\\\/memurunsesi.net\\\/wp-content\\\/uploads\\\/2025\\\/04\\\/AW439029_05-scaled.jpg\",\"contentUrl\":\"https:\\\/\\\/memurunsesi.net\\\/wp-content\\\/uploads\\\/2025\\\/04\\\/AW439029_05-scaled.jpg\",\"width\":2560,\"height\":1707,\"caption\":\"GEN\u00c7L\u0130K VE SPOR BAKANLI\u011eI \u0130LE T\u00dcRK\u0130YE VOLEYBOL FEDERASYONU (TVF) \u0130\u015e B\u0130RL\u0130\u011e\u0130NDE D\u00dcZENLENEN \u0130\u015e\u0130TME ENGELL\u0130LER VOLEYBOL KIZ-ERKEK T\u00dcRK\u0130YE \u015eAMP\u0130YONASI DEVAM ED\u0130YOR. (FAT\u0130H \u00dcNL\u00dc\\\/KARAB\u00dcK-\u0130HA) Gen\u00e7lik ve Spor Bakanl\u0131\u011f\u0131 ile T\u00fcrkiye Voleybol Federasyonu (TVF) i\u015f birli\u011finde d\u00fczenlenen \u0130\u015fitme Engelliler Voleybol K\u0131z-Erkek T\u00fcrkiye \u015eampiyonas\u0131 devam ediyor. T\u00fcrkiye \u0130\u015fitme Engelliler Milli Tak\u0131mlar Antren\u00f6r\u00fc Osman \u00c7arkc\u0131, bu t\u00fcr \u015fampiyonalar\u0131n milli tak\u0131ma oyuncu se\u00e7mek i\u00e7in \u00e7ok \u00f6nemli oldu\u011funu belirtti.\"},{\"@type\":\"BreadcrumbList\",\"@id\":\"https:\\\/\\\/memurunsesi.net\\\/index.php\\\/2025\\\/04\\\/23\\\/isitme-engelliler-voleybol-sampiyonasi-karabukte-devam-ediyor\\\/#breadcrumb\",\"itemListElement\":[{\"@type\":\"ListItem\",\"position\":1,\"name\":\"Anasayfa\",\"item\":\"https:\\\/\\\/memurunsesi.net\\\/\"},{\"@type\":\"ListItem\",\"position\":2,\"name\":\"\u0130\u015fitme Engelliler Voleybol \u015eampiyonas\u0131, Karab\u00fck&#8217;te devam ediyor\"}]},{\"@type\":\"WebSite\",\"@id\":\"https:\\\/\\\/memurunsesi.net\\\/#website\",\"url\":\"https:\\\/\\\/memurunsesi.net\\\/\",\"name\":\"Memurun Sesi\",\"description\":\"G\u00fcncel ve Do\u011fru Haber\",\"publisher\":{\"@id\":\"https:\\\/\\\/memurunsesi.net\\\/#organization\"},\"potentialAction\":[{\"@type\":\"SearchAction\",\"target\":{\"@type\":\"EntryPoint\",\"urlTemplate\":\"https:\\\/\\\/memurunsesi.net\\\/?s={search_term_string}\"},\"query-input\":{\"@type\":\"PropertyValueSpecification\",\"valueRequired\":true,\"valueName\":\"search_term_string\"}}],\"inLanguage\":\"tr\"},{\"@type\":\"Organization\",\"@id\":\"https:\\\/\\\/memurunsesi.net\\\/#organization\",\"name\":\"Memurun Sesi\",\"url\":\"https:\\\/\\\/memurunsesi.net\\\/\",\"logo\":{\"@type\":\"ImageObject\",\"inLanguage\":\"tr\",\"@id\":\"https:\\\/\\\/memurunsesi.net\\\/#\\\/schema\\\/logo\\\/image\\\/\",\"url\":\"https:\\\/\\\/memurunsesi.net\\\/wp-content\\\/uploads\\\/2025\\\/11\\\/cropped-MEMURUN-SESI.png\",\"contentUrl\":\"https:\\\/\\\/memurunsesi.net\\\/wp-content\\\/uploads\\\/2025\\\/11\\\/cropped-MEMURUN-SESI.png\",\"width\":238,\"height\":57,\"caption\":\"Memurun Sesi\"},\"image\":{\"@id\":\"https:\\\/\\\/memurunsesi.net\\\/#\\\/schema\\\/logo\\\/image\\\/\"},\"sameAs\":[\"https:\\\/\\\/www.facebook.com\\\/unipersen\\\/?locale=tr_TR\",\"https:\\\/\\\/x.com\\\/unipersen\"]},{\"@type\":\"Person\",\"@id\":\"https:\\\/\\\/memurunsesi.net\\\/#\\\/schema\\\/person\\\/f21c2d73b89f6ee1d80b0a1803e38587\",\"name\":\"Memurun Sesi Haber Merkezi\",\"image\":{\"@type\":\"ImageObject\",\"inLanguage\":\"tr\",\"@id\":\"https:\\\/\\\/secure.gravatar.com\\\/avatar\\\/6cf0505f452ee753f485014986fab09a434671d2b919ee76fc541025c5876a70?s=96&d=mm&r=g\",\"url\":\"https:\\\/\\\/secure.gravatar.com\\\/avatar\\\/6cf0505f452ee753f485014986fab09a434671d2b919ee76fc541025c5876a70?s=96&d=mm&r=g\",\"contentUrl\":\"https:\\\/\\\/secure.gravatar.com\\\/avatar\\\/6cf0505f452ee753f485014986fab09a434671d2b919ee76fc541025c5876a70?s=96&d=mm&r=g\",\"caption\":\"Memurun Sesi Haber Merkezi\"},\"sameAs\":[\"https:\\\/\\\/memurunsesi.net\"],\"url\":\"https:\\\/\\\/memurunsesi.net\\\/index.php\\\/author\\\/uniper\\\/\"}]}<\/script>\n<!-- \/ Yoast SEO plugin. -->","yoast_head_json":{"title":"\u0130\u015fitme Engelliler Voleybol \u015eampiyonas\u0131, Karab\u00fck'te devam ediyor - Memurun Sesi","robots":{"index":"index","follow":"follow","max-snippet":"max-snippet:-1","max-image-preview":"max-image-preview:large","max-video-preview":"max-video-preview:-1"},"canonical":"https:\/\/memurunsesi.net\/index.php\/2025\/04\/23\/isitme-engelliler-voleybol-sampiyonasi-karabukte-devam-ediyor\/","og_locale":"tr_TR","og_type":"article","og_title":"\u0130\u015fitme Engelliler Voleybol \u015eampiyonas\u0131, Karab\u00fck'te devam ediyor - Memurun Sesi","og_description":"&#8211; T\u00fcrkiye \u0130\u015fitme Engelliler Milli Tak\u0131m Antren\u00f6r\u00fc Osman \u00c7arkc\u0131: &#8211; &#8220;Bu t\u00fcr \u015fampiyonalarda oyuncu se\u00e7mek \u00e7ok \u00f6nemli&#8221; Gen\u00e7lik ve Spor Bakanl\u0131\u011f\u0131 ile T\u00fcrkiye Voleybol Federasyonu (TVF) i\u015f birli\u011finde d\u00fczenlenen \u0130\u015fitme Engelliler Voleybol K\u0131z-Erkek T\u00fcrkiye \u015eampiyonas\u0131 devam ediyor. T\u00fcrkiye \u0130\u015fitme Engelliler Milli Tak\u0131mlar Antren\u00f6r\u00fc Osman \u00c7arkc\u0131, bu t\u00fcr \u015fampiyonalar\u0131n milli tak\u0131ma oyuncu se\u00e7mek i\u00e7in \u00e7ok \u00f6nemli [&hellip;]","og_url":"https:\/\/memurunsesi.net\/index.php\/2025\/04\/23\/isitme-engelliler-voleybol-sampiyonasi-karabukte-devam-ediyor\/","og_site_name":"Memurun Sesi","article_publisher":"https:\/\/www.facebook.com\/unipersen\/?locale=tr_TR","article_published_time":"2025-04-23T08:41:04+00:00","og_image":[{"width":2560,"height":1707,"url":"https:\/\/memurunsesi.net\/wp-content\/uploads\/2025\/04\/AW439029_05-scaled.jpg","type":"image\/jpeg"}],"author":"Memurun Sesi Haber Merkezi","twitter_card":"summary_large_image","twitter_creator":"@unipersen","twitter_site":"@unipersen","twitter_misc":{"Yazan:":"Memurun Sesi Haber Merkezi","Tahmini okuma s\u00fcresi":"1 dakika"},"schema":{"@context":"https:\/\/schema.org","@graph":[{"@type":"Article","@id":"https:\/\/memurunsesi.net\/index.php\/2025\/04\/23\/isitme-engelliler-voleybol-sampiyonasi-karabukte-devam-ediyor\/#article","isPartOf":{"@id":"https:\/\/memurunsesi.net\/index.php\/2025\/04\/23\/isitme-engelliler-voleybol-sampiyonasi-karabukte-devam-ediyor\/"},"author":{"name":"Memurun Sesi Haber Merkezi","@id":"https:\/\/memurunsesi.net\/#\/schema\/person\/f21c2d73b89f6ee1d80b0a1803e38587"},"headline":"\u0130\u015fitme Engelliler Voleybol \u015eampiyonas\u0131, Karab\u00fck&#8217;te devam ediyor","datePublished":"2025-04-23T08:41:04+00:00","mainEntityOfPage":{"@id":"https:\/\/memurunsesi.net\/index.php\/2025\/04\/23\/isitme-engelliler-voleybol-sampiyonasi-karabukte-devam-ediyor\/"},"wordCount":531,"commentCount":0,"publisher":{"@id":"https:\/\/memurunsesi.net\/#organization"},"image":{"@id":"https:\/\/memurunsesi.net\/index.php\/2025\/04\/23\/isitme-engelliler-voleybol-sampiyonasi-karabukte-devam-ediyor\/#primaryimage"},"thumbnailUrl":"https:\/\/memurunsesi.net\/wp-content\/uploads\/2025\/04\/AW439029_05-scaled.jpg","articleSection":["Spor"],"inLanguage":"tr","potentialAction":[{"@type":"CommentAction","name":"Comment","target":["https:\/\/memurunsesi.net\/index.php\/2025\/04\/23\/isitme-engelliler-voleybol-sampiyonasi-karabukte-devam-ediyor\/#respond"]}]},{"@type":"WebPage","@id":"https:\/\/memurunsesi.net\/index.php\/2025\/04\/23\/isitme-engelliler-voleybol-sampiyonasi-karabukte-devam-ediyor\/","url":"https:\/\/memurunsesi.net\/index.php\/2025\/04\/23\/isitme-engelliler-voleybol-sampiyonasi-karabukte-devam-ediyor\/","name":"\u0130\u015fitme Engelliler Voleybol \u015eampiyonas\u0131, Karab\u00fck'te devam ediyor - Memurun Sesi","isPartOf":{"@id":"https:\/\/memurunsesi.net\/#website"},"primaryImageOfPage":{"@id":"https:\/\/memurunsesi.net\/index.php\/2025\/04\/23\/isitme-engelliler-voleybol-sampiyonasi-karabukte-devam-ediyor\/#primaryimage"},"image":{"@id":"https:\/\/memurunsesi.net\/index.php\/2025\/04\/23\/isitme-engelliler-voleybol-sampiyonasi-karabukte-devam-ediyor\/#primaryimage"},"thumbnailUrl":"https:\/\/memurunsesi.net\/wp-content\/uploads\/2025\/04\/AW439029_05-scaled.jpg","datePublished":"2025-04-23T08:41:04+00:00","breadcrumb":{"@id":"https:\/\/memurunsesi.net\/index.php\/2025\/04\/23\/isitme-engelliler-voleybol-sampiyonasi-karabukte-devam-ediyor\/#breadcrumb"},"inLanguage":"tr","potentialAction":[{"@type":"ReadAction","target":["https:\/\/memurunsesi.net\/index.php\/2025\/04\/23\/isitme-engelliler-voleybol-sampiyonasi-karabukte-devam-ediyor\/"]}]},{"@type":"ImageObject","inLanguage":"tr","@id":"https:\/\/memurunsesi.net\/index.php\/2025\/04\/23\/isitme-engelliler-voleybol-sampiyonasi-karabukte-devam-ediyor\/#primaryimage","url":"https:\/\/memurunsesi.net\/wp-content\/uploads\/2025\/04\/AW439029_05-scaled.jpg","contentUrl":"https:\/\/memurunsesi.net\/wp-content\/uploads\/2025\/04\/AW439029_05-scaled.jpg","width":2560,"height":1707,"caption":"GEN\u00c7L\u0130K VE SPOR BAKANLI\u011eI \u0130LE T\u00dcRK\u0130YE VOLEYBOL FEDERASYONU (TVF) \u0130\u015e B\u0130RL\u0130\u011e\u0130NDE D\u00dcZENLENEN \u0130\u015e\u0130TME ENGELL\u0130LER VOLEYBOL KIZ-ERKEK T\u00dcRK\u0130YE \u015eAMP\u0130YONASI DEVAM ED\u0130YOR. (FAT\u0130H \u00dcNL\u00dc\/KARAB\u00dcK-\u0130HA) Gen\u00e7lik ve Spor Bakanl\u0131\u011f\u0131 ile T\u00fcrkiye Voleybol Federasyonu (TVF) i\u015f birli\u011finde d\u00fczenlenen \u0130\u015fitme Engelliler Voleybol K\u0131z-Erkek T\u00fcrkiye \u015eampiyonas\u0131 devam ediyor. T\u00fcrkiye \u0130\u015fitme Engelliler Milli Tak\u0131mlar Antren\u00f6r\u00fc Osman \u00c7arkc\u0131, bu t\u00fcr \u015fampiyonalar\u0131n milli tak\u0131ma oyuncu se\u00e7mek i\u00e7in \u00e7ok \u00f6nemli oldu\u011funu belirtti."},{"@type":"BreadcrumbList","@id":"https:\/\/memurunsesi.net\/index.php\/2025\/04\/23\/isitme-engelliler-voleybol-sampiyonasi-karabukte-devam-ediyor\/#breadcrumb","itemListElement":[{"@type":"ListItem","position":1,"name":"Anasayfa","item":"https:\/\/memurunsesi.net\/"},{"@type":"ListItem","position":2,"name":"\u0130\u015fitme Engelliler Voleybol \u015eampiyonas\u0131, Karab\u00fck&#8217;te devam ediyor"}]},{"@type":"WebSite","@id":"https:\/\/memurunsesi.net\/#website","url":"https:\/\/memurunsesi.net\/","name":"Memurun Sesi","description":"G\u00fcncel ve Do\u011fru Haber","publisher":{"@id":"https:\/\/memurunsesi.net\/#organization"},"potentialAction":[{"@type":"SearchAction","target":{"@type":"EntryPoint","urlTemplate":"https:\/\/memurunsesi.net\/?s={search_term_string}"},"query-input":{"@type":"PropertyValueSpecification","valueRequired":true,"valueName":"search_term_string"}}],"inLanguage":"tr"},{"@type":"Organization","@id":"https:\/\/memurunsesi.net\/#organization","name":"Memurun Sesi","url":"https:\/\/memurunsesi.net\/","logo":{"@type":"ImageObject","inLanguage":"tr","@id":"https:\/\/memurunsesi.net\/#\/schema\/logo\/image\/","url":"https:\/\/memurunsesi.net\/wp-content\/uploads\/2025\/11\/cropped-MEMURUN-SESI.png","contentUrl":"https:\/\/memurunsesi.net\/wp-content\/uploads\/2025\/11\/cropped-MEMURUN-SESI.png","width":238,"height":57,"caption":"Memurun Sesi"},"image":{"@id":"https:\/\/memurunsesi.net\/#\/schema\/logo\/image\/"},"sameAs":["https:\/\/www.facebook.com\/unipersen\/?locale=tr_TR","https:\/\/x.com\/unipersen"]},{"@type":"Person","@id":"https:\/\/memurunsesi.net\/#\/schema\/person\/f21c2d73b89f6ee1d80b0a1803e38587","name":"Memurun Sesi Haber Merkezi","image":{"@type":"ImageObject","inLanguage":"tr","@id":"https:\/\/secure.gravatar.com\/avatar\/6cf0505f452ee753f485014986fab09a434671d2b919ee76fc541025c5876a70?s=96&d=mm&r=g","url":"https:\/\/secure.gravatar.com\/avatar\/6cf0505f452ee753f485014986fab09a434671d2b919ee76fc541025c5876a70?s=96&d=mm&r=g","contentUrl":"https:\/\/secure.gravatar.com\/avatar\/6cf0505f452ee753f485014986fab09a434671d2b919ee76fc541025c5876a70?s=96&d=mm&r=g","caption":"Memurun Sesi Haber Merkezi"},"sameAs":["https:\/\/memurunsesi.net"],"url":"https:\/\/memurunsesi.net\/index.php\/author\/uniper\/"}]}},"_links":{"self":[{"href":"https:\/\/memurunsesi.net\/index.php\/wp-json\/wp\/v2\/posts\/5876","targetHints":{"allow":["GET"]}}],"collection":[{"href":"https:\/\/memurunsesi.net\/index.php\/wp-json\/wp\/v2\/posts"}],"about":[{"href":"https:\/\/memurunsesi.net\/index.php\/wp-json\/wp\/v2\/types\/post"}],"author":[{"embeddable":true,"href":"https:\/\/memurunsesi.net\/index.php\/wp-json\/wp\/v2\/users\/1"}],"replies":[{"embeddable":true,"href":"https:\/\/memurunsesi.net\/index.php\/wp-json\/wp\/v2\/comments?post=5876"}],"version-history":[{"count":1,"href":"https:\/\/memurunsesi.net\/index.php\/wp-json\/wp\/v2\/posts\/5876\/revisions"}],"predecessor-version":[{"id":5878,"href":"https:\/\/memurunsesi.net\/index.php\/wp-json\/wp\/v2\/posts\/5876\/revisions\/5878"}],"wp:featuredmedia":[{"embeddable":true,"href":"https:\/\/memurunsesi.net\/index.php\/wp-json\/wp\/v2\/media\/5877"}],"wp:attachment":[{"href":"https:\/\/memurunsesi.net\/index.php\/wp-json\/wp\/v2\/media?parent=5876"}],"wp:term":[{"taxonomy":"category","embeddable":true,"href":"https:\/\/memurunsesi.net\/index.php\/wp-json\/wp\/v2\/categories?post=5876"},{"taxonomy":"post_tag","embeddable":true,"href":"https:\/\/memurunsesi.net\/index.php\/wp-json\/wp\/v2\/tags?post=5876"}],"curies":[{"name":"wp","href":"https:\/\/api.w.org\/{rel}","templated":true}]}}