{"id":5879,"date":"2025-04-24T08:23:37","date_gmt":"2025-04-24T05:23:37","guid":{"rendered":"https:\/\/memurunsesi.net\/?p=5879"},"modified":"2025-04-24T08:23:37","modified_gmt":"2025-04-24T05:23:37","slug":"adanada-kolu-iki-kaya-arasina-sikisan-vatandas-itfaiye-ekipleri-tarafindan-kurtarildi","status":"publish","type":"post","link":"https:\/\/memurunsesi.net\/index.php\/2025\/04\/24\/adanada-kolu-iki-kaya-arasina-sikisan-vatandas-itfaiye-ekipleri-tarafindan-kurtarildi\/","title":{"rendered":"Adana&#8217;da kolu iki kaya aras\u0131na s\u0131k\u0131\u015fan vatanda\u015f itfaiye ekipleri taraf\u0131ndan kurtar\u0131ld\u0131"},"content":{"rendered":"<p>   Adana&#8217;da kolu iki kaya aras\u0131na s\u0131k\u0131\u015fan vatanda\u015f itfaiye ekipleri taraf\u0131ndan kurtar\u0131ld\u0131. Kurtarma anlar\u0131 kameraya yans\u0131d\u0131.<br \/>\nEdinilen bilgiye g\u00f6re olay Karaisal\u0131 il\u00e7esinde meydana geldi. \u0130ddiaya g\u00f6re bir vatanda\u015f arkada\u015flar\u0131yla birlikte do\u011faya gezmeye \u00e7akt\u0131. \u015eah\u0131s suda g\u00f6rd\u00fc\u011f\u00fc bir \u015feyi almak i\u00e7in iki kaya aras\u0131na kolunu soktu. Ancak kolu kaya aras\u0131na s\u0131k\u0131\u015ft\u0131. Bunun \u00fczerine arkada\u015flar\u0131 112&#8217;yi arayarak bilgi verdi. \u0130hbar \u00fczerine olay yerine itfaiye ekipleri sevk edildi. Ekipler uzun u\u011fra\u015flar sonras\u0131 \u015fahs\u0131n iki kaya aras\u0131na s\u0131k\u0131\u015fan kolunu kurtard\u0131. \u015eah\u0131s daha sonra hastaneye kald\u0131r\u0131ld\u0131. <\/p>\n<p>24.04.2025                              <\/p>\n","protected":false},"excerpt":{"rendered":"<p>Adana&#8217;da kolu iki kaya aras\u0131na s\u0131k\u0131\u015fan vatanda\u015f itfaiye ekipleri taraf\u0131ndan kurtar\u0131ld\u0131. Kurtarma anlar\u0131 kameraya yans\u0131d\u0131. Edinilen bilgiye g\u00f6re olay Karaisal\u0131 il\u00e7esinde meydana geldi. \u0130ddiaya g\u00f6re bir vatanda\u015f arkada\u015flar\u0131yla birlikte do\u011faya gezmeye \u00e7akt\u0131. \u015eah\u0131s suda g\u00f6rd\u00fc\u011f\u00fc bir \u015feyi almak i\u00e7in iki kaya aras\u0131na kolunu soktu. Ancak kolu kaya aras\u0131na s\u0131k\u0131\u015ft\u0131. Bunun \u00fczerine arkada\u015flar\u0131 112&#8217;yi arayarak bilgi [&hellip;]<\/p>\n","protected":false},"author":1,"featured_media":0,"comment_status":"open","ping_status":"open","sticky":false,"template":"","format":"standard","meta":{"footnotes":""},"categories":[1],"tags":[],"class_list":["post-5879","post","type-post","status-publish","format-standard","hentry","category-genel"],"yoast_head":"<!-- This site is optimized with the Yoast SEO plugin v27.4 - https:\/\/yoast.com\/product\/yoast-seo-wordpress\/ -->\n<title>Adana&#039;da kolu iki kaya aras\u0131na s\u0131k\u0131\u015fan vatanda\u015f itfaiye ekipleri taraf\u0131ndan kurtar\u0131ld\u0131 - Memurun Sesi<\/title>\n<meta name=\"robots\" content=\"index, follow, max-snippet:-1, max-image-preview:large, max-video-preview:-1\" \/>\n<link rel=\"canonical\" href=\"https:\/\/memurunsesi.net\/index.php\/2025\/04\/24\/adanada-kolu-iki-kaya-arasina-sikisan-vatandas-itfaiye-ekipleri-tarafindan-kurtarildi\/\" \/>\n<meta property=\"og:locale\" content=\"tr_TR\" \/>\n<meta property=\"og:type\" content=\"article\" \/>\n<meta property=\"og:title\" content=\"Adana&#039;da kolu iki kaya aras\u0131na s\u0131k\u0131\u015fan vatanda\u015f itfaiye ekipleri taraf\u0131ndan kurtar\u0131ld\u0131 - Memurun Sesi\" \/>\n<meta property=\"og:description\" content=\"Adana&#8217;da kolu iki kaya aras\u0131na s\u0131k\u0131\u015fan vatanda\u015f itfaiye ekipleri taraf\u0131ndan kurtar\u0131ld\u0131. Kurtarma anlar\u0131 kameraya yans\u0131d\u0131. Edinilen bilgiye g\u00f6re olay Karaisal\u0131 il\u00e7esinde meydana geldi. \u0130ddiaya g\u00f6re bir vatanda\u015f arkada\u015flar\u0131yla birlikte do\u011faya gezmeye \u00e7akt\u0131. \u015eah\u0131s suda g\u00f6rd\u00fc\u011f\u00fc bir \u015feyi almak i\u00e7in iki kaya aras\u0131na kolunu soktu. Ancak kolu kaya aras\u0131na s\u0131k\u0131\u015ft\u0131. Bunun \u00fczerine arkada\u015flar\u0131 112&#8217;yi arayarak bilgi [&hellip;]\" \/>\n<meta property=\"og:url\" content=\"https:\/\/memurunsesi.net\/index.php\/2025\/04\/24\/adanada-kolu-iki-kaya-arasina-sikisan-vatandas-itfaiye-ekipleri-tarafindan-kurtarildi\/\" \/>\n<meta property=\"og:site_name\" content=\"Memurun Sesi\" \/>\n<meta property=\"article:publisher\" content=\"https:\/\/www.facebook.com\/unipersen\/?locale=tr_TR\" \/>\n<meta property=\"article:published_time\" content=\"2025-04-24T05:23:37+00:00\" \/>\n<meta name=\"author\" content=\"Memurun Sesi Haber Merkezi\" \/>\n<meta name=\"twitter:card\" content=\"summary_large_image\" \/>\n<meta name=\"twitter:creator\" content=\"@unipersen\" \/>\n<meta name=\"twitter:site\" content=\"@unipersen\" \/>\n<meta name=\"twitter:label1\" content=\"Yazan:\" \/>\n\t<meta name=\"twitter:data1\" content=\"Memurun Sesi Haber Merkezi\" \/>\n\t<meta name=\"twitter:label2\" content=\"Tahmini okuma s\u00fcresi\" \/>\n\t<meta name=\"twitter:data2\" content=\"1 dakika\" \/>\n<script type=\"application\/ld+json\" class=\"yoast-schema-graph\">{\"@context\":\"https:\\\/\\\/schema.org\",\"@graph\":[{\"@type\":\"Article\",\"@id\":\"https:\\\/\\\/memurunsesi.net\\\/index.php\\\/2025\\\/04\\\/24\\\/adanada-kolu-iki-kaya-arasina-sikisan-vatandas-itfaiye-ekipleri-tarafindan-kurtarildi\\\/#article\",\"isPartOf\":{\"@id\":\"https:\\\/\\\/memurunsesi.net\\\/index.php\\\/2025\\\/04\\\/24\\\/adanada-kolu-iki-kaya-arasina-sikisan-vatandas-itfaiye-ekipleri-tarafindan-kurtarildi\\\/\"},\"author\":{\"name\":\"Memurun Sesi Haber Merkezi\",\"@id\":\"https:\\\/\\\/memurunsesi.net\\\/#\\\/schema\\\/person\\\/f21c2d73b89f6ee1d80b0a1803e38587\"},\"headline\":\"Adana&#8217;da kolu iki kaya aras\u0131na s\u0131k\u0131\u015fan vatanda\u015f itfaiye ekipleri taraf\u0131ndan kurtar\u0131ld\u0131\",\"datePublished\":\"2025-04-24T05:23:37+00:00\",\"mainEntityOfPage\":{\"@id\":\"https:\\\/\\\/memurunsesi.net\\\/index.php\\\/2025\\\/04\\\/24\\\/adanada-kolu-iki-kaya-arasina-sikisan-vatandas-itfaiye-ekipleri-tarafindan-kurtarildi\\\/\"},\"wordCount\":127,\"commentCount\":0,\"publisher\":{\"@id\":\"https:\\\/\\\/memurunsesi.net\\\/#organization\"},\"inLanguage\":\"tr\",\"potentialAction\":[{\"@type\":\"CommentAction\",\"name\":\"Comment\",\"target\":[\"https:\\\/\\\/memurunsesi.net\\\/index.php\\\/2025\\\/04\\\/24\\\/adanada-kolu-iki-kaya-arasina-sikisan-vatandas-itfaiye-ekipleri-tarafindan-kurtarildi\\\/#respond\"]}]},{\"@type\":\"WebPage\",\"@id\":\"https:\\\/\\\/memurunsesi.net\\\/index.php\\\/2025\\\/04\\\/24\\\/adanada-kolu-iki-kaya-arasina-sikisan-vatandas-itfaiye-ekipleri-tarafindan-kurtarildi\\\/\",\"url\":\"https:\\\/\\\/memurunsesi.net\\\/index.php\\\/2025\\\/04\\\/24\\\/adanada-kolu-iki-kaya-arasina-sikisan-vatandas-itfaiye-ekipleri-tarafindan-kurtarildi\\\/\",\"name\":\"Adana'da kolu iki kaya aras\u0131na s\u0131k\u0131\u015fan vatanda\u015f itfaiye ekipleri taraf\u0131ndan kurtar\u0131ld\u0131 - Memurun Sesi\",\"isPartOf\":{\"@id\":\"https:\\\/\\\/memurunsesi.net\\\/#website\"},\"datePublished\":\"2025-04-24T05:23:37+00:00\",\"breadcrumb\":{\"@id\":\"https:\\\/\\\/memurunsesi.net\\\/index.php\\\/2025\\\/04\\\/24\\\/adanada-kolu-iki-kaya-arasina-sikisan-vatandas-itfaiye-ekipleri-tarafindan-kurtarildi\\\/#breadcrumb\"},\"inLanguage\":\"tr\",\"potentialAction\":[{\"@type\":\"ReadAction\",\"target\":[\"https:\\\/\\\/memurunsesi.net\\\/index.php\\\/2025\\\/04\\\/24\\\/adanada-kolu-iki-kaya-arasina-sikisan-vatandas-itfaiye-ekipleri-tarafindan-kurtarildi\\\/\"]}]},{\"@type\":\"BreadcrumbList\",\"@id\":\"https:\\\/\\\/memurunsesi.net\\\/index.php\\\/2025\\\/04\\\/24\\\/adanada-kolu-iki-kaya-arasina-sikisan-vatandas-itfaiye-ekipleri-tarafindan-kurtarildi\\\/#breadcrumb\",\"itemListElement\":[{\"@type\":\"ListItem\",\"position\":1,\"name\":\"Anasayfa\",\"item\":\"https:\\\/\\\/memurunsesi.net\\\/\"},{\"@type\":\"ListItem\",\"position\":2,\"name\":\"Adana&#8217;da kolu iki kaya aras\u0131na s\u0131k\u0131\u015fan vatanda\u015f itfaiye ekipleri taraf\u0131ndan kurtar\u0131ld\u0131\"}]},{\"@type\":\"WebSite\",\"@id\":\"https:\\\/\\\/memurunsesi.net\\\/#website\",\"url\":\"https:\\\/\\\/memurunsesi.net\\\/\",\"name\":\"Memurun Sesi\",\"description\":\"G\u00fcncel ve Do\u011fru Haber\",\"publisher\":{\"@id\":\"https:\\\/\\\/memurunsesi.net\\\/#organization\"},\"potentialAction\":[{\"@type\":\"SearchAction\",\"target\":{\"@type\":\"EntryPoint\",\"urlTemplate\":\"https:\\\/\\\/memurunsesi.net\\\/?s={search_term_string}\"},\"query-input\":{\"@type\":\"PropertyValueSpecification\",\"valueRequired\":true,\"valueName\":\"search_term_string\"}}],\"inLanguage\":\"tr\"},{\"@type\":\"Organization\",\"@id\":\"https:\\\/\\\/memurunsesi.net\\\/#organization\",\"name\":\"Memurun Sesi\",\"url\":\"https:\\\/\\\/memurunsesi.net\\\/\",\"logo\":{\"@type\":\"ImageObject\",\"inLanguage\":\"tr\",\"@id\":\"https:\\\/\\\/memurunsesi.net\\\/#\\\/schema\\\/logo\\\/image\\\/\",\"url\":\"https:\\\/\\\/memurunsesi.net\\\/wp-content\\\/uploads\\\/2025\\\/11\\\/cropped-MEMURUN-SESI.png\",\"contentUrl\":\"https:\\\/\\\/memurunsesi.net\\\/wp-content\\\/uploads\\\/2025\\\/11\\\/cropped-MEMURUN-SESI.png\",\"width\":238,\"height\":57,\"caption\":\"Memurun Sesi\"},\"image\":{\"@id\":\"https:\\\/\\\/memurunsesi.net\\\/#\\\/schema\\\/logo\\\/image\\\/\"},\"sameAs\":[\"https:\\\/\\\/www.facebook.com\\\/unipersen\\\/?locale=tr_TR\",\"https:\\\/\\\/x.com\\\/unipersen\"]},{\"@type\":\"Person\",\"@id\":\"https:\\\/\\\/memurunsesi.net\\\/#\\\/schema\\\/person\\\/f21c2d73b89f6ee1d80b0a1803e38587\",\"name\":\"Memurun Sesi Haber Merkezi\",\"image\":{\"@type\":\"ImageObject\",\"inLanguage\":\"tr\",\"@id\":\"https:\\\/\\\/secure.gravatar.com\\\/avatar\\\/6cf0505f452ee753f485014986fab09a434671d2b919ee76fc541025c5876a70?s=96&d=mm&r=g\",\"url\":\"https:\\\/\\\/secure.gravatar.com\\\/avatar\\\/6cf0505f452ee753f485014986fab09a434671d2b919ee76fc541025c5876a70?s=96&d=mm&r=g\",\"contentUrl\":\"https:\\\/\\\/secure.gravatar.com\\\/avatar\\\/6cf0505f452ee753f485014986fab09a434671d2b919ee76fc541025c5876a70?s=96&d=mm&r=g\",\"caption\":\"Memurun Sesi Haber Merkezi\"},\"sameAs\":[\"https:\\\/\\\/memurunsesi.net\"],\"url\":\"https:\\\/\\\/memurunsesi.net\\\/index.php\\\/author\\\/uniper\\\/\"}]}<\/script>\n<!-- \/ Yoast SEO plugin. -->","yoast_head_json":{"title":"Adana'da kolu iki kaya aras\u0131na s\u0131k\u0131\u015fan vatanda\u015f itfaiye ekipleri taraf\u0131ndan kurtar\u0131ld\u0131 - Memurun Sesi","robots":{"index":"index","follow":"follow","max-snippet":"max-snippet:-1","max-image-preview":"max-image-preview:large","max-video-preview":"max-video-preview:-1"},"canonical":"https:\/\/memurunsesi.net\/index.php\/2025\/04\/24\/adanada-kolu-iki-kaya-arasina-sikisan-vatandas-itfaiye-ekipleri-tarafindan-kurtarildi\/","og_locale":"tr_TR","og_type":"article","og_title":"Adana'da kolu iki kaya aras\u0131na s\u0131k\u0131\u015fan vatanda\u015f itfaiye ekipleri taraf\u0131ndan kurtar\u0131ld\u0131 - Memurun Sesi","og_description":"Adana&#8217;da kolu iki kaya aras\u0131na s\u0131k\u0131\u015fan vatanda\u015f itfaiye ekipleri taraf\u0131ndan kurtar\u0131ld\u0131. Kurtarma anlar\u0131 kameraya yans\u0131d\u0131. Edinilen bilgiye g\u00f6re olay Karaisal\u0131 il\u00e7esinde meydana geldi. \u0130ddiaya g\u00f6re bir vatanda\u015f arkada\u015flar\u0131yla birlikte do\u011faya gezmeye \u00e7akt\u0131. \u015eah\u0131s suda g\u00f6rd\u00fc\u011f\u00fc bir \u015feyi almak i\u00e7in iki kaya aras\u0131na kolunu soktu. Ancak kolu kaya aras\u0131na s\u0131k\u0131\u015ft\u0131. Bunun \u00fczerine arkada\u015flar\u0131 112&#8217;yi arayarak bilgi [&hellip;]","og_url":"https:\/\/memurunsesi.net\/index.php\/2025\/04\/24\/adanada-kolu-iki-kaya-arasina-sikisan-vatandas-itfaiye-ekipleri-tarafindan-kurtarildi\/","og_site_name":"Memurun Sesi","article_publisher":"https:\/\/www.facebook.com\/unipersen\/?locale=tr_TR","article_published_time":"2025-04-24T05:23:37+00:00","author":"Memurun Sesi Haber Merkezi","twitter_card":"summary_large_image","twitter_creator":"@unipersen","twitter_site":"@unipersen","twitter_misc":{"Yazan:":"Memurun Sesi Haber Merkezi","Tahmini okuma s\u00fcresi":"1 dakika"},"schema":{"@context":"https:\/\/schema.org","@graph":[{"@type":"Article","@id":"https:\/\/memurunsesi.net\/index.php\/2025\/04\/24\/adanada-kolu-iki-kaya-arasina-sikisan-vatandas-itfaiye-ekipleri-tarafindan-kurtarildi\/#article","isPartOf":{"@id":"https:\/\/memurunsesi.net\/index.php\/2025\/04\/24\/adanada-kolu-iki-kaya-arasina-sikisan-vatandas-itfaiye-ekipleri-tarafindan-kurtarildi\/"},"author":{"name":"Memurun Sesi Haber Merkezi","@id":"https:\/\/memurunsesi.net\/#\/schema\/person\/f21c2d73b89f6ee1d80b0a1803e38587"},"headline":"Adana&#8217;da kolu iki kaya aras\u0131na s\u0131k\u0131\u015fan vatanda\u015f itfaiye ekipleri taraf\u0131ndan kurtar\u0131ld\u0131","datePublished":"2025-04-24T05:23:37+00:00","mainEntityOfPage":{"@id":"https:\/\/memurunsesi.net\/index.php\/2025\/04\/24\/adanada-kolu-iki-kaya-arasina-sikisan-vatandas-itfaiye-ekipleri-tarafindan-kurtarildi\/"},"wordCount":127,"commentCount":0,"publisher":{"@id":"https:\/\/memurunsesi.net\/#organization"},"inLanguage":"tr","potentialAction":[{"@type":"CommentAction","name":"Comment","target":["https:\/\/memurunsesi.net\/index.php\/2025\/04\/24\/adanada-kolu-iki-kaya-arasina-sikisan-vatandas-itfaiye-ekipleri-tarafindan-kurtarildi\/#respond"]}]},{"@type":"WebPage","@id":"https:\/\/memurunsesi.net\/index.php\/2025\/04\/24\/adanada-kolu-iki-kaya-arasina-sikisan-vatandas-itfaiye-ekipleri-tarafindan-kurtarildi\/","url":"https:\/\/memurunsesi.net\/index.php\/2025\/04\/24\/adanada-kolu-iki-kaya-arasina-sikisan-vatandas-itfaiye-ekipleri-tarafindan-kurtarildi\/","name":"Adana'da kolu iki kaya aras\u0131na s\u0131k\u0131\u015fan vatanda\u015f itfaiye ekipleri taraf\u0131ndan kurtar\u0131ld\u0131 - Memurun Sesi","isPartOf":{"@id":"https:\/\/memurunsesi.net\/#website"},"datePublished":"2025-04-24T05:23:37+00:00","breadcrumb":{"@id":"https:\/\/memurunsesi.net\/index.php\/2025\/04\/24\/adanada-kolu-iki-kaya-arasina-sikisan-vatandas-itfaiye-ekipleri-tarafindan-kurtarildi\/#breadcrumb"},"inLanguage":"tr","potentialAction":[{"@type":"ReadAction","target":["https:\/\/memurunsesi.net\/index.php\/2025\/04\/24\/adanada-kolu-iki-kaya-arasina-sikisan-vatandas-itfaiye-ekipleri-tarafindan-kurtarildi\/"]}]},{"@type":"BreadcrumbList","@id":"https:\/\/memurunsesi.net\/index.php\/2025\/04\/24\/adanada-kolu-iki-kaya-arasina-sikisan-vatandas-itfaiye-ekipleri-tarafindan-kurtarildi\/#breadcrumb","itemListElement":[{"@type":"ListItem","position":1,"name":"Anasayfa","item":"https:\/\/memurunsesi.net\/"},{"@type":"ListItem","position":2,"name":"Adana&#8217;da kolu iki kaya aras\u0131na s\u0131k\u0131\u015fan vatanda\u015f itfaiye ekipleri taraf\u0131ndan kurtar\u0131ld\u0131"}]},{"@type":"WebSite","@id":"https:\/\/memurunsesi.net\/#website","url":"https:\/\/memurunsesi.net\/","name":"Memurun Sesi","description":"G\u00fcncel ve Do\u011fru Haber","publisher":{"@id":"https:\/\/memurunsesi.net\/#organization"},"potentialAction":[{"@type":"SearchAction","target":{"@type":"EntryPoint","urlTemplate":"https:\/\/memurunsesi.net\/?s={search_term_string}"},"query-input":{"@type":"PropertyValueSpecification","valueRequired":true,"valueName":"search_term_string"}}],"inLanguage":"tr"},{"@type":"Organization","@id":"https:\/\/memurunsesi.net\/#organization","name":"Memurun Sesi","url":"https:\/\/memurunsesi.net\/","logo":{"@type":"ImageObject","inLanguage":"tr","@id":"https:\/\/memurunsesi.net\/#\/schema\/logo\/image\/","url":"https:\/\/memurunsesi.net\/wp-content\/uploads\/2025\/11\/cropped-MEMURUN-SESI.png","contentUrl":"https:\/\/memurunsesi.net\/wp-content\/uploads\/2025\/11\/cropped-MEMURUN-SESI.png","width":238,"height":57,"caption":"Memurun Sesi"},"image":{"@id":"https:\/\/memurunsesi.net\/#\/schema\/logo\/image\/"},"sameAs":["https:\/\/www.facebook.com\/unipersen\/?locale=tr_TR","https:\/\/x.com\/unipersen"]},{"@type":"Person","@id":"https:\/\/memurunsesi.net\/#\/schema\/person\/f21c2d73b89f6ee1d80b0a1803e38587","name":"Memurun Sesi Haber Merkezi","image":{"@type":"ImageObject","inLanguage":"tr","@id":"https:\/\/secure.gravatar.com\/avatar\/6cf0505f452ee753f485014986fab09a434671d2b919ee76fc541025c5876a70?s=96&d=mm&r=g","url":"https:\/\/secure.gravatar.com\/avatar\/6cf0505f452ee753f485014986fab09a434671d2b919ee76fc541025c5876a70?s=96&d=mm&r=g","contentUrl":"https:\/\/secure.gravatar.com\/avatar\/6cf0505f452ee753f485014986fab09a434671d2b919ee76fc541025c5876a70?s=96&d=mm&r=g","caption":"Memurun Sesi Haber Merkezi"},"sameAs":["https:\/\/memurunsesi.net"],"url":"https:\/\/memurunsesi.net\/index.php\/author\/uniper\/"}]}},"_links":{"self":[{"href":"https:\/\/memurunsesi.net\/index.php\/wp-json\/wp\/v2\/posts\/5879","targetHints":{"allow":["GET"]}}],"collection":[{"href":"https:\/\/memurunsesi.net\/index.php\/wp-json\/wp\/v2\/posts"}],"about":[{"href":"https:\/\/memurunsesi.net\/index.php\/wp-json\/wp\/v2\/types\/post"}],"author":[{"embeddable":true,"href":"https:\/\/memurunsesi.net\/index.php\/wp-json\/wp\/v2\/users\/1"}],"replies":[{"embeddable":true,"href":"https:\/\/memurunsesi.net\/index.php\/wp-json\/wp\/v2\/comments?post=5879"}],"version-history":[{"count":1,"href":"https:\/\/memurunsesi.net\/index.php\/wp-json\/wp\/v2\/posts\/5879\/revisions"}],"predecessor-version":[{"id":5881,"href":"https:\/\/memurunsesi.net\/index.php\/wp-json\/wp\/v2\/posts\/5879\/revisions\/5881"}],"wp:attachment":[{"href":"https:\/\/memurunsesi.net\/index.php\/wp-json\/wp\/v2\/media?parent=5879"}],"wp:term":[{"taxonomy":"category","embeddable":true,"href":"https:\/\/memurunsesi.net\/index.php\/wp-json\/wp\/v2\/categories?post=5879"},{"taxonomy":"post_tag","embeddable":true,"href":"https:\/\/memurunsesi.net\/index.php\/wp-json\/wp\/v2\/tags?post=5879"}],"curies":[{"name":"wp","href":"https:\/\/api.w.org\/{rel}","templated":true}]}}