{"id":5882,"date":"2025-04-24T08:25:44","date_gmt":"2025-04-24T05:25:44","guid":{"rendered":"https:\/\/memurunsesi.net\/?p=5882"},"modified":"2025-04-24T08:25:44","modified_gmt":"2025-04-24T05:25:44","slug":"ayvalikta-seyir-halindeki-traktore-otomobil-arkadan-carpti-1-olu-2-yarali","status":"publish","type":"post","link":"https:\/\/memurunsesi.net\/index.php\/2025\/04\/24\/ayvalikta-seyir-halindeki-traktore-otomobil-arkadan-carpti-1-olu-2-yarali\/","title":{"rendered":"Ayval\u0131k\u2019ta seyir halindeki trakt\u00f6re otomobil arkadan \u00e7arpt\u0131: 1 \u00f6l\u00fc, 2 yaral\u0131"},"content":{"rendered":"<p> Bal\u0131kesir\u2019in Ayval\u0131k il\u00e7esinde; 22.00 saatlerinde E-87 karayolunda bir otomobilin, bir trakt\u00f6re \u00e7arpmas\u0131 sonucunda meydana gelen kazada 1 ki\u015fi hayat\u0131n\u0131 kaybetti, 2 ki\u015fi de yaraland\u0131.<br \/>\n  Edinilen bilgiye g\u00f6re; \u0130zmir ile \u00c7anakkale\u2019yi birbirine ba\u011flayan E-87 karayolunun Telli Kavak mevkiinde seyir halinde olan Nevzat \u00c7\u0131nar y\u00f6netimindeki 16 U 7661 plakal\u0131 trakt\u00f6re, Mustafa Hulki Kaya y\u00f6netimindeki 34 HB 9820 plakal\u0131 otomobil arkadan \u00e7arpt\u0131. Kazada trakt\u00f6rde bulunan Emine \u00c7\u0131nar olay yerinde hayat\u0131n\u0131 kaybederken, trakt\u00f6r s\u00fcr\u00fcc\u00fcs\u00fc olan e\u015fi Nevzat \u00c7\u0131nar ile otomobil s\u00fcr\u00fcc\u00fcs\u00fc Mustafa Hulki Kaya yaraland\u0131.<br \/>\n  Kazada yarananlar Ayval\u0131k \u0130tfaiye Grup Amirli\u011fi ekipleri taraf\u0131ndan olay yerine gelen ambulanslara teslim edilerek Ayval\u0131k Devlet Hastanesi\u2019ne kald\u0131r\u0131lmas\u0131 sa\u011fland\u0131.<br \/>\n  Kazaya kar\u0131\u015fan ara\u00e7lar \u00e7ekiciyle kald\u0131r\u0131l\u0131rken, kazayla ilgili soru\u015fturma ba\u015flat\u0131ld\u0131. Kazada hayat\u0131n\u0131 kaybeden Emine \u00c7\u0131nar\u2019\u0131n yak\u0131nlar\u0131 ac\u0131 haberi al\u0131nca sinir krizi ge\u00e7irdi.<br \/>\n  Kazayla ilgili soru\u015fturma s\u00fcr\u00fcyor. <\/p>\n<p>24.04.2025                              <\/p>\n","protected":false},"excerpt":{"rendered":"<p>Bal\u0131kesir\u2019in Ayval\u0131k il\u00e7esinde; 22.00 saatlerinde E-87 karayolunda bir otomobilin, bir trakt\u00f6re \u00e7arpmas\u0131 sonucunda meydana gelen kazada 1 ki\u015fi hayat\u0131n\u0131 kaybetti, 2 ki\u015fi de yaraland\u0131. Edinilen bilgiye g\u00f6re; \u0130zmir ile \u00c7anakkale\u2019yi birbirine ba\u011flayan E-87 karayolunun Telli Kavak mevkiinde seyir halinde olan Nevzat \u00c7\u0131nar y\u00f6netimindeki 16 U 7661 plakal\u0131 trakt\u00f6re, Mustafa Hulki Kaya y\u00f6netimindeki 34 HB 9820 [&hellip;]<\/p>\n","protected":false},"author":1,"featured_media":5883,"comment_status":"open","ping_status":"open","sticky":false,"template":"","format":"standard","meta":{"footnotes":""},"categories":[45],"tags":[],"class_list":["post-5882","post","type-post","status-publish","format-standard","has-post-thumbnail","hentry","category-gundem"],"yoast_head":"<!-- This site is optimized with the Yoast SEO plugin v27.4 - https:\/\/yoast.com\/product\/yoast-seo-wordpress\/ -->\n<title>Ayval\u0131k\u2019ta seyir halindeki trakt\u00f6re otomobil arkadan \u00e7arpt\u0131: 1 \u00f6l\u00fc, 2 yaral\u0131 - Memurun Sesi<\/title>\n<meta name=\"robots\" content=\"index, follow, max-snippet:-1, max-image-preview:large, max-video-preview:-1\" \/>\n<link rel=\"canonical\" href=\"https:\/\/memurunsesi.net\/index.php\/2025\/04\/24\/ayvalikta-seyir-halindeki-traktore-otomobil-arkadan-carpti-1-olu-2-yarali\/\" \/>\n<meta property=\"og:locale\" content=\"tr_TR\" \/>\n<meta property=\"og:type\" content=\"article\" \/>\n<meta property=\"og:title\" content=\"Ayval\u0131k\u2019ta seyir halindeki trakt\u00f6re otomobil arkadan \u00e7arpt\u0131: 1 \u00f6l\u00fc, 2 yaral\u0131 - Memurun Sesi\" \/>\n<meta property=\"og:description\" content=\"Bal\u0131kesir\u2019in Ayval\u0131k il\u00e7esinde; 22.00 saatlerinde E-87 karayolunda bir otomobilin, bir trakt\u00f6re \u00e7arpmas\u0131 sonucunda meydana gelen kazada 1 ki\u015fi hayat\u0131n\u0131 kaybetti, 2 ki\u015fi de yaraland\u0131. Edinilen bilgiye g\u00f6re; \u0130zmir ile \u00c7anakkale\u2019yi birbirine ba\u011flayan E-87 karayolunun Telli Kavak mevkiinde seyir halinde olan Nevzat \u00c7\u0131nar y\u00f6netimindeki 16 U 7661 plakal\u0131 trakt\u00f6re, Mustafa Hulki Kaya y\u00f6netimindeki 34 HB 9820 [&hellip;]\" \/>\n<meta property=\"og:url\" content=\"https:\/\/memurunsesi.net\/index.php\/2025\/04\/24\/ayvalikta-seyir-halindeki-traktore-otomobil-arkadan-carpti-1-olu-2-yarali\/\" \/>\n<meta property=\"og:site_name\" content=\"Memurun Sesi\" \/>\n<meta property=\"article:publisher\" content=\"https:\/\/www.facebook.com\/unipersen\/?locale=tr_TR\" \/>\n<meta property=\"article:published_time\" content=\"2025-04-24T05:25:44+00:00\" \/>\n<meta property=\"og:image\" content=\"https:\/\/memurunsesi.net\/wp-content\/uploads\/2025\/04\/AW439739_01.jpg\" \/>\n\t<meta property=\"og:image:width\" content=\"1600\" \/>\n\t<meta property=\"og:image:height\" content=\"1200\" \/>\n\t<meta property=\"og:image:type\" content=\"image\/jpeg\" \/>\n<meta name=\"author\" content=\"Memurun Sesi Haber Merkezi\" \/>\n<meta name=\"twitter:card\" content=\"summary_large_image\" \/>\n<meta name=\"twitter:creator\" content=\"@unipersen\" \/>\n<meta name=\"twitter:site\" content=\"@unipersen\" \/>\n<meta name=\"twitter:label1\" content=\"Yazan:\" \/>\n\t<meta name=\"twitter:data1\" content=\"Memurun Sesi Haber Merkezi\" \/>\n\t<meta name=\"twitter:label2\" content=\"Tahmini okuma s\u00fcresi\" \/>\n\t<meta name=\"twitter:data2\" content=\"1 dakika\" \/>\n<script type=\"application\/ld+json\" class=\"yoast-schema-graph\">{\"@context\":\"https:\\\/\\\/schema.org\",\"@graph\":[{\"@type\":\"Article\",\"@id\":\"https:\\\/\\\/memurunsesi.net\\\/index.php\\\/2025\\\/04\\\/24\\\/ayvalikta-seyir-halindeki-traktore-otomobil-arkadan-carpti-1-olu-2-yarali\\\/#article\",\"isPartOf\":{\"@id\":\"https:\\\/\\\/memurunsesi.net\\\/index.php\\\/2025\\\/04\\\/24\\\/ayvalikta-seyir-halindeki-traktore-otomobil-arkadan-carpti-1-olu-2-yarali\\\/\"},\"author\":{\"name\":\"Memurun Sesi Haber Merkezi\",\"@id\":\"https:\\\/\\\/memurunsesi.net\\\/#\\\/schema\\\/person\\\/f21c2d73b89f6ee1d80b0a1803e38587\"},\"headline\":\"Ayval\u0131k\u2019ta seyir halindeki trakt\u00f6re otomobil arkadan \u00e7arpt\u0131: 1 \u00f6l\u00fc, 2 yaral\u0131\",\"datePublished\":\"2025-04-24T05:25:44+00:00\",\"mainEntityOfPage\":{\"@id\":\"https:\\\/\\\/memurunsesi.net\\\/index.php\\\/2025\\\/04\\\/24\\\/ayvalikta-seyir-halindeki-traktore-otomobil-arkadan-carpti-1-olu-2-yarali\\\/\"},\"wordCount\":178,\"commentCount\":0,\"publisher\":{\"@id\":\"https:\\\/\\\/memurunsesi.net\\\/#organization\"},\"image\":{\"@id\":\"https:\\\/\\\/memurunsesi.net\\\/index.php\\\/2025\\\/04\\\/24\\\/ayvalikta-seyir-halindeki-traktore-otomobil-arkadan-carpti-1-olu-2-yarali\\\/#primaryimage\"},\"thumbnailUrl\":\"https:\\\/\\\/memurunsesi.net\\\/wp-content\\\/uploads\\\/2025\\\/04\\\/AW439739_01.jpg\",\"articleSection\":[\"G\u00fcndem\"],\"inLanguage\":\"tr\",\"potentialAction\":[{\"@type\":\"CommentAction\",\"name\":\"Comment\",\"target\":[\"https:\\\/\\\/memurunsesi.net\\\/index.php\\\/2025\\\/04\\\/24\\\/ayvalikta-seyir-halindeki-traktore-otomobil-arkadan-carpti-1-olu-2-yarali\\\/#respond\"]}]},{\"@type\":\"WebPage\",\"@id\":\"https:\\\/\\\/memurunsesi.net\\\/index.php\\\/2025\\\/04\\\/24\\\/ayvalikta-seyir-halindeki-traktore-otomobil-arkadan-carpti-1-olu-2-yarali\\\/\",\"url\":\"https:\\\/\\\/memurunsesi.net\\\/index.php\\\/2025\\\/04\\\/24\\\/ayvalikta-seyir-halindeki-traktore-otomobil-arkadan-carpti-1-olu-2-yarali\\\/\",\"name\":\"Ayval\u0131k\u2019ta seyir halindeki trakt\u00f6re otomobil arkadan \u00e7arpt\u0131: 1 \u00f6l\u00fc, 2 yaral\u0131 - Memurun Sesi\",\"isPartOf\":{\"@id\":\"https:\\\/\\\/memurunsesi.net\\\/#website\"},\"primaryImageOfPage\":{\"@id\":\"https:\\\/\\\/memurunsesi.net\\\/index.php\\\/2025\\\/04\\\/24\\\/ayvalikta-seyir-halindeki-traktore-otomobil-arkadan-carpti-1-olu-2-yarali\\\/#primaryimage\"},\"image\":{\"@id\":\"https:\\\/\\\/memurunsesi.net\\\/index.php\\\/2025\\\/04\\\/24\\\/ayvalikta-seyir-halindeki-traktore-otomobil-arkadan-carpti-1-olu-2-yarali\\\/#primaryimage\"},\"thumbnailUrl\":\"https:\\\/\\\/memurunsesi.net\\\/wp-content\\\/uploads\\\/2025\\\/04\\\/AW439739_01.jpg\",\"datePublished\":\"2025-04-24T05:25:44+00:00\",\"breadcrumb\":{\"@id\":\"https:\\\/\\\/memurunsesi.net\\\/index.php\\\/2025\\\/04\\\/24\\\/ayvalikta-seyir-halindeki-traktore-otomobil-arkadan-carpti-1-olu-2-yarali\\\/#breadcrumb\"},\"inLanguage\":\"tr\",\"potentialAction\":[{\"@type\":\"ReadAction\",\"target\":[\"https:\\\/\\\/memurunsesi.net\\\/index.php\\\/2025\\\/04\\\/24\\\/ayvalikta-seyir-halindeki-traktore-otomobil-arkadan-carpti-1-olu-2-yarali\\\/\"]}]},{\"@type\":\"ImageObject\",\"inLanguage\":\"tr\",\"@id\":\"https:\\\/\\\/memurunsesi.net\\\/index.php\\\/2025\\\/04\\\/24\\\/ayvalikta-seyir-halindeki-traktore-otomobil-arkadan-carpti-1-olu-2-yarali\\\/#primaryimage\",\"url\":\"https:\\\/\\\/memurunsesi.net\\\/wp-content\\\/uploads\\\/2025\\\/04\\\/AW439739_01.jpg\",\"contentUrl\":\"https:\\\/\\\/memurunsesi.net\\\/wp-content\\\/uploads\\\/2025\\\/04\\\/AW439739_01.jpg\",\"width\":1600,\"height\":1200,\"caption\":\"AYVALIK'TA TRAF\u0130K KAZASI; 1 \u00d6L\u00dc, 2 YARALI (H\u00dcSEY\u0130N SUAT SAL\u011eIN\\\/BALIKES\u0130R-\u0130HA) Bal\u0131kesir'in Ayval\u0131k il\u00e7esinde; 22.00 saatlerinde E-87 karayolunda bir otomobilin, bir trakt\u00f6re \u00e7arpmas\u0131 sonucunda meydana gelen kazada 1 ki\u015fi hayat\u0131n\u0131 kaybetti, 2 ki\u015fi de yaraland\u0131.\"},{\"@type\":\"BreadcrumbList\",\"@id\":\"https:\\\/\\\/memurunsesi.net\\\/index.php\\\/2025\\\/04\\\/24\\\/ayvalikta-seyir-halindeki-traktore-otomobil-arkadan-carpti-1-olu-2-yarali\\\/#breadcrumb\",\"itemListElement\":[{\"@type\":\"ListItem\",\"position\":1,\"name\":\"Anasayfa\",\"item\":\"https:\\\/\\\/memurunsesi.net\\\/\"},{\"@type\":\"ListItem\",\"position\":2,\"name\":\"Ayval\u0131k\u2019ta seyir halindeki trakt\u00f6re otomobil arkadan \u00e7arpt\u0131: 1 \u00f6l\u00fc, 2 yaral\u0131\"}]},{\"@type\":\"WebSite\",\"@id\":\"https:\\\/\\\/memurunsesi.net\\\/#website\",\"url\":\"https:\\\/\\\/memurunsesi.net\\\/\",\"name\":\"Memurun Sesi\",\"description\":\"G\u00fcncel ve Do\u011fru Haber\",\"publisher\":{\"@id\":\"https:\\\/\\\/memurunsesi.net\\\/#organization\"},\"potentialAction\":[{\"@type\":\"SearchAction\",\"target\":{\"@type\":\"EntryPoint\",\"urlTemplate\":\"https:\\\/\\\/memurunsesi.net\\\/?s={search_term_string}\"},\"query-input\":{\"@type\":\"PropertyValueSpecification\",\"valueRequired\":true,\"valueName\":\"search_term_string\"}}],\"inLanguage\":\"tr\"},{\"@type\":\"Organization\",\"@id\":\"https:\\\/\\\/memurunsesi.net\\\/#organization\",\"name\":\"Memurun Sesi\",\"url\":\"https:\\\/\\\/memurunsesi.net\\\/\",\"logo\":{\"@type\":\"ImageObject\",\"inLanguage\":\"tr\",\"@id\":\"https:\\\/\\\/memurunsesi.net\\\/#\\\/schema\\\/logo\\\/image\\\/\",\"url\":\"https:\\\/\\\/memurunsesi.net\\\/wp-content\\\/uploads\\\/2025\\\/11\\\/cropped-MEMURUN-SESI.png\",\"contentUrl\":\"https:\\\/\\\/memurunsesi.net\\\/wp-content\\\/uploads\\\/2025\\\/11\\\/cropped-MEMURUN-SESI.png\",\"width\":238,\"height\":57,\"caption\":\"Memurun Sesi\"},\"image\":{\"@id\":\"https:\\\/\\\/memurunsesi.net\\\/#\\\/schema\\\/logo\\\/image\\\/\"},\"sameAs\":[\"https:\\\/\\\/www.facebook.com\\\/unipersen\\\/?locale=tr_TR\",\"https:\\\/\\\/x.com\\\/unipersen\"]},{\"@type\":\"Person\",\"@id\":\"https:\\\/\\\/memurunsesi.net\\\/#\\\/schema\\\/person\\\/f21c2d73b89f6ee1d80b0a1803e38587\",\"name\":\"Memurun Sesi Haber Merkezi\",\"image\":{\"@type\":\"ImageObject\",\"inLanguage\":\"tr\",\"@id\":\"https:\\\/\\\/secure.gravatar.com\\\/avatar\\\/6cf0505f452ee753f485014986fab09a434671d2b919ee76fc541025c5876a70?s=96&d=mm&r=g\",\"url\":\"https:\\\/\\\/secure.gravatar.com\\\/avatar\\\/6cf0505f452ee753f485014986fab09a434671d2b919ee76fc541025c5876a70?s=96&d=mm&r=g\",\"contentUrl\":\"https:\\\/\\\/secure.gravatar.com\\\/avatar\\\/6cf0505f452ee753f485014986fab09a434671d2b919ee76fc541025c5876a70?s=96&d=mm&r=g\",\"caption\":\"Memurun Sesi Haber Merkezi\"},\"sameAs\":[\"https:\\\/\\\/memurunsesi.net\"],\"url\":\"https:\\\/\\\/memurunsesi.net\\\/index.php\\\/author\\\/uniper\\\/\"}]}<\/script>\n<!-- \/ Yoast SEO plugin. -->","yoast_head_json":{"title":"Ayval\u0131k\u2019ta seyir halindeki trakt\u00f6re otomobil arkadan \u00e7arpt\u0131: 1 \u00f6l\u00fc, 2 yaral\u0131 - Memurun Sesi","robots":{"index":"index","follow":"follow","max-snippet":"max-snippet:-1","max-image-preview":"max-image-preview:large","max-video-preview":"max-video-preview:-1"},"canonical":"https:\/\/memurunsesi.net\/index.php\/2025\/04\/24\/ayvalikta-seyir-halindeki-traktore-otomobil-arkadan-carpti-1-olu-2-yarali\/","og_locale":"tr_TR","og_type":"article","og_title":"Ayval\u0131k\u2019ta seyir halindeki trakt\u00f6re otomobil arkadan \u00e7arpt\u0131: 1 \u00f6l\u00fc, 2 yaral\u0131 - Memurun Sesi","og_description":"Bal\u0131kesir\u2019in Ayval\u0131k il\u00e7esinde; 22.00 saatlerinde E-87 karayolunda bir otomobilin, bir trakt\u00f6re \u00e7arpmas\u0131 sonucunda meydana gelen kazada 1 ki\u015fi hayat\u0131n\u0131 kaybetti, 2 ki\u015fi de yaraland\u0131. Edinilen bilgiye g\u00f6re; \u0130zmir ile \u00c7anakkale\u2019yi birbirine ba\u011flayan E-87 karayolunun Telli Kavak mevkiinde seyir halinde olan Nevzat \u00c7\u0131nar y\u00f6netimindeki 16 U 7661 plakal\u0131 trakt\u00f6re, Mustafa Hulki Kaya y\u00f6netimindeki 34 HB 9820 [&hellip;]","og_url":"https:\/\/memurunsesi.net\/index.php\/2025\/04\/24\/ayvalikta-seyir-halindeki-traktore-otomobil-arkadan-carpti-1-olu-2-yarali\/","og_site_name":"Memurun Sesi","article_publisher":"https:\/\/www.facebook.com\/unipersen\/?locale=tr_TR","article_published_time":"2025-04-24T05:25:44+00:00","og_image":[{"width":1600,"height":1200,"url":"https:\/\/memurunsesi.net\/wp-content\/uploads\/2025\/04\/AW439739_01.jpg","type":"image\/jpeg"}],"author":"Memurun Sesi Haber Merkezi","twitter_card":"summary_large_image","twitter_creator":"@unipersen","twitter_site":"@unipersen","twitter_misc":{"Yazan:":"Memurun Sesi Haber Merkezi","Tahmini okuma s\u00fcresi":"1 dakika"},"schema":{"@context":"https:\/\/schema.org","@graph":[{"@type":"Article","@id":"https:\/\/memurunsesi.net\/index.php\/2025\/04\/24\/ayvalikta-seyir-halindeki-traktore-otomobil-arkadan-carpti-1-olu-2-yarali\/#article","isPartOf":{"@id":"https:\/\/memurunsesi.net\/index.php\/2025\/04\/24\/ayvalikta-seyir-halindeki-traktore-otomobil-arkadan-carpti-1-olu-2-yarali\/"},"author":{"name":"Memurun Sesi Haber Merkezi","@id":"https:\/\/memurunsesi.net\/#\/schema\/person\/f21c2d73b89f6ee1d80b0a1803e38587"},"headline":"Ayval\u0131k\u2019ta seyir halindeki trakt\u00f6re otomobil arkadan \u00e7arpt\u0131: 1 \u00f6l\u00fc, 2 yaral\u0131","datePublished":"2025-04-24T05:25:44+00:00","mainEntityOfPage":{"@id":"https:\/\/memurunsesi.net\/index.php\/2025\/04\/24\/ayvalikta-seyir-halindeki-traktore-otomobil-arkadan-carpti-1-olu-2-yarali\/"},"wordCount":178,"commentCount":0,"publisher":{"@id":"https:\/\/memurunsesi.net\/#organization"},"image":{"@id":"https:\/\/memurunsesi.net\/index.php\/2025\/04\/24\/ayvalikta-seyir-halindeki-traktore-otomobil-arkadan-carpti-1-olu-2-yarali\/#primaryimage"},"thumbnailUrl":"https:\/\/memurunsesi.net\/wp-content\/uploads\/2025\/04\/AW439739_01.jpg","articleSection":["G\u00fcndem"],"inLanguage":"tr","potentialAction":[{"@type":"CommentAction","name":"Comment","target":["https:\/\/memurunsesi.net\/index.php\/2025\/04\/24\/ayvalikta-seyir-halindeki-traktore-otomobil-arkadan-carpti-1-olu-2-yarali\/#respond"]}]},{"@type":"WebPage","@id":"https:\/\/memurunsesi.net\/index.php\/2025\/04\/24\/ayvalikta-seyir-halindeki-traktore-otomobil-arkadan-carpti-1-olu-2-yarali\/","url":"https:\/\/memurunsesi.net\/index.php\/2025\/04\/24\/ayvalikta-seyir-halindeki-traktore-otomobil-arkadan-carpti-1-olu-2-yarali\/","name":"Ayval\u0131k\u2019ta seyir halindeki trakt\u00f6re otomobil arkadan \u00e7arpt\u0131: 1 \u00f6l\u00fc, 2 yaral\u0131 - Memurun Sesi","isPartOf":{"@id":"https:\/\/memurunsesi.net\/#website"},"primaryImageOfPage":{"@id":"https:\/\/memurunsesi.net\/index.php\/2025\/04\/24\/ayvalikta-seyir-halindeki-traktore-otomobil-arkadan-carpti-1-olu-2-yarali\/#primaryimage"},"image":{"@id":"https:\/\/memurunsesi.net\/index.php\/2025\/04\/24\/ayvalikta-seyir-halindeki-traktore-otomobil-arkadan-carpti-1-olu-2-yarali\/#primaryimage"},"thumbnailUrl":"https:\/\/memurunsesi.net\/wp-content\/uploads\/2025\/04\/AW439739_01.jpg","datePublished":"2025-04-24T05:25:44+00:00","breadcrumb":{"@id":"https:\/\/memurunsesi.net\/index.php\/2025\/04\/24\/ayvalikta-seyir-halindeki-traktore-otomobil-arkadan-carpti-1-olu-2-yarali\/#breadcrumb"},"inLanguage":"tr","potentialAction":[{"@type":"ReadAction","target":["https:\/\/memurunsesi.net\/index.php\/2025\/04\/24\/ayvalikta-seyir-halindeki-traktore-otomobil-arkadan-carpti-1-olu-2-yarali\/"]}]},{"@type":"ImageObject","inLanguage":"tr","@id":"https:\/\/memurunsesi.net\/index.php\/2025\/04\/24\/ayvalikta-seyir-halindeki-traktore-otomobil-arkadan-carpti-1-olu-2-yarali\/#primaryimage","url":"https:\/\/memurunsesi.net\/wp-content\/uploads\/2025\/04\/AW439739_01.jpg","contentUrl":"https:\/\/memurunsesi.net\/wp-content\/uploads\/2025\/04\/AW439739_01.jpg","width":1600,"height":1200,"caption":"AYVALIK'TA TRAF\u0130K KAZASI; 1 \u00d6L\u00dc, 2 YARALI (H\u00dcSEY\u0130N SUAT SAL\u011eIN\/BALIKES\u0130R-\u0130HA) Bal\u0131kesir'in Ayval\u0131k il\u00e7esinde; 22.00 saatlerinde E-87 karayolunda bir otomobilin, bir trakt\u00f6re \u00e7arpmas\u0131 sonucunda meydana gelen kazada 1 ki\u015fi hayat\u0131n\u0131 kaybetti, 2 ki\u015fi de yaraland\u0131."},{"@type":"BreadcrumbList","@id":"https:\/\/memurunsesi.net\/index.php\/2025\/04\/24\/ayvalikta-seyir-halindeki-traktore-otomobil-arkadan-carpti-1-olu-2-yarali\/#breadcrumb","itemListElement":[{"@type":"ListItem","position":1,"name":"Anasayfa","item":"https:\/\/memurunsesi.net\/"},{"@type":"ListItem","position":2,"name":"Ayval\u0131k\u2019ta seyir halindeki trakt\u00f6re otomobil arkadan \u00e7arpt\u0131: 1 \u00f6l\u00fc, 2 yaral\u0131"}]},{"@type":"WebSite","@id":"https:\/\/memurunsesi.net\/#website","url":"https:\/\/memurunsesi.net\/","name":"Memurun Sesi","description":"G\u00fcncel ve Do\u011fru Haber","publisher":{"@id":"https:\/\/memurunsesi.net\/#organization"},"potentialAction":[{"@type":"SearchAction","target":{"@type":"EntryPoint","urlTemplate":"https:\/\/memurunsesi.net\/?s={search_term_string}"},"query-input":{"@type":"PropertyValueSpecification","valueRequired":true,"valueName":"search_term_string"}}],"inLanguage":"tr"},{"@type":"Organization","@id":"https:\/\/memurunsesi.net\/#organization","name":"Memurun Sesi","url":"https:\/\/memurunsesi.net\/","logo":{"@type":"ImageObject","inLanguage":"tr","@id":"https:\/\/memurunsesi.net\/#\/schema\/logo\/image\/","url":"https:\/\/memurunsesi.net\/wp-content\/uploads\/2025\/11\/cropped-MEMURUN-SESI.png","contentUrl":"https:\/\/memurunsesi.net\/wp-content\/uploads\/2025\/11\/cropped-MEMURUN-SESI.png","width":238,"height":57,"caption":"Memurun Sesi"},"image":{"@id":"https:\/\/memurunsesi.net\/#\/schema\/logo\/image\/"},"sameAs":["https:\/\/www.facebook.com\/unipersen\/?locale=tr_TR","https:\/\/x.com\/unipersen"]},{"@type":"Person","@id":"https:\/\/memurunsesi.net\/#\/schema\/person\/f21c2d73b89f6ee1d80b0a1803e38587","name":"Memurun Sesi Haber Merkezi","image":{"@type":"ImageObject","inLanguage":"tr","@id":"https:\/\/secure.gravatar.com\/avatar\/6cf0505f452ee753f485014986fab09a434671d2b919ee76fc541025c5876a70?s=96&d=mm&r=g","url":"https:\/\/secure.gravatar.com\/avatar\/6cf0505f452ee753f485014986fab09a434671d2b919ee76fc541025c5876a70?s=96&d=mm&r=g","contentUrl":"https:\/\/secure.gravatar.com\/avatar\/6cf0505f452ee753f485014986fab09a434671d2b919ee76fc541025c5876a70?s=96&d=mm&r=g","caption":"Memurun Sesi Haber Merkezi"},"sameAs":["https:\/\/memurunsesi.net"],"url":"https:\/\/memurunsesi.net\/index.php\/author\/uniper\/"}]}},"_links":{"self":[{"href":"https:\/\/memurunsesi.net\/index.php\/wp-json\/wp\/v2\/posts\/5882","targetHints":{"allow":["GET"]}}],"collection":[{"href":"https:\/\/memurunsesi.net\/index.php\/wp-json\/wp\/v2\/posts"}],"about":[{"href":"https:\/\/memurunsesi.net\/index.php\/wp-json\/wp\/v2\/types\/post"}],"author":[{"embeddable":true,"href":"https:\/\/memurunsesi.net\/index.php\/wp-json\/wp\/v2\/users\/1"}],"replies":[{"embeddable":true,"href":"https:\/\/memurunsesi.net\/index.php\/wp-json\/wp\/v2\/comments?post=5882"}],"version-history":[{"count":1,"href":"https:\/\/memurunsesi.net\/index.php\/wp-json\/wp\/v2\/posts\/5882\/revisions"}],"predecessor-version":[{"id":5884,"href":"https:\/\/memurunsesi.net\/index.php\/wp-json\/wp\/v2\/posts\/5882\/revisions\/5884"}],"wp:featuredmedia":[{"embeddable":true,"href":"https:\/\/memurunsesi.net\/index.php\/wp-json\/wp\/v2\/media\/5883"}],"wp:attachment":[{"href":"https:\/\/memurunsesi.net\/index.php\/wp-json\/wp\/v2\/media?parent=5882"}],"wp:term":[{"taxonomy":"category","embeddable":true,"href":"https:\/\/memurunsesi.net\/index.php\/wp-json\/wp\/v2\/categories?post=5882"},{"taxonomy":"post_tag","embeddable":true,"href":"https:\/\/memurunsesi.net\/index.php\/wp-json\/wp\/v2\/tags?post=5882"}],"curies":[{"name":"wp","href":"https:\/\/api.w.org\/{rel}","templated":true}]}}