{"id":5885,"date":"2025-04-24T08:27:11","date_gmt":"2025-04-24T05:27:11","guid":{"rendered":"https:\/\/memurunsesi.net\/?p=5885"},"modified":"2025-04-24T08:27:11","modified_gmt":"2025-04-24T05:27:11","slug":"istanbullular-yeni-gune-cadirlarda-uyandi","status":"publish","type":"post","link":"https:\/\/memurunsesi.net\/index.php\/2025\/04\/24\/istanbullular-yeni-gune-cadirlarda-uyandi\/","title":{"rendered":"\u0130stanbullular yeni g\u00fcne \u00e7ad\u0131rlarda uyand\u0131"},"content":{"rendered":"<p>\n   \u0130stanbul&#8217;da d\u00fcn ya\u015fanan depremlerin ard\u0131ndan geceyi parklara kurduklar\u0131 \u00e7ad\u0131rda ge\u00e7iren \u0130stanbullular, yeni g\u00fcne \u00e7ad\u0131rlar\u0131n i\u00e7inde uyand\u0131.<br \/>\n\u0130stanbul&#8217;da d\u00fcn ya\u015fanan 6.2 b\u00fcy\u00fckl\u00fc\u011f\u00fcndeki deprem b\u00fcy\u00fck korku ve pani\u011fe neden oldu. Depremin ard\u0131ndan a\u00e7\u0131k alanlara ve parklara ak\u0131n eden \u0130stanbul halk\u0131, geceyi de parklara kurduklar\u0131 \u00e7ad\u0131rlarda ge\u00e7irdi. So\u011fuk havan\u0131nda etkisiyle olduk\u00e7a zor bir gece ge\u00e7iren \u0130stanbullular, sabah\u0131n ilk \u0131\u015f\u0131klar\u0131n\u0131 da \u00e7ad\u0131rlar\u0131n i\u00e7inde kar\u015f\u0131lad\u0131lar. O adreslerden birisi de Kad\u0131k\u00f6y \u00d6zg\u00fcrl\u00fck Park\u0131 oldu. Kimi arkada\u015flar\u0131yla, kimi ailesi ile kimi de tek ba\u015f\u0131na \u00d6zg\u00fcrl\u00fck Park\u0131&#8217;na gelerek kurduklar\u0131 \u00e7ad\u0131rda yeni g\u00fcne uyand\u0131lar.<br \/>\n                                         <div style=\"width: 512px;\" class=\"wp-video\"><video class=\"wp-video-shortcode\" id=\"video-5885-1\" width=\"512\" height=\"288\" preload=\"metadata\" controls=\"controls\"><source type=\"video\/mp4\" src=\"https:\/\/memurunsesi.net\/wp-content\/uploads\/2025\/04\/14F4A8D1-38EE-4803-89C8-29C2F2C19869.mp4?_=1\" \/><a href=\"https:\/\/memurunsesi.net\/wp-content\/uploads\/2025\/04\/14F4A8D1-38EE-4803-89C8-29C2F2C19869.mp4\">https:\/\/memurunsesi.net\/wp-content\/uploads\/2025\/04\/14F4A8D1-38EE-4803-89C8-29C2F2C19869.mp4<\/a><\/video><\/div><\/p>\n","protected":false},"excerpt":{"rendered":"<p>\u0130stanbul&#8217;da d\u00fcn ya\u015fanan depremlerin ard\u0131ndan geceyi parklara kurduklar\u0131 \u00e7ad\u0131rda ge\u00e7iren \u0130stanbullular, yeni g\u00fcne \u00e7ad\u0131rlar\u0131n i\u00e7inde uyand\u0131. \u0130stanbul&#8217;da d\u00fcn ya\u015fanan 6.2 b\u00fcy\u00fckl\u00fc\u011f\u00fcndeki deprem b\u00fcy\u00fck korku ve pani\u011fe neden oldu. Depremin ard\u0131ndan a\u00e7\u0131k alanlara ve parklara ak\u0131n eden \u0130stanbul halk\u0131, geceyi de parklara kurduklar\u0131 \u00e7ad\u0131rlarda ge\u00e7irdi. So\u011fuk havan\u0131nda etkisiyle olduk\u00e7a zor bir gece ge\u00e7iren \u0130stanbullular, sabah\u0131n ilk [&hellip;]<\/p>\n","protected":false},"author":1,"featured_media":0,"comment_status":"open","ping_status":"open","sticky":false,"template":"","format":"standard","meta":{"footnotes":""},"categories":[1],"tags":[],"class_list":["post-5885","post","type-post","status-publish","format-standard","hentry","category-genel"],"yoast_head":"<!-- This site is optimized with the Yoast SEO plugin v27.4 - https:\/\/yoast.com\/product\/yoast-seo-wordpress\/ -->\n<title>\u0130stanbullular yeni g\u00fcne \u00e7ad\u0131rlarda uyand\u0131 - Memurun Sesi<\/title>\n<meta name=\"robots\" content=\"index, follow, max-snippet:-1, max-image-preview:large, max-video-preview:-1\" \/>\n<link rel=\"canonical\" href=\"https:\/\/memurunsesi.net\/index.php\/2025\/04\/24\/istanbullular-yeni-gune-cadirlarda-uyandi\/\" \/>\n<meta property=\"og:locale\" content=\"tr_TR\" \/>\n<meta property=\"og:type\" content=\"article\" \/>\n<meta property=\"og:title\" content=\"\u0130stanbullular yeni g\u00fcne \u00e7ad\u0131rlarda uyand\u0131 - Memurun Sesi\" \/>\n<meta property=\"og:description\" content=\"\u0130stanbul&#8217;da d\u00fcn ya\u015fanan depremlerin ard\u0131ndan geceyi parklara kurduklar\u0131 \u00e7ad\u0131rda ge\u00e7iren \u0130stanbullular, yeni g\u00fcne \u00e7ad\u0131rlar\u0131n i\u00e7inde uyand\u0131. \u0130stanbul&#8217;da d\u00fcn ya\u015fanan 6.2 b\u00fcy\u00fckl\u00fc\u011f\u00fcndeki deprem b\u00fcy\u00fck korku ve pani\u011fe neden oldu. Depremin ard\u0131ndan a\u00e7\u0131k alanlara ve parklara ak\u0131n eden \u0130stanbul halk\u0131, geceyi de parklara kurduklar\u0131 \u00e7ad\u0131rlarda ge\u00e7irdi. So\u011fuk havan\u0131nda etkisiyle olduk\u00e7a zor bir gece ge\u00e7iren \u0130stanbullular, sabah\u0131n ilk [&hellip;]\" \/>\n<meta property=\"og:url\" content=\"https:\/\/memurunsesi.net\/index.php\/2025\/04\/24\/istanbullular-yeni-gune-cadirlarda-uyandi\/\" \/>\n<meta property=\"og:site_name\" content=\"Memurun Sesi\" \/>\n<meta property=\"article:publisher\" content=\"https:\/\/www.facebook.com\/unipersen\/?locale=tr_TR\" \/>\n<meta property=\"article:published_time\" content=\"2025-04-24T05:27:11+00:00\" \/>\n<meta name=\"author\" content=\"Memurun Sesi Haber Merkezi\" \/>\n<meta name=\"twitter:card\" content=\"summary_large_image\" \/>\n<meta name=\"twitter:creator\" content=\"@unipersen\" \/>\n<meta name=\"twitter:site\" content=\"@unipersen\" \/>\n<meta name=\"twitter:label1\" content=\"Yazan:\" \/>\n\t<meta name=\"twitter:data1\" content=\"Memurun Sesi Haber Merkezi\" \/>\n<script type=\"application\/ld+json\" class=\"yoast-schema-graph\">{\"@context\":\"https:\\\/\\\/schema.org\",\"@graph\":[{\"@type\":\"Article\",\"@id\":\"https:\\\/\\\/memurunsesi.net\\\/index.php\\\/2025\\\/04\\\/24\\\/istanbullular-yeni-gune-cadirlarda-uyandi\\\/#article\",\"isPartOf\":{\"@id\":\"https:\\\/\\\/memurunsesi.net\\\/index.php\\\/2025\\\/04\\\/24\\\/istanbullular-yeni-gune-cadirlarda-uyandi\\\/\"},\"author\":{\"name\":\"Memurun Sesi Haber Merkezi\",\"@id\":\"https:\\\/\\\/memurunsesi.net\\\/#\\\/schema\\\/person\\\/f21c2d73b89f6ee1d80b0a1803e38587\"},\"headline\":\"\u0130stanbullular yeni g\u00fcne \u00e7ad\u0131rlarda uyand\u0131\",\"datePublished\":\"2025-04-24T05:27:11+00:00\",\"mainEntityOfPage\":{\"@id\":\"https:\\\/\\\/memurunsesi.net\\\/index.php\\\/2025\\\/04\\\/24\\\/istanbullular-yeni-gune-cadirlarda-uyandi\\\/\"},\"wordCount\":161,\"commentCount\":0,\"publisher\":{\"@id\":\"https:\\\/\\\/memurunsesi.net\\\/#organization\"},\"inLanguage\":\"tr\",\"potentialAction\":[{\"@type\":\"CommentAction\",\"name\":\"Comment\",\"target\":[\"https:\\\/\\\/memurunsesi.net\\\/index.php\\\/2025\\\/04\\\/24\\\/istanbullular-yeni-gune-cadirlarda-uyandi\\\/#respond\"]}]},{\"@type\":\"WebPage\",\"@id\":\"https:\\\/\\\/memurunsesi.net\\\/index.php\\\/2025\\\/04\\\/24\\\/istanbullular-yeni-gune-cadirlarda-uyandi\\\/\",\"url\":\"https:\\\/\\\/memurunsesi.net\\\/index.php\\\/2025\\\/04\\\/24\\\/istanbullular-yeni-gune-cadirlarda-uyandi\\\/\",\"name\":\"\u0130stanbullular yeni g\u00fcne \u00e7ad\u0131rlarda uyand\u0131 - Memurun Sesi\",\"isPartOf\":{\"@id\":\"https:\\\/\\\/memurunsesi.net\\\/#website\"},\"datePublished\":\"2025-04-24T05:27:11+00:00\",\"breadcrumb\":{\"@id\":\"https:\\\/\\\/memurunsesi.net\\\/index.php\\\/2025\\\/04\\\/24\\\/istanbullular-yeni-gune-cadirlarda-uyandi\\\/#breadcrumb\"},\"inLanguage\":\"tr\",\"potentialAction\":[{\"@type\":\"ReadAction\",\"target\":[\"https:\\\/\\\/memurunsesi.net\\\/index.php\\\/2025\\\/04\\\/24\\\/istanbullular-yeni-gune-cadirlarda-uyandi\\\/\"]}]},{\"@type\":\"BreadcrumbList\",\"@id\":\"https:\\\/\\\/memurunsesi.net\\\/index.php\\\/2025\\\/04\\\/24\\\/istanbullular-yeni-gune-cadirlarda-uyandi\\\/#breadcrumb\",\"itemListElement\":[{\"@type\":\"ListItem\",\"position\":1,\"name\":\"Anasayfa\",\"item\":\"https:\\\/\\\/memurunsesi.net\\\/\"},{\"@type\":\"ListItem\",\"position\":2,\"name\":\"\u0130stanbullular yeni g\u00fcne \u00e7ad\u0131rlarda uyand\u0131\"}]},{\"@type\":\"WebSite\",\"@id\":\"https:\\\/\\\/memurunsesi.net\\\/#website\",\"url\":\"https:\\\/\\\/memurunsesi.net\\\/\",\"name\":\"Memurun Sesi\",\"description\":\"G\u00fcncel ve Do\u011fru Haber\",\"publisher\":{\"@id\":\"https:\\\/\\\/memurunsesi.net\\\/#organization\"},\"potentialAction\":[{\"@type\":\"SearchAction\",\"target\":{\"@type\":\"EntryPoint\",\"urlTemplate\":\"https:\\\/\\\/memurunsesi.net\\\/?s={search_term_string}\"},\"query-input\":{\"@type\":\"PropertyValueSpecification\",\"valueRequired\":true,\"valueName\":\"search_term_string\"}}],\"inLanguage\":\"tr\"},{\"@type\":\"Organization\",\"@id\":\"https:\\\/\\\/memurunsesi.net\\\/#organization\",\"name\":\"Memurun Sesi\",\"url\":\"https:\\\/\\\/memurunsesi.net\\\/\",\"logo\":{\"@type\":\"ImageObject\",\"inLanguage\":\"tr\",\"@id\":\"https:\\\/\\\/memurunsesi.net\\\/#\\\/schema\\\/logo\\\/image\\\/\",\"url\":\"https:\\\/\\\/memurunsesi.net\\\/wp-content\\\/uploads\\\/2025\\\/11\\\/cropped-MEMURUN-SESI.png\",\"contentUrl\":\"https:\\\/\\\/memurunsesi.net\\\/wp-content\\\/uploads\\\/2025\\\/11\\\/cropped-MEMURUN-SESI.png\",\"width\":238,\"height\":57,\"caption\":\"Memurun Sesi\"},\"image\":{\"@id\":\"https:\\\/\\\/memurunsesi.net\\\/#\\\/schema\\\/logo\\\/image\\\/\"},\"sameAs\":[\"https:\\\/\\\/www.facebook.com\\\/unipersen\\\/?locale=tr_TR\",\"https:\\\/\\\/x.com\\\/unipersen\"]},{\"@type\":\"Person\",\"@id\":\"https:\\\/\\\/memurunsesi.net\\\/#\\\/schema\\\/person\\\/f21c2d73b89f6ee1d80b0a1803e38587\",\"name\":\"Memurun Sesi Haber Merkezi\",\"image\":{\"@type\":\"ImageObject\",\"inLanguage\":\"tr\",\"@id\":\"https:\\\/\\\/secure.gravatar.com\\\/avatar\\\/6cf0505f452ee753f485014986fab09a434671d2b919ee76fc541025c5876a70?s=96&d=mm&r=g\",\"url\":\"https:\\\/\\\/secure.gravatar.com\\\/avatar\\\/6cf0505f452ee753f485014986fab09a434671d2b919ee76fc541025c5876a70?s=96&d=mm&r=g\",\"contentUrl\":\"https:\\\/\\\/secure.gravatar.com\\\/avatar\\\/6cf0505f452ee753f485014986fab09a434671d2b919ee76fc541025c5876a70?s=96&d=mm&r=g\",\"caption\":\"Memurun Sesi Haber Merkezi\"},\"sameAs\":[\"https:\\\/\\\/memurunsesi.net\"],\"url\":\"https:\\\/\\\/memurunsesi.net\\\/index.php\\\/author\\\/uniper\\\/\"}]}<\/script>\n<!-- \/ Yoast SEO plugin. -->","yoast_head_json":{"title":"\u0130stanbullular yeni g\u00fcne \u00e7ad\u0131rlarda uyand\u0131 - Memurun Sesi","robots":{"index":"index","follow":"follow","max-snippet":"max-snippet:-1","max-image-preview":"max-image-preview:large","max-video-preview":"max-video-preview:-1"},"canonical":"https:\/\/memurunsesi.net\/index.php\/2025\/04\/24\/istanbullular-yeni-gune-cadirlarda-uyandi\/","og_locale":"tr_TR","og_type":"article","og_title":"\u0130stanbullular yeni g\u00fcne \u00e7ad\u0131rlarda uyand\u0131 - Memurun Sesi","og_description":"\u0130stanbul&#8217;da d\u00fcn ya\u015fanan depremlerin ard\u0131ndan geceyi parklara kurduklar\u0131 \u00e7ad\u0131rda ge\u00e7iren \u0130stanbullular, yeni g\u00fcne \u00e7ad\u0131rlar\u0131n i\u00e7inde uyand\u0131. \u0130stanbul&#8217;da d\u00fcn ya\u015fanan 6.2 b\u00fcy\u00fckl\u00fc\u011f\u00fcndeki deprem b\u00fcy\u00fck korku ve pani\u011fe neden oldu. Depremin ard\u0131ndan a\u00e7\u0131k alanlara ve parklara ak\u0131n eden \u0130stanbul halk\u0131, geceyi de parklara kurduklar\u0131 \u00e7ad\u0131rlarda ge\u00e7irdi. So\u011fuk havan\u0131nda etkisiyle olduk\u00e7a zor bir gece ge\u00e7iren \u0130stanbullular, sabah\u0131n ilk [&hellip;]","og_url":"https:\/\/memurunsesi.net\/index.php\/2025\/04\/24\/istanbullular-yeni-gune-cadirlarda-uyandi\/","og_site_name":"Memurun Sesi","article_publisher":"https:\/\/www.facebook.com\/unipersen\/?locale=tr_TR","article_published_time":"2025-04-24T05:27:11+00:00","author":"Memurun Sesi Haber Merkezi","twitter_card":"summary_large_image","twitter_creator":"@unipersen","twitter_site":"@unipersen","twitter_misc":{"Yazan:":"Memurun Sesi Haber Merkezi"},"schema":{"@context":"https:\/\/schema.org","@graph":[{"@type":"Article","@id":"https:\/\/memurunsesi.net\/index.php\/2025\/04\/24\/istanbullular-yeni-gune-cadirlarda-uyandi\/#article","isPartOf":{"@id":"https:\/\/memurunsesi.net\/index.php\/2025\/04\/24\/istanbullular-yeni-gune-cadirlarda-uyandi\/"},"author":{"name":"Memurun Sesi Haber Merkezi","@id":"https:\/\/memurunsesi.net\/#\/schema\/person\/f21c2d73b89f6ee1d80b0a1803e38587"},"headline":"\u0130stanbullular yeni g\u00fcne \u00e7ad\u0131rlarda uyand\u0131","datePublished":"2025-04-24T05:27:11+00:00","mainEntityOfPage":{"@id":"https:\/\/memurunsesi.net\/index.php\/2025\/04\/24\/istanbullular-yeni-gune-cadirlarda-uyandi\/"},"wordCount":161,"commentCount":0,"publisher":{"@id":"https:\/\/memurunsesi.net\/#organization"},"inLanguage":"tr","potentialAction":[{"@type":"CommentAction","name":"Comment","target":["https:\/\/memurunsesi.net\/index.php\/2025\/04\/24\/istanbullular-yeni-gune-cadirlarda-uyandi\/#respond"]}]},{"@type":"WebPage","@id":"https:\/\/memurunsesi.net\/index.php\/2025\/04\/24\/istanbullular-yeni-gune-cadirlarda-uyandi\/","url":"https:\/\/memurunsesi.net\/index.php\/2025\/04\/24\/istanbullular-yeni-gune-cadirlarda-uyandi\/","name":"\u0130stanbullular yeni g\u00fcne \u00e7ad\u0131rlarda uyand\u0131 - Memurun Sesi","isPartOf":{"@id":"https:\/\/memurunsesi.net\/#website"},"datePublished":"2025-04-24T05:27:11+00:00","breadcrumb":{"@id":"https:\/\/memurunsesi.net\/index.php\/2025\/04\/24\/istanbullular-yeni-gune-cadirlarda-uyandi\/#breadcrumb"},"inLanguage":"tr","potentialAction":[{"@type":"ReadAction","target":["https:\/\/memurunsesi.net\/index.php\/2025\/04\/24\/istanbullular-yeni-gune-cadirlarda-uyandi\/"]}]},{"@type":"BreadcrumbList","@id":"https:\/\/memurunsesi.net\/index.php\/2025\/04\/24\/istanbullular-yeni-gune-cadirlarda-uyandi\/#breadcrumb","itemListElement":[{"@type":"ListItem","position":1,"name":"Anasayfa","item":"https:\/\/memurunsesi.net\/"},{"@type":"ListItem","position":2,"name":"\u0130stanbullular yeni g\u00fcne \u00e7ad\u0131rlarda uyand\u0131"}]},{"@type":"WebSite","@id":"https:\/\/memurunsesi.net\/#website","url":"https:\/\/memurunsesi.net\/","name":"Memurun Sesi","description":"G\u00fcncel ve Do\u011fru Haber","publisher":{"@id":"https:\/\/memurunsesi.net\/#organization"},"potentialAction":[{"@type":"SearchAction","target":{"@type":"EntryPoint","urlTemplate":"https:\/\/memurunsesi.net\/?s={search_term_string}"},"query-input":{"@type":"PropertyValueSpecification","valueRequired":true,"valueName":"search_term_string"}}],"inLanguage":"tr"},{"@type":"Organization","@id":"https:\/\/memurunsesi.net\/#organization","name":"Memurun Sesi","url":"https:\/\/memurunsesi.net\/","logo":{"@type":"ImageObject","inLanguage":"tr","@id":"https:\/\/memurunsesi.net\/#\/schema\/logo\/image\/","url":"https:\/\/memurunsesi.net\/wp-content\/uploads\/2025\/11\/cropped-MEMURUN-SESI.png","contentUrl":"https:\/\/memurunsesi.net\/wp-content\/uploads\/2025\/11\/cropped-MEMURUN-SESI.png","width":238,"height":57,"caption":"Memurun Sesi"},"image":{"@id":"https:\/\/memurunsesi.net\/#\/schema\/logo\/image\/"},"sameAs":["https:\/\/www.facebook.com\/unipersen\/?locale=tr_TR","https:\/\/x.com\/unipersen"]},{"@type":"Person","@id":"https:\/\/memurunsesi.net\/#\/schema\/person\/f21c2d73b89f6ee1d80b0a1803e38587","name":"Memurun Sesi Haber Merkezi","image":{"@type":"ImageObject","inLanguage":"tr","@id":"https:\/\/secure.gravatar.com\/avatar\/6cf0505f452ee753f485014986fab09a434671d2b919ee76fc541025c5876a70?s=96&d=mm&r=g","url":"https:\/\/secure.gravatar.com\/avatar\/6cf0505f452ee753f485014986fab09a434671d2b919ee76fc541025c5876a70?s=96&d=mm&r=g","contentUrl":"https:\/\/secure.gravatar.com\/avatar\/6cf0505f452ee753f485014986fab09a434671d2b919ee76fc541025c5876a70?s=96&d=mm&r=g","caption":"Memurun Sesi Haber Merkezi"},"sameAs":["https:\/\/memurunsesi.net"],"url":"https:\/\/memurunsesi.net\/index.php\/author\/uniper\/"}]}},"_links":{"self":[{"href":"https:\/\/memurunsesi.net\/index.php\/wp-json\/wp\/v2\/posts\/5885","targetHints":{"allow":["GET"]}}],"collection":[{"href":"https:\/\/memurunsesi.net\/index.php\/wp-json\/wp\/v2\/posts"}],"about":[{"href":"https:\/\/memurunsesi.net\/index.php\/wp-json\/wp\/v2\/types\/post"}],"author":[{"embeddable":true,"href":"https:\/\/memurunsesi.net\/index.php\/wp-json\/wp\/v2\/users\/1"}],"replies":[{"embeddable":true,"href":"https:\/\/memurunsesi.net\/index.php\/wp-json\/wp\/v2\/comments?post=5885"}],"version-history":[{"count":1,"href":"https:\/\/memurunsesi.net\/index.php\/wp-json\/wp\/v2\/posts\/5885\/revisions"}],"predecessor-version":[{"id":5887,"href":"https:\/\/memurunsesi.net\/index.php\/wp-json\/wp\/v2\/posts\/5885\/revisions\/5887"}],"wp:attachment":[{"href":"https:\/\/memurunsesi.net\/index.php\/wp-json\/wp\/v2\/media?parent=5885"}],"wp:term":[{"taxonomy":"category","embeddable":true,"href":"https:\/\/memurunsesi.net\/index.php\/wp-json\/wp\/v2\/categories?post=5885"},{"taxonomy":"post_tag","embeddable":true,"href":"https:\/\/memurunsesi.net\/index.php\/wp-json\/wp\/v2\/tags?post=5885"}],"curies":[{"name":"wp","href":"https:\/\/api.w.org\/{rel}","templated":true}]}}