{"id":5893,"date":"2025-04-24T08:32:38","date_gmt":"2025-04-24T05:32:38","guid":{"rendered":"https:\/\/memurunsesi.net\/?p=5893"},"modified":"2025-04-24T08:32:38","modified_gmt":"2025-04-24T05:32:38","slug":"istanbullular-depremin-ardindan-geceyi-parklara-kurduklari-cadirlarda-geciriyor","status":"publish","type":"post","link":"https:\/\/memurunsesi.net\/index.php\/2025\/04\/24\/istanbullular-depremin-ardindan-geceyi-parklara-kurduklari-cadirlarda-geciriyor\/","title":{"rendered":"\u0130stanbullular depremin ard\u0131ndan geceyi parklara kurduklar\u0131 \u00e7ad\u0131rlarda ge\u00e7iriyor"},"content":{"rendered":"<p>  Kimisi battaniyesiyle parkta uyudu, kimisi de camilere s\u0131\u011f\u0131nd\u0131<br \/>\n  \u0130stanbul Silivri a\u00e7\u0131klar\u0131nda meydana gelen 6.2 b\u00fcy\u00fckl\u00fc\u011f\u00fcndeki depremin ard\u0131ndan geceyi evlerinde ge\u00e7irmek istemeyen baz\u0131 vatanda\u015flar sokaklarda ve camilerde uyumay\u0131 tercih etti. \u00c7o\u011fu vatanda\u015f battaniyeleri ile camilere s\u0131\u011f\u0131nd\u0131 ve parklara \u00e7ad\u0131r kurarak geceyi atlatmaya \u00e7al\u0131\u015ft\u0131.<br \/>\n\u0130stanbul&#8217;da Silivri a\u00e7\u0131klar\u0131nda meydana gelen 6.2 b\u00fcy\u00fckl\u00fc\u011f\u00fcndeki deprem sonras\u0131 evlerine d\u00f6nmek istemeyen baz\u0131 vatanda\u015flar geceyi d\u0131\u015far\u0131da ge\u00e7irdi. Fatih&#8217;teki \u00e7e\u015fitli parklarda baz\u0131 vatanda\u015flar kurduklar\u0131 \u00e7ad\u0131rlarda kal\u0131rken baz\u0131lar\u0131 ise yere serdikleri yataklar\u0131nda uyumay\u0131 tercih etti. Vatanda\u015flar\u0131n baz\u0131lar\u0131 ise arabalar\u0131n\u0131n i\u00e7inde uyurken g\u00f6r\u00fcnt\u00fclendi. Bah\u00e7elievler Yenibosna&#8217;da da baz\u0131 vatanda\u015flar geceyi sokakta yakt\u0131klar\u0131 ate\u015fin etraf\u0131nda toplanarak \u0131s\u0131nmaya \u00e7al\u0131\u015farak ge\u00e7irdi.<br \/>\n\u0130stanbul Valili\u011fi&#8217;nin a\u00e7\u0131klamas\u0131 sonras\u0131 gece boyunca vatanda\u015flar\u0131n kullan\u0131m\u0131na a\u00e7\u0131k olan camiiler de vatanda\u015flar\u0131n uyumak i\u00e7in tercih etti\u011fi mekanlardan oldu. Fatih&#8217;te bulunan \u015eehzade Camii i\u00e7erisinde vatanda\u015flar\u0131n uyudu\u011fu anlar g\u00f6r\u00fcnt\u00fclendi. Vatanda\u015flar camii i\u00e7erisinde hem so\u011fuktan hem de deprem tehlikesinden korunarak geceyi atlatmaya \u00e7al\u0131\u015ft\u0131. <div style=\"width: 512px;\" class=\"wp-video\"><video class=\"wp-video-shortcode\" id=\"video-5893-1\" width=\"512\" height=\"288\" preload=\"metadata\" controls=\"controls\"><source type=\"video\/mp4\" src=\"https:\/\/memurunsesi.net\/wp-content\/uploads\/2025\/04\/7AD799CA-2337-4E71-B6C4-869205B295DB.mp4?_=1\" \/><a href=\"https:\/\/memurunsesi.net\/wp-content\/uploads\/2025\/04\/7AD799CA-2337-4E71-B6C4-869205B295DB.mp4\">https:\/\/memurunsesi.net\/wp-content\/uploads\/2025\/04\/7AD799CA-2337-4E71-B6C4-869205B295DB.mp4<\/a><\/video><\/div>                                        <\/p>\n","protected":false},"excerpt":{"rendered":"<p>Kimisi battaniyesiyle parkta uyudu, kimisi de camilere s\u0131\u011f\u0131nd\u0131 \u0130stanbul Silivri a\u00e7\u0131klar\u0131nda meydana gelen 6.2 b\u00fcy\u00fckl\u00fc\u011f\u00fcndeki depremin ard\u0131ndan geceyi evlerinde ge\u00e7irmek istemeyen baz\u0131 vatanda\u015flar sokaklarda ve camilerde uyumay\u0131 tercih etti. \u00c7o\u011fu vatanda\u015f battaniyeleri ile camilere s\u0131\u011f\u0131nd\u0131 ve parklara \u00e7ad\u0131r kurarak geceyi atlatmaya \u00e7al\u0131\u015ft\u0131. \u0130stanbul&#8217;da Silivri a\u00e7\u0131klar\u0131nda meydana gelen 6.2 b\u00fcy\u00fckl\u00fc\u011f\u00fcndeki deprem sonras\u0131 evlerine d\u00f6nmek istemeyen baz\u0131 [&hellip;]<\/p>\n","protected":false},"author":1,"featured_media":0,"comment_status":"open","ping_status":"open","sticky":false,"template":"","format":"standard","meta":{"footnotes":""},"categories":[1],"tags":[],"class_list":["post-5893","post","type-post","status-publish","format-standard","hentry","category-genel"],"yoast_head":"<!-- This site is optimized with the Yoast SEO plugin v27.4 - https:\/\/yoast.com\/product\/yoast-seo-wordpress\/ -->\n<title>\u0130stanbullular depremin ard\u0131ndan geceyi parklara kurduklar\u0131 \u00e7ad\u0131rlarda ge\u00e7iriyor - Memurun Sesi<\/title>\n<meta name=\"robots\" content=\"index, follow, max-snippet:-1, max-image-preview:large, max-video-preview:-1\" \/>\n<link rel=\"canonical\" href=\"https:\/\/memurunsesi.net\/index.php\/2025\/04\/24\/istanbullular-depremin-ardindan-geceyi-parklara-kurduklari-cadirlarda-geciriyor\/\" \/>\n<meta property=\"og:locale\" content=\"tr_TR\" \/>\n<meta property=\"og:type\" content=\"article\" \/>\n<meta property=\"og:title\" content=\"\u0130stanbullular depremin ard\u0131ndan geceyi parklara kurduklar\u0131 \u00e7ad\u0131rlarda ge\u00e7iriyor - Memurun Sesi\" \/>\n<meta property=\"og:description\" content=\"Kimisi battaniyesiyle parkta uyudu, kimisi de camilere s\u0131\u011f\u0131nd\u0131 \u0130stanbul Silivri a\u00e7\u0131klar\u0131nda meydana gelen 6.2 b\u00fcy\u00fckl\u00fc\u011f\u00fcndeki depremin ard\u0131ndan geceyi evlerinde ge\u00e7irmek istemeyen baz\u0131 vatanda\u015flar sokaklarda ve camilerde uyumay\u0131 tercih etti. \u00c7o\u011fu vatanda\u015f battaniyeleri ile camilere s\u0131\u011f\u0131nd\u0131 ve parklara \u00e7ad\u0131r kurarak geceyi atlatmaya \u00e7al\u0131\u015ft\u0131. \u0130stanbul&#8217;da Silivri a\u00e7\u0131klar\u0131nda meydana gelen 6.2 b\u00fcy\u00fckl\u00fc\u011f\u00fcndeki deprem sonras\u0131 evlerine d\u00f6nmek istemeyen baz\u0131 [&hellip;]\" \/>\n<meta property=\"og:url\" content=\"https:\/\/memurunsesi.net\/index.php\/2025\/04\/24\/istanbullular-depremin-ardindan-geceyi-parklara-kurduklari-cadirlarda-geciriyor\/\" \/>\n<meta property=\"og:site_name\" content=\"Memurun Sesi\" \/>\n<meta property=\"article:publisher\" content=\"https:\/\/www.facebook.com\/unipersen\/?locale=tr_TR\" \/>\n<meta property=\"article:published_time\" content=\"2025-04-24T05:32:38+00:00\" \/>\n<meta name=\"author\" content=\"Memurun Sesi Haber Merkezi\" \/>\n<meta name=\"twitter:card\" content=\"summary_large_image\" \/>\n<meta name=\"twitter:creator\" content=\"@unipersen\" \/>\n<meta name=\"twitter:site\" content=\"@unipersen\" \/>\n<meta name=\"twitter:label1\" content=\"Yazan:\" \/>\n\t<meta name=\"twitter:data1\" content=\"Memurun Sesi Haber Merkezi\" \/>\n<script type=\"application\/ld+json\" class=\"yoast-schema-graph\">{\"@context\":\"https:\\\/\\\/schema.org\",\"@graph\":[{\"@type\":\"Article\",\"@id\":\"https:\\\/\\\/memurunsesi.net\\\/index.php\\\/2025\\\/04\\\/24\\\/istanbullular-depremin-ardindan-geceyi-parklara-kurduklari-cadirlarda-geciriyor\\\/#article\",\"isPartOf\":{\"@id\":\"https:\\\/\\\/memurunsesi.net\\\/index.php\\\/2025\\\/04\\\/24\\\/istanbullular-depremin-ardindan-geceyi-parklara-kurduklari-cadirlarda-geciriyor\\\/\"},\"author\":{\"name\":\"Memurun Sesi Haber Merkezi\",\"@id\":\"https:\\\/\\\/memurunsesi.net\\\/#\\\/schema\\\/person\\\/f21c2d73b89f6ee1d80b0a1803e38587\"},\"headline\":\"\u0130stanbullular depremin ard\u0131ndan geceyi parklara kurduklar\u0131 \u00e7ad\u0131rlarda ge\u00e7iriyor\",\"datePublished\":\"2025-04-24T05:32:38+00:00\",\"mainEntityOfPage\":{\"@id\":\"https:\\\/\\\/memurunsesi.net\\\/index.php\\\/2025\\\/04\\\/24\\\/istanbullular-depremin-ardindan-geceyi-parklara-kurduklari-cadirlarda-geciriyor\\\/\"},\"wordCount\":239,\"commentCount\":0,\"publisher\":{\"@id\":\"https:\\\/\\\/memurunsesi.net\\\/#organization\"},\"inLanguage\":\"tr\",\"potentialAction\":[{\"@type\":\"CommentAction\",\"name\":\"Comment\",\"target\":[\"https:\\\/\\\/memurunsesi.net\\\/index.php\\\/2025\\\/04\\\/24\\\/istanbullular-depremin-ardindan-geceyi-parklara-kurduklari-cadirlarda-geciriyor\\\/#respond\"]}]},{\"@type\":\"WebPage\",\"@id\":\"https:\\\/\\\/memurunsesi.net\\\/index.php\\\/2025\\\/04\\\/24\\\/istanbullular-depremin-ardindan-geceyi-parklara-kurduklari-cadirlarda-geciriyor\\\/\",\"url\":\"https:\\\/\\\/memurunsesi.net\\\/index.php\\\/2025\\\/04\\\/24\\\/istanbullular-depremin-ardindan-geceyi-parklara-kurduklari-cadirlarda-geciriyor\\\/\",\"name\":\"\u0130stanbullular depremin ard\u0131ndan geceyi parklara kurduklar\u0131 \u00e7ad\u0131rlarda ge\u00e7iriyor - Memurun Sesi\",\"isPartOf\":{\"@id\":\"https:\\\/\\\/memurunsesi.net\\\/#website\"},\"datePublished\":\"2025-04-24T05:32:38+00:00\",\"breadcrumb\":{\"@id\":\"https:\\\/\\\/memurunsesi.net\\\/index.php\\\/2025\\\/04\\\/24\\\/istanbullular-depremin-ardindan-geceyi-parklara-kurduklari-cadirlarda-geciriyor\\\/#breadcrumb\"},\"inLanguage\":\"tr\",\"potentialAction\":[{\"@type\":\"ReadAction\",\"target\":[\"https:\\\/\\\/memurunsesi.net\\\/index.php\\\/2025\\\/04\\\/24\\\/istanbullular-depremin-ardindan-geceyi-parklara-kurduklari-cadirlarda-geciriyor\\\/\"]}]},{\"@type\":\"BreadcrumbList\",\"@id\":\"https:\\\/\\\/memurunsesi.net\\\/index.php\\\/2025\\\/04\\\/24\\\/istanbullular-depremin-ardindan-geceyi-parklara-kurduklari-cadirlarda-geciriyor\\\/#breadcrumb\",\"itemListElement\":[{\"@type\":\"ListItem\",\"position\":1,\"name\":\"Anasayfa\",\"item\":\"https:\\\/\\\/memurunsesi.net\\\/\"},{\"@type\":\"ListItem\",\"position\":2,\"name\":\"\u0130stanbullular depremin ard\u0131ndan geceyi parklara kurduklar\u0131 \u00e7ad\u0131rlarda ge\u00e7iriyor\"}]},{\"@type\":\"WebSite\",\"@id\":\"https:\\\/\\\/memurunsesi.net\\\/#website\",\"url\":\"https:\\\/\\\/memurunsesi.net\\\/\",\"name\":\"Memurun Sesi\",\"description\":\"G\u00fcncel ve Do\u011fru Haber\",\"publisher\":{\"@id\":\"https:\\\/\\\/memurunsesi.net\\\/#organization\"},\"potentialAction\":[{\"@type\":\"SearchAction\",\"target\":{\"@type\":\"EntryPoint\",\"urlTemplate\":\"https:\\\/\\\/memurunsesi.net\\\/?s={search_term_string}\"},\"query-input\":{\"@type\":\"PropertyValueSpecification\",\"valueRequired\":true,\"valueName\":\"search_term_string\"}}],\"inLanguage\":\"tr\"},{\"@type\":\"Organization\",\"@id\":\"https:\\\/\\\/memurunsesi.net\\\/#organization\",\"name\":\"Memurun Sesi\",\"url\":\"https:\\\/\\\/memurunsesi.net\\\/\",\"logo\":{\"@type\":\"ImageObject\",\"inLanguage\":\"tr\",\"@id\":\"https:\\\/\\\/memurunsesi.net\\\/#\\\/schema\\\/logo\\\/image\\\/\",\"url\":\"https:\\\/\\\/memurunsesi.net\\\/wp-content\\\/uploads\\\/2025\\\/11\\\/cropped-MEMURUN-SESI.png\",\"contentUrl\":\"https:\\\/\\\/memurunsesi.net\\\/wp-content\\\/uploads\\\/2025\\\/11\\\/cropped-MEMURUN-SESI.png\",\"width\":238,\"height\":57,\"caption\":\"Memurun Sesi\"},\"image\":{\"@id\":\"https:\\\/\\\/memurunsesi.net\\\/#\\\/schema\\\/logo\\\/image\\\/\"},\"sameAs\":[\"https:\\\/\\\/www.facebook.com\\\/unipersen\\\/?locale=tr_TR\",\"https:\\\/\\\/x.com\\\/unipersen\"]},{\"@type\":\"Person\",\"@id\":\"https:\\\/\\\/memurunsesi.net\\\/#\\\/schema\\\/person\\\/f21c2d73b89f6ee1d80b0a1803e38587\",\"name\":\"Memurun Sesi Haber Merkezi\",\"image\":{\"@type\":\"ImageObject\",\"inLanguage\":\"tr\",\"@id\":\"https:\\\/\\\/secure.gravatar.com\\\/avatar\\\/6cf0505f452ee753f485014986fab09a434671d2b919ee76fc541025c5876a70?s=96&d=mm&r=g\",\"url\":\"https:\\\/\\\/secure.gravatar.com\\\/avatar\\\/6cf0505f452ee753f485014986fab09a434671d2b919ee76fc541025c5876a70?s=96&d=mm&r=g\",\"contentUrl\":\"https:\\\/\\\/secure.gravatar.com\\\/avatar\\\/6cf0505f452ee753f485014986fab09a434671d2b919ee76fc541025c5876a70?s=96&d=mm&r=g\",\"caption\":\"Memurun Sesi Haber Merkezi\"},\"sameAs\":[\"https:\\\/\\\/memurunsesi.net\"],\"url\":\"https:\\\/\\\/memurunsesi.net\\\/index.php\\\/author\\\/uniper\\\/\"}]}<\/script>\n<!-- \/ Yoast SEO plugin. -->","yoast_head_json":{"title":"\u0130stanbullular depremin ard\u0131ndan geceyi parklara kurduklar\u0131 \u00e7ad\u0131rlarda ge\u00e7iriyor - Memurun Sesi","robots":{"index":"index","follow":"follow","max-snippet":"max-snippet:-1","max-image-preview":"max-image-preview:large","max-video-preview":"max-video-preview:-1"},"canonical":"https:\/\/memurunsesi.net\/index.php\/2025\/04\/24\/istanbullular-depremin-ardindan-geceyi-parklara-kurduklari-cadirlarda-geciriyor\/","og_locale":"tr_TR","og_type":"article","og_title":"\u0130stanbullular depremin ard\u0131ndan geceyi parklara kurduklar\u0131 \u00e7ad\u0131rlarda ge\u00e7iriyor - Memurun Sesi","og_description":"Kimisi battaniyesiyle parkta uyudu, kimisi de camilere s\u0131\u011f\u0131nd\u0131 \u0130stanbul Silivri a\u00e7\u0131klar\u0131nda meydana gelen 6.2 b\u00fcy\u00fckl\u00fc\u011f\u00fcndeki depremin ard\u0131ndan geceyi evlerinde ge\u00e7irmek istemeyen baz\u0131 vatanda\u015flar sokaklarda ve camilerde uyumay\u0131 tercih etti. \u00c7o\u011fu vatanda\u015f battaniyeleri ile camilere s\u0131\u011f\u0131nd\u0131 ve parklara \u00e7ad\u0131r kurarak geceyi atlatmaya \u00e7al\u0131\u015ft\u0131. \u0130stanbul&#8217;da Silivri a\u00e7\u0131klar\u0131nda meydana gelen 6.2 b\u00fcy\u00fckl\u00fc\u011f\u00fcndeki deprem sonras\u0131 evlerine d\u00f6nmek istemeyen baz\u0131 [&hellip;]","og_url":"https:\/\/memurunsesi.net\/index.php\/2025\/04\/24\/istanbullular-depremin-ardindan-geceyi-parklara-kurduklari-cadirlarda-geciriyor\/","og_site_name":"Memurun Sesi","article_publisher":"https:\/\/www.facebook.com\/unipersen\/?locale=tr_TR","article_published_time":"2025-04-24T05:32:38+00:00","author":"Memurun Sesi Haber Merkezi","twitter_card":"summary_large_image","twitter_creator":"@unipersen","twitter_site":"@unipersen","twitter_misc":{"Yazan:":"Memurun Sesi Haber Merkezi"},"schema":{"@context":"https:\/\/schema.org","@graph":[{"@type":"Article","@id":"https:\/\/memurunsesi.net\/index.php\/2025\/04\/24\/istanbullular-depremin-ardindan-geceyi-parklara-kurduklari-cadirlarda-geciriyor\/#article","isPartOf":{"@id":"https:\/\/memurunsesi.net\/index.php\/2025\/04\/24\/istanbullular-depremin-ardindan-geceyi-parklara-kurduklari-cadirlarda-geciriyor\/"},"author":{"name":"Memurun Sesi Haber Merkezi","@id":"https:\/\/memurunsesi.net\/#\/schema\/person\/f21c2d73b89f6ee1d80b0a1803e38587"},"headline":"\u0130stanbullular depremin ard\u0131ndan geceyi parklara kurduklar\u0131 \u00e7ad\u0131rlarda ge\u00e7iriyor","datePublished":"2025-04-24T05:32:38+00:00","mainEntityOfPage":{"@id":"https:\/\/memurunsesi.net\/index.php\/2025\/04\/24\/istanbullular-depremin-ardindan-geceyi-parklara-kurduklari-cadirlarda-geciriyor\/"},"wordCount":239,"commentCount":0,"publisher":{"@id":"https:\/\/memurunsesi.net\/#organization"},"inLanguage":"tr","potentialAction":[{"@type":"CommentAction","name":"Comment","target":["https:\/\/memurunsesi.net\/index.php\/2025\/04\/24\/istanbullular-depremin-ardindan-geceyi-parklara-kurduklari-cadirlarda-geciriyor\/#respond"]}]},{"@type":"WebPage","@id":"https:\/\/memurunsesi.net\/index.php\/2025\/04\/24\/istanbullular-depremin-ardindan-geceyi-parklara-kurduklari-cadirlarda-geciriyor\/","url":"https:\/\/memurunsesi.net\/index.php\/2025\/04\/24\/istanbullular-depremin-ardindan-geceyi-parklara-kurduklari-cadirlarda-geciriyor\/","name":"\u0130stanbullular depremin ard\u0131ndan geceyi parklara kurduklar\u0131 \u00e7ad\u0131rlarda ge\u00e7iriyor - Memurun Sesi","isPartOf":{"@id":"https:\/\/memurunsesi.net\/#website"},"datePublished":"2025-04-24T05:32:38+00:00","breadcrumb":{"@id":"https:\/\/memurunsesi.net\/index.php\/2025\/04\/24\/istanbullular-depremin-ardindan-geceyi-parklara-kurduklari-cadirlarda-geciriyor\/#breadcrumb"},"inLanguage":"tr","potentialAction":[{"@type":"ReadAction","target":["https:\/\/memurunsesi.net\/index.php\/2025\/04\/24\/istanbullular-depremin-ardindan-geceyi-parklara-kurduklari-cadirlarda-geciriyor\/"]}]},{"@type":"BreadcrumbList","@id":"https:\/\/memurunsesi.net\/index.php\/2025\/04\/24\/istanbullular-depremin-ardindan-geceyi-parklara-kurduklari-cadirlarda-geciriyor\/#breadcrumb","itemListElement":[{"@type":"ListItem","position":1,"name":"Anasayfa","item":"https:\/\/memurunsesi.net\/"},{"@type":"ListItem","position":2,"name":"\u0130stanbullular depremin ard\u0131ndan geceyi parklara kurduklar\u0131 \u00e7ad\u0131rlarda ge\u00e7iriyor"}]},{"@type":"WebSite","@id":"https:\/\/memurunsesi.net\/#website","url":"https:\/\/memurunsesi.net\/","name":"Memurun Sesi","description":"G\u00fcncel ve Do\u011fru Haber","publisher":{"@id":"https:\/\/memurunsesi.net\/#organization"},"potentialAction":[{"@type":"SearchAction","target":{"@type":"EntryPoint","urlTemplate":"https:\/\/memurunsesi.net\/?s={search_term_string}"},"query-input":{"@type":"PropertyValueSpecification","valueRequired":true,"valueName":"search_term_string"}}],"inLanguage":"tr"},{"@type":"Organization","@id":"https:\/\/memurunsesi.net\/#organization","name":"Memurun Sesi","url":"https:\/\/memurunsesi.net\/","logo":{"@type":"ImageObject","inLanguage":"tr","@id":"https:\/\/memurunsesi.net\/#\/schema\/logo\/image\/","url":"https:\/\/memurunsesi.net\/wp-content\/uploads\/2025\/11\/cropped-MEMURUN-SESI.png","contentUrl":"https:\/\/memurunsesi.net\/wp-content\/uploads\/2025\/11\/cropped-MEMURUN-SESI.png","width":238,"height":57,"caption":"Memurun Sesi"},"image":{"@id":"https:\/\/memurunsesi.net\/#\/schema\/logo\/image\/"},"sameAs":["https:\/\/www.facebook.com\/unipersen\/?locale=tr_TR","https:\/\/x.com\/unipersen"]},{"@type":"Person","@id":"https:\/\/memurunsesi.net\/#\/schema\/person\/f21c2d73b89f6ee1d80b0a1803e38587","name":"Memurun Sesi Haber Merkezi","image":{"@type":"ImageObject","inLanguage":"tr","@id":"https:\/\/secure.gravatar.com\/avatar\/6cf0505f452ee753f485014986fab09a434671d2b919ee76fc541025c5876a70?s=96&d=mm&r=g","url":"https:\/\/secure.gravatar.com\/avatar\/6cf0505f452ee753f485014986fab09a434671d2b919ee76fc541025c5876a70?s=96&d=mm&r=g","contentUrl":"https:\/\/secure.gravatar.com\/avatar\/6cf0505f452ee753f485014986fab09a434671d2b919ee76fc541025c5876a70?s=96&d=mm&r=g","caption":"Memurun Sesi Haber Merkezi"},"sameAs":["https:\/\/memurunsesi.net"],"url":"https:\/\/memurunsesi.net\/index.php\/author\/uniper\/"}]}},"_links":{"self":[{"href":"https:\/\/memurunsesi.net\/index.php\/wp-json\/wp\/v2\/posts\/5893","targetHints":{"allow":["GET"]}}],"collection":[{"href":"https:\/\/memurunsesi.net\/index.php\/wp-json\/wp\/v2\/posts"}],"about":[{"href":"https:\/\/memurunsesi.net\/index.php\/wp-json\/wp\/v2\/types\/post"}],"author":[{"embeddable":true,"href":"https:\/\/memurunsesi.net\/index.php\/wp-json\/wp\/v2\/users\/1"}],"replies":[{"embeddable":true,"href":"https:\/\/memurunsesi.net\/index.php\/wp-json\/wp\/v2\/comments?post=5893"}],"version-history":[{"count":1,"href":"https:\/\/memurunsesi.net\/index.php\/wp-json\/wp\/v2\/posts\/5893\/revisions"}],"predecessor-version":[{"id":5895,"href":"https:\/\/memurunsesi.net\/index.php\/wp-json\/wp\/v2\/posts\/5893\/revisions\/5895"}],"wp:attachment":[{"href":"https:\/\/memurunsesi.net\/index.php\/wp-json\/wp\/v2\/media?parent=5893"}],"wp:term":[{"taxonomy":"category","embeddable":true,"href":"https:\/\/memurunsesi.net\/index.php\/wp-json\/wp\/v2\/categories?post=5893"},{"taxonomy":"post_tag","embeddable":true,"href":"https:\/\/memurunsesi.net\/index.php\/wp-json\/wp\/v2\/tags?post=5893"}],"curies":[{"name":"wp","href":"https:\/\/api.w.org\/{rel}","templated":true}]}}