{"id":5900,"date":"2025-04-24T08:36:34","date_gmt":"2025-04-24T05:36:34","guid":{"rendered":"https:\/\/memurunsesi.net\/?p=5900"},"modified":"2025-04-24T08:36:34","modified_gmt":"2025-04-24T05:36:34","slug":"istanbul-da-deprem-korkusu-yasayan-istanbullular-geceyi-cadirlarda-gecirdi","status":"publish","type":"post","link":"https:\/\/memurunsesi.net\/index.php\/2025\/04\/24\/istanbul-da-deprem-korkusu-yasayan-istanbullular-geceyi-cadirlarda-gecirdi\/","title":{"rendered":"\u0130STANBUL da Deprem korkusu ya\u015fayan \u0130stanbullular geceyi \u00e7ad\u0131rlarda ge\u00e7irdi"},"content":{"rendered":"<p>                                            <div style=\"width: 512px;\" class=\"wp-video\"><video class=\"wp-video-shortcode\" id=\"video-5900-1\" width=\"512\" height=\"288\" preload=\"metadata\" controls=\"controls\"><source type=\"video\/mp4\" src=\"https:\/\/memurunsesi.net\/wp-content\/uploads\/2025\/04\/3DCDABD5-5B2B-4B7A-BC19-80E4273B1E69.mp4?_=1\" \/><a href=\"https:\/\/memurunsesi.net\/wp-content\/uploads\/2025\/04\/3DCDABD5-5B2B-4B7A-BC19-80E4273B1E69.mp4\">https:\/\/memurunsesi.net\/wp-content\/uploads\/2025\/04\/3DCDABD5-5B2B-4B7A-BC19-80E4273B1E69.mp4<\/a><\/video><\/div><br \/>\n  \u0130stanbul\u2019da meydana gelen 6.2 b\u00fcy\u00fckl\u00fc\u011f\u00fcndeki depremin ard\u0131ndan vatanda\u015flar geceyi parklarda ge\u00e7irdi. Kimisi sabah\u0131n erken saatlerinde \u00e7ad\u0131rda kalmaya devam ederken kimisi de \u00e7ad\u0131r\u0131n\u0131 toplay\u0131p evine gitti.<br \/>\n  \u0130stanbul\u2019da meydana gelen 6.2 b\u00fcy\u00fckl\u00fc\u011f\u00fcndeki depremin ard\u0131ndan \u0130stanbullular geceyi a\u00e7\u0131k alanlarda ve parklarda kurduklar\u0131 \u00e7ad\u0131rlarda ge\u00e7irdi. Pendik\u2019te bulunan Millet Bah\u00e7esi ve di\u011fer parklar, vatanda\u015flar\u0131n geceyi ge\u00e7irmek i\u00e7in tercih etti\u011fi alanlar oldu. Kimi vatanda\u015flar sabah\u0131n erken saatlerinde \u00e7ad\u0131rda kalmaya devam ederken kimi vatanda\u015flar ise de g\u00fcn\u00fcn ayd\u0131nlanmas\u0131yla \u00e7ad\u0131r\u0131n\u0131 toplay\u0131p evine gitti.<br \/>\n  Geceyi \u00e7ad\u0131rda torunlar\u0131yla ge\u00e7iren Sevim Akg\u00fcl, &#8220;Biz de evimize gitmek istiyoruz  ama maalesef gidemiyoruz. \u00c7oluk \u00e7ocuk torunlar burada. Geceyi rahat ge\u00e7iremedik, so\u011fuktu. Evin gibi olmuyor. Eve gitmeyi d\u00fc\u015f\u00fcnm\u00fcyoruz&#8221; dedi. <\/p>\n","protected":false},"excerpt":{"rendered":"<p>\u0130stanbul\u2019da meydana gelen 6.2 b\u00fcy\u00fckl\u00fc\u011f\u00fcndeki depremin ard\u0131ndan vatanda\u015flar geceyi parklarda ge\u00e7irdi. Kimisi sabah\u0131n erken saatlerinde \u00e7ad\u0131rda kalmaya devam ederken kimisi de \u00e7ad\u0131r\u0131n\u0131 toplay\u0131p evine gitti. \u0130stanbul\u2019da meydana gelen 6.2 b\u00fcy\u00fckl\u00fc\u011f\u00fcndeki depremin ard\u0131ndan \u0130stanbullular geceyi a\u00e7\u0131k alanlarda ve parklarda kurduklar\u0131 \u00e7ad\u0131rlarda ge\u00e7irdi. Pendik\u2019te bulunan Millet Bah\u00e7esi ve di\u011fer parklar, vatanda\u015flar\u0131n geceyi ge\u00e7irmek i\u00e7in tercih etti\u011fi alanlar [&hellip;]<\/p>\n","protected":false},"author":1,"featured_media":0,"comment_status":"open","ping_status":"open","sticky":false,"template":"","format":"standard","meta":{"footnotes":""},"categories":[1],"tags":[],"class_list":["post-5900","post","type-post","status-publish","format-standard","hentry","category-genel"],"yoast_head":"<!-- This site is optimized with the Yoast SEO plugin v27.4 - https:\/\/yoast.com\/product\/yoast-seo-wordpress\/ -->\n<title>\u0130STANBUL da Deprem korkusu ya\u015fayan \u0130stanbullular geceyi \u00e7ad\u0131rlarda ge\u00e7irdi - Memurun Sesi<\/title>\n<meta name=\"robots\" content=\"index, follow, max-snippet:-1, max-image-preview:large, max-video-preview:-1\" \/>\n<link rel=\"canonical\" href=\"https:\/\/memurunsesi.net\/index.php\/2025\/04\/24\/istanbul-da-deprem-korkusu-yasayan-istanbullular-geceyi-cadirlarda-gecirdi\/\" \/>\n<meta property=\"og:locale\" content=\"tr_TR\" \/>\n<meta property=\"og:type\" content=\"article\" \/>\n<meta property=\"og:title\" content=\"\u0130STANBUL da Deprem korkusu ya\u015fayan \u0130stanbullular geceyi \u00e7ad\u0131rlarda ge\u00e7irdi - Memurun Sesi\" \/>\n<meta property=\"og:description\" content=\"\u0130stanbul\u2019da meydana gelen 6.2 b\u00fcy\u00fckl\u00fc\u011f\u00fcndeki depremin ard\u0131ndan vatanda\u015flar geceyi parklarda ge\u00e7irdi. Kimisi sabah\u0131n erken saatlerinde \u00e7ad\u0131rda kalmaya devam ederken kimisi de \u00e7ad\u0131r\u0131n\u0131 toplay\u0131p evine gitti. \u0130stanbul\u2019da meydana gelen 6.2 b\u00fcy\u00fckl\u00fc\u011f\u00fcndeki depremin ard\u0131ndan \u0130stanbullular geceyi a\u00e7\u0131k alanlarda ve parklarda kurduklar\u0131 \u00e7ad\u0131rlarda ge\u00e7irdi. Pendik\u2019te bulunan Millet Bah\u00e7esi ve di\u011fer parklar, vatanda\u015flar\u0131n geceyi ge\u00e7irmek i\u00e7in tercih etti\u011fi alanlar [&hellip;]\" \/>\n<meta property=\"og:url\" content=\"https:\/\/memurunsesi.net\/index.php\/2025\/04\/24\/istanbul-da-deprem-korkusu-yasayan-istanbullular-geceyi-cadirlarda-gecirdi\/\" \/>\n<meta property=\"og:site_name\" content=\"Memurun Sesi\" \/>\n<meta property=\"article:publisher\" content=\"https:\/\/www.facebook.com\/unipersen\/?locale=tr_TR\" \/>\n<meta property=\"article:published_time\" content=\"2025-04-24T05:36:34+00:00\" \/>\n<meta name=\"author\" content=\"Memurun Sesi Haber Merkezi\" \/>\n<meta name=\"twitter:card\" content=\"summary_large_image\" \/>\n<meta name=\"twitter:creator\" content=\"@unipersen\" \/>\n<meta name=\"twitter:site\" content=\"@unipersen\" \/>\n<meta name=\"twitter:label1\" content=\"Yazan:\" \/>\n\t<meta name=\"twitter:data1\" content=\"Memurun Sesi Haber Merkezi\" \/>\n<script type=\"application\/ld+json\" class=\"yoast-schema-graph\">{\"@context\":\"https:\\\/\\\/schema.org\",\"@graph\":[{\"@type\":\"Article\",\"@id\":\"https:\\\/\\\/memurunsesi.net\\\/index.php\\\/2025\\\/04\\\/24\\\/istanbul-da-deprem-korkusu-yasayan-istanbullular-geceyi-cadirlarda-gecirdi\\\/#article\",\"isPartOf\":{\"@id\":\"https:\\\/\\\/memurunsesi.net\\\/index.php\\\/2025\\\/04\\\/24\\\/istanbul-da-deprem-korkusu-yasayan-istanbullular-geceyi-cadirlarda-gecirdi\\\/\"},\"author\":{\"name\":\"Memurun Sesi Haber Merkezi\",\"@id\":\"https:\\\/\\\/memurunsesi.net\\\/#\\\/schema\\\/person\\\/f21c2d73b89f6ee1d80b0a1803e38587\"},\"headline\":\"\u0130STANBUL da Deprem korkusu ya\u015fayan \u0130stanbullular geceyi \u00e7ad\u0131rlarda ge\u00e7irdi\",\"datePublished\":\"2025-04-24T05:36:34+00:00\",\"mainEntityOfPage\":{\"@id\":\"https:\\\/\\\/memurunsesi.net\\\/index.php\\\/2025\\\/04\\\/24\\\/istanbul-da-deprem-korkusu-yasayan-istanbullular-geceyi-cadirlarda-gecirdi\\\/\"},\"wordCount\":182,\"commentCount\":0,\"publisher\":{\"@id\":\"https:\\\/\\\/memurunsesi.net\\\/#organization\"},\"inLanguage\":\"tr\",\"potentialAction\":[{\"@type\":\"CommentAction\",\"name\":\"Comment\",\"target\":[\"https:\\\/\\\/memurunsesi.net\\\/index.php\\\/2025\\\/04\\\/24\\\/istanbul-da-deprem-korkusu-yasayan-istanbullular-geceyi-cadirlarda-gecirdi\\\/#respond\"]}]},{\"@type\":\"WebPage\",\"@id\":\"https:\\\/\\\/memurunsesi.net\\\/index.php\\\/2025\\\/04\\\/24\\\/istanbul-da-deprem-korkusu-yasayan-istanbullular-geceyi-cadirlarda-gecirdi\\\/\",\"url\":\"https:\\\/\\\/memurunsesi.net\\\/index.php\\\/2025\\\/04\\\/24\\\/istanbul-da-deprem-korkusu-yasayan-istanbullular-geceyi-cadirlarda-gecirdi\\\/\",\"name\":\"\u0130STANBUL da Deprem korkusu ya\u015fayan \u0130stanbullular geceyi \u00e7ad\u0131rlarda ge\u00e7irdi - Memurun Sesi\",\"isPartOf\":{\"@id\":\"https:\\\/\\\/memurunsesi.net\\\/#website\"},\"datePublished\":\"2025-04-24T05:36:34+00:00\",\"breadcrumb\":{\"@id\":\"https:\\\/\\\/memurunsesi.net\\\/index.php\\\/2025\\\/04\\\/24\\\/istanbul-da-deprem-korkusu-yasayan-istanbullular-geceyi-cadirlarda-gecirdi\\\/#breadcrumb\"},\"inLanguage\":\"tr\",\"potentialAction\":[{\"@type\":\"ReadAction\",\"target\":[\"https:\\\/\\\/memurunsesi.net\\\/index.php\\\/2025\\\/04\\\/24\\\/istanbul-da-deprem-korkusu-yasayan-istanbullular-geceyi-cadirlarda-gecirdi\\\/\"]}]},{\"@type\":\"BreadcrumbList\",\"@id\":\"https:\\\/\\\/memurunsesi.net\\\/index.php\\\/2025\\\/04\\\/24\\\/istanbul-da-deprem-korkusu-yasayan-istanbullular-geceyi-cadirlarda-gecirdi\\\/#breadcrumb\",\"itemListElement\":[{\"@type\":\"ListItem\",\"position\":1,\"name\":\"Anasayfa\",\"item\":\"https:\\\/\\\/memurunsesi.net\\\/\"},{\"@type\":\"ListItem\",\"position\":2,\"name\":\"\u0130STANBUL da Deprem korkusu ya\u015fayan \u0130stanbullular geceyi \u00e7ad\u0131rlarda ge\u00e7irdi\"}]},{\"@type\":\"WebSite\",\"@id\":\"https:\\\/\\\/memurunsesi.net\\\/#website\",\"url\":\"https:\\\/\\\/memurunsesi.net\\\/\",\"name\":\"Memurun Sesi\",\"description\":\"G\u00fcncel ve Do\u011fru Haber\",\"publisher\":{\"@id\":\"https:\\\/\\\/memurunsesi.net\\\/#organization\"},\"potentialAction\":[{\"@type\":\"SearchAction\",\"target\":{\"@type\":\"EntryPoint\",\"urlTemplate\":\"https:\\\/\\\/memurunsesi.net\\\/?s={search_term_string}\"},\"query-input\":{\"@type\":\"PropertyValueSpecification\",\"valueRequired\":true,\"valueName\":\"search_term_string\"}}],\"inLanguage\":\"tr\"},{\"@type\":\"Organization\",\"@id\":\"https:\\\/\\\/memurunsesi.net\\\/#organization\",\"name\":\"Memurun Sesi\",\"url\":\"https:\\\/\\\/memurunsesi.net\\\/\",\"logo\":{\"@type\":\"ImageObject\",\"inLanguage\":\"tr\",\"@id\":\"https:\\\/\\\/memurunsesi.net\\\/#\\\/schema\\\/logo\\\/image\\\/\",\"url\":\"https:\\\/\\\/memurunsesi.net\\\/wp-content\\\/uploads\\\/2025\\\/11\\\/cropped-MEMURUN-SESI.png\",\"contentUrl\":\"https:\\\/\\\/memurunsesi.net\\\/wp-content\\\/uploads\\\/2025\\\/11\\\/cropped-MEMURUN-SESI.png\",\"width\":238,\"height\":57,\"caption\":\"Memurun Sesi\"},\"image\":{\"@id\":\"https:\\\/\\\/memurunsesi.net\\\/#\\\/schema\\\/logo\\\/image\\\/\"},\"sameAs\":[\"https:\\\/\\\/www.facebook.com\\\/unipersen\\\/?locale=tr_TR\",\"https:\\\/\\\/x.com\\\/unipersen\"]},{\"@type\":\"Person\",\"@id\":\"https:\\\/\\\/memurunsesi.net\\\/#\\\/schema\\\/person\\\/f21c2d73b89f6ee1d80b0a1803e38587\",\"name\":\"Memurun Sesi Haber Merkezi\",\"image\":{\"@type\":\"ImageObject\",\"inLanguage\":\"tr\",\"@id\":\"https:\\\/\\\/secure.gravatar.com\\\/avatar\\\/6cf0505f452ee753f485014986fab09a434671d2b919ee76fc541025c5876a70?s=96&d=mm&r=g\",\"url\":\"https:\\\/\\\/secure.gravatar.com\\\/avatar\\\/6cf0505f452ee753f485014986fab09a434671d2b919ee76fc541025c5876a70?s=96&d=mm&r=g\",\"contentUrl\":\"https:\\\/\\\/secure.gravatar.com\\\/avatar\\\/6cf0505f452ee753f485014986fab09a434671d2b919ee76fc541025c5876a70?s=96&d=mm&r=g\",\"caption\":\"Memurun Sesi Haber Merkezi\"},\"sameAs\":[\"https:\\\/\\\/memurunsesi.net\"],\"url\":\"https:\\\/\\\/memurunsesi.net\\\/index.php\\\/author\\\/uniper\\\/\"}]}<\/script>\n<!-- \/ Yoast SEO plugin. -->","yoast_head_json":{"title":"\u0130STANBUL da Deprem korkusu ya\u015fayan \u0130stanbullular geceyi \u00e7ad\u0131rlarda ge\u00e7irdi - Memurun Sesi","robots":{"index":"index","follow":"follow","max-snippet":"max-snippet:-1","max-image-preview":"max-image-preview:large","max-video-preview":"max-video-preview:-1"},"canonical":"https:\/\/memurunsesi.net\/index.php\/2025\/04\/24\/istanbul-da-deprem-korkusu-yasayan-istanbullular-geceyi-cadirlarda-gecirdi\/","og_locale":"tr_TR","og_type":"article","og_title":"\u0130STANBUL da Deprem korkusu ya\u015fayan \u0130stanbullular geceyi \u00e7ad\u0131rlarda ge\u00e7irdi - Memurun Sesi","og_description":"\u0130stanbul\u2019da meydana gelen 6.2 b\u00fcy\u00fckl\u00fc\u011f\u00fcndeki depremin ard\u0131ndan vatanda\u015flar geceyi parklarda ge\u00e7irdi. Kimisi sabah\u0131n erken saatlerinde \u00e7ad\u0131rda kalmaya devam ederken kimisi de \u00e7ad\u0131r\u0131n\u0131 toplay\u0131p evine gitti. \u0130stanbul\u2019da meydana gelen 6.2 b\u00fcy\u00fckl\u00fc\u011f\u00fcndeki depremin ard\u0131ndan \u0130stanbullular geceyi a\u00e7\u0131k alanlarda ve parklarda kurduklar\u0131 \u00e7ad\u0131rlarda ge\u00e7irdi. Pendik\u2019te bulunan Millet Bah\u00e7esi ve di\u011fer parklar, vatanda\u015flar\u0131n geceyi ge\u00e7irmek i\u00e7in tercih etti\u011fi alanlar [&hellip;]","og_url":"https:\/\/memurunsesi.net\/index.php\/2025\/04\/24\/istanbul-da-deprem-korkusu-yasayan-istanbullular-geceyi-cadirlarda-gecirdi\/","og_site_name":"Memurun Sesi","article_publisher":"https:\/\/www.facebook.com\/unipersen\/?locale=tr_TR","article_published_time":"2025-04-24T05:36:34+00:00","author":"Memurun Sesi Haber Merkezi","twitter_card":"summary_large_image","twitter_creator":"@unipersen","twitter_site":"@unipersen","twitter_misc":{"Yazan:":"Memurun Sesi Haber Merkezi"},"schema":{"@context":"https:\/\/schema.org","@graph":[{"@type":"Article","@id":"https:\/\/memurunsesi.net\/index.php\/2025\/04\/24\/istanbul-da-deprem-korkusu-yasayan-istanbullular-geceyi-cadirlarda-gecirdi\/#article","isPartOf":{"@id":"https:\/\/memurunsesi.net\/index.php\/2025\/04\/24\/istanbul-da-deprem-korkusu-yasayan-istanbullular-geceyi-cadirlarda-gecirdi\/"},"author":{"name":"Memurun Sesi Haber Merkezi","@id":"https:\/\/memurunsesi.net\/#\/schema\/person\/f21c2d73b89f6ee1d80b0a1803e38587"},"headline":"\u0130STANBUL da Deprem korkusu ya\u015fayan \u0130stanbullular geceyi \u00e7ad\u0131rlarda ge\u00e7irdi","datePublished":"2025-04-24T05:36:34+00:00","mainEntityOfPage":{"@id":"https:\/\/memurunsesi.net\/index.php\/2025\/04\/24\/istanbul-da-deprem-korkusu-yasayan-istanbullular-geceyi-cadirlarda-gecirdi\/"},"wordCount":182,"commentCount":0,"publisher":{"@id":"https:\/\/memurunsesi.net\/#organization"},"inLanguage":"tr","potentialAction":[{"@type":"CommentAction","name":"Comment","target":["https:\/\/memurunsesi.net\/index.php\/2025\/04\/24\/istanbul-da-deprem-korkusu-yasayan-istanbullular-geceyi-cadirlarda-gecirdi\/#respond"]}]},{"@type":"WebPage","@id":"https:\/\/memurunsesi.net\/index.php\/2025\/04\/24\/istanbul-da-deprem-korkusu-yasayan-istanbullular-geceyi-cadirlarda-gecirdi\/","url":"https:\/\/memurunsesi.net\/index.php\/2025\/04\/24\/istanbul-da-deprem-korkusu-yasayan-istanbullular-geceyi-cadirlarda-gecirdi\/","name":"\u0130STANBUL da Deprem korkusu ya\u015fayan \u0130stanbullular geceyi \u00e7ad\u0131rlarda ge\u00e7irdi - Memurun Sesi","isPartOf":{"@id":"https:\/\/memurunsesi.net\/#website"},"datePublished":"2025-04-24T05:36:34+00:00","breadcrumb":{"@id":"https:\/\/memurunsesi.net\/index.php\/2025\/04\/24\/istanbul-da-deprem-korkusu-yasayan-istanbullular-geceyi-cadirlarda-gecirdi\/#breadcrumb"},"inLanguage":"tr","potentialAction":[{"@type":"ReadAction","target":["https:\/\/memurunsesi.net\/index.php\/2025\/04\/24\/istanbul-da-deprem-korkusu-yasayan-istanbullular-geceyi-cadirlarda-gecirdi\/"]}]},{"@type":"BreadcrumbList","@id":"https:\/\/memurunsesi.net\/index.php\/2025\/04\/24\/istanbul-da-deprem-korkusu-yasayan-istanbullular-geceyi-cadirlarda-gecirdi\/#breadcrumb","itemListElement":[{"@type":"ListItem","position":1,"name":"Anasayfa","item":"https:\/\/memurunsesi.net\/"},{"@type":"ListItem","position":2,"name":"\u0130STANBUL da Deprem korkusu ya\u015fayan \u0130stanbullular geceyi \u00e7ad\u0131rlarda ge\u00e7irdi"}]},{"@type":"WebSite","@id":"https:\/\/memurunsesi.net\/#website","url":"https:\/\/memurunsesi.net\/","name":"Memurun Sesi","description":"G\u00fcncel ve Do\u011fru Haber","publisher":{"@id":"https:\/\/memurunsesi.net\/#organization"},"potentialAction":[{"@type":"SearchAction","target":{"@type":"EntryPoint","urlTemplate":"https:\/\/memurunsesi.net\/?s={search_term_string}"},"query-input":{"@type":"PropertyValueSpecification","valueRequired":true,"valueName":"search_term_string"}}],"inLanguage":"tr"},{"@type":"Organization","@id":"https:\/\/memurunsesi.net\/#organization","name":"Memurun Sesi","url":"https:\/\/memurunsesi.net\/","logo":{"@type":"ImageObject","inLanguage":"tr","@id":"https:\/\/memurunsesi.net\/#\/schema\/logo\/image\/","url":"https:\/\/memurunsesi.net\/wp-content\/uploads\/2025\/11\/cropped-MEMURUN-SESI.png","contentUrl":"https:\/\/memurunsesi.net\/wp-content\/uploads\/2025\/11\/cropped-MEMURUN-SESI.png","width":238,"height":57,"caption":"Memurun Sesi"},"image":{"@id":"https:\/\/memurunsesi.net\/#\/schema\/logo\/image\/"},"sameAs":["https:\/\/www.facebook.com\/unipersen\/?locale=tr_TR","https:\/\/x.com\/unipersen"]},{"@type":"Person","@id":"https:\/\/memurunsesi.net\/#\/schema\/person\/f21c2d73b89f6ee1d80b0a1803e38587","name":"Memurun Sesi Haber Merkezi","image":{"@type":"ImageObject","inLanguage":"tr","@id":"https:\/\/secure.gravatar.com\/avatar\/6cf0505f452ee753f485014986fab09a434671d2b919ee76fc541025c5876a70?s=96&d=mm&r=g","url":"https:\/\/secure.gravatar.com\/avatar\/6cf0505f452ee753f485014986fab09a434671d2b919ee76fc541025c5876a70?s=96&d=mm&r=g","contentUrl":"https:\/\/secure.gravatar.com\/avatar\/6cf0505f452ee753f485014986fab09a434671d2b919ee76fc541025c5876a70?s=96&d=mm&r=g","caption":"Memurun Sesi Haber Merkezi"},"sameAs":["https:\/\/memurunsesi.net"],"url":"https:\/\/memurunsesi.net\/index.php\/author\/uniper\/"}]}},"_links":{"self":[{"href":"https:\/\/memurunsesi.net\/index.php\/wp-json\/wp\/v2\/posts\/5900","targetHints":{"allow":["GET"]}}],"collection":[{"href":"https:\/\/memurunsesi.net\/index.php\/wp-json\/wp\/v2\/posts"}],"about":[{"href":"https:\/\/memurunsesi.net\/index.php\/wp-json\/wp\/v2\/types\/post"}],"author":[{"embeddable":true,"href":"https:\/\/memurunsesi.net\/index.php\/wp-json\/wp\/v2\/users\/1"}],"replies":[{"embeddable":true,"href":"https:\/\/memurunsesi.net\/index.php\/wp-json\/wp\/v2\/comments?post=5900"}],"version-history":[{"count":1,"href":"https:\/\/memurunsesi.net\/index.php\/wp-json\/wp\/v2\/posts\/5900\/revisions"}],"predecessor-version":[{"id":5902,"href":"https:\/\/memurunsesi.net\/index.php\/wp-json\/wp\/v2\/posts\/5900\/revisions\/5902"}],"wp:attachment":[{"href":"https:\/\/memurunsesi.net\/index.php\/wp-json\/wp\/v2\/media?parent=5900"}],"wp:term":[{"taxonomy":"category","embeddable":true,"href":"https:\/\/memurunsesi.net\/index.php\/wp-json\/wp\/v2\/categories?post=5900"},{"taxonomy":"post_tag","embeddable":true,"href":"https:\/\/memurunsesi.net\/index.php\/wp-json\/wp\/v2\/tags?post=5900"}],"curies":[{"name":"wp","href":"https:\/\/api.w.org\/{rel}","templated":true}]}}