{"id":5911,"date":"2025-04-24T08:43:59","date_gmt":"2025-04-24T05:43:59","guid":{"rendered":"https:\/\/memurunsesi.net\/?p=5911"},"modified":"2025-04-24T08:43:59","modified_gmt":"2025-04-24T05:43:59","slug":"yok-baskani-ozvar-istanbuldaki-tum-yuksekogretim-kurumlarimiz-persembe-ve-cuma-gunu-tatil-edilmistir","status":"publish","type":"post","link":"https:\/\/memurunsesi.net\/index.php\/2025\/04\/24\/yok-baskani-ozvar-istanbuldaki-tum-yuksekogretim-kurumlarimiz-persembe-ve-cuma-gunu-tatil-edilmistir\/","title":{"rendered":"Y\u00d6K Ba\u015fkan\u0131 \u00d6zvar: &#8220;\u0130stanbul\u2019daki t\u00fcm y\u00fcksek\u00f6\u011fretim kurumlar\u0131m\u0131z Per\u015fembe ve Cuma g\u00fcn\u00fc tatil edilmi\u015ftir&#8221;"},"content":{"rendered":"<p>\n Y\u00fcksek\u00f6\u011fretim Kurulu (Y\u00d6K) Ba\u015fkan\u0131 Erol \u00d6zvar, &#8220;\u0130stanbul\u2019daki t\u00fcm y\u00fcksek\u00f6\u011fretim kurumlar\u0131m\u0131z Per\u015fembe ve Cuma g\u00fcn\u00fc tatil edilmi\u015ftir&#8221; a\u00e7\u0131klamas\u0131nda bulundu.<br \/>\nY\u00d6K Ba\u015fkan\u0131 Erol \u00d6zvar, \u0130stanbul&#8217;da meydana gelen ve \u00e7evre illerden hissedilen 6.2 b\u00fcy\u00fckl\u00fc\u011f\u00fcndeki deprem sonras\u0131 &#8220;\u0130stanbul\u2019da meydana gelen deprem nedeniyle \u00e7ok \u015f\u00fck\u00fcr ki \u00fcniversitelerimizde herhangi bir olumsuzluk ya\u015fanmam\u0131\u015ft\u0131r. \u0130stanbul\u2019daki t\u00fcm y\u00fcksek\u00f6\u011fretim kurumlar\u0131m\u0131z Per\u015fembe ve Cuma g\u00fcn\u00fc tatil edilmi\u015ftir. T\u00fcm milletimize tekrar ge\u00e7mi\u015f olsun dileklerimi iletiyorum&#8221; a\u00e7\u0131klamas\u0131nda bulundu. <\/p>\n<p>23.04.2025                          <\/p>\n","protected":false},"excerpt":{"rendered":"<p>Y\u00fcksek\u00f6\u011fretim Kurulu (Y\u00d6K) Ba\u015fkan\u0131 Erol \u00d6zvar, &#8220;\u0130stanbul\u2019daki t\u00fcm y\u00fcksek\u00f6\u011fretim kurumlar\u0131m\u0131z Per\u015fembe ve Cuma g\u00fcn\u00fc tatil edilmi\u015ftir&#8221; a\u00e7\u0131klamas\u0131nda bulundu. Y\u00d6K Ba\u015fkan\u0131 Erol \u00d6zvar, \u0130stanbul&#8217;da meydana gelen ve \u00e7evre illerden hissedilen 6.2 b\u00fcy\u00fckl\u00fc\u011f\u00fcndeki deprem sonras\u0131 &#8220;\u0130stanbul\u2019da meydana gelen deprem nedeniyle \u00e7ok \u015f\u00fck\u00fcr ki \u00fcniversitelerimizde herhangi bir olumsuzluk ya\u015fanmam\u0131\u015ft\u0131r. \u0130stanbul\u2019daki t\u00fcm y\u00fcksek\u00f6\u011fretim kurumlar\u0131m\u0131z Per\u015fembe ve Cuma g\u00fcn\u00fc tatil [&hellip;]<\/p>\n","protected":false},"author":1,"featured_media":0,"comment_status":"open","ping_status":"open","sticky":false,"template":"","format":"standard","meta":{"footnotes":""},"categories":[1,47],"tags":[],"class_list":["post-5911","post","type-post","status-publish","format-standard","hentry","category-genel","category-universiteden-haberler"],"yoast_head":"<!-- This site is optimized with the Yoast SEO plugin v27.4 - https:\/\/yoast.com\/product\/yoast-seo-wordpress\/ -->\n<title>Y\u00d6K Ba\u015fkan\u0131 \u00d6zvar: &quot;\u0130stanbul\u2019daki t\u00fcm y\u00fcksek\u00f6\u011fretim kurumlar\u0131m\u0131z Per\u015fembe ve Cuma g\u00fcn\u00fc tatil edilmi\u015ftir&quot; - Memurun Sesi<\/title>\n<meta name=\"robots\" content=\"index, follow, max-snippet:-1, max-image-preview:large, max-video-preview:-1\" \/>\n<link rel=\"canonical\" href=\"https:\/\/memurunsesi.net\/index.php\/2025\/04\/24\/yok-baskani-ozvar-istanbuldaki-tum-yuksekogretim-kurumlarimiz-persembe-ve-cuma-gunu-tatil-edilmistir\/\" \/>\n<meta property=\"og:locale\" content=\"tr_TR\" \/>\n<meta property=\"og:type\" content=\"article\" \/>\n<meta property=\"og:title\" content=\"Y\u00d6K Ba\u015fkan\u0131 \u00d6zvar: &quot;\u0130stanbul\u2019daki t\u00fcm y\u00fcksek\u00f6\u011fretim kurumlar\u0131m\u0131z Per\u015fembe ve Cuma g\u00fcn\u00fc tatil edilmi\u015ftir&quot; - Memurun Sesi\" \/>\n<meta property=\"og:description\" content=\"Y\u00fcksek\u00f6\u011fretim Kurulu (Y\u00d6K) Ba\u015fkan\u0131 Erol \u00d6zvar, &#8220;\u0130stanbul\u2019daki t\u00fcm y\u00fcksek\u00f6\u011fretim kurumlar\u0131m\u0131z Per\u015fembe ve Cuma g\u00fcn\u00fc tatil edilmi\u015ftir&#8221; a\u00e7\u0131klamas\u0131nda bulundu. Y\u00d6K Ba\u015fkan\u0131 Erol \u00d6zvar, \u0130stanbul&#8217;da meydana gelen ve \u00e7evre illerden hissedilen 6.2 b\u00fcy\u00fckl\u00fc\u011f\u00fcndeki deprem sonras\u0131 &#8220;\u0130stanbul\u2019da meydana gelen deprem nedeniyle \u00e7ok \u015f\u00fck\u00fcr ki \u00fcniversitelerimizde herhangi bir olumsuzluk ya\u015fanmam\u0131\u015ft\u0131r. \u0130stanbul\u2019daki t\u00fcm y\u00fcksek\u00f6\u011fretim kurumlar\u0131m\u0131z Per\u015fembe ve Cuma g\u00fcn\u00fc tatil [&hellip;]\" \/>\n<meta property=\"og:url\" content=\"https:\/\/memurunsesi.net\/index.php\/2025\/04\/24\/yok-baskani-ozvar-istanbuldaki-tum-yuksekogretim-kurumlarimiz-persembe-ve-cuma-gunu-tatil-edilmistir\/\" \/>\n<meta property=\"og:site_name\" content=\"Memurun Sesi\" \/>\n<meta property=\"article:publisher\" content=\"https:\/\/www.facebook.com\/unipersen\/?locale=tr_TR\" \/>\n<meta property=\"article:published_time\" content=\"2025-04-24T05:43:59+00:00\" \/>\n<meta name=\"author\" content=\"Memurun Sesi Haber Merkezi\" \/>\n<meta name=\"twitter:card\" content=\"summary_large_image\" \/>\n<meta name=\"twitter:creator\" content=\"@unipersen\" \/>\n<meta name=\"twitter:site\" content=\"@unipersen\" \/>\n<meta name=\"twitter:label1\" content=\"Yazan:\" \/>\n\t<meta name=\"twitter:data1\" content=\"Memurun Sesi Haber Merkezi\" \/>\n<script type=\"application\/ld+json\" class=\"yoast-schema-graph\">{\"@context\":\"https:\\\/\\\/schema.org\",\"@graph\":[{\"@type\":\"Article\",\"@id\":\"https:\\\/\\\/memurunsesi.net\\\/index.php\\\/2025\\\/04\\\/24\\\/yok-baskani-ozvar-istanbuldaki-tum-yuksekogretim-kurumlarimiz-persembe-ve-cuma-gunu-tatil-edilmistir\\\/#article\",\"isPartOf\":{\"@id\":\"https:\\\/\\\/memurunsesi.net\\\/index.php\\\/2025\\\/04\\\/24\\\/yok-baskani-ozvar-istanbuldaki-tum-yuksekogretim-kurumlarimiz-persembe-ve-cuma-gunu-tatil-edilmistir\\\/\"},\"author\":{\"name\":\"Memurun Sesi Haber Merkezi\",\"@id\":\"https:\\\/\\\/memurunsesi.net\\\/#\\\/schema\\\/person\\\/f21c2d73b89f6ee1d80b0a1803e38587\"},\"headline\":\"Y\u00d6K Ba\u015fkan\u0131 \u00d6zvar: &#8220;\u0130stanbul\u2019daki t\u00fcm y\u00fcksek\u00f6\u011fretim kurumlar\u0131m\u0131z Per\u015fembe ve Cuma g\u00fcn\u00fc tatil edilmi\u015ftir&#8221;\",\"datePublished\":\"2025-04-24T05:43:59+00:00\",\"mainEntityOfPage\":{\"@id\":\"https:\\\/\\\/memurunsesi.net\\\/index.php\\\/2025\\\/04\\\/24\\\/yok-baskani-ozvar-istanbuldaki-tum-yuksekogretim-kurumlarimiz-persembe-ve-cuma-gunu-tatil-edilmistir\\\/\"},\"wordCount\":127,\"commentCount\":0,\"publisher\":{\"@id\":\"https:\\\/\\\/memurunsesi.net\\\/#organization\"},\"articleSection\":{\"1\":\"\u00dcniversiteden Haberler\"},\"inLanguage\":\"tr\",\"potentialAction\":[{\"@type\":\"CommentAction\",\"name\":\"Comment\",\"target\":[\"https:\\\/\\\/memurunsesi.net\\\/index.php\\\/2025\\\/04\\\/24\\\/yok-baskani-ozvar-istanbuldaki-tum-yuksekogretim-kurumlarimiz-persembe-ve-cuma-gunu-tatil-edilmistir\\\/#respond\"]}]},{\"@type\":\"WebPage\",\"@id\":\"https:\\\/\\\/memurunsesi.net\\\/index.php\\\/2025\\\/04\\\/24\\\/yok-baskani-ozvar-istanbuldaki-tum-yuksekogretim-kurumlarimiz-persembe-ve-cuma-gunu-tatil-edilmistir\\\/\",\"url\":\"https:\\\/\\\/memurunsesi.net\\\/index.php\\\/2025\\\/04\\\/24\\\/yok-baskani-ozvar-istanbuldaki-tum-yuksekogretim-kurumlarimiz-persembe-ve-cuma-gunu-tatil-edilmistir\\\/\",\"name\":\"Y\u00d6K Ba\u015fkan\u0131 \u00d6zvar: \\\"\u0130stanbul\u2019daki t\u00fcm y\u00fcksek\u00f6\u011fretim kurumlar\u0131m\u0131z Per\u015fembe ve Cuma g\u00fcn\u00fc tatil edilmi\u015ftir\\\" - Memurun Sesi\",\"isPartOf\":{\"@id\":\"https:\\\/\\\/memurunsesi.net\\\/#website\"},\"datePublished\":\"2025-04-24T05:43:59+00:00\",\"breadcrumb\":{\"@id\":\"https:\\\/\\\/memurunsesi.net\\\/index.php\\\/2025\\\/04\\\/24\\\/yok-baskani-ozvar-istanbuldaki-tum-yuksekogretim-kurumlarimiz-persembe-ve-cuma-gunu-tatil-edilmistir\\\/#breadcrumb\"},\"inLanguage\":\"tr\",\"potentialAction\":[{\"@type\":\"ReadAction\",\"target\":[\"https:\\\/\\\/memurunsesi.net\\\/index.php\\\/2025\\\/04\\\/24\\\/yok-baskani-ozvar-istanbuldaki-tum-yuksekogretim-kurumlarimiz-persembe-ve-cuma-gunu-tatil-edilmistir\\\/\"]}]},{\"@type\":\"BreadcrumbList\",\"@id\":\"https:\\\/\\\/memurunsesi.net\\\/index.php\\\/2025\\\/04\\\/24\\\/yok-baskani-ozvar-istanbuldaki-tum-yuksekogretim-kurumlarimiz-persembe-ve-cuma-gunu-tatil-edilmistir\\\/#breadcrumb\",\"itemListElement\":[{\"@type\":\"ListItem\",\"position\":1,\"name\":\"Anasayfa\",\"item\":\"https:\\\/\\\/memurunsesi.net\\\/\"},{\"@type\":\"ListItem\",\"position\":2,\"name\":\"Y\u00d6K Ba\u015fkan\u0131 \u00d6zvar: &#8220;\u0130stanbul\u2019daki t\u00fcm y\u00fcksek\u00f6\u011fretim kurumlar\u0131m\u0131z Per\u015fembe ve Cuma g\u00fcn\u00fc tatil edilmi\u015ftir&#8221;\"}]},{\"@type\":\"WebSite\",\"@id\":\"https:\\\/\\\/memurunsesi.net\\\/#website\",\"url\":\"https:\\\/\\\/memurunsesi.net\\\/\",\"name\":\"Memurun Sesi\",\"description\":\"G\u00fcncel ve Do\u011fru Haber\",\"publisher\":{\"@id\":\"https:\\\/\\\/memurunsesi.net\\\/#organization\"},\"potentialAction\":[{\"@type\":\"SearchAction\",\"target\":{\"@type\":\"EntryPoint\",\"urlTemplate\":\"https:\\\/\\\/memurunsesi.net\\\/?s={search_term_string}\"},\"query-input\":{\"@type\":\"PropertyValueSpecification\",\"valueRequired\":true,\"valueName\":\"search_term_string\"}}],\"inLanguage\":\"tr\"},{\"@type\":\"Organization\",\"@id\":\"https:\\\/\\\/memurunsesi.net\\\/#organization\",\"name\":\"Memurun Sesi\",\"url\":\"https:\\\/\\\/memurunsesi.net\\\/\",\"logo\":{\"@type\":\"ImageObject\",\"inLanguage\":\"tr\",\"@id\":\"https:\\\/\\\/memurunsesi.net\\\/#\\\/schema\\\/logo\\\/image\\\/\",\"url\":\"https:\\\/\\\/memurunsesi.net\\\/wp-content\\\/uploads\\\/2025\\\/11\\\/cropped-MEMURUN-SESI.png\",\"contentUrl\":\"https:\\\/\\\/memurunsesi.net\\\/wp-content\\\/uploads\\\/2025\\\/11\\\/cropped-MEMURUN-SESI.png\",\"width\":238,\"height\":57,\"caption\":\"Memurun Sesi\"},\"image\":{\"@id\":\"https:\\\/\\\/memurunsesi.net\\\/#\\\/schema\\\/logo\\\/image\\\/\"},\"sameAs\":[\"https:\\\/\\\/www.facebook.com\\\/unipersen\\\/?locale=tr_TR\",\"https:\\\/\\\/x.com\\\/unipersen\"]},{\"@type\":\"Person\",\"@id\":\"https:\\\/\\\/memurunsesi.net\\\/#\\\/schema\\\/person\\\/f21c2d73b89f6ee1d80b0a1803e38587\",\"name\":\"Memurun Sesi Haber Merkezi\",\"image\":{\"@type\":\"ImageObject\",\"inLanguage\":\"tr\",\"@id\":\"https:\\\/\\\/secure.gravatar.com\\\/avatar\\\/6cf0505f452ee753f485014986fab09a434671d2b919ee76fc541025c5876a70?s=96&d=mm&r=g\",\"url\":\"https:\\\/\\\/secure.gravatar.com\\\/avatar\\\/6cf0505f452ee753f485014986fab09a434671d2b919ee76fc541025c5876a70?s=96&d=mm&r=g\",\"contentUrl\":\"https:\\\/\\\/secure.gravatar.com\\\/avatar\\\/6cf0505f452ee753f485014986fab09a434671d2b919ee76fc541025c5876a70?s=96&d=mm&r=g\",\"caption\":\"Memurun Sesi Haber Merkezi\"},\"sameAs\":[\"https:\\\/\\\/memurunsesi.net\"],\"url\":\"https:\\\/\\\/memurunsesi.net\\\/index.php\\\/author\\\/uniper\\\/\"}]}<\/script>\n<!-- \/ Yoast SEO plugin. -->","yoast_head_json":{"title":"Y\u00d6K Ba\u015fkan\u0131 \u00d6zvar: \"\u0130stanbul\u2019daki t\u00fcm y\u00fcksek\u00f6\u011fretim kurumlar\u0131m\u0131z Per\u015fembe ve Cuma g\u00fcn\u00fc tatil edilmi\u015ftir\" - Memurun Sesi","robots":{"index":"index","follow":"follow","max-snippet":"max-snippet:-1","max-image-preview":"max-image-preview:large","max-video-preview":"max-video-preview:-1"},"canonical":"https:\/\/memurunsesi.net\/index.php\/2025\/04\/24\/yok-baskani-ozvar-istanbuldaki-tum-yuksekogretim-kurumlarimiz-persembe-ve-cuma-gunu-tatil-edilmistir\/","og_locale":"tr_TR","og_type":"article","og_title":"Y\u00d6K Ba\u015fkan\u0131 \u00d6zvar: \"\u0130stanbul\u2019daki t\u00fcm y\u00fcksek\u00f6\u011fretim kurumlar\u0131m\u0131z Per\u015fembe ve Cuma g\u00fcn\u00fc tatil edilmi\u015ftir\" - Memurun Sesi","og_description":"Y\u00fcksek\u00f6\u011fretim Kurulu (Y\u00d6K) Ba\u015fkan\u0131 Erol \u00d6zvar, &#8220;\u0130stanbul\u2019daki t\u00fcm y\u00fcksek\u00f6\u011fretim kurumlar\u0131m\u0131z Per\u015fembe ve Cuma g\u00fcn\u00fc tatil edilmi\u015ftir&#8221; a\u00e7\u0131klamas\u0131nda bulundu. Y\u00d6K Ba\u015fkan\u0131 Erol \u00d6zvar, \u0130stanbul&#8217;da meydana gelen ve \u00e7evre illerden hissedilen 6.2 b\u00fcy\u00fckl\u00fc\u011f\u00fcndeki deprem sonras\u0131 &#8220;\u0130stanbul\u2019da meydana gelen deprem nedeniyle \u00e7ok \u015f\u00fck\u00fcr ki \u00fcniversitelerimizde herhangi bir olumsuzluk ya\u015fanmam\u0131\u015ft\u0131r. \u0130stanbul\u2019daki t\u00fcm y\u00fcksek\u00f6\u011fretim kurumlar\u0131m\u0131z Per\u015fembe ve Cuma g\u00fcn\u00fc tatil [&hellip;]","og_url":"https:\/\/memurunsesi.net\/index.php\/2025\/04\/24\/yok-baskani-ozvar-istanbuldaki-tum-yuksekogretim-kurumlarimiz-persembe-ve-cuma-gunu-tatil-edilmistir\/","og_site_name":"Memurun Sesi","article_publisher":"https:\/\/www.facebook.com\/unipersen\/?locale=tr_TR","article_published_time":"2025-04-24T05:43:59+00:00","author":"Memurun Sesi Haber Merkezi","twitter_card":"summary_large_image","twitter_creator":"@unipersen","twitter_site":"@unipersen","twitter_misc":{"Yazan:":"Memurun Sesi Haber Merkezi"},"schema":{"@context":"https:\/\/schema.org","@graph":[{"@type":"Article","@id":"https:\/\/memurunsesi.net\/index.php\/2025\/04\/24\/yok-baskani-ozvar-istanbuldaki-tum-yuksekogretim-kurumlarimiz-persembe-ve-cuma-gunu-tatil-edilmistir\/#article","isPartOf":{"@id":"https:\/\/memurunsesi.net\/index.php\/2025\/04\/24\/yok-baskani-ozvar-istanbuldaki-tum-yuksekogretim-kurumlarimiz-persembe-ve-cuma-gunu-tatil-edilmistir\/"},"author":{"name":"Memurun Sesi Haber Merkezi","@id":"https:\/\/memurunsesi.net\/#\/schema\/person\/f21c2d73b89f6ee1d80b0a1803e38587"},"headline":"Y\u00d6K Ba\u015fkan\u0131 \u00d6zvar: &#8220;\u0130stanbul\u2019daki t\u00fcm y\u00fcksek\u00f6\u011fretim kurumlar\u0131m\u0131z Per\u015fembe ve Cuma g\u00fcn\u00fc tatil edilmi\u015ftir&#8221;","datePublished":"2025-04-24T05:43:59+00:00","mainEntityOfPage":{"@id":"https:\/\/memurunsesi.net\/index.php\/2025\/04\/24\/yok-baskani-ozvar-istanbuldaki-tum-yuksekogretim-kurumlarimiz-persembe-ve-cuma-gunu-tatil-edilmistir\/"},"wordCount":127,"commentCount":0,"publisher":{"@id":"https:\/\/memurunsesi.net\/#organization"},"articleSection":{"1":"\u00dcniversiteden Haberler"},"inLanguage":"tr","potentialAction":[{"@type":"CommentAction","name":"Comment","target":["https:\/\/memurunsesi.net\/index.php\/2025\/04\/24\/yok-baskani-ozvar-istanbuldaki-tum-yuksekogretim-kurumlarimiz-persembe-ve-cuma-gunu-tatil-edilmistir\/#respond"]}]},{"@type":"WebPage","@id":"https:\/\/memurunsesi.net\/index.php\/2025\/04\/24\/yok-baskani-ozvar-istanbuldaki-tum-yuksekogretim-kurumlarimiz-persembe-ve-cuma-gunu-tatil-edilmistir\/","url":"https:\/\/memurunsesi.net\/index.php\/2025\/04\/24\/yok-baskani-ozvar-istanbuldaki-tum-yuksekogretim-kurumlarimiz-persembe-ve-cuma-gunu-tatil-edilmistir\/","name":"Y\u00d6K Ba\u015fkan\u0131 \u00d6zvar: \"\u0130stanbul\u2019daki t\u00fcm y\u00fcksek\u00f6\u011fretim kurumlar\u0131m\u0131z Per\u015fembe ve Cuma g\u00fcn\u00fc tatil edilmi\u015ftir\" - Memurun Sesi","isPartOf":{"@id":"https:\/\/memurunsesi.net\/#website"},"datePublished":"2025-04-24T05:43:59+00:00","breadcrumb":{"@id":"https:\/\/memurunsesi.net\/index.php\/2025\/04\/24\/yok-baskani-ozvar-istanbuldaki-tum-yuksekogretim-kurumlarimiz-persembe-ve-cuma-gunu-tatil-edilmistir\/#breadcrumb"},"inLanguage":"tr","potentialAction":[{"@type":"ReadAction","target":["https:\/\/memurunsesi.net\/index.php\/2025\/04\/24\/yok-baskani-ozvar-istanbuldaki-tum-yuksekogretim-kurumlarimiz-persembe-ve-cuma-gunu-tatil-edilmistir\/"]}]},{"@type":"BreadcrumbList","@id":"https:\/\/memurunsesi.net\/index.php\/2025\/04\/24\/yok-baskani-ozvar-istanbuldaki-tum-yuksekogretim-kurumlarimiz-persembe-ve-cuma-gunu-tatil-edilmistir\/#breadcrumb","itemListElement":[{"@type":"ListItem","position":1,"name":"Anasayfa","item":"https:\/\/memurunsesi.net\/"},{"@type":"ListItem","position":2,"name":"Y\u00d6K Ba\u015fkan\u0131 \u00d6zvar: &#8220;\u0130stanbul\u2019daki t\u00fcm y\u00fcksek\u00f6\u011fretim kurumlar\u0131m\u0131z Per\u015fembe ve Cuma g\u00fcn\u00fc tatil edilmi\u015ftir&#8221;"}]},{"@type":"WebSite","@id":"https:\/\/memurunsesi.net\/#website","url":"https:\/\/memurunsesi.net\/","name":"Memurun Sesi","description":"G\u00fcncel ve Do\u011fru Haber","publisher":{"@id":"https:\/\/memurunsesi.net\/#organization"},"potentialAction":[{"@type":"SearchAction","target":{"@type":"EntryPoint","urlTemplate":"https:\/\/memurunsesi.net\/?s={search_term_string}"},"query-input":{"@type":"PropertyValueSpecification","valueRequired":true,"valueName":"search_term_string"}}],"inLanguage":"tr"},{"@type":"Organization","@id":"https:\/\/memurunsesi.net\/#organization","name":"Memurun Sesi","url":"https:\/\/memurunsesi.net\/","logo":{"@type":"ImageObject","inLanguage":"tr","@id":"https:\/\/memurunsesi.net\/#\/schema\/logo\/image\/","url":"https:\/\/memurunsesi.net\/wp-content\/uploads\/2025\/11\/cropped-MEMURUN-SESI.png","contentUrl":"https:\/\/memurunsesi.net\/wp-content\/uploads\/2025\/11\/cropped-MEMURUN-SESI.png","width":238,"height":57,"caption":"Memurun Sesi"},"image":{"@id":"https:\/\/memurunsesi.net\/#\/schema\/logo\/image\/"},"sameAs":["https:\/\/www.facebook.com\/unipersen\/?locale=tr_TR","https:\/\/x.com\/unipersen"]},{"@type":"Person","@id":"https:\/\/memurunsesi.net\/#\/schema\/person\/f21c2d73b89f6ee1d80b0a1803e38587","name":"Memurun Sesi Haber Merkezi","image":{"@type":"ImageObject","inLanguage":"tr","@id":"https:\/\/secure.gravatar.com\/avatar\/6cf0505f452ee753f485014986fab09a434671d2b919ee76fc541025c5876a70?s=96&d=mm&r=g","url":"https:\/\/secure.gravatar.com\/avatar\/6cf0505f452ee753f485014986fab09a434671d2b919ee76fc541025c5876a70?s=96&d=mm&r=g","contentUrl":"https:\/\/secure.gravatar.com\/avatar\/6cf0505f452ee753f485014986fab09a434671d2b919ee76fc541025c5876a70?s=96&d=mm&r=g","caption":"Memurun Sesi Haber Merkezi"},"sameAs":["https:\/\/memurunsesi.net"],"url":"https:\/\/memurunsesi.net\/index.php\/author\/uniper\/"}]}},"_links":{"self":[{"href":"https:\/\/memurunsesi.net\/index.php\/wp-json\/wp\/v2\/posts\/5911","targetHints":{"allow":["GET"]}}],"collection":[{"href":"https:\/\/memurunsesi.net\/index.php\/wp-json\/wp\/v2\/posts"}],"about":[{"href":"https:\/\/memurunsesi.net\/index.php\/wp-json\/wp\/v2\/types\/post"}],"author":[{"embeddable":true,"href":"https:\/\/memurunsesi.net\/index.php\/wp-json\/wp\/v2\/users\/1"}],"replies":[{"embeddable":true,"href":"https:\/\/memurunsesi.net\/index.php\/wp-json\/wp\/v2\/comments?post=5911"}],"version-history":[{"count":1,"href":"https:\/\/memurunsesi.net\/index.php\/wp-json\/wp\/v2\/posts\/5911\/revisions"}],"predecessor-version":[{"id":5912,"href":"https:\/\/memurunsesi.net\/index.php\/wp-json\/wp\/v2\/posts\/5911\/revisions\/5912"}],"wp:attachment":[{"href":"https:\/\/memurunsesi.net\/index.php\/wp-json\/wp\/v2\/media?parent=5911"}],"wp:term":[{"taxonomy":"category","embeddable":true,"href":"https:\/\/memurunsesi.net\/index.php\/wp-json\/wp\/v2\/categories?post=5911"},{"taxonomy":"post_tag","embeddable":true,"href":"https:\/\/memurunsesi.net\/index.php\/wp-json\/wp\/v2\/tags?post=5911"}],"curies":[{"name":"wp","href":"https:\/\/api.w.org\/{rel}","templated":true}]}}