{"id":5913,"date":"2025-04-24T08:45:55","date_gmt":"2025-04-24T05:45:55","guid":{"rendered":"https:\/\/memurunsesi.net\/?p=5913"},"modified":"2025-04-24T08:45:55","modified_gmt":"2025-04-24T05:45:55","slug":"silivri-belediye-baskani-balcioglu-deprem-sonrasi-alibey-kapali-spor-salonunu-ziyaret-etti","status":"publish","type":"post","link":"https:\/\/memurunsesi.net\/index.php\/2025\/04\/24\/silivri-belediye-baskani-balcioglu-deprem-sonrasi-alibey-kapali-spor-salonunu-ziyaret-etti\/","title":{"rendered":"Silivri Belediye Ba\u015fkan\u0131 Balc\u0131o\u011flu, deprem sonras\u0131 Alibey Kapal\u0131 Spor Salonu\u2019nu ziyaret etti"},"content":{"rendered":"<p><figure id=\"attachment_5915\" aria-describedby=\"caption-attachment-5915\" style=\"width: 300px\" class=\"wp-caption alignnone\"><img  title=\"\" fetchpriority=\"high\" decoding=\"async\" src=\"https:\/\/memurunsesi.net\/wp-content\/uploads\/2025\/04\/AW439729_05-300x200.jpg\"  alt=\"AW439729_05-300x200 Silivri Belediye Ba\u015fkan\u0131 Balc\u0131o\u011flu, deprem sonras\u0131 Alibey Kapal\u0131 Spor Salonu\u2019nu ziyaret etti\"  width=\"300\" height=\"200\" class=\"size-medium wp-image-5915\" srcset=\"https:\/\/memurunsesi.net\/wp-content\/uploads\/2025\/04\/AW439729_05-300x200.jpg 300w, https:\/\/memurunsesi.net\/wp-content\/uploads\/2025\/04\/AW439729_05-1024x684.jpg 1024w, https:\/\/memurunsesi.net\/wp-content\/uploads\/2025\/04\/AW439729_05-768x513.jpg 768w, https:\/\/memurunsesi.net\/wp-content\/uploads\/2025\/04\/AW439729_05-600x401.jpg 600w, https:\/\/memurunsesi.net\/wp-content\/uploads\/2025\/04\/AW439729_05.jpg 1078w\" sizes=\"(max-width: 300px) 100vw, 300px\" \/><figcaption id=\"caption-attachment-5915\" class=\"wp-caption-text\">S\u0130L\u0130VR\u0130 BELED\u0130YE BA\u015eKANI BORA BALCIO\u011eLU, S\u0130L\u0130VR\u0130 KAYMAKAMI TOLGA TO\u011eAN \u0130LE DEPREM SONRASI GE\u00c7\u0130C\u0130 BARINMA ALANLARINDAN B\u0130R\u0130 OLAN AL\u0130BEY KAPALI SPOR SALONU&#8217;NU Z\u0130YARET ETT\u0130. (YUSUF EKER\/\u0130STANBUL-\u0130HA)<br \/>Silivri Belediye Ba\u015fkan\u0131 Bora Balc\u0131o\u011flu, Silivri Kaymakam\u0131 Tolga To\u011fan ile deprem sonras\u0131 ge\u00e7ici bar\u0131nma alanlar\u0131ndan biri olan Alibey Kapal\u0131 Spor Salonu&#8217;nu ziyaret etti.<\/figcaption><\/figure> Silivri Belediye Ba\u015fkan\u0131 Bora Balc\u0131o\u011flu, Silivri Kaymakam\u0131 Tolga To\u011fan ile deprem sonras\u0131 ge\u00e7ici bar\u0131nma alanlar\u0131ndan biri olan Alibey Kapal\u0131 Spor Salonu\u2019nu ziyaret etti.<br \/>\n  Silivri Belediye Ba\u015fkan\u0131, 23 Nisan \u00c7ar\u015famba g\u00fcn\u00fc ya\u015fanan deprem sonras\u0131 ge\u00e7ici bar\u0131nma alanlar\u0131ndan biri olan Alibey Kapal\u0131 Spor Salonu\u2019nu, Silivri Kaymakam\u0131 Tolga To\u011fan ile ziyaret etti. Deprem nedeniyle geceyi Spor Salonu\u2019nda ge\u00e7iren vatanda\u015flara moral vermek amac\u0131yla ger\u00e7ekle\u015fen ziyarette, belediyenin afet sonras\u0131 yapt\u0131\u011f\u0131 \u00e7al\u0131\u015fmalar hakk\u0131nda bilgi verildi. Ba\u015fkan Balc\u0131o\u011flu, t\u00fcm Silivri halk\u0131na ge\u00e7mi\u015f olsun dileklerini iletirken, bir daha b\u00f6yle afetlerle kar\u015f\u0131la\u015fmamay\u0131 temenni etti. <\/p>\n<p>24.04.2025                          <\/p>\n","protected":false},"excerpt":{"rendered":"<p>Silivri Belediye Ba\u015fkan\u0131 Bora Balc\u0131o\u011flu, Silivri Kaymakam\u0131 Tolga To\u011fan ile deprem sonras\u0131 ge\u00e7ici bar\u0131nma alanlar\u0131ndan biri olan Alibey Kapal\u0131 Spor Salonu\u2019nu ziyaret etti. Silivri Belediye Ba\u015fkan\u0131, 23 Nisan \u00c7ar\u015famba g\u00fcn\u00fc ya\u015fanan deprem sonras\u0131 ge\u00e7ici bar\u0131nma alanlar\u0131ndan biri olan Alibey Kapal\u0131 Spor Salonu\u2019nu, Silivri Kaymakam\u0131 Tolga To\u011fan ile ziyaret etti. Deprem nedeniyle geceyi Spor Salonu\u2019nda ge\u00e7iren [&hellip;]<\/p>\n","protected":false},"author":1,"featured_media":5914,"comment_status":"open","ping_status":"open","sticky":false,"template":"","format":"standard","meta":{"footnotes":""},"categories":[1],"tags":[],"class_list":["post-5913","post","type-post","status-publish","format-standard","has-post-thumbnail","hentry","category-genel"],"yoast_head":"<!-- This site is optimized with the Yoast SEO plugin v27.4 - https:\/\/yoast.com\/product\/yoast-seo-wordpress\/ -->\n<title>Silivri Belediye Ba\u015fkan\u0131 Balc\u0131o\u011flu, deprem sonras\u0131 Alibey Kapal\u0131 Spor Salonu\u2019nu ziyaret etti - Memurun Sesi<\/title>\n<meta name=\"robots\" content=\"index, follow, max-snippet:-1, max-image-preview:large, max-video-preview:-1\" \/>\n<link rel=\"canonical\" href=\"https:\/\/memurunsesi.net\/index.php\/2025\/04\/24\/silivri-belediye-baskani-balcioglu-deprem-sonrasi-alibey-kapali-spor-salonunu-ziyaret-etti\/\" \/>\n<meta property=\"og:locale\" content=\"tr_TR\" \/>\n<meta property=\"og:type\" content=\"article\" \/>\n<meta property=\"og:title\" content=\"Silivri Belediye Ba\u015fkan\u0131 Balc\u0131o\u011flu, deprem sonras\u0131 Alibey Kapal\u0131 Spor Salonu\u2019nu ziyaret etti - Memurun Sesi\" \/>\n<meta property=\"og:description\" content=\"Silivri Belediye Ba\u015fkan\u0131 Bora Balc\u0131o\u011flu, Silivri Kaymakam\u0131 Tolga To\u011fan ile deprem sonras\u0131 ge\u00e7ici bar\u0131nma alanlar\u0131ndan biri olan Alibey Kapal\u0131 Spor Salonu\u2019nu ziyaret etti. Silivri Belediye Ba\u015fkan\u0131, 23 Nisan \u00c7ar\u015famba g\u00fcn\u00fc ya\u015fanan deprem sonras\u0131 ge\u00e7ici bar\u0131nma alanlar\u0131ndan biri olan Alibey Kapal\u0131 Spor Salonu\u2019nu, Silivri Kaymakam\u0131 Tolga To\u011fan ile ziyaret etti. Deprem nedeniyle geceyi Spor Salonu\u2019nda ge\u00e7iren [&hellip;]\" \/>\n<meta property=\"og:url\" content=\"https:\/\/memurunsesi.net\/index.php\/2025\/04\/24\/silivri-belediye-baskani-balcioglu-deprem-sonrasi-alibey-kapali-spor-salonunu-ziyaret-etti\/\" \/>\n<meta property=\"og:site_name\" content=\"Memurun Sesi\" \/>\n<meta property=\"article:publisher\" content=\"https:\/\/www.facebook.com\/unipersen\/?locale=tr_TR\" \/>\n<meta property=\"article:published_time\" content=\"2025-04-24T05:45:55+00:00\" \/>\n<meta property=\"og:image\" content=\"https:\/\/memurunsesi.net\/wp-content\/uploads\/2025\/04\/AW439729_01.jpg\" \/>\n\t<meta property=\"og:image:width\" content=\"1078\" \/>\n\t<meta property=\"og:image:height\" content=\"720\" \/>\n\t<meta property=\"og:image:type\" content=\"image\/jpeg\" \/>\n<meta name=\"author\" content=\"Memurun Sesi Haber Merkezi\" \/>\n<meta name=\"twitter:card\" content=\"summary_large_image\" \/>\n<meta name=\"twitter:creator\" content=\"@unipersen\" \/>\n<meta name=\"twitter:site\" content=\"@unipersen\" \/>\n<meta name=\"twitter:label1\" content=\"Yazan:\" \/>\n\t<meta name=\"twitter:data1\" content=\"Memurun Sesi Haber Merkezi\" \/>\n\t<meta name=\"twitter:label2\" content=\"Tahmini okuma s\u00fcresi\" \/>\n\t<meta name=\"twitter:data2\" content=\"1 dakika\" \/>\n<script type=\"application\/ld+json\" class=\"yoast-schema-graph\">{\"@context\":\"https:\\\/\\\/schema.org\",\"@graph\":[{\"@type\":\"Article\",\"@id\":\"https:\\\/\\\/memurunsesi.net\\\/index.php\\\/2025\\\/04\\\/24\\\/silivri-belediye-baskani-balcioglu-deprem-sonrasi-alibey-kapali-spor-salonunu-ziyaret-etti\\\/#article\",\"isPartOf\":{\"@id\":\"https:\\\/\\\/memurunsesi.net\\\/index.php\\\/2025\\\/04\\\/24\\\/silivri-belediye-baskani-balcioglu-deprem-sonrasi-alibey-kapali-spor-salonunu-ziyaret-etti\\\/\"},\"author\":{\"name\":\"Memurun Sesi Haber Merkezi\",\"@id\":\"https:\\\/\\\/memurunsesi.net\\\/#\\\/schema\\\/person\\\/f21c2d73b89f6ee1d80b0a1803e38587\"},\"headline\":\"Silivri Belediye Ba\u015fkan\u0131 Balc\u0131o\u011flu, deprem sonras\u0131 Alibey Kapal\u0131 Spor Salonu\u2019nu ziyaret etti\",\"datePublished\":\"2025-04-24T05:45:55+00:00\",\"mainEntityOfPage\":{\"@id\":\"https:\\\/\\\/memurunsesi.net\\\/index.php\\\/2025\\\/04\\\/24\\\/silivri-belediye-baskani-balcioglu-deprem-sonrasi-alibey-kapali-spor-salonunu-ziyaret-etti\\\/\"},\"wordCount\":212,\"commentCount\":0,\"publisher\":{\"@id\":\"https:\\\/\\\/memurunsesi.net\\\/#organization\"},\"image\":{\"@id\":\"https:\\\/\\\/memurunsesi.net\\\/index.php\\\/2025\\\/04\\\/24\\\/silivri-belediye-baskani-balcioglu-deprem-sonrasi-alibey-kapali-spor-salonunu-ziyaret-etti\\\/#primaryimage\"},\"thumbnailUrl\":\"https:\\\/\\\/memurunsesi.net\\\/wp-content\\\/uploads\\\/2025\\\/04\\\/AW439729_01.jpg\",\"inLanguage\":\"tr\",\"potentialAction\":[{\"@type\":\"CommentAction\",\"name\":\"Comment\",\"target\":[\"https:\\\/\\\/memurunsesi.net\\\/index.php\\\/2025\\\/04\\\/24\\\/silivri-belediye-baskani-balcioglu-deprem-sonrasi-alibey-kapali-spor-salonunu-ziyaret-etti\\\/#respond\"]}]},{\"@type\":\"WebPage\",\"@id\":\"https:\\\/\\\/memurunsesi.net\\\/index.php\\\/2025\\\/04\\\/24\\\/silivri-belediye-baskani-balcioglu-deprem-sonrasi-alibey-kapali-spor-salonunu-ziyaret-etti\\\/\",\"url\":\"https:\\\/\\\/memurunsesi.net\\\/index.php\\\/2025\\\/04\\\/24\\\/silivri-belediye-baskani-balcioglu-deprem-sonrasi-alibey-kapali-spor-salonunu-ziyaret-etti\\\/\",\"name\":\"Silivri Belediye Ba\u015fkan\u0131 Balc\u0131o\u011flu, deprem sonras\u0131 Alibey Kapal\u0131 Spor Salonu\u2019nu ziyaret etti - Memurun Sesi\",\"isPartOf\":{\"@id\":\"https:\\\/\\\/memurunsesi.net\\\/#website\"},\"primaryImageOfPage\":{\"@id\":\"https:\\\/\\\/memurunsesi.net\\\/index.php\\\/2025\\\/04\\\/24\\\/silivri-belediye-baskani-balcioglu-deprem-sonrasi-alibey-kapali-spor-salonunu-ziyaret-etti\\\/#primaryimage\"},\"image\":{\"@id\":\"https:\\\/\\\/memurunsesi.net\\\/index.php\\\/2025\\\/04\\\/24\\\/silivri-belediye-baskani-balcioglu-deprem-sonrasi-alibey-kapali-spor-salonunu-ziyaret-etti\\\/#primaryimage\"},\"thumbnailUrl\":\"https:\\\/\\\/memurunsesi.net\\\/wp-content\\\/uploads\\\/2025\\\/04\\\/AW439729_01.jpg\",\"datePublished\":\"2025-04-24T05:45:55+00:00\",\"breadcrumb\":{\"@id\":\"https:\\\/\\\/memurunsesi.net\\\/index.php\\\/2025\\\/04\\\/24\\\/silivri-belediye-baskani-balcioglu-deprem-sonrasi-alibey-kapali-spor-salonunu-ziyaret-etti\\\/#breadcrumb\"},\"inLanguage\":\"tr\",\"potentialAction\":[{\"@type\":\"ReadAction\",\"target\":[\"https:\\\/\\\/memurunsesi.net\\\/index.php\\\/2025\\\/04\\\/24\\\/silivri-belediye-baskani-balcioglu-deprem-sonrasi-alibey-kapali-spor-salonunu-ziyaret-etti\\\/\"]}]},{\"@type\":\"ImageObject\",\"inLanguage\":\"tr\",\"@id\":\"https:\\\/\\\/memurunsesi.net\\\/index.php\\\/2025\\\/04\\\/24\\\/silivri-belediye-baskani-balcioglu-deprem-sonrasi-alibey-kapali-spor-salonunu-ziyaret-etti\\\/#primaryimage\",\"url\":\"https:\\\/\\\/memurunsesi.net\\\/wp-content\\\/uploads\\\/2025\\\/04\\\/AW439729_01.jpg\",\"contentUrl\":\"https:\\\/\\\/memurunsesi.net\\\/wp-content\\\/uploads\\\/2025\\\/04\\\/AW439729_01.jpg\",\"width\":1078,\"height\":720,\"caption\":\"S\u0130L\u0130VR\u0130 BELED\u0130YE BA\u015eKANI BORA BALCIO\u011eLU, S\u0130L\u0130VR\u0130 KAYMAKAMI TOLGA TO\u011eAN \u0130LE DEPREM SONRASI GE\u00c7\u0130C\u0130 BARINMA ALANLARINDAN B\u0130R\u0130 OLAN AL\u0130BEY KAPALI SPOR SALONU'NU Z\u0130YARET ETT\u0130. (YUSUF EKER\\\/\u0130STANBUL-\u0130HA) Silivri Belediye Ba\u015fkan\u0131 Bora Balc\u0131o\u011flu, Silivri Kaymakam\u0131 Tolga To\u011fan ile deprem sonras\u0131 ge\u00e7ici bar\u0131nma alanlar\u0131ndan biri olan Alibey Kapal\u0131 Spor Salonu'nu ziyaret etti.\"},{\"@type\":\"BreadcrumbList\",\"@id\":\"https:\\\/\\\/memurunsesi.net\\\/index.php\\\/2025\\\/04\\\/24\\\/silivri-belediye-baskani-balcioglu-deprem-sonrasi-alibey-kapali-spor-salonunu-ziyaret-etti\\\/#breadcrumb\",\"itemListElement\":[{\"@type\":\"ListItem\",\"position\":1,\"name\":\"Anasayfa\",\"item\":\"https:\\\/\\\/memurunsesi.net\\\/\"},{\"@type\":\"ListItem\",\"position\":2,\"name\":\"Silivri Belediye Ba\u015fkan\u0131 Balc\u0131o\u011flu, deprem sonras\u0131 Alibey Kapal\u0131 Spor Salonu\u2019nu ziyaret etti\"}]},{\"@type\":\"WebSite\",\"@id\":\"https:\\\/\\\/memurunsesi.net\\\/#website\",\"url\":\"https:\\\/\\\/memurunsesi.net\\\/\",\"name\":\"Memurun Sesi\",\"description\":\"G\u00fcncel ve Do\u011fru Haber\",\"publisher\":{\"@id\":\"https:\\\/\\\/memurunsesi.net\\\/#organization\"},\"potentialAction\":[{\"@type\":\"SearchAction\",\"target\":{\"@type\":\"EntryPoint\",\"urlTemplate\":\"https:\\\/\\\/memurunsesi.net\\\/?s={search_term_string}\"},\"query-input\":{\"@type\":\"PropertyValueSpecification\",\"valueRequired\":true,\"valueName\":\"search_term_string\"}}],\"inLanguage\":\"tr\"},{\"@type\":\"Organization\",\"@id\":\"https:\\\/\\\/memurunsesi.net\\\/#organization\",\"name\":\"Memurun Sesi\",\"url\":\"https:\\\/\\\/memurunsesi.net\\\/\",\"logo\":{\"@type\":\"ImageObject\",\"inLanguage\":\"tr\",\"@id\":\"https:\\\/\\\/memurunsesi.net\\\/#\\\/schema\\\/logo\\\/image\\\/\",\"url\":\"https:\\\/\\\/memurunsesi.net\\\/wp-content\\\/uploads\\\/2025\\\/11\\\/cropped-MEMURUN-SESI.png\",\"contentUrl\":\"https:\\\/\\\/memurunsesi.net\\\/wp-content\\\/uploads\\\/2025\\\/11\\\/cropped-MEMURUN-SESI.png\",\"width\":238,\"height\":57,\"caption\":\"Memurun Sesi\"},\"image\":{\"@id\":\"https:\\\/\\\/memurunsesi.net\\\/#\\\/schema\\\/logo\\\/image\\\/\"},\"sameAs\":[\"https:\\\/\\\/www.facebook.com\\\/unipersen\\\/?locale=tr_TR\",\"https:\\\/\\\/x.com\\\/unipersen\"]},{\"@type\":\"Person\",\"@id\":\"https:\\\/\\\/memurunsesi.net\\\/#\\\/schema\\\/person\\\/f21c2d73b89f6ee1d80b0a1803e38587\",\"name\":\"Memurun Sesi Haber Merkezi\",\"image\":{\"@type\":\"ImageObject\",\"inLanguage\":\"tr\",\"@id\":\"https:\\\/\\\/secure.gravatar.com\\\/avatar\\\/6cf0505f452ee753f485014986fab09a434671d2b919ee76fc541025c5876a70?s=96&d=mm&r=g\",\"url\":\"https:\\\/\\\/secure.gravatar.com\\\/avatar\\\/6cf0505f452ee753f485014986fab09a434671d2b919ee76fc541025c5876a70?s=96&d=mm&r=g\",\"contentUrl\":\"https:\\\/\\\/secure.gravatar.com\\\/avatar\\\/6cf0505f452ee753f485014986fab09a434671d2b919ee76fc541025c5876a70?s=96&d=mm&r=g\",\"caption\":\"Memurun Sesi Haber Merkezi\"},\"sameAs\":[\"https:\\\/\\\/memurunsesi.net\"],\"url\":\"https:\\\/\\\/memurunsesi.net\\\/index.php\\\/author\\\/uniper\\\/\"}]}<\/script>\n<!-- \/ Yoast SEO plugin. -->","yoast_head_json":{"title":"Silivri Belediye Ba\u015fkan\u0131 Balc\u0131o\u011flu, deprem sonras\u0131 Alibey Kapal\u0131 Spor Salonu\u2019nu ziyaret etti - Memurun Sesi","robots":{"index":"index","follow":"follow","max-snippet":"max-snippet:-1","max-image-preview":"max-image-preview:large","max-video-preview":"max-video-preview:-1"},"canonical":"https:\/\/memurunsesi.net\/index.php\/2025\/04\/24\/silivri-belediye-baskani-balcioglu-deprem-sonrasi-alibey-kapali-spor-salonunu-ziyaret-etti\/","og_locale":"tr_TR","og_type":"article","og_title":"Silivri Belediye Ba\u015fkan\u0131 Balc\u0131o\u011flu, deprem sonras\u0131 Alibey Kapal\u0131 Spor Salonu\u2019nu ziyaret etti - Memurun Sesi","og_description":"Silivri Belediye Ba\u015fkan\u0131 Bora Balc\u0131o\u011flu, Silivri Kaymakam\u0131 Tolga To\u011fan ile deprem sonras\u0131 ge\u00e7ici bar\u0131nma alanlar\u0131ndan biri olan Alibey Kapal\u0131 Spor Salonu\u2019nu ziyaret etti. Silivri Belediye Ba\u015fkan\u0131, 23 Nisan \u00c7ar\u015famba g\u00fcn\u00fc ya\u015fanan deprem sonras\u0131 ge\u00e7ici bar\u0131nma alanlar\u0131ndan biri olan Alibey Kapal\u0131 Spor Salonu\u2019nu, Silivri Kaymakam\u0131 Tolga To\u011fan ile ziyaret etti. Deprem nedeniyle geceyi Spor Salonu\u2019nda ge\u00e7iren [&hellip;]","og_url":"https:\/\/memurunsesi.net\/index.php\/2025\/04\/24\/silivri-belediye-baskani-balcioglu-deprem-sonrasi-alibey-kapali-spor-salonunu-ziyaret-etti\/","og_site_name":"Memurun Sesi","article_publisher":"https:\/\/www.facebook.com\/unipersen\/?locale=tr_TR","article_published_time":"2025-04-24T05:45:55+00:00","og_image":[{"width":1078,"height":720,"url":"https:\/\/memurunsesi.net\/wp-content\/uploads\/2025\/04\/AW439729_01.jpg","type":"image\/jpeg"}],"author":"Memurun Sesi Haber Merkezi","twitter_card":"summary_large_image","twitter_creator":"@unipersen","twitter_site":"@unipersen","twitter_misc":{"Yazan:":"Memurun Sesi Haber Merkezi","Tahmini okuma s\u00fcresi":"1 dakika"},"schema":{"@context":"https:\/\/schema.org","@graph":[{"@type":"Article","@id":"https:\/\/memurunsesi.net\/index.php\/2025\/04\/24\/silivri-belediye-baskani-balcioglu-deprem-sonrasi-alibey-kapali-spor-salonunu-ziyaret-etti\/#article","isPartOf":{"@id":"https:\/\/memurunsesi.net\/index.php\/2025\/04\/24\/silivri-belediye-baskani-balcioglu-deprem-sonrasi-alibey-kapali-spor-salonunu-ziyaret-etti\/"},"author":{"name":"Memurun Sesi Haber Merkezi","@id":"https:\/\/memurunsesi.net\/#\/schema\/person\/f21c2d73b89f6ee1d80b0a1803e38587"},"headline":"Silivri Belediye Ba\u015fkan\u0131 Balc\u0131o\u011flu, deprem sonras\u0131 Alibey Kapal\u0131 Spor Salonu\u2019nu ziyaret etti","datePublished":"2025-04-24T05:45:55+00:00","mainEntityOfPage":{"@id":"https:\/\/memurunsesi.net\/index.php\/2025\/04\/24\/silivri-belediye-baskani-balcioglu-deprem-sonrasi-alibey-kapali-spor-salonunu-ziyaret-etti\/"},"wordCount":212,"commentCount":0,"publisher":{"@id":"https:\/\/memurunsesi.net\/#organization"},"image":{"@id":"https:\/\/memurunsesi.net\/index.php\/2025\/04\/24\/silivri-belediye-baskani-balcioglu-deprem-sonrasi-alibey-kapali-spor-salonunu-ziyaret-etti\/#primaryimage"},"thumbnailUrl":"https:\/\/memurunsesi.net\/wp-content\/uploads\/2025\/04\/AW439729_01.jpg","inLanguage":"tr","potentialAction":[{"@type":"CommentAction","name":"Comment","target":["https:\/\/memurunsesi.net\/index.php\/2025\/04\/24\/silivri-belediye-baskani-balcioglu-deprem-sonrasi-alibey-kapali-spor-salonunu-ziyaret-etti\/#respond"]}]},{"@type":"WebPage","@id":"https:\/\/memurunsesi.net\/index.php\/2025\/04\/24\/silivri-belediye-baskani-balcioglu-deprem-sonrasi-alibey-kapali-spor-salonunu-ziyaret-etti\/","url":"https:\/\/memurunsesi.net\/index.php\/2025\/04\/24\/silivri-belediye-baskani-balcioglu-deprem-sonrasi-alibey-kapali-spor-salonunu-ziyaret-etti\/","name":"Silivri Belediye Ba\u015fkan\u0131 Balc\u0131o\u011flu, deprem sonras\u0131 Alibey Kapal\u0131 Spor Salonu\u2019nu ziyaret etti - Memurun Sesi","isPartOf":{"@id":"https:\/\/memurunsesi.net\/#website"},"primaryImageOfPage":{"@id":"https:\/\/memurunsesi.net\/index.php\/2025\/04\/24\/silivri-belediye-baskani-balcioglu-deprem-sonrasi-alibey-kapali-spor-salonunu-ziyaret-etti\/#primaryimage"},"image":{"@id":"https:\/\/memurunsesi.net\/index.php\/2025\/04\/24\/silivri-belediye-baskani-balcioglu-deprem-sonrasi-alibey-kapali-spor-salonunu-ziyaret-etti\/#primaryimage"},"thumbnailUrl":"https:\/\/memurunsesi.net\/wp-content\/uploads\/2025\/04\/AW439729_01.jpg","datePublished":"2025-04-24T05:45:55+00:00","breadcrumb":{"@id":"https:\/\/memurunsesi.net\/index.php\/2025\/04\/24\/silivri-belediye-baskani-balcioglu-deprem-sonrasi-alibey-kapali-spor-salonunu-ziyaret-etti\/#breadcrumb"},"inLanguage":"tr","potentialAction":[{"@type":"ReadAction","target":["https:\/\/memurunsesi.net\/index.php\/2025\/04\/24\/silivri-belediye-baskani-balcioglu-deprem-sonrasi-alibey-kapali-spor-salonunu-ziyaret-etti\/"]}]},{"@type":"ImageObject","inLanguage":"tr","@id":"https:\/\/memurunsesi.net\/index.php\/2025\/04\/24\/silivri-belediye-baskani-balcioglu-deprem-sonrasi-alibey-kapali-spor-salonunu-ziyaret-etti\/#primaryimage","url":"https:\/\/memurunsesi.net\/wp-content\/uploads\/2025\/04\/AW439729_01.jpg","contentUrl":"https:\/\/memurunsesi.net\/wp-content\/uploads\/2025\/04\/AW439729_01.jpg","width":1078,"height":720,"caption":"S\u0130L\u0130VR\u0130 BELED\u0130YE BA\u015eKANI BORA BALCIO\u011eLU, S\u0130L\u0130VR\u0130 KAYMAKAMI TOLGA TO\u011eAN \u0130LE DEPREM SONRASI GE\u00c7\u0130C\u0130 BARINMA ALANLARINDAN B\u0130R\u0130 OLAN AL\u0130BEY KAPALI SPOR SALONU'NU Z\u0130YARET ETT\u0130. (YUSUF EKER\/\u0130STANBUL-\u0130HA) Silivri Belediye Ba\u015fkan\u0131 Bora Balc\u0131o\u011flu, Silivri Kaymakam\u0131 Tolga To\u011fan ile deprem sonras\u0131 ge\u00e7ici bar\u0131nma alanlar\u0131ndan biri olan Alibey Kapal\u0131 Spor Salonu'nu ziyaret etti."},{"@type":"BreadcrumbList","@id":"https:\/\/memurunsesi.net\/index.php\/2025\/04\/24\/silivri-belediye-baskani-balcioglu-deprem-sonrasi-alibey-kapali-spor-salonunu-ziyaret-etti\/#breadcrumb","itemListElement":[{"@type":"ListItem","position":1,"name":"Anasayfa","item":"https:\/\/memurunsesi.net\/"},{"@type":"ListItem","position":2,"name":"Silivri Belediye Ba\u015fkan\u0131 Balc\u0131o\u011flu, deprem sonras\u0131 Alibey Kapal\u0131 Spor Salonu\u2019nu ziyaret etti"}]},{"@type":"WebSite","@id":"https:\/\/memurunsesi.net\/#website","url":"https:\/\/memurunsesi.net\/","name":"Memurun Sesi","description":"G\u00fcncel ve Do\u011fru Haber","publisher":{"@id":"https:\/\/memurunsesi.net\/#organization"},"potentialAction":[{"@type":"SearchAction","target":{"@type":"EntryPoint","urlTemplate":"https:\/\/memurunsesi.net\/?s={search_term_string}"},"query-input":{"@type":"PropertyValueSpecification","valueRequired":true,"valueName":"search_term_string"}}],"inLanguage":"tr"},{"@type":"Organization","@id":"https:\/\/memurunsesi.net\/#organization","name":"Memurun Sesi","url":"https:\/\/memurunsesi.net\/","logo":{"@type":"ImageObject","inLanguage":"tr","@id":"https:\/\/memurunsesi.net\/#\/schema\/logo\/image\/","url":"https:\/\/memurunsesi.net\/wp-content\/uploads\/2025\/11\/cropped-MEMURUN-SESI.png","contentUrl":"https:\/\/memurunsesi.net\/wp-content\/uploads\/2025\/11\/cropped-MEMURUN-SESI.png","width":238,"height":57,"caption":"Memurun Sesi"},"image":{"@id":"https:\/\/memurunsesi.net\/#\/schema\/logo\/image\/"},"sameAs":["https:\/\/www.facebook.com\/unipersen\/?locale=tr_TR","https:\/\/x.com\/unipersen"]},{"@type":"Person","@id":"https:\/\/memurunsesi.net\/#\/schema\/person\/f21c2d73b89f6ee1d80b0a1803e38587","name":"Memurun Sesi Haber Merkezi","image":{"@type":"ImageObject","inLanguage":"tr","@id":"https:\/\/secure.gravatar.com\/avatar\/6cf0505f452ee753f485014986fab09a434671d2b919ee76fc541025c5876a70?s=96&d=mm&r=g","url":"https:\/\/secure.gravatar.com\/avatar\/6cf0505f452ee753f485014986fab09a434671d2b919ee76fc541025c5876a70?s=96&d=mm&r=g","contentUrl":"https:\/\/secure.gravatar.com\/avatar\/6cf0505f452ee753f485014986fab09a434671d2b919ee76fc541025c5876a70?s=96&d=mm&r=g","caption":"Memurun Sesi Haber Merkezi"},"sameAs":["https:\/\/memurunsesi.net"],"url":"https:\/\/memurunsesi.net\/index.php\/author\/uniper\/"}]}},"_links":{"self":[{"href":"https:\/\/memurunsesi.net\/index.php\/wp-json\/wp\/v2\/posts\/5913","targetHints":{"allow":["GET"]}}],"collection":[{"href":"https:\/\/memurunsesi.net\/index.php\/wp-json\/wp\/v2\/posts"}],"about":[{"href":"https:\/\/memurunsesi.net\/index.php\/wp-json\/wp\/v2\/types\/post"}],"author":[{"embeddable":true,"href":"https:\/\/memurunsesi.net\/index.php\/wp-json\/wp\/v2\/users\/1"}],"replies":[{"embeddable":true,"href":"https:\/\/memurunsesi.net\/index.php\/wp-json\/wp\/v2\/comments?post=5913"}],"version-history":[{"count":1,"href":"https:\/\/memurunsesi.net\/index.php\/wp-json\/wp\/v2\/posts\/5913\/revisions"}],"predecessor-version":[{"id":5916,"href":"https:\/\/memurunsesi.net\/index.php\/wp-json\/wp\/v2\/posts\/5913\/revisions\/5916"}],"wp:featuredmedia":[{"embeddable":true,"href":"https:\/\/memurunsesi.net\/index.php\/wp-json\/wp\/v2\/media\/5914"}],"wp:attachment":[{"href":"https:\/\/memurunsesi.net\/index.php\/wp-json\/wp\/v2\/media?parent=5913"}],"wp:term":[{"taxonomy":"category","embeddable":true,"href":"https:\/\/memurunsesi.net\/index.php\/wp-json\/wp\/v2\/categories?post=5913"},{"taxonomy":"post_tag","embeddable":true,"href":"https:\/\/memurunsesi.net\/index.php\/wp-json\/wp\/v2\/tags?post=5913"}],"curies":[{"name":"wp","href":"https:\/\/api.w.org\/{rel}","templated":true}]}}