{"id":5921,"date":"2025-04-24T08:50:25","date_gmt":"2025-04-24T05:50:25","guid":{"rendered":"https:\/\/memurunsesi.net\/?p=5921"},"modified":"2025-04-24T08:50:25","modified_gmt":"2025-04-24T05:50:25","slug":"istanbul-valisi-davut-gul-depremde-yaralanan-vatandaslari-hastanede-ziyaret-etti","status":"publish","type":"post","link":"https:\/\/memurunsesi.net\/index.php\/2025\/04\/24\/istanbul-valisi-davut-gul-depremde-yaralanan-vatandaslari-hastanede-ziyaret-etti\/","title":{"rendered":"\u0130stanbul Valisi Davut G\u00fcl depremde yaralanan vatanda\u015flar\u0131 hastanede ziyaret etti"},"content":{"rendered":"<p><figure id=\"attachment_5923\" aria-describedby=\"caption-attachment-5923\" style=\"width: 300px\" class=\"wp-caption alignnone\"><img  title=\"\" fetchpriority=\"high\" decoding=\"async\" src=\"https:\/\/memurunsesi.net\/wp-content\/uploads\/2025\/04\/AW439725_01-300x169.jpg\"  alt=\"AW439725_01-300x169 \u0130stanbul Valisi Davut G\u00fcl depremde yaralanan vatanda\u015flar\u0131 hastanede ziyaret etti\"  width=\"300\" height=\"169\" class=\"size-medium wp-image-5923\" srcset=\"https:\/\/memurunsesi.net\/wp-content\/uploads\/2025\/04\/AW439725_01-300x169.jpg 300w, https:\/\/memurunsesi.net\/wp-content\/uploads\/2025\/04\/AW439725_01-1024x576.jpg 1024w, https:\/\/memurunsesi.net\/wp-content\/uploads\/2025\/04\/AW439725_01-768x432.jpg 768w, https:\/\/memurunsesi.net\/wp-content\/uploads\/2025\/04\/AW439725_01-1536x864.jpg 1536w, https:\/\/memurunsesi.net\/wp-content\/uploads\/2025\/04\/AW439725_01-600x338.jpg 600w, https:\/\/memurunsesi.net\/wp-content\/uploads\/2025\/04\/AW439725_01.jpg 2048w\" sizes=\"(max-width: 300px) 100vw, 300px\" \/><figcaption id=\"caption-attachment-5923\" class=\"wp-caption-text\">\u0130STANBUL VAL\u0130S\u0130 DAVUT G\u00dcL S\u0130L\u0130VR\u0130&#8217;DE MEYDANA GELEN 6.2 B\u00dcY\u00dcKL\u00dc\u011e\u00dcNDEK\u0130 DEPREMDE YARALANAN VATANDA\u015eLARI TEDAV\u0130 G\u00d6RD\u00dcKLER\u0130 TAKS\u0130M E\u011e\u0130T\u0130M VE ARA\u015eTIRMA HASTANES\u0130&#8217;NDE Z\u0130YARET ETT\u0130. (\u0130HA\/\u0130STANBUL-\u0130HA)<br \/>\u0130stanbul Valisi Davut G\u00fcl Silivri&#8217;de meydana gelen 6.2 b\u00fcy\u00fckl\u00fc\u011f\u00fcndeki depremde yaralanan vatanda\u015flar\u0131 tedavi g\u00f6rd\u00fckleri Taksim E\u011fitim ve Ara\u015ft\u0131rma Hastanesi&#8217;nde ziyaret etti.<\/figcaption><\/figure> \u0130stanbul Valisi Davut G\u00fcl Silivri\u2019de meydana gelen 6.2 b\u00fcy\u00fckl\u00fc\u011f\u00fcndeki depremde yaralanan vatanda\u015flar\u0131 tedavi g\u00f6rd\u00fckleri Taksim E\u011fitim ve Ara\u015ft\u0131rma Hastanesi&#8217;nde ziyaret etti.<br \/>\n  \u0130stanbul Valili\u011fi\u2019nin sosyal medya hesab\u0131ndan yap\u0131lan payla\u015f\u0131mda, &#8220;Valimiz Davut G\u00fcl, Silivri\u2019de meydana gelen 6,2 b\u00fcy\u00fckl\u00fc\u011f\u00fcndeki depremde yaralanan vatanda\u015flar\u0131m\u0131z\u0131 tedavi g\u00f6rd\u00fckleri Taksim E\u011fitim ve Ara\u015ft\u0131rma Hastanesi&#8217;nde ziyaret etti. Yaral\u0131 vatanda\u015flar\u0131m\u0131z\u0131n sa\u011fl\u0131k durumuna ili\u015fkin doktorlardan bilgi alan Vali G\u00fcl, vatanda\u015flar\u0131m\u0131za ge\u00e7mi\u015f olsun dileklerini de iletti&#8221; ifadelerine yer verildi. <\/p>\n<p>24.04.2025                         <\/p>\n","protected":false},"excerpt":{"rendered":"<p>\u0130stanbul Valisi Davut G\u00fcl Silivri\u2019de meydana gelen 6.2 b\u00fcy\u00fckl\u00fc\u011f\u00fcndeki depremde yaralanan vatanda\u015flar\u0131 tedavi g\u00f6rd\u00fckleri Taksim E\u011fitim ve Ara\u015ft\u0131rma Hastanesi&#8217;nde ziyaret etti. \u0130stanbul Valili\u011fi\u2019nin sosyal medya hesab\u0131ndan yap\u0131lan payla\u015f\u0131mda, &#8220;Valimiz Davut G\u00fcl, Silivri\u2019de meydana gelen 6,2 b\u00fcy\u00fckl\u00fc\u011f\u00fcndeki depremde yaralanan vatanda\u015flar\u0131m\u0131z\u0131 tedavi g\u00f6rd\u00fckleri Taksim E\u011fitim ve Ara\u015ft\u0131rma Hastanesi&#8217;nde ziyaret etti. Yaral\u0131 vatanda\u015flar\u0131m\u0131z\u0131n sa\u011fl\u0131k durumuna ili\u015fkin doktorlardan bilgi [&hellip;]<\/p>\n","protected":false},"author":1,"featured_media":5922,"comment_status":"open","ping_status":"open","sticky":false,"template":"","format":"standard","meta":{"footnotes":""},"categories":[1],"tags":[],"class_list":["post-5921","post","type-post","status-publish","format-standard","has-post-thumbnail","hentry","category-genel"],"yoast_head":"<!-- This site is optimized with the Yoast SEO plugin v27.4 - https:\/\/yoast.com\/product\/yoast-seo-wordpress\/ -->\n<title>\u0130stanbul Valisi Davut G\u00fcl depremde yaralanan vatanda\u015flar\u0131 hastanede ziyaret etti - Memurun Sesi<\/title>\n<meta name=\"robots\" content=\"index, follow, max-snippet:-1, max-image-preview:large, max-video-preview:-1\" \/>\n<link rel=\"canonical\" href=\"https:\/\/memurunsesi.net\/index.php\/2025\/04\/24\/istanbul-valisi-davut-gul-depremde-yaralanan-vatandaslari-hastanede-ziyaret-etti\/\" \/>\n<meta property=\"og:locale\" content=\"tr_TR\" \/>\n<meta property=\"og:type\" content=\"article\" \/>\n<meta property=\"og:title\" content=\"\u0130stanbul Valisi Davut G\u00fcl depremde yaralanan vatanda\u015flar\u0131 hastanede ziyaret etti - Memurun Sesi\" \/>\n<meta property=\"og:description\" content=\"\u0130stanbul Valisi Davut G\u00fcl Silivri\u2019de meydana gelen 6.2 b\u00fcy\u00fckl\u00fc\u011f\u00fcndeki depremde yaralanan vatanda\u015flar\u0131 tedavi g\u00f6rd\u00fckleri Taksim E\u011fitim ve Ara\u015ft\u0131rma Hastanesi&#8217;nde ziyaret etti. \u0130stanbul Valili\u011fi\u2019nin sosyal medya hesab\u0131ndan yap\u0131lan payla\u015f\u0131mda, &#8220;Valimiz Davut G\u00fcl, Silivri\u2019de meydana gelen 6,2 b\u00fcy\u00fckl\u00fc\u011f\u00fcndeki depremde yaralanan vatanda\u015flar\u0131m\u0131z\u0131 tedavi g\u00f6rd\u00fckleri Taksim E\u011fitim ve Ara\u015ft\u0131rma Hastanesi&#8217;nde ziyaret etti. Yaral\u0131 vatanda\u015flar\u0131m\u0131z\u0131n sa\u011fl\u0131k durumuna ili\u015fkin doktorlardan bilgi [&hellip;]\" \/>\n<meta property=\"og:url\" content=\"https:\/\/memurunsesi.net\/index.php\/2025\/04\/24\/istanbul-valisi-davut-gul-depremde-yaralanan-vatandaslari-hastanede-ziyaret-etti\/\" \/>\n<meta property=\"og:site_name\" content=\"Memurun Sesi\" \/>\n<meta property=\"article:publisher\" content=\"https:\/\/www.facebook.com\/unipersen\/?locale=tr_TR\" \/>\n<meta property=\"article:published_time\" content=\"2025-04-24T05:50:25+00:00\" \/>\n<meta property=\"og:image\" content=\"https:\/\/memurunsesi.net\/wp-content\/uploads\/2025\/04\/AW439725_02.jpg\" \/>\n\t<meta property=\"og:image:width\" content=\"2048\" \/>\n\t<meta property=\"og:image:height\" content=\"1152\" \/>\n\t<meta property=\"og:image:type\" content=\"image\/jpeg\" \/>\n<meta name=\"author\" content=\"Memurun Sesi Haber Merkezi\" \/>\n<meta name=\"twitter:card\" content=\"summary_large_image\" \/>\n<meta name=\"twitter:creator\" content=\"@unipersen\" \/>\n<meta name=\"twitter:site\" content=\"@unipersen\" \/>\n<meta name=\"twitter:label1\" content=\"Yazan:\" \/>\n\t<meta name=\"twitter:data1\" content=\"Memurun Sesi Haber Merkezi\" \/>\n\t<meta name=\"twitter:label2\" content=\"Tahmini okuma s\u00fcresi\" \/>\n\t<meta name=\"twitter:data2\" content=\"1 dakika\" \/>\n<script type=\"application\/ld+json\" class=\"yoast-schema-graph\">{\"@context\":\"https:\\\/\\\/schema.org\",\"@graph\":[{\"@type\":\"Article\",\"@id\":\"https:\\\/\\\/memurunsesi.net\\\/index.php\\\/2025\\\/04\\\/24\\\/istanbul-valisi-davut-gul-depremde-yaralanan-vatandaslari-hastanede-ziyaret-etti\\\/#article\",\"isPartOf\":{\"@id\":\"https:\\\/\\\/memurunsesi.net\\\/index.php\\\/2025\\\/04\\\/24\\\/istanbul-valisi-davut-gul-depremde-yaralanan-vatandaslari-hastanede-ziyaret-etti\\\/\"},\"author\":{\"name\":\"Memurun Sesi Haber Merkezi\",\"@id\":\"https:\\\/\\\/memurunsesi.net\\\/#\\\/schema\\\/person\\\/f21c2d73b89f6ee1d80b0a1803e38587\"},\"headline\":\"\u0130stanbul Valisi Davut G\u00fcl depremde yaralanan vatanda\u015flar\u0131 hastanede ziyaret etti\",\"datePublished\":\"2025-04-24T05:50:25+00:00\",\"mainEntityOfPage\":{\"@id\":\"https:\\\/\\\/memurunsesi.net\\\/index.php\\\/2025\\\/04\\\/24\\\/istanbul-valisi-davut-gul-depremde-yaralanan-vatandaslari-hastanede-ziyaret-etti\\\/\"},\"wordCount\":199,\"commentCount\":0,\"publisher\":{\"@id\":\"https:\\\/\\\/memurunsesi.net\\\/#organization\"},\"image\":{\"@id\":\"https:\\\/\\\/memurunsesi.net\\\/index.php\\\/2025\\\/04\\\/24\\\/istanbul-valisi-davut-gul-depremde-yaralanan-vatandaslari-hastanede-ziyaret-etti\\\/#primaryimage\"},\"thumbnailUrl\":\"https:\\\/\\\/memurunsesi.net\\\/wp-content\\\/uploads\\\/2025\\\/04\\\/AW439725_02.jpg\",\"inLanguage\":\"tr\",\"potentialAction\":[{\"@type\":\"CommentAction\",\"name\":\"Comment\",\"target\":[\"https:\\\/\\\/memurunsesi.net\\\/index.php\\\/2025\\\/04\\\/24\\\/istanbul-valisi-davut-gul-depremde-yaralanan-vatandaslari-hastanede-ziyaret-etti\\\/#respond\"]}]},{\"@type\":\"WebPage\",\"@id\":\"https:\\\/\\\/memurunsesi.net\\\/index.php\\\/2025\\\/04\\\/24\\\/istanbul-valisi-davut-gul-depremde-yaralanan-vatandaslari-hastanede-ziyaret-etti\\\/\",\"url\":\"https:\\\/\\\/memurunsesi.net\\\/index.php\\\/2025\\\/04\\\/24\\\/istanbul-valisi-davut-gul-depremde-yaralanan-vatandaslari-hastanede-ziyaret-etti\\\/\",\"name\":\"\u0130stanbul Valisi Davut G\u00fcl depremde yaralanan vatanda\u015flar\u0131 hastanede ziyaret etti - Memurun Sesi\",\"isPartOf\":{\"@id\":\"https:\\\/\\\/memurunsesi.net\\\/#website\"},\"primaryImageOfPage\":{\"@id\":\"https:\\\/\\\/memurunsesi.net\\\/index.php\\\/2025\\\/04\\\/24\\\/istanbul-valisi-davut-gul-depremde-yaralanan-vatandaslari-hastanede-ziyaret-etti\\\/#primaryimage\"},\"image\":{\"@id\":\"https:\\\/\\\/memurunsesi.net\\\/index.php\\\/2025\\\/04\\\/24\\\/istanbul-valisi-davut-gul-depremde-yaralanan-vatandaslari-hastanede-ziyaret-etti\\\/#primaryimage\"},\"thumbnailUrl\":\"https:\\\/\\\/memurunsesi.net\\\/wp-content\\\/uploads\\\/2025\\\/04\\\/AW439725_02.jpg\",\"datePublished\":\"2025-04-24T05:50:25+00:00\",\"breadcrumb\":{\"@id\":\"https:\\\/\\\/memurunsesi.net\\\/index.php\\\/2025\\\/04\\\/24\\\/istanbul-valisi-davut-gul-depremde-yaralanan-vatandaslari-hastanede-ziyaret-etti\\\/#breadcrumb\"},\"inLanguage\":\"tr\",\"potentialAction\":[{\"@type\":\"ReadAction\",\"target\":[\"https:\\\/\\\/memurunsesi.net\\\/index.php\\\/2025\\\/04\\\/24\\\/istanbul-valisi-davut-gul-depremde-yaralanan-vatandaslari-hastanede-ziyaret-etti\\\/\"]}]},{\"@type\":\"ImageObject\",\"inLanguage\":\"tr\",\"@id\":\"https:\\\/\\\/memurunsesi.net\\\/index.php\\\/2025\\\/04\\\/24\\\/istanbul-valisi-davut-gul-depremde-yaralanan-vatandaslari-hastanede-ziyaret-etti\\\/#primaryimage\",\"url\":\"https:\\\/\\\/memurunsesi.net\\\/wp-content\\\/uploads\\\/2025\\\/04\\\/AW439725_02.jpg\",\"contentUrl\":\"https:\\\/\\\/memurunsesi.net\\\/wp-content\\\/uploads\\\/2025\\\/04\\\/AW439725_02.jpg\",\"width\":2048,\"height\":1152,\"caption\":\"\u0130STANBUL VAL\u0130S\u0130 DAVUT G\u00dcL S\u0130L\u0130VR\u0130'DE MEYDANA GELEN 6.2 B\u00dcY\u00dcKL\u00dc\u011e\u00dcNDEK\u0130 DEPREMDE YARALANAN VATANDA\u015eLARI TEDAV\u0130 G\u00d6RD\u00dcKLER\u0130 TAKS\u0130M E\u011e\u0130T\u0130M VE ARA\u015eTIRMA HASTANES\u0130'NDE Z\u0130YARET ETT\u0130. (\u0130HA\\\/\u0130STANBUL-\u0130HA) \u0130stanbul Valisi Davut G\u00fcl Silivri'de meydana gelen 6.2 b\u00fcy\u00fckl\u00fc\u011f\u00fcndeki depremde yaralanan vatanda\u015flar\u0131 tedavi g\u00f6rd\u00fckleri Taksim E\u011fitim ve Ara\u015ft\u0131rma Hastanesi'nde ziyaret etti.\"},{\"@type\":\"BreadcrumbList\",\"@id\":\"https:\\\/\\\/memurunsesi.net\\\/index.php\\\/2025\\\/04\\\/24\\\/istanbul-valisi-davut-gul-depremde-yaralanan-vatandaslari-hastanede-ziyaret-etti\\\/#breadcrumb\",\"itemListElement\":[{\"@type\":\"ListItem\",\"position\":1,\"name\":\"Anasayfa\",\"item\":\"https:\\\/\\\/memurunsesi.net\\\/\"},{\"@type\":\"ListItem\",\"position\":2,\"name\":\"\u0130stanbul Valisi Davut G\u00fcl depremde yaralanan vatanda\u015flar\u0131 hastanede ziyaret etti\"}]},{\"@type\":\"WebSite\",\"@id\":\"https:\\\/\\\/memurunsesi.net\\\/#website\",\"url\":\"https:\\\/\\\/memurunsesi.net\\\/\",\"name\":\"Memurun Sesi\",\"description\":\"G\u00fcncel ve Do\u011fru Haber\",\"publisher\":{\"@id\":\"https:\\\/\\\/memurunsesi.net\\\/#organization\"},\"potentialAction\":[{\"@type\":\"SearchAction\",\"target\":{\"@type\":\"EntryPoint\",\"urlTemplate\":\"https:\\\/\\\/memurunsesi.net\\\/?s={search_term_string}\"},\"query-input\":{\"@type\":\"PropertyValueSpecification\",\"valueRequired\":true,\"valueName\":\"search_term_string\"}}],\"inLanguage\":\"tr\"},{\"@type\":\"Organization\",\"@id\":\"https:\\\/\\\/memurunsesi.net\\\/#organization\",\"name\":\"Memurun Sesi\",\"url\":\"https:\\\/\\\/memurunsesi.net\\\/\",\"logo\":{\"@type\":\"ImageObject\",\"inLanguage\":\"tr\",\"@id\":\"https:\\\/\\\/memurunsesi.net\\\/#\\\/schema\\\/logo\\\/image\\\/\",\"url\":\"https:\\\/\\\/memurunsesi.net\\\/wp-content\\\/uploads\\\/2025\\\/11\\\/cropped-MEMURUN-SESI.png\",\"contentUrl\":\"https:\\\/\\\/memurunsesi.net\\\/wp-content\\\/uploads\\\/2025\\\/11\\\/cropped-MEMURUN-SESI.png\",\"width\":238,\"height\":57,\"caption\":\"Memurun Sesi\"},\"image\":{\"@id\":\"https:\\\/\\\/memurunsesi.net\\\/#\\\/schema\\\/logo\\\/image\\\/\"},\"sameAs\":[\"https:\\\/\\\/www.facebook.com\\\/unipersen\\\/?locale=tr_TR\",\"https:\\\/\\\/x.com\\\/unipersen\"]},{\"@type\":\"Person\",\"@id\":\"https:\\\/\\\/memurunsesi.net\\\/#\\\/schema\\\/person\\\/f21c2d73b89f6ee1d80b0a1803e38587\",\"name\":\"Memurun Sesi Haber Merkezi\",\"image\":{\"@type\":\"ImageObject\",\"inLanguage\":\"tr\",\"@id\":\"https:\\\/\\\/secure.gravatar.com\\\/avatar\\\/6cf0505f452ee753f485014986fab09a434671d2b919ee76fc541025c5876a70?s=96&d=mm&r=g\",\"url\":\"https:\\\/\\\/secure.gravatar.com\\\/avatar\\\/6cf0505f452ee753f485014986fab09a434671d2b919ee76fc541025c5876a70?s=96&d=mm&r=g\",\"contentUrl\":\"https:\\\/\\\/secure.gravatar.com\\\/avatar\\\/6cf0505f452ee753f485014986fab09a434671d2b919ee76fc541025c5876a70?s=96&d=mm&r=g\",\"caption\":\"Memurun Sesi Haber Merkezi\"},\"sameAs\":[\"https:\\\/\\\/memurunsesi.net\"],\"url\":\"https:\\\/\\\/memurunsesi.net\\\/index.php\\\/author\\\/uniper\\\/\"}]}<\/script>\n<!-- \/ Yoast SEO plugin. -->","yoast_head_json":{"title":"\u0130stanbul Valisi Davut G\u00fcl depremde yaralanan vatanda\u015flar\u0131 hastanede ziyaret etti - Memurun Sesi","robots":{"index":"index","follow":"follow","max-snippet":"max-snippet:-1","max-image-preview":"max-image-preview:large","max-video-preview":"max-video-preview:-1"},"canonical":"https:\/\/memurunsesi.net\/index.php\/2025\/04\/24\/istanbul-valisi-davut-gul-depremde-yaralanan-vatandaslari-hastanede-ziyaret-etti\/","og_locale":"tr_TR","og_type":"article","og_title":"\u0130stanbul Valisi Davut G\u00fcl depremde yaralanan vatanda\u015flar\u0131 hastanede ziyaret etti - Memurun Sesi","og_description":"\u0130stanbul Valisi Davut G\u00fcl Silivri\u2019de meydana gelen 6.2 b\u00fcy\u00fckl\u00fc\u011f\u00fcndeki depremde yaralanan vatanda\u015flar\u0131 tedavi g\u00f6rd\u00fckleri Taksim E\u011fitim ve Ara\u015ft\u0131rma Hastanesi&#8217;nde ziyaret etti. \u0130stanbul Valili\u011fi\u2019nin sosyal medya hesab\u0131ndan yap\u0131lan payla\u015f\u0131mda, &#8220;Valimiz Davut G\u00fcl, Silivri\u2019de meydana gelen 6,2 b\u00fcy\u00fckl\u00fc\u011f\u00fcndeki depremde yaralanan vatanda\u015flar\u0131m\u0131z\u0131 tedavi g\u00f6rd\u00fckleri Taksim E\u011fitim ve Ara\u015ft\u0131rma Hastanesi&#8217;nde ziyaret etti. Yaral\u0131 vatanda\u015flar\u0131m\u0131z\u0131n sa\u011fl\u0131k durumuna ili\u015fkin doktorlardan bilgi [&hellip;]","og_url":"https:\/\/memurunsesi.net\/index.php\/2025\/04\/24\/istanbul-valisi-davut-gul-depremde-yaralanan-vatandaslari-hastanede-ziyaret-etti\/","og_site_name":"Memurun Sesi","article_publisher":"https:\/\/www.facebook.com\/unipersen\/?locale=tr_TR","article_published_time":"2025-04-24T05:50:25+00:00","og_image":[{"width":2048,"height":1152,"url":"https:\/\/memurunsesi.net\/wp-content\/uploads\/2025\/04\/AW439725_02.jpg","type":"image\/jpeg"}],"author":"Memurun Sesi Haber Merkezi","twitter_card":"summary_large_image","twitter_creator":"@unipersen","twitter_site":"@unipersen","twitter_misc":{"Yazan:":"Memurun Sesi Haber Merkezi","Tahmini okuma s\u00fcresi":"1 dakika"},"schema":{"@context":"https:\/\/schema.org","@graph":[{"@type":"Article","@id":"https:\/\/memurunsesi.net\/index.php\/2025\/04\/24\/istanbul-valisi-davut-gul-depremde-yaralanan-vatandaslari-hastanede-ziyaret-etti\/#article","isPartOf":{"@id":"https:\/\/memurunsesi.net\/index.php\/2025\/04\/24\/istanbul-valisi-davut-gul-depremde-yaralanan-vatandaslari-hastanede-ziyaret-etti\/"},"author":{"name":"Memurun Sesi Haber Merkezi","@id":"https:\/\/memurunsesi.net\/#\/schema\/person\/f21c2d73b89f6ee1d80b0a1803e38587"},"headline":"\u0130stanbul Valisi Davut G\u00fcl depremde yaralanan vatanda\u015flar\u0131 hastanede ziyaret etti","datePublished":"2025-04-24T05:50:25+00:00","mainEntityOfPage":{"@id":"https:\/\/memurunsesi.net\/index.php\/2025\/04\/24\/istanbul-valisi-davut-gul-depremde-yaralanan-vatandaslari-hastanede-ziyaret-etti\/"},"wordCount":199,"commentCount":0,"publisher":{"@id":"https:\/\/memurunsesi.net\/#organization"},"image":{"@id":"https:\/\/memurunsesi.net\/index.php\/2025\/04\/24\/istanbul-valisi-davut-gul-depremde-yaralanan-vatandaslari-hastanede-ziyaret-etti\/#primaryimage"},"thumbnailUrl":"https:\/\/memurunsesi.net\/wp-content\/uploads\/2025\/04\/AW439725_02.jpg","inLanguage":"tr","potentialAction":[{"@type":"CommentAction","name":"Comment","target":["https:\/\/memurunsesi.net\/index.php\/2025\/04\/24\/istanbul-valisi-davut-gul-depremde-yaralanan-vatandaslari-hastanede-ziyaret-etti\/#respond"]}]},{"@type":"WebPage","@id":"https:\/\/memurunsesi.net\/index.php\/2025\/04\/24\/istanbul-valisi-davut-gul-depremde-yaralanan-vatandaslari-hastanede-ziyaret-etti\/","url":"https:\/\/memurunsesi.net\/index.php\/2025\/04\/24\/istanbul-valisi-davut-gul-depremde-yaralanan-vatandaslari-hastanede-ziyaret-etti\/","name":"\u0130stanbul Valisi Davut G\u00fcl depremde yaralanan vatanda\u015flar\u0131 hastanede ziyaret etti - Memurun Sesi","isPartOf":{"@id":"https:\/\/memurunsesi.net\/#website"},"primaryImageOfPage":{"@id":"https:\/\/memurunsesi.net\/index.php\/2025\/04\/24\/istanbul-valisi-davut-gul-depremde-yaralanan-vatandaslari-hastanede-ziyaret-etti\/#primaryimage"},"image":{"@id":"https:\/\/memurunsesi.net\/index.php\/2025\/04\/24\/istanbul-valisi-davut-gul-depremde-yaralanan-vatandaslari-hastanede-ziyaret-etti\/#primaryimage"},"thumbnailUrl":"https:\/\/memurunsesi.net\/wp-content\/uploads\/2025\/04\/AW439725_02.jpg","datePublished":"2025-04-24T05:50:25+00:00","breadcrumb":{"@id":"https:\/\/memurunsesi.net\/index.php\/2025\/04\/24\/istanbul-valisi-davut-gul-depremde-yaralanan-vatandaslari-hastanede-ziyaret-etti\/#breadcrumb"},"inLanguage":"tr","potentialAction":[{"@type":"ReadAction","target":["https:\/\/memurunsesi.net\/index.php\/2025\/04\/24\/istanbul-valisi-davut-gul-depremde-yaralanan-vatandaslari-hastanede-ziyaret-etti\/"]}]},{"@type":"ImageObject","inLanguage":"tr","@id":"https:\/\/memurunsesi.net\/index.php\/2025\/04\/24\/istanbul-valisi-davut-gul-depremde-yaralanan-vatandaslari-hastanede-ziyaret-etti\/#primaryimage","url":"https:\/\/memurunsesi.net\/wp-content\/uploads\/2025\/04\/AW439725_02.jpg","contentUrl":"https:\/\/memurunsesi.net\/wp-content\/uploads\/2025\/04\/AW439725_02.jpg","width":2048,"height":1152,"caption":"\u0130STANBUL VAL\u0130S\u0130 DAVUT G\u00dcL S\u0130L\u0130VR\u0130'DE MEYDANA GELEN 6.2 B\u00dcY\u00dcKL\u00dc\u011e\u00dcNDEK\u0130 DEPREMDE YARALANAN VATANDA\u015eLARI TEDAV\u0130 G\u00d6RD\u00dcKLER\u0130 TAKS\u0130M E\u011e\u0130T\u0130M VE ARA\u015eTIRMA HASTANES\u0130'NDE Z\u0130YARET ETT\u0130. (\u0130HA\/\u0130STANBUL-\u0130HA) \u0130stanbul Valisi Davut G\u00fcl Silivri'de meydana gelen 6.2 b\u00fcy\u00fckl\u00fc\u011f\u00fcndeki depremde yaralanan vatanda\u015flar\u0131 tedavi g\u00f6rd\u00fckleri Taksim E\u011fitim ve Ara\u015ft\u0131rma Hastanesi'nde ziyaret etti."},{"@type":"BreadcrumbList","@id":"https:\/\/memurunsesi.net\/index.php\/2025\/04\/24\/istanbul-valisi-davut-gul-depremde-yaralanan-vatandaslari-hastanede-ziyaret-etti\/#breadcrumb","itemListElement":[{"@type":"ListItem","position":1,"name":"Anasayfa","item":"https:\/\/memurunsesi.net\/"},{"@type":"ListItem","position":2,"name":"\u0130stanbul Valisi Davut G\u00fcl depremde yaralanan vatanda\u015flar\u0131 hastanede ziyaret etti"}]},{"@type":"WebSite","@id":"https:\/\/memurunsesi.net\/#website","url":"https:\/\/memurunsesi.net\/","name":"Memurun Sesi","description":"G\u00fcncel ve Do\u011fru Haber","publisher":{"@id":"https:\/\/memurunsesi.net\/#organization"},"potentialAction":[{"@type":"SearchAction","target":{"@type":"EntryPoint","urlTemplate":"https:\/\/memurunsesi.net\/?s={search_term_string}"},"query-input":{"@type":"PropertyValueSpecification","valueRequired":true,"valueName":"search_term_string"}}],"inLanguage":"tr"},{"@type":"Organization","@id":"https:\/\/memurunsesi.net\/#organization","name":"Memurun Sesi","url":"https:\/\/memurunsesi.net\/","logo":{"@type":"ImageObject","inLanguage":"tr","@id":"https:\/\/memurunsesi.net\/#\/schema\/logo\/image\/","url":"https:\/\/memurunsesi.net\/wp-content\/uploads\/2025\/11\/cropped-MEMURUN-SESI.png","contentUrl":"https:\/\/memurunsesi.net\/wp-content\/uploads\/2025\/11\/cropped-MEMURUN-SESI.png","width":238,"height":57,"caption":"Memurun Sesi"},"image":{"@id":"https:\/\/memurunsesi.net\/#\/schema\/logo\/image\/"},"sameAs":["https:\/\/www.facebook.com\/unipersen\/?locale=tr_TR","https:\/\/x.com\/unipersen"]},{"@type":"Person","@id":"https:\/\/memurunsesi.net\/#\/schema\/person\/f21c2d73b89f6ee1d80b0a1803e38587","name":"Memurun Sesi Haber Merkezi","image":{"@type":"ImageObject","inLanguage":"tr","@id":"https:\/\/secure.gravatar.com\/avatar\/6cf0505f452ee753f485014986fab09a434671d2b919ee76fc541025c5876a70?s=96&d=mm&r=g","url":"https:\/\/secure.gravatar.com\/avatar\/6cf0505f452ee753f485014986fab09a434671d2b919ee76fc541025c5876a70?s=96&d=mm&r=g","contentUrl":"https:\/\/secure.gravatar.com\/avatar\/6cf0505f452ee753f485014986fab09a434671d2b919ee76fc541025c5876a70?s=96&d=mm&r=g","caption":"Memurun Sesi Haber Merkezi"},"sameAs":["https:\/\/memurunsesi.net"],"url":"https:\/\/memurunsesi.net\/index.php\/author\/uniper\/"}]}},"_links":{"self":[{"href":"https:\/\/memurunsesi.net\/index.php\/wp-json\/wp\/v2\/posts\/5921","targetHints":{"allow":["GET"]}}],"collection":[{"href":"https:\/\/memurunsesi.net\/index.php\/wp-json\/wp\/v2\/posts"}],"about":[{"href":"https:\/\/memurunsesi.net\/index.php\/wp-json\/wp\/v2\/types\/post"}],"author":[{"embeddable":true,"href":"https:\/\/memurunsesi.net\/index.php\/wp-json\/wp\/v2\/users\/1"}],"replies":[{"embeddable":true,"href":"https:\/\/memurunsesi.net\/index.php\/wp-json\/wp\/v2\/comments?post=5921"}],"version-history":[{"count":1,"href":"https:\/\/memurunsesi.net\/index.php\/wp-json\/wp\/v2\/posts\/5921\/revisions"}],"predecessor-version":[{"id":5924,"href":"https:\/\/memurunsesi.net\/index.php\/wp-json\/wp\/v2\/posts\/5921\/revisions\/5924"}],"wp:featuredmedia":[{"embeddable":true,"href":"https:\/\/memurunsesi.net\/index.php\/wp-json\/wp\/v2\/media\/5922"}],"wp:attachment":[{"href":"https:\/\/memurunsesi.net\/index.php\/wp-json\/wp\/v2\/media?parent=5921"}],"wp:term":[{"taxonomy":"category","embeddable":true,"href":"https:\/\/memurunsesi.net\/index.php\/wp-json\/wp\/v2\/categories?post=5921"},{"taxonomy":"post_tag","embeddable":true,"href":"https:\/\/memurunsesi.net\/index.php\/wp-json\/wp\/v2\/tags?post=5921"}],"curies":[{"name":"wp","href":"https:\/\/api.w.org\/{rel}","templated":true}]}}