{"id":5925,"date":"2025-04-24T08:53:20","date_gmt":"2025-04-24T05:53:20","guid":{"rendered":"https:\/\/memurunsesi.net\/?p=5925"},"modified":"2025-04-24T08:53:20","modified_gmt":"2025-04-24T05:53:20","slug":"cumhurbaskani-erdogan-afaddaki-kriz-merkezinde-depreme-iliskin-bilgi-aldi","status":"publish","type":"post","link":"https:\/\/memurunsesi.net\/index.php\/2025\/04\/24\/cumhurbaskani-erdogan-afaddaki-kriz-merkezinde-depreme-iliskin-bilgi-aldi\/","title":{"rendered":"Cumhurba\u015fkan\u0131 Erdo\u011fan, AFAD&#8217;daki kriz merkezinde depreme ili\u015fkin bilgi ald\u0131"},"content":{"rendered":"<p> <figure id=\"attachment_5927\" aria-describedby=\"caption-attachment-5927\" style=\"width: 300px\" class=\"wp-caption alignnone\"><img  title=\"\" fetchpriority=\"high\" decoding=\"async\" src=\"https:\/\/memurunsesi.net\/wp-content\/uploads\/2025\/04\/AW439728_04-300x199.jpg\"  alt=\"AW439728_04-300x199 Cumhurba\u015fkan\u0131 Erdo\u011fan, AFAD&#039;daki kriz merkezinde depreme ili\u015fkin bilgi ald\u0131\"  width=\"300\" height=\"199\" class=\"size-medium wp-image-5927\" srcset=\"https:\/\/memurunsesi.net\/wp-content\/uploads\/2025\/04\/AW439728_04-300x199.jpg 300w, https:\/\/memurunsesi.net\/wp-content\/uploads\/2025\/04\/AW439728_04-1024x679.jpg 1024w, https:\/\/memurunsesi.net\/wp-content\/uploads\/2025\/04\/AW439728_04-768x509.jpg 768w, https:\/\/memurunsesi.net\/wp-content\/uploads\/2025\/04\/AW439728_04-1536x1018.jpg 1536w, https:\/\/memurunsesi.net\/wp-content\/uploads\/2025\/04\/AW439728_04-2048x1357.jpg 2048w, https:\/\/memurunsesi.net\/wp-content\/uploads\/2025\/04\/AW439728_04-600x398.jpg 600w\" sizes=\"(max-width: 300px) 100vw, 300px\" \/><figcaption id=\"caption-attachment-5927\" class=\"wp-caption-text\">CUMHURBA\u015eKANI RECEP TAYY\u0130P ERDO\u011eAN, MARMARA DEN\u0130Z\u0130 S\u0130L\u0130VR\u0130 A\u00c7IKLARINDA MEYDANA GELEN 6,2 B\u00dcY\u00dcKL\u00dc\u011e\u00dcNDEK\u0130 DEPREM\u0130N ARDINDAN AK\u015eAM SAATLER\u0130NDE \u0130STANBUL&#8217;A GELD\u0130. (\u0130HA\/\u0130STANBUL-\u0130HA)<br \/>Cumhurba\u015fkan\u0131 Recep Tayyip Erdo\u011fan, Marmara Denizi Silivri a\u00e7\u0131klar\u0131nda meydana gelen 6,2 b\u00fcy\u00fckl\u00fc\u011f\u00fcndeki depremin ard\u0131ndan ak\u015fam saatlerinde \u0130stanbul&#8217;a geldi ve AFAD&#8217;daki kriz merkezinde depreme ili\u015fkin bilgi ald\u0131.<\/figcaption><\/figure> Cumhurba\u015fkan\u0131 Recep Tayyip Erdo\u011fan, Marmara Denizi Silivri a\u00e7\u0131klar\u0131nda meydana gelen 6,2 b\u00fcy\u00fckl\u00fc\u011f\u00fcndeki depremin ard\u0131ndan ak\u015fam saatlerinde \u0130stanbul&#8217;a geldi ve AFAD&#8217;daki kriz merkezinde depreme ili\u015fkin bilgi ald\u0131.<br \/>\n  \u0130stanbul \u0130l Afet ve Acil Durum M\u00fcd\u00fcrl\u00fc\u011f\u00fcnde bulunan kriz merkezini ziyaret eden Cumhurba\u015fkan\u0131 Erdo\u011fan&#8217;a, \u00c7evre, \u015eehircilik ve \u0130klim De\u011fi\u015fikli\u011fi Bakan\u0131 Murat Kurum, Gen\u00e7lik ve Spor Bakan\u0131 Osman A\u015fk\u0131n Bak, \u0130\u00e7i\u015fleri Bakan\u0131 Ali Yerlikaya, Sa\u011fl\u0131k Bakan\u0131 Kemal Memi\u015fo\u011flu, \u0130stanbul Valisi Davut G\u00fcl ve yetkililer taraf\u0131ndan detayl\u0131 bilgi verildi.<br \/>\n  Cumhurba\u015fkan\u0131 Erdo\u011fan, yakla\u015f\u0131k 1 saatlik toplant\u0131n\u0131n ard\u0131ndan buradan ayr\u0131ld\u0131.<br \/>\n  AFAD \u0130stanbul \u0130l Afet M\u00fcd\u00fcrl\u00fc\u011f\u00fc ziyareti ile ilgili sosyal medya hesab\u0131ndan payla\u015f\u0131mda bulunan Cumhurba\u015fkan\u0131 Recep Tayyip Erdo\u011fan, &#8220;Bug\u00fcn Marmara Denizi\u2019nde meydana gelen ve \u0130stanbul ile birlikte \u00e7evre illerimizde de hissedilen 6,2 b\u00fcy\u00fckl\u00fc\u011f\u00fcndeki depremden etkilenen t\u00fcm vatanda\u015flar\u0131m\u0131za ge\u00e7mi\u015f olsun dileklerimi iletiyorum. Depremden hemen sonra ba\u015flayan mesaimiz kapsam\u0131nda biraz evvel AFAD \u0130stanbul \u0130l Afet M\u00fcd\u00fcrl\u00fc\u011f\u00fcm\u00fczde kapsaml\u0131 bir toplant\u0131 ger\u00e7ekle\u015ftirdik. Toplant\u0131m\u0131zda \u00c7evre, \u015eehircilik ve \u0130klim De\u011fi\u015fikli\u011fi Bakan\u0131m\u0131z Murat Kurum, Gen\u00e7lik ve Spor Bakan\u0131m\u0131z Osman A\u015fk\u0131n Bak, \u0130\u00e7i\u015fleri Bakan\u0131m\u0131z Ali Yerlikaya, Sa\u011fl\u0131k Bakan\u0131m\u0131z Kemal Memi\u015fo\u011flu, \u0130stanbul Valimiz Davut G\u00fcl ve ilgili b\u00fcrokratlar\u0131m\u0131z haz\u0131r bulundular. Koordinasyon toplant\u0131s\u0131nda en g\u00fcncel bilgileri ald\u0131k, depremin etkilerini asgariye indirmek i\u00e7in at\u0131lan ve at\u0131lacak ad\u0131mlar\u0131 de\u011ferlendirdik. \u00d6n\u00fcm\u00fczdeki s\u00fcre\u00e7 i\u00e7in gerekli talimatlar\u0131 verdik. \u00d6\u011fle saatlerinden bu yana yapt\u0131\u011f\u0131m\u0131z arama tarama faaliyetlerimiz neticesinde depremin hissedildi\u011fi \u015fehirlerimizde elhamd\u00fclillah s\u0131k\u0131nt\u0131l\u0131 bir durum g\u00f6z\u00fckmemektedir. Deprem sebebiyle \u00e7ok \u015f\u00fck\u00fcr herhangi bir can kayb\u0131m\u0131z da yoktur. Vatanda\u015flar\u0131m\u0131z m\u00fcsterih olsun. Devlet olarak t\u00fcm birimlerimizle 7\/24 teyakkuz halinde kalmaya, milletimiz i\u00e7in \u00e7al\u0131\u015fmaya devam edece\u011fiz. Tekrar t\u00fcm karde\u015flerimize ge\u00e7mi\u015f olsun diyorum. Rabb\u2019im \u00fclkemizi ve milletimizi her t\u00fcrl\u00fc musibetten, afetten, kazadan, beladan muhafaza eylesin&#8221; ifadelerini kulland\u0131. <\/p>\n<p>24.04.2025                     <\/p>\n","protected":false},"excerpt":{"rendered":"<p>Cumhurba\u015fkan\u0131 Recep Tayyip Erdo\u011fan, Marmara Denizi Silivri a\u00e7\u0131klar\u0131nda meydana gelen 6,2 b\u00fcy\u00fckl\u00fc\u011f\u00fcndeki depremin ard\u0131ndan ak\u015fam saatlerinde \u0130stanbul&#8217;a geldi ve AFAD&#8217;daki kriz merkezinde depreme ili\u015fkin bilgi ald\u0131. \u0130stanbul \u0130l Afet ve Acil Durum M\u00fcd\u00fcrl\u00fc\u011f\u00fcnde bulunan kriz merkezini ziyaret eden Cumhurba\u015fkan\u0131 Erdo\u011fan&#8217;a, \u00c7evre, \u015eehircilik ve \u0130klim De\u011fi\u015fikli\u011fi Bakan\u0131 Murat Kurum, Gen\u00e7lik ve Spor Bakan\u0131 Osman A\u015fk\u0131n Bak, [&hellip;]<\/p>\n","protected":false},"author":1,"featured_media":5926,"comment_status":"open","ping_status":"open","sticky":false,"template":"","format":"standard","meta":{"footnotes":""},"categories":[1,45],"tags":[],"class_list":["post-5925","post","type-post","status-publish","format-standard","has-post-thumbnail","hentry","category-genel","category-gundem"],"yoast_head":"<!-- This site is optimized with the Yoast SEO plugin v27.4 - https:\/\/yoast.com\/product\/yoast-seo-wordpress\/ -->\n<title>Cumhurba\u015fkan\u0131 Erdo\u011fan, AFAD&#039;daki kriz merkezinde depreme ili\u015fkin bilgi ald\u0131 - Memurun Sesi<\/title>\n<meta name=\"robots\" content=\"index, follow, max-snippet:-1, max-image-preview:large, max-video-preview:-1\" \/>\n<link rel=\"canonical\" href=\"https:\/\/memurunsesi.net\/index.php\/2025\/04\/24\/cumhurbaskani-erdogan-afaddaki-kriz-merkezinde-depreme-iliskin-bilgi-aldi\/\" \/>\n<meta property=\"og:locale\" content=\"tr_TR\" \/>\n<meta property=\"og:type\" content=\"article\" \/>\n<meta property=\"og:title\" content=\"Cumhurba\u015fkan\u0131 Erdo\u011fan, AFAD&#039;daki kriz merkezinde depreme ili\u015fkin bilgi ald\u0131 - Memurun Sesi\" \/>\n<meta property=\"og:description\" content=\"Cumhurba\u015fkan\u0131 Recep Tayyip Erdo\u011fan, Marmara Denizi Silivri a\u00e7\u0131klar\u0131nda meydana gelen 6,2 b\u00fcy\u00fckl\u00fc\u011f\u00fcndeki depremin ard\u0131ndan ak\u015fam saatlerinde \u0130stanbul&#8217;a geldi ve AFAD&#8217;daki kriz merkezinde depreme ili\u015fkin bilgi ald\u0131. \u0130stanbul \u0130l Afet ve Acil Durum M\u00fcd\u00fcrl\u00fc\u011f\u00fcnde bulunan kriz merkezini ziyaret eden Cumhurba\u015fkan\u0131 Erdo\u011fan&#8217;a, \u00c7evre, \u015eehircilik ve \u0130klim De\u011fi\u015fikli\u011fi Bakan\u0131 Murat Kurum, Gen\u00e7lik ve Spor Bakan\u0131 Osman A\u015fk\u0131n Bak, [&hellip;]\" \/>\n<meta property=\"og:url\" content=\"https:\/\/memurunsesi.net\/index.php\/2025\/04\/24\/cumhurbaskani-erdogan-afaddaki-kriz-merkezinde-depreme-iliskin-bilgi-aldi\/\" \/>\n<meta property=\"og:site_name\" content=\"Memurun Sesi\" \/>\n<meta property=\"article:publisher\" content=\"https:\/\/www.facebook.com\/unipersen\/?locale=tr_TR\" \/>\n<meta property=\"article:published_time\" content=\"2025-04-24T05:53:20+00:00\" \/>\n<meta property=\"og:image\" content=\"https:\/\/memurunsesi.net\/wp-content\/uploads\/2025\/04\/AW439728_01-scaled.jpg\" \/>\n\t<meta property=\"og:image:width\" content=\"2560\" \/>\n\t<meta property=\"og:image:height\" content=\"1684\" \/>\n\t<meta property=\"og:image:type\" content=\"image\/jpeg\" \/>\n<meta name=\"author\" content=\"Memurun Sesi Haber Merkezi\" \/>\n<meta name=\"twitter:card\" content=\"summary_large_image\" \/>\n<meta name=\"twitter:creator\" content=\"@unipersen\" \/>\n<meta name=\"twitter:site\" content=\"@unipersen\" \/>\n<meta name=\"twitter:label1\" content=\"Yazan:\" \/>\n\t<meta name=\"twitter:data1\" content=\"Memurun Sesi Haber Merkezi\" \/>\n\t<meta name=\"twitter:label2\" content=\"Tahmini okuma s\u00fcresi\" \/>\n\t<meta name=\"twitter:data2\" content=\"1 dakika\" \/>\n<script type=\"application\/ld+json\" class=\"yoast-schema-graph\">{\"@context\":\"https:\\\/\\\/schema.org\",\"@graph\":[{\"@type\":\"Article\",\"@id\":\"https:\\\/\\\/memurunsesi.net\\\/index.php\\\/2025\\\/04\\\/24\\\/cumhurbaskani-erdogan-afaddaki-kriz-merkezinde-depreme-iliskin-bilgi-aldi\\\/#article\",\"isPartOf\":{\"@id\":\"https:\\\/\\\/memurunsesi.net\\\/index.php\\\/2025\\\/04\\\/24\\\/cumhurbaskani-erdogan-afaddaki-kriz-merkezinde-depreme-iliskin-bilgi-aldi\\\/\"},\"author\":{\"name\":\"Memurun Sesi Haber Merkezi\",\"@id\":\"https:\\\/\\\/memurunsesi.net\\\/#\\\/schema\\\/person\\\/f21c2d73b89f6ee1d80b0a1803e38587\"},\"headline\":\"Cumhurba\u015fkan\u0131 Erdo\u011fan, AFAD&#8217;daki kriz merkezinde depreme ili\u015fkin bilgi ald\u0131\",\"datePublished\":\"2025-04-24T05:53:20+00:00\",\"mainEntityOfPage\":{\"@id\":\"https:\\\/\\\/memurunsesi.net\\\/index.php\\\/2025\\\/04\\\/24\\\/cumhurbaskani-erdogan-afaddaki-kriz-merkezinde-depreme-iliskin-bilgi-aldi\\\/\"},\"wordCount\":470,\"commentCount\":0,\"publisher\":{\"@id\":\"https:\\\/\\\/memurunsesi.net\\\/#organization\"},\"image\":{\"@id\":\"https:\\\/\\\/memurunsesi.net\\\/index.php\\\/2025\\\/04\\\/24\\\/cumhurbaskani-erdogan-afaddaki-kriz-merkezinde-depreme-iliskin-bilgi-aldi\\\/#primaryimage\"},\"thumbnailUrl\":\"https:\\\/\\\/memurunsesi.net\\\/wp-content\\\/uploads\\\/2025\\\/04\\\/AW439728_01-scaled.jpg\",\"articleSection\":{\"1\":\"G\u00fcndem\"},\"inLanguage\":\"tr\",\"potentialAction\":[{\"@type\":\"CommentAction\",\"name\":\"Comment\",\"target\":[\"https:\\\/\\\/memurunsesi.net\\\/index.php\\\/2025\\\/04\\\/24\\\/cumhurbaskani-erdogan-afaddaki-kriz-merkezinde-depreme-iliskin-bilgi-aldi\\\/#respond\"]}]},{\"@type\":\"WebPage\",\"@id\":\"https:\\\/\\\/memurunsesi.net\\\/index.php\\\/2025\\\/04\\\/24\\\/cumhurbaskani-erdogan-afaddaki-kriz-merkezinde-depreme-iliskin-bilgi-aldi\\\/\",\"url\":\"https:\\\/\\\/memurunsesi.net\\\/index.php\\\/2025\\\/04\\\/24\\\/cumhurbaskani-erdogan-afaddaki-kriz-merkezinde-depreme-iliskin-bilgi-aldi\\\/\",\"name\":\"Cumhurba\u015fkan\u0131 Erdo\u011fan, AFAD'daki kriz merkezinde depreme ili\u015fkin bilgi ald\u0131 - Memurun Sesi\",\"isPartOf\":{\"@id\":\"https:\\\/\\\/memurunsesi.net\\\/#website\"},\"primaryImageOfPage\":{\"@id\":\"https:\\\/\\\/memurunsesi.net\\\/index.php\\\/2025\\\/04\\\/24\\\/cumhurbaskani-erdogan-afaddaki-kriz-merkezinde-depreme-iliskin-bilgi-aldi\\\/#primaryimage\"},\"image\":{\"@id\":\"https:\\\/\\\/memurunsesi.net\\\/index.php\\\/2025\\\/04\\\/24\\\/cumhurbaskani-erdogan-afaddaki-kriz-merkezinde-depreme-iliskin-bilgi-aldi\\\/#primaryimage\"},\"thumbnailUrl\":\"https:\\\/\\\/memurunsesi.net\\\/wp-content\\\/uploads\\\/2025\\\/04\\\/AW439728_01-scaled.jpg\",\"datePublished\":\"2025-04-24T05:53:20+00:00\",\"breadcrumb\":{\"@id\":\"https:\\\/\\\/memurunsesi.net\\\/index.php\\\/2025\\\/04\\\/24\\\/cumhurbaskani-erdogan-afaddaki-kriz-merkezinde-depreme-iliskin-bilgi-aldi\\\/#breadcrumb\"},\"inLanguage\":\"tr\",\"potentialAction\":[{\"@type\":\"ReadAction\",\"target\":[\"https:\\\/\\\/memurunsesi.net\\\/index.php\\\/2025\\\/04\\\/24\\\/cumhurbaskani-erdogan-afaddaki-kriz-merkezinde-depreme-iliskin-bilgi-aldi\\\/\"]}]},{\"@type\":\"ImageObject\",\"inLanguage\":\"tr\",\"@id\":\"https:\\\/\\\/memurunsesi.net\\\/index.php\\\/2025\\\/04\\\/24\\\/cumhurbaskani-erdogan-afaddaki-kriz-merkezinde-depreme-iliskin-bilgi-aldi\\\/#primaryimage\",\"url\":\"https:\\\/\\\/memurunsesi.net\\\/wp-content\\\/uploads\\\/2025\\\/04\\\/AW439728_01-scaled.jpg\",\"contentUrl\":\"https:\\\/\\\/memurunsesi.net\\\/wp-content\\\/uploads\\\/2025\\\/04\\\/AW439728_01-scaled.jpg\",\"width\":2560,\"height\":1684,\"caption\":\"CUMHURBA\u015eKANI RECEP TAYY\u0130P ERDO\u011eAN, MARMARA DEN\u0130Z\u0130 S\u0130L\u0130VR\u0130 A\u00c7IKLARINDA MEYDANA GELEN 6,2 B\u00dcY\u00dcKL\u00dc\u011e\u00dcNDEK\u0130 DEPREM\u0130N ARDINDAN AK\u015eAM SAATLER\u0130NDE \u0130STANBUL'A GELD\u0130. (\u0130HA\\\/\u0130STANBUL-\u0130HA) Cumhurba\u015fkan\u0131 Recep Tayyip Erdo\u011fan, Marmara Denizi Silivri a\u00e7\u0131klar\u0131nda meydana gelen 6,2 b\u00fcy\u00fckl\u00fc\u011f\u00fcndeki depremin ard\u0131ndan ak\u015fam saatlerinde \u0130stanbul'a geldi ve AFAD'daki kriz merkezinde depreme ili\u015fkin bilgi ald\u0131.\"},{\"@type\":\"BreadcrumbList\",\"@id\":\"https:\\\/\\\/memurunsesi.net\\\/index.php\\\/2025\\\/04\\\/24\\\/cumhurbaskani-erdogan-afaddaki-kriz-merkezinde-depreme-iliskin-bilgi-aldi\\\/#breadcrumb\",\"itemListElement\":[{\"@type\":\"ListItem\",\"position\":1,\"name\":\"Anasayfa\",\"item\":\"https:\\\/\\\/memurunsesi.net\\\/\"},{\"@type\":\"ListItem\",\"position\":2,\"name\":\"Cumhurba\u015fkan\u0131 Erdo\u011fan, AFAD&#8217;daki kriz merkezinde depreme ili\u015fkin bilgi ald\u0131\"}]},{\"@type\":\"WebSite\",\"@id\":\"https:\\\/\\\/memurunsesi.net\\\/#website\",\"url\":\"https:\\\/\\\/memurunsesi.net\\\/\",\"name\":\"Memurun Sesi\",\"description\":\"G\u00fcncel ve Do\u011fru Haber\",\"publisher\":{\"@id\":\"https:\\\/\\\/memurunsesi.net\\\/#organization\"},\"potentialAction\":[{\"@type\":\"SearchAction\",\"target\":{\"@type\":\"EntryPoint\",\"urlTemplate\":\"https:\\\/\\\/memurunsesi.net\\\/?s={search_term_string}\"},\"query-input\":{\"@type\":\"PropertyValueSpecification\",\"valueRequired\":true,\"valueName\":\"search_term_string\"}}],\"inLanguage\":\"tr\"},{\"@type\":\"Organization\",\"@id\":\"https:\\\/\\\/memurunsesi.net\\\/#organization\",\"name\":\"Memurun Sesi\",\"url\":\"https:\\\/\\\/memurunsesi.net\\\/\",\"logo\":{\"@type\":\"ImageObject\",\"inLanguage\":\"tr\",\"@id\":\"https:\\\/\\\/memurunsesi.net\\\/#\\\/schema\\\/logo\\\/image\\\/\",\"url\":\"https:\\\/\\\/memurunsesi.net\\\/wp-content\\\/uploads\\\/2025\\\/11\\\/cropped-MEMURUN-SESI.png\",\"contentUrl\":\"https:\\\/\\\/memurunsesi.net\\\/wp-content\\\/uploads\\\/2025\\\/11\\\/cropped-MEMURUN-SESI.png\",\"width\":238,\"height\":57,\"caption\":\"Memurun Sesi\"},\"image\":{\"@id\":\"https:\\\/\\\/memurunsesi.net\\\/#\\\/schema\\\/logo\\\/image\\\/\"},\"sameAs\":[\"https:\\\/\\\/www.facebook.com\\\/unipersen\\\/?locale=tr_TR\",\"https:\\\/\\\/x.com\\\/unipersen\"]},{\"@type\":\"Person\",\"@id\":\"https:\\\/\\\/memurunsesi.net\\\/#\\\/schema\\\/person\\\/f21c2d73b89f6ee1d80b0a1803e38587\",\"name\":\"Memurun Sesi Haber Merkezi\",\"image\":{\"@type\":\"ImageObject\",\"inLanguage\":\"tr\",\"@id\":\"https:\\\/\\\/secure.gravatar.com\\\/avatar\\\/6cf0505f452ee753f485014986fab09a434671d2b919ee76fc541025c5876a70?s=96&d=mm&r=g\",\"url\":\"https:\\\/\\\/secure.gravatar.com\\\/avatar\\\/6cf0505f452ee753f485014986fab09a434671d2b919ee76fc541025c5876a70?s=96&d=mm&r=g\",\"contentUrl\":\"https:\\\/\\\/secure.gravatar.com\\\/avatar\\\/6cf0505f452ee753f485014986fab09a434671d2b919ee76fc541025c5876a70?s=96&d=mm&r=g\",\"caption\":\"Memurun Sesi Haber Merkezi\"},\"sameAs\":[\"https:\\\/\\\/memurunsesi.net\"],\"url\":\"https:\\\/\\\/memurunsesi.net\\\/index.php\\\/author\\\/uniper\\\/\"}]}<\/script>\n<!-- \/ Yoast SEO plugin. -->","yoast_head_json":{"title":"Cumhurba\u015fkan\u0131 Erdo\u011fan, AFAD'daki kriz merkezinde depreme ili\u015fkin bilgi ald\u0131 - Memurun Sesi","robots":{"index":"index","follow":"follow","max-snippet":"max-snippet:-1","max-image-preview":"max-image-preview:large","max-video-preview":"max-video-preview:-1"},"canonical":"https:\/\/memurunsesi.net\/index.php\/2025\/04\/24\/cumhurbaskani-erdogan-afaddaki-kriz-merkezinde-depreme-iliskin-bilgi-aldi\/","og_locale":"tr_TR","og_type":"article","og_title":"Cumhurba\u015fkan\u0131 Erdo\u011fan, AFAD'daki kriz merkezinde depreme ili\u015fkin bilgi ald\u0131 - Memurun Sesi","og_description":"Cumhurba\u015fkan\u0131 Recep Tayyip Erdo\u011fan, Marmara Denizi Silivri a\u00e7\u0131klar\u0131nda meydana gelen 6,2 b\u00fcy\u00fckl\u00fc\u011f\u00fcndeki depremin ard\u0131ndan ak\u015fam saatlerinde \u0130stanbul&#8217;a geldi ve AFAD&#8217;daki kriz merkezinde depreme ili\u015fkin bilgi ald\u0131. \u0130stanbul \u0130l Afet ve Acil Durum M\u00fcd\u00fcrl\u00fc\u011f\u00fcnde bulunan kriz merkezini ziyaret eden Cumhurba\u015fkan\u0131 Erdo\u011fan&#8217;a, \u00c7evre, \u015eehircilik ve \u0130klim De\u011fi\u015fikli\u011fi Bakan\u0131 Murat Kurum, Gen\u00e7lik ve Spor Bakan\u0131 Osman A\u015fk\u0131n Bak, [&hellip;]","og_url":"https:\/\/memurunsesi.net\/index.php\/2025\/04\/24\/cumhurbaskani-erdogan-afaddaki-kriz-merkezinde-depreme-iliskin-bilgi-aldi\/","og_site_name":"Memurun Sesi","article_publisher":"https:\/\/www.facebook.com\/unipersen\/?locale=tr_TR","article_published_time":"2025-04-24T05:53:20+00:00","og_image":[{"width":2560,"height":1684,"url":"https:\/\/memurunsesi.net\/wp-content\/uploads\/2025\/04\/AW439728_01-scaled.jpg","type":"image\/jpeg"}],"author":"Memurun Sesi Haber Merkezi","twitter_card":"summary_large_image","twitter_creator":"@unipersen","twitter_site":"@unipersen","twitter_misc":{"Yazan:":"Memurun Sesi Haber Merkezi","Tahmini okuma s\u00fcresi":"1 dakika"},"schema":{"@context":"https:\/\/schema.org","@graph":[{"@type":"Article","@id":"https:\/\/memurunsesi.net\/index.php\/2025\/04\/24\/cumhurbaskani-erdogan-afaddaki-kriz-merkezinde-depreme-iliskin-bilgi-aldi\/#article","isPartOf":{"@id":"https:\/\/memurunsesi.net\/index.php\/2025\/04\/24\/cumhurbaskani-erdogan-afaddaki-kriz-merkezinde-depreme-iliskin-bilgi-aldi\/"},"author":{"name":"Memurun Sesi Haber Merkezi","@id":"https:\/\/memurunsesi.net\/#\/schema\/person\/f21c2d73b89f6ee1d80b0a1803e38587"},"headline":"Cumhurba\u015fkan\u0131 Erdo\u011fan, AFAD&#8217;daki kriz merkezinde depreme ili\u015fkin bilgi ald\u0131","datePublished":"2025-04-24T05:53:20+00:00","mainEntityOfPage":{"@id":"https:\/\/memurunsesi.net\/index.php\/2025\/04\/24\/cumhurbaskani-erdogan-afaddaki-kriz-merkezinde-depreme-iliskin-bilgi-aldi\/"},"wordCount":470,"commentCount":0,"publisher":{"@id":"https:\/\/memurunsesi.net\/#organization"},"image":{"@id":"https:\/\/memurunsesi.net\/index.php\/2025\/04\/24\/cumhurbaskani-erdogan-afaddaki-kriz-merkezinde-depreme-iliskin-bilgi-aldi\/#primaryimage"},"thumbnailUrl":"https:\/\/memurunsesi.net\/wp-content\/uploads\/2025\/04\/AW439728_01-scaled.jpg","articleSection":{"1":"G\u00fcndem"},"inLanguage":"tr","potentialAction":[{"@type":"CommentAction","name":"Comment","target":["https:\/\/memurunsesi.net\/index.php\/2025\/04\/24\/cumhurbaskani-erdogan-afaddaki-kriz-merkezinde-depreme-iliskin-bilgi-aldi\/#respond"]}]},{"@type":"WebPage","@id":"https:\/\/memurunsesi.net\/index.php\/2025\/04\/24\/cumhurbaskani-erdogan-afaddaki-kriz-merkezinde-depreme-iliskin-bilgi-aldi\/","url":"https:\/\/memurunsesi.net\/index.php\/2025\/04\/24\/cumhurbaskani-erdogan-afaddaki-kriz-merkezinde-depreme-iliskin-bilgi-aldi\/","name":"Cumhurba\u015fkan\u0131 Erdo\u011fan, AFAD'daki kriz merkezinde depreme ili\u015fkin bilgi ald\u0131 - Memurun Sesi","isPartOf":{"@id":"https:\/\/memurunsesi.net\/#website"},"primaryImageOfPage":{"@id":"https:\/\/memurunsesi.net\/index.php\/2025\/04\/24\/cumhurbaskani-erdogan-afaddaki-kriz-merkezinde-depreme-iliskin-bilgi-aldi\/#primaryimage"},"image":{"@id":"https:\/\/memurunsesi.net\/index.php\/2025\/04\/24\/cumhurbaskani-erdogan-afaddaki-kriz-merkezinde-depreme-iliskin-bilgi-aldi\/#primaryimage"},"thumbnailUrl":"https:\/\/memurunsesi.net\/wp-content\/uploads\/2025\/04\/AW439728_01-scaled.jpg","datePublished":"2025-04-24T05:53:20+00:00","breadcrumb":{"@id":"https:\/\/memurunsesi.net\/index.php\/2025\/04\/24\/cumhurbaskani-erdogan-afaddaki-kriz-merkezinde-depreme-iliskin-bilgi-aldi\/#breadcrumb"},"inLanguage":"tr","potentialAction":[{"@type":"ReadAction","target":["https:\/\/memurunsesi.net\/index.php\/2025\/04\/24\/cumhurbaskani-erdogan-afaddaki-kriz-merkezinde-depreme-iliskin-bilgi-aldi\/"]}]},{"@type":"ImageObject","inLanguage":"tr","@id":"https:\/\/memurunsesi.net\/index.php\/2025\/04\/24\/cumhurbaskani-erdogan-afaddaki-kriz-merkezinde-depreme-iliskin-bilgi-aldi\/#primaryimage","url":"https:\/\/memurunsesi.net\/wp-content\/uploads\/2025\/04\/AW439728_01-scaled.jpg","contentUrl":"https:\/\/memurunsesi.net\/wp-content\/uploads\/2025\/04\/AW439728_01-scaled.jpg","width":2560,"height":1684,"caption":"CUMHURBA\u015eKANI RECEP TAYY\u0130P ERDO\u011eAN, MARMARA DEN\u0130Z\u0130 S\u0130L\u0130VR\u0130 A\u00c7IKLARINDA MEYDANA GELEN 6,2 B\u00dcY\u00dcKL\u00dc\u011e\u00dcNDEK\u0130 DEPREM\u0130N ARDINDAN AK\u015eAM SAATLER\u0130NDE \u0130STANBUL'A GELD\u0130. (\u0130HA\/\u0130STANBUL-\u0130HA) Cumhurba\u015fkan\u0131 Recep Tayyip Erdo\u011fan, Marmara Denizi Silivri a\u00e7\u0131klar\u0131nda meydana gelen 6,2 b\u00fcy\u00fckl\u00fc\u011f\u00fcndeki depremin ard\u0131ndan ak\u015fam saatlerinde \u0130stanbul'a geldi ve AFAD'daki kriz merkezinde depreme ili\u015fkin bilgi ald\u0131."},{"@type":"BreadcrumbList","@id":"https:\/\/memurunsesi.net\/index.php\/2025\/04\/24\/cumhurbaskani-erdogan-afaddaki-kriz-merkezinde-depreme-iliskin-bilgi-aldi\/#breadcrumb","itemListElement":[{"@type":"ListItem","position":1,"name":"Anasayfa","item":"https:\/\/memurunsesi.net\/"},{"@type":"ListItem","position":2,"name":"Cumhurba\u015fkan\u0131 Erdo\u011fan, AFAD&#8217;daki kriz merkezinde depreme ili\u015fkin bilgi ald\u0131"}]},{"@type":"WebSite","@id":"https:\/\/memurunsesi.net\/#website","url":"https:\/\/memurunsesi.net\/","name":"Memurun Sesi","description":"G\u00fcncel ve Do\u011fru Haber","publisher":{"@id":"https:\/\/memurunsesi.net\/#organization"},"potentialAction":[{"@type":"SearchAction","target":{"@type":"EntryPoint","urlTemplate":"https:\/\/memurunsesi.net\/?s={search_term_string}"},"query-input":{"@type":"PropertyValueSpecification","valueRequired":true,"valueName":"search_term_string"}}],"inLanguage":"tr"},{"@type":"Organization","@id":"https:\/\/memurunsesi.net\/#organization","name":"Memurun Sesi","url":"https:\/\/memurunsesi.net\/","logo":{"@type":"ImageObject","inLanguage":"tr","@id":"https:\/\/memurunsesi.net\/#\/schema\/logo\/image\/","url":"https:\/\/memurunsesi.net\/wp-content\/uploads\/2025\/11\/cropped-MEMURUN-SESI.png","contentUrl":"https:\/\/memurunsesi.net\/wp-content\/uploads\/2025\/11\/cropped-MEMURUN-SESI.png","width":238,"height":57,"caption":"Memurun Sesi"},"image":{"@id":"https:\/\/memurunsesi.net\/#\/schema\/logo\/image\/"},"sameAs":["https:\/\/www.facebook.com\/unipersen\/?locale=tr_TR","https:\/\/x.com\/unipersen"]},{"@type":"Person","@id":"https:\/\/memurunsesi.net\/#\/schema\/person\/f21c2d73b89f6ee1d80b0a1803e38587","name":"Memurun Sesi Haber Merkezi","image":{"@type":"ImageObject","inLanguage":"tr","@id":"https:\/\/secure.gravatar.com\/avatar\/6cf0505f452ee753f485014986fab09a434671d2b919ee76fc541025c5876a70?s=96&d=mm&r=g","url":"https:\/\/secure.gravatar.com\/avatar\/6cf0505f452ee753f485014986fab09a434671d2b919ee76fc541025c5876a70?s=96&d=mm&r=g","contentUrl":"https:\/\/secure.gravatar.com\/avatar\/6cf0505f452ee753f485014986fab09a434671d2b919ee76fc541025c5876a70?s=96&d=mm&r=g","caption":"Memurun Sesi Haber Merkezi"},"sameAs":["https:\/\/memurunsesi.net"],"url":"https:\/\/memurunsesi.net\/index.php\/author\/uniper\/"}]}},"_links":{"self":[{"href":"https:\/\/memurunsesi.net\/index.php\/wp-json\/wp\/v2\/posts\/5925","targetHints":{"allow":["GET"]}}],"collection":[{"href":"https:\/\/memurunsesi.net\/index.php\/wp-json\/wp\/v2\/posts"}],"about":[{"href":"https:\/\/memurunsesi.net\/index.php\/wp-json\/wp\/v2\/types\/post"}],"author":[{"embeddable":true,"href":"https:\/\/memurunsesi.net\/index.php\/wp-json\/wp\/v2\/users\/1"}],"replies":[{"embeddable":true,"href":"https:\/\/memurunsesi.net\/index.php\/wp-json\/wp\/v2\/comments?post=5925"}],"version-history":[{"count":1,"href":"https:\/\/memurunsesi.net\/index.php\/wp-json\/wp\/v2\/posts\/5925\/revisions"}],"predecessor-version":[{"id":5928,"href":"https:\/\/memurunsesi.net\/index.php\/wp-json\/wp\/v2\/posts\/5925\/revisions\/5928"}],"wp:featuredmedia":[{"embeddable":true,"href":"https:\/\/memurunsesi.net\/index.php\/wp-json\/wp\/v2\/media\/5926"}],"wp:attachment":[{"href":"https:\/\/memurunsesi.net\/index.php\/wp-json\/wp\/v2\/media?parent=5925"}],"wp:term":[{"taxonomy":"category","embeddable":true,"href":"https:\/\/memurunsesi.net\/index.php\/wp-json\/wp\/v2\/categories?post=5925"},{"taxonomy":"post_tag","embeddable":true,"href":"https:\/\/memurunsesi.net\/index.php\/wp-json\/wp\/v2\/tags?post=5925"}],"curies":[{"name":"wp","href":"https:\/\/api.w.org\/{rel}","templated":true}]}}