{"id":5929,"date":"2025-04-24T08:55:25","date_gmt":"2025-04-24T05:55:25","guid":{"rendered":"https:\/\/memurunsesi.net\/?p=5929"},"modified":"2025-04-24T08:55:25","modified_gmt":"2025-04-24T05:55:25","slug":"siirtte-78-yasindaki-kadinin-ses-sorunu-basarili-ameliyatla-giderildi","status":"publish","type":"post","link":"https:\/\/memurunsesi.net\/index.php\/2025\/04\/24\/siirtte-78-yasindaki-kadinin-ses-sorunu-basarili-ameliyatla-giderildi\/","title":{"rendered":"Siirt\u2019te 78 ya\u015f\u0131ndaki kad\u0131n\u0131n ses sorunu ba\u015far\u0131l\u0131 ameliyatla giderildi"},"content":{"rendered":"<p>   Siirt E\u011fitim ve Ara\u015ft\u0131rma Hastanesi\u2019nde &#8220;Enjeksiyon Laringoplasti &#8221; i\u015flemiyle 78 ya\u015f\u0131ndaki Kadriye Erdo\u011fan\u2019\u0131n konu\u015fma sorunu ba\u015far\u0131yla giderildi.<br \/>\nSiirt E\u011fitim ve Ara\u015ft\u0131rma Hastanesi\u2019nde uzun s\u00fcredir ses teli felci nedeniyle konu\u015fmakta zorluk \u00e7eken Kadriye Erdo\u011fan, ger\u00e7ekle\u015ftirilen \u00f6zel bir operasyon ile sa\u011fl\u0131\u011f\u0131na kavu\u015ftu. Operasyon, Kulak Burun Bo\u011faz Uzmanlar\u0131 Op. Dr. Se\u00e7kin Akbal ve Op. Dr. \u0130hsan Ceceli taraf\u0131ndan kentte ilk kez ba\u015far\u0131yla ger\u00e7ekle\u015ftirildi. Erdo\u011fan\u2019\u0131n \u00f6zellikle s\u0131v\u0131 g\u0131dalar\u0131 yerken nefes borusuna ka\u00e7ma problemi ya\u015fad\u0131\u011f\u0131n\u0131 belirten Akbal, hastan\u0131n ayr\u0131ca ses telleri tam kapanmad\u0131\u011f\u0131 i\u00e7in de ses olu\u015fturmakta g\u00fc\u00e7l\u00fck \u00e7ekti\u011fini ifade etti. Dr. Akbal, &#8220;S\u00f6yledi\u011fi \u015feyleri duyurmakta g\u00fc\u00e7l\u00fck \u00e7ekiyordu. Biz de yan tarafa a\u00e7\u0131lm\u0131\u015f ve orta hatta art\u0131k gelmeyen ses telini dolgu maddesiyle doldurarak ses tellerinin yeniden kapanmas\u0131n\u0131 sa\u011flad\u0131k. Bu i\u015flem sonras\u0131nda hastam\u0131z s\u0131v\u0131 g\u0131dalar\u0131 daha rahat yiyip i\u00e7ebilecektir. Ayr\u0131ca sesinde de bir miktar daha erken d\u00f6nemde iyile\u015fme kaydettik. Sonras\u0131nda da sesini daha anla\u015f\u0131l\u0131r bir hale getirmek i\u00e7in hastanemiz dil konu\u015fma terapisi b\u00f6l\u00fcm\u00fcnde terapilerine devam edecek. Hastan\u0131n ameliyattan hemen sonra sesinde bariz bir de\u011fi\u015fiklik g\u00f6rmekte bizi mutlu etti. Bu i\u015flem ofis \u015fartlar\u0131nda, lokal anestezi ile poliklinikte yap\u0131labilecek bir uygulama asl\u0131nda. Ancak hastam\u0131z ileri ya\u015fta ve baz\u0131 ek hastal\u0131klar\u0131 oldu\u011fu i\u00e7in ameliyathanede, genel anestezi alt\u0131nda ger\u00e7ekle\u015ftirdik\u2019\u2019 ifadelerini kulland\u0131.<br \/>\n  Ba\u015far\u0131l\u0131 operasyon ile benzer rahats\u0131zl\u0131klar ya\u015fayan di\u011fer hastalara da umut oldu. <\/p>\n<p>24.04.2025                               <\/p>\n","protected":false},"excerpt":{"rendered":"<p>Siirt E\u011fitim ve Ara\u015ft\u0131rma Hastanesi\u2019nde &#8220;Enjeksiyon Laringoplasti &#8221; i\u015flemiyle 78 ya\u015f\u0131ndaki Kadriye Erdo\u011fan\u2019\u0131n konu\u015fma sorunu ba\u015far\u0131yla giderildi. Siirt E\u011fitim ve Ara\u015ft\u0131rma Hastanesi\u2019nde uzun s\u00fcredir ses teli felci nedeniyle konu\u015fmakta zorluk \u00e7eken Kadriye Erdo\u011fan, ger\u00e7ekle\u015ftirilen \u00f6zel bir operasyon ile sa\u011fl\u0131\u011f\u0131na kavu\u015ftu. Operasyon, Kulak Burun Bo\u011faz Uzmanlar\u0131 Op. Dr. Se\u00e7kin Akbal ve Op. Dr. \u0130hsan Ceceli taraf\u0131ndan [&hellip;]<\/p>\n","protected":false},"author":1,"featured_media":5930,"comment_status":"open","ping_status":"open","sticky":false,"template":"","format":"standard","meta":{"footnotes":""},"categories":[45],"tags":[],"class_list":["post-5929","post","type-post","status-publish","format-standard","has-post-thumbnail","hentry","category-gundem"],"yoast_head":"<!-- This site is optimized with the Yoast SEO plugin v27.4 - https:\/\/yoast.com\/product\/yoast-seo-wordpress\/ -->\n<title>Siirt\u2019te 78 ya\u015f\u0131ndaki kad\u0131n\u0131n ses sorunu ba\u015far\u0131l\u0131 ameliyatla giderildi - Memurun Sesi<\/title>\n<meta name=\"robots\" content=\"index, follow, max-snippet:-1, max-image-preview:large, max-video-preview:-1\" \/>\n<link rel=\"canonical\" href=\"https:\/\/memurunsesi.net\/index.php\/2025\/04\/24\/siirtte-78-yasindaki-kadinin-ses-sorunu-basarili-ameliyatla-giderildi\/\" \/>\n<meta property=\"og:locale\" content=\"tr_TR\" \/>\n<meta property=\"og:type\" content=\"article\" \/>\n<meta property=\"og:title\" content=\"Siirt\u2019te 78 ya\u015f\u0131ndaki kad\u0131n\u0131n ses sorunu ba\u015far\u0131l\u0131 ameliyatla giderildi - Memurun Sesi\" \/>\n<meta property=\"og:description\" content=\"Siirt E\u011fitim ve Ara\u015ft\u0131rma Hastanesi\u2019nde &#8220;Enjeksiyon Laringoplasti &#8221; i\u015flemiyle 78 ya\u015f\u0131ndaki Kadriye Erdo\u011fan\u2019\u0131n konu\u015fma sorunu ba\u015far\u0131yla giderildi. Siirt E\u011fitim ve Ara\u015ft\u0131rma Hastanesi\u2019nde uzun s\u00fcredir ses teli felci nedeniyle konu\u015fmakta zorluk \u00e7eken Kadriye Erdo\u011fan, ger\u00e7ekle\u015ftirilen \u00f6zel bir operasyon ile sa\u011fl\u0131\u011f\u0131na kavu\u015ftu. Operasyon, Kulak Burun Bo\u011faz Uzmanlar\u0131 Op. Dr. Se\u00e7kin Akbal ve Op. Dr. \u0130hsan Ceceli taraf\u0131ndan [&hellip;]\" \/>\n<meta property=\"og:url\" content=\"https:\/\/memurunsesi.net\/index.php\/2025\/04\/24\/siirtte-78-yasindaki-kadinin-ses-sorunu-basarili-ameliyatla-giderildi\/\" \/>\n<meta property=\"og:site_name\" content=\"Memurun Sesi\" \/>\n<meta property=\"article:publisher\" content=\"https:\/\/www.facebook.com\/unipersen\/?locale=tr_TR\" \/>\n<meta property=\"article:published_time\" content=\"2025-04-24T05:55:25+00:00\" \/>\n<meta property=\"og:image\" content=\"https:\/\/memurunsesi.net\/wp-content\/uploads\/2025\/04\/AW439349_01-scaled.jpg\" \/>\n\t<meta property=\"og:image:width\" content=\"2560\" \/>\n\t<meta property=\"og:image:height\" content=\"1440\" \/>\n\t<meta property=\"og:image:type\" content=\"image\/jpeg\" \/>\n<meta name=\"author\" content=\"Memurun Sesi Haber Merkezi\" \/>\n<meta name=\"twitter:card\" content=\"summary_large_image\" \/>\n<meta name=\"twitter:creator\" content=\"@unipersen\" \/>\n<meta name=\"twitter:site\" content=\"@unipersen\" \/>\n<meta name=\"twitter:label1\" content=\"Yazan:\" \/>\n\t<meta name=\"twitter:data1\" content=\"Memurun Sesi Haber Merkezi\" \/>\n\t<meta name=\"twitter:label2\" content=\"Tahmini okuma s\u00fcresi\" \/>\n\t<meta name=\"twitter:data2\" content=\"1 dakika\" \/>\n<script type=\"application\/ld+json\" class=\"yoast-schema-graph\">{\"@context\":\"https:\\\/\\\/schema.org\",\"@graph\":[{\"@type\":\"Article\",\"@id\":\"https:\\\/\\\/memurunsesi.net\\\/index.php\\\/2025\\\/04\\\/24\\\/siirtte-78-yasindaki-kadinin-ses-sorunu-basarili-ameliyatla-giderildi\\\/#article\",\"isPartOf\":{\"@id\":\"https:\\\/\\\/memurunsesi.net\\\/index.php\\\/2025\\\/04\\\/24\\\/siirtte-78-yasindaki-kadinin-ses-sorunu-basarili-ameliyatla-giderildi\\\/\"},\"author\":{\"name\":\"Memurun Sesi Haber Merkezi\",\"@id\":\"https:\\\/\\\/memurunsesi.net\\\/#\\\/schema\\\/person\\\/f21c2d73b89f6ee1d80b0a1803e38587\"},\"headline\":\"Siirt\u2019te 78 ya\u015f\u0131ndaki kad\u0131n\u0131n ses sorunu ba\u015far\u0131l\u0131 ameliyatla giderildi\",\"datePublished\":\"2025-04-24T05:55:25+00:00\",\"mainEntityOfPage\":{\"@id\":\"https:\\\/\\\/memurunsesi.net\\\/index.php\\\/2025\\\/04\\\/24\\\/siirtte-78-yasindaki-kadinin-ses-sorunu-basarili-ameliyatla-giderildi\\\/\"},\"wordCount\":306,\"commentCount\":0,\"publisher\":{\"@id\":\"https:\\\/\\\/memurunsesi.net\\\/#organization\"},\"image\":{\"@id\":\"https:\\\/\\\/memurunsesi.net\\\/index.php\\\/2025\\\/04\\\/24\\\/siirtte-78-yasindaki-kadinin-ses-sorunu-basarili-ameliyatla-giderildi\\\/#primaryimage\"},\"thumbnailUrl\":\"https:\\\/\\\/memurunsesi.net\\\/wp-content\\\/uploads\\\/2025\\\/04\\\/AW439349_01-scaled.jpg\",\"articleSection\":[\"G\u00fcndem\"],\"inLanguage\":\"tr\",\"potentialAction\":[{\"@type\":\"CommentAction\",\"name\":\"Comment\",\"target\":[\"https:\\\/\\\/memurunsesi.net\\\/index.php\\\/2025\\\/04\\\/24\\\/siirtte-78-yasindaki-kadinin-ses-sorunu-basarili-ameliyatla-giderildi\\\/#respond\"]}]},{\"@type\":\"WebPage\",\"@id\":\"https:\\\/\\\/memurunsesi.net\\\/index.php\\\/2025\\\/04\\\/24\\\/siirtte-78-yasindaki-kadinin-ses-sorunu-basarili-ameliyatla-giderildi\\\/\",\"url\":\"https:\\\/\\\/memurunsesi.net\\\/index.php\\\/2025\\\/04\\\/24\\\/siirtte-78-yasindaki-kadinin-ses-sorunu-basarili-ameliyatla-giderildi\\\/\",\"name\":\"Siirt\u2019te 78 ya\u015f\u0131ndaki kad\u0131n\u0131n ses sorunu ba\u015far\u0131l\u0131 ameliyatla giderildi - Memurun Sesi\",\"isPartOf\":{\"@id\":\"https:\\\/\\\/memurunsesi.net\\\/#website\"},\"primaryImageOfPage\":{\"@id\":\"https:\\\/\\\/memurunsesi.net\\\/index.php\\\/2025\\\/04\\\/24\\\/siirtte-78-yasindaki-kadinin-ses-sorunu-basarili-ameliyatla-giderildi\\\/#primaryimage\"},\"image\":{\"@id\":\"https:\\\/\\\/memurunsesi.net\\\/index.php\\\/2025\\\/04\\\/24\\\/siirtte-78-yasindaki-kadinin-ses-sorunu-basarili-ameliyatla-giderildi\\\/#primaryimage\"},\"thumbnailUrl\":\"https:\\\/\\\/memurunsesi.net\\\/wp-content\\\/uploads\\\/2025\\\/04\\\/AW439349_01-scaled.jpg\",\"datePublished\":\"2025-04-24T05:55:25+00:00\",\"breadcrumb\":{\"@id\":\"https:\\\/\\\/memurunsesi.net\\\/index.php\\\/2025\\\/04\\\/24\\\/siirtte-78-yasindaki-kadinin-ses-sorunu-basarili-ameliyatla-giderildi\\\/#breadcrumb\"},\"inLanguage\":\"tr\",\"potentialAction\":[{\"@type\":\"ReadAction\",\"target\":[\"https:\\\/\\\/memurunsesi.net\\\/index.php\\\/2025\\\/04\\\/24\\\/siirtte-78-yasindaki-kadinin-ses-sorunu-basarili-ameliyatla-giderildi\\\/\"]}]},{\"@type\":\"ImageObject\",\"inLanguage\":\"tr\",\"@id\":\"https:\\\/\\\/memurunsesi.net\\\/index.php\\\/2025\\\/04\\\/24\\\/siirtte-78-yasindaki-kadinin-ses-sorunu-basarili-ameliyatla-giderildi\\\/#primaryimage\",\"url\":\"https:\\\/\\\/memurunsesi.net\\\/wp-content\\\/uploads\\\/2025\\\/04\\\/AW439349_01-scaled.jpg\",\"contentUrl\":\"https:\\\/\\\/memurunsesi.net\\\/wp-content\\\/uploads\\\/2025\\\/04\\\/AW439349_01-scaled.jpg\",\"width\":2560,\"height\":1440,\"caption\":\"\\\"ENJEKS\u0130YON LAR\u0130NGOPLAST\u0130 \\\" \u0130\u015eLEM\u0130YLE 78 YA\u015eINDAK\u0130 KADR\u0130YE ERDO\u011eAN'IN KONU\u015eMA SORUNU BA\u015eARIYLA G\u0130DER\u0130LD\u0130. (S\u00dcLEYMAN TAYFUR KILI\u00c7VURAN\\\/S\u0130\u0130RT-\u0130HA) Siirt E\u011fitim ve Ara\u015ft\u0131rma Hastanesi'nde \\\"Enjeksiyon Laringoplasti \\\" i\u015flemiyle 78 ya\u015f\u0131ndaki Kadriye Erdo\u011fan'\u0131n konu\u015fma sorunu ba\u015far\u0131yla giderildi.\"},{\"@type\":\"BreadcrumbList\",\"@id\":\"https:\\\/\\\/memurunsesi.net\\\/index.php\\\/2025\\\/04\\\/24\\\/siirtte-78-yasindaki-kadinin-ses-sorunu-basarili-ameliyatla-giderildi\\\/#breadcrumb\",\"itemListElement\":[{\"@type\":\"ListItem\",\"position\":1,\"name\":\"Anasayfa\",\"item\":\"https:\\\/\\\/memurunsesi.net\\\/\"},{\"@type\":\"ListItem\",\"position\":2,\"name\":\"Siirt\u2019te 78 ya\u015f\u0131ndaki kad\u0131n\u0131n ses sorunu ba\u015far\u0131l\u0131 ameliyatla giderildi\"}]},{\"@type\":\"WebSite\",\"@id\":\"https:\\\/\\\/memurunsesi.net\\\/#website\",\"url\":\"https:\\\/\\\/memurunsesi.net\\\/\",\"name\":\"Memurun Sesi\",\"description\":\"G\u00fcncel ve Do\u011fru Haber\",\"publisher\":{\"@id\":\"https:\\\/\\\/memurunsesi.net\\\/#organization\"},\"potentialAction\":[{\"@type\":\"SearchAction\",\"target\":{\"@type\":\"EntryPoint\",\"urlTemplate\":\"https:\\\/\\\/memurunsesi.net\\\/?s={search_term_string}\"},\"query-input\":{\"@type\":\"PropertyValueSpecification\",\"valueRequired\":true,\"valueName\":\"search_term_string\"}}],\"inLanguage\":\"tr\"},{\"@type\":\"Organization\",\"@id\":\"https:\\\/\\\/memurunsesi.net\\\/#organization\",\"name\":\"Memurun Sesi\",\"url\":\"https:\\\/\\\/memurunsesi.net\\\/\",\"logo\":{\"@type\":\"ImageObject\",\"inLanguage\":\"tr\",\"@id\":\"https:\\\/\\\/memurunsesi.net\\\/#\\\/schema\\\/logo\\\/image\\\/\",\"url\":\"https:\\\/\\\/memurunsesi.net\\\/wp-content\\\/uploads\\\/2025\\\/11\\\/cropped-MEMURUN-SESI.png\",\"contentUrl\":\"https:\\\/\\\/memurunsesi.net\\\/wp-content\\\/uploads\\\/2025\\\/11\\\/cropped-MEMURUN-SESI.png\",\"width\":238,\"height\":57,\"caption\":\"Memurun Sesi\"},\"image\":{\"@id\":\"https:\\\/\\\/memurunsesi.net\\\/#\\\/schema\\\/logo\\\/image\\\/\"},\"sameAs\":[\"https:\\\/\\\/www.facebook.com\\\/unipersen\\\/?locale=tr_TR\",\"https:\\\/\\\/x.com\\\/unipersen\"]},{\"@type\":\"Person\",\"@id\":\"https:\\\/\\\/memurunsesi.net\\\/#\\\/schema\\\/person\\\/f21c2d73b89f6ee1d80b0a1803e38587\",\"name\":\"Memurun Sesi Haber Merkezi\",\"image\":{\"@type\":\"ImageObject\",\"inLanguage\":\"tr\",\"@id\":\"https:\\\/\\\/secure.gravatar.com\\\/avatar\\\/6cf0505f452ee753f485014986fab09a434671d2b919ee76fc541025c5876a70?s=96&d=mm&r=g\",\"url\":\"https:\\\/\\\/secure.gravatar.com\\\/avatar\\\/6cf0505f452ee753f485014986fab09a434671d2b919ee76fc541025c5876a70?s=96&d=mm&r=g\",\"contentUrl\":\"https:\\\/\\\/secure.gravatar.com\\\/avatar\\\/6cf0505f452ee753f485014986fab09a434671d2b919ee76fc541025c5876a70?s=96&d=mm&r=g\",\"caption\":\"Memurun Sesi Haber Merkezi\"},\"sameAs\":[\"https:\\\/\\\/memurunsesi.net\"],\"url\":\"https:\\\/\\\/memurunsesi.net\\\/index.php\\\/author\\\/uniper\\\/\"}]}<\/script>\n<!-- \/ Yoast SEO plugin. -->","yoast_head_json":{"title":"Siirt\u2019te 78 ya\u015f\u0131ndaki kad\u0131n\u0131n ses sorunu ba\u015far\u0131l\u0131 ameliyatla giderildi - Memurun Sesi","robots":{"index":"index","follow":"follow","max-snippet":"max-snippet:-1","max-image-preview":"max-image-preview:large","max-video-preview":"max-video-preview:-1"},"canonical":"https:\/\/memurunsesi.net\/index.php\/2025\/04\/24\/siirtte-78-yasindaki-kadinin-ses-sorunu-basarili-ameliyatla-giderildi\/","og_locale":"tr_TR","og_type":"article","og_title":"Siirt\u2019te 78 ya\u015f\u0131ndaki kad\u0131n\u0131n ses sorunu ba\u015far\u0131l\u0131 ameliyatla giderildi - Memurun Sesi","og_description":"Siirt E\u011fitim ve Ara\u015ft\u0131rma Hastanesi\u2019nde &#8220;Enjeksiyon Laringoplasti &#8221; i\u015flemiyle 78 ya\u015f\u0131ndaki Kadriye Erdo\u011fan\u2019\u0131n konu\u015fma sorunu ba\u015far\u0131yla giderildi. Siirt E\u011fitim ve Ara\u015ft\u0131rma Hastanesi\u2019nde uzun s\u00fcredir ses teli felci nedeniyle konu\u015fmakta zorluk \u00e7eken Kadriye Erdo\u011fan, ger\u00e7ekle\u015ftirilen \u00f6zel bir operasyon ile sa\u011fl\u0131\u011f\u0131na kavu\u015ftu. Operasyon, Kulak Burun Bo\u011faz Uzmanlar\u0131 Op. Dr. Se\u00e7kin Akbal ve Op. Dr. \u0130hsan Ceceli taraf\u0131ndan [&hellip;]","og_url":"https:\/\/memurunsesi.net\/index.php\/2025\/04\/24\/siirtte-78-yasindaki-kadinin-ses-sorunu-basarili-ameliyatla-giderildi\/","og_site_name":"Memurun Sesi","article_publisher":"https:\/\/www.facebook.com\/unipersen\/?locale=tr_TR","article_published_time":"2025-04-24T05:55:25+00:00","og_image":[{"width":2560,"height":1440,"url":"https:\/\/memurunsesi.net\/wp-content\/uploads\/2025\/04\/AW439349_01-scaled.jpg","type":"image\/jpeg"}],"author":"Memurun Sesi Haber Merkezi","twitter_card":"summary_large_image","twitter_creator":"@unipersen","twitter_site":"@unipersen","twitter_misc":{"Yazan:":"Memurun Sesi Haber Merkezi","Tahmini okuma s\u00fcresi":"1 dakika"},"schema":{"@context":"https:\/\/schema.org","@graph":[{"@type":"Article","@id":"https:\/\/memurunsesi.net\/index.php\/2025\/04\/24\/siirtte-78-yasindaki-kadinin-ses-sorunu-basarili-ameliyatla-giderildi\/#article","isPartOf":{"@id":"https:\/\/memurunsesi.net\/index.php\/2025\/04\/24\/siirtte-78-yasindaki-kadinin-ses-sorunu-basarili-ameliyatla-giderildi\/"},"author":{"name":"Memurun Sesi Haber Merkezi","@id":"https:\/\/memurunsesi.net\/#\/schema\/person\/f21c2d73b89f6ee1d80b0a1803e38587"},"headline":"Siirt\u2019te 78 ya\u015f\u0131ndaki kad\u0131n\u0131n ses sorunu ba\u015far\u0131l\u0131 ameliyatla giderildi","datePublished":"2025-04-24T05:55:25+00:00","mainEntityOfPage":{"@id":"https:\/\/memurunsesi.net\/index.php\/2025\/04\/24\/siirtte-78-yasindaki-kadinin-ses-sorunu-basarili-ameliyatla-giderildi\/"},"wordCount":306,"commentCount":0,"publisher":{"@id":"https:\/\/memurunsesi.net\/#organization"},"image":{"@id":"https:\/\/memurunsesi.net\/index.php\/2025\/04\/24\/siirtte-78-yasindaki-kadinin-ses-sorunu-basarili-ameliyatla-giderildi\/#primaryimage"},"thumbnailUrl":"https:\/\/memurunsesi.net\/wp-content\/uploads\/2025\/04\/AW439349_01-scaled.jpg","articleSection":["G\u00fcndem"],"inLanguage":"tr","potentialAction":[{"@type":"CommentAction","name":"Comment","target":["https:\/\/memurunsesi.net\/index.php\/2025\/04\/24\/siirtte-78-yasindaki-kadinin-ses-sorunu-basarili-ameliyatla-giderildi\/#respond"]}]},{"@type":"WebPage","@id":"https:\/\/memurunsesi.net\/index.php\/2025\/04\/24\/siirtte-78-yasindaki-kadinin-ses-sorunu-basarili-ameliyatla-giderildi\/","url":"https:\/\/memurunsesi.net\/index.php\/2025\/04\/24\/siirtte-78-yasindaki-kadinin-ses-sorunu-basarili-ameliyatla-giderildi\/","name":"Siirt\u2019te 78 ya\u015f\u0131ndaki kad\u0131n\u0131n ses sorunu ba\u015far\u0131l\u0131 ameliyatla giderildi - Memurun Sesi","isPartOf":{"@id":"https:\/\/memurunsesi.net\/#website"},"primaryImageOfPage":{"@id":"https:\/\/memurunsesi.net\/index.php\/2025\/04\/24\/siirtte-78-yasindaki-kadinin-ses-sorunu-basarili-ameliyatla-giderildi\/#primaryimage"},"image":{"@id":"https:\/\/memurunsesi.net\/index.php\/2025\/04\/24\/siirtte-78-yasindaki-kadinin-ses-sorunu-basarili-ameliyatla-giderildi\/#primaryimage"},"thumbnailUrl":"https:\/\/memurunsesi.net\/wp-content\/uploads\/2025\/04\/AW439349_01-scaled.jpg","datePublished":"2025-04-24T05:55:25+00:00","breadcrumb":{"@id":"https:\/\/memurunsesi.net\/index.php\/2025\/04\/24\/siirtte-78-yasindaki-kadinin-ses-sorunu-basarili-ameliyatla-giderildi\/#breadcrumb"},"inLanguage":"tr","potentialAction":[{"@type":"ReadAction","target":["https:\/\/memurunsesi.net\/index.php\/2025\/04\/24\/siirtte-78-yasindaki-kadinin-ses-sorunu-basarili-ameliyatla-giderildi\/"]}]},{"@type":"ImageObject","inLanguage":"tr","@id":"https:\/\/memurunsesi.net\/index.php\/2025\/04\/24\/siirtte-78-yasindaki-kadinin-ses-sorunu-basarili-ameliyatla-giderildi\/#primaryimage","url":"https:\/\/memurunsesi.net\/wp-content\/uploads\/2025\/04\/AW439349_01-scaled.jpg","contentUrl":"https:\/\/memurunsesi.net\/wp-content\/uploads\/2025\/04\/AW439349_01-scaled.jpg","width":2560,"height":1440,"caption":"\"ENJEKS\u0130YON LAR\u0130NGOPLAST\u0130 \" \u0130\u015eLEM\u0130YLE 78 YA\u015eINDAK\u0130 KADR\u0130YE ERDO\u011eAN'IN KONU\u015eMA SORUNU BA\u015eARIYLA G\u0130DER\u0130LD\u0130. (S\u00dcLEYMAN TAYFUR KILI\u00c7VURAN\/S\u0130\u0130RT-\u0130HA) Siirt E\u011fitim ve Ara\u015ft\u0131rma Hastanesi'nde \"Enjeksiyon Laringoplasti \" i\u015flemiyle 78 ya\u015f\u0131ndaki Kadriye Erdo\u011fan'\u0131n konu\u015fma sorunu ba\u015far\u0131yla giderildi."},{"@type":"BreadcrumbList","@id":"https:\/\/memurunsesi.net\/index.php\/2025\/04\/24\/siirtte-78-yasindaki-kadinin-ses-sorunu-basarili-ameliyatla-giderildi\/#breadcrumb","itemListElement":[{"@type":"ListItem","position":1,"name":"Anasayfa","item":"https:\/\/memurunsesi.net\/"},{"@type":"ListItem","position":2,"name":"Siirt\u2019te 78 ya\u015f\u0131ndaki kad\u0131n\u0131n ses sorunu ba\u015far\u0131l\u0131 ameliyatla giderildi"}]},{"@type":"WebSite","@id":"https:\/\/memurunsesi.net\/#website","url":"https:\/\/memurunsesi.net\/","name":"Memurun Sesi","description":"G\u00fcncel ve Do\u011fru Haber","publisher":{"@id":"https:\/\/memurunsesi.net\/#organization"},"potentialAction":[{"@type":"SearchAction","target":{"@type":"EntryPoint","urlTemplate":"https:\/\/memurunsesi.net\/?s={search_term_string}"},"query-input":{"@type":"PropertyValueSpecification","valueRequired":true,"valueName":"search_term_string"}}],"inLanguage":"tr"},{"@type":"Organization","@id":"https:\/\/memurunsesi.net\/#organization","name":"Memurun Sesi","url":"https:\/\/memurunsesi.net\/","logo":{"@type":"ImageObject","inLanguage":"tr","@id":"https:\/\/memurunsesi.net\/#\/schema\/logo\/image\/","url":"https:\/\/memurunsesi.net\/wp-content\/uploads\/2025\/11\/cropped-MEMURUN-SESI.png","contentUrl":"https:\/\/memurunsesi.net\/wp-content\/uploads\/2025\/11\/cropped-MEMURUN-SESI.png","width":238,"height":57,"caption":"Memurun Sesi"},"image":{"@id":"https:\/\/memurunsesi.net\/#\/schema\/logo\/image\/"},"sameAs":["https:\/\/www.facebook.com\/unipersen\/?locale=tr_TR","https:\/\/x.com\/unipersen"]},{"@type":"Person","@id":"https:\/\/memurunsesi.net\/#\/schema\/person\/f21c2d73b89f6ee1d80b0a1803e38587","name":"Memurun Sesi Haber Merkezi","image":{"@type":"ImageObject","inLanguage":"tr","@id":"https:\/\/secure.gravatar.com\/avatar\/6cf0505f452ee753f485014986fab09a434671d2b919ee76fc541025c5876a70?s=96&d=mm&r=g","url":"https:\/\/secure.gravatar.com\/avatar\/6cf0505f452ee753f485014986fab09a434671d2b919ee76fc541025c5876a70?s=96&d=mm&r=g","contentUrl":"https:\/\/secure.gravatar.com\/avatar\/6cf0505f452ee753f485014986fab09a434671d2b919ee76fc541025c5876a70?s=96&d=mm&r=g","caption":"Memurun Sesi Haber Merkezi"},"sameAs":["https:\/\/memurunsesi.net"],"url":"https:\/\/memurunsesi.net\/index.php\/author\/uniper\/"}]}},"_links":{"self":[{"href":"https:\/\/memurunsesi.net\/index.php\/wp-json\/wp\/v2\/posts\/5929","targetHints":{"allow":["GET"]}}],"collection":[{"href":"https:\/\/memurunsesi.net\/index.php\/wp-json\/wp\/v2\/posts"}],"about":[{"href":"https:\/\/memurunsesi.net\/index.php\/wp-json\/wp\/v2\/types\/post"}],"author":[{"embeddable":true,"href":"https:\/\/memurunsesi.net\/index.php\/wp-json\/wp\/v2\/users\/1"}],"replies":[{"embeddable":true,"href":"https:\/\/memurunsesi.net\/index.php\/wp-json\/wp\/v2\/comments?post=5929"}],"version-history":[{"count":1,"href":"https:\/\/memurunsesi.net\/index.php\/wp-json\/wp\/v2\/posts\/5929\/revisions"}],"predecessor-version":[{"id":5931,"href":"https:\/\/memurunsesi.net\/index.php\/wp-json\/wp\/v2\/posts\/5929\/revisions\/5931"}],"wp:featuredmedia":[{"embeddable":true,"href":"https:\/\/memurunsesi.net\/index.php\/wp-json\/wp\/v2\/media\/5930"}],"wp:attachment":[{"href":"https:\/\/memurunsesi.net\/index.php\/wp-json\/wp\/v2\/media?parent=5929"}],"wp:term":[{"taxonomy":"category","embeddable":true,"href":"https:\/\/memurunsesi.net\/index.php\/wp-json\/wp\/v2\/categories?post=5929"},{"taxonomy":"post_tag","embeddable":true,"href":"https:\/\/memurunsesi.net\/index.php\/wp-json\/wp\/v2\/tags?post=5929"}],"curies":[{"name":"wp","href":"https:\/\/api.w.org\/{rel}","templated":true}]}}