{"id":5960,"date":"2025-04-24T16:47:20","date_gmt":"2025-04-24T13:47:20","guid":{"rendered":"https:\/\/memurunsesi.net\/?p=5960"},"modified":"2025-04-24T16:47:20","modified_gmt":"2025-04-24T13:47:20","slug":"pancar-toplarken-kalp-krizinden-hayatini-kaybeden-gurdal-topraga-verildi","status":"publish","type":"post","link":"https:\/\/memurunsesi.net\/index.php\/2025\/04\/24\/pancar-toplarken-kalp-krizinden-hayatini-kaybeden-gurdal-topraga-verildi\/","title":{"rendered":"Pancar toplarken kalp krizinden hayat\u0131n\u0131 kaybeden G\u00fcrdal topra\u011fa verildi"},"content":{"rendered":"<p> Hakkari\u2019nin Y\u00fcksekova il\u00e7esinde pancar toplarken kalp krizi ge\u00e7irerek hayat\u0131n\u0131 kaybeden 45 ya\u015f\u0131ndaki Ali G\u00fcrdal, g\u00f6zya\u015flar\u0131 aras\u0131nda topra\u011fa verildi.<br \/>\nOnba\u015f\u0131lar k\u00f6y\u00fcne ba\u011fl\u0131 Armutlu mezras\u0131nda d\u00fcn pancar toplarken kalp krizi ge\u00e7iren G\u00fcrdal, \u00e7evredekilerin haber vermesi \u00fczerine gelen ambulansla kald\u0131r\u0131ld\u0131\u011f\u0131 Y\u00fcksekova Devlet Hastanesinde yap\u0131lan t\u00fcm m\u00fcdahalelere ra\u011fmen hayat\u0131n\u0131 kaybetmi\u015fti. Hakkari\u2019de yap\u0131lan otopsi i\u015fleminden sonra G\u00fcrdal\u2019\u0131n cenazesi Y\u00fcksekova\u2019ya getirerek Orman Mahallesi\u2019ndeki mezarl\u0131kta g\u00f6zya\u015flar\u0131 aras\u0131nda topra\u011fa verildi. <\/p>\n<p>24.04.2025                             <\/p>\n","protected":false},"excerpt":{"rendered":"<p>Hakkari\u2019nin Y\u00fcksekova il\u00e7esinde pancar toplarken kalp krizi ge\u00e7irerek hayat\u0131n\u0131 kaybeden 45 ya\u015f\u0131ndaki Ali G\u00fcrdal, g\u00f6zya\u015flar\u0131 aras\u0131nda topra\u011fa verildi. Onba\u015f\u0131lar k\u00f6y\u00fcne ba\u011fl\u0131 Armutlu mezras\u0131nda d\u00fcn pancar toplarken kalp krizi ge\u00e7iren G\u00fcrdal, \u00e7evredekilerin haber vermesi \u00fczerine gelen ambulansla kald\u0131r\u0131ld\u0131\u011f\u0131 Y\u00fcksekova Devlet Hastanesinde yap\u0131lan t\u00fcm m\u00fcdahalelere ra\u011fmen hayat\u0131n\u0131 kaybetmi\u015fti. Hakkari\u2019de yap\u0131lan otopsi i\u015fleminden sonra G\u00fcrdal\u2019\u0131n cenazesi Y\u00fcksekova\u2019ya getirerek [&hellip;]<\/p>\n","protected":false},"author":1,"featured_media":5961,"comment_status":"open","ping_status":"open","sticky":false,"template":"","format":"standard","meta":{"footnotes":""},"categories":[45],"tags":[],"class_list":["post-5960","post","type-post","status-publish","format-standard","has-post-thumbnail","hentry","category-gundem"],"yoast_head":"<!-- This site is optimized with the Yoast SEO plugin v27.4 - https:\/\/yoast.com\/product\/yoast-seo-wordpress\/ -->\n<title>Pancar toplarken kalp krizinden hayat\u0131n\u0131 kaybeden G\u00fcrdal topra\u011fa verildi - Memurun Sesi<\/title>\n<meta name=\"robots\" content=\"index, follow, max-snippet:-1, max-image-preview:large, max-video-preview:-1\" \/>\n<link rel=\"canonical\" href=\"https:\/\/memurunsesi.net\/index.php\/2025\/04\/24\/pancar-toplarken-kalp-krizinden-hayatini-kaybeden-gurdal-topraga-verildi\/\" \/>\n<meta property=\"og:locale\" content=\"tr_TR\" \/>\n<meta property=\"og:type\" content=\"article\" \/>\n<meta property=\"og:title\" content=\"Pancar toplarken kalp krizinden hayat\u0131n\u0131 kaybeden G\u00fcrdal topra\u011fa verildi - Memurun Sesi\" \/>\n<meta property=\"og:description\" content=\"Hakkari\u2019nin Y\u00fcksekova il\u00e7esinde pancar toplarken kalp krizi ge\u00e7irerek hayat\u0131n\u0131 kaybeden 45 ya\u015f\u0131ndaki Ali G\u00fcrdal, g\u00f6zya\u015flar\u0131 aras\u0131nda topra\u011fa verildi. Onba\u015f\u0131lar k\u00f6y\u00fcne ba\u011fl\u0131 Armutlu mezras\u0131nda d\u00fcn pancar toplarken kalp krizi ge\u00e7iren G\u00fcrdal, \u00e7evredekilerin haber vermesi \u00fczerine gelen ambulansla kald\u0131r\u0131ld\u0131\u011f\u0131 Y\u00fcksekova Devlet Hastanesinde yap\u0131lan t\u00fcm m\u00fcdahalelere ra\u011fmen hayat\u0131n\u0131 kaybetmi\u015fti. Hakkari\u2019de yap\u0131lan otopsi i\u015fleminden sonra G\u00fcrdal\u2019\u0131n cenazesi Y\u00fcksekova\u2019ya getirerek [&hellip;]\" \/>\n<meta property=\"og:url\" content=\"https:\/\/memurunsesi.net\/index.php\/2025\/04\/24\/pancar-toplarken-kalp-krizinden-hayatini-kaybeden-gurdal-topraga-verildi\/\" \/>\n<meta property=\"og:site_name\" content=\"Memurun Sesi\" \/>\n<meta property=\"article:publisher\" content=\"https:\/\/www.facebook.com\/unipersen\/?locale=tr_TR\" \/>\n<meta property=\"article:published_time\" content=\"2025-04-24T13:47:20+00:00\" \/>\n<meta property=\"og:image\" content=\"https:\/\/memurunsesi.net\/wp-content\/uploads\/2025\/04\/AW440372_01.jpg\" \/>\n\t<meta property=\"og:image:width\" content=\"1290\" \/>\n\t<meta property=\"og:image:height\" content=\"702\" \/>\n\t<meta property=\"og:image:type\" content=\"image\/jpeg\" \/>\n<meta name=\"author\" content=\"Memurun Sesi Haber Merkezi\" \/>\n<meta name=\"twitter:card\" content=\"summary_large_image\" \/>\n<meta name=\"twitter:creator\" content=\"@unipersen\" \/>\n<meta name=\"twitter:site\" content=\"@unipersen\" \/>\n<meta name=\"twitter:label1\" content=\"Yazan:\" \/>\n\t<meta name=\"twitter:data1\" content=\"Memurun Sesi Haber Merkezi\" \/>\n\t<meta name=\"twitter:label2\" content=\"Tahmini okuma s\u00fcresi\" \/>\n\t<meta name=\"twitter:data2\" content=\"1 dakika\" \/>\n<script type=\"application\/ld+json\" class=\"yoast-schema-graph\">{\"@context\":\"https:\\\/\\\/schema.org\",\"@graph\":[{\"@type\":\"Article\",\"@id\":\"https:\\\/\\\/memurunsesi.net\\\/index.php\\\/2025\\\/04\\\/24\\\/pancar-toplarken-kalp-krizinden-hayatini-kaybeden-gurdal-topraga-verildi\\\/#article\",\"isPartOf\":{\"@id\":\"https:\\\/\\\/memurunsesi.net\\\/index.php\\\/2025\\\/04\\\/24\\\/pancar-toplarken-kalp-krizinden-hayatini-kaybeden-gurdal-topraga-verildi\\\/\"},\"author\":{\"name\":\"Memurun Sesi Haber Merkezi\",\"@id\":\"https:\\\/\\\/memurunsesi.net\\\/#\\\/schema\\\/person\\\/f21c2d73b89f6ee1d80b0a1803e38587\"},\"headline\":\"Pancar toplarken kalp krizinden hayat\u0131n\u0131 kaybeden G\u00fcrdal topra\u011fa verildi\",\"datePublished\":\"2025-04-24T13:47:20+00:00\",\"mainEntityOfPage\":{\"@id\":\"https:\\\/\\\/memurunsesi.net\\\/index.php\\\/2025\\\/04\\\/24\\\/pancar-toplarken-kalp-krizinden-hayatini-kaybeden-gurdal-topraga-verildi\\\/\"},\"wordCount\":114,\"commentCount\":0,\"publisher\":{\"@id\":\"https:\\\/\\\/memurunsesi.net\\\/#organization\"},\"image\":{\"@id\":\"https:\\\/\\\/memurunsesi.net\\\/index.php\\\/2025\\\/04\\\/24\\\/pancar-toplarken-kalp-krizinden-hayatini-kaybeden-gurdal-topraga-verildi\\\/#primaryimage\"},\"thumbnailUrl\":\"https:\\\/\\\/memurunsesi.net\\\/wp-content\\\/uploads\\\/2025\\\/04\\\/AW440372_01.jpg\",\"articleSection\":[\"G\u00fcndem\"],\"inLanguage\":\"tr\",\"potentialAction\":[{\"@type\":\"CommentAction\",\"name\":\"Comment\",\"target\":[\"https:\\\/\\\/memurunsesi.net\\\/index.php\\\/2025\\\/04\\\/24\\\/pancar-toplarken-kalp-krizinden-hayatini-kaybeden-gurdal-topraga-verildi\\\/#respond\"]}]},{\"@type\":\"WebPage\",\"@id\":\"https:\\\/\\\/memurunsesi.net\\\/index.php\\\/2025\\\/04\\\/24\\\/pancar-toplarken-kalp-krizinden-hayatini-kaybeden-gurdal-topraga-verildi\\\/\",\"url\":\"https:\\\/\\\/memurunsesi.net\\\/index.php\\\/2025\\\/04\\\/24\\\/pancar-toplarken-kalp-krizinden-hayatini-kaybeden-gurdal-topraga-verildi\\\/\",\"name\":\"Pancar toplarken kalp krizinden hayat\u0131n\u0131 kaybeden G\u00fcrdal topra\u011fa verildi - Memurun Sesi\",\"isPartOf\":{\"@id\":\"https:\\\/\\\/memurunsesi.net\\\/#website\"},\"primaryImageOfPage\":{\"@id\":\"https:\\\/\\\/memurunsesi.net\\\/index.php\\\/2025\\\/04\\\/24\\\/pancar-toplarken-kalp-krizinden-hayatini-kaybeden-gurdal-topraga-verildi\\\/#primaryimage\"},\"image\":{\"@id\":\"https:\\\/\\\/memurunsesi.net\\\/index.php\\\/2025\\\/04\\\/24\\\/pancar-toplarken-kalp-krizinden-hayatini-kaybeden-gurdal-topraga-verildi\\\/#primaryimage\"},\"thumbnailUrl\":\"https:\\\/\\\/memurunsesi.net\\\/wp-content\\\/uploads\\\/2025\\\/04\\\/AW440372_01.jpg\",\"datePublished\":\"2025-04-24T13:47:20+00:00\",\"breadcrumb\":{\"@id\":\"https:\\\/\\\/memurunsesi.net\\\/index.php\\\/2025\\\/04\\\/24\\\/pancar-toplarken-kalp-krizinden-hayatini-kaybeden-gurdal-topraga-verildi\\\/#breadcrumb\"},\"inLanguage\":\"tr\",\"potentialAction\":[{\"@type\":\"ReadAction\",\"target\":[\"https:\\\/\\\/memurunsesi.net\\\/index.php\\\/2025\\\/04\\\/24\\\/pancar-toplarken-kalp-krizinden-hayatini-kaybeden-gurdal-topraga-verildi\\\/\"]}]},{\"@type\":\"ImageObject\",\"inLanguage\":\"tr\",\"@id\":\"https:\\\/\\\/memurunsesi.net\\\/index.php\\\/2025\\\/04\\\/24\\\/pancar-toplarken-kalp-krizinden-hayatini-kaybeden-gurdal-topraga-verildi\\\/#primaryimage\",\"url\":\"https:\\\/\\\/memurunsesi.net\\\/wp-content\\\/uploads\\\/2025\\\/04\\\/AW440372_01.jpg\",\"contentUrl\":\"https:\\\/\\\/memurunsesi.net\\\/wp-content\\\/uploads\\\/2025\\\/04\\\/AW440372_01.jpg\",\"width\":1290,\"height\":702,\"caption\":\"HAKKAR\u0130'N\u0130N Y\u00dcKSEKOVA \u0130L\u00c7ES\u0130NDE PANCAR TOPLARKEN KALP KR\u0130Z\u0130 GE\u00c7\u0130REREK HAYATINI KAYBEDEN 45 YA\u015eINDAK\u0130 AL\u0130 G\u00dcRDAL, G\u00d6ZYA\u015eLARI ARASINDA TOPRA\u011eA VER\u0130LD\u0130. (MET\u0130N TEK\\\/HAKKAR\u0130-\u0130HA) Hakkari'nin Y\u00fcksekova il\u00e7esinde pancar toplarken kalp krizi ge\u00e7irerek hayat\u0131n\u0131 kaybeden 45 ya\u015f\u0131ndaki Ali G\u00fcrdal, g\u00f6zya\u015flar\u0131 aras\u0131nda topra\u011fa verildi.\"},{\"@type\":\"BreadcrumbList\",\"@id\":\"https:\\\/\\\/memurunsesi.net\\\/index.php\\\/2025\\\/04\\\/24\\\/pancar-toplarken-kalp-krizinden-hayatini-kaybeden-gurdal-topraga-verildi\\\/#breadcrumb\",\"itemListElement\":[{\"@type\":\"ListItem\",\"position\":1,\"name\":\"Anasayfa\",\"item\":\"https:\\\/\\\/memurunsesi.net\\\/\"},{\"@type\":\"ListItem\",\"position\":2,\"name\":\"Pancar toplarken kalp krizinden hayat\u0131n\u0131 kaybeden G\u00fcrdal topra\u011fa verildi\"}]},{\"@type\":\"WebSite\",\"@id\":\"https:\\\/\\\/memurunsesi.net\\\/#website\",\"url\":\"https:\\\/\\\/memurunsesi.net\\\/\",\"name\":\"Memurun Sesi\",\"description\":\"G\u00fcncel ve Do\u011fru Haber\",\"publisher\":{\"@id\":\"https:\\\/\\\/memurunsesi.net\\\/#organization\"},\"potentialAction\":[{\"@type\":\"SearchAction\",\"target\":{\"@type\":\"EntryPoint\",\"urlTemplate\":\"https:\\\/\\\/memurunsesi.net\\\/?s={search_term_string}\"},\"query-input\":{\"@type\":\"PropertyValueSpecification\",\"valueRequired\":true,\"valueName\":\"search_term_string\"}}],\"inLanguage\":\"tr\"},{\"@type\":\"Organization\",\"@id\":\"https:\\\/\\\/memurunsesi.net\\\/#organization\",\"name\":\"Memurun Sesi\",\"url\":\"https:\\\/\\\/memurunsesi.net\\\/\",\"logo\":{\"@type\":\"ImageObject\",\"inLanguage\":\"tr\",\"@id\":\"https:\\\/\\\/memurunsesi.net\\\/#\\\/schema\\\/logo\\\/image\\\/\",\"url\":\"https:\\\/\\\/memurunsesi.net\\\/wp-content\\\/uploads\\\/2025\\\/11\\\/cropped-MEMURUN-SESI.png\",\"contentUrl\":\"https:\\\/\\\/memurunsesi.net\\\/wp-content\\\/uploads\\\/2025\\\/11\\\/cropped-MEMURUN-SESI.png\",\"width\":238,\"height\":57,\"caption\":\"Memurun Sesi\"},\"image\":{\"@id\":\"https:\\\/\\\/memurunsesi.net\\\/#\\\/schema\\\/logo\\\/image\\\/\"},\"sameAs\":[\"https:\\\/\\\/www.facebook.com\\\/unipersen\\\/?locale=tr_TR\",\"https:\\\/\\\/x.com\\\/unipersen\"]},{\"@type\":\"Person\",\"@id\":\"https:\\\/\\\/memurunsesi.net\\\/#\\\/schema\\\/person\\\/f21c2d73b89f6ee1d80b0a1803e38587\",\"name\":\"Memurun Sesi Haber Merkezi\",\"image\":{\"@type\":\"ImageObject\",\"inLanguage\":\"tr\",\"@id\":\"https:\\\/\\\/secure.gravatar.com\\\/avatar\\\/6cf0505f452ee753f485014986fab09a434671d2b919ee76fc541025c5876a70?s=96&d=mm&r=g\",\"url\":\"https:\\\/\\\/secure.gravatar.com\\\/avatar\\\/6cf0505f452ee753f485014986fab09a434671d2b919ee76fc541025c5876a70?s=96&d=mm&r=g\",\"contentUrl\":\"https:\\\/\\\/secure.gravatar.com\\\/avatar\\\/6cf0505f452ee753f485014986fab09a434671d2b919ee76fc541025c5876a70?s=96&d=mm&r=g\",\"caption\":\"Memurun Sesi Haber Merkezi\"},\"sameAs\":[\"https:\\\/\\\/memurunsesi.net\"],\"url\":\"https:\\\/\\\/memurunsesi.net\\\/index.php\\\/author\\\/uniper\\\/\"}]}<\/script>\n<!-- \/ Yoast SEO plugin. -->","yoast_head_json":{"title":"Pancar toplarken kalp krizinden hayat\u0131n\u0131 kaybeden G\u00fcrdal topra\u011fa verildi - Memurun Sesi","robots":{"index":"index","follow":"follow","max-snippet":"max-snippet:-1","max-image-preview":"max-image-preview:large","max-video-preview":"max-video-preview:-1"},"canonical":"https:\/\/memurunsesi.net\/index.php\/2025\/04\/24\/pancar-toplarken-kalp-krizinden-hayatini-kaybeden-gurdal-topraga-verildi\/","og_locale":"tr_TR","og_type":"article","og_title":"Pancar toplarken kalp krizinden hayat\u0131n\u0131 kaybeden G\u00fcrdal topra\u011fa verildi - Memurun Sesi","og_description":"Hakkari\u2019nin Y\u00fcksekova il\u00e7esinde pancar toplarken kalp krizi ge\u00e7irerek hayat\u0131n\u0131 kaybeden 45 ya\u015f\u0131ndaki Ali G\u00fcrdal, g\u00f6zya\u015flar\u0131 aras\u0131nda topra\u011fa verildi. Onba\u015f\u0131lar k\u00f6y\u00fcne ba\u011fl\u0131 Armutlu mezras\u0131nda d\u00fcn pancar toplarken kalp krizi ge\u00e7iren G\u00fcrdal, \u00e7evredekilerin haber vermesi \u00fczerine gelen ambulansla kald\u0131r\u0131ld\u0131\u011f\u0131 Y\u00fcksekova Devlet Hastanesinde yap\u0131lan t\u00fcm m\u00fcdahalelere ra\u011fmen hayat\u0131n\u0131 kaybetmi\u015fti. Hakkari\u2019de yap\u0131lan otopsi i\u015fleminden sonra G\u00fcrdal\u2019\u0131n cenazesi Y\u00fcksekova\u2019ya getirerek [&hellip;]","og_url":"https:\/\/memurunsesi.net\/index.php\/2025\/04\/24\/pancar-toplarken-kalp-krizinden-hayatini-kaybeden-gurdal-topraga-verildi\/","og_site_name":"Memurun Sesi","article_publisher":"https:\/\/www.facebook.com\/unipersen\/?locale=tr_TR","article_published_time":"2025-04-24T13:47:20+00:00","og_image":[{"width":1290,"height":702,"url":"https:\/\/memurunsesi.net\/wp-content\/uploads\/2025\/04\/AW440372_01.jpg","type":"image\/jpeg"}],"author":"Memurun Sesi Haber Merkezi","twitter_card":"summary_large_image","twitter_creator":"@unipersen","twitter_site":"@unipersen","twitter_misc":{"Yazan:":"Memurun Sesi Haber Merkezi","Tahmini okuma s\u00fcresi":"1 dakika"},"schema":{"@context":"https:\/\/schema.org","@graph":[{"@type":"Article","@id":"https:\/\/memurunsesi.net\/index.php\/2025\/04\/24\/pancar-toplarken-kalp-krizinden-hayatini-kaybeden-gurdal-topraga-verildi\/#article","isPartOf":{"@id":"https:\/\/memurunsesi.net\/index.php\/2025\/04\/24\/pancar-toplarken-kalp-krizinden-hayatini-kaybeden-gurdal-topraga-verildi\/"},"author":{"name":"Memurun Sesi Haber Merkezi","@id":"https:\/\/memurunsesi.net\/#\/schema\/person\/f21c2d73b89f6ee1d80b0a1803e38587"},"headline":"Pancar toplarken kalp krizinden hayat\u0131n\u0131 kaybeden G\u00fcrdal topra\u011fa verildi","datePublished":"2025-04-24T13:47:20+00:00","mainEntityOfPage":{"@id":"https:\/\/memurunsesi.net\/index.php\/2025\/04\/24\/pancar-toplarken-kalp-krizinden-hayatini-kaybeden-gurdal-topraga-verildi\/"},"wordCount":114,"commentCount":0,"publisher":{"@id":"https:\/\/memurunsesi.net\/#organization"},"image":{"@id":"https:\/\/memurunsesi.net\/index.php\/2025\/04\/24\/pancar-toplarken-kalp-krizinden-hayatini-kaybeden-gurdal-topraga-verildi\/#primaryimage"},"thumbnailUrl":"https:\/\/memurunsesi.net\/wp-content\/uploads\/2025\/04\/AW440372_01.jpg","articleSection":["G\u00fcndem"],"inLanguage":"tr","potentialAction":[{"@type":"CommentAction","name":"Comment","target":["https:\/\/memurunsesi.net\/index.php\/2025\/04\/24\/pancar-toplarken-kalp-krizinden-hayatini-kaybeden-gurdal-topraga-verildi\/#respond"]}]},{"@type":"WebPage","@id":"https:\/\/memurunsesi.net\/index.php\/2025\/04\/24\/pancar-toplarken-kalp-krizinden-hayatini-kaybeden-gurdal-topraga-verildi\/","url":"https:\/\/memurunsesi.net\/index.php\/2025\/04\/24\/pancar-toplarken-kalp-krizinden-hayatini-kaybeden-gurdal-topraga-verildi\/","name":"Pancar toplarken kalp krizinden hayat\u0131n\u0131 kaybeden G\u00fcrdal topra\u011fa verildi - Memurun Sesi","isPartOf":{"@id":"https:\/\/memurunsesi.net\/#website"},"primaryImageOfPage":{"@id":"https:\/\/memurunsesi.net\/index.php\/2025\/04\/24\/pancar-toplarken-kalp-krizinden-hayatini-kaybeden-gurdal-topraga-verildi\/#primaryimage"},"image":{"@id":"https:\/\/memurunsesi.net\/index.php\/2025\/04\/24\/pancar-toplarken-kalp-krizinden-hayatini-kaybeden-gurdal-topraga-verildi\/#primaryimage"},"thumbnailUrl":"https:\/\/memurunsesi.net\/wp-content\/uploads\/2025\/04\/AW440372_01.jpg","datePublished":"2025-04-24T13:47:20+00:00","breadcrumb":{"@id":"https:\/\/memurunsesi.net\/index.php\/2025\/04\/24\/pancar-toplarken-kalp-krizinden-hayatini-kaybeden-gurdal-topraga-verildi\/#breadcrumb"},"inLanguage":"tr","potentialAction":[{"@type":"ReadAction","target":["https:\/\/memurunsesi.net\/index.php\/2025\/04\/24\/pancar-toplarken-kalp-krizinden-hayatini-kaybeden-gurdal-topraga-verildi\/"]}]},{"@type":"ImageObject","inLanguage":"tr","@id":"https:\/\/memurunsesi.net\/index.php\/2025\/04\/24\/pancar-toplarken-kalp-krizinden-hayatini-kaybeden-gurdal-topraga-verildi\/#primaryimage","url":"https:\/\/memurunsesi.net\/wp-content\/uploads\/2025\/04\/AW440372_01.jpg","contentUrl":"https:\/\/memurunsesi.net\/wp-content\/uploads\/2025\/04\/AW440372_01.jpg","width":1290,"height":702,"caption":"HAKKAR\u0130'N\u0130N Y\u00dcKSEKOVA \u0130L\u00c7ES\u0130NDE PANCAR TOPLARKEN KALP KR\u0130Z\u0130 GE\u00c7\u0130REREK HAYATINI KAYBEDEN 45 YA\u015eINDAK\u0130 AL\u0130 G\u00dcRDAL, G\u00d6ZYA\u015eLARI ARASINDA TOPRA\u011eA VER\u0130LD\u0130. (MET\u0130N TEK\/HAKKAR\u0130-\u0130HA) Hakkari'nin Y\u00fcksekova il\u00e7esinde pancar toplarken kalp krizi ge\u00e7irerek hayat\u0131n\u0131 kaybeden 45 ya\u015f\u0131ndaki Ali G\u00fcrdal, g\u00f6zya\u015flar\u0131 aras\u0131nda topra\u011fa verildi."},{"@type":"BreadcrumbList","@id":"https:\/\/memurunsesi.net\/index.php\/2025\/04\/24\/pancar-toplarken-kalp-krizinden-hayatini-kaybeden-gurdal-topraga-verildi\/#breadcrumb","itemListElement":[{"@type":"ListItem","position":1,"name":"Anasayfa","item":"https:\/\/memurunsesi.net\/"},{"@type":"ListItem","position":2,"name":"Pancar toplarken kalp krizinden hayat\u0131n\u0131 kaybeden G\u00fcrdal topra\u011fa verildi"}]},{"@type":"WebSite","@id":"https:\/\/memurunsesi.net\/#website","url":"https:\/\/memurunsesi.net\/","name":"Memurun Sesi","description":"G\u00fcncel ve Do\u011fru Haber","publisher":{"@id":"https:\/\/memurunsesi.net\/#organization"},"potentialAction":[{"@type":"SearchAction","target":{"@type":"EntryPoint","urlTemplate":"https:\/\/memurunsesi.net\/?s={search_term_string}"},"query-input":{"@type":"PropertyValueSpecification","valueRequired":true,"valueName":"search_term_string"}}],"inLanguage":"tr"},{"@type":"Organization","@id":"https:\/\/memurunsesi.net\/#organization","name":"Memurun Sesi","url":"https:\/\/memurunsesi.net\/","logo":{"@type":"ImageObject","inLanguage":"tr","@id":"https:\/\/memurunsesi.net\/#\/schema\/logo\/image\/","url":"https:\/\/memurunsesi.net\/wp-content\/uploads\/2025\/11\/cropped-MEMURUN-SESI.png","contentUrl":"https:\/\/memurunsesi.net\/wp-content\/uploads\/2025\/11\/cropped-MEMURUN-SESI.png","width":238,"height":57,"caption":"Memurun Sesi"},"image":{"@id":"https:\/\/memurunsesi.net\/#\/schema\/logo\/image\/"},"sameAs":["https:\/\/www.facebook.com\/unipersen\/?locale=tr_TR","https:\/\/x.com\/unipersen"]},{"@type":"Person","@id":"https:\/\/memurunsesi.net\/#\/schema\/person\/f21c2d73b89f6ee1d80b0a1803e38587","name":"Memurun Sesi Haber Merkezi","image":{"@type":"ImageObject","inLanguage":"tr","@id":"https:\/\/secure.gravatar.com\/avatar\/6cf0505f452ee753f485014986fab09a434671d2b919ee76fc541025c5876a70?s=96&d=mm&r=g","url":"https:\/\/secure.gravatar.com\/avatar\/6cf0505f452ee753f485014986fab09a434671d2b919ee76fc541025c5876a70?s=96&d=mm&r=g","contentUrl":"https:\/\/secure.gravatar.com\/avatar\/6cf0505f452ee753f485014986fab09a434671d2b919ee76fc541025c5876a70?s=96&d=mm&r=g","caption":"Memurun Sesi Haber Merkezi"},"sameAs":["https:\/\/memurunsesi.net"],"url":"https:\/\/memurunsesi.net\/index.php\/author\/uniper\/"}]}},"_links":{"self":[{"href":"https:\/\/memurunsesi.net\/index.php\/wp-json\/wp\/v2\/posts\/5960","targetHints":{"allow":["GET"]}}],"collection":[{"href":"https:\/\/memurunsesi.net\/index.php\/wp-json\/wp\/v2\/posts"}],"about":[{"href":"https:\/\/memurunsesi.net\/index.php\/wp-json\/wp\/v2\/types\/post"}],"author":[{"embeddable":true,"href":"https:\/\/memurunsesi.net\/index.php\/wp-json\/wp\/v2\/users\/1"}],"replies":[{"embeddable":true,"href":"https:\/\/memurunsesi.net\/index.php\/wp-json\/wp\/v2\/comments?post=5960"}],"version-history":[{"count":1,"href":"https:\/\/memurunsesi.net\/index.php\/wp-json\/wp\/v2\/posts\/5960\/revisions"}],"predecessor-version":[{"id":5962,"href":"https:\/\/memurunsesi.net\/index.php\/wp-json\/wp\/v2\/posts\/5960\/revisions\/5962"}],"wp:featuredmedia":[{"embeddable":true,"href":"https:\/\/memurunsesi.net\/index.php\/wp-json\/wp\/v2\/media\/5961"}],"wp:attachment":[{"href":"https:\/\/memurunsesi.net\/index.php\/wp-json\/wp\/v2\/media?parent=5960"}],"wp:term":[{"taxonomy":"category","embeddable":true,"href":"https:\/\/memurunsesi.net\/index.php\/wp-json\/wp\/v2\/categories?post=5960"},{"taxonomy":"post_tag","embeddable":true,"href":"https:\/\/memurunsesi.net\/index.php\/wp-json\/wp\/v2\/tags?post=5960"}],"curies":[{"name":"wp","href":"https:\/\/api.w.org\/{rel}","templated":true}]}}