{"id":5975,"date":"2025-04-24T16:55:23","date_gmt":"2025-04-24T13:55:23","guid":{"rendered":"https:\/\/memurunsesi.net\/?p=5975"},"modified":"2025-04-24T16:55:23","modified_gmt":"2025-04-24T13:55:23","slug":"karadenizin-en-buyuk-bilim-festivali-canikfest-basladi","status":"publish","type":"post","link":"https:\/\/memurunsesi.net\/index.php\/2025\/04\/24\/karadenizin-en-buyuk-bilim-festivali-canikfest-basladi\/","title":{"rendered":"Karadeniz&#8217;in en b\u00fcy\u00fck bilim festivali CAN\u0130KFEST ba\u015flad\u0131"},"content":{"rendered":"<p> Samsun&#8217;un Canik Belediyesi taraf\u0131ndan haz\u0131rlanan Karadeniz B\u00f6lgesi&#8217;nin ilk ve en b\u00fcy\u00fck bilim \u015fenli\u011fi olma \u00f6zelli\u011fini ta\u015f\u0131yan Canik Bilim, K\u00fclt\u00fcr ve Sanat Festivali (CAN\u0130KFEST), yap\u0131lan g\u00f6rkemli t\u00f6renle ba\u015flad\u0131.<br \/>\n  Canik Belediyesi taraf\u0131ndan haz\u0131rlanan, T\u00dcB\u0130TAK 4007 Bilim \u015eenlikleri Desteklenme Programlar\u0131 \u00e7er\u00e7evesinde destek almaya hak kazanan ve Karadeniz B\u00f6lgesi\u2019nde d\u00fczenlenen ilk ve tek b\u00fcy\u00fck \u00f6l\u00e7ekli bilim \u015fenli\u011fi olma \u00f6zelli\u011fini ta\u015f\u0131yan CAN\u0130KFEST ile 60 binin \u00fczerinde vatanda\u015f\u0131n bilim, teknoloji, sanat, k\u00fclt\u00fcr, siber g\u00fcvenlik ve yapay zek\u00e2 konular\u0131nda uygulamal\u0131 e\u011fitimler, at\u00f6lye etkinlileri ve sanat faaliyetleriyle bulu\u015fturulmas\u0131 hedefleniyor. Festival, Canik \u00d6zdemir Bayraktar Ke\u015fif Kamp\u00fcs\u00fc\u2019nde 15 temada 75 etkinlik ile ziyaret\u00e7ilerine \u2018merhaba\u2019 dedi. <\/p>\n<p>  &#8220;Festival, yapay zeka, robotik kodlama ve siber konular\u0131 a\u011f\u0131rl\u0131kl\u0131 bir festival&#8221;<br \/>\n  CAN\u0130KFEST\u2019in Karadeniz B\u00f6lgesi\u2019nde d\u00fczenlenen ilk ve tek b\u00fcy\u00fck \u00f6l\u00e7ekli bilim \u015fenli\u011fi olma \u00f6zelli\u011fini ta\u015f\u0131d\u0131\u011f\u0131na dikkat \u00e7eken program\u0131n a\u00e7\u0131l\u0131\u015f\u0131nda konu\u015fan Canik Belediye Ba\u015fkan\u0131 \u0130brahim Sand\u0131k\u00e7\u0131, &#8220;CAN\u0130KFEST, Karadeniz B\u00f6lgesi&#8217;nin en b\u00fcy\u00fck bilim festivali. Bu anlamda 3 g\u00fcn boyunca \u00e7ocuklar\u0131m\u0131z\u0131n, gen\u00e7lerimizin yakla\u015f\u0131k bir ayd\u0131r yapt\u0131\u011f\u0131 \u00e7al\u0131\u015fmalar\u0131 bug\u00fcn burada sergileyece\u011fiz. Hep birlikte f\u0131rsat verdi\u011fimizde onlar\u0131 imkanlarla bulu\u015fturdu\u011fumuzda neleri ortaya koyabileceklerini bug\u00fcn, yar\u0131n ve ertesi g\u00fcn CAN\u0130KFEST\u2019te m\u00fc\u015fahede edece\u011fiz. Bir ay ve \u00f6n\u00fcm\u00fczdeki \u00fc\u00e7 g\u00fcn itibariyle yakla\u015f\u0131k 60 bin \u00f6\u011frencimizin ve misafirlerimizi a\u011f\u0131rlayaca\u011f\u0131m\u0131z bir festivalin ba\u015flang\u0131c\u0131nday\u0131z \u015fu anda. Ben in\u015fallah \u00fclkemiz ad\u0131na hay\u0131rl\u0131 olur temennisinde bulunuyorum. \u00c7\u00fcnk\u00fc bu konu \u00e7ok \u00e7ok \u00f6nemli bir konu. \u00d6zellikle yapay zeka, robotik kodlama ve siber konular\u0131nda a\u011f\u0131rl\u0131kl\u0131 bir festival bu festival. \u0130mkan verildi\u011finde bizim gen\u00e7lerimizin \u00f6n\u00fcnde durabilecek hi\u00e7bir g\u00fc\u00e7 yoktur diyorum. Festival alan\u0131nda 74 stant var. Tamam\u0131n\u0131n i\u00e7eri\u011fi de dolu dolu. Yap\u0131lan o \u00e7al\u0131\u015fmalar\u0131 orada \u00e7ocuklar\u0131m\u0131z heyecanla anlatmak i\u00e7in de\u011ferli misafirlerin vatanda\u015flar\u0131m\u0131z\u0131 beklemekte. Bu i\u015fe yerel y\u00f6netimler, Canik Belediyesi olarak ciddi \u00f6nem veriyoruz, de\u011fer veriyoruz. Asli sorumluluklar\u0131m\u0131z\u0131n yan\u0131nda de\u011fi\u015fen ve geli\u015fen d\u00fcnyan\u0131n bu teknolojilerine uyum sa\u011flamak, gen\u00e7lerimizi bu alana adapte etmek i\u00e7in g\u00f6revlerimiz ve sorumluluklar\u0131m\u0131z var. Biz de bu sorumlulu\u011fu alarak bu \u015fekilde gen\u00e7lerimize bu alanda hizmet etmeye, destek vermeye \u00e7al\u0131\u015f\u0131yoruz. \u0130\u00e7erisinde bulundu\u011fumuz alan ayn\u0131 zamanda Canik&#8217;in hatta T\u00fcrkiye&#8217;nin en ba\u015far\u0131l\u0131 ke\u015fif kamp\u00fcs\u00fcn\u00fcn oldu\u011fu Canik \u00d6zdemir Bayraktar Ke\u015fif Kamp\u00fcs\u00fc. Ben buradan da merhum \u00d6zdemir Bayraktar amcam\u0131za Allah&#8217;tan rahmet diliyorum. Onun ve ailesinin a\u00e7m\u0131\u015f oldu\u011fu yolda bu gen\u00e7lerimiz art\u0131k tutulamaz, \u00f6n\u00fcne set vurulamaz hale geldi&#8221; dedi.<br \/>\n  Vali Yard\u0131mc\u0131s\u0131 Vekili\/Canik Kaymakam\u0131 \u015eeref Ayd\u0131n ise &#8220;Canik Kaymakam\u0131 olarak il\u00e7emizde, ilimizde b\u00f6yle bir organizasyona, etkinli\u011fe sahipli\u011fi yapt\u0131\u011f\u0131m\u0131z i\u00e7in \u00e7ok mutluyum. Canik Belediyemiz \u00e7ok g\u00fczel bir organizasyonu g\u00fczel bir ekiple ger\u00e7ekle\u015ftiriyor. Bu organizasyonun bu noktaya gelmesinde ba\u015fta Sanayi ve Teknoloji Bakan\u0131m\u0131za te\u015fekk\u00fcrlerimi, \u015f\u00fckranlar\u0131m\u0131 arz ediyorum. Festival alan\u0131 \u00e7ocuklar\u0131m\u0131zla, gen\u00e7lerimizle c\u0131v\u0131l c\u0131v\u0131l, bu g\u00f6r\u00fcnt\u00fc bizleri \u00e7ok mutlu ediyor. Bu daha bir ba\u015flang\u0131\u00e7. Say\u0131n Belediye Ba\u015fkan\u0131m\u0131zla birlikte el ele vererek bunu daha ileri bir noktaya ta\u015f\u0131yaca\u011f\u0131z&#8221; diye konu\u015ftu.<br \/>\n  Festivalde \u00e7e\u015fitli etkinliklere kat\u0131lan \u00e7ocuklar da uzay, yapay zeka, yaz\u0131l\u0131m ve teknoloji alan\u0131 gibi bir\u00e7ok konuda \u00e7e\u015fitli etkinliklerden bilgi edindiklerini belirterek, benzer festival ve etkinliklerin devam etmesi gerekti\u011fini s\u00f6ylediler.<br \/>\n  24,25 ve 26 Nisan tarihinde ziyarete a\u00e7\u0131k olacak festivalin a\u00e7\u0131l\u0131\u015f\u0131na ayr\u0131ca \u0130lkad\u0131m Belediye Ba\u015fkan\u0131 \u0130hsan Kurnaz, Samsun B\u00fcy\u00fck\u015fehir Belediyesi Genel Sekreter Yard\u0131mc\u0131s\u0131 Necmi \u00c7ama\u015f,  \u0130l Milli E\u011fitim M\u00fcd\u00fcr\u00fc Murat A\u011far, Sanayi ve Teknoloji \u0130l M\u00fcd\u00fcr\u00fc Selahattin Altunsoy, Sa\u011fl\u0131k \u0130l M\u00fcd\u00fcr\u00fc Dr. Mustafa Uras, \u0130l K\u00fclt\u00fcr ve Turizm M\u00fcd\u00fcr\u00fc S\u00fcleyman Demirta\u015f, Samsun Aile ve Sosyal Hizmetler \u0130l M\u00fcd\u00fcr\u00fc Kemal G\u00fcmr\u00fck\u00e7\u00fc ile davetliler ve protokol \u00fcyeleri kat\u0131ld\u0131. <\/p>\n<p>24.04.2025                       <\/p>\n","protected":false},"excerpt":{"rendered":"<p>Samsun&#8217;un Canik Belediyesi taraf\u0131ndan haz\u0131rlanan Karadeniz B\u00f6lgesi&#8217;nin ilk ve en b\u00fcy\u00fck bilim \u015fenli\u011fi olma \u00f6zelli\u011fini ta\u015f\u0131yan Canik Bilim, K\u00fclt\u00fcr ve Sanat Festivali (CAN\u0130KFEST), yap\u0131lan g\u00f6rkemli t\u00f6renle ba\u015flad\u0131. Canik Belediyesi taraf\u0131ndan haz\u0131rlanan, T\u00dcB\u0130TAK 4007 Bilim \u015eenlikleri Desteklenme Programlar\u0131 \u00e7er\u00e7evesinde destek almaya hak kazanan ve Karadeniz B\u00f6lgesi\u2019nde d\u00fczenlenen ilk ve tek b\u00fcy\u00fck \u00f6l\u00e7ekli bilim \u015fenli\u011fi olma \u00f6zelli\u011fini [&hellip;]<\/p>\n","protected":false},"author":1,"featured_media":5976,"comment_status":"open","ping_status":"open","sticky":false,"template":"","format":"standard","meta":{"footnotes":""},"categories":[51],"tags":[],"class_list":["post-5975","post","type-post","status-publish","format-standard","has-post-thumbnail","hentry","category-teknoloji"],"yoast_head":"<!-- This site is optimized with the Yoast SEO plugin v27.4 - https:\/\/yoast.com\/product\/yoast-seo-wordpress\/ -->\n<title>Karadeniz&#039;in en b\u00fcy\u00fck bilim festivali CAN\u0130KFEST ba\u015flad\u0131 - Memurun Sesi<\/title>\n<meta name=\"robots\" content=\"index, follow, max-snippet:-1, max-image-preview:large, max-video-preview:-1\" \/>\n<link rel=\"canonical\" href=\"https:\/\/memurunsesi.net\/index.php\/2025\/04\/24\/karadenizin-en-buyuk-bilim-festivali-canikfest-basladi\/\" \/>\n<meta property=\"og:locale\" content=\"tr_TR\" \/>\n<meta property=\"og:type\" content=\"article\" \/>\n<meta property=\"og:title\" content=\"Karadeniz&#039;in en b\u00fcy\u00fck bilim festivali CAN\u0130KFEST ba\u015flad\u0131 - Memurun Sesi\" \/>\n<meta property=\"og:description\" content=\"Samsun&#8217;un Canik Belediyesi taraf\u0131ndan haz\u0131rlanan Karadeniz B\u00f6lgesi&#8217;nin ilk ve en b\u00fcy\u00fck bilim \u015fenli\u011fi olma \u00f6zelli\u011fini ta\u015f\u0131yan Canik Bilim, K\u00fclt\u00fcr ve Sanat Festivali (CAN\u0130KFEST), yap\u0131lan g\u00f6rkemli t\u00f6renle ba\u015flad\u0131. Canik Belediyesi taraf\u0131ndan haz\u0131rlanan, T\u00dcB\u0130TAK 4007 Bilim \u015eenlikleri Desteklenme Programlar\u0131 \u00e7er\u00e7evesinde destek almaya hak kazanan ve Karadeniz B\u00f6lgesi\u2019nde d\u00fczenlenen ilk ve tek b\u00fcy\u00fck \u00f6l\u00e7ekli bilim \u015fenli\u011fi olma \u00f6zelli\u011fini [&hellip;]\" \/>\n<meta property=\"og:url\" content=\"https:\/\/memurunsesi.net\/index.php\/2025\/04\/24\/karadenizin-en-buyuk-bilim-festivali-canikfest-basladi\/\" \/>\n<meta property=\"og:site_name\" content=\"Memurun Sesi\" \/>\n<meta property=\"article:publisher\" content=\"https:\/\/www.facebook.com\/unipersen\/?locale=tr_TR\" \/>\n<meta property=\"article:published_time\" content=\"2025-04-24T13:55:23+00:00\" \/>\n<meta property=\"og:image\" content=\"https:\/\/memurunsesi.net\/wp-content\/uploads\/2025\/04\/AW440134_01-scaled.jpg\" \/>\n\t<meta property=\"og:image:width\" content=\"2560\" \/>\n\t<meta property=\"og:image:height\" content=\"1707\" \/>\n\t<meta property=\"og:image:type\" content=\"image\/jpeg\" \/>\n<meta name=\"author\" content=\"Memurun Sesi Haber Merkezi\" \/>\n<meta name=\"twitter:card\" content=\"summary_large_image\" \/>\n<meta name=\"twitter:creator\" content=\"@unipersen\" \/>\n<meta name=\"twitter:site\" content=\"@unipersen\" \/>\n<meta name=\"twitter:label1\" content=\"Yazan:\" \/>\n\t<meta name=\"twitter:data1\" content=\"Memurun Sesi Haber Merkezi\" \/>\n\t<meta name=\"twitter:label2\" content=\"Tahmini okuma s\u00fcresi\" \/>\n\t<meta name=\"twitter:data2\" content=\"1 dakika\" \/>\n<script type=\"application\/ld+json\" class=\"yoast-schema-graph\">{\"@context\":\"https:\\\/\\\/schema.org\",\"@graph\":[{\"@type\":\"Article\",\"@id\":\"https:\\\/\\\/memurunsesi.net\\\/index.php\\\/2025\\\/04\\\/24\\\/karadenizin-en-buyuk-bilim-festivali-canikfest-basladi\\\/#article\",\"isPartOf\":{\"@id\":\"https:\\\/\\\/memurunsesi.net\\\/index.php\\\/2025\\\/04\\\/24\\\/karadenizin-en-buyuk-bilim-festivali-canikfest-basladi\\\/\"},\"author\":{\"name\":\"Memurun Sesi Haber Merkezi\",\"@id\":\"https:\\\/\\\/memurunsesi.net\\\/#\\\/schema\\\/person\\\/f21c2d73b89f6ee1d80b0a1803e38587\"},\"headline\":\"Karadeniz&#8217;in en b\u00fcy\u00fck bilim festivali CAN\u0130KFEST ba\u015flad\u0131\",\"datePublished\":\"2025-04-24T13:55:23+00:00\",\"mainEntityOfPage\":{\"@id\":\"https:\\\/\\\/memurunsesi.net\\\/index.php\\\/2025\\\/04\\\/24\\\/karadenizin-en-buyuk-bilim-festivali-canikfest-basladi\\\/\"},\"wordCount\":757,\"commentCount\":0,\"publisher\":{\"@id\":\"https:\\\/\\\/memurunsesi.net\\\/#organization\"},\"image\":{\"@id\":\"https:\\\/\\\/memurunsesi.net\\\/index.php\\\/2025\\\/04\\\/24\\\/karadenizin-en-buyuk-bilim-festivali-canikfest-basladi\\\/#primaryimage\"},\"thumbnailUrl\":\"https:\\\/\\\/memurunsesi.net\\\/wp-content\\\/uploads\\\/2025\\\/04\\\/AW440134_01-scaled.jpg\",\"articleSection\":[\"Teknoloji\"],\"inLanguage\":\"tr\",\"potentialAction\":[{\"@type\":\"CommentAction\",\"name\":\"Comment\",\"target\":[\"https:\\\/\\\/memurunsesi.net\\\/index.php\\\/2025\\\/04\\\/24\\\/karadenizin-en-buyuk-bilim-festivali-canikfest-basladi\\\/#respond\"]}]},{\"@type\":\"WebPage\",\"@id\":\"https:\\\/\\\/memurunsesi.net\\\/index.php\\\/2025\\\/04\\\/24\\\/karadenizin-en-buyuk-bilim-festivali-canikfest-basladi\\\/\",\"url\":\"https:\\\/\\\/memurunsesi.net\\\/index.php\\\/2025\\\/04\\\/24\\\/karadenizin-en-buyuk-bilim-festivali-canikfest-basladi\\\/\",\"name\":\"Karadeniz'in en b\u00fcy\u00fck bilim festivali CAN\u0130KFEST ba\u015flad\u0131 - Memurun Sesi\",\"isPartOf\":{\"@id\":\"https:\\\/\\\/memurunsesi.net\\\/#website\"},\"primaryImageOfPage\":{\"@id\":\"https:\\\/\\\/memurunsesi.net\\\/index.php\\\/2025\\\/04\\\/24\\\/karadenizin-en-buyuk-bilim-festivali-canikfest-basladi\\\/#primaryimage\"},\"image\":{\"@id\":\"https:\\\/\\\/memurunsesi.net\\\/index.php\\\/2025\\\/04\\\/24\\\/karadenizin-en-buyuk-bilim-festivali-canikfest-basladi\\\/#primaryimage\"},\"thumbnailUrl\":\"https:\\\/\\\/memurunsesi.net\\\/wp-content\\\/uploads\\\/2025\\\/04\\\/AW440134_01-scaled.jpg\",\"datePublished\":\"2025-04-24T13:55:23+00:00\",\"breadcrumb\":{\"@id\":\"https:\\\/\\\/memurunsesi.net\\\/index.php\\\/2025\\\/04\\\/24\\\/karadenizin-en-buyuk-bilim-festivali-canikfest-basladi\\\/#breadcrumb\"},\"inLanguage\":\"tr\",\"potentialAction\":[{\"@type\":\"ReadAction\",\"target\":[\"https:\\\/\\\/memurunsesi.net\\\/index.php\\\/2025\\\/04\\\/24\\\/karadenizin-en-buyuk-bilim-festivali-canikfest-basladi\\\/\"]}]},{\"@type\":\"ImageObject\",\"inLanguage\":\"tr\",\"@id\":\"https:\\\/\\\/memurunsesi.net\\\/index.php\\\/2025\\\/04\\\/24\\\/karadenizin-en-buyuk-bilim-festivali-canikfest-basladi\\\/#primaryimage\",\"url\":\"https:\\\/\\\/memurunsesi.net\\\/wp-content\\\/uploads\\\/2025\\\/04\\\/AW440134_01-scaled.jpg\",\"contentUrl\":\"https:\\\/\\\/memurunsesi.net\\\/wp-content\\\/uploads\\\/2025\\\/04\\\/AW440134_01-scaled.jpg\",\"width\":2560,\"height\":1707,\"caption\":\"SAMSUN'UN CAN\u0130K BELED\u0130YES\u0130 TARAFINDAN HAZIRLANAN KARADEN\u0130Z B\u00d6LGES\u0130'NDE D\u00dcZENLENECEK OLAN \u0130LK VE TEK B\u00dcY\u00dcK \u00d6L\u00c7EKL\u0130 B\u0130L\u0130M \u015eENL\u0130\u011e\u0130 OLMA \u00d6ZELL\u0130\u011e\u0130N\u0130 TA\u015eIYAN CAN\u0130K B\u0130L\u0130M, K\u00dcLT\u00dcR VE SANAT FEST\u0130VAL\u0130 (CAN\u0130KFEST), D\u00dcZENLENEN T\u00d6RENLE A\u00c7ILDI. (ERD\u0130 DEM\u0130R\\\/SAMSUN-\u0130HA) Samsun'un Canik Belediyesi taraf\u0131ndan haz\u0131rlanan Karadeniz B\u00f6lgesi'nin ilk ve en b\u00fcy\u00fck bilim \u015fenli\u011fi olma \u00f6zelli\u011fini ta\u015f\u0131yan Canik Bilim, K\u00fclt\u00fcr ve Sanat Festivali (CAN\u0130KFEST), yap\u0131lan g\u00f6rkemli t\u00f6renle ba\u015flad\u0131.\"},{\"@type\":\"BreadcrumbList\",\"@id\":\"https:\\\/\\\/memurunsesi.net\\\/index.php\\\/2025\\\/04\\\/24\\\/karadenizin-en-buyuk-bilim-festivali-canikfest-basladi\\\/#breadcrumb\",\"itemListElement\":[{\"@type\":\"ListItem\",\"position\":1,\"name\":\"Anasayfa\",\"item\":\"https:\\\/\\\/memurunsesi.net\\\/\"},{\"@type\":\"ListItem\",\"position\":2,\"name\":\"Karadeniz&#8217;in en b\u00fcy\u00fck bilim festivali CAN\u0130KFEST ba\u015flad\u0131\"}]},{\"@type\":\"WebSite\",\"@id\":\"https:\\\/\\\/memurunsesi.net\\\/#website\",\"url\":\"https:\\\/\\\/memurunsesi.net\\\/\",\"name\":\"Memurun Sesi\",\"description\":\"G\u00fcncel ve Do\u011fru Haber\",\"publisher\":{\"@id\":\"https:\\\/\\\/memurunsesi.net\\\/#organization\"},\"potentialAction\":[{\"@type\":\"SearchAction\",\"target\":{\"@type\":\"EntryPoint\",\"urlTemplate\":\"https:\\\/\\\/memurunsesi.net\\\/?s={search_term_string}\"},\"query-input\":{\"@type\":\"PropertyValueSpecification\",\"valueRequired\":true,\"valueName\":\"search_term_string\"}}],\"inLanguage\":\"tr\"},{\"@type\":\"Organization\",\"@id\":\"https:\\\/\\\/memurunsesi.net\\\/#organization\",\"name\":\"Memurun Sesi\",\"url\":\"https:\\\/\\\/memurunsesi.net\\\/\",\"logo\":{\"@type\":\"ImageObject\",\"inLanguage\":\"tr\",\"@id\":\"https:\\\/\\\/memurunsesi.net\\\/#\\\/schema\\\/logo\\\/image\\\/\",\"url\":\"https:\\\/\\\/memurunsesi.net\\\/wp-content\\\/uploads\\\/2025\\\/11\\\/cropped-MEMURUN-SESI.png\",\"contentUrl\":\"https:\\\/\\\/memurunsesi.net\\\/wp-content\\\/uploads\\\/2025\\\/11\\\/cropped-MEMURUN-SESI.png\",\"width\":238,\"height\":57,\"caption\":\"Memurun Sesi\"},\"image\":{\"@id\":\"https:\\\/\\\/memurunsesi.net\\\/#\\\/schema\\\/logo\\\/image\\\/\"},\"sameAs\":[\"https:\\\/\\\/www.facebook.com\\\/unipersen\\\/?locale=tr_TR\",\"https:\\\/\\\/x.com\\\/unipersen\"]},{\"@type\":\"Person\",\"@id\":\"https:\\\/\\\/memurunsesi.net\\\/#\\\/schema\\\/person\\\/f21c2d73b89f6ee1d80b0a1803e38587\",\"name\":\"Memurun Sesi Haber Merkezi\",\"image\":{\"@type\":\"ImageObject\",\"inLanguage\":\"tr\",\"@id\":\"https:\\\/\\\/secure.gravatar.com\\\/avatar\\\/6cf0505f452ee753f485014986fab09a434671d2b919ee76fc541025c5876a70?s=96&d=mm&r=g\",\"url\":\"https:\\\/\\\/secure.gravatar.com\\\/avatar\\\/6cf0505f452ee753f485014986fab09a434671d2b919ee76fc541025c5876a70?s=96&d=mm&r=g\",\"contentUrl\":\"https:\\\/\\\/secure.gravatar.com\\\/avatar\\\/6cf0505f452ee753f485014986fab09a434671d2b919ee76fc541025c5876a70?s=96&d=mm&r=g\",\"caption\":\"Memurun Sesi Haber Merkezi\"},\"sameAs\":[\"https:\\\/\\\/memurunsesi.net\"],\"url\":\"https:\\\/\\\/memurunsesi.net\\\/index.php\\\/author\\\/uniper\\\/\"}]}<\/script>\n<!-- \/ Yoast SEO plugin. -->","yoast_head_json":{"title":"Karadeniz'in en b\u00fcy\u00fck bilim festivali CAN\u0130KFEST ba\u015flad\u0131 - Memurun Sesi","robots":{"index":"index","follow":"follow","max-snippet":"max-snippet:-1","max-image-preview":"max-image-preview:large","max-video-preview":"max-video-preview:-1"},"canonical":"https:\/\/memurunsesi.net\/index.php\/2025\/04\/24\/karadenizin-en-buyuk-bilim-festivali-canikfest-basladi\/","og_locale":"tr_TR","og_type":"article","og_title":"Karadeniz'in en b\u00fcy\u00fck bilim festivali CAN\u0130KFEST ba\u015flad\u0131 - Memurun Sesi","og_description":"Samsun&#8217;un Canik Belediyesi taraf\u0131ndan haz\u0131rlanan Karadeniz B\u00f6lgesi&#8217;nin ilk ve en b\u00fcy\u00fck bilim \u015fenli\u011fi olma \u00f6zelli\u011fini ta\u015f\u0131yan Canik Bilim, K\u00fclt\u00fcr ve Sanat Festivali (CAN\u0130KFEST), yap\u0131lan g\u00f6rkemli t\u00f6renle ba\u015flad\u0131. Canik Belediyesi taraf\u0131ndan haz\u0131rlanan, T\u00dcB\u0130TAK 4007 Bilim \u015eenlikleri Desteklenme Programlar\u0131 \u00e7er\u00e7evesinde destek almaya hak kazanan ve Karadeniz B\u00f6lgesi\u2019nde d\u00fczenlenen ilk ve tek b\u00fcy\u00fck \u00f6l\u00e7ekli bilim \u015fenli\u011fi olma \u00f6zelli\u011fini [&hellip;]","og_url":"https:\/\/memurunsesi.net\/index.php\/2025\/04\/24\/karadenizin-en-buyuk-bilim-festivali-canikfest-basladi\/","og_site_name":"Memurun Sesi","article_publisher":"https:\/\/www.facebook.com\/unipersen\/?locale=tr_TR","article_published_time":"2025-04-24T13:55:23+00:00","og_image":[{"width":2560,"height":1707,"url":"https:\/\/memurunsesi.net\/wp-content\/uploads\/2025\/04\/AW440134_01-scaled.jpg","type":"image\/jpeg"}],"author":"Memurun Sesi Haber Merkezi","twitter_card":"summary_large_image","twitter_creator":"@unipersen","twitter_site":"@unipersen","twitter_misc":{"Yazan:":"Memurun Sesi Haber Merkezi","Tahmini okuma s\u00fcresi":"1 dakika"},"schema":{"@context":"https:\/\/schema.org","@graph":[{"@type":"Article","@id":"https:\/\/memurunsesi.net\/index.php\/2025\/04\/24\/karadenizin-en-buyuk-bilim-festivali-canikfest-basladi\/#article","isPartOf":{"@id":"https:\/\/memurunsesi.net\/index.php\/2025\/04\/24\/karadenizin-en-buyuk-bilim-festivali-canikfest-basladi\/"},"author":{"name":"Memurun Sesi Haber Merkezi","@id":"https:\/\/memurunsesi.net\/#\/schema\/person\/f21c2d73b89f6ee1d80b0a1803e38587"},"headline":"Karadeniz&#8217;in en b\u00fcy\u00fck bilim festivali CAN\u0130KFEST ba\u015flad\u0131","datePublished":"2025-04-24T13:55:23+00:00","mainEntityOfPage":{"@id":"https:\/\/memurunsesi.net\/index.php\/2025\/04\/24\/karadenizin-en-buyuk-bilim-festivali-canikfest-basladi\/"},"wordCount":757,"commentCount":0,"publisher":{"@id":"https:\/\/memurunsesi.net\/#organization"},"image":{"@id":"https:\/\/memurunsesi.net\/index.php\/2025\/04\/24\/karadenizin-en-buyuk-bilim-festivali-canikfest-basladi\/#primaryimage"},"thumbnailUrl":"https:\/\/memurunsesi.net\/wp-content\/uploads\/2025\/04\/AW440134_01-scaled.jpg","articleSection":["Teknoloji"],"inLanguage":"tr","potentialAction":[{"@type":"CommentAction","name":"Comment","target":["https:\/\/memurunsesi.net\/index.php\/2025\/04\/24\/karadenizin-en-buyuk-bilim-festivali-canikfest-basladi\/#respond"]}]},{"@type":"WebPage","@id":"https:\/\/memurunsesi.net\/index.php\/2025\/04\/24\/karadenizin-en-buyuk-bilim-festivali-canikfest-basladi\/","url":"https:\/\/memurunsesi.net\/index.php\/2025\/04\/24\/karadenizin-en-buyuk-bilim-festivali-canikfest-basladi\/","name":"Karadeniz'in en b\u00fcy\u00fck bilim festivali CAN\u0130KFEST ba\u015flad\u0131 - Memurun Sesi","isPartOf":{"@id":"https:\/\/memurunsesi.net\/#website"},"primaryImageOfPage":{"@id":"https:\/\/memurunsesi.net\/index.php\/2025\/04\/24\/karadenizin-en-buyuk-bilim-festivali-canikfest-basladi\/#primaryimage"},"image":{"@id":"https:\/\/memurunsesi.net\/index.php\/2025\/04\/24\/karadenizin-en-buyuk-bilim-festivali-canikfest-basladi\/#primaryimage"},"thumbnailUrl":"https:\/\/memurunsesi.net\/wp-content\/uploads\/2025\/04\/AW440134_01-scaled.jpg","datePublished":"2025-04-24T13:55:23+00:00","breadcrumb":{"@id":"https:\/\/memurunsesi.net\/index.php\/2025\/04\/24\/karadenizin-en-buyuk-bilim-festivali-canikfest-basladi\/#breadcrumb"},"inLanguage":"tr","potentialAction":[{"@type":"ReadAction","target":["https:\/\/memurunsesi.net\/index.php\/2025\/04\/24\/karadenizin-en-buyuk-bilim-festivali-canikfest-basladi\/"]}]},{"@type":"ImageObject","inLanguage":"tr","@id":"https:\/\/memurunsesi.net\/index.php\/2025\/04\/24\/karadenizin-en-buyuk-bilim-festivali-canikfest-basladi\/#primaryimage","url":"https:\/\/memurunsesi.net\/wp-content\/uploads\/2025\/04\/AW440134_01-scaled.jpg","contentUrl":"https:\/\/memurunsesi.net\/wp-content\/uploads\/2025\/04\/AW440134_01-scaled.jpg","width":2560,"height":1707,"caption":"SAMSUN'UN CAN\u0130K BELED\u0130YES\u0130 TARAFINDAN HAZIRLANAN KARADEN\u0130Z B\u00d6LGES\u0130'NDE D\u00dcZENLENECEK OLAN \u0130LK VE TEK B\u00dcY\u00dcK \u00d6L\u00c7EKL\u0130 B\u0130L\u0130M \u015eENL\u0130\u011e\u0130 OLMA \u00d6ZELL\u0130\u011e\u0130N\u0130 TA\u015eIYAN CAN\u0130K B\u0130L\u0130M, K\u00dcLT\u00dcR VE SANAT FEST\u0130VAL\u0130 (CAN\u0130KFEST), D\u00dcZENLENEN T\u00d6RENLE A\u00c7ILDI. (ERD\u0130 DEM\u0130R\/SAMSUN-\u0130HA) Samsun'un Canik Belediyesi taraf\u0131ndan haz\u0131rlanan Karadeniz B\u00f6lgesi'nin ilk ve en b\u00fcy\u00fck bilim \u015fenli\u011fi olma \u00f6zelli\u011fini ta\u015f\u0131yan Canik Bilim, K\u00fclt\u00fcr ve Sanat Festivali (CAN\u0130KFEST), yap\u0131lan g\u00f6rkemli t\u00f6renle ba\u015flad\u0131."},{"@type":"BreadcrumbList","@id":"https:\/\/memurunsesi.net\/index.php\/2025\/04\/24\/karadenizin-en-buyuk-bilim-festivali-canikfest-basladi\/#breadcrumb","itemListElement":[{"@type":"ListItem","position":1,"name":"Anasayfa","item":"https:\/\/memurunsesi.net\/"},{"@type":"ListItem","position":2,"name":"Karadeniz&#8217;in en b\u00fcy\u00fck bilim festivali CAN\u0130KFEST ba\u015flad\u0131"}]},{"@type":"WebSite","@id":"https:\/\/memurunsesi.net\/#website","url":"https:\/\/memurunsesi.net\/","name":"Memurun Sesi","description":"G\u00fcncel ve Do\u011fru Haber","publisher":{"@id":"https:\/\/memurunsesi.net\/#organization"},"potentialAction":[{"@type":"SearchAction","target":{"@type":"EntryPoint","urlTemplate":"https:\/\/memurunsesi.net\/?s={search_term_string}"},"query-input":{"@type":"PropertyValueSpecification","valueRequired":true,"valueName":"search_term_string"}}],"inLanguage":"tr"},{"@type":"Organization","@id":"https:\/\/memurunsesi.net\/#organization","name":"Memurun Sesi","url":"https:\/\/memurunsesi.net\/","logo":{"@type":"ImageObject","inLanguage":"tr","@id":"https:\/\/memurunsesi.net\/#\/schema\/logo\/image\/","url":"https:\/\/memurunsesi.net\/wp-content\/uploads\/2025\/11\/cropped-MEMURUN-SESI.png","contentUrl":"https:\/\/memurunsesi.net\/wp-content\/uploads\/2025\/11\/cropped-MEMURUN-SESI.png","width":238,"height":57,"caption":"Memurun Sesi"},"image":{"@id":"https:\/\/memurunsesi.net\/#\/schema\/logo\/image\/"},"sameAs":["https:\/\/www.facebook.com\/unipersen\/?locale=tr_TR","https:\/\/x.com\/unipersen"]},{"@type":"Person","@id":"https:\/\/memurunsesi.net\/#\/schema\/person\/f21c2d73b89f6ee1d80b0a1803e38587","name":"Memurun Sesi Haber Merkezi","image":{"@type":"ImageObject","inLanguage":"tr","@id":"https:\/\/secure.gravatar.com\/avatar\/6cf0505f452ee753f485014986fab09a434671d2b919ee76fc541025c5876a70?s=96&d=mm&r=g","url":"https:\/\/secure.gravatar.com\/avatar\/6cf0505f452ee753f485014986fab09a434671d2b919ee76fc541025c5876a70?s=96&d=mm&r=g","contentUrl":"https:\/\/secure.gravatar.com\/avatar\/6cf0505f452ee753f485014986fab09a434671d2b919ee76fc541025c5876a70?s=96&d=mm&r=g","caption":"Memurun Sesi Haber Merkezi"},"sameAs":["https:\/\/memurunsesi.net"],"url":"https:\/\/memurunsesi.net\/index.php\/author\/uniper\/"}]}},"_links":{"self":[{"href":"https:\/\/memurunsesi.net\/index.php\/wp-json\/wp\/v2\/posts\/5975","targetHints":{"allow":["GET"]}}],"collection":[{"href":"https:\/\/memurunsesi.net\/index.php\/wp-json\/wp\/v2\/posts"}],"about":[{"href":"https:\/\/memurunsesi.net\/index.php\/wp-json\/wp\/v2\/types\/post"}],"author":[{"embeddable":true,"href":"https:\/\/memurunsesi.net\/index.php\/wp-json\/wp\/v2\/users\/1"}],"replies":[{"embeddable":true,"href":"https:\/\/memurunsesi.net\/index.php\/wp-json\/wp\/v2\/comments?post=5975"}],"version-history":[{"count":1,"href":"https:\/\/memurunsesi.net\/index.php\/wp-json\/wp\/v2\/posts\/5975\/revisions"}],"predecessor-version":[{"id":5977,"href":"https:\/\/memurunsesi.net\/index.php\/wp-json\/wp\/v2\/posts\/5975\/revisions\/5977"}],"wp:featuredmedia":[{"embeddable":true,"href":"https:\/\/memurunsesi.net\/index.php\/wp-json\/wp\/v2\/media\/5976"}],"wp:attachment":[{"href":"https:\/\/memurunsesi.net\/index.php\/wp-json\/wp\/v2\/media?parent=5975"}],"wp:term":[{"taxonomy":"category","embeddable":true,"href":"https:\/\/memurunsesi.net\/index.php\/wp-json\/wp\/v2\/categories?post=5975"},{"taxonomy":"post_tag","embeddable":true,"href":"https:\/\/memurunsesi.net\/index.php\/wp-json\/wp\/v2\/tags?post=5975"}],"curies":[{"name":"wp","href":"https:\/\/api.w.org\/{rel}","templated":true}]}}