{"id":5979,"date":"2025-04-27T08:49:10","date_gmt":"2025-04-27T05:49:10","guid":{"rendered":"https:\/\/memurunsesi.net\/?p=5979"},"modified":"2025-04-27T08:49:10","modified_gmt":"2025-04-27T05:49:10","slug":"agrida-kayip-vatandas-jandarma-ekiplerince-bulundu","status":"publish","type":"post","link":"https:\/\/memurunsesi.net\/index.php\/2025\/04\/27\/agrida-kayip-vatandas-jandarma-ekiplerince-bulundu\/","title":{"rendered":"A\u011fr\u0131\u2019da kay\u0131p vatanda\u015f jandarma ekiplerince bulundu"},"content":{"rendered":"<p> A\u011fr\u0131\u2019n\u0131n Ele\u015fkirt il\u00e7esinde kaybolan Abd\u00fclkadir Kahraman, gece boyunca s\u00fcren arama \u00e7al\u0131\u015fmalar\u0131n\u0131n ard\u0131ndan sabaha kar\u015f\u0131 sa\u011f olarak bulundu.<br \/>\n  A\u011fr\u0131\u2019n\u0131n Ele\u015fkirt il\u00e7esi S\u00fczge\u00e7li k\u00f6y\u00fcnde ikamet eden Abd\u00fclkadir Kahraman\u2019dan 26 Nisan g\u00fcn\u00fc saat 12.00\u2019den itibaren haber al\u0131namamas\u0131 \u00fczerine arama \u00e7al\u0131\u015fmas\u0131 ba\u015flat\u0131ld\u0131. Ele\u015fkirt \u0130l\u00e7e Jandarma Komutanl\u0131\u011f\u0131ndan yap\u0131lan ihbarda, Kahraman\u2019\u0131n daha \u00f6nce psikolojik sorunlar nedeniyle iki kez evinden ka\u00e7t\u0131\u011f\u0131, ilkinde \u0130stanbul, ikincisinde ise Van ilinde bulundu\u011fu bilgisi payla\u015f\u0131ld\u0131.<br \/>\n  \u0130hbar \u00fczerine, A\u011fr\u0131 AFAD M\u00fcd\u00fcrl\u00fc\u011f\u00fc taraf\u0131ndan bir m\u00fcd\u00fcr, d\u00f6rt arama kurtarma teknisyeni, bir ara\u00e7, bir amfibik ara\u00e7 ve bir drone ekibi olay b\u00f6lgesine sevk edildi. Ekibimiz Aydo\u011fdu k\u00f6y\u00fcne ula\u015ft\u0131\u011f\u0131nda, Ele\u015fkirt \u0130l\u00e7e Jandarma Komutanl\u0131\u011f\u0131 ekiplerinin S\u00fczge\u00e7li ve Aydo\u011fdu k\u00f6ylerinde yapt\u0131\u011f\u0131 aramalar sonucunda, Kahraman\u2019\u0131n Tutak il\u00e7esi Dibelek k\u00f6y\u00fc civar\u0131nda g\u00f6r\u00fcld\u00fc\u011f\u00fc bilgisine ula\u015f\u0131ld\u0131.<br \/>\n  Bu bilgi \u00fczerine arama \u00e7al\u0131\u015fmalar\u0131 Ele\u015fkirt ve Tutak \u0130l\u00e7e Jandarma Komutanl\u0131\u011f\u0131 ekipleriyle birlikte Dibelek ve M\u0131zrak k\u00f6yleri \u00e7evresinde yo\u011funla\u015ft\u0131r\u0131ld\u0131. Ancak olumsuz hava ve arazi \u015fartlar\u0131 ile vatanda\u015f\u0131n tam olarak nerede oldu\u011funun bilinmemesi nedeniyle saat 02.29\u2019da arama \u00e7al\u0131\u015fmalar\u0131na ara verildi.<br \/>\n  Sabaha kar\u015f\u0131 ise devriye gezen Jandarma ekipleri taraf\u0131ndan kay\u0131p vatanda\u015f, Tutak il\u00e7esi Dibelek k\u00f6y\u00fc civar\u0131nda sa\u011f olarak bulundu. Kahraman\u2019\u0131n sa\u011fl\u0131k durumunun iyi oldu\u011fu bildirildi. <\/p>\n<p>27.04.2025                             <\/p>\n","protected":false},"excerpt":{"rendered":"<p>A\u011fr\u0131\u2019n\u0131n Ele\u015fkirt il\u00e7esinde kaybolan Abd\u00fclkadir Kahraman, gece boyunca s\u00fcren arama \u00e7al\u0131\u015fmalar\u0131n\u0131n ard\u0131ndan sabaha kar\u015f\u0131 sa\u011f olarak bulundu. A\u011fr\u0131\u2019n\u0131n Ele\u015fkirt il\u00e7esi S\u00fczge\u00e7li k\u00f6y\u00fcnde ikamet eden Abd\u00fclkadir Kahraman\u2019dan 26 Nisan g\u00fcn\u00fc saat 12.00\u2019den itibaren haber al\u0131namamas\u0131 \u00fczerine arama \u00e7al\u0131\u015fmas\u0131 ba\u015flat\u0131ld\u0131. Ele\u015fkirt \u0130l\u00e7e Jandarma Komutanl\u0131\u011f\u0131ndan yap\u0131lan ihbarda, Kahraman\u2019\u0131n daha \u00f6nce psikolojik sorunlar nedeniyle iki kez evinden ka\u00e7t\u0131\u011f\u0131, ilkinde [&hellip;]<\/p>\n","protected":false},"author":1,"featured_media":5980,"comment_status":"open","ping_status":"open","sticky":false,"template":"","format":"standard","meta":{"footnotes":""},"categories":[1],"tags":[],"class_list":["post-5979","post","type-post","status-publish","format-standard","has-post-thumbnail","hentry","category-genel"],"yoast_head":"<!-- This site is optimized with the Yoast SEO plugin v27.4 - https:\/\/yoast.com\/product\/yoast-seo-wordpress\/ -->\n<title>A\u011fr\u0131\u2019da kay\u0131p vatanda\u015f jandarma ekiplerince bulundu - Memurun Sesi<\/title>\n<meta name=\"robots\" content=\"index, follow, max-snippet:-1, max-image-preview:large, max-video-preview:-1\" \/>\n<link rel=\"canonical\" href=\"https:\/\/memurunsesi.net\/index.php\/2025\/04\/27\/agrida-kayip-vatandas-jandarma-ekiplerince-bulundu\/\" \/>\n<meta property=\"og:locale\" content=\"tr_TR\" \/>\n<meta property=\"og:type\" content=\"article\" \/>\n<meta property=\"og:title\" content=\"A\u011fr\u0131\u2019da kay\u0131p vatanda\u015f jandarma ekiplerince bulundu - Memurun Sesi\" \/>\n<meta property=\"og:description\" content=\"A\u011fr\u0131\u2019n\u0131n Ele\u015fkirt il\u00e7esinde kaybolan Abd\u00fclkadir Kahraman, gece boyunca s\u00fcren arama \u00e7al\u0131\u015fmalar\u0131n\u0131n ard\u0131ndan sabaha kar\u015f\u0131 sa\u011f olarak bulundu. A\u011fr\u0131\u2019n\u0131n Ele\u015fkirt il\u00e7esi S\u00fczge\u00e7li k\u00f6y\u00fcnde ikamet eden Abd\u00fclkadir Kahraman\u2019dan 26 Nisan g\u00fcn\u00fc saat 12.00\u2019den itibaren haber al\u0131namamas\u0131 \u00fczerine arama \u00e7al\u0131\u015fmas\u0131 ba\u015flat\u0131ld\u0131. Ele\u015fkirt \u0130l\u00e7e Jandarma Komutanl\u0131\u011f\u0131ndan yap\u0131lan ihbarda, Kahraman\u2019\u0131n daha \u00f6nce psikolojik sorunlar nedeniyle iki kez evinden ka\u00e7t\u0131\u011f\u0131, ilkinde [&hellip;]\" \/>\n<meta property=\"og:url\" content=\"https:\/\/memurunsesi.net\/index.php\/2025\/04\/27\/agrida-kayip-vatandas-jandarma-ekiplerince-bulundu\/\" \/>\n<meta property=\"og:site_name\" content=\"Memurun Sesi\" \/>\n<meta property=\"article:publisher\" content=\"https:\/\/www.facebook.com\/unipersen\/?locale=tr_TR\" \/>\n<meta property=\"article:published_time\" content=\"2025-04-27T05:49:10+00:00\" \/>\n<meta property=\"og:image\" content=\"https:\/\/memurunsesi.net\/wp-content\/uploads\/2025\/04\/AW441913_01.jpg\" \/>\n\t<meta property=\"og:image:width\" content=\"1600\" \/>\n\t<meta property=\"og:image:height\" content=\"1200\" \/>\n\t<meta property=\"og:image:type\" content=\"image\/jpeg\" \/>\n<meta name=\"author\" content=\"Memurun Sesi Haber Merkezi\" \/>\n<meta name=\"twitter:card\" content=\"summary_large_image\" \/>\n<meta name=\"twitter:creator\" content=\"@unipersen\" \/>\n<meta name=\"twitter:site\" content=\"@unipersen\" \/>\n<meta name=\"twitter:label1\" content=\"Yazan:\" \/>\n\t<meta name=\"twitter:data1\" content=\"Memurun Sesi Haber Merkezi\" \/>\n\t<meta name=\"twitter:label2\" content=\"Tahmini okuma s\u00fcresi\" \/>\n\t<meta name=\"twitter:data2\" content=\"1 dakika\" \/>\n<script type=\"application\/ld+json\" class=\"yoast-schema-graph\">{\"@context\":\"https:\\\/\\\/schema.org\",\"@graph\":[{\"@type\":\"Article\",\"@id\":\"https:\\\/\\\/memurunsesi.net\\\/index.php\\\/2025\\\/04\\\/27\\\/agrida-kayip-vatandas-jandarma-ekiplerince-bulundu\\\/#article\",\"isPartOf\":{\"@id\":\"https:\\\/\\\/memurunsesi.net\\\/index.php\\\/2025\\\/04\\\/27\\\/agrida-kayip-vatandas-jandarma-ekiplerince-bulundu\\\/\"},\"author\":{\"name\":\"Memurun Sesi Haber Merkezi\",\"@id\":\"https:\\\/\\\/memurunsesi.net\\\/#\\\/schema\\\/person\\\/f21c2d73b89f6ee1d80b0a1803e38587\"},\"headline\":\"A\u011fr\u0131\u2019da kay\u0131p vatanda\u015f jandarma ekiplerince bulundu\",\"datePublished\":\"2025-04-27T05:49:10+00:00\",\"mainEntityOfPage\":{\"@id\":\"https:\\\/\\\/memurunsesi.net\\\/index.php\\\/2025\\\/04\\\/27\\\/agrida-kayip-vatandas-jandarma-ekiplerince-bulundu\\\/\"},\"wordCount\":267,\"commentCount\":0,\"publisher\":{\"@id\":\"https:\\\/\\\/memurunsesi.net\\\/#organization\"},\"image\":{\"@id\":\"https:\\\/\\\/memurunsesi.net\\\/index.php\\\/2025\\\/04\\\/27\\\/agrida-kayip-vatandas-jandarma-ekiplerince-bulundu\\\/#primaryimage\"},\"thumbnailUrl\":\"https:\\\/\\\/memurunsesi.net\\\/wp-content\\\/uploads\\\/2025\\\/04\\\/AW441913_01.jpg\",\"inLanguage\":\"tr\",\"potentialAction\":[{\"@type\":\"CommentAction\",\"name\":\"Comment\",\"target\":[\"https:\\\/\\\/memurunsesi.net\\\/index.php\\\/2025\\\/04\\\/27\\\/agrida-kayip-vatandas-jandarma-ekiplerince-bulundu\\\/#respond\"]}]},{\"@type\":\"WebPage\",\"@id\":\"https:\\\/\\\/memurunsesi.net\\\/index.php\\\/2025\\\/04\\\/27\\\/agrida-kayip-vatandas-jandarma-ekiplerince-bulundu\\\/\",\"url\":\"https:\\\/\\\/memurunsesi.net\\\/index.php\\\/2025\\\/04\\\/27\\\/agrida-kayip-vatandas-jandarma-ekiplerince-bulundu\\\/\",\"name\":\"A\u011fr\u0131\u2019da kay\u0131p vatanda\u015f jandarma ekiplerince bulundu - Memurun Sesi\",\"isPartOf\":{\"@id\":\"https:\\\/\\\/memurunsesi.net\\\/#website\"},\"primaryImageOfPage\":{\"@id\":\"https:\\\/\\\/memurunsesi.net\\\/index.php\\\/2025\\\/04\\\/27\\\/agrida-kayip-vatandas-jandarma-ekiplerince-bulundu\\\/#primaryimage\"},\"image\":{\"@id\":\"https:\\\/\\\/memurunsesi.net\\\/index.php\\\/2025\\\/04\\\/27\\\/agrida-kayip-vatandas-jandarma-ekiplerince-bulundu\\\/#primaryimage\"},\"thumbnailUrl\":\"https:\\\/\\\/memurunsesi.net\\\/wp-content\\\/uploads\\\/2025\\\/04\\\/AW441913_01.jpg\",\"datePublished\":\"2025-04-27T05:49:10+00:00\",\"breadcrumb\":{\"@id\":\"https:\\\/\\\/memurunsesi.net\\\/index.php\\\/2025\\\/04\\\/27\\\/agrida-kayip-vatandas-jandarma-ekiplerince-bulundu\\\/#breadcrumb\"},\"inLanguage\":\"tr\",\"potentialAction\":[{\"@type\":\"ReadAction\",\"target\":[\"https:\\\/\\\/memurunsesi.net\\\/index.php\\\/2025\\\/04\\\/27\\\/agrida-kayip-vatandas-jandarma-ekiplerince-bulundu\\\/\"]}]},{\"@type\":\"ImageObject\",\"inLanguage\":\"tr\",\"@id\":\"https:\\\/\\\/memurunsesi.net\\\/index.php\\\/2025\\\/04\\\/27\\\/agrida-kayip-vatandas-jandarma-ekiplerince-bulundu\\\/#primaryimage\",\"url\":\"https:\\\/\\\/memurunsesi.net\\\/wp-content\\\/uploads\\\/2025\\\/04\\\/AW441913_01.jpg\",\"contentUrl\":\"https:\\\/\\\/memurunsesi.net\\\/wp-content\\\/uploads\\\/2025\\\/04\\\/AW441913_01.jpg\",\"width\":1600,\"height\":1200,\"caption\":\"A\u011eRI'DA KAYIP VATANDA\u015e JANDARMA EK\u0130PLER\u0130NCE BULUNDU (MERVE G\u00d6KBAKAN\\\/A\u011eRI-\u0130HA) A\u011fr\u0131'n\u0131n Ele\u015fkirt il\u00e7esinde kaybolan Abd\u00fclkadir Kahraman, gece boyunca s\u00fcren arama \u00e7al\u0131\u015fmalar\u0131n\u0131n ard\u0131ndan sabaha kar\u015f\u0131 sa\u011f olarak bulundu.\"},{\"@type\":\"BreadcrumbList\",\"@id\":\"https:\\\/\\\/memurunsesi.net\\\/index.php\\\/2025\\\/04\\\/27\\\/agrida-kayip-vatandas-jandarma-ekiplerince-bulundu\\\/#breadcrumb\",\"itemListElement\":[{\"@type\":\"ListItem\",\"position\":1,\"name\":\"Anasayfa\",\"item\":\"https:\\\/\\\/memurunsesi.net\\\/\"},{\"@type\":\"ListItem\",\"position\":2,\"name\":\"A\u011fr\u0131\u2019da kay\u0131p vatanda\u015f jandarma ekiplerince bulundu\"}]},{\"@type\":\"WebSite\",\"@id\":\"https:\\\/\\\/memurunsesi.net\\\/#website\",\"url\":\"https:\\\/\\\/memurunsesi.net\\\/\",\"name\":\"Memurun Sesi\",\"description\":\"G\u00fcncel ve Do\u011fru Haber\",\"publisher\":{\"@id\":\"https:\\\/\\\/memurunsesi.net\\\/#organization\"},\"potentialAction\":[{\"@type\":\"SearchAction\",\"target\":{\"@type\":\"EntryPoint\",\"urlTemplate\":\"https:\\\/\\\/memurunsesi.net\\\/?s={search_term_string}\"},\"query-input\":{\"@type\":\"PropertyValueSpecification\",\"valueRequired\":true,\"valueName\":\"search_term_string\"}}],\"inLanguage\":\"tr\"},{\"@type\":\"Organization\",\"@id\":\"https:\\\/\\\/memurunsesi.net\\\/#organization\",\"name\":\"Memurun Sesi\",\"url\":\"https:\\\/\\\/memurunsesi.net\\\/\",\"logo\":{\"@type\":\"ImageObject\",\"inLanguage\":\"tr\",\"@id\":\"https:\\\/\\\/memurunsesi.net\\\/#\\\/schema\\\/logo\\\/image\\\/\",\"url\":\"https:\\\/\\\/memurunsesi.net\\\/wp-content\\\/uploads\\\/2025\\\/11\\\/cropped-MEMURUN-SESI.png\",\"contentUrl\":\"https:\\\/\\\/memurunsesi.net\\\/wp-content\\\/uploads\\\/2025\\\/11\\\/cropped-MEMURUN-SESI.png\",\"width\":238,\"height\":57,\"caption\":\"Memurun Sesi\"},\"image\":{\"@id\":\"https:\\\/\\\/memurunsesi.net\\\/#\\\/schema\\\/logo\\\/image\\\/\"},\"sameAs\":[\"https:\\\/\\\/www.facebook.com\\\/unipersen\\\/?locale=tr_TR\",\"https:\\\/\\\/x.com\\\/unipersen\"]},{\"@type\":\"Person\",\"@id\":\"https:\\\/\\\/memurunsesi.net\\\/#\\\/schema\\\/person\\\/f21c2d73b89f6ee1d80b0a1803e38587\",\"name\":\"Memurun Sesi Haber Merkezi\",\"image\":{\"@type\":\"ImageObject\",\"inLanguage\":\"tr\",\"@id\":\"https:\\\/\\\/secure.gravatar.com\\\/avatar\\\/6cf0505f452ee753f485014986fab09a434671d2b919ee76fc541025c5876a70?s=96&d=mm&r=g\",\"url\":\"https:\\\/\\\/secure.gravatar.com\\\/avatar\\\/6cf0505f452ee753f485014986fab09a434671d2b919ee76fc541025c5876a70?s=96&d=mm&r=g\",\"contentUrl\":\"https:\\\/\\\/secure.gravatar.com\\\/avatar\\\/6cf0505f452ee753f485014986fab09a434671d2b919ee76fc541025c5876a70?s=96&d=mm&r=g\",\"caption\":\"Memurun Sesi Haber Merkezi\"},\"sameAs\":[\"https:\\\/\\\/memurunsesi.net\"],\"url\":\"https:\\\/\\\/memurunsesi.net\\\/index.php\\\/author\\\/uniper\\\/\"}]}<\/script>\n<!-- \/ Yoast SEO plugin. -->","yoast_head_json":{"title":"A\u011fr\u0131\u2019da kay\u0131p vatanda\u015f jandarma ekiplerince bulundu - Memurun Sesi","robots":{"index":"index","follow":"follow","max-snippet":"max-snippet:-1","max-image-preview":"max-image-preview:large","max-video-preview":"max-video-preview:-1"},"canonical":"https:\/\/memurunsesi.net\/index.php\/2025\/04\/27\/agrida-kayip-vatandas-jandarma-ekiplerince-bulundu\/","og_locale":"tr_TR","og_type":"article","og_title":"A\u011fr\u0131\u2019da kay\u0131p vatanda\u015f jandarma ekiplerince bulundu - Memurun Sesi","og_description":"A\u011fr\u0131\u2019n\u0131n Ele\u015fkirt il\u00e7esinde kaybolan Abd\u00fclkadir Kahraman, gece boyunca s\u00fcren arama \u00e7al\u0131\u015fmalar\u0131n\u0131n ard\u0131ndan sabaha kar\u015f\u0131 sa\u011f olarak bulundu. A\u011fr\u0131\u2019n\u0131n Ele\u015fkirt il\u00e7esi S\u00fczge\u00e7li k\u00f6y\u00fcnde ikamet eden Abd\u00fclkadir Kahraman\u2019dan 26 Nisan g\u00fcn\u00fc saat 12.00\u2019den itibaren haber al\u0131namamas\u0131 \u00fczerine arama \u00e7al\u0131\u015fmas\u0131 ba\u015flat\u0131ld\u0131. Ele\u015fkirt \u0130l\u00e7e Jandarma Komutanl\u0131\u011f\u0131ndan yap\u0131lan ihbarda, Kahraman\u2019\u0131n daha \u00f6nce psikolojik sorunlar nedeniyle iki kez evinden ka\u00e7t\u0131\u011f\u0131, ilkinde [&hellip;]","og_url":"https:\/\/memurunsesi.net\/index.php\/2025\/04\/27\/agrida-kayip-vatandas-jandarma-ekiplerince-bulundu\/","og_site_name":"Memurun Sesi","article_publisher":"https:\/\/www.facebook.com\/unipersen\/?locale=tr_TR","article_published_time":"2025-04-27T05:49:10+00:00","og_image":[{"width":1600,"height":1200,"url":"https:\/\/memurunsesi.net\/wp-content\/uploads\/2025\/04\/AW441913_01.jpg","type":"image\/jpeg"}],"author":"Memurun Sesi Haber Merkezi","twitter_card":"summary_large_image","twitter_creator":"@unipersen","twitter_site":"@unipersen","twitter_misc":{"Yazan:":"Memurun Sesi Haber Merkezi","Tahmini okuma s\u00fcresi":"1 dakika"},"schema":{"@context":"https:\/\/schema.org","@graph":[{"@type":"Article","@id":"https:\/\/memurunsesi.net\/index.php\/2025\/04\/27\/agrida-kayip-vatandas-jandarma-ekiplerince-bulundu\/#article","isPartOf":{"@id":"https:\/\/memurunsesi.net\/index.php\/2025\/04\/27\/agrida-kayip-vatandas-jandarma-ekiplerince-bulundu\/"},"author":{"name":"Memurun Sesi Haber Merkezi","@id":"https:\/\/memurunsesi.net\/#\/schema\/person\/f21c2d73b89f6ee1d80b0a1803e38587"},"headline":"A\u011fr\u0131\u2019da kay\u0131p vatanda\u015f jandarma ekiplerince bulundu","datePublished":"2025-04-27T05:49:10+00:00","mainEntityOfPage":{"@id":"https:\/\/memurunsesi.net\/index.php\/2025\/04\/27\/agrida-kayip-vatandas-jandarma-ekiplerince-bulundu\/"},"wordCount":267,"commentCount":0,"publisher":{"@id":"https:\/\/memurunsesi.net\/#organization"},"image":{"@id":"https:\/\/memurunsesi.net\/index.php\/2025\/04\/27\/agrida-kayip-vatandas-jandarma-ekiplerince-bulundu\/#primaryimage"},"thumbnailUrl":"https:\/\/memurunsesi.net\/wp-content\/uploads\/2025\/04\/AW441913_01.jpg","inLanguage":"tr","potentialAction":[{"@type":"CommentAction","name":"Comment","target":["https:\/\/memurunsesi.net\/index.php\/2025\/04\/27\/agrida-kayip-vatandas-jandarma-ekiplerince-bulundu\/#respond"]}]},{"@type":"WebPage","@id":"https:\/\/memurunsesi.net\/index.php\/2025\/04\/27\/agrida-kayip-vatandas-jandarma-ekiplerince-bulundu\/","url":"https:\/\/memurunsesi.net\/index.php\/2025\/04\/27\/agrida-kayip-vatandas-jandarma-ekiplerince-bulundu\/","name":"A\u011fr\u0131\u2019da kay\u0131p vatanda\u015f jandarma ekiplerince bulundu - Memurun Sesi","isPartOf":{"@id":"https:\/\/memurunsesi.net\/#website"},"primaryImageOfPage":{"@id":"https:\/\/memurunsesi.net\/index.php\/2025\/04\/27\/agrida-kayip-vatandas-jandarma-ekiplerince-bulundu\/#primaryimage"},"image":{"@id":"https:\/\/memurunsesi.net\/index.php\/2025\/04\/27\/agrida-kayip-vatandas-jandarma-ekiplerince-bulundu\/#primaryimage"},"thumbnailUrl":"https:\/\/memurunsesi.net\/wp-content\/uploads\/2025\/04\/AW441913_01.jpg","datePublished":"2025-04-27T05:49:10+00:00","breadcrumb":{"@id":"https:\/\/memurunsesi.net\/index.php\/2025\/04\/27\/agrida-kayip-vatandas-jandarma-ekiplerince-bulundu\/#breadcrumb"},"inLanguage":"tr","potentialAction":[{"@type":"ReadAction","target":["https:\/\/memurunsesi.net\/index.php\/2025\/04\/27\/agrida-kayip-vatandas-jandarma-ekiplerince-bulundu\/"]}]},{"@type":"ImageObject","inLanguage":"tr","@id":"https:\/\/memurunsesi.net\/index.php\/2025\/04\/27\/agrida-kayip-vatandas-jandarma-ekiplerince-bulundu\/#primaryimage","url":"https:\/\/memurunsesi.net\/wp-content\/uploads\/2025\/04\/AW441913_01.jpg","contentUrl":"https:\/\/memurunsesi.net\/wp-content\/uploads\/2025\/04\/AW441913_01.jpg","width":1600,"height":1200,"caption":"A\u011eRI'DA KAYIP VATANDA\u015e JANDARMA EK\u0130PLER\u0130NCE BULUNDU (MERVE G\u00d6KBAKAN\/A\u011eRI-\u0130HA) A\u011fr\u0131'n\u0131n Ele\u015fkirt il\u00e7esinde kaybolan Abd\u00fclkadir Kahraman, gece boyunca s\u00fcren arama \u00e7al\u0131\u015fmalar\u0131n\u0131n ard\u0131ndan sabaha kar\u015f\u0131 sa\u011f olarak bulundu."},{"@type":"BreadcrumbList","@id":"https:\/\/memurunsesi.net\/index.php\/2025\/04\/27\/agrida-kayip-vatandas-jandarma-ekiplerince-bulundu\/#breadcrumb","itemListElement":[{"@type":"ListItem","position":1,"name":"Anasayfa","item":"https:\/\/memurunsesi.net\/"},{"@type":"ListItem","position":2,"name":"A\u011fr\u0131\u2019da kay\u0131p vatanda\u015f jandarma ekiplerince bulundu"}]},{"@type":"WebSite","@id":"https:\/\/memurunsesi.net\/#website","url":"https:\/\/memurunsesi.net\/","name":"Memurun Sesi","description":"G\u00fcncel ve Do\u011fru Haber","publisher":{"@id":"https:\/\/memurunsesi.net\/#organization"},"potentialAction":[{"@type":"SearchAction","target":{"@type":"EntryPoint","urlTemplate":"https:\/\/memurunsesi.net\/?s={search_term_string}"},"query-input":{"@type":"PropertyValueSpecification","valueRequired":true,"valueName":"search_term_string"}}],"inLanguage":"tr"},{"@type":"Organization","@id":"https:\/\/memurunsesi.net\/#organization","name":"Memurun Sesi","url":"https:\/\/memurunsesi.net\/","logo":{"@type":"ImageObject","inLanguage":"tr","@id":"https:\/\/memurunsesi.net\/#\/schema\/logo\/image\/","url":"https:\/\/memurunsesi.net\/wp-content\/uploads\/2025\/11\/cropped-MEMURUN-SESI.png","contentUrl":"https:\/\/memurunsesi.net\/wp-content\/uploads\/2025\/11\/cropped-MEMURUN-SESI.png","width":238,"height":57,"caption":"Memurun Sesi"},"image":{"@id":"https:\/\/memurunsesi.net\/#\/schema\/logo\/image\/"},"sameAs":["https:\/\/www.facebook.com\/unipersen\/?locale=tr_TR","https:\/\/x.com\/unipersen"]},{"@type":"Person","@id":"https:\/\/memurunsesi.net\/#\/schema\/person\/f21c2d73b89f6ee1d80b0a1803e38587","name":"Memurun Sesi Haber Merkezi","image":{"@type":"ImageObject","inLanguage":"tr","@id":"https:\/\/secure.gravatar.com\/avatar\/6cf0505f452ee753f485014986fab09a434671d2b919ee76fc541025c5876a70?s=96&d=mm&r=g","url":"https:\/\/secure.gravatar.com\/avatar\/6cf0505f452ee753f485014986fab09a434671d2b919ee76fc541025c5876a70?s=96&d=mm&r=g","contentUrl":"https:\/\/secure.gravatar.com\/avatar\/6cf0505f452ee753f485014986fab09a434671d2b919ee76fc541025c5876a70?s=96&d=mm&r=g","caption":"Memurun Sesi Haber Merkezi"},"sameAs":["https:\/\/memurunsesi.net"],"url":"https:\/\/memurunsesi.net\/index.php\/author\/uniper\/"}]}},"_links":{"self":[{"href":"https:\/\/memurunsesi.net\/index.php\/wp-json\/wp\/v2\/posts\/5979","targetHints":{"allow":["GET"]}}],"collection":[{"href":"https:\/\/memurunsesi.net\/index.php\/wp-json\/wp\/v2\/posts"}],"about":[{"href":"https:\/\/memurunsesi.net\/index.php\/wp-json\/wp\/v2\/types\/post"}],"author":[{"embeddable":true,"href":"https:\/\/memurunsesi.net\/index.php\/wp-json\/wp\/v2\/users\/1"}],"replies":[{"embeddable":true,"href":"https:\/\/memurunsesi.net\/index.php\/wp-json\/wp\/v2\/comments?post=5979"}],"version-history":[{"count":1,"href":"https:\/\/memurunsesi.net\/index.php\/wp-json\/wp\/v2\/posts\/5979\/revisions"}],"predecessor-version":[{"id":5981,"href":"https:\/\/memurunsesi.net\/index.php\/wp-json\/wp\/v2\/posts\/5979\/revisions\/5981"}],"wp:featuredmedia":[{"embeddable":true,"href":"https:\/\/memurunsesi.net\/index.php\/wp-json\/wp\/v2\/media\/5980"}],"wp:attachment":[{"href":"https:\/\/memurunsesi.net\/index.php\/wp-json\/wp\/v2\/media?parent=5979"}],"wp:term":[{"taxonomy":"category","embeddable":true,"href":"https:\/\/memurunsesi.net\/index.php\/wp-json\/wp\/v2\/categories?post=5979"},{"taxonomy":"post_tag","embeddable":true,"href":"https:\/\/memurunsesi.net\/index.php\/wp-json\/wp\/v2\/tags?post=5979"}],"curies":[{"name":"wp","href":"https:\/\/api.w.org\/{rel}","templated":true}]}}