{"id":5985,"date":"2025-04-27T08:54:25","date_gmt":"2025-04-27T05:54:25","guid":{"rendered":"https:\/\/memurunsesi.net\/?p=5985"},"modified":"2025-04-27T08:54:25","modified_gmt":"2025-04-27T05:54:25","slug":"osbuk-baskani-memis-kutukcu-erzurumda-osbler-buyuyor-sanayi-gucleniyor","status":"publish","type":"post","link":"https:\/\/memurunsesi.net\/index.php\/2025\/04\/27\/osbuk-baskani-memis-kutukcu-erzurumda-osbler-buyuyor-sanayi-gucleniyor\/","title":{"rendered":"OSB\u00dcK Ba\u015fkan\u0131 Memi\u015f K\u00fct\u00fckc\u00fc: &#8220;Erzurum&#8217;da OSB&#8217;ler b\u00fcy\u00fcyor, sanayi g\u00fc\u00e7leniyor&#8221;"},"content":{"rendered":"<p>   Organize Sanayi B\u00f6lgeleri \u00dcst Kurulu\u015fu (OSB\u00dcK) Ba\u015fkan\u0131 Memi\u015f K\u00fct\u00fckc\u00fc, Erzurum&#8217;un sanayi sekt\u00f6r\u00fcnde \u00f6nemli at\u0131l\u0131mlar yapt\u0131\u011f\u0131n\u0131 kaydederek, b\u00f6lge ekonomisi hakk\u0131nda de\u011ferlendirmelerde bulundu.<br \/>\n  K\u00fct\u00fckc\u00fc, Erzurum&#8217;da 3 organize sanayi b\u00f6lgesi bulundu\u011funu belirterek, bu b\u00f6lgelerin hem \u015fehir ekonomisine hem de istihdama \u00f6nemli katk\u0131lar sa\u011flad\u0131\u011f\u0131n\u0131 vurgulad\u0131. Erzurum&#8217;daki OSB&#8217;lerin \u00fcretim, yat\u0131r\u0131m ve istihdam anlam\u0131nda her ge\u00e7en y\u0131l b\u00fcy\u00fcd\u00fc\u011f\u00fcne dikkat \u00e7eken K\u00fct\u00fckc\u00fc, Erzurum&#8217;daki OSB&#8217;lerde 130&#8217;dan fazla fabrikada, yakla\u015f\u0131k 10 bin ki\u015fiye istihdam sa\u011fland\u0131\u011f\u0131n\u0131 belirtti.<br \/>\nK\u00fct\u00fckc\u00fc, &#8220;Erzurum giri\u015fimcilik azmi, stratejik konumu, tar\u0131m\u0131, hayvanc\u0131l\u0131\u011f\u0131 ve turizmi ile \u00f6nemli bir cazibe merkezi oldu&#8221; dedi. Erzurum&#8217;da d\u00fczenlenen Paland\u00f6ken Ekonomi Forumu&#8217;na da de\u011finen K\u00fct\u00fckc\u00fc, zirvenin Erzurum&#8217;un geli\u015fmesinde kald\u0131ra\u00e7 etkisi g\u00f6sterecek uluslararas\u0131 bir organizasyon oldu\u011funu kaydetti.<br \/>\n  &#8220;Lokomotif olmaya devam edece\u011fiz&#8221;<br \/>\n  T\u00fcrkiye genelindeki OSB&#8217;lerle ilgili de\u011ferlendirmelerde de bulunan K\u00fct\u00fckc\u00fc, toplam 410 OSB&#8217;deki 68 binden fazla fabrikam\u0131zda 2,7 milyon istihdama sahip OSB&#8217;lerin, T\u00fcrk sanayisinin lokomotifi oldu\u011funun alt\u0131n\u0131 \u00e7izdi. T\u00fcrkiye&#8217;nin sanayi \u00fcretiminin y\u00fczde 45&#8217;inin OSB&#8217;ler taraf\u0131ndan ger\u00e7ekle\u015ftirildi\u011fini kaydeden K\u00fct\u00fckc\u00fc, &#8220;\u00dclkemiz giri\u015fimcili\u011fi, \u00fcretim kararl\u0131l\u0131\u011f\u0131, yat\u0131r\u0131m i\u015ftah\u0131 sayesinde k\u0131r\u0131lgan k\u00fcresel ekonomiye ra\u011fmen OSB&#8217;lerimizin liderli\u011finde \u0130talya ile \u00c7in aras\u0131ndaki en g\u00fc\u00e7l\u00fc sanayi \u00fclkesi haline gelmeyi ba\u015fard\u0131. Zorlu ekonomik \u015fartlara ra\u011fmen T\u00fcrk sanayicisi \u00fcretime, yat\u0131r\u0131ma ve ihracata y\u00f6nelmeyi s\u00fcrd\u00fcr\u00fcyor. Katma de\u011feri y\u00fcksek \u00fcretim ve geli\u015fmi\u015f sanayi altyap\u0131s\u0131 ile OSB&#8217;ler olarak T\u00fcrk sanayisinin lokomotifi olmay\u0131 s\u00fcrd\u00fcrece\u011fiz&#8221; dedi. <\/p>\n<p> 27.04.2025                               <\/p>\n","protected":false},"excerpt":{"rendered":"<p>Organize Sanayi B\u00f6lgeleri \u00dcst Kurulu\u015fu (OSB\u00dcK) Ba\u015fkan\u0131 Memi\u015f K\u00fct\u00fckc\u00fc, Erzurum&#8217;un sanayi sekt\u00f6r\u00fcnde \u00f6nemli at\u0131l\u0131mlar yapt\u0131\u011f\u0131n\u0131 kaydederek, b\u00f6lge ekonomisi hakk\u0131nda de\u011ferlendirmelerde bulundu. K\u00fct\u00fckc\u00fc, Erzurum&#8217;da 3 organize sanayi b\u00f6lgesi bulundu\u011funu belirterek, bu b\u00f6lgelerin hem \u015fehir ekonomisine hem de istihdama \u00f6nemli katk\u0131lar sa\u011flad\u0131\u011f\u0131n\u0131 vurgulad\u0131. Erzurum&#8217;daki OSB&#8217;lerin \u00fcretim, yat\u0131r\u0131m ve istihdam anlam\u0131nda her ge\u00e7en y\u0131l b\u00fcy\u00fcd\u00fc\u011f\u00fcne dikkat \u00e7eken K\u00fct\u00fckc\u00fc, [&hellip;]<\/p>\n","protected":false},"author":1,"featured_media":5986,"comment_status":"open","ping_status":"open","sticky":false,"template":"","format":"standard","meta":{"footnotes":""},"categories":[48],"tags":[],"class_list":["post-5985","post","type-post","status-publish","format-standard","has-post-thumbnail","hentry","category-ekonomi"],"yoast_head":"<!-- This site is optimized with the Yoast SEO plugin v27.4 - https:\/\/yoast.com\/product\/yoast-seo-wordpress\/ -->\n<title>OSB\u00dcK Ba\u015fkan\u0131 Memi\u015f K\u00fct\u00fckc\u00fc: &quot;Erzurum&#039;da OSB&#039;ler b\u00fcy\u00fcyor, sanayi g\u00fc\u00e7leniyor&quot; - Memurun Sesi<\/title>\n<meta name=\"robots\" content=\"index, follow, max-snippet:-1, max-image-preview:large, max-video-preview:-1\" \/>\n<link rel=\"canonical\" href=\"https:\/\/memurunsesi.net\/index.php\/2025\/04\/27\/osbuk-baskani-memis-kutukcu-erzurumda-osbler-buyuyor-sanayi-gucleniyor\/\" \/>\n<meta property=\"og:locale\" content=\"tr_TR\" \/>\n<meta property=\"og:type\" content=\"article\" \/>\n<meta property=\"og:title\" content=\"OSB\u00dcK Ba\u015fkan\u0131 Memi\u015f K\u00fct\u00fckc\u00fc: &quot;Erzurum&#039;da OSB&#039;ler b\u00fcy\u00fcyor, sanayi g\u00fc\u00e7leniyor&quot; - Memurun Sesi\" \/>\n<meta property=\"og:description\" content=\"Organize Sanayi B\u00f6lgeleri \u00dcst Kurulu\u015fu (OSB\u00dcK) Ba\u015fkan\u0131 Memi\u015f K\u00fct\u00fckc\u00fc, Erzurum&#8217;un sanayi sekt\u00f6r\u00fcnde \u00f6nemli at\u0131l\u0131mlar yapt\u0131\u011f\u0131n\u0131 kaydederek, b\u00f6lge ekonomisi hakk\u0131nda de\u011ferlendirmelerde bulundu. K\u00fct\u00fckc\u00fc, Erzurum&#8217;da 3 organize sanayi b\u00f6lgesi bulundu\u011funu belirterek, bu b\u00f6lgelerin hem \u015fehir ekonomisine hem de istihdama \u00f6nemli katk\u0131lar sa\u011flad\u0131\u011f\u0131n\u0131 vurgulad\u0131. Erzurum&#8217;daki OSB&#8217;lerin \u00fcretim, yat\u0131r\u0131m ve istihdam anlam\u0131nda her ge\u00e7en y\u0131l b\u00fcy\u00fcd\u00fc\u011f\u00fcne dikkat \u00e7eken K\u00fct\u00fckc\u00fc, [&hellip;]\" \/>\n<meta property=\"og:url\" content=\"https:\/\/memurunsesi.net\/index.php\/2025\/04\/27\/osbuk-baskani-memis-kutukcu-erzurumda-osbler-buyuyor-sanayi-gucleniyor\/\" \/>\n<meta property=\"og:site_name\" content=\"Memurun Sesi\" \/>\n<meta property=\"article:publisher\" content=\"https:\/\/www.facebook.com\/unipersen\/?locale=tr_TR\" \/>\n<meta property=\"article:published_time\" content=\"2025-04-27T05:54:25+00:00\" \/>\n<meta property=\"og:image\" content=\"https:\/\/memurunsesi.net\/wp-content\/uploads\/2025\/04\/AW441910_01-scaled.jpg\" \/>\n\t<meta property=\"og:image:width\" content=\"2560\" \/>\n\t<meta property=\"og:image:height\" content=\"1441\" \/>\n\t<meta property=\"og:image:type\" content=\"image\/jpeg\" \/>\n<meta name=\"author\" content=\"Memurun Sesi Haber Merkezi\" \/>\n<meta name=\"twitter:card\" content=\"summary_large_image\" \/>\n<meta name=\"twitter:creator\" content=\"@unipersen\" \/>\n<meta name=\"twitter:site\" content=\"@unipersen\" \/>\n<meta name=\"twitter:label1\" content=\"Yazan:\" \/>\n\t<meta name=\"twitter:data1\" content=\"Memurun Sesi Haber Merkezi\" \/>\n\t<meta name=\"twitter:label2\" content=\"Tahmini okuma s\u00fcresi\" \/>\n\t<meta name=\"twitter:data2\" content=\"1 dakika\" \/>\n<script type=\"application\/ld+json\" class=\"yoast-schema-graph\">{\"@context\":\"https:\\\/\\\/schema.org\",\"@graph\":[{\"@type\":\"Article\",\"@id\":\"https:\\\/\\\/memurunsesi.net\\\/index.php\\\/2025\\\/04\\\/27\\\/osbuk-baskani-memis-kutukcu-erzurumda-osbler-buyuyor-sanayi-gucleniyor\\\/#article\",\"isPartOf\":{\"@id\":\"https:\\\/\\\/memurunsesi.net\\\/index.php\\\/2025\\\/04\\\/27\\\/osbuk-baskani-memis-kutukcu-erzurumda-osbler-buyuyor-sanayi-gucleniyor\\\/\"},\"author\":{\"name\":\"Memurun Sesi Haber Merkezi\",\"@id\":\"https:\\\/\\\/memurunsesi.net\\\/#\\\/schema\\\/person\\\/f21c2d73b89f6ee1d80b0a1803e38587\"},\"headline\":\"OSB\u00dcK Ba\u015fkan\u0131 Memi\u015f K\u00fct\u00fckc\u00fc: &#8220;Erzurum&#8217;da OSB&#8217;ler b\u00fcy\u00fcyor, sanayi g\u00fc\u00e7leniyor&#8221;\",\"datePublished\":\"2025-04-27T05:54:25+00:00\",\"mainEntityOfPage\":{\"@id\":\"https:\\\/\\\/memurunsesi.net\\\/index.php\\\/2025\\\/04\\\/27\\\/osbuk-baskani-memis-kutukcu-erzurumda-osbler-buyuyor-sanayi-gucleniyor\\\/\"},\"wordCount\":322,\"commentCount\":0,\"publisher\":{\"@id\":\"https:\\\/\\\/memurunsesi.net\\\/#organization\"},\"image\":{\"@id\":\"https:\\\/\\\/memurunsesi.net\\\/index.php\\\/2025\\\/04\\\/27\\\/osbuk-baskani-memis-kutukcu-erzurumda-osbler-buyuyor-sanayi-gucleniyor\\\/#primaryimage\"},\"thumbnailUrl\":\"https:\\\/\\\/memurunsesi.net\\\/wp-content\\\/uploads\\\/2025\\\/04\\\/AW441910_01-scaled.jpg\",\"articleSection\":[\"Ekonomi\"],\"inLanguage\":\"tr\",\"potentialAction\":[{\"@type\":\"CommentAction\",\"name\":\"Comment\",\"target\":[\"https:\\\/\\\/memurunsesi.net\\\/index.php\\\/2025\\\/04\\\/27\\\/osbuk-baskani-memis-kutukcu-erzurumda-osbler-buyuyor-sanayi-gucleniyor\\\/#respond\"]}]},{\"@type\":\"WebPage\",\"@id\":\"https:\\\/\\\/memurunsesi.net\\\/index.php\\\/2025\\\/04\\\/27\\\/osbuk-baskani-memis-kutukcu-erzurumda-osbler-buyuyor-sanayi-gucleniyor\\\/\",\"url\":\"https:\\\/\\\/memurunsesi.net\\\/index.php\\\/2025\\\/04\\\/27\\\/osbuk-baskani-memis-kutukcu-erzurumda-osbler-buyuyor-sanayi-gucleniyor\\\/\",\"name\":\"OSB\u00dcK Ba\u015fkan\u0131 Memi\u015f K\u00fct\u00fckc\u00fc: \\\"Erzurum'da OSB'ler b\u00fcy\u00fcyor, sanayi g\u00fc\u00e7leniyor\\\" - Memurun Sesi\",\"isPartOf\":{\"@id\":\"https:\\\/\\\/memurunsesi.net\\\/#website\"},\"primaryImageOfPage\":{\"@id\":\"https:\\\/\\\/memurunsesi.net\\\/index.php\\\/2025\\\/04\\\/27\\\/osbuk-baskani-memis-kutukcu-erzurumda-osbler-buyuyor-sanayi-gucleniyor\\\/#primaryimage\"},\"image\":{\"@id\":\"https:\\\/\\\/memurunsesi.net\\\/index.php\\\/2025\\\/04\\\/27\\\/osbuk-baskani-memis-kutukcu-erzurumda-osbler-buyuyor-sanayi-gucleniyor\\\/#primaryimage\"},\"thumbnailUrl\":\"https:\\\/\\\/memurunsesi.net\\\/wp-content\\\/uploads\\\/2025\\\/04\\\/AW441910_01-scaled.jpg\",\"datePublished\":\"2025-04-27T05:54:25+00:00\",\"breadcrumb\":{\"@id\":\"https:\\\/\\\/memurunsesi.net\\\/index.php\\\/2025\\\/04\\\/27\\\/osbuk-baskani-memis-kutukcu-erzurumda-osbler-buyuyor-sanayi-gucleniyor\\\/#breadcrumb\"},\"inLanguage\":\"tr\",\"potentialAction\":[{\"@type\":\"ReadAction\",\"target\":[\"https:\\\/\\\/memurunsesi.net\\\/index.php\\\/2025\\\/04\\\/27\\\/osbuk-baskani-memis-kutukcu-erzurumda-osbler-buyuyor-sanayi-gucleniyor\\\/\"]}]},{\"@type\":\"ImageObject\",\"inLanguage\":\"tr\",\"@id\":\"https:\\\/\\\/memurunsesi.net\\\/index.php\\\/2025\\\/04\\\/27\\\/osbuk-baskani-memis-kutukcu-erzurumda-osbler-buyuyor-sanayi-gucleniyor\\\/#primaryimage\",\"url\":\"https:\\\/\\\/memurunsesi.net\\\/wp-content\\\/uploads\\\/2025\\\/04\\\/AW441910_01-scaled.jpg\",\"contentUrl\":\"https:\\\/\\\/memurunsesi.net\\\/wp-content\\\/uploads\\\/2025\\\/04\\\/AW441910_01-scaled.jpg\",\"width\":2560,\"height\":1441,\"caption\":\"ORGAN\u0130ZE SANAY\u0130 B\u00d6LGELER\u0130 \u00dcST KURULU\u015eU (OSB\u00dcK) BA\u015eKANI MEM\u0130\u015e K\u00dcT\u00dcKC\u00dc (\u0130HA\\\/ERZURUM-\u0130HA) Organize Sanayi B\u00f6lgeleri \u00dcst Kurulu\u015fu (OSB\u00dcK) Ba\u015fkan\u0131 Memi\u015f K\u00fct\u00fckc\u00fc, Erzurum'un sanayi sekt\u00f6r\u00fcnde \u00f6nemli at\u0131l\u0131mlar yapt\u0131\u011f\u0131n\u0131 kaydederek, b\u00f6lge ekonomisi hakk\u0131nda de\u011ferlendirmelerde bulundu.\"},{\"@type\":\"BreadcrumbList\",\"@id\":\"https:\\\/\\\/memurunsesi.net\\\/index.php\\\/2025\\\/04\\\/27\\\/osbuk-baskani-memis-kutukcu-erzurumda-osbler-buyuyor-sanayi-gucleniyor\\\/#breadcrumb\",\"itemListElement\":[{\"@type\":\"ListItem\",\"position\":1,\"name\":\"Anasayfa\",\"item\":\"https:\\\/\\\/memurunsesi.net\\\/\"},{\"@type\":\"ListItem\",\"position\":2,\"name\":\"OSB\u00dcK Ba\u015fkan\u0131 Memi\u015f K\u00fct\u00fckc\u00fc: &#8220;Erzurum&#8217;da OSB&#8217;ler b\u00fcy\u00fcyor, sanayi g\u00fc\u00e7leniyor&#8221;\"}]},{\"@type\":\"WebSite\",\"@id\":\"https:\\\/\\\/memurunsesi.net\\\/#website\",\"url\":\"https:\\\/\\\/memurunsesi.net\\\/\",\"name\":\"Memurun Sesi\",\"description\":\"G\u00fcncel ve Do\u011fru Haber\",\"publisher\":{\"@id\":\"https:\\\/\\\/memurunsesi.net\\\/#organization\"},\"potentialAction\":[{\"@type\":\"SearchAction\",\"target\":{\"@type\":\"EntryPoint\",\"urlTemplate\":\"https:\\\/\\\/memurunsesi.net\\\/?s={search_term_string}\"},\"query-input\":{\"@type\":\"PropertyValueSpecification\",\"valueRequired\":true,\"valueName\":\"search_term_string\"}}],\"inLanguage\":\"tr\"},{\"@type\":\"Organization\",\"@id\":\"https:\\\/\\\/memurunsesi.net\\\/#organization\",\"name\":\"Memurun Sesi\",\"url\":\"https:\\\/\\\/memurunsesi.net\\\/\",\"logo\":{\"@type\":\"ImageObject\",\"inLanguage\":\"tr\",\"@id\":\"https:\\\/\\\/memurunsesi.net\\\/#\\\/schema\\\/logo\\\/image\\\/\",\"url\":\"https:\\\/\\\/memurunsesi.net\\\/wp-content\\\/uploads\\\/2025\\\/11\\\/cropped-MEMURUN-SESI.png\",\"contentUrl\":\"https:\\\/\\\/memurunsesi.net\\\/wp-content\\\/uploads\\\/2025\\\/11\\\/cropped-MEMURUN-SESI.png\",\"width\":238,\"height\":57,\"caption\":\"Memurun Sesi\"},\"image\":{\"@id\":\"https:\\\/\\\/memurunsesi.net\\\/#\\\/schema\\\/logo\\\/image\\\/\"},\"sameAs\":[\"https:\\\/\\\/www.facebook.com\\\/unipersen\\\/?locale=tr_TR\",\"https:\\\/\\\/x.com\\\/unipersen\"]},{\"@type\":\"Person\",\"@id\":\"https:\\\/\\\/memurunsesi.net\\\/#\\\/schema\\\/person\\\/f21c2d73b89f6ee1d80b0a1803e38587\",\"name\":\"Memurun Sesi Haber Merkezi\",\"image\":{\"@type\":\"ImageObject\",\"inLanguage\":\"tr\",\"@id\":\"https:\\\/\\\/secure.gravatar.com\\\/avatar\\\/6cf0505f452ee753f485014986fab09a434671d2b919ee76fc541025c5876a70?s=96&d=mm&r=g\",\"url\":\"https:\\\/\\\/secure.gravatar.com\\\/avatar\\\/6cf0505f452ee753f485014986fab09a434671d2b919ee76fc541025c5876a70?s=96&d=mm&r=g\",\"contentUrl\":\"https:\\\/\\\/secure.gravatar.com\\\/avatar\\\/6cf0505f452ee753f485014986fab09a434671d2b919ee76fc541025c5876a70?s=96&d=mm&r=g\",\"caption\":\"Memurun Sesi Haber Merkezi\"},\"sameAs\":[\"https:\\\/\\\/memurunsesi.net\"],\"url\":\"https:\\\/\\\/memurunsesi.net\\\/index.php\\\/author\\\/uniper\\\/\"}]}<\/script>\n<!-- \/ Yoast SEO plugin. -->","yoast_head_json":{"title":"OSB\u00dcK Ba\u015fkan\u0131 Memi\u015f K\u00fct\u00fckc\u00fc: \"Erzurum'da OSB'ler b\u00fcy\u00fcyor, sanayi g\u00fc\u00e7leniyor\" - Memurun Sesi","robots":{"index":"index","follow":"follow","max-snippet":"max-snippet:-1","max-image-preview":"max-image-preview:large","max-video-preview":"max-video-preview:-1"},"canonical":"https:\/\/memurunsesi.net\/index.php\/2025\/04\/27\/osbuk-baskani-memis-kutukcu-erzurumda-osbler-buyuyor-sanayi-gucleniyor\/","og_locale":"tr_TR","og_type":"article","og_title":"OSB\u00dcK Ba\u015fkan\u0131 Memi\u015f K\u00fct\u00fckc\u00fc: \"Erzurum'da OSB'ler b\u00fcy\u00fcyor, sanayi g\u00fc\u00e7leniyor\" - Memurun Sesi","og_description":"Organize Sanayi B\u00f6lgeleri \u00dcst Kurulu\u015fu (OSB\u00dcK) Ba\u015fkan\u0131 Memi\u015f K\u00fct\u00fckc\u00fc, Erzurum&#8217;un sanayi sekt\u00f6r\u00fcnde \u00f6nemli at\u0131l\u0131mlar yapt\u0131\u011f\u0131n\u0131 kaydederek, b\u00f6lge ekonomisi hakk\u0131nda de\u011ferlendirmelerde bulundu. K\u00fct\u00fckc\u00fc, Erzurum&#8217;da 3 organize sanayi b\u00f6lgesi bulundu\u011funu belirterek, bu b\u00f6lgelerin hem \u015fehir ekonomisine hem de istihdama \u00f6nemli katk\u0131lar sa\u011flad\u0131\u011f\u0131n\u0131 vurgulad\u0131. Erzurum&#8217;daki OSB&#8217;lerin \u00fcretim, yat\u0131r\u0131m ve istihdam anlam\u0131nda her ge\u00e7en y\u0131l b\u00fcy\u00fcd\u00fc\u011f\u00fcne dikkat \u00e7eken K\u00fct\u00fckc\u00fc, [&hellip;]","og_url":"https:\/\/memurunsesi.net\/index.php\/2025\/04\/27\/osbuk-baskani-memis-kutukcu-erzurumda-osbler-buyuyor-sanayi-gucleniyor\/","og_site_name":"Memurun Sesi","article_publisher":"https:\/\/www.facebook.com\/unipersen\/?locale=tr_TR","article_published_time":"2025-04-27T05:54:25+00:00","og_image":[{"width":2560,"height":1441,"url":"https:\/\/memurunsesi.net\/wp-content\/uploads\/2025\/04\/AW441910_01-scaled.jpg","type":"image\/jpeg"}],"author":"Memurun Sesi Haber Merkezi","twitter_card":"summary_large_image","twitter_creator":"@unipersen","twitter_site":"@unipersen","twitter_misc":{"Yazan:":"Memurun Sesi Haber Merkezi","Tahmini okuma s\u00fcresi":"1 dakika"},"schema":{"@context":"https:\/\/schema.org","@graph":[{"@type":"Article","@id":"https:\/\/memurunsesi.net\/index.php\/2025\/04\/27\/osbuk-baskani-memis-kutukcu-erzurumda-osbler-buyuyor-sanayi-gucleniyor\/#article","isPartOf":{"@id":"https:\/\/memurunsesi.net\/index.php\/2025\/04\/27\/osbuk-baskani-memis-kutukcu-erzurumda-osbler-buyuyor-sanayi-gucleniyor\/"},"author":{"name":"Memurun Sesi Haber Merkezi","@id":"https:\/\/memurunsesi.net\/#\/schema\/person\/f21c2d73b89f6ee1d80b0a1803e38587"},"headline":"OSB\u00dcK Ba\u015fkan\u0131 Memi\u015f K\u00fct\u00fckc\u00fc: &#8220;Erzurum&#8217;da OSB&#8217;ler b\u00fcy\u00fcyor, sanayi g\u00fc\u00e7leniyor&#8221;","datePublished":"2025-04-27T05:54:25+00:00","mainEntityOfPage":{"@id":"https:\/\/memurunsesi.net\/index.php\/2025\/04\/27\/osbuk-baskani-memis-kutukcu-erzurumda-osbler-buyuyor-sanayi-gucleniyor\/"},"wordCount":322,"commentCount":0,"publisher":{"@id":"https:\/\/memurunsesi.net\/#organization"},"image":{"@id":"https:\/\/memurunsesi.net\/index.php\/2025\/04\/27\/osbuk-baskani-memis-kutukcu-erzurumda-osbler-buyuyor-sanayi-gucleniyor\/#primaryimage"},"thumbnailUrl":"https:\/\/memurunsesi.net\/wp-content\/uploads\/2025\/04\/AW441910_01-scaled.jpg","articleSection":["Ekonomi"],"inLanguage":"tr","potentialAction":[{"@type":"CommentAction","name":"Comment","target":["https:\/\/memurunsesi.net\/index.php\/2025\/04\/27\/osbuk-baskani-memis-kutukcu-erzurumda-osbler-buyuyor-sanayi-gucleniyor\/#respond"]}]},{"@type":"WebPage","@id":"https:\/\/memurunsesi.net\/index.php\/2025\/04\/27\/osbuk-baskani-memis-kutukcu-erzurumda-osbler-buyuyor-sanayi-gucleniyor\/","url":"https:\/\/memurunsesi.net\/index.php\/2025\/04\/27\/osbuk-baskani-memis-kutukcu-erzurumda-osbler-buyuyor-sanayi-gucleniyor\/","name":"OSB\u00dcK Ba\u015fkan\u0131 Memi\u015f K\u00fct\u00fckc\u00fc: \"Erzurum'da OSB'ler b\u00fcy\u00fcyor, sanayi g\u00fc\u00e7leniyor\" - Memurun Sesi","isPartOf":{"@id":"https:\/\/memurunsesi.net\/#website"},"primaryImageOfPage":{"@id":"https:\/\/memurunsesi.net\/index.php\/2025\/04\/27\/osbuk-baskani-memis-kutukcu-erzurumda-osbler-buyuyor-sanayi-gucleniyor\/#primaryimage"},"image":{"@id":"https:\/\/memurunsesi.net\/index.php\/2025\/04\/27\/osbuk-baskani-memis-kutukcu-erzurumda-osbler-buyuyor-sanayi-gucleniyor\/#primaryimage"},"thumbnailUrl":"https:\/\/memurunsesi.net\/wp-content\/uploads\/2025\/04\/AW441910_01-scaled.jpg","datePublished":"2025-04-27T05:54:25+00:00","breadcrumb":{"@id":"https:\/\/memurunsesi.net\/index.php\/2025\/04\/27\/osbuk-baskani-memis-kutukcu-erzurumda-osbler-buyuyor-sanayi-gucleniyor\/#breadcrumb"},"inLanguage":"tr","potentialAction":[{"@type":"ReadAction","target":["https:\/\/memurunsesi.net\/index.php\/2025\/04\/27\/osbuk-baskani-memis-kutukcu-erzurumda-osbler-buyuyor-sanayi-gucleniyor\/"]}]},{"@type":"ImageObject","inLanguage":"tr","@id":"https:\/\/memurunsesi.net\/index.php\/2025\/04\/27\/osbuk-baskani-memis-kutukcu-erzurumda-osbler-buyuyor-sanayi-gucleniyor\/#primaryimage","url":"https:\/\/memurunsesi.net\/wp-content\/uploads\/2025\/04\/AW441910_01-scaled.jpg","contentUrl":"https:\/\/memurunsesi.net\/wp-content\/uploads\/2025\/04\/AW441910_01-scaled.jpg","width":2560,"height":1441,"caption":"ORGAN\u0130ZE SANAY\u0130 B\u00d6LGELER\u0130 \u00dcST KURULU\u015eU (OSB\u00dcK) BA\u015eKANI MEM\u0130\u015e K\u00dcT\u00dcKC\u00dc (\u0130HA\/ERZURUM-\u0130HA) Organize Sanayi B\u00f6lgeleri \u00dcst Kurulu\u015fu (OSB\u00dcK) Ba\u015fkan\u0131 Memi\u015f K\u00fct\u00fckc\u00fc, Erzurum'un sanayi sekt\u00f6r\u00fcnde \u00f6nemli at\u0131l\u0131mlar yapt\u0131\u011f\u0131n\u0131 kaydederek, b\u00f6lge ekonomisi hakk\u0131nda de\u011ferlendirmelerde bulundu."},{"@type":"BreadcrumbList","@id":"https:\/\/memurunsesi.net\/index.php\/2025\/04\/27\/osbuk-baskani-memis-kutukcu-erzurumda-osbler-buyuyor-sanayi-gucleniyor\/#breadcrumb","itemListElement":[{"@type":"ListItem","position":1,"name":"Anasayfa","item":"https:\/\/memurunsesi.net\/"},{"@type":"ListItem","position":2,"name":"OSB\u00dcK Ba\u015fkan\u0131 Memi\u015f K\u00fct\u00fckc\u00fc: &#8220;Erzurum&#8217;da OSB&#8217;ler b\u00fcy\u00fcyor, sanayi g\u00fc\u00e7leniyor&#8221;"}]},{"@type":"WebSite","@id":"https:\/\/memurunsesi.net\/#website","url":"https:\/\/memurunsesi.net\/","name":"Memurun Sesi","description":"G\u00fcncel ve Do\u011fru Haber","publisher":{"@id":"https:\/\/memurunsesi.net\/#organization"},"potentialAction":[{"@type":"SearchAction","target":{"@type":"EntryPoint","urlTemplate":"https:\/\/memurunsesi.net\/?s={search_term_string}"},"query-input":{"@type":"PropertyValueSpecification","valueRequired":true,"valueName":"search_term_string"}}],"inLanguage":"tr"},{"@type":"Organization","@id":"https:\/\/memurunsesi.net\/#organization","name":"Memurun Sesi","url":"https:\/\/memurunsesi.net\/","logo":{"@type":"ImageObject","inLanguage":"tr","@id":"https:\/\/memurunsesi.net\/#\/schema\/logo\/image\/","url":"https:\/\/memurunsesi.net\/wp-content\/uploads\/2025\/11\/cropped-MEMURUN-SESI.png","contentUrl":"https:\/\/memurunsesi.net\/wp-content\/uploads\/2025\/11\/cropped-MEMURUN-SESI.png","width":238,"height":57,"caption":"Memurun Sesi"},"image":{"@id":"https:\/\/memurunsesi.net\/#\/schema\/logo\/image\/"},"sameAs":["https:\/\/www.facebook.com\/unipersen\/?locale=tr_TR","https:\/\/x.com\/unipersen"]},{"@type":"Person","@id":"https:\/\/memurunsesi.net\/#\/schema\/person\/f21c2d73b89f6ee1d80b0a1803e38587","name":"Memurun Sesi Haber Merkezi","image":{"@type":"ImageObject","inLanguage":"tr","@id":"https:\/\/secure.gravatar.com\/avatar\/6cf0505f452ee753f485014986fab09a434671d2b919ee76fc541025c5876a70?s=96&d=mm&r=g","url":"https:\/\/secure.gravatar.com\/avatar\/6cf0505f452ee753f485014986fab09a434671d2b919ee76fc541025c5876a70?s=96&d=mm&r=g","contentUrl":"https:\/\/secure.gravatar.com\/avatar\/6cf0505f452ee753f485014986fab09a434671d2b919ee76fc541025c5876a70?s=96&d=mm&r=g","caption":"Memurun Sesi Haber Merkezi"},"sameAs":["https:\/\/memurunsesi.net"],"url":"https:\/\/memurunsesi.net\/index.php\/author\/uniper\/"}]}},"_links":{"self":[{"href":"https:\/\/memurunsesi.net\/index.php\/wp-json\/wp\/v2\/posts\/5985","targetHints":{"allow":["GET"]}}],"collection":[{"href":"https:\/\/memurunsesi.net\/index.php\/wp-json\/wp\/v2\/posts"}],"about":[{"href":"https:\/\/memurunsesi.net\/index.php\/wp-json\/wp\/v2\/types\/post"}],"author":[{"embeddable":true,"href":"https:\/\/memurunsesi.net\/index.php\/wp-json\/wp\/v2\/users\/1"}],"replies":[{"embeddable":true,"href":"https:\/\/memurunsesi.net\/index.php\/wp-json\/wp\/v2\/comments?post=5985"}],"version-history":[{"count":1,"href":"https:\/\/memurunsesi.net\/index.php\/wp-json\/wp\/v2\/posts\/5985\/revisions"}],"predecessor-version":[{"id":5987,"href":"https:\/\/memurunsesi.net\/index.php\/wp-json\/wp\/v2\/posts\/5985\/revisions\/5987"}],"wp:featuredmedia":[{"embeddable":true,"href":"https:\/\/memurunsesi.net\/index.php\/wp-json\/wp\/v2\/media\/5986"}],"wp:attachment":[{"href":"https:\/\/memurunsesi.net\/index.php\/wp-json\/wp\/v2\/media?parent=5985"}],"wp:term":[{"taxonomy":"category","embeddable":true,"href":"https:\/\/memurunsesi.net\/index.php\/wp-json\/wp\/v2\/categories?post=5985"},{"taxonomy":"post_tag","embeddable":true,"href":"https:\/\/memurunsesi.net\/index.php\/wp-json\/wp\/v2\/tags?post=5985"}],"curies":[{"name":"wp","href":"https:\/\/api.w.org\/{rel}","templated":true}]}}