{"id":5989,"date":"2025-04-27T08:56:07","date_gmt":"2025-04-27T05:56:07","guid":{"rendered":"https:\/\/memurunsesi.net\/?p=5989"},"modified":"2025-04-27T08:56:07","modified_gmt":"2025-04-27T05:56:07","slug":"mahalleyi-koku-sardi-ekipler-alarma-gecti","status":"publish","type":"post","link":"https:\/\/memurunsesi.net\/index.php\/2025\/04\/27\/mahalleyi-koku-sardi-ekipler-alarma-gecti\/","title":{"rendered":"Mahalleyi koku sard\u0131, ekipler alarma ge\u00e7ti"},"content":{"rendered":"<p>  &#8211; Ad\u0131m ad\u0131m takip edilerek kokunun kayna\u011f\u0131n\u0131n fabrikadaki akrilat malzemesi oldu\u011fu \u00f6\u011frenildi <\/p>\n<p> Kocaeli&#8217;de g\u00fcnd\u00fcz saatlerinde mahalleyi saran koku i\u00e7in ekipler seferber oldu. Ad\u0131m ad\u0131m iz takip edilerek kokunun bir fabrikadaki akrilat malzemesinin reaksiyon ge\u00e7irmesinden kaynakland\u0131\u011f\u0131 tespit edildi.<br \/>\n  Olay, Ba\u015fiskele Vezir\u00e7iftli\u011fi b\u00f6lgesinde meydana geldi. G\u00fcnd\u00fcz saatlerinde mahalleyi keskin bir koku sard\u0131. Kimyasal oldu\u011fu zannedilen koku i\u00e7in mahalle muhtar\u0131 ve vatanda\u015flar ekiplere haber verdi. K\u0131sa s\u00fcrede olay yerine AFAD ile \u00c7evre \u015eehircilik \u0130l M\u00fcd\u00fcrl\u00fc\u011f\u00fc ekipleri sevk edildi. Ekipler \u00f6l\u00e7\u00fcmler yaparken, kokunun kayna\u011f\u0131 yakla\u015f\u0131k 7 saat sonra ad\u0131m ad\u0131m takip edilerek bulundu. Kapal\u0131 haldeki bir fabrikada akrilat malzemesinin reaksiyon ge\u00e7irdi\u011fi belirlendi. Olay yerine itfaiye, sa\u011fl\u0131k ve polis ekipleri de sevk edildi. Baz\u0131 vatanda\u015flar\u0131n kokudan etkilendi\u011fi belirlendi. Olayla ilgili konu\u015fan mahalle muhtar\u0131, &#8220;Yakla\u015f\u0131k 7 saat \u00f6nce kokuyla alakal\u0131 100 vatanda\u015f\u0131m\u0131zdan \u015fikayet ald\u0131k. Ben de hemen ekiplere bildirdim. Ekipler yapt\u0131klar\u0131 incelemede fabrikada akrilat isimli malzemenin reaksiyona girdi\u011fini belirlediler.&#8221; dedi.<br \/>\n  Olayla ilgili inceleme ba\u015flat\u0131ld\u0131 <\/p>\n<p>27.04.2025                             <\/p>\n","protected":false},"excerpt":{"rendered":"<p>&#8211; Ad\u0131m ad\u0131m takip edilerek kokunun kayna\u011f\u0131n\u0131n fabrikadaki akrilat malzemesi oldu\u011fu \u00f6\u011frenildi Kocaeli&#8217;de g\u00fcnd\u00fcz saatlerinde mahalleyi saran koku i\u00e7in ekipler seferber oldu. Ad\u0131m ad\u0131m iz takip edilerek kokunun bir fabrikadaki akrilat malzemesinin reaksiyon ge\u00e7irmesinden kaynakland\u0131\u011f\u0131 tespit edildi. Olay, Ba\u015fiskele Vezir\u00e7iftli\u011fi b\u00f6lgesinde meydana geldi. G\u00fcnd\u00fcz saatlerinde mahalleyi keskin bir koku sard\u0131. Kimyasal oldu\u011fu zannedilen koku i\u00e7in [&hellip;]<\/p>\n","protected":false},"author":1,"featured_media":5990,"comment_status":"open","ping_status":"open","sticky":false,"template":"","format":"standard","meta":{"footnotes":""},"categories":[50],"tags":[],"class_list":["post-5989","post","type-post","status-publish","format-standard","has-post-thumbnail","hentry","category-tum-haberler"],"yoast_head":"<!-- This site is optimized with the Yoast SEO plugin v27.4 - https:\/\/yoast.com\/product\/yoast-seo-wordpress\/ -->\n<title>Mahalleyi koku sard\u0131, ekipler alarma ge\u00e7ti - Memurun Sesi<\/title>\n<meta name=\"robots\" content=\"index, follow, max-snippet:-1, max-image-preview:large, max-video-preview:-1\" \/>\n<link rel=\"canonical\" href=\"https:\/\/memurunsesi.net\/index.php\/2025\/04\/27\/mahalleyi-koku-sardi-ekipler-alarma-gecti\/\" \/>\n<meta property=\"og:locale\" content=\"tr_TR\" \/>\n<meta property=\"og:type\" content=\"article\" \/>\n<meta property=\"og:title\" content=\"Mahalleyi koku sard\u0131, ekipler alarma ge\u00e7ti - Memurun Sesi\" \/>\n<meta property=\"og:description\" content=\"&#8211; Ad\u0131m ad\u0131m takip edilerek kokunun kayna\u011f\u0131n\u0131n fabrikadaki akrilat malzemesi oldu\u011fu \u00f6\u011frenildi Kocaeli&#8217;de g\u00fcnd\u00fcz saatlerinde mahalleyi saran koku i\u00e7in ekipler seferber oldu. Ad\u0131m ad\u0131m iz takip edilerek kokunun bir fabrikadaki akrilat malzemesinin reaksiyon ge\u00e7irmesinden kaynakland\u0131\u011f\u0131 tespit edildi. Olay, Ba\u015fiskele Vezir\u00e7iftli\u011fi b\u00f6lgesinde meydana geldi. G\u00fcnd\u00fcz saatlerinde mahalleyi keskin bir koku sard\u0131. Kimyasal oldu\u011fu zannedilen koku i\u00e7in [&hellip;]\" \/>\n<meta property=\"og:url\" content=\"https:\/\/memurunsesi.net\/index.php\/2025\/04\/27\/mahalleyi-koku-sardi-ekipler-alarma-gecti\/\" \/>\n<meta property=\"og:site_name\" content=\"Memurun Sesi\" \/>\n<meta property=\"article:publisher\" content=\"https:\/\/www.facebook.com\/unipersen\/?locale=tr_TR\" \/>\n<meta property=\"article:published_time\" content=\"2025-04-27T05:56:07+00:00\" \/>\n<meta property=\"og:image\" content=\"https:\/\/memurunsesi.net\/wp-content\/uploads\/2025\/04\/AW441904_01-scaled.jpg\" \/>\n\t<meta property=\"og:image:width\" content=\"2560\" \/>\n\t<meta property=\"og:image:height\" content=\"1920\" \/>\n\t<meta property=\"og:image:type\" content=\"image\/jpeg\" \/>\n<meta name=\"author\" content=\"Memurun Sesi Haber Merkezi\" \/>\n<meta name=\"twitter:card\" content=\"summary_large_image\" \/>\n<meta name=\"twitter:creator\" content=\"@unipersen\" \/>\n<meta name=\"twitter:site\" content=\"@unipersen\" \/>\n<meta name=\"twitter:label1\" content=\"Yazan:\" \/>\n\t<meta name=\"twitter:data1\" content=\"Memurun Sesi Haber Merkezi\" \/>\n\t<meta name=\"twitter:label2\" content=\"Tahmini okuma s\u00fcresi\" \/>\n\t<meta name=\"twitter:data2\" content=\"1 dakika\" \/>\n<script type=\"application\/ld+json\" class=\"yoast-schema-graph\">{\"@context\":\"https:\\\/\\\/schema.org\",\"@graph\":[{\"@type\":\"Article\",\"@id\":\"https:\\\/\\\/memurunsesi.net\\\/index.php\\\/2025\\\/04\\\/27\\\/mahalleyi-koku-sardi-ekipler-alarma-gecti\\\/#article\",\"isPartOf\":{\"@id\":\"https:\\\/\\\/memurunsesi.net\\\/index.php\\\/2025\\\/04\\\/27\\\/mahalleyi-koku-sardi-ekipler-alarma-gecti\\\/\"},\"author\":{\"name\":\"Memurun Sesi Haber Merkezi\",\"@id\":\"https:\\\/\\\/memurunsesi.net\\\/#\\\/schema\\\/person\\\/f21c2d73b89f6ee1d80b0a1803e38587\"},\"headline\":\"Mahalleyi koku sard\u0131, ekipler alarma ge\u00e7ti\",\"datePublished\":\"2025-04-27T05:56:07+00:00\",\"mainEntityOfPage\":{\"@id\":\"https:\\\/\\\/memurunsesi.net\\\/index.php\\\/2025\\\/04\\\/27\\\/mahalleyi-koku-sardi-ekipler-alarma-gecti\\\/\"},\"wordCount\":197,\"commentCount\":0,\"publisher\":{\"@id\":\"https:\\\/\\\/memurunsesi.net\\\/#organization\"},\"image\":{\"@id\":\"https:\\\/\\\/memurunsesi.net\\\/index.php\\\/2025\\\/04\\\/27\\\/mahalleyi-koku-sardi-ekipler-alarma-gecti\\\/#primaryimage\"},\"thumbnailUrl\":\"https:\\\/\\\/memurunsesi.net\\\/wp-content\\\/uploads\\\/2025\\\/04\\\/AW441904_01-scaled.jpg\",\"articleSection\":[\"T\u00fcm Haberler\"],\"inLanguage\":\"tr\",\"potentialAction\":[{\"@type\":\"CommentAction\",\"name\":\"Comment\",\"target\":[\"https:\\\/\\\/memurunsesi.net\\\/index.php\\\/2025\\\/04\\\/27\\\/mahalleyi-koku-sardi-ekipler-alarma-gecti\\\/#respond\"]}]},{\"@type\":\"WebPage\",\"@id\":\"https:\\\/\\\/memurunsesi.net\\\/index.php\\\/2025\\\/04\\\/27\\\/mahalleyi-koku-sardi-ekipler-alarma-gecti\\\/\",\"url\":\"https:\\\/\\\/memurunsesi.net\\\/index.php\\\/2025\\\/04\\\/27\\\/mahalleyi-koku-sardi-ekipler-alarma-gecti\\\/\",\"name\":\"Mahalleyi koku sard\u0131, ekipler alarma ge\u00e7ti - Memurun Sesi\",\"isPartOf\":{\"@id\":\"https:\\\/\\\/memurunsesi.net\\\/#website\"},\"primaryImageOfPage\":{\"@id\":\"https:\\\/\\\/memurunsesi.net\\\/index.php\\\/2025\\\/04\\\/27\\\/mahalleyi-koku-sardi-ekipler-alarma-gecti\\\/#primaryimage\"},\"image\":{\"@id\":\"https:\\\/\\\/memurunsesi.net\\\/index.php\\\/2025\\\/04\\\/27\\\/mahalleyi-koku-sardi-ekipler-alarma-gecti\\\/#primaryimage\"},\"thumbnailUrl\":\"https:\\\/\\\/memurunsesi.net\\\/wp-content\\\/uploads\\\/2025\\\/04\\\/AW441904_01-scaled.jpg\",\"datePublished\":\"2025-04-27T05:56:07+00:00\",\"breadcrumb\":{\"@id\":\"https:\\\/\\\/memurunsesi.net\\\/index.php\\\/2025\\\/04\\\/27\\\/mahalleyi-koku-sardi-ekipler-alarma-gecti\\\/#breadcrumb\"},\"inLanguage\":\"tr\",\"potentialAction\":[{\"@type\":\"ReadAction\",\"target\":[\"https:\\\/\\\/memurunsesi.net\\\/index.php\\\/2025\\\/04\\\/27\\\/mahalleyi-koku-sardi-ekipler-alarma-gecti\\\/\"]}]},{\"@type\":\"ImageObject\",\"inLanguage\":\"tr\",\"@id\":\"https:\\\/\\\/memurunsesi.net\\\/index.php\\\/2025\\\/04\\\/27\\\/mahalleyi-koku-sardi-ekipler-alarma-gecti\\\/#primaryimage\",\"url\":\"https:\\\/\\\/memurunsesi.net\\\/wp-content\\\/uploads\\\/2025\\\/04\\\/AW441904_01-scaled.jpg\",\"contentUrl\":\"https:\\\/\\\/memurunsesi.net\\\/wp-content\\\/uploads\\\/2025\\\/04\\\/AW441904_01-scaled.jpg\",\"width\":2560,\"height\":1920,\"caption\":\"KOCAEL\u0130'DE G\u00dcND\u00dcZ SAATLER\u0130NDE MAHALLEY\u0130 SARAN KOKU \u0130\u00c7\u0130N EK\u0130PLER SEFERBER OLDU. ADIM ADIM \u0130Z TAK\u0130P ED\u0130LEREK KOKUNUN KAYNA\u011eINA ULA\u015eILDI. (C\u0130HAN AT\u0130K - OSMAN AYAYDIN\\\/KOCAEL\u0130-\u0130HA) Kocaeli'de g\u00fcnd\u00fcz saatlerinde mahalleyi saran koku i\u00e7in ekipler seferber oldu. Ad\u0131m ad\u0131m iz takip edilerek kokunun bir fabrikadaki akrilat malzemesinin reaksiyon ge\u00e7irmesinden kaynakland\u0131\u011f\u0131 tespit edildi.\"},{\"@type\":\"BreadcrumbList\",\"@id\":\"https:\\\/\\\/memurunsesi.net\\\/index.php\\\/2025\\\/04\\\/27\\\/mahalleyi-koku-sardi-ekipler-alarma-gecti\\\/#breadcrumb\",\"itemListElement\":[{\"@type\":\"ListItem\",\"position\":1,\"name\":\"Anasayfa\",\"item\":\"https:\\\/\\\/memurunsesi.net\\\/\"},{\"@type\":\"ListItem\",\"position\":2,\"name\":\"Mahalleyi koku sard\u0131, ekipler alarma ge\u00e7ti\"}]},{\"@type\":\"WebSite\",\"@id\":\"https:\\\/\\\/memurunsesi.net\\\/#website\",\"url\":\"https:\\\/\\\/memurunsesi.net\\\/\",\"name\":\"Memurun Sesi\",\"description\":\"G\u00fcncel ve Do\u011fru Haber\",\"publisher\":{\"@id\":\"https:\\\/\\\/memurunsesi.net\\\/#organization\"},\"potentialAction\":[{\"@type\":\"SearchAction\",\"target\":{\"@type\":\"EntryPoint\",\"urlTemplate\":\"https:\\\/\\\/memurunsesi.net\\\/?s={search_term_string}\"},\"query-input\":{\"@type\":\"PropertyValueSpecification\",\"valueRequired\":true,\"valueName\":\"search_term_string\"}}],\"inLanguage\":\"tr\"},{\"@type\":\"Organization\",\"@id\":\"https:\\\/\\\/memurunsesi.net\\\/#organization\",\"name\":\"Memurun Sesi\",\"url\":\"https:\\\/\\\/memurunsesi.net\\\/\",\"logo\":{\"@type\":\"ImageObject\",\"inLanguage\":\"tr\",\"@id\":\"https:\\\/\\\/memurunsesi.net\\\/#\\\/schema\\\/logo\\\/image\\\/\",\"url\":\"https:\\\/\\\/memurunsesi.net\\\/wp-content\\\/uploads\\\/2025\\\/11\\\/cropped-MEMURUN-SESI.png\",\"contentUrl\":\"https:\\\/\\\/memurunsesi.net\\\/wp-content\\\/uploads\\\/2025\\\/11\\\/cropped-MEMURUN-SESI.png\",\"width\":238,\"height\":57,\"caption\":\"Memurun Sesi\"},\"image\":{\"@id\":\"https:\\\/\\\/memurunsesi.net\\\/#\\\/schema\\\/logo\\\/image\\\/\"},\"sameAs\":[\"https:\\\/\\\/www.facebook.com\\\/unipersen\\\/?locale=tr_TR\",\"https:\\\/\\\/x.com\\\/unipersen\"]},{\"@type\":\"Person\",\"@id\":\"https:\\\/\\\/memurunsesi.net\\\/#\\\/schema\\\/person\\\/f21c2d73b89f6ee1d80b0a1803e38587\",\"name\":\"Memurun Sesi Haber Merkezi\",\"image\":{\"@type\":\"ImageObject\",\"inLanguage\":\"tr\",\"@id\":\"https:\\\/\\\/secure.gravatar.com\\\/avatar\\\/6cf0505f452ee753f485014986fab09a434671d2b919ee76fc541025c5876a70?s=96&d=mm&r=g\",\"url\":\"https:\\\/\\\/secure.gravatar.com\\\/avatar\\\/6cf0505f452ee753f485014986fab09a434671d2b919ee76fc541025c5876a70?s=96&d=mm&r=g\",\"contentUrl\":\"https:\\\/\\\/secure.gravatar.com\\\/avatar\\\/6cf0505f452ee753f485014986fab09a434671d2b919ee76fc541025c5876a70?s=96&d=mm&r=g\",\"caption\":\"Memurun Sesi Haber Merkezi\"},\"sameAs\":[\"https:\\\/\\\/memurunsesi.net\"],\"url\":\"https:\\\/\\\/memurunsesi.net\\\/index.php\\\/author\\\/uniper\\\/\"}]}<\/script>\n<!-- \/ Yoast SEO plugin. -->","yoast_head_json":{"title":"Mahalleyi koku sard\u0131, ekipler alarma ge\u00e7ti - Memurun Sesi","robots":{"index":"index","follow":"follow","max-snippet":"max-snippet:-1","max-image-preview":"max-image-preview:large","max-video-preview":"max-video-preview:-1"},"canonical":"https:\/\/memurunsesi.net\/index.php\/2025\/04\/27\/mahalleyi-koku-sardi-ekipler-alarma-gecti\/","og_locale":"tr_TR","og_type":"article","og_title":"Mahalleyi koku sard\u0131, ekipler alarma ge\u00e7ti - Memurun Sesi","og_description":"&#8211; Ad\u0131m ad\u0131m takip edilerek kokunun kayna\u011f\u0131n\u0131n fabrikadaki akrilat malzemesi oldu\u011fu \u00f6\u011frenildi Kocaeli&#8217;de g\u00fcnd\u00fcz saatlerinde mahalleyi saran koku i\u00e7in ekipler seferber oldu. Ad\u0131m ad\u0131m iz takip edilerek kokunun bir fabrikadaki akrilat malzemesinin reaksiyon ge\u00e7irmesinden kaynakland\u0131\u011f\u0131 tespit edildi. Olay, Ba\u015fiskele Vezir\u00e7iftli\u011fi b\u00f6lgesinde meydana geldi. G\u00fcnd\u00fcz saatlerinde mahalleyi keskin bir koku sard\u0131. Kimyasal oldu\u011fu zannedilen koku i\u00e7in [&hellip;]","og_url":"https:\/\/memurunsesi.net\/index.php\/2025\/04\/27\/mahalleyi-koku-sardi-ekipler-alarma-gecti\/","og_site_name":"Memurun Sesi","article_publisher":"https:\/\/www.facebook.com\/unipersen\/?locale=tr_TR","article_published_time":"2025-04-27T05:56:07+00:00","og_image":[{"width":2560,"height":1920,"url":"https:\/\/memurunsesi.net\/wp-content\/uploads\/2025\/04\/AW441904_01-scaled.jpg","type":"image\/jpeg"}],"author":"Memurun Sesi Haber Merkezi","twitter_card":"summary_large_image","twitter_creator":"@unipersen","twitter_site":"@unipersen","twitter_misc":{"Yazan:":"Memurun Sesi Haber Merkezi","Tahmini okuma s\u00fcresi":"1 dakika"},"schema":{"@context":"https:\/\/schema.org","@graph":[{"@type":"Article","@id":"https:\/\/memurunsesi.net\/index.php\/2025\/04\/27\/mahalleyi-koku-sardi-ekipler-alarma-gecti\/#article","isPartOf":{"@id":"https:\/\/memurunsesi.net\/index.php\/2025\/04\/27\/mahalleyi-koku-sardi-ekipler-alarma-gecti\/"},"author":{"name":"Memurun Sesi Haber Merkezi","@id":"https:\/\/memurunsesi.net\/#\/schema\/person\/f21c2d73b89f6ee1d80b0a1803e38587"},"headline":"Mahalleyi koku sard\u0131, ekipler alarma ge\u00e7ti","datePublished":"2025-04-27T05:56:07+00:00","mainEntityOfPage":{"@id":"https:\/\/memurunsesi.net\/index.php\/2025\/04\/27\/mahalleyi-koku-sardi-ekipler-alarma-gecti\/"},"wordCount":197,"commentCount":0,"publisher":{"@id":"https:\/\/memurunsesi.net\/#organization"},"image":{"@id":"https:\/\/memurunsesi.net\/index.php\/2025\/04\/27\/mahalleyi-koku-sardi-ekipler-alarma-gecti\/#primaryimage"},"thumbnailUrl":"https:\/\/memurunsesi.net\/wp-content\/uploads\/2025\/04\/AW441904_01-scaled.jpg","articleSection":["T\u00fcm Haberler"],"inLanguage":"tr","potentialAction":[{"@type":"CommentAction","name":"Comment","target":["https:\/\/memurunsesi.net\/index.php\/2025\/04\/27\/mahalleyi-koku-sardi-ekipler-alarma-gecti\/#respond"]}]},{"@type":"WebPage","@id":"https:\/\/memurunsesi.net\/index.php\/2025\/04\/27\/mahalleyi-koku-sardi-ekipler-alarma-gecti\/","url":"https:\/\/memurunsesi.net\/index.php\/2025\/04\/27\/mahalleyi-koku-sardi-ekipler-alarma-gecti\/","name":"Mahalleyi koku sard\u0131, ekipler alarma ge\u00e7ti - Memurun Sesi","isPartOf":{"@id":"https:\/\/memurunsesi.net\/#website"},"primaryImageOfPage":{"@id":"https:\/\/memurunsesi.net\/index.php\/2025\/04\/27\/mahalleyi-koku-sardi-ekipler-alarma-gecti\/#primaryimage"},"image":{"@id":"https:\/\/memurunsesi.net\/index.php\/2025\/04\/27\/mahalleyi-koku-sardi-ekipler-alarma-gecti\/#primaryimage"},"thumbnailUrl":"https:\/\/memurunsesi.net\/wp-content\/uploads\/2025\/04\/AW441904_01-scaled.jpg","datePublished":"2025-04-27T05:56:07+00:00","breadcrumb":{"@id":"https:\/\/memurunsesi.net\/index.php\/2025\/04\/27\/mahalleyi-koku-sardi-ekipler-alarma-gecti\/#breadcrumb"},"inLanguage":"tr","potentialAction":[{"@type":"ReadAction","target":["https:\/\/memurunsesi.net\/index.php\/2025\/04\/27\/mahalleyi-koku-sardi-ekipler-alarma-gecti\/"]}]},{"@type":"ImageObject","inLanguage":"tr","@id":"https:\/\/memurunsesi.net\/index.php\/2025\/04\/27\/mahalleyi-koku-sardi-ekipler-alarma-gecti\/#primaryimage","url":"https:\/\/memurunsesi.net\/wp-content\/uploads\/2025\/04\/AW441904_01-scaled.jpg","contentUrl":"https:\/\/memurunsesi.net\/wp-content\/uploads\/2025\/04\/AW441904_01-scaled.jpg","width":2560,"height":1920,"caption":"KOCAEL\u0130'DE G\u00dcND\u00dcZ SAATLER\u0130NDE MAHALLEY\u0130 SARAN KOKU \u0130\u00c7\u0130N EK\u0130PLER SEFERBER OLDU. ADIM ADIM \u0130Z TAK\u0130P ED\u0130LEREK KOKUNUN KAYNA\u011eINA ULA\u015eILDI. (C\u0130HAN AT\u0130K - OSMAN AYAYDIN\/KOCAEL\u0130-\u0130HA) Kocaeli'de g\u00fcnd\u00fcz saatlerinde mahalleyi saran koku i\u00e7in ekipler seferber oldu. Ad\u0131m ad\u0131m iz takip edilerek kokunun bir fabrikadaki akrilat malzemesinin reaksiyon ge\u00e7irmesinden kaynakland\u0131\u011f\u0131 tespit edildi."},{"@type":"BreadcrumbList","@id":"https:\/\/memurunsesi.net\/index.php\/2025\/04\/27\/mahalleyi-koku-sardi-ekipler-alarma-gecti\/#breadcrumb","itemListElement":[{"@type":"ListItem","position":1,"name":"Anasayfa","item":"https:\/\/memurunsesi.net\/"},{"@type":"ListItem","position":2,"name":"Mahalleyi koku sard\u0131, ekipler alarma ge\u00e7ti"}]},{"@type":"WebSite","@id":"https:\/\/memurunsesi.net\/#website","url":"https:\/\/memurunsesi.net\/","name":"Memurun Sesi","description":"G\u00fcncel ve Do\u011fru Haber","publisher":{"@id":"https:\/\/memurunsesi.net\/#organization"},"potentialAction":[{"@type":"SearchAction","target":{"@type":"EntryPoint","urlTemplate":"https:\/\/memurunsesi.net\/?s={search_term_string}"},"query-input":{"@type":"PropertyValueSpecification","valueRequired":true,"valueName":"search_term_string"}}],"inLanguage":"tr"},{"@type":"Organization","@id":"https:\/\/memurunsesi.net\/#organization","name":"Memurun Sesi","url":"https:\/\/memurunsesi.net\/","logo":{"@type":"ImageObject","inLanguage":"tr","@id":"https:\/\/memurunsesi.net\/#\/schema\/logo\/image\/","url":"https:\/\/memurunsesi.net\/wp-content\/uploads\/2025\/11\/cropped-MEMURUN-SESI.png","contentUrl":"https:\/\/memurunsesi.net\/wp-content\/uploads\/2025\/11\/cropped-MEMURUN-SESI.png","width":238,"height":57,"caption":"Memurun Sesi"},"image":{"@id":"https:\/\/memurunsesi.net\/#\/schema\/logo\/image\/"},"sameAs":["https:\/\/www.facebook.com\/unipersen\/?locale=tr_TR","https:\/\/x.com\/unipersen"]},{"@type":"Person","@id":"https:\/\/memurunsesi.net\/#\/schema\/person\/f21c2d73b89f6ee1d80b0a1803e38587","name":"Memurun Sesi Haber Merkezi","image":{"@type":"ImageObject","inLanguage":"tr","@id":"https:\/\/secure.gravatar.com\/avatar\/6cf0505f452ee753f485014986fab09a434671d2b919ee76fc541025c5876a70?s=96&d=mm&r=g","url":"https:\/\/secure.gravatar.com\/avatar\/6cf0505f452ee753f485014986fab09a434671d2b919ee76fc541025c5876a70?s=96&d=mm&r=g","contentUrl":"https:\/\/secure.gravatar.com\/avatar\/6cf0505f452ee753f485014986fab09a434671d2b919ee76fc541025c5876a70?s=96&d=mm&r=g","caption":"Memurun Sesi Haber Merkezi"},"sameAs":["https:\/\/memurunsesi.net"],"url":"https:\/\/memurunsesi.net\/index.php\/author\/uniper\/"}]}},"_links":{"self":[{"href":"https:\/\/memurunsesi.net\/index.php\/wp-json\/wp\/v2\/posts\/5989","targetHints":{"allow":["GET"]}}],"collection":[{"href":"https:\/\/memurunsesi.net\/index.php\/wp-json\/wp\/v2\/posts"}],"about":[{"href":"https:\/\/memurunsesi.net\/index.php\/wp-json\/wp\/v2\/types\/post"}],"author":[{"embeddable":true,"href":"https:\/\/memurunsesi.net\/index.php\/wp-json\/wp\/v2\/users\/1"}],"replies":[{"embeddable":true,"href":"https:\/\/memurunsesi.net\/index.php\/wp-json\/wp\/v2\/comments?post=5989"}],"version-history":[{"count":1,"href":"https:\/\/memurunsesi.net\/index.php\/wp-json\/wp\/v2\/posts\/5989\/revisions"}],"predecessor-version":[{"id":5991,"href":"https:\/\/memurunsesi.net\/index.php\/wp-json\/wp\/v2\/posts\/5989\/revisions\/5991"}],"wp:featuredmedia":[{"embeddable":true,"href":"https:\/\/memurunsesi.net\/index.php\/wp-json\/wp\/v2\/media\/5990"}],"wp:attachment":[{"href":"https:\/\/memurunsesi.net\/index.php\/wp-json\/wp\/v2\/media?parent=5989"}],"wp:term":[{"taxonomy":"category","embeddable":true,"href":"https:\/\/memurunsesi.net\/index.php\/wp-json\/wp\/v2\/categories?post=5989"},{"taxonomy":"post_tag","embeddable":true,"href":"https:\/\/memurunsesi.net\/index.php\/wp-json\/wp\/v2\/tags?post=5989"}],"curies":[{"name":"wp","href":"https:\/\/api.w.org\/{rel}","templated":true}]}}