{"id":6005,"date":"2025-04-27T09:06:15","date_gmt":"2025-04-27T06:06:15","guid":{"rendered":"https:\/\/memurunsesi.net\/?p=6005"},"modified":"2025-04-27T09:06:15","modified_gmt":"2025-04-27T06:06:15","slug":"ispanya-kral-kupasi-barcelonanin","status":"publish","type":"post","link":"https:\/\/memurunsesi.net\/index.php\/2025\/04\/27\/ispanya-kral-kupasi-barcelonanin\/","title":{"rendered":"\u0130spanya Kral Kupas\u0131 Barcelona&#8217;n\u0131n"},"content":{"rendered":"<p> \u0130spanya Kral Kupas\u0131 finalinde Barcelona, Real Madrid&#8217;i uzatma b\u00f6l\u00fcm\u00fcnde 3-2 ma\u011flup ederek zafere uzand\u0131. 55. dakikada oyuna giren Arda G\u00fcler, tak\u0131m\u0131n\u0131n att\u0131\u011f\u0131 ikinci gol\u00fcn asistini yapt\u0131.<br \/>\n  \u0130spanya Kral Kupas\u0131&#8217;nda Barcelona ile Real Madrid kar\u015f\u0131 kar\u015f\u0131ya geldi. Barcelona 28. dakikada Pedri&#8217;nin gol\u00fcyle 1-0 \u00f6ne ge\u00e7ti ve ilk yar\u0131 bu skorla sona erdi. Kar\u015f\u0131la\u015fmaya yedek kul\u00fcbesinde ba\u015flayan Arda G\u00fcler&#8217;in 55. dakikada Cebellos&#8217;un yerine oyuna girmesinin ard\u0131ndan Real Madrid oyunda \u00fcst\u00fcnl\u00fc\u011f\u00fcn\u00fc ele ge\u00e7irdi ve 70. dakikada Mbappe&#8217;nin gol\u00fcyle e\u015fitli\u011fi yakalad\u0131. 77. dakikada Arda G\u00fcler&#8217;in asistinde Tchouameni&#8217;nin fileleri havaland\u0131rma\u0131yla Madrid ekibi 2-1 \u00f6ne ge\u00e7ti. 84. dakikada Ferran Torres&#8217;in gol\u00fcyle 90 dakika 2-2&#8217;lik e\u015fitlikle sona erdi ve m\u00fccadele uzatmaya gitti. 116. dakikada Kounde&#8217;nin gol\u00fcyle Barcelona sahadan 3-2 galip ayr\u0131larak 32. kez kupay\u0131 m\u00fczesine g\u00f6t\u00fcren taraf oldu. <\/p>\n<p>27.04.2025                               <\/p>\n","protected":false},"excerpt":{"rendered":"<p>\u0130spanya Kral Kupas\u0131 finalinde Barcelona, Real Madrid&#8217;i uzatma b\u00f6l\u00fcm\u00fcnde 3-2 ma\u011flup ederek zafere uzand\u0131. 55. dakikada oyuna giren Arda G\u00fcler, tak\u0131m\u0131n\u0131n att\u0131\u011f\u0131 ikinci gol\u00fcn asistini yapt\u0131. \u0130spanya Kral Kupas\u0131&#8217;nda Barcelona ile Real Madrid kar\u015f\u0131 kar\u015f\u0131ya geldi. Barcelona 28. dakikada Pedri&#8217;nin gol\u00fcyle 1-0 \u00f6ne ge\u00e7ti ve ilk yar\u0131 bu skorla sona erdi. Kar\u015f\u0131la\u015fmaya yedek kul\u00fcbesinde ba\u015flayan [&hellip;]<\/p>\n","protected":false},"author":1,"featured_media":6006,"comment_status":"open","ping_status":"open","sticky":false,"template":"","format":"standard","meta":{"footnotes":""},"categories":[57],"tags":[],"class_list":["post-6005","post","type-post","status-publish","format-standard","has-post-thumbnail","hentry","category-spor"],"yoast_head":"<!-- This site is optimized with the Yoast SEO plugin v27.4 - https:\/\/yoast.com\/product\/yoast-seo-wordpress\/ -->\n<title>\u0130spanya Kral Kupas\u0131 Barcelona&#039;n\u0131n - Memurun Sesi<\/title>\n<meta name=\"robots\" content=\"index, follow, max-snippet:-1, max-image-preview:large, max-video-preview:-1\" \/>\n<link rel=\"canonical\" href=\"https:\/\/memurunsesi.net\/index.php\/2025\/04\/27\/ispanya-kral-kupasi-barcelonanin\/\" \/>\n<meta property=\"og:locale\" content=\"tr_TR\" \/>\n<meta property=\"og:type\" content=\"article\" \/>\n<meta property=\"og:title\" content=\"\u0130spanya Kral Kupas\u0131 Barcelona&#039;n\u0131n - Memurun Sesi\" \/>\n<meta property=\"og:description\" content=\"\u0130spanya Kral Kupas\u0131 finalinde Barcelona, Real Madrid&#8217;i uzatma b\u00f6l\u00fcm\u00fcnde 3-2 ma\u011flup ederek zafere uzand\u0131. 55. dakikada oyuna giren Arda G\u00fcler, tak\u0131m\u0131n\u0131n att\u0131\u011f\u0131 ikinci gol\u00fcn asistini yapt\u0131. \u0130spanya Kral Kupas\u0131&#8217;nda Barcelona ile Real Madrid kar\u015f\u0131 kar\u015f\u0131ya geldi. Barcelona 28. dakikada Pedri&#8217;nin gol\u00fcyle 1-0 \u00f6ne ge\u00e7ti ve ilk yar\u0131 bu skorla sona erdi. Kar\u015f\u0131la\u015fmaya yedek kul\u00fcbesinde ba\u015flayan [&hellip;]\" \/>\n<meta property=\"og:url\" content=\"https:\/\/memurunsesi.net\/index.php\/2025\/04\/27\/ispanya-kral-kupasi-barcelonanin\/\" \/>\n<meta property=\"og:site_name\" content=\"Memurun Sesi\" \/>\n<meta property=\"article:publisher\" content=\"https:\/\/www.facebook.com\/unipersen\/?locale=tr_TR\" \/>\n<meta property=\"article:published_time\" content=\"2025-04-27T06:06:15+00:00\" \/>\n<meta property=\"og:image\" content=\"https:\/\/memurunsesi.net\/wp-content\/uploads\/2025\/04\/AW441899_02.jpg\" \/>\n\t<meta property=\"og:image:width\" content=\"1309\" \/>\n\t<meta property=\"og:image:height\" content=\"1962\" \/>\n\t<meta property=\"og:image:type\" content=\"image\/jpeg\" \/>\n<meta name=\"author\" content=\"Memurun Sesi Haber Merkezi\" \/>\n<meta name=\"twitter:card\" content=\"summary_large_image\" \/>\n<meta name=\"twitter:creator\" content=\"@unipersen\" \/>\n<meta name=\"twitter:site\" content=\"@unipersen\" \/>\n<meta name=\"twitter:label1\" content=\"Yazan:\" \/>\n\t<meta name=\"twitter:data1\" content=\"Memurun Sesi Haber Merkezi\" \/>\n<script type=\"application\/ld+json\" class=\"yoast-schema-graph\">{\"@context\":\"https:\\\/\\\/schema.org\",\"@graph\":[{\"@type\":\"Article\",\"@id\":\"https:\\\/\\\/memurunsesi.net\\\/index.php\\\/2025\\\/04\\\/27\\\/ispanya-kral-kupasi-barcelonanin\\\/#article\",\"isPartOf\":{\"@id\":\"https:\\\/\\\/memurunsesi.net\\\/index.php\\\/2025\\\/04\\\/27\\\/ispanya-kral-kupasi-barcelonanin\\\/\"},\"author\":{\"name\":\"Memurun Sesi Haber Merkezi\",\"@id\":\"https:\\\/\\\/memurunsesi.net\\\/#\\\/schema\\\/person\\\/f21c2d73b89f6ee1d80b0a1803e38587\"},\"headline\":\"\u0130spanya Kral Kupas\u0131 Barcelona&#8217;n\u0131n\",\"datePublished\":\"2025-04-27T06:06:15+00:00\",\"mainEntityOfPage\":{\"@id\":\"https:\\\/\\\/memurunsesi.net\\\/index.php\\\/2025\\\/04\\\/27\\\/ispanya-kral-kupasi-barcelonanin\\\/\"},\"wordCount\":165,\"commentCount\":0,\"publisher\":{\"@id\":\"https:\\\/\\\/memurunsesi.net\\\/#organization\"},\"image\":{\"@id\":\"https:\\\/\\\/memurunsesi.net\\\/index.php\\\/2025\\\/04\\\/27\\\/ispanya-kral-kupasi-barcelonanin\\\/#primaryimage\"},\"thumbnailUrl\":\"https:\\\/\\\/memurunsesi.net\\\/wp-content\\\/uploads\\\/2025\\\/04\\\/AW441899_02.jpg\",\"articleSection\":[\"Spor\"],\"inLanguage\":\"tr\",\"potentialAction\":[{\"@type\":\"CommentAction\",\"name\":\"Comment\",\"target\":[\"https:\\\/\\\/memurunsesi.net\\\/index.php\\\/2025\\\/04\\\/27\\\/ispanya-kral-kupasi-barcelonanin\\\/#respond\"]}]},{\"@type\":\"WebPage\",\"@id\":\"https:\\\/\\\/memurunsesi.net\\\/index.php\\\/2025\\\/04\\\/27\\\/ispanya-kral-kupasi-barcelonanin\\\/\",\"url\":\"https:\\\/\\\/memurunsesi.net\\\/index.php\\\/2025\\\/04\\\/27\\\/ispanya-kral-kupasi-barcelonanin\\\/\",\"name\":\"\u0130spanya Kral Kupas\u0131 Barcelona'n\u0131n - Memurun Sesi\",\"isPartOf\":{\"@id\":\"https:\\\/\\\/memurunsesi.net\\\/#website\"},\"primaryImageOfPage\":{\"@id\":\"https:\\\/\\\/memurunsesi.net\\\/index.php\\\/2025\\\/04\\\/27\\\/ispanya-kral-kupasi-barcelonanin\\\/#primaryimage\"},\"image\":{\"@id\":\"https:\\\/\\\/memurunsesi.net\\\/index.php\\\/2025\\\/04\\\/27\\\/ispanya-kral-kupasi-barcelonanin\\\/#primaryimage\"},\"thumbnailUrl\":\"https:\\\/\\\/memurunsesi.net\\\/wp-content\\\/uploads\\\/2025\\\/04\\\/AW441899_02.jpg\",\"datePublished\":\"2025-04-27T06:06:15+00:00\",\"breadcrumb\":{\"@id\":\"https:\\\/\\\/memurunsesi.net\\\/index.php\\\/2025\\\/04\\\/27\\\/ispanya-kral-kupasi-barcelonanin\\\/#breadcrumb\"},\"inLanguage\":\"tr\",\"potentialAction\":[{\"@type\":\"ReadAction\",\"target\":[\"https:\\\/\\\/memurunsesi.net\\\/index.php\\\/2025\\\/04\\\/27\\\/ispanya-kral-kupasi-barcelonanin\\\/\"]}]},{\"@type\":\"ImageObject\",\"inLanguage\":\"tr\",\"@id\":\"https:\\\/\\\/memurunsesi.net\\\/index.php\\\/2025\\\/04\\\/27\\\/ispanya-kral-kupasi-barcelonanin\\\/#primaryimage\",\"url\":\"https:\\\/\\\/memurunsesi.net\\\/wp-content\\\/uploads\\\/2025\\\/04\\\/AW441899_02.jpg\",\"contentUrl\":\"https:\\\/\\\/memurunsesi.net\\\/wp-content\\\/uploads\\\/2025\\\/04\\\/AW441899_02.jpg\",\"width\":1309,\"height\":1962,\"caption\":\"epa12057506 Real Madrid's Arda Guler (L) and FC Barcelona's Frenkie de Jong (R) during the Spanish King's Cup final soccer match between FC Barcelona and Real Madrid, in Seville, Spain, 26 April 2025. EPA-EFE\\\/Raul Caro\"},{\"@type\":\"BreadcrumbList\",\"@id\":\"https:\\\/\\\/memurunsesi.net\\\/index.php\\\/2025\\\/04\\\/27\\\/ispanya-kral-kupasi-barcelonanin\\\/#breadcrumb\",\"itemListElement\":[{\"@type\":\"ListItem\",\"position\":1,\"name\":\"Anasayfa\",\"item\":\"https:\\\/\\\/memurunsesi.net\\\/\"},{\"@type\":\"ListItem\",\"position\":2,\"name\":\"\u0130spanya Kral Kupas\u0131 Barcelona&#8217;n\u0131n\"}]},{\"@type\":\"WebSite\",\"@id\":\"https:\\\/\\\/memurunsesi.net\\\/#website\",\"url\":\"https:\\\/\\\/memurunsesi.net\\\/\",\"name\":\"Memurun Sesi\",\"description\":\"G\u00fcncel ve Do\u011fru Haber\",\"publisher\":{\"@id\":\"https:\\\/\\\/memurunsesi.net\\\/#organization\"},\"potentialAction\":[{\"@type\":\"SearchAction\",\"target\":{\"@type\":\"EntryPoint\",\"urlTemplate\":\"https:\\\/\\\/memurunsesi.net\\\/?s={search_term_string}\"},\"query-input\":{\"@type\":\"PropertyValueSpecification\",\"valueRequired\":true,\"valueName\":\"search_term_string\"}}],\"inLanguage\":\"tr\"},{\"@type\":\"Organization\",\"@id\":\"https:\\\/\\\/memurunsesi.net\\\/#organization\",\"name\":\"Memurun Sesi\",\"url\":\"https:\\\/\\\/memurunsesi.net\\\/\",\"logo\":{\"@type\":\"ImageObject\",\"inLanguage\":\"tr\",\"@id\":\"https:\\\/\\\/memurunsesi.net\\\/#\\\/schema\\\/logo\\\/image\\\/\",\"url\":\"https:\\\/\\\/memurunsesi.net\\\/wp-content\\\/uploads\\\/2025\\\/11\\\/cropped-MEMURUN-SESI.png\",\"contentUrl\":\"https:\\\/\\\/memurunsesi.net\\\/wp-content\\\/uploads\\\/2025\\\/11\\\/cropped-MEMURUN-SESI.png\",\"width\":238,\"height\":57,\"caption\":\"Memurun Sesi\"},\"image\":{\"@id\":\"https:\\\/\\\/memurunsesi.net\\\/#\\\/schema\\\/logo\\\/image\\\/\"},\"sameAs\":[\"https:\\\/\\\/www.facebook.com\\\/unipersen\\\/?locale=tr_TR\",\"https:\\\/\\\/x.com\\\/unipersen\"]},{\"@type\":\"Person\",\"@id\":\"https:\\\/\\\/memurunsesi.net\\\/#\\\/schema\\\/person\\\/f21c2d73b89f6ee1d80b0a1803e38587\",\"name\":\"Memurun Sesi Haber Merkezi\",\"image\":{\"@type\":\"ImageObject\",\"inLanguage\":\"tr\",\"@id\":\"https:\\\/\\\/secure.gravatar.com\\\/avatar\\\/6cf0505f452ee753f485014986fab09a434671d2b919ee76fc541025c5876a70?s=96&d=mm&r=g\",\"url\":\"https:\\\/\\\/secure.gravatar.com\\\/avatar\\\/6cf0505f452ee753f485014986fab09a434671d2b919ee76fc541025c5876a70?s=96&d=mm&r=g\",\"contentUrl\":\"https:\\\/\\\/secure.gravatar.com\\\/avatar\\\/6cf0505f452ee753f485014986fab09a434671d2b919ee76fc541025c5876a70?s=96&d=mm&r=g\",\"caption\":\"Memurun Sesi Haber Merkezi\"},\"sameAs\":[\"https:\\\/\\\/memurunsesi.net\"],\"url\":\"https:\\\/\\\/memurunsesi.net\\\/index.php\\\/author\\\/uniper\\\/\"}]}<\/script>\n<!-- \/ Yoast SEO plugin. -->","yoast_head_json":{"title":"\u0130spanya Kral Kupas\u0131 Barcelona'n\u0131n - Memurun Sesi","robots":{"index":"index","follow":"follow","max-snippet":"max-snippet:-1","max-image-preview":"max-image-preview:large","max-video-preview":"max-video-preview:-1"},"canonical":"https:\/\/memurunsesi.net\/index.php\/2025\/04\/27\/ispanya-kral-kupasi-barcelonanin\/","og_locale":"tr_TR","og_type":"article","og_title":"\u0130spanya Kral Kupas\u0131 Barcelona'n\u0131n - Memurun Sesi","og_description":"\u0130spanya Kral Kupas\u0131 finalinde Barcelona, Real Madrid&#8217;i uzatma b\u00f6l\u00fcm\u00fcnde 3-2 ma\u011flup ederek zafere uzand\u0131. 55. dakikada oyuna giren Arda G\u00fcler, tak\u0131m\u0131n\u0131n att\u0131\u011f\u0131 ikinci gol\u00fcn asistini yapt\u0131. \u0130spanya Kral Kupas\u0131&#8217;nda Barcelona ile Real Madrid kar\u015f\u0131 kar\u015f\u0131ya geldi. Barcelona 28. dakikada Pedri&#8217;nin gol\u00fcyle 1-0 \u00f6ne ge\u00e7ti ve ilk yar\u0131 bu skorla sona erdi. Kar\u015f\u0131la\u015fmaya yedek kul\u00fcbesinde ba\u015flayan [&hellip;]","og_url":"https:\/\/memurunsesi.net\/index.php\/2025\/04\/27\/ispanya-kral-kupasi-barcelonanin\/","og_site_name":"Memurun Sesi","article_publisher":"https:\/\/www.facebook.com\/unipersen\/?locale=tr_TR","article_published_time":"2025-04-27T06:06:15+00:00","og_image":[{"width":1309,"height":1962,"url":"https:\/\/memurunsesi.net\/wp-content\/uploads\/2025\/04\/AW441899_02.jpg","type":"image\/jpeg"}],"author":"Memurun Sesi Haber Merkezi","twitter_card":"summary_large_image","twitter_creator":"@unipersen","twitter_site":"@unipersen","twitter_misc":{"Yazan:":"Memurun Sesi Haber Merkezi"},"schema":{"@context":"https:\/\/schema.org","@graph":[{"@type":"Article","@id":"https:\/\/memurunsesi.net\/index.php\/2025\/04\/27\/ispanya-kral-kupasi-barcelonanin\/#article","isPartOf":{"@id":"https:\/\/memurunsesi.net\/index.php\/2025\/04\/27\/ispanya-kral-kupasi-barcelonanin\/"},"author":{"name":"Memurun Sesi Haber Merkezi","@id":"https:\/\/memurunsesi.net\/#\/schema\/person\/f21c2d73b89f6ee1d80b0a1803e38587"},"headline":"\u0130spanya Kral Kupas\u0131 Barcelona&#8217;n\u0131n","datePublished":"2025-04-27T06:06:15+00:00","mainEntityOfPage":{"@id":"https:\/\/memurunsesi.net\/index.php\/2025\/04\/27\/ispanya-kral-kupasi-barcelonanin\/"},"wordCount":165,"commentCount":0,"publisher":{"@id":"https:\/\/memurunsesi.net\/#organization"},"image":{"@id":"https:\/\/memurunsesi.net\/index.php\/2025\/04\/27\/ispanya-kral-kupasi-barcelonanin\/#primaryimage"},"thumbnailUrl":"https:\/\/memurunsesi.net\/wp-content\/uploads\/2025\/04\/AW441899_02.jpg","articleSection":["Spor"],"inLanguage":"tr","potentialAction":[{"@type":"CommentAction","name":"Comment","target":["https:\/\/memurunsesi.net\/index.php\/2025\/04\/27\/ispanya-kral-kupasi-barcelonanin\/#respond"]}]},{"@type":"WebPage","@id":"https:\/\/memurunsesi.net\/index.php\/2025\/04\/27\/ispanya-kral-kupasi-barcelonanin\/","url":"https:\/\/memurunsesi.net\/index.php\/2025\/04\/27\/ispanya-kral-kupasi-barcelonanin\/","name":"\u0130spanya Kral Kupas\u0131 Barcelona'n\u0131n - Memurun Sesi","isPartOf":{"@id":"https:\/\/memurunsesi.net\/#website"},"primaryImageOfPage":{"@id":"https:\/\/memurunsesi.net\/index.php\/2025\/04\/27\/ispanya-kral-kupasi-barcelonanin\/#primaryimage"},"image":{"@id":"https:\/\/memurunsesi.net\/index.php\/2025\/04\/27\/ispanya-kral-kupasi-barcelonanin\/#primaryimage"},"thumbnailUrl":"https:\/\/memurunsesi.net\/wp-content\/uploads\/2025\/04\/AW441899_02.jpg","datePublished":"2025-04-27T06:06:15+00:00","breadcrumb":{"@id":"https:\/\/memurunsesi.net\/index.php\/2025\/04\/27\/ispanya-kral-kupasi-barcelonanin\/#breadcrumb"},"inLanguage":"tr","potentialAction":[{"@type":"ReadAction","target":["https:\/\/memurunsesi.net\/index.php\/2025\/04\/27\/ispanya-kral-kupasi-barcelonanin\/"]}]},{"@type":"ImageObject","inLanguage":"tr","@id":"https:\/\/memurunsesi.net\/index.php\/2025\/04\/27\/ispanya-kral-kupasi-barcelonanin\/#primaryimage","url":"https:\/\/memurunsesi.net\/wp-content\/uploads\/2025\/04\/AW441899_02.jpg","contentUrl":"https:\/\/memurunsesi.net\/wp-content\/uploads\/2025\/04\/AW441899_02.jpg","width":1309,"height":1962,"caption":"epa12057506 Real Madrid's Arda Guler (L) and FC Barcelona's Frenkie de Jong (R) during the Spanish King's Cup final soccer match between FC Barcelona and Real Madrid, in Seville, Spain, 26 April 2025. EPA-EFE\/Raul Caro"},{"@type":"BreadcrumbList","@id":"https:\/\/memurunsesi.net\/index.php\/2025\/04\/27\/ispanya-kral-kupasi-barcelonanin\/#breadcrumb","itemListElement":[{"@type":"ListItem","position":1,"name":"Anasayfa","item":"https:\/\/memurunsesi.net\/"},{"@type":"ListItem","position":2,"name":"\u0130spanya Kral Kupas\u0131 Barcelona&#8217;n\u0131n"}]},{"@type":"WebSite","@id":"https:\/\/memurunsesi.net\/#website","url":"https:\/\/memurunsesi.net\/","name":"Memurun Sesi","description":"G\u00fcncel ve Do\u011fru Haber","publisher":{"@id":"https:\/\/memurunsesi.net\/#organization"},"potentialAction":[{"@type":"SearchAction","target":{"@type":"EntryPoint","urlTemplate":"https:\/\/memurunsesi.net\/?s={search_term_string}"},"query-input":{"@type":"PropertyValueSpecification","valueRequired":true,"valueName":"search_term_string"}}],"inLanguage":"tr"},{"@type":"Organization","@id":"https:\/\/memurunsesi.net\/#organization","name":"Memurun Sesi","url":"https:\/\/memurunsesi.net\/","logo":{"@type":"ImageObject","inLanguage":"tr","@id":"https:\/\/memurunsesi.net\/#\/schema\/logo\/image\/","url":"https:\/\/memurunsesi.net\/wp-content\/uploads\/2025\/11\/cropped-MEMURUN-SESI.png","contentUrl":"https:\/\/memurunsesi.net\/wp-content\/uploads\/2025\/11\/cropped-MEMURUN-SESI.png","width":238,"height":57,"caption":"Memurun Sesi"},"image":{"@id":"https:\/\/memurunsesi.net\/#\/schema\/logo\/image\/"},"sameAs":["https:\/\/www.facebook.com\/unipersen\/?locale=tr_TR","https:\/\/x.com\/unipersen"]},{"@type":"Person","@id":"https:\/\/memurunsesi.net\/#\/schema\/person\/f21c2d73b89f6ee1d80b0a1803e38587","name":"Memurun Sesi Haber Merkezi","image":{"@type":"ImageObject","inLanguage":"tr","@id":"https:\/\/secure.gravatar.com\/avatar\/6cf0505f452ee753f485014986fab09a434671d2b919ee76fc541025c5876a70?s=96&d=mm&r=g","url":"https:\/\/secure.gravatar.com\/avatar\/6cf0505f452ee753f485014986fab09a434671d2b919ee76fc541025c5876a70?s=96&d=mm&r=g","contentUrl":"https:\/\/secure.gravatar.com\/avatar\/6cf0505f452ee753f485014986fab09a434671d2b919ee76fc541025c5876a70?s=96&d=mm&r=g","caption":"Memurun Sesi Haber Merkezi"},"sameAs":["https:\/\/memurunsesi.net"],"url":"https:\/\/memurunsesi.net\/index.php\/author\/uniper\/"}]}},"_links":{"self":[{"href":"https:\/\/memurunsesi.net\/index.php\/wp-json\/wp\/v2\/posts\/6005","targetHints":{"allow":["GET"]}}],"collection":[{"href":"https:\/\/memurunsesi.net\/index.php\/wp-json\/wp\/v2\/posts"}],"about":[{"href":"https:\/\/memurunsesi.net\/index.php\/wp-json\/wp\/v2\/types\/post"}],"author":[{"embeddable":true,"href":"https:\/\/memurunsesi.net\/index.php\/wp-json\/wp\/v2\/users\/1"}],"replies":[{"embeddable":true,"href":"https:\/\/memurunsesi.net\/index.php\/wp-json\/wp\/v2\/comments?post=6005"}],"version-history":[{"count":1,"href":"https:\/\/memurunsesi.net\/index.php\/wp-json\/wp\/v2\/posts\/6005\/revisions"}],"predecessor-version":[{"id":6007,"href":"https:\/\/memurunsesi.net\/index.php\/wp-json\/wp\/v2\/posts\/6005\/revisions\/6007"}],"wp:featuredmedia":[{"embeddable":true,"href":"https:\/\/memurunsesi.net\/index.php\/wp-json\/wp\/v2\/media\/6006"}],"wp:attachment":[{"href":"https:\/\/memurunsesi.net\/index.php\/wp-json\/wp\/v2\/media?parent=6005"}],"wp:term":[{"taxonomy":"category","embeddable":true,"href":"https:\/\/memurunsesi.net\/index.php\/wp-json\/wp\/v2\/categories?post=6005"},{"taxonomy":"post_tag","embeddable":true,"href":"https:\/\/memurunsesi.net\/index.php\/wp-json\/wp\/v2\/tags?post=6005"}],"curies":[{"name":"wp","href":"https:\/\/api.w.org\/{rel}","templated":true}]}}