{"id":6008,"date":"2025-04-27T09:08:08","date_gmt":"2025-04-27T06:08:08","guid":{"rendered":"https:\/\/memurunsesi.net\/?p=6008"},"modified":"2025-04-27T09:08:08","modified_gmt":"2025-04-27T06:08:08","slug":"kamyonetle-otomobil-carpisti-araclarda-sikisanlari-itfaiye-kurtardi-3-yarali","status":"publish","type":"post","link":"https:\/\/memurunsesi.net\/index.php\/2025\/04\/27\/kamyonetle-otomobil-carpisti-araclarda-sikisanlari-itfaiye-kurtardi-3-yarali\/","title":{"rendered":"Kamyonetle otomobil \u00e7arp\u0131\u015ft\u0131, ara\u00e7larda s\u0131k\u0131\u015fanlar\u0131 itfaiye kurtard\u0131: 3 yaral\u0131"},"content":{"rendered":"<p> Karaman&#8217;da kamyonet ile \u00e7arp\u0131\u015fan otomobilin devrilmesi sonucu 3 ki\u015fi yaralan\u0131rken, ara\u00e7larda s\u0131k\u0131\u015fan 2 ki\u015fiyi itfaiye kurtard\u0131.<br \/>\nKaza, ak\u015fam saat 22.50 s\u0131ralar\u0131nda Yunuskent Mahallesi Zeytin Dal\u0131 Bulvar\u0131 \u00fczerinde bulunan Valilik Kav\u015fa\u011f\u0131&#8217;nda meydana geldi. Edinilen bilgiye g\u00f6re, H.K. (21) y\u00f6netimindeki 70 AF 952 plakal\u0131 Opel marka otomobil ile A.K. (27) idaresindeki 70 BG 783 plakal\u0131 Nissan marka kamyonet kav\u015fakta \u00e7arp\u0131\u015ft\u0131. Kazada kamyonette bulunan A.S.A. (23) ile orta ref\u00fcje devrilen otomobilin s\u00fcr\u00fcc\u00fcs\u00fc ile yan\u0131nda bulunan Y.K. (21) ara\u00e7 i\u00e7erisinde s\u0131k\u0131\u015farak yaraland\u0131. \u0130hbar \u00fczerine olay yerine sa\u011fl\u0131k, itfaiye ve polis ekipleri sevk edildi. Ara\u00e7 i\u00e7erisinde s\u0131k\u0131\u015fan s\u00fcr\u00fcc\u00fc ile yolcu, itfaiye taraf\u0131ndan kurtar\u0131ld\u0131. Yaral\u0131lar sa\u011fl\u0131k ekibinin olay yerinde yapt\u0131\u011f\u0131 ilk m\u00fcdahalenin ard\u0131ndan ambulanslarla Karaman E\u011fitim ve Ara\u015ft\u0131rma Hastanesi&#8217;ne kald\u0131r\u0131larak tedavi alt\u0131na al\u0131nd\u0131.<br \/>\n  Kazayla ilgili tahkikat ba\u015flat\u0131ld\u0131. <\/p>\n<p>27.04.2025                               <\/p>\n","protected":false},"excerpt":{"rendered":"<p>Karaman&#8217;da kamyonet ile \u00e7arp\u0131\u015fan otomobilin devrilmesi sonucu 3 ki\u015fi yaralan\u0131rken, ara\u00e7larda s\u0131k\u0131\u015fan 2 ki\u015fiyi itfaiye kurtard\u0131. Kaza, ak\u015fam saat 22.50 s\u0131ralar\u0131nda Yunuskent Mahallesi Zeytin Dal\u0131 Bulvar\u0131 \u00fczerinde bulunan Valilik Kav\u015fa\u011f\u0131&#8217;nda meydana geldi. Edinilen bilgiye g\u00f6re, H.K. (21) y\u00f6netimindeki 70 AF 952 plakal\u0131 Opel marka otomobil ile A.K. (27) idaresindeki 70 BG 783 plakal\u0131 Nissan marka [&hellip;]<\/p>\n","protected":false},"author":1,"featured_media":6009,"comment_status":"open","ping_status":"open","sticky":false,"template":"","format":"standard","meta":{"footnotes":""},"categories":[1],"tags":[],"class_list":["post-6008","post","type-post","status-publish","format-standard","has-post-thumbnail","hentry","category-genel"],"yoast_head":"<!-- This site is optimized with the Yoast SEO plugin v27.4 - https:\/\/yoast.com\/product\/yoast-seo-wordpress\/ -->\n<title>Kamyonetle otomobil \u00e7arp\u0131\u015ft\u0131, ara\u00e7larda s\u0131k\u0131\u015fanlar\u0131 itfaiye kurtard\u0131: 3 yaral\u0131 - Memurun Sesi<\/title>\n<meta name=\"robots\" content=\"index, follow, max-snippet:-1, max-image-preview:large, max-video-preview:-1\" \/>\n<link rel=\"canonical\" href=\"https:\/\/memurunsesi.net\/index.php\/2025\/04\/27\/kamyonetle-otomobil-carpisti-araclarda-sikisanlari-itfaiye-kurtardi-3-yarali\/\" \/>\n<meta property=\"og:locale\" content=\"tr_TR\" \/>\n<meta property=\"og:type\" content=\"article\" \/>\n<meta property=\"og:title\" content=\"Kamyonetle otomobil \u00e7arp\u0131\u015ft\u0131, ara\u00e7larda s\u0131k\u0131\u015fanlar\u0131 itfaiye kurtard\u0131: 3 yaral\u0131 - Memurun Sesi\" \/>\n<meta property=\"og:description\" content=\"Karaman&#8217;da kamyonet ile \u00e7arp\u0131\u015fan otomobilin devrilmesi sonucu 3 ki\u015fi yaralan\u0131rken, ara\u00e7larda s\u0131k\u0131\u015fan 2 ki\u015fiyi itfaiye kurtard\u0131. Kaza, ak\u015fam saat 22.50 s\u0131ralar\u0131nda Yunuskent Mahallesi Zeytin Dal\u0131 Bulvar\u0131 \u00fczerinde bulunan Valilik Kav\u015fa\u011f\u0131&#8217;nda meydana geldi. Edinilen bilgiye g\u00f6re, H.K. (21) y\u00f6netimindeki 70 AF 952 plakal\u0131 Opel marka otomobil ile A.K. (27) idaresindeki 70 BG 783 plakal\u0131 Nissan marka [&hellip;]\" \/>\n<meta property=\"og:url\" content=\"https:\/\/memurunsesi.net\/index.php\/2025\/04\/27\/kamyonetle-otomobil-carpisti-araclarda-sikisanlari-itfaiye-kurtardi-3-yarali\/\" \/>\n<meta property=\"og:site_name\" content=\"Memurun Sesi\" \/>\n<meta property=\"article:publisher\" content=\"https:\/\/www.facebook.com\/unipersen\/?locale=tr_TR\" \/>\n<meta property=\"article:published_time\" content=\"2025-04-27T06:08:08+00:00\" \/>\n<meta property=\"og:image\" content=\"https:\/\/memurunsesi.net\/wp-content\/uploads\/2025\/04\/AW441898_02-scaled.jpg\" \/>\n\t<meta property=\"og:image:width\" content=\"2560\" \/>\n\t<meta property=\"og:image:height\" content=\"1441\" \/>\n\t<meta property=\"og:image:type\" content=\"image\/jpeg\" \/>\n<meta name=\"author\" content=\"Memurun Sesi Haber Merkezi\" \/>\n<meta name=\"twitter:card\" content=\"summary_large_image\" \/>\n<meta name=\"twitter:creator\" content=\"@unipersen\" \/>\n<meta name=\"twitter:site\" content=\"@unipersen\" \/>\n<meta name=\"twitter:label1\" content=\"Yazan:\" \/>\n\t<meta name=\"twitter:data1\" content=\"Memurun Sesi Haber Merkezi\" \/>\n<script type=\"application\/ld+json\" class=\"yoast-schema-graph\">{\"@context\":\"https:\\\/\\\/schema.org\",\"@graph\":[{\"@type\":\"Article\",\"@id\":\"https:\\\/\\\/memurunsesi.net\\\/index.php\\\/2025\\\/04\\\/27\\\/kamyonetle-otomobil-carpisti-araclarda-sikisanlari-itfaiye-kurtardi-3-yarali\\\/#article\",\"isPartOf\":{\"@id\":\"https:\\\/\\\/memurunsesi.net\\\/index.php\\\/2025\\\/04\\\/27\\\/kamyonetle-otomobil-carpisti-araclarda-sikisanlari-itfaiye-kurtardi-3-yarali\\\/\"},\"author\":{\"name\":\"Memurun Sesi Haber Merkezi\",\"@id\":\"https:\\\/\\\/memurunsesi.net\\\/#\\\/schema\\\/person\\\/f21c2d73b89f6ee1d80b0a1803e38587\"},\"headline\":\"Kamyonetle otomobil \u00e7arp\u0131\u015ft\u0131, ara\u00e7larda s\u0131k\u0131\u015fanlar\u0131 itfaiye kurtard\u0131: 3 yaral\u0131\",\"datePublished\":\"2025-04-27T06:08:08+00:00\",\"mainEntityOfPage\":{\"@id\":\"https:\\\/\\\/memurunsesi.net\\\/index.php\\\/2025\\\/04\\\/27\\\/kamyonetle-otomobil-carpisti-araclarda-sikisanlari-itfaiye-kurtardi-3-yarali\\\/\"},\"wordCount\":176,\"commentCount\":0,\"publisher\":{\"@id\":\"https:\\\/\\\/memurunsesi.net\\\/#organization\"},\"image\":{\"@id\":\"https:\\\/\\\/memurunsesi.net\\\/index.php\\\/2025\\\/04\\\/27\\\/kamyonetle-otomobil-carpisti-araclarda-sikisanlari-itfaiye-kurtardi-3-yarali\\\/#primaryimage\"},\"thumbnailUrl\":\"https:\\\/\\\/memurunsesi.net\\\/wp-content\\\/uploads\\\/2025\\\/04\\\/AW441898_02-scaled.jpg\",\"inLanguage\":\"tr\",\"potentialAction\":[{\"@type\":\"CommentAction\",\"name\":\"Comment\",\"target\":[\"https:\\\/\\\/memurunsesi.net\\\/index.php\\\/2025\\\/04\\\/27\\\/kamyonetle-otomobil-carpisti-araclarda-sikisanlari-itfaiye-kurtardi-3-yarali\\\/#respond\"]}]},{\"@type\":\"WebPage\",\"@id\":\"https:\\\/\\\/memurunsesi.net\\\/index.php\\\/2025\\\/04\\\/27\\\/kamyonetle-otomobil-carpisti-araclarda-sikisanlari-itfaiye-kurtardi-3-yarali\\\/\",\"url\":\"https:\\\/\\\/memurunsesi.net\\\/index.php\\\/2025\\\/04\\\/27\\\/kamyonetle-otomobil-carpisti-araclarda-sikisanlari-itfaiye-kurtardi-3-yarali\\\/\",\"name\":\"Kamyonetle otomobil \u00e7arp\u0131\u015ft\u0131, ara\u00e7larda s\u0131k\u0131\u015fanlar\u0131 itfaiye kurtard\u0131: 3 yaral\u0131 - Memurun Sesi\",\"isPartOf\":{\"@id\":\"https:\\\/\\\/memurunsesi.net\\\/#website\"},\"primaryImageOfPage\":{\"@id\":\"https:\\\/\\\/memurunsesi.net\\\/index.php\\\/2025\\\/04\\\/27\\\/kamyonetle-otomobil-carpisti-araclarda-sikisanlari-itfaiye-kurtardi-3-yarali\\\/#primaryimage\"},\"image\":{\"@id\":\"https:\\\/\\\/memurunsesi.net\\\/index.php\\\/2025\\\/04\\\/27\\\/kamyonetle-otomobil-carpisti-araclarda-sikisanlari-itfaiye-kurtardi-3-yarali\\\/#primaryimage\"},\"thumbnailUrl\":\"https:\\\/\\\/memurunsesi.net\\\/wp-content\\\/uploads\\\/2025\\\/04\\\/AW441898_02-scaled.jpg\",\"datePublished\":\"2025-04-27T06:08:08+00:00\",\"breadcrumb\":{\"@id\":\"https:\\\/\\\/memurunsesi.net\\\/index.php\\\/2025\\\/04\\\/27\\\/kamyonetle-otomobil-carpisti-araclarda-sikisanlari-itfaiye-kurtardi-3-yarali\\\/#breadcrumb\"},\"inLanguage\":\"tr\",\"potentialAction\":[{\"@type\":\"ReadAction\",\"target\":[\"https:\\\/\\\/memurunsesi.net\\\/index.php\\\/2025\\\/04\\\/27\\\/kamyonetle-otomobil-carpisti-araclarda-sikisanlari-itfaiye-kurtardi-3-yarali\\\/\"]}]},{\"@type\":\"ImageObject\",\"inLanguage\":\"tr\",\"@id\":\"https:\\\/\\\/memurunsesi.net\\\/index.php\\\/2025\\\/04\\\/27\\\/kamyonetle-otomobil-carpisti-araclarda-sikisanlari-itfaiye-kurtardi-3-yarali\\\/#primaryimage\",\"url\":\"https:\\\/\\\/memurunsesi.net\\\/wp-content\\\/uploads\\\/2025\\\/04\\\/AW441898_02-scaled.jpg\",\"contentUrl\":\"https:\\\/\\\/memurunsesi.net\\\/wp-content\\\/uploads\\\/2025\\\/04\\\/AW441898_02-scaled.jpg\",\"width\":2560,\"height\":1441,\"caption\":\"KARAMAN'DA KAMYONET \u0130LE \u00c7ARPI\u015eAN OTOMOB\u0130L\u0130N DEVR\u0130LMES\u0130 SONUCU 3 K\u0130\u015e\u0130 YARALANIRKEN, ARA\u00c7TA SIKI\u015eAN 2 K\u0130\u015e\u0130Y\u0130 \u0130TFA\u0130YE KURTARDI. (MEHMET AK\u0130F ORHAN\\\/KARAMAN-\u0130HA) Karaman'da kamyonet ile \u00e7arp\u0131\u015fan otomobilin devrilmesi sonucu 3 ki\u015fi yaralan\u0131rken, ara\u00e7larda s\u0131k\u0131\u015fan 2 ki\u015fiyi itfaiye kurtard\u0131.\"},{\"@type\":\"BreadcrumbList\",\"@id\":\"https:\\\/\\\/memurunsesi.net\\\/index.php\\\/2025\\\/04\\\/27\\\/kamyonetle-otomobil-carpisti-araclarda-sikisanlari-itfaiye-kurtardi-3-yarali\\\/#breadcrumb\",\"itemListElement\":[{\"@type\":\"ListItem\",\"position\":1,\"name\":\"Anasayfa\",\"item\":\"https:\\\/\\\/memurunsesi.net\\\/\"},{\"@type\":\"ListItem\",\"position\":2,\"name\":\"Kamyonetle otomobil \u00e7arp\u0131\u015ft\u0131, ara\u00e7larda s\u0131k\u0131\u015fanlar\u0131 itfaiye kurtard\u0131: 3 yaral\u0131\"}]},{\"@type\":\"WebSite\",\"@id\":\"https:\\\/\\\/memurunsesi.net\\\/#website\",\"url\":\"https:\\\/\\\/memurunsesi.net\\\/\",\"name\":\"Memurun Sesi\",\"description\":\"G\u00fcncel ve Do\u011fru Haber\",\"publisher\":{\"@id\":\"https:\\\/\\\/memurunsesi.net\\\/#organization\"},\"potentialAction\":[{\"@type\":\"SearchAction\",\"target\":{\"@type\":\"EntryPoint\",\"urlTemplate\":\"https:\\\/\\\/memurunsesi.net\\\/?s={search_term_string}\"},\"query-input\":{\"@type\":\"PropertyValueSpecification\",\"valueRequired\":true,\"valueName\":\"search_term_string\"}}],\"inLanguage\":\"tr\"},{\"@type\":\"Organization\",\"@id\":\"https:\\\/\\\/memurunsesi.net\\\/#organization\",\"name\":\"Memurun Sesi\",\"url\":\"https:\\\/\\\/memurunsesi.net\\\/\",\"logo\":{\"@type\":\"ImageObject\",\"inLanguage\":\"tr\",\"@id\":\"https:\\\/\\\/memurunsesi.net\\\/#\\\/schema\\\/logo\\\/image\\\/\",\"url\":\"https:\\\/\\\/memurunsesi.net\\\/wp-content\\\/uploads\\\/2025\\\/11\\\/cropped-MEMURUN-SESI.png\",\"contentUrl\":\"https:\\\/\\\/memurunsesi.net\\\/wp-content\\\/uploads\\\/2025\\\/11\\\/cropped-MEMURUN-SESI.png\",\"width\":238,\"height\":57,\"caption\":\"Memurun Sesi\"},\"image\":{\"@id\":\"https:\\\/\\\/memurunsesi.net\\\/#\\\/schema\\\/logo\\\/image\\\/\"},\"sameAs\":[\"https:\\\/\\\/www.facebook.com\\\/unipersen\\\/?locale=tr_TR\",\"https:\\\/\\\/x.com\\\/unipersen\"]},{\"@type\":\"Person\",\"@id\":\"https:\\\/\\\/memurunsesi.net\\\/#\\\/schema\\\/person\\\/f21c2d73b89f6ee1d80b0a1803e38587\",\"name\":\"Memurun Sesi Haber Merkezi\",\"image\":{\"@type\":\"ImageObject\",\"inLanguage\":\"tr\",\"@id\":\"https:\\\/\\\/secure.gravatar.com\\\/avatar\\\/6cf0505f452ee753f485014986fab09a434671d2b919ee76fc541025c5876a70?s=96&d=mm&r=g\",\"url\":\"https:\\\/\\\/secure.gravatar.com\\\/avatar\\\/6cf0505f452ee753f485014986fab09a434671d2b919ee76fc541025c5876a70?s=96&d=mm&r=g\",\"contentUrl\":\"https:\\\/\\\/secure.gravatar.com\\\/avatar\\\/6cf0505f452ee753f485014986fab09a434671d2b919ee76fc541025c5876a70?s=96&d=mm&r=g\",\"caption\":\"Memurun Sesi Haber Merkezi\"},\"sameAs\":[\"https:\\\/\\\/memurunsesi.net\"],\"url\":\"https:\\\/\\\/memurunsesi.net\\\/index.php\\\/author\\\/uniper\\\/\"}]}<\/script>\n<!-- \/ Yoast SEO plugin. -->","yoast_head_json":{"title":"Kamyonetle otomobil \u00e7arp\u0131\u015ft\u0131, ara\u00e7larda s\u0131k\u0131\u015fanlar\u0131 itfaiye kurtard\u0131: 3 yaral\u0131 - Memurun Sesi","robots":{"index":"index","follow":"follow","max-snippet":"max-snippet:-1","max-image-preview":"max-image-preview:large","max-video-preview":"max-video-preview:-1"},"canonical":"https:\/\/memurunsesi.net\/index.php\/2025\/04\/27\/kamyonetle-otomobil-carpisti-araclarda-sikisanlari-itfaiye-kurtardi-3-yarali\/","og_locale":"tr_TR","og_type":"article","og_title":"Kamyonetle otomobil \u00e7arp\u0131\u015ft\u0131, ara\u00e7larda s\u0131k\u0131\u015fanlar\u0131 itfaiye kurtard\u0131: 3 yaral\u0131 - Memurun Sesi","og_description":"Karaman&#8217;da kamyonet ile \u00e7arp\u0131\u015fan otomobilin devrilmesi sonucu 3 ki\u015fi yaralan\u0131rken, ara\u00e7larda s\u0131k\u0131\u015fan 2 ki\u015fiyi itfaiye kurtard\u0131. Kaza, ak\u015fam saat 22.50 s\u0131ralar\u0131nda Yunuskent Mahallesi Zeytin Dal\u0131 Bulvar\u0131 \u00fczerinde bulunan Valilik Kav\u015fa\u011f\u0131&#8217;nda meydana geldi. Edinilen bilgiye g\u00f6re, H.K. (21) y\u00f6netimindeki 70 AF 952 plakal\u0131 Opel marka otomobil ile A.K. (27) idaresindeki 70 BG 783 plakal\u0131 Nissan marka [&hellip;]","og_url":"https:\/\/memurunsesi.net\/index.php\/2025\/04\/27\/kamyonetle-otomobil-carpisti-araclarda-sikisanlari-itfaiye-kurtardi-3-yarali\/","og_site_name":"Memurun Sesi","article_publisher":"https:\/\/www.facebook.com\/unipersen\/?locale=tr_TR","article_published_time":"2025-04-27T06:08:08+00:00","og_image":[{"width":2560,"height":1441,"url":"https:\/\/memurunsesi.net\/wp-content\/uploads\/2025\/04\/AW441898_02-scaled.jpg","type":"image\/jpeg"}],"author":"Memurun Sesi Haber Merkezi","twitter_card":"summary_large_image","twitter_creator":"@unipersen","twitter_site":"@unipersen","twitter_misc":{"Yazan:":"Memurun Sesi Haber Merkezi"},"schema":{"@context":"https:\/\/schema.org","@graph":[{"@type":"Article","@id":"https:\/\/memurunsesi.net\/index.php\/2025\/04\/27\/kamyonetle-otomobil-carpisti-araclarda-sikisanlari-itfaiye-kurtardi-3-yarali\/#article","isPartOf":{"@id":"https:\/\/memurunsesi.net\/index.php\/2025\/04\/27\/kamyonetle-otomobil-carpisti-araclarda-sikisanlari-itfaiye-kurtardi-3-yarali\/"},"author":{"name":"Memurun Sesi Haber Merkezi","@id":"https:\/\/memurunsesi.net\/#\/schema\/person\/f21c2d73b89f6ee1d80b0a1803e38587"},"headline":"Kamyonetle otomobil \u00e7arp\u0131\u015ft\u0131, ara\u00e7larda s\u0131k\u0131\u015fanlar\u0131 itfaiye kurtard\u0131: 3 yaral\u0131","datePublished":"2025-04-27T06:08:08+00:00","mainEntityOfPage":{"@id":"https:\/\/memurunsesi.net\/index.php\/2025\/04\/27\/kamyonetle-otomobil-carpisti-araclarda-sikisanlari-itfaiye-kurtardi-3-yarali\/"},"wordCount":176,"commentCount":0,"publisher":{"@id":"https:\/\/memurunsesi.net\/#organization"},"image":{"@id":"https:\/\/memurunsesi.net\/index.php\/2025\/04\/27\/kamyonetle-otomobil-carpisti-araclarda-sikisanlari-itfaiye-kurtardi-3-yarali\/#primaryimage"},"thumbnailUrl":"https:\/\/memurunsesi.net\/wp-content\/uploads\/2025\/04\/AW441898_02-scaled.jpg","inLanguage":"tr","potentialAction":[{"@type":"CommentAction","name":"Comment","target":["https:\/\/memurunsesi.net\/index.php\/2025\/04\/27\/kamyonetle-otomobil-carpisti-araclarda-sikisanlari-itfaiye-kurtardi-3-yarali\/#respond"]}]},{"@type":"WebPage","@id":"https:\/\/memurunsesi.net\/index.php\/2025\/04\/27\/kamyonetle-otomobil-carpisti-araclarda-sikisanlari-itfaiye-kurtardi-3-yarali\/","url":"https:\/\/memurunsesi.net\/index.php\/2025\/04\/27\/kamyonetle-otomobil-carpisti-araclarda-sikisanlari-itfaiye-kurtardi-3-yarali\/","name":"Kamyonetle otomobil \u00e7arp\u0131\u015ft\u0131, ara\u00e7larda s\u0131k\u0131\u015fanlar\u0131 itfaiye kurtard\u0131: 3 yaral\u0131 - Memurun Sesi","isPartOf":{"@id":"https:\/\/memurunsesi.net\/#website"},"primaryImageOfPage":{"@id":"https:\/\/memurunsesi.net\/index.php\/2025\/04\/27\/kamyonetle-otomobil-carpisti-araclarda-sikisanlari-itfaiye-kurtardi-3-yarali\/#primaryimage"},"image":{"@id":"https:\/\/memurunsesi.net\/index.php\/2025\/04\/27\/kamyonetle-otomobil-carpisti-araclarda-sikisanlari-itfaiye-kurtardi-3-yarali\/#primaryimage"},"thumbnailUrl":"https:\/\/memurunsesi.net\/wp-content\/uploads\/2025\/04\/AW441898_02-scaled.jpg","datePublished":"2025-04-27T06:08:08+00:00","breadcrumb":{"@id":"https:\/\/memurunsesi.net\/index.php\/2025\/04\/27\/kamyonetle-otomobil-carpisti-araclarda-sikisanlari-itfaiye-kurtardi-3-yarali\/#breadcrumb"},"inLanguage":"tr","potentialAction":[{"@type":"ReadAction","target":["https:\/\/memurunsesi.net\/index.php\/2025\/04\/27\/kamyonetle-otomobil-carpisti-araclarda-sikisanlari-itfaiye-kurtardi-3-yarali\/"]}]},{"@type":"ImageObject","inLanguage":"tr","@id":"https:\/\/memurunsesi.net\/index.php\/2025\/04\/27\/kamyonetle-otomobil-carpisti-araclarda-sikisanlari-itfaiye-kurtardi-3-yarali\/#primaryimage","url":"https:\/\/memurunsesi.net\/wp-content\/uploads\/2025\/04\/AW441898_02-scaled.jpg","contentUrl":"https:\/\/memurunsesi.net\/wp-content\/uploads\/2025\/04\/AW441898_02-scaled.jpg","width":2560,"height":1441,"caption":"KARAMAN'DA KAMYONET \u0130LE \u00c7ARPI\u015eAN OTOMOB\u0130L\u0130N DEVR\u0130LMES\u0130 SONUCU 3 K\u0130\u015e\u0130 YARALANIRKEN, ARA\u00c7TA SIKI\u015eAN 2 K\u0130\u015e\u0130Y\u0130 \u0130TFA\u0130YE KURTARDI. (MEHMET AK\u0130F ORHAN\/KARAMAN-\u0130HA) Karaman'da kamyonet ile \u00e7arp\u0131\u015fan otomobilin devrilmesi sonucu 3 ki\u015fi yaralan\u0131rken, ara\u00e7larda s\u0131k\u0131\u015fan 2 ki\u015fiyi itfaiye kurtard\u0131."},{"@type":"BreadcrumbList","@id":"https:\/\/memurunsesi.net\/index.php\/2025\/04\/27\/kamyonetle-otomobil-carpisti-araclarda-sikisanlari-itfaiye-kurtardi-3-yarali\/#breadcrumb","itemListElement":[{"@type":"ListItem","position":1,"name":"Anasayfa","item":"https:\/\/memurunsesi.net\/"},{"@type":"ListItem","position":2,"name":"Kamyonetle otomobil \u00e7arp\u0131\u015ft\u0131, ara\u00e7larda s\u0131k\u0131\u015fanlar\u0131 itfaiye kurtard\u0131: 3 yaral\u0131"}]},{"@type":"WebSite","@id":"https:\/\/memurunsesi.net\/#website","url":"https:\/\/memurunsesi.net\/","name":"Memurun Sesi","description":"G\u00fcncel ve Do\u011fru Haber","publisher":{"@id":"https:\/\/memurunsesi.net\/#organization"},"potentialAction":[{"@type":"SearchAction","target":{"@type":"EntryPoint","urlTemplate":"https:\/\/memurunsesi.net\/?s={search_term_string}"},"query-input":{"@type":"PropertyValueSpecification","valueRequired":true,"valueName":"search_term_string"}}],"inLanguage":"tr"},{"@type":"Organization","@id":"https:\/\/memurunsesi.net\/#organization","name":"Memurun Sesi","url":"https:\/\/memurunsesi.net\/","logo":{"@type":"ImageObject","inLanguage":"tr","@id":"https:\/\/memurunsesi.net\/#\/schema\/logo\/image\/","url":"https:\/\/memurunsesi.net\/wp-content\/uploads\/2025\/11\/cropped-MEMURUN-SESI.png","contentUrl":"https:\/\/memurunsesi.net\/wp-content\/uploads\/2025\/11\/cropped-MEMURUN-SESI.png","width":238,"height":57,"caption":"Memurun Sesi"},"image":{"@id":"https:\/\/memurunsesi.net\/#\/schema\/logo\/image\/"},"sameAs":["https:\/\/www.facebook.com\/unipersen\/?locale=tr_TR","https:\/\/x.com\/unipersen"]},{"@type":"Person","@id":"https:\/\/memurunsesi.net\/#\/schema\/person\/f21c2d73b89f6ee1d80b0a1803e38587","name":"Memurun Sesi Haber Merkezi","image":{"@type":"ImageObject","inLanguage":"tr","@id":"https:\/\/secure.gravatar.com\/avatar\/6cf0505f452ee753f485014986fab09a434671d2b919ee76fc541025c5876a70?s=96&d=mm&r=g","url":"https:\/\/secure.gravatar.com\/avatar\/6cf0505f452ee753f485014986fab09a434671d2b919ee76fc541025c5876a70?s=96&d=mm&r=g","contentUrl":"https:\/\/secure.gravatar.com\/avatar\/6cf0505f452ee753f485014986fab09a434671d2b919ee76fc541025c5876a70?s=96&d=mm&r=g","caption":"Memurun Sesi Haber Merkezi"},"sameAs":["https:\/\/memurunsesi.net"],"url":"https:\/\/memurunsesi.net\/index.php\/author\/uniper\/"}]}},"_links":{"self":[{"href":"https:\/\/memurunsesi.net\/index.php\/wp-json\/wp\/v2\/posts\/6008","targetHints":{"allow":["GET"]}}],"collection":[{"href":"https:\/\/memurunsesi.net\/index.php\/wp-json\/wp\/v2\/posts"}],"about":[{"href":"https:\/\/memurunsesi.net\/index.php\/wp-json\/wp\/v2\/types\/post"}],"author":[{"embeddable":true,"href":"https:\/\/memurunsesi.net\/index.php\/wp-json\/wp\/v2\/users\/1"}],"replies":[{"embeddable":true,"href":"https:\/\/memurunsesi.net\/index.php\/wp-json\/wp\/v2\/comments?post=6008"}],"version-history":[{"count":1,"href":"https:\/\/memurunsesi.net\/index.php\/wp-json\/wp\/v2\/posts\/6008\/revisions"}],"predecessor-version":[{"id":6010,"href":"https:\/\/memurunsesi.net\/index.php\/wp-json\/wp\/v2\/posts\/6008\/revisions\/6010"}],"wp:featuredmedia":[{"embeddable":true,"href":"https:\/\/memurunsesi.net\/index.php\/wp-json\/wp\/v2\/media\/6009"}],"wp:attachment":[{"href":"https:\/\/memurunsesi.net\/index.php\/wp-json\/wp\/v2\/media?parent=6008"}],"wp:term":[{"taxonomy":"category","embeddable":true,"href":"https:\/\/memurunsesi.net\/index.php\/wp-json\/wp\/v2\/categories?post=6008"},{"taxonomy":"post_tag","embeddable":true,"href":"https:\/\/memurunsesi.net\/index.php\/wp-json\/wp\/v2\/tags?post=6008"}],"curies":[{"name":"wp","href":"https:\/\/api.w.org\/{rel}","templated":true}]}}