{"id":6011,"date":"2025-04-27T09:09:53","date_gmt":"2025-04-27T06:09:53","guid":{"rendered":"https:\/\/memurunsesi.net\/?p=6011"},"modified":"2025-04-27T09:09:53","modified_gmt":"2025-04-27T06:09:53","slug":"haymanada-basibos-esekler-kazaya-sebep-oldu-4-yarali","status":"publish","type":"post","link":"https:\/\/memurunsesi.net\/index.php\/2025\/04\/27\/haymanada-basibos-esekler-kazaya-sebep-oldu-4-yarali\/","title":{"rendered":"Haymana&#8217;da ba\u015f\u0131bo\u015f e\u015fekler kazaya sebep oldu: 4 yaral\u0131"},"content":{"rendered":"<p><figure id=\"attachment_6012\" aria-describedby=\"caption-attachment-6012\" style=\"width: 300px\" class=\"wp-caption alignnone\"><img  title=\"\" fetchpriority=\"high\" decoding=\"async\" src=\"https:\/\/memurunsesi.net\/wp-content\/uploads\/2025\/04\/AW441895_03-300x225.jpg\"  alt=\"AW441895_03-300x225 Haymana&#039;da ba\u015f\u0131bo\u015f e\u015fekler kazaya sebep oldu: 4 yaral\u0131\"  width=\"300\" height=\"225\" class=\"size-medium wp-image-6012\" srcset=\"https:\/\/memurunsesi.net\/wp-content\/uploads\/2025\/04\/AW441895_03-300x225.jpg 300w, https:\/\/memurunsesi.net\/wp-content\/uploads\/2025\/04\/AW441895_03-600x449.jpg 600w, https:\/\/memurunsesi.net\/wp-content\/uploads\/2025\/04\/AW441895_03.jpg 749w\" sizes=\"(max-width: 300px) 100vw, 300px\" \/><figcaption id=\"caption-attachment-6012\" class=\"wp-caption-text\">HAYMANA&#8217;DA BA\u015eIBO\u015e E\u015eEKLER KAZAYA SEBEP OLDU: 4 YARALI (FURKAN DO\u011eAN\/ANKARA-\u0130HA)<br \/>Ankara&#8217;n\u0131n Haymana il\u00e7esinde ba\u015f\u0131bo\u015f 2 e\u015fe\u011fin yola \u00e7\u0131kmas\u0131 sonucu meydana gelen zincirleme trafik kazas\u0131nda 4 ki\u015fi yaralan\u0131rken 2 e\u015fek de telef oldu.<\/figcaption><\/figure> Ankara&#8217;n\u0131n Haymana il\u00e7esinde ba\u015f\u0131bo\u015f 2 e\u015fe\u011fin yola \u00e7\u0131kmas\u0131 sonucu meydana gelen zincirleme trafik kazas\u0131nda 4 ki\u015fi yaralan\u0131rken 2 e\u015fek de telef oldu.<br \/>\n  Edinilen bilgilere g\u00f6re kaza, Haymana-Ankara yolu Oyaca mevkisinde ger\u00e7ekle\u015fti. Yola aniden \u00e7\u0131kan iki e\u015fe\u011fe \u00e7arpmamak i\u00e7in s\u00fcr\u00fcc\u00fclerin ani manevra yapmas\u0131 sonucu 3 ara\u00e7 birbirine girdi. S\u00fcr\u00fcc\u00fc manevra yapmas\u0131na ra\u011fmen e\u015feklere \u00e7arpt\u0131. Zincirleme kazada ara\u00e7larda bulunan 4 ki\u015fi yaralan\u0131rken, 2 e\u015fek ise telef oldu. Olay yerine \u00e7ok say\u0131da sa\u011fl\u0131k ve jandarma ekibi sevk edildi. Yaral\u0131lar, sa\u011fl\u0131k ekiplerinin ilk m\u00fcdahalesinin ard\u0131ndan G\u00f6lba\u015f\u0131 ve Haymana&#8217;daki hastanelere kald\u0131r\u0131larak tedavi alt\u0131na al\u0131nd\u0131. Jandarma, kazayla ilgili inceleme ba\u015flatt\u0131. <\/p>\n<p>27.04.2025                           <\/p>\n","protected":false},"excerpt":{"rendered":"<p>Ankara&#8217;n\u0131n Haymana il\u00e7esinde ba\u015f\u0131bo\u015f 2 e\u015fe\u011fin yola \u00e7\u0131kmas\u0131 sonucu meydana gelen zincirleme trafik kazas\u0131nda 4 ki\u015fi yaralan\u0131rken 2 e\u015fek de telef oldu. Edinilen bilgilere g\u00f6re kaza, Haymana-Ankara yolu Oyaca mevkisinde ger\u00e7ekle\u015fti. Yola aniden \u00e7\u0131kan iki e\u015fe\u011fe \u00e7arpmamak i\u00e7in s\u00fcr\u00fcc\u00fclerin ani manevra yapmas\u0131 sonucu 3 ara\u00e7 birbirine girdi. S\u00fcr\u00fcc\u00fc manevra yapmas\u0131na ra\u011fmen e\u015feklere \u00e7arpt\u0131. Zincirleme kazada [&hellip;]<\/p>\n","protected":false},"author":1,"featured_media":6013,"comment_status":"open","ping_status":"open","sticky":false,"template":"","format":"standard","meta":{"footnotes":""},"categories":[1],"tags":[],"class_list":["post-6011","post","type-post","status-publish","format-standard","has-post-thumbnail","hentry","category-genel"],"yoast_head":"<!-- This site is optimized with the Yoast SEO plugin v27.4 - https:\/\/yoast.com\/product\/yoast-seo-wordpress\/ -->\n<title>Haymana&#039;da ba\u015f\u0131bo\u015f e\u015fekler kazaya sebep oldu: 4 yaral\u0131 - Memurun Sesi<\/title>\n<meta name=\"robots\" content=\"index, follow, max-snippet:-1, max-image-preview:large, max-video-preview:-1\" \/>\n<link rel=\"canonical\" href=\"https:\/\/memurunsesi.net\/index.php\/2025\/04\/27\/haymanada-basibos-esekler-kazaya-sebep-oldu-4-yarali\/\" \/>\n<meta property=\"og:locale\" content=\"tr_TR\" \/>\n<meta property=\"og:type\" content=\"article\" \/>\n<meta property=\"og:title\" content=\"Haymana&#039;da ba\u015f\u0131bo\u015f e\u015fekler kazaya sebep oldu: 4 yaral\u0131 - Memurun Sesi\" \/>\n<meta property=\"og:description\" content=\"Ankara&#8217;n\u0131n Haymana il\u00e7esinde ba\u015f\u0131bo\u015f 2 e\u015fe\u011fin yola \u00e7\u0131kmas\u0131 sonucu meydana gelen zincirleme trafik kazas\u0131nda 4 ki\u015fi yaralan\u0131rken 2 e\u015fek de telef oldu. Edinilen bilgilere g\u00f6re kaza, Haymana-Ankara yolu Oyaca mevkisinde ger\u00e7ekle\u015fti. Yola aniden \u00e7\u0131kan iki e\u015fe\u011fe \u00e7arpmamak i\u00e7in s\u00fcr\u00fcc\u00fclerin ani manevra yapmas\u0131 sonucu 3 ara\u00e7 birbirine girdi. S\u00fcr\u00fcc\u00fc manevra yapmas\u0131na ra\u011fmen e\u015feklere \u00e7arpt\u0131. Zincirleme kazada [&hellip;]\" \/>\n<meta property=\"og:url\" content=\"https:\/\/memurunsesi.net\/index.php\/2025\/04\/27\/haymanada-basibos-esekler-kazaya-sebep-oldu-4-yarali\/\" \/>\n<meta property=\"og:site_name\" content=\"Memurun Sesi\" \/>\n<meta property=\"article:publisher\" content=\"https:\/\/www.facebook.com\/unipersen\/?locale=tr_TR\" \/>\n<meta property=\"article:published_time\" content=\"2025-04-27T06:09:53+00:00\" \/>\n<meta property=\"og:image\" content=\"https:\/\/memurunsesi.net\/wp-content\/uploads\/2025\/04\/AW441895_01.jpg\" \/>\n\t<meta property=\"og:image:width\" content=\"2048\" \/>\n\t<meta property=\"og:image:height\" content=\"1536\" \/>\n\t<meta property=\"og:image:type\" content=\"image\/jpeg\" \/>\n<meta name=\"author\" content=\"Memurun Sesi Haber Merkezi\" \/>\n<meta name=\"twitter:card\" content=\"summary_large_image\" \/>\n<meta name=\"twitter:creator\" content=\"@unipersen\" \/>\n<meta name=\"twitter:site\" content=\"@unipersen\" \/>\n<meta name=\"twitter:label1\" content=\"Yazan:\" \/>\n\t<meta name=\"twitter:data1\" content=\"Memurun Sesi Haber Merkezi\" \/>\n\t<meta name=\"twitter:label2\" content=\"Tahmini okuma s\u00fcresi\" \/>\n\t<meta name=\"twitter:data2\" content=\"1 dakika\" \/>\n<script type=\"application\/ld+json\" class=\"yoast-schema-graph\">{\"@context\":\"https:\\\/\\\/schema.org\",\"@graph\":[{\"@type\":\"Article\",\"@id\":\"https:\\\/\\\/memurunsesi.net\\\/index.php\\\/2025\\\/04\\\/27\\\/haymanada-basibos-esekler-kazaya-sebep-oldu-4-yarali\\\/#article\",\"isPartOf\":{\"@id\":\"https:\\\/\\\/memurunsesi.net\\\/index.php\\\/2025\\\/04\\\/27\\\/haymanada-basibos-esekler-kazaya-sebep-oldu-4-yarali\\\/\"},\"author\":{\"name\":\"Memurun Sesi Haber Merkezi\",\"@id\":\"https:\\\/\\\/memurunsesi.net\\\/#\\\/schema\\\/person\\\/f21c2d73b89f6ee1d80b0a1803e38587\"},\"headline\":\"Haymana&#8217;da ba\u015f\u0131bo\u015f e\u015fekler kazaya sebep oldu: 4 yaral\u0131\",\"datePublished\":\"2025-04-27T06:09:53+00:00\",\"mainEntityOfPage\":{\"@id\":\"https:\\\/\\\/memurunsesi.net\\\/index.php\\\/2025\\\/04\\\/27\\\/haymanada-basibos-esekler-kazaya-sebep-oldu-4-yarali\\\/\"},\"wordCount\":192,\"commentCount\":0,\"publisher\":{\"@id\":\"https:\\\/\\\/memurunsesi.net\\\/#organization\"},\"image\":{\"@id\":\"https:\\\/\\\/memurunsesi.net\\\/index.php\\\/2025\\\/04\\\/27\\\/haymanada-basibos-esekler-kazaya-sebep-oldu-4-yarali\\\/#primaryimage\"},\"thumbnailUrl\":\"https:\\\/\\\/memurunsesi.net\\\/wp-content\\\/uploads\\\/2025\\\/04\\\/AW441895_01.jpg\",\"inLanguage\":\"tr\",\"potentialAction\":[{\"@type\":\"CommentAction\",\"name\":\"Comment\",\"target\":[\"https:\\\/\\\/memurunsesi.net\\\/index.php\\\/2025\\\/04\\\/27\\\/haymanada-basibos-esekler-kazaya-sebep-oldu-4-yarali\\\/#respond\"]}]},{\"@type\":\"WebPage\",\"@id\":\"https:\\\/\\\/memurunsesi.net\\\/index.php\\\/2025\\\/04\\\/27\\\/haymanada-basibos-esekler-kazaya-sebep-oldu-4-yarali\\\/\",\"url\":\"https:\\\/\\\/memurunsesi.net\\\/index.php\\\/2025\\\/04\\\/27\\\/haymanada-basibos-esekler-kazaya-sebep-oldu-4-yarali\\\/\",\"name\":\"Haymana'da ba\u015f\u0131bo\u015f e\u015fekler kazaya sebep oldu: 4 yaral\u0131 - Memurun Sesi\",\"isPartOf\":{\"@id\":\"https:\\\/\\\/memurunsesi.net\\\/#website\"},\"primaryImageOfPage\":{\"@id\":\"https:\\\/\\\/memurunsesi.net\\\/index.php\\\/2025\\\/04\\\/27\\\/haymanada-basibos-esekler-kazaya-sebep-oldu-4-yarali\\\/#primaryimage\"},\"image\":{\"@id\":\"https:\\\/\\\/memurunsesi.net\\\/index.php\\\/2025\\\/04\\\/27\\\/haymanada-basibos-esekler-kazaya-sebep-oldu-4-yarali\\\/#primaryimage\"},\"thumbnailUrl\":\"https:\\\/\\\/memurunsesi.net\\\/wp-content\\\/uploads\\\/2025\\\/04\\\/AW441895_01.jpg\",\"datePublished\":\"2025-04-27T06:09:53+00:00\",\"breadcrumb\":{\"@id\":\"https:\\\/\\\/memurunsesi.net\\\/index.php\\\/2025\\\/04\\\/27\\\/haymanada-basibos-esekler-kazaya-sebep-oldu-4-yarali\\\/#breadcrumb\"},\"inLanguage\":\"tr\",\"potentialAction\":[{\"@type\":\"ReadAction\",\"target\":[\"https:\\\/\\\/memurunsesi.net\\\/index.php\\\/2025\\\/04\\\/27\\\/haymanada-basibos-esekler-kazaya-sebep-oldu-4-yarali\\\/\"]}]},{\"@type\":\"ImageObject\",\"inLanguage\":\"tr\",\"@id\":\"https:\\\/\\\/memurunsesi.net\\\/index.php\\\/2025\\\/04\\\/27\\\/haymanada-basibos-esekler-kazaya-sebep-oldu-4-yarali\\\/#primaryimage\",\"url\":\"https:\\\/\\\/memurunsesi.net\\\/wp-content\\\/uploads\\\/2025\\\/04\\\/AW441895_01.jpg\",\"contentUrl\":\"https:\\\/\\\/memurunsesi.net\\\/wp-content\\\/uploads\\\/2025\\\/04\\\/AW441895_01.jpg\",\"width\":2048,\"height\":1536,\"caption\":\"ANKARA'NIN HAYMANA \u0130L\u00c7ES\u0130NDE \u0130K\u0130 E\u015eE\u011e\u0130N YOLA \u00c7IKMASI SONUCU MEYDANA GELEN Z\u0130NC\u0130RLEME TRAF\u0130K KAZASINDA 4 K\u0130\u015e\u0130 YARALANIRKEN \u0130K\u0130 E\u015eEK \u0130SE TELEF OLDU. (FURKAN DO\u011eAN\\\/ANKARA-\u0130HA) Ankara'n\u0131n Haymana il\u00e7esinde ba\u015f\u0131bo\u015f 2 e\u015fe\u011fin yola \u00e7\u0131kmas\u0131 sonucu meydana gelen zincirleme trafik kazas\u0131nda 4 ki\u015fi yaralan\u0131rken 2 e\u015fek de telef oldu.\"},{\"@type\":\"BreadcrumbList\",\"@id\":\"https:\\\/\\\/memurunsesi.net\\\/index.php\\\/2025\\\/04\\\/27\\\/haymanada-basibos-esekler-kazaya-sebep-oldu-4-yarali\\\/#breadcrumb\",\"itemListElement\":[{\"@type\":\"ListItem\",\"position\":1,\"name\":\"Anasayfa\",\"item\":\"https:\\\/\\\/memurunsesi.net\\\/\"},{\"@type\":\"ListItem\",\"position\":2,\"name\":\"Haymana&#8217;da ba\u015f\u0131bo\u015f e\u015fekler kazaya sebep oldu: 4 yaral\u0131\"}]},{\"@type\":\"WebSite\",\"@id\":\"https:\\\/\\\/memurunsesi.net\\\/#website\",\"url\":\"https:\\\/\\\/memurunsesi.net\\\/\",\"name\":\"Memurun Sesi\",\"description\":\"G\u00fcncel ve Do\u011fru Haber\",\"publisher\":{\"@id\":\"https:\\\/\\\/memurunsesi.net\\\/#organization\"},\"potentialAction\":[{\"@type\":\"SearchAction\",\"target\":{\"@type\":\"EntryPoint\",\"urlTemplate\":\"https:\\\/\\\/memurunsesi.net\\\/?s={search_term_string}\"},\"query-input\":{\"@type\":\"PropertyValueSpecification\",\"valueRequired\":true,\"valueName\":\"search_term_string\"}}],\"inLanguage\":\"tr\"},{\"@type\":\"Organization\",\"@id\":\"https:\\\/\\\/memurunsesi.net\\\/#organization\",\"name\":\"Memurun Sesi\",\"url\":\"https:\\\/\\\/memurunsesi.net\\\/\",\"logo\":{\"@type\":\"ImageObject\",\"inLanguage\":\"tr\",\"@id\":\"https:\\\/\\\/memurunsesi.net\\\/#\\\/schema\\\/logo\\\/image\\\/\",\"url\":\"https:\\\/\\\/memurunsesi.net\\\/wp-content\\\/uploads\\\/2025\\\/11\\\/cropped-MEMURUN-SESI.png\",\"contentUrl\":\"https:\\\/\\\/memurunsesi.net\\\/wp-content\\\/uploads\\\/2025\\\/11\\\/cropped-MEMURUN-SESI.png\",\"width\":238,\"height\":57,\"caption\":\"Memurun Sesi\"},\"image\":{\"@id\":\"https:\\\/\\\/memurunsesi.net\\\/#\\\/schema\\\/logo\\\/image\\\/\"},\"sameAs\":[\"https:\\\/\\\/www.facebook.com\\\/unipersen\\\/?locale=tr_TR\",\"https:\\\/\\\/x.com\\\/unipersen\"]},{\"@type\":\"Person\",\"@id\":\"https:\\\/\\\/memurunsesi.net\\\/#\\\/schema\\\/person\\\/f21c2d73b89f6ee1d80b0a1803e38587\",\"name\":\"Memurun Sesi Haber Merkezi\",\"image\":{\"@type\":\"ImageObject\",\"inLanguage\":\"tr\",\"@id\":\"https:\\\/\\\/secure.gravatar.com\\\/avatar\\\/6cf0505f452ee753f485014986fab09a434671d2b919ee76fc541025c5876a70?s=96&d=mm&r=g\",\"url\":\"https:\\\/\\\/secure.gravatar.com\\\/avatar\\\/6cf0505f452ee753f485014986fab09a434671d2b919ee76fc541025c5876a70?s=96&d=mm&r=g\",\"contentUrl\":\"https:\\\/\\\/secure.gravatar.com\\\/avatar\\\/6cf0505f452ee753f485014986fab09a434671d2b919ee76fc541025c5876a70?s=96&d=mm&r=g\",\"caption\":\"Memurun Sesi Haber Merkezi\"},\"sameAs\":[\"https:\\\/\\\/memurunsesi.net\"],\"url\":\"https:\\\/\\\/memurunsesi.net\\\/index.php\\\/author\\\/uniper\\\/\"}]}<\/script>\n<!-- \/ Yoast SEO plugin. -->","yoast_head_json":{"title":"Haymana'da ba\u015f\u0131bo\u015f e\u015fekler kazaya sebep oldu: 4 yaral\u0131 - Memurun Sesi","robots":{"index":"index","follow":"follow","max-snippet":"max-snippet:-1","max-image-preview":"max-image-preview:large","max-video-preview":"max-video-preview:-1"},"canonical":"https:\/\/memurunsesi.net\/index.php\/2025\/04\/27\/haymanada-basibos-esekler-kazaya-sebep-oldu-4-yarali\/","og_locale":"tr_TR","og_type":"article","og_title":"Haymana'da ba\u015f\u0131bo\u015f e\u015fekler kazaya sebep oldu: 4 yaral\u0131 - Memurun Sesi","og_description":"Ankara&#8217;n\u0131n Haymana il\u00e7esinde ba\u015f\u0131bo\u015f 2 e\u015fe\u011fin yola \u00e7\u0131kmas\u0131 sonucu meydana gelen zincirleme trafik kazas\u0131nda 4 ki\u015fi yaralan\u0131rken 2 e\u015fek de telef oldu. Edinilen bilgilere g\u00f6re kaza, Haymana-Ankara yolu Oyaca mevkisinde ger\u00e7ekle\u015fti. Yola aniden \u00e7\u0131kan iki e\u015fe\u011fe \u00e7arpmamak i\u00e7in s\u00fcr\u00fcc\u00fclerin ani manevra yapmas\u0131 sonucu 3 ara\u00e7 birbirine girdi. S\u00fcr\u00fcc\u00fc manevra yapmas\u0131na ra\u011fmen e\u015feklere \u00e7arpt\u0131. Zincirleme kazada [&hellip;]","og_url":"https:\/\/memurunsesi.net\/index.php\/2025\/04\/27\/haymanada-basibos-esekler-kazaya-sebep-oldu-4-yarali\/","og_site_name":"Memurun Sesi","article_publisher":"https:\/\/www.facebook.com\/unipersen\/?locale=tr_TR","article_published_time":"2025-04-27T06:09:53+00:00","og_image":[{"width":2048,"height":1536,"url":"https:\/\/memurunsesi.net\/wp-content\/uploads\/2025\/04\/AW441895_01.jpg","type":"image\/jpeg"}],"author":"Memurun Sesi Haber Merkezi","twitter_card":"summary_large_image","twitter_creator":"@unipersen","twitter_site":"@unipersen","twitter_misc":{"Yazan:":"Memurun Sesi Haber Merkezi","Tahmini okuma s\u00fcresi":"1 dakika"},"schema":{"@context":"https:\/\/schema.org","@graph":[{"@type":"Article","@id":"https:\/\/memurunsesi.net\/index.php\/2025\/04\/27\/haymanada-basibos-esekler-kazaya-sebep-oldu-4-yarali\/#article","isPartOf":{"@id":"https:\/\/memurunsesi.net\/index.php\/2025\/04\/27\/haymanada-basibos-esekler-kazaya-sebep-oldu-4-yarali\/"},"author":{"name":"Memurun Sesi Haber Merkezi","@id":"https:\/\/memurunsesi.net\/#\/schema\/person\/f21c2d73b89f6ee1d80b0a1803e38587"},"headline":"Haymana&#8217;da ba\u015f\u0131bo\u015f e\u015fekler kazaya sebep oldu: 4 yaral\u0131","datePublished":"2025-04-27T06:09:53+00:00","mainEntityOfPage":{"@id":"https:\/\/memurunsesi.net\/index.php\/2025\/04\/27\/haymanada-basibos-esekler-kazaya-sebep-oldu-4-yarali\/"},"wordCount":192,"commentCount":0,"publisher":{"@id":"https:\/\/memurunsesi.net\/#organization"},"image":{"@id":"https:\/\/memurunsesi.net\/index.php\/2025\/04\/27\/haymanada-basibos-esekler-kazaya-sebep-oldu-4-yarali\/#primaryimage"},"thumbnailUrl":"https:\/\/memurunsesi.net\/wp-content\/uploads\/2025\/04\/AW441895_01.jpg","inLanguage":"tr","potentialAction":[{"@type":"CommentAction","name":"Comment","target":["https:\/\/memurunsesi.net\/index.php\/2025\/04\/27\/haymanada-basibos-esekler-kazaya-sebep-oldu-4-yarali\/#respond"]}]},{"@type":"WebPage","@id":"https:\/\/memurunsesi.net\/index.php\/2025\/04\/27\/haymanada-basibos-esekler-kazaya-sebep-oldu-4-yarali\/","url":"https:\/\/memurunsesi.net\/index.php\/2025\/04\/27\/haymanada-basibos-esekler-kazaya-sebep-oldu-4-yarali\/","name":"Haymana'da ba\u015f\u0131bo\u015f e\u015fekler kazaya sebep oldu: 4 yaral\u0131 - Memurun Sesi","isPartOf":{"@id":"https:\/\/memurunsesi.net\/#website"},"primaryImageOfPage":{"@id":"https:\/\/memurunsesi.net\/index.php\/2025\/04\/27\/haymanada-basibos-esekler-kazaya-sebep-oldu-4-yarali\/#primaryimage"},"image":{"@id":"https:\/\/memurunsesi.net\/index.php\/2025\/04\/27\/haymanada-basibos-esekler-kazaya-sebep-oldu-4-yarali\/#primaryimage"},"thumbnailUrl":"https:\/\/memurunsesi.net\/wp-content\/uploads\/2025\/04\/AW441895_01.jpg","datePublished":"2025-04-27T06:09:53+00:00","breadcrumb":{"@id":"https:\/\/memurunsesi.net\/index.php\/2025\/04\/27\/haymanada-basibos-esekler-kazaya-sebep-oldu-4-yarali\/#breadcrumb"},"inLanguage":"tr","potentialAction":[{"@type":"ReadAction","target":["https:\/\/memurunsesi.net\/index.php\/2025\/04\/27\/haymanada-basibos-esekler-kazaya-sebep-oldu-4-yarali\/"]}]},{"@type":"ImageObject","inLanguage":"tr","@id":"https:\/\/memurunsesi.net\/index.php\/2025\/04\/27\/haymanada-basibos-esekler-kazaya-sebep-oldu-4-yarali\/#primaryimage","url":"https:\/\/memurunsesi.net\/wp-content\/uploads\/2025\/04\/AW441895_01.jpg","contentUrl":"https:\/\/memurunsesi.net\/wp-content\/uploads\/2025\/04\/AW441895_01.jpg","width":2048,"height":1536,"caption":"ANKARA'NIN HAYMANA \u0130L\u00c7ES\u0130NDE \u0130K\u0130 E\u015eE\u011e\u0130N YOLA \u00c7IKMASI SONUCU MEYDANA GELEN Z\u0130NC\u0130RLEME TRAF\u0130K KAZASINDA 4 K\u0130\u015e\u0130 YARALANIRKEN \u0130K\u0130 E\u015eEK \u0130SE TELEF OLDU. (FURKAN DO\u011eAN\/ANKARA-\u0130HA) Ankara'n\u0131n Haymana il\u00e7esinde ba\u015f\u0131bo\u015f 2 e\u015fe\u011fin yola \u00e7\u0131kmas\u0131 sonucu meydana gelen zincirleme trafik kazas\u0131nda 4 ki\u015fi yaralan\u0131rken 2 e\u015fek de telef oldu."},{"@type":"BreadcrumbList","@id":"https:\/\/memurunsesi.net\/index.php\/2025\/04\/27\/haymanada-basibos-esekler-kazaya-sebep-oldu-4-yarali\/#breadcrumb","itemListElement":[{"@type":"ListItem","position":1,"name":"Anasayfa","item":"https:\/\/memurunsesi.net\/"},{"@type":"ListItem","position":2,"name":"Haymana&#8217;da ba\u015f\u0131bo\u015f e\u015fekler kazaya sebep oldu: 4 yaral\u0131"}]},{"@type":"WebSite","@id":"https:\/\/memurunsesi.net\/#website","url":"https:\/\/memurunsesi.net\/","name":"Memurun Sesi","description":"G\u00fcncel ve Do\u011fru Haber","publisher":{"@id":"https:\/\/memurunsesi.net\/#organization"},"potentialAction":[{"@type":"SearchAction","target":{"@type":"EntryPoint","urlTemplate":"https:\/\/memurunsesi.net\/?s={search_term_string}"},"query-input":{"@type":"PropertyValueSpecification","valueRequired":true,"valueName":"search_term_string"}}],"inLanguage":"tr"},{"@type":"Organization","@id":"https:\/\/memurunsesi.net\/#organization","name":"Memurun Sesi","url":"https:\/\/memurunsesi.net\/","logo":{"@type":"ImageObject","inLanguage":"tr","@id":"https:\/\/memurunsesi.net\/#\/schema\/logo\/image\/","url":"https:\/\/memurunsesi.net\/wp-content\/uploads\/2025\/11\/cropped-MEMURUN-SESI.png","contentUrl":"https:\/\/memurunsesi.net\/wp-content\/uploads\/2025\/11\/cropped-MEMURUN-SESI.png","width":238,"height":57,"caption":"Memurun Sesi"},"image":{"@id":"https:\/\/memurunsesi.net\/#\/schema\/logo\/image\/"},"sameAs":["https:\/\/www.facebook.com\/unipersen\/?locale=tr_TR","https:\/\/x.com\/unipersen"]},{"@type":"Person","@id":"https:\/\/memurunsesi.net\/#\/schema\/person\/f21c2d73b89f6ee1d80b0a1803e38587","name":"Memurun Sesi Haber Merkezi","image":{"@type":"ImageObject","inLanguage":"tr","@id":"https:\/\/secure.gravatar.com\/avatar\/6cf0505f452ee753f485014986fab09a434671d2b919ee76fc541025c5876a70?s=96&d=mm&r=g","url":"https:\/\/secure.gravatar.com\/avatar\/6cf0505f452ee753f485014986fab09a434671d2b919ee76fc541025c5876a70?s=96&d=mm&r=g","contentUrl":"https:\/\/secure.gravatar.com\/avatar\/6cf0505f452ee753f485014986fab09a434671d2b919ee76fc541025c5876a70?s=96&d=mm&r=g","caption":"Memurun Sesi Haber Merkezi"},"sameAs":["https:\/\/memurunsesi.net"],"url":"https:\/\/memurunsesi.net\/index.php\/author\/uniper\/"}]}},"_links":{"self":[{"href":"https:\/\/memurunsesi.net\/index.php\/wp-json\/wp\/v2\/posts\/6011","targetHints":{"allow":["GET"]}}],"collection":[{"href":"https:\/\/memurunsesi.net\/index.php\/wp-json\/wp\/v2\/posts"}],"about":[{"href":"https:\/\/memurunsesi.net\/index.php\/wp-json\/wp\/v2\/types\/post"}],"author":[{"embeddable":true,"href":"https:\/\/memurunsesi.net\/index.php\/wp-json\/wp\/v2\/users\/1"}],"replies":[{"embeddable":true,"href":"https:\/\/memurunsesi.net\/index.php\/wp-json\/wp\/v2\/comments?post=6011"}],"version-history":[{"count":1,"href":"https:\/\/memurunsesi.net\/index.php\/wp-json\/wp\/v2\/posts\/6011\/revisions"}],"predecessor-version":[{"id":6014,"href":"https:\/\/memurunsesi.net\/index.php\/wp-json\/wp\/v2\/posts\/6011\/revisions\/6014"}],"wp:featuredmedia":[{"embeddable":true,"href":"https:\/\/memurunsesi.net\/index.php\/wp-json\/wp\/v2\/media\/6013"}],"wp:attachment":[{"href":"https:\/\/memurunsesi.net\/index.php\/wp-json\/wp\/v2\/media?parent=6011"}],"wp:term":[{"taxonomy":"category","embeddable":true,"href":"https:\/\/memurunsesi.net\/index.php\/wp-json\/wp\/v2\/categories?post=6011"},{"taxonomy":"post_tag","embeddable":true,"href":"https:\/\/memurunsesi.net\/index.php\/wp-json\/wp\/v2\/tags?post=6011"}],"curies":[{"name":"wp","href":"https:\/\/api.w.org\/{rel}","templated":true}]}}