{"id":6018,"date":"2025-04-27T09:12:39","date_gmt":"2025-04-27T06:12:39","guid":{"rendered":"https:\/\/memurunsesi.net\/?p=6018"},"modified":"2025-04-27T09:12:39","modified_gmt":"2025-04-27T06:12:39","slug":"seyir-halindeki-otomobil-yandi","status":"publish","type":"post","link":"https:\/\/memurunsesi.net\/index.php\/2025\/04\/27\/seyir-halindeki-otomobil-yandi\/","title":{"rendered":"Seyir halindeki otomobil yand\u0131"},"content":{"rendered":"<p>  Erzurum&#8217;un A\u015fkale il\u00e7esinde seyir halindeki otomobil yand\u0131.<br \/>\nAl\u0131nan bilgiye g\u00f6re Erzincan\u2019dan Erzurum istikametine seyir halinde olan B\u00fclent K. idaresindeki 25 AAT 442 plakal\u0131 Citroen marka otomobilden, K\u00fck\u00fcrtl\u00fc k\u00f6y\u00fc mevkiine geldi\u011fi esnada bir anda dumanlar y\u00fckselmeye ba\u015flad\u0131. Otomobili hemen yok kenar\u0131na park eden s\u00fcr\u00fcc\u00fc ara\u00e7tan indi. Ayn\u0131 mevkide kar\u015f\u0131 \u015feritteki yanan t\u0131r\u0131 s\u00f6nd\u00fcrme ve so\u011futma \u00e7al\u0131\u015fmas\u0131 yapan Erzurum B\u00fcy\u00fck\u015fehir Belediyesi A\u015fkale itfaiye ekipleri direkt otomobile m\u00fcdahale etmeye ba\u015flad\u0131. Motor k\u0131sm\u0131nda ba\u015flayan yang\u0131n itfaiye ekiplerinin gayreti ve \u00f6zverili \u00e7al\u0131\u015fmalar\u0131 sayesinde k\u0131sa s\u00fcrede s\u00f6nd\u00fcr\u00fcld\u00fc.<br \/>\n  Otomobilde 4 yolcu bulundu\u011fu \u00f6\u011frenilirken itfaiye ekiplerinin olay yerine yak\u0131n olmas\u0131 olas\u0131 bir faciay\u0131 \u00f6nledi. <\/p>\n<p>27.04.2025                               <\/p>\n","protected":false},"excerpt":{"rendered":"<p>Erzurum&#8217;un A\u015fkale il\u00e7esinde seyir halindeki otomobil yand\u0131. Al\u0131nan bilgiye g\u00f6re Erzincan\u2019dan Erzurum istikametine seyir halinde olan B\u00fclent K. idaresindeki 25 AAT 442 plakal\u0131 Citroen marka otomobilden, K\u00fck\u00fcrtl\u00fc k\u00f6y\u00fc mevkiine geldi\u011fi esnada bir anda dumanlar y\u00fckselmeye ba\u015flad\u0131. Otomobili hemen yok kenar\u0131na park eden s\u00fcr\u00fcc\u00fc ara\u00e7tan indi. Ayn\u0131 mevkide kar\u015f\u0131 \u015feritteki yanan t\u0131r\u0131 s\u00f6nd\u00fcrme ve so\u011futma \u00e7al\u0131\u015fmas\u0131 [&hellip;]<\/p>\n","protected":false},"author":1,"featured_media":6019,"comment_status":"open","ping_status":"open","sticky":false,"template":"","format":"standard","meta":{"footnotes":""},"categories":[45],"tags":[],"class_list":["post-6018","post","type-post","status-publish","format-standard","has-post-thumbnail","hentry","category-gundem"],"yoast_head":"<!-- This site is optimized with the Yoast SEO plugin v27.4 - https:\/\/yoast.com\/product\/yoast-seo-wordpress\/ -->\n<title>Seyir halindeki otomobil yand\u0131 - Memurun Sesi<\/title>\n<meta name=\"robots\" content=\"index, follow, max-snippet:-1, max-image-preview:large, max-video-preview:-1\" \/>\n<link rel=\"canonical\" href=\"https:\/\/memurunsesi.net\/index.php\/2025\/04\/27\/seyir-halindeki-otomobil-yandi\/\" \/>\n<meta property=\"og:locale\" content=\"tr_TR\" \/>\n<meta property=\"og:type\" content=\"article\" \/>\n<meta property=\"og:title\" content=\"Seyir halindeki otomobil yand\u0131 - Memurun Sesi\" \/>\n<meta property=\"og:description\" content=\"Erzurum&#8217;un A\u015fkale il\u00e7esinde seyir halindeki otomobil yand\u0131. Al\u0131nan bilgiye g\u00f6re Erzincan\u2019dan Erzurum istikametine seyir halinde olan B\u00fclent K. idaresindeki 25 AAT 442 plakal\u0131 Citroen marka otomobilden, K\u00fck\u00fcrtl\u00fc k\u00f6y\u00fc mevkiine geldi\u011fi esnada bir anda dumanlar y\u00fckselmeye ba\u015flad\u0131. Otomobili hemen yok kenar\u0131na park eden s\u00fcr\u00fcc\u00fc ara\u00e7tan indi. Ayn\u0131 mevkide kar\u015f\u0131 \u015feritteki yanan t\u0131r\u0131 s\u00f6nd\u00fcrme ve so\u011futma \u00e7al\u0131\u015fmas\u0131 [&hellip;]\" \/>\n<meta property=\"og:url\" content=\"https:\/\/memurunsesi.net\/index.php\/2025\/04\/27\/seyir-halindeki-otomobil-yandi\/\" \/>\n<meta property=\"og:site_name\" content=\"Memurun Sesi\" \/>\n<meta property=\"article:publisher\" content=\"https:\/\/www.facebook.com\/unipersen\/?locale=tr_TR\" \/>\n<meta property=\"article:published_time\" content=\"2025-04-27T06:12:39+00:00\" \/>\n<meta property=\"og:image\" content=\"https:\/\/memurunsesi.net\/wp-content\/uploads\/2025\/04\/AW441909_02.jpg\" \/>\n\t<meta property=\"og:image:width\" content=\"1600\" \/>\n\t<meta property=\"og:image:height\" content=\"1200\" \/>\n\t<meta property=\"og:image:type\" content=\"image\/jpeg\" \/>\n<meta name=\"author\" content=\"Memurun Sesi Haber Merkezi\" \/>\n<meta name=\"twitter:card\" content=\"summary_large_image\" \/>\n<meta name=\"twitter:creator\" content=\"@unipersen\" \/>\n<meta name=\"twitter:site\" content=\"@unipersen\" \/>\n<meta name=\"twitter:label1\" content=\"Yazan:\" \/>\n\t<meta name=\"twitter:data1\" content=\"Memurun Sesi Haber Merkezi\" \/>\n\t<meta name=\"twitter:label2\" content=\"Tahmini okuma s\u00fcresi\" \/>\n\t<meta name=\"twitter:data2\" content=\"1 dakika\" \/>\n<script type=\"application\/ld+json\" class=\"yoast-schema-graph\">{\"@context\":\"https:\\\/\\\/schema.org\",\"@graph\":[{\"@type\":\"Article\",\"@id\":\"https:\\\/\\\/memurunsesi.net\\\/index.php\\\/2025\\\/04\\\/27\\\/seyir-halindeki-otomobil-yandi\\\/#article\",\"isPartOf\":{\"@id\":\"https:\\\/\\\/memurunsesi.net\\\/index.php\\\/2025\\\/04\\\/27\\\/seyir-halindeki-otomobil-yandi\\\/\"},\"author\":{\"name\":\"Memurun Sesi Haber Merkezi\",\"@id\":\"https:\\\/\\\/memurunsesi.net\\\/#\\\/schema\\\/person\\\/f21c2d73b89f6ee1d80b0a1803e38587\"},\"headline\":\"Seyir halindeki otomobil yand\u0131\",\"datePublished\":\"2025-04-27T06:12:39+00:00\",\"mainEntityOfPage\":{\"@id\":\"https:\\\/\\\/memurunsesi.net\\\/index.php\\\/2025\\\/04\\\/27\\\/seyir-halindeki-otomobil-yandi\\\/\"},\"wordCount\":137,\"commentCount\":0,\"publisher\":{\"@id\":\"https:\\\/\\\/memurunsesi.net\\\/#organization\"},\"image\":{\"@id\":\"https:\\\/\\\/memurunsesi.net\\\/index.php\\\/2025\\\/04\\\/27\\\/seyir-halindeki-otomobil-yandi\\\/#primaryimage\"},\"thumbnailUrl\":\"https:\\\/\\\/memurunsesi.net\\\/wp-content\\\/uploads\\\/2025\\\/04\\\/AW441909_02.jpg\",\"articleSection\":[\"G\u00fcndem\"],\"inLanguage\":\"tr\",\"potentialAction\":[{\"@type\":\"CommentAction\",\"name\":\"Comment\",\"target\":[\"https:\\\/\\\/memurunsesi.net\\\/index.php\\\/2025\\\/04\\\/27\\\/seyir-halindeki-otomobil-yandi\\\/#respond\"]}]},{\"@type\":\"WebPage\",\"@id\":\"https:\\\/\\\/memurunsesi.net\\\/index.php\\\/2025\\\/04\\\/27\\\/seyir-halindeki-otomobil-yandi\\\/\",\"url\":\"https:\\\/\\\/memurunsesi.net\\\/index.php\\\/2025\\\/04\\\/27\\\/seyir-halindeki-otomobil-yandi\\\/\",\"name\":\"Seyir halindeki otomobil yand\u0131 - Memurun Sesi\",\"isPartOf\":{\"@id\":\"https:\\\/\\\/memurunsesi.net\\\/#website\"},\"primaryImageOfPage\":{\"@id\":\"https:\\\/\\\/memurunsesi.net\\\/index.php\\\/2025\\\/04\\\/27\\\/seyir-halindeki-otomobil-yandi\\\/#primaryimage\"},\"image\":{\"@id\":\"https:\\\/\\\/memurunsesi.net\\\/index.php\\\/2025\\\/04\\\/27\\\/seyir-halindeki-otomobil-yandi\\\/#primaryimage\"},\"thumbnailUrl\":\"https:\\\/\\\/memurunsesi.net\\\/wp-content\\\/uploads\\\/2025\\\/04\\\/AW441909_02.jpg\",\"datePublished\":\"2025-04-27T06:12:39+00:00\",\"breadcrumb\":{\"@id\":\"https:\\\/\\\/memurunsesi.net\\\/index.php\\\/2025\\\/04\\\/27\\\/seyir-halindeki-otomobil-yandi\\\/#breadcrumb\"},\"inLanguage\":\"tr\",\"potentialAction\":[{\"@type\":\"ReadAction\",\"target\":[\"https:\\\/\\\/memurunsesi.net\\\/index.php\\\/2025\\\/04\\\/27\\\/seyir-halindeki-otomobil-yandi\\\/\"]}]},{\"@type\":\"ImageObject\",\"inLanguage\":\"tr\",\"@id\":\"https:\\\/\\\/memurunsesi.net\\\/index.php\\\/2025\\\/04\\\/27\\\/seyir-halindeki-otomobil-yandi\\\/#primaryimage\",\"url\":\"https:\\\/\\\/memurunsesi.net\\\/wp-content\\\/uploads\\\/2025\\\/04\\\/AW441909_02.jpg\",\"contentUrl\":\"https:\\\/\\\/memurunsesi.net\\\/wp-content\\\/uploads\\\/2025\\\/04\\\/AW441909_02.jpg\",\"width\":1600,\"height\":1200,\"caption\":\"ERZURUM'UN A\u015eKALE \u0130L\u00c7ES\u0130NDE SEY\u0130R HAL\u0130NDEK\u0130 OTOMOB\u0130L YANDI. (CELAL D\u0130LS\u0130Z\\\/ERZURUM-\u0130HA) Erzurum'un A\u015fkale il\u00e7esinde seyir halindeki otomobil yand\u0131.\"},{\"@type\":\"BreadcrumbList\",\"@id\":\"https:\\\/\\\/memurunsesi.net\\\/index.php\\\/2025\\\/04\\\/27\\\/seyir-halindeki-otomobil-yandi\\\/#breadcrumb\",\"itemListElement\":[{\"@type\":\"ListItem\",\"position\":1,\"name\":\"Anasayfa\",\"item\":\"https:\\\/\\\/memurunsesi.net\\\/\"},{\"@type\":\"ListItem\",\"position\":2,\"name\":\"Seyir halindeki otomobil yand\u0131\"}]},{\"@type\":\"WebSite\",\"@id\":\"https:\\\/\\\/memurunsesi.net\\\/#website\",\"url\":\"https:\\\/\\\/memurunsesi.net\\\/\",\"name\":\"Memurun Sesi\",\"description\":\"G\u00fcncel ve Do\u011fru Haber\",\"publisher\":{\"@id\":\"https:\\\/\\\/memurunsesi.net\\\/#organization\"},\"potentialAction\":[{\"@type\":\"SearchAction\",\"target\":{\"@type\":\"EntryPoint\",\"urlTemplate\":\"https:\\\/\\\/memurunsesi.net\\\/?s={search_term_string}\"},\"query-input\":{\"@type\":\"PropertyValueSpecification\",\"valueRequired\":true,\"valueName\":\"search_term_string\"}}],\"inLanguage\":\"tr\"},{\"@type\":\"Organization\",\"@id\":\"https:\\\/\\\/memurunsesi.net\\\/#organization\",\"name\":\"Memurun Sesi\",\"url\":\"https:\\\/\\\/memurunsesi.net\\\/\",\"logo\":{\"@type\":\"ImageObject\",\"inLanguage\":\"tr\",\"@id\":\"https:\\\/\\\/memurunsesi.net\\\/#\\\/schema\\\/logo\\\/image\\\/\",\"url\":\"https:\\\/\\\/memurunsesi.net\\\/wp-content\\\/uploads\\\/2025\\\/11\\\/cropped-MEMURUN-SESI.png\",\"contentUrl\":\"https:\\\/\\\/memurunsesi.net\\\/wp-content\\\/uploads\\\/2025\\\/11\\\/cropped-MEMURUN-SESI.png\",\"width\":238,\"height\":57,\"caption\":\"Memurun Sesi\"},\"image\":{\"@id\":\"https:\\\/\\\/memurunsesi.net\\\/#\\\/schema\\\/logo\\\/image\\\/\"},\"sameAs\":[\"https:\\\/\\\/www.facebook.com\\\/unipersen\\\/?locale=tr_TR\",\"https:\\\/\\\/x.com\\\/unipersen\"]},{\"@type\":\"Person\",\"@id\":\"https:\\\/\\\/memurunsesi.net\\\/#\\\/schema\\\/person\\\/f21c2d73b89f6ee1d80b0a1803e38587\",\"name\":\"Memurun Sesi Haber Merkezi\",\"image\":{\"@type\":\"ImageObject\",\"inLanguage\":\"tr\",\"@id\":\"https:\\\/\\\/secure.gravatar.com\\\/avatar\\\/6cf0505f452ee753f485014986fab09a434671d2b919ee76fc541025c5876a70?s=96&d=mm&r=g\",\"url\":\"https:\\\/\\\/secure.gravatar.com\\\/avatar\\\/6cf0505f452ee753f485014986fab09a434671d2b919ee76fc541025c5876a70?s=96&d=mm&r=g\",\"contentUrl\":\"https:\\\/\\\/secure.gravatar.com\\\/avatar\\\/6cf0505f452ee753f485014986fab09a434671d2b919ee76fc541025c5876a70?s=96&d=mm&r=g\",\"caption\":\"Memurun Sesi Haber Merkezi\"},\"sameAs\":[\"https:\\\/\\\/memurunsesi.net\"],\"url\":\"https:\\\/\\\/memurunsesi.net\\\/index.php\\\/author\\\/uniper\\\/\"}]}<\/script>\n<!-- \/ Yoast SEO plugin. -->","yoast_head_json":{"title":"Seyir halindeki otomobil yand\u0131 - Memurun Sesi","robots":{"index":"index","follow":"follow","max-snippet":"max-snippet:-1","max-image-preview":"max-image-preview:large","max-video-preview":"max-video-preview:-1"},"canonical":"https:\/\/memurunsesi.net\/index.php\/2025\/04\/27\/seyir-halindeki-otomobil-yandi\/","og_locale":"tr_TR","og_type":"article","og_title":"Seyir halindeki otomobil yand\u0131 - Memurun Sesi","og_description":"Erzurum&#8217;un A\u015fkale il\u00e7esinde seyir halindeki otomobil yand\u0131. Al\u0131nan bilgiye g\u00f6re Erzincan\u2019dan Erzurum istikametine seyir halinde olan B\u00fclent K. idaresindeki 25 AAT 442 plakal\u0131 Citroen marka otomobilden, K\u00fck\u00fcrtl\u00fc k\u00f6y\u00fc mevkiine geldi\u011fi esnada bir anda dumanlar y\u00fckselmeye ba\u015flad\u0131. Otomobili hemen yok kenar\u0131na park eden s\u00fcr\u00fcc\u00fc ara\u00e7tan indi. Ayn\u0131 mevkide kar\u015f\u0131 \u015feritteki yanan t\u0131r\u0131 s\u00f6nd\u00fcrme ve so\u011futma \u00e7al\u0131\u015fmas\u0131 [&hellip;]","og_url":"https:\/\/memurunsesi.net\/index.php\/2025\/04\/27\/seyir-halindeki-otomobil-yandi\/","og_site_name":"Memurun Sesi","article_publisher":"https:\/\/www.facebook.com\/unipersen\/?locale=tr_TR","article_published_time":"2025-04-27T06:12:39+00:00","og_image":[{"width":1600,"height":1200,"url":"https:\/\/memurunsesi.net\/wp-content\/uploads\/2025\/04\/AW441909_02.jpg","type":"image\/jpeg"}],"author":"Memurun Sesi Haber Merkezi","twitter_card":"summary_large_image","twitter_creator":"@unipersen","twitter_site":"@unipersen","twitter_misc":{"Yazan:":"Memurun Sesi Haber Merkezi","Tahmini okuma s\u00fcresi":"1 dakika"},"schema":{"@context":"https:\/\/schema.org","@graph":[{"@type":"Article","@id":"https:\/\/memurunsesi.net\/index.php\/2025\/04\/27\/seyir-halindeki-otomobil-yandi\/#article","isPartOf":{"@id":"https:\/\/memurunsesi.net\/index.php\/2025\/04\/27\/seyir-halindeki-otomobil-yandi\/"},"author":{"name":"Memurun Sesi Haber Merkezi","@id":"https:\/\/memurunsesi.net\/#\/schema\/person\/f21c2d73b89f6ee1d80b0a1803e38587"},"headline":"Seyir halindeki otomobil yand\u0131","datePublished":"2025-04-27T06:12:39+00:00","mainEntityOfPage":{"@id":"https:\/\/memurunsesi.net\/index.php\/2025\/04\/27\/seyir-halindeki-otomobil-yandi\/"},"wordCount":137,"commentCount":0,"publisher":{"@id":"https:\/\/memurunsesi.net\/#organization"},"image":{"@id":"https:\/\/memurunsesi.net\/index.php\/2025\/04\/27\/seyir-halindeki-otomobil-yandi\/#primaryimage"},"thumbnailUrl":"https:\/\/memurunsesi.net\/wp-content\/uploads\/2025\/04\/AW441909_02.jpg","articleSection":["G\u00fcndem"],"inLanguage":"tr","potentialAction":[{"@type":"CommentAction","name":"Comment","target":["https:\/\/memurunsesi.net\/index.php\/2025\/04\/27\/seyir-halindeki-otomobil-yandi\/#respond"]}]},{"@type":"WebPage","@id":"https:\/\/memurunsesi.net\/index.php\/2025\/04\/27\/seyir-halindeki-otomobil-yandi\/","url":"https:\/\/memurunsesi.net\/index.php\/2025\/04\/27\/seyir-halindeki-otomobil-yandi\/","name":"Seyir halindeki otomobil yand\u0131 - Memurun Sesi","isPartOf":{"@id":"https:\/\/memurunsesi.net\/#website"},"primaryImageOfPage":{"@id":"https:\/\/memurunsesi.net\/index.php\/2025\/04\/27\/seyir-halindeki-otomobil-yandi\/#primaryimage"},"image":{"@id":"https:\/\/memurunsesi.net\/index.php\/2025\/04\/27\/seyir-halindeki-otomobil-yandi\/#primaryimage"},"thumbnailUrl":"https:\/\/memurunsesi.net\/wp-content\/uploads\/2025\/04\/AW441909_02.jpg","datePublished":"2025-04-27T06:12:39+00:00","breadcrumb":{"@id":"https:\/\/memurunsesi.net\/index.php\/2025\/04\/27\/seyir-halindeki-otomobil-yandi\/#breadcrumb"},"inLanguage":"tr","potentialAction":[{"@type":"ReadAction","target":["https:\/\/memurunsesi.net\/index.php\/2025\/04\/27\/seyir-halindeki-otomobil-yandi\/"]}]},{"@type":"ImageObject","inLanguage":"tr","@id":"https:\/\/memurunsesi.net\/index.php\/2025\/04\/27\/seyir-halindeki-otomobil-yandi\/#primaryimage","url":"https:\/\/memurunsesi.net\/wp-content\/uploads\/2025\/04\/AW441909_02.jpg","contentUrl":"https:\/\/memurunsesi.net\/wp-content\/uploads\/2025\/04\/AW441909_02.jpg","width":1600,"height":1200,"caption":"ERZURUM'UN A\u015eKALE \u0130L\u00c7ES\u0130NDE SEY\u0130R HAL\u0130NDEK\u0130 OTOMOB\u0130L YANDI. (CELAL D\u0130LS\u0130Z\/ERZURUM-\u0130HA) Erzurum'un A\u015fkale il\u00e7esinde seyir halindeki otomobil yand\u0131."},{"@type":"BreadcrumbList","@id":"https:\/\/memurunsesi.net\/index.php\/2025\/04\/27\/seyir-halindeki-otomobil-yandi\/#breadcrumb","itemListElement":[{"@type":"ListItem","position":1,"name":"Anasayfa","item":"https:\/\/memurunsesi.net\/"},{"@type":"ListItem","position":2,"name":"Seyir halindeki otomobil yand\u0131"}]},{"@type":"WebSite","@id":"https:\/\/memurunsesi.net\/#website","url":"https:\/\/memurunsesi.net\/","name":"Memurun Sesi","description":"G\u00fcncel ve Do\u011fru Haber","publisher":{"@id":"https:\/\/memurunsesi.net\/#organization"},"potentialAction":[{"@type":"SearchAction","target":{"@type":"EntryPoint","urlTemplate":"https:\/\/memurunsesi.net\/?s={search_term_string}"},"query-input":{"@type":"PropertyValueSpecification","valueRequired":true,"valueName":"search_term_string"}}],"inLanguage":"tr"},{"@type":"Organization","@id":"https:\/\/memurunsesi.net\/#organization","name":"Memurun Sesi","url":"https:\/\/memurunsesi.net\/","logo":{"@type":"ImageObject","inLanguage":"tr","@id":"https:\/\/memurunsesi.net\/#\/schema\/logo\/image\/","url":"https:\/\/memurunsesi.net\/wp-content\/uploads\/2025\/11\/cropped-MEMURUN-SESI.png","contentUrl":"https:\/\/memurunsesi.net\/wp-content\/uploads\/2025\/11\/cropped-MEMURUN-SESI.png","width":238,"height":57,"caption":"Memurun Sesi"},"image":{"@id":"https:\/\/memurunsesi.net\/#\/schema\/logo\/image\/"},"sameAs":["https:\/\/www.facebook.com\/unipersen\/?locale=tr_TR","https:\/\/x.com\/unipersen"]},{"@type":"Person","@id":"https:\/\/memurunsesi.net\/#\/schema\/person\/f21c2d73b89f6ee1d80b0a1803e38587","name":"Memurun Sesi Haber Merkezi","image":{"@type":"ImageObject","inLanguage":"tr","@id":"https:\/\/secure.gravatar.com\/avatar\/6cf0505f452ee753f485014986fab09a434671d2b919ee76fc541025c5876a70?s=96&d=mm&r=g","url":"https:\/\/secure.gravatar.com\/avatar\/6cf0505f452ee753f485014986fab09a434671d2b919ee76fc541025c5876a70?s=96&d=mm&r=g","contentUrl":"https:\/\/secure.gravatar.com\/avatar\/6cf0505f452ee753f485014986fab09a434671d2b919ee76fc541025c5876a70?s=96&d=mm&r=g","caption":"Memurun Sesi Haber Merkezi"},"sameAs":["https:\/\/memurunsesi.net"],"url":"https:\/\/memurunsesi.net\/index.php\/author\/uniper\/"}]}},"_links":{"self":[{"href":"https:\/\/memurunsesi.net\/index.php\/wp-json\/wp\/v2\/posts\/6018","targetHints":{"allow":["GET"]}}],"collection":[{"href":"https:\/\/memurunsesi.net\/index.php\/wp-json\/wp\/v2\/posts"}],"about":[{"href":"https:\/\/memurunsesi.net\/index.php\/wp-json\/wp\/v2\/types\/post"}],"author":[{"embeddable":true,"href":"https:\/\/memurunsesi.net\/index.php\/wp-json\/wp\/v2\/users\/1"}],"replies":[{"embeddable":true,"href":"https:\/\/memurunsesi.net\/index.php\/wp-json\/wp\/v2\/comments?post=6018"}],"version-history":[{"count":1,"href":"https:\/\/memurunsesi.net\/index.php\/wp-json\/wp\/v2\/posts\/6018\/revisions"}],"predecessor-version":[{"id":6020,"href":"https:\/\/memurunsesi.net\/index.php\/wp-json\/wp\/v2\/posts\/6018\/revisions\/6020"}],"wp:featuredmedia":[{"embeddable":true,"href":"https:\/\/memurunsesi.net\/index.php\/wp-json\/wp\/v2\/media\/6019"}],"wp:attachment":[{"href":"https:\/\/memurunsesi.net\/index.php\/wp-json\/wp\/v2\/media?parent=6018"}],"wp:term":[{"taxonomy":"category","embeddable":true,"href":"https:\/\/memurunsesi.net\/index.php\/wp-json\/wp\/v2\/categories?post=6018"},{"taxonomy":"post_tag","embeddable":true,"href":"https:\/\/memurunsesi.net\/index.php\/wp-json\/wp\/v2\/tags?post=6018"}],"curies":[{"name":"wp","href":"https:\/\/api.w.org\/{rel}","templated":true}]}}