{"id":6021,"date":"2025-04-27T09:14:22","date_gmt":"2025-04-27T06:14:22","guid":{"rendered":"https:\/\/memurunsesi.net\/?p=6021"},"modified":"2025-04-27T09:14:22","modified_gmt":"2025-04-27T06:14:22","slug":"karsta-bahar-ortasinda-snowboard-keyfi","status":"publish","type":"post","link":"https:\/\/memurunsesi.net\/index.php\/2025\/04\/27\/karsta-bahar-ortasinda-snowboard-keyfi\/","title":{"rendered":"Kars&#8217;ta bahar ortas\u0131nda snowboard keyfi"},"content":{"rendered":"<p><div style=\"width: 512px;\" class=\"wp-video\"><video class=\"wp-video-shortcode\" id=\"video-6021-1\" width=\"512\" height=\"288\" preload=\"metadata\" controls=\"controls\"><source type=\"video\/mp4\" src=\"https:\/\/memurunsesi.net\/wp-content\/uploads\/2025\/04\/FAF144F7-D67B-4C12-A260-1705AB9899DF.mp4?_=1\" \/><a href=\"https:\/\/memurunsesi.net\/wp-content\/uploads\/2025\/04\/FAF144F7-D67B-4C12-A260-1705AB9899DF.mp4\">https:\/\/memurunsesi.net\/wp-content\/uploads\/2025\/04\/FAF144F7-D67B-4C12-A260-1705AB9899DF.mp4<\/a><\/video><\/div>  T\u00fcrkiye&#8217;nin bir \u00e7ok kentinde yaza haz\u0131rl\u0131k yap\u0131l\u0131rken,  Sar\u0131kam\u0131\u015f, Nisan ay\u0131n\u0131n son g\u00fcnlerinde bile bembeyaz kar \u00f6rt\u00fcs\u00fcyle ziyaret\u00e7ilerine adeta k\u0131\u015f masal\u0131 ya\u015fat\u0131yor.   <\/p>\n<p>  Hava s\u0131cakl\u0131klar\u0131n\u0131n artmas\u0131na ra\u011fmen 2 bin 900 rak\u0131ml\u0131 Sar\u0131kam\u0131\u015f Kayak Merkezi&#8217;nde kar kal\u0131nl\u0131\u011f\u0131 yeterli seviyede korunurken, snowboard tutkunlar\u0131 ise bahar\u0131n ortas\u0131nda pistlerin tad\u0131n\u0131 \u00e7\u0131kar\u0131yor. Kars&#8217;\u0131n Sar\u0131kam\u0131\u015f il\u00e7esinde bir araya gelen bir grup gen\u00e7,  sar\u0131\u00e7am a\u011fa\u00e7lar\u0131 aras\u0131nda snowboardla kayarak,  o anlar\u0131 kaydettiler.<br \/>\n  Sar\u0131kam\u0131\u015f Kayak Merkezi&#8217;nde snowboardla kayarak a\u015fa\u011f\u0131ya inen gen\u00e7, o anlar\u0131 sosyal medya hesab\u0131ndan payla\u015ft\u0131.  &#8220;Nisan ay\u0131nda snowboard keyfi&#8221;  ba\u015fl\u0131\u011f\u0131yla payla\u015f\u0131lan video bir anda sosyal medyada g\u00fcndem oldu.  Payla\u015f\u0131lan g\u00f6r\u00fcnt\u00fclerde gen\u00e7lerin zirveye \u00e7\u0131kmas\u0131, kar \u00fczerinde oturma ve bir gencin snowboardla ti\u015f\u00f6rt ve \u015fortla  kaymas\u0131 yer al\u0131yor. <\/p>\n","protected":false},"excerpt":{"rendered":"<p>T\u00fcrkiye&#8217;nin bir \u00e7ok kentinde yaza haz\u0131rl\u0131k yap\u0131l\u0131rken, Sar\u0131kam\u0131\u015f, Nisan ay\u0131n\u0131n son g\u00fcnlerinde bile bembeyaz kar \u00f6rt\u00fcs\u00fcyle ziyaret\u00e7ilerine adeta k\u0131\u015f masal\u0131 ya\u015fat\u0131yor. Hava s\u0131cakl\u0131klar\u0131n\u0131n artmas\u0131na ra\u011fmen 2 bin 900 rak\u0131ml\u0131 Sar\u0131kam\u0131\u015f Kayak Merkezi&#8217;nde kar kal\u0131nl\u0131\u011f\u0131 yeterli seviyede korunurken, snowboard tutkunlar\u0131 ise bahar\u0131n ortas\u0131nda pistlerin tad\u0131n\u0131 \u00e7\u0131kar\u0131yor. Kars&#8217;\u0131n Sar\u0131kam\u0131\u015f il\u00e7esinde bir araya gelen bir grup gen\u00e7, sar\u0131\u00e7am [&hellip;]<\/p>\n","protected":false},"author":1,"featured_media":0,"comment_status":"open","ping_status":"open","sticky":false,"template":"","format":"standard","meta":{"footnotes":""},"categories":[57],"tags":[],"class_list":["post-6021","post","type-post","status-publish","format-standard","hentry","category-spor"],"yoast_head":"<!-- This site is optimized with the Yoast SEO plugin v27.4 - https:\/\/yoast.com\/product\/yoast-seo-wordpress\/ -->\n<title>Kars&#039;ta bahar ortas\u0131nda snowboard keyfi - Memurun Sesi<\/title>\n<meta name=\"robots\" content=\"index, follow, max-snippet:-1, max-image-preview:large, max-video-preview:-1\" \/>\n<link rel=\"canonical\" href=\"https:\/\/memurunsesi.net\/index.php\/2025\/04\/27\/karsta-bahar-ortasinda-snowboard-keyfi\/\" \/>\n<meta property=\"og:locale\" content=\"tr_TR\" \/>\n<meta property=\"og:type\" content=\"article\" \/>\n<meta property=\"og:title\" content=\"Kars&#039;ta bahar ortas\u0131nda snowboard keyfi - Memurun Sesi\" \/>\n<meta property=\"og:description\" content=\"T\u00fcrkiye&#8217;nin bir \u00e7ok kentinde yaza haz\u0131rl\u0131k yap\u0131l\u0131rken, Sar\u0131kam\u0131\u015f, Nisan ay\u0131n\u0131n son g\u00fcnlerinde bile bembeyaz kar \u00f6rt\u00fcs\u00fcyle ziyaret\u00e7ilerine adeta k\u0131\u015f masal\u0131 ya\u015fat\u0131yor. Hava s\u0131cakl\u0131klar\u0131n\u0131n artmas\u0131na ra\u011fmen 2 bin 900 rak\u0131ml\u0131 Sar\u0131kam\u0131\u015f Kayak Merkezi&#8217;nde kar kal\u0131nl\u0131\u011f\u0131 yeterli seviyede korunurken, snowboard tutkunlar\u0131 ise bahar\u0131n ortas\u0131nda pistlerin tad\u0131n\u0131 \u00e7\u0131kar\u0131yor. Kars&#8217;\u0131n Sar\u0131kam\u0131\u015f il\u00e7esinde bir araya gelen bir grup gen\u00e7, sar\u0131\u00e7am [&hellip;]\" \/>\n<meta property=\"og:url\" content=\"https:\/\/memurunsesi.net\/index.php\/2025\/04\/27\/karsta-bahar-ortasinda-snowboard-keyfi\/\" \/>\n<meta property=\"og:site_name\" content=\"Memurun Sesi\" \/>\n<meta property=\"article:publisher\" content=\"https:\/\/www.facebook.com\/unipersen\/?locale=tr_TR\" \/>\n<meta property=\"article:published_time\" content=\"2025-04-27T06:14:22+00:00\" \/>\n<meta name=\"author\" content=\"Memurun Sesi Haber Merkezi\" \/>\n<meta name=\"twitter:card\" content=\"summary_large_image\" \/>\n<meta name=\"twitter:creator\" content=\"@unipersen\" \/>\n<meta name=\"twitter:site\" content=\"@unipersen\" \/>\n<meta name=\"twitter:label1\" content=\"Yazan:\" \/>\n\t<meta name=\"twitter:data1\" content=\"Memurun Sesi Haber Merkezi\" \/>\n<script type=\"application\/ld+json\" class=\"yoast-schema-graph\">{\"@context\":\"https:\\\/\\\/schema.org\",\"@graph\":[{\"@type\":\"Article\",\"@id\":\"https:\\\/\\\/memurunsesi.net\\\/index.php\\\/2025\\\/04\\\/27\\\/karsta-bahar-ortasinda-snowboard-keyfi\\\/#article\",\"isPartOf\":{\"@id\":\"https:\\\/\\\/memurunsesi.net\\\/index.php\\\/2025\\\/04\\\/27\\\/karsta-bahar-ortasinda-snowboard-keyfi\\\/\"},\"author\":{\"name\":\"Memurun Sesi Haber Merkezi\",\"@id\":\"https:\\\/\\\/memurunsesi.net\\\/#\\\/schema\\\/person\\\/f21c2d73b89f6ee1d80b0a1803e38587\"},\"headline\":\"Kars&#8217;ta bahar ortas\u0131nda snowboard keyfi\",\"datePublished\":\"2025-04-27T06:14:22+00:00\",\"mainEntityOfPage\":{\"@id\":\"https:\\\/\\\/memurunsesi.net\\\/index.php\\\/2025\\\/04\\\/27\\\/karsta-bahar-ortasinda-snowboard-keyfi\\\/\"},\"wordCount\":186,\"commentCount\":0,\"publisher\":{\"@id\":\"https:\\\/\\\/memurunsesi.net\\\/#organization\"},\"articleSection\":[\"Spor\"],\"inLanguage\":\"tr\",\"potentialAction\":[{\"@type\":\"CommentAction\",\"name\":\"Comment\",\"target\":[\"https:\\\/\\\/memurunsesi.net\\\/index.php\\\/2025\\\/04\\\/27\\\/karsta-bahar-ortasinda-snowboard-keyfi\\\/#respond\"]}]},{\"@type\":\"WebPage\",\"@id\":\"https:\\\/\\\/memurunsesi.net\\\/index.php\\\/2025\\\/04\\\/27\\\/karsta-bahar-ortasinda-snowboard-keyfi\\\/\",\"url\":\"https:\\\/\\\/memurunsesi.net\\\/index.php\\\/2025\\\/04\\\/27\\\/karsta-bahar-ortasinda-snowboard-keyfi\\\/\",\"name\":\"Kars'ta bahar ortas\u0131nda snowboard keyfi - Memurun Sesi\",\"isPartOf\":{\"@id\":\"https:\\\/\\\/memurunsesi.net\\\/#website\"},\"datePublished\":\"2025-04-27T06:14:22+00:00\",\"breadcrumb\":{\"@id\":\"https:\\\/\\\/memurunsesi.net\\\/index.php\\\/2025\\\/04\\\/27\\\/karsta-bahar-ortasinda-snowboard-keyfi\\\/#breadcrumb\"},\"inLanguage\":\"tr\",\"potentialAction\":[{\"@type\":\"ReadAction\",\"target\":[\"https:\\\/\\\/memurunsesi.net\\\/index.php\\\/2025\\\/04\\\/27\\\/karsta-bahar-ortasinda-snowboard-keyfi\\\/\"]}]},{\"@type\":\"BreadcrumbList\",\"@id\":\"https:\\\/\\\/memurunsesi.net\\\/index.php\\\/2025\\\/04\\\/27\\\/karsta-bahar-ortasinda-snowboard-keyfi\\\/#breadcrumb\",\"itemListElement\":[{\"@type\":\"ListItem\",\"position\":1,\"name\":\"Anasayfa\",\"item\":\"https:\\\/\\\/memurunsesi.net\\\/\"},{\"@type\":\"ListItem\",\"position\":2,\"name\":\"Kars&#8217;ta bahar ortas\u0131nda snowboard keyfi\"}]},{\"@type\":\"WebSite\",\"@id\":\"https:\\\/\\\/memurunsesi.net\\\/#website\",\"url\":\"https:\\\/\\\/memurunsesi.net\\\/\",\"name\":\"Memurun Sesi\",\"description\":\"G\u00fcncel ve Do\u011fru Haber\",\"publisher\":{\"@id\":\"https:\\\/\\\/memurunsesi.net\\\/#organization\"},\"potentialAction\":[{\"@type\":\"SearchAction\",\"target\":{\"@type\":\"EntryPoint\",\"urlTemplate\":\"https:\\\/\\\/memurunsesi.net\\\/?s={search_term_string}\"},\"query-input\":{\"@type\":\"PropertyValueSpecification\",\"valueRequired\":true,\"valueName\":\"search_term_string\"}}],\"inLanguage\":\"tr\"},{\"@type\":\"Organization\",\"@id\":\"https:\\\/\\\/memurunsesi.net\\\/#organization\",\"name\":\"Memurun Sesi\",\"url\":\"https:\\\/\\\/memurunsesi.net\\\/\",\"logo\":{\"@type\":\"ImageObject\",\"inLanguage\":\"tr\",\"@id\":\"https:\\\/\\\/memurunsesi.net\\\/#\\\/schema\\\/logo\\\/image\\\/\",\"url\":\"https:\\\/\\\/memurunsesi.net\\\/wp-content\\\/uploads\\\/2025\\\/11\\\/cropped-MEMURUN-SESI.png\",\"contentUrl\":\"https:\\\/\\\/memurunsesi.net\\\/wp-content\\\/uploads\\\/2025\\\/11\\\/cropped-MEMURUN-SESI.png\",\"width\":238,\"height\":57,\"caption\":\"Memurun Sesi\"},\"image\":{\"@id\":\"https:\\\/\\\/memurunsesi.net\\\/#\\\/schema\\\/logo\\\/image\\\/\"},\"sameAs\":[\"https:\\\/\\\/www.facebook.com\\\/unipersen\\\/?locale=tr_TR\",\"https:\\\/\\\/x.com\\\/unipersen\"]},{\"@type\":\"Person\",\"@id\":\"https:\\\/\\\/memurunsesi.net\\\/#\\\/schema\\\/person\\\/f21c2d73b89f6ee1d80b0a1803e38587\",\"name\":\"Memurun Sesi Haber Merkezi\",\"image\":{\"@type\":\"ImageObject\",\"inLanguage\":\"tr\",\"@id\":\"https:\\\/\\\/secure.gravatar.com\\\/avatar\\\/6cf0505f452ee753f485014986fab09a434671d2b919ee76fc541025c5876a70?s=96&d=mm&r=g\",\"url\":\"https:\\\/\\\/secure.gravatar.com\\\/avatar\\\/6cf0505f452ee753f485014986fab09a434671d2b919ee76fc541025c5876a70?s=96&d=mm&r=g\",\"contentUrl\":\"https:\\\/\\\/secure.gravatar.com\\\/avatar\\\/6cf0505f452ee753f485014986fab09a434671d2b919ee76fc541025c5876a70?s=96&d=mm&r=g\",\"caption\":\"Memurun Sesi Haber Merkezi\"},\"sameAs\":[\"https:\\\/\\\/memurunsesi.net\"],\"url\":\"https:\\\/\\\/memurunsesi.net\\\/index.php\\\/author\\\/uniper\\\/\"}]}<\/script>\n<!-- \/ Yoast SEO plugin. -->","yoast_head_json":{"title":"Kars'ta bahar ortas\u0131nda snowboard keyfi - Memurun Sesi","robots":{"index":"index","follow":"follow","max-snippet":"max-snippet:-1","max-image-preview":"max-image-preview:large","max-video-preview":"max-video-preview:-1"},"canonical":"https:\/\/memurunsesi.net\/index.php\/2025\/04\/27\/karsta-bahar-ortasinda-snowboard-keyfi\/","og_locale":"tr_TR","og_type":"article","og_title":"Kars'ta bahar ortas\u0131nda snowboard keyfi - Memurun Sesi","og_description":"T\u00fcrkiye&#8217;nin bir \u00e7ok kentinde yaza haz\u0131rl\u0131k yap\u0131l\u0131rken, Sar\u0131kam\u0131\u015f, Nisan ay\u0131n\u0131n son g\u00fcnlerinde bile bembeyaz kar \u00f6rt\u00fcs\u00fcyle ziyaret\u00e7ilerine adeta k\u0131\u015f masal\u0131 ya\u015fat\u0131yor. Hava s\u0131cakl\u0131klar\u0131n\u0131n artmas\u0131na ra\u011fmen 2 bin 900 rak\u0131ml\u0131 Sar\u0131kam\u0131\u015f Kayak Merkezi&#8217;nde kar kal\u0131nl\u0131\u011f\u0131 yeterli seviyede korunurken, snowboard tutkunlar\u0131 ise bahar\u0131n ortas\u0131nda pistlerin tad\u0131n\u0131 \u00e7\u0131kar\u0131yor. Kars&#8217;\u0131n Sar\u0131kam\u0131\u015f il\u00e7esinde bir araya gelen bir grup gen\u00e7, sar\u0131\u00e7am [&hellip;]","og_url":"https:\/\/memurunsesi.net\/index.php\/2025\/04\/27\/karsta-bahar-ortasinda-snowboard-keyfi\/","og_site_name":"Memurun Sesi","article_publisher":"https:\/\/www.facebook.com\/unipersen\/?locale=tr_TR","article_published_time":"2025-04-27T06:14:22+00:00","author":"Memurun Sesi Haber Merkezi","twitter_card":"summary_large_image","twitter_creator":"@unipersen","twitter_site":"@unipersen","twitter_misc":{"Yazan:":"Memurun Sesi Haber Merkezi"},"schema":{"@context":"https:\/\/schema.org","@graph":[{"@type":"Article","@id":"https:\/\/memurunsesi.net\/index.php\/2025\/04\/27\/karsta-bahar-ortasinda-snowboard-keyfi\/#article","isPartOf":{"@id":"https:\/\/memurunsesi.net\/index.php\/2025\/04\/27\/karsta-bahar-ortasinda-snowboard-keyfi\/"},"author":{"name":"Memurun Sesi Haber Merkezi","@id":"https:\/\/memurunsesi.net\/#\/schema\/person\/f21c2d73b89f6ee1d80b0a1803e38587"},"headline":"Kars&#8217;ta bahar ortas\u0131nda snowboard keyfi","datePublished":"2025-04-27T06:14:22+00:00","mainEntityOfPage":{"@id":"https:\/\/memurunsesi.net\/index.php\/2025\/04\/27\/karsta-bahar-ortasinda-snowboard-keyfi\/"},"wordCount":186,"commentCount":0,"publisher":{"@id":"https:\/\/memurunsesi.net\/#organization"},"articleSection":["Spor"],"inLanguage":"tr","potentialAction":[{"@type":"CommentAction","name":"Comment","target":["https:\/\/memurunsesi.net\/index.php\/2025\/04\/27\/karsta-bahar-ortasinda-snowboard-keyfi\/#respond"]}]},{"@type":"WebPage","@id":"https:\/\/memurunsesi.net\/index.php\/2025\/04\/27\/karsta-bahar-ortasinda-snowboard-keyfi\/","url":"https:\/\/memurunsesi.net\/index.php\/2025\/04\/27\/karsta-bahar-ortasinda-snowboard-keyfi\/","name":"Kars'ta bahar ortas\u0131nda snowboard keyfi - Memurun Sesi","isPartOf":{"@id":"https:\/\/memurunsesi.net\/#website"},"datePublished":"2025-04-27T06:14:22+00:00","breadcrumb":{"@id":"https:\/\/memurunsesi.net\/index.php\/2025\/04\/27\/karsta-bahar-ortasinda-snowboard-keyfi\/#breadcrumb"},"inLanguage":"tr","potentialAction":[{"@type":"ReadAction","target":["https:\/\/memurunsesi.net\/index.php\/2025\/04\/27\/karsta-bahar-ortasinda-snowboard-keyfi\/"]}]},{"@type":"BreadcrumbList","@id":"https:\/\/memurunsesi.net\/index.php\/2025\/04\/27\/karsta-bahar-ortasinda-snowboard-keyfi\/#breadcrumb","itemListElement":[{"@type":"ListItem","position":1,"name":"Anasayfa","item":"https:\/\/memurunsesi.net\/"},{"@type":"ListItem","position":2,"name":"Kars&#8217;ta bahar ortas\u0131nda snowboard keyfi"}]},{"@type":"WebSite","@id":"https:\/\/memurunsesi.net\/#website","url":"https:\/\/memurunsesi.net\/","name":"Memurun Sesi","description":"G\u00fcncel ve Do\u011fru Haber","publisher":{"@id":"https:\/\/memurunsesi.net\/#organization"},"potentialAction":[{"@type":"SearchAction","target":{"@type":"EntryPoint","urlTemplate":"https:\/\/memurunsesi.net\/?s={search_term_string}"},"query-input":{"@type":"PropertyValueSpecification","valueRequired":true,"valueName":"search_term_string"}}],"inLanguage":"tr"},{"@type":"Organization","@id":"https:\/\/memurunsesi.net\/#organization","name":"Memurun Sesi","url":"https:\/\/memurunsesi.net\/","logo":{"@type":"ImageObject","inLanguage":"tr","@id":"https:\/\/memurunsesi.net\/#\/schema\/logo\/image\/","url":"https:\/\/memurunsesi.net\/wp-content\/uploads\/2025\/11\/cropped-MEMURUN-SESI.png","contentUrl":"https:\/\/memurunsesi.net\/wp-content\/uploads\/2025\/11\/cropped-MEMURUN-SESI.png","width":238,"height":57,"caption":"Memurun Sesi"},"image":{"@id":"https:\/\/memurunsesi.net\/#\/schema\/logo\/image\/"},"sameAs":["https:\/\/www.facebook.com\/unipersen\/?locale=tr_TR","https:\/\/x.com\/unipersen"]},{"@type":"Person","@id":"https:\/\/memurunsesi.net\/#\/schema\/person\/f21c2d73b89f6ee1d80b0a1803e38587","name":"Memurun Sesi Haber Merkezi","image":{"@type":"ImageObject","inLanguage":"tr","@id":"https:\/\/secure.gravatar.com\/avatar\/6cf0505f452ee753f485014986fab09a434671d2b919ee76fc541025c5876a70?s=96&d=mm&r=g","url":"https:\/\/secure.gravatar.com\/avatar\/6cf0505f452ee753f485014986fab09a434671d2b919ee76fc541025c5876a70?s=96&d=mm&r=g","contentUrl":"https:\/\/secure.gravatar.com\/avatar\/6cf0505f452ee753f485014986fab09a434671d2b919ee76fc541025c5876a70?s=96&d=mm&r=g","caption":"Memurun Sesi Haber Merkezi"},"sameAs":["https:\/\/memurunsesi.net"],"url":"https:\/\/memurunsesi.net\/index.php\/author\/uniper\/"}]}},"_links":{"self":[{"href":"https:\/\/memurunsesi.net\/index.php\/wp-json\/wp\/v2\/posts\/6021","targetHints":{"allow":["GET"]}}],"collection":[{"href":"https:\/\/memurunsesi.net\/index.php\/wp-json\/wp\/v2\/posts"}],"about":[{"href":"https:\/\/memurunsesi.net\/index.php\/wp-json\/wp\/v2\/types\/post"}],"author":[{"embeddable":true,"href":"https:\/\/memurunsesi.net\/index.php\/wp-json\/wp\/v2\/users\/1"}],"replies":[{"embeddable":true,"href":"https:\/\/memurunsesi.net\/index.php\/wp-json\/wp\/v2\/comments?post=6021"}],"version-history":[{"count":1,"href":"https:\/\/memurunsesi.net\/index.php\/wp-json\/wp\/v2\/posts\/6021\/revisions"}],"predecessor-version":[{"id":6023,"href":"https:\/\/memurunsesi.net\/index.php\/wp-json\/wp\/v2\/posts\/6021\/revisions\/6023"}],"wp:attachment":[{"href":"https:\/\/memurunsesi.net\/index.php\/wp-json\/wp\/v2\/media?parent=6021"}],"wp:term":[{"taxonomy":"category","embeddable":true,"href":"https:\/\/memurunsesi.net\/index.php\/wp-json\/wp\/v2\/categories?post=6021"},{"taxonomy":"post_tag","embeddable":true,"href":"https:\/\/memurunsesi.net\/index.php\/wp-json\/wp\/v2\/tags?post=6021"}],"curies":[{"name":"wp","href":"https:\/\/api.w.org\/{rel}","templated":true}]}}