{"id":6031,"date":"2025-04-27T09:19:37","date_gmt":"2025-04-27T06:19:37","guid":{"rendered":"https:\/\/memurunsesi.net\/?p=6031"},"modified":"2025-04-27T09:19:37","modified_gmt":"2025-04-27T06:19:37","slug":"bursada-filistine-destek-yuruyusu","status":"publish","type":"post","link":"https:\/\/memurunsesi.net\/index.php\/2025\/04\/27\/bursada-filistine-destek-yuruyusu\/","title":{"rendered":"Bursa&#8217;da Filistin&#8217;e destek y\u00fcr\u00fcy\u00fc\u015f\u00fc"},"content":{"rendered":"<p>  Gazze\u2019de ya\u015fanan insanl\u0131k dram\u0131na dikkat \u00e7ekmek ve Filistin halk\u0131na destek olmak amac\u0131yla Bursa&#8217;da y\u00fcr\u00fcy\u00fc\u015f d\u00fczenlendi.<br \/>\nBursa G\u00f6n\u00fcll\u00fc Kurulu\u015flar Platformu, Filistin halk\u0131na destek olmak amac\u0131yla geni\u015f kat\u0131l\u0131ml\u0131 bir y\u00fcr\u00fcy\u00fc\u015f d\u00fczenledi. \u00dczerlerine kanl\u0131 kefen giyen vatanda\u015flar, &#8216;Gazze \u00f6l\u00fcyor aya\u011fa kalk&#8217; yaz\u0131l\u0131 pankartlar ta\u015f\u0131d\u0131. Ulu Cami\u2019de k\u0131l\u0131nan ikindi namaz\u0131n\u0131n ard\u0131ndan ba\u015flayan y\u00fcr\u00fcy\u00fc\u015f, \u015eehrek\u00fcst\u00fc 15 Temmuz Demokrasi Meydan\u0131\u2019nda yap\u0131lan a\u00e7\u0131klamalarla son buldu.<br \/>\n  Grup ad\u0131na konu\u015fan Murat Erya\u011fan, &#8220;Hamasl\u0131 m\u00fccahidlerle g\u00f6r\u00fc\u015ft\u00fc\u011f\u00fcm\u00fczde bizi g\u00fcndemde tutun diyorlar. Bizden su ve ekmek istemiyorlar. Bizi g\u00fcndemde tutun diyorlar. Biz de bug\u00fcn onlar\u0131n bu isteklerini yerine getirmek i\u00e7in topland\u0131k. Biz sizinle beraberiz g\u00fcndemimizin birinci maddesi Gazze&#8217;dir. Gazze, bizim her \u015feyimiz. Biz 401 y\u0131l Gazze ve Filistin&#8217;deydik. Bizi par\u00e7alay\u0131p parampar\u00e7a ettiler. Ya Rabbim, bizi eski g\u00fcnlerde oldu\u011fu gibi bizi aziz eyle. Bu zilletten t\u00fcm M\u00fcsl\u00fcman karde\u015flerimizi kurtar. Zulm\u00fcn oldu\u011fu yerde taraf\u0131m\u0131z\u0131 belli etmek i\u00e7in buraday\u0131z. Zalimin kar\u015f\u0131s\u0131nda, mazlumlar\u0131n yan\u0131nda oldu\u011fumuz i\u00e7in buraday\u0131z. Kim olursa olsun zalime kar\u015f\u0131y\u0131z. Kim olursa olsun mazlumun yan\u0131nday\u0131z. Gazze&#8217;nin yaln\u0131z olmad\u0131\u011f\u0131n\u0131 hayk\u0131rmak i\u00e7in buraday\u0131z. Halk\u0131 M\u00fcsl\u00fcman \u00fclkelerin y\u00f6neticilerini liderlerini uyarmak ve harekete ge\u00e7irmek i\u00e7in buraday\u0131z. Vicdan\u0131 olan herkesin ortak sesi olmak i\u00e7in buraday\u0131z. Siyonist mallar\u0131n\u0131 \u00e7e\u015fitli bahanelerle alanlar\u0131, satanlar\u0131 uyarmak i\u00e7in buraday\u0131z. Bu i\u015fi sonuna kadar s\u00fcrd\u00fcrece\u011fiz. Bunlar\u0131n mallar\u0131n\u0131 evimize, i\u015f yerimize, \u00e7ocuklar\u0131m\u0131za giydirmeyece\u011fiz, kulland\u0131rmayaca\u011f\u0131z. Sadece Gazze de\u011fil, Do\u011fu T\u00fcrkistan, Arakan ve d\u00fcnyan\u0131n d\u00f6rt bir yan\u0131nda ne kadar mazlum ve ma\u011fdur varsa biz onlar\u0131n da yan\u0131nday\u0131z. Tarih bug\u00fcnleri yazacak. Bug\u00fcn susanlar\u0131 da hayk\u0131ranlar\u0131 da yazacak. Biz susmad\u0131\u011f\u0131m\u0131z i\u00e7in bug\u00fcn bu meydan\u0131 doldurduk. Gazze d\u00fc\u015fmedi ve d\u00fc\u015fmeyecek. Yenilmedi, yenilmeyecek. Zafer er yada ge\u00e7 mazlumlar\u0131n olacak. Her k\u0131\u015f\u0131n bir bahar\u0131, her gecenin bir sabah\u0131 vard\u0131r. Zafer yak\u0131nd\u0131r ve inananlar\u0131n olacakt\u0131r&#8221; \u015feklinde konu\u015ftu. <\/p>\n<p>27.04.2025                               <\/p>\n","protected":false},"excerpt":{"rendered":"<p>Gazze\u2019de ya\u015fanan insanl\u0131k dram\u0131na dikkat \u00e7ekmek ve Filistin halk\u0131na destek olmak amac\u0131yla Bursa&#8217;da y\u00fcr\u00fcy\u00fc\u015f d\u00fczenlendi. Bursa G\u00f6n\u00fcll\u00fc Kurulu\u015flar Platformu, Filistin halk\u0131na destek olmak amac\u0131yla geni\u015f kat\u0131l\u0131ml\u0131 bir y\u00fcr\u00fcy\u00fc\u015f d\u00fczenledi. \u00dczerlerine kanl\u0131 kefen giyen vatanda\u015flar, &#8216;Gazze \u00f6l\u00fcyor aya\u011fa kalk&#8217; yaz\u0131l\u0131 pankartlar ta\u015f\u0131d\u0131. Ulu Cami\u2019de k\u0131l\u0131nan ikindi namaz\u0131n\u0131n ard\u0131ndan ba\u015flayan y\u00fcr\u00fcy\u00fc\u015f, \u015eehrek\u00fcst\u00fc 15 Temmuz Demokrasi Meydan\u0131\u2019nda yap\u0131lan [&hellip;]<\/p>\n","protected":false},"author":1,"featured_media":6032,"comment_status":"open","ping_status":"open","sticky":false,"template":"","format":"standard","meta":{"footnotes":""},"categories":[45],"tags":[],"class_list":["post-6031","post","type-post","status-publish","format-standard","has-post-thumbnail","hentry","category-gundem"],"yoast_head":"<!-- This site is optimized with the Yoast SEO plugin v27.4 - https:\/\/yoast.com\/product\/yoast-seo-wordpress\/ -->\n<title>Bursa&#039;da Filistin&#039;e destek y\u00fcr\u00fcy\u00fc\u015f\u00fc - Memurun Sesi<\/title>\n<meta name=\"robots\" content=\"index, follow, max-snippet:-1, max-image-preview:large, max-video-preview:-1\" \/>\n<link rel=\"canonical\" href=\"https:\/\/memurunsesi.net\/index.php\/2025\/04\/27\/bursada-filistine-destek-yuruyusu\/\" \/>\n<meta property=\"og:locale\" content=\"tr_TR\" \/>\n<meta property=\"og:type\" content=\"article\" \/>\n<meta property=\"og:title\" content=\"Bursa&#039;da Filistin&#039;e destek y\u00fcr\u00fcy\u00fc\u015f\u00fc - Memurun Sesi\" \/>\n<meta property=\"og:description\" content=\"Gazze\u2019de ya\u015fanan insanl\u0131k dram\u0131na dikkat \u00e7ekmek ve Filistin halk\u0131na destek olmak amac\u0131yla Bursa&#8217;da y\u00fcr\u00fcy\u00fc\u015f d\u00fczenlendi. Bursa G\u00f6n\u00fcll\u00fc Kurulu\u015flar Platformu, Filistin halk\u0131na destek olmak amac\u0131yla geni\u015f kat\u0131l\u0131ml\u0131 bir y\u00fcr\u00fcy\u00fc\u015f d\u00fczenledi. \u00dczerlerine kanl\u0131 kefen giyen vatanda\u015flar, &#8216;Gazze \u00f6l\u00fcyor aya\u011fa kalk&#8217; yaz\u0131l\u0131 pankartlar ta\u015f\u0131d\u0131. Ulu Cami\u2019de k\u0131l\u0131nan ikindi namaz\u0131n\u0131n ard\u0131ndan ba\u015flayan y\u00fcr\u00fcy\u00fc\u015f, \u015eehrek\u00fcst\u00fc 15 Temmuz Demokrasi Meydan\u0131\u2019nda yap\u0131lan [&hellip;]\" \/>\n<meta property=\"og:url\" content=\"https:\/\/memurunsesi.net\/index.php\/2025\/04\/27\/bursada-filistine-destek-yuruyusu\/\" \/>\n<meta property=\"og:site_name\" content=\"Memurun Sesi\" \/>\n<meta property=\"article:publisher\" content=\"https:\/\/www.facebook.com\/unipersen\/?locale=tr_TR\" \/>\n<meta property=\"article:published_time\" content=\"2025-04-27T06:19:37+00:00\" \/>\n<meta property=\"og:image\" content=\"https:\/\/memurunsesi.net\/wp-content\/uploads\/2025\/04\/AW441837_01-scaled.jpg\" \/>\n\t<meta property=\"og:image:width\" content=\"2560\" \/>\n\t<meta property=\"og:image:height\" content=\"1707\" \/>\n\t<meta property=\"og:image:type\" content=\"image\/jpeg\" \/>\n<meta name=\"author\" content=\"Memurun Sesi Haber Merkezi\" \/>\n<meta name=\"twitter:card\" content=\"summary_large_image\" \/>\n<meta name=\"twitter:creator\" content=\"@unipersen\" \/>\n<meta name=\"twitter:site\" content=\"@unipersen\" \/>\n<meta name=\"twitter:label1\" content=\"Yazan:\" \/>\n\t<meta name=\"twitter:data1\" content=\"Memurun Sesi Haber Merkezi\" \/>\n\t<meta name=\"twitter:label2\" content=\"Tahmini okuma s\u00fcresi\" \/>\n\t<meta name=\"twitter:data2\" content=\"1 dakika\" \/>\n<script type=\"application\/ld+json\" class=\"yoast-schema-graph\">{\"@context\":\"https:\\\/\\\/schema.org\",\"@graph\":[{\"@type\":\"Article\",\"@id\":\"https:\\\/\\\/memurunsesi.net\\\/index.php\\\/2025\\\/04\\\/27\\\/bursada-filistine-destek-yuruyusu\\\/#article\",\"isPartOf\":{\"@id\":\"https:\\\/\\\/memurunsesi.net\\\/index.php\\\/2025\\\/04\\\/27\\\/bursada-filistine-destek-yuruyusu\\\/\"},\"author\":{\"name\":\"Memurun Sesi Haber Merkezi\",\"@id\":\"https:\\\/\\\/memurunsesi.net\\\/#\\\/schema\\\/person\\\/f21c2d73b89f6ee1d80b0a1803e38587\"},\"headline\":\"Bursa&#8217;da Filistin&#8217;e destek y\u00fcr\u00fcy\u00fc\u015f\u00fc\",\"datePublished\":\"2025-04-27T06:19:37+00:00\",\"mainEntityOfPage\":{\"@id\":\"https:\\\/\\\/memurunsesi.net\\\/index.php\\\/2025\\\/04\\\/27\\\/bursada-filistine-destek-yuruyusu\\\/\"},\"wordCount\":408,\"commentCount\":0,\"publisher\":{\"@id\":\"https:\\\/\\\/memurunsesi.net\\\/#organization\"},\"image\":{\"@id\":\"https:\\\/\\\/memurunsesi.net\\\/index.php\\\/2025\\\/04\\\/27\\\/bursada-filistine-destek-yuruyusu\\\/#primaryimage\"},\"thumbnailUrl\":\"https:\\\/\\\/memurunsesi.net\\\/wp-content\\\/uploads\\\/2025\\\/04\\\/AW441837_01-scaled.jpg\",\"articleSection\":[\"G\u00fcndem\"],\"inLanguage\":\"tr\",\"potentialAction\":[{\"@type\":\"CommentAction\",\"name\":\"Comment\",\"target\":[\"https:\\\/\\\/memurunsesi.net\\\/index.php\\\/2025\\\/04\\\/27\\\/bursada-filistine-destek-yuruyusu\\\/#respond\"]}]},{\"@type\":\"WebPage\",\"@id\":\"https:\\\/\\\/memurunsesi.net\\\/index.php\\\/2025\\\/04\\\/27\\\/bursada-filistine-destek-yuruyusu\\\/\",\"url\":\"https:\\\/\\\/memurunsesi.net\\\/index.php\\\/2025\\\/04\\\/27\\\/bursada-filistine-destek-yuruyusu\\\/\",\"name\":\"Bursa'da Filistin'e destek y\u00fcr\u00fcy\u00fc\u015f\u00fc - Memurun Sesi\",\"isPartOf\":{\"@id\":\"https:\\\/\\\/memurunsesi.net\\\/#website\"},\"primaryImageOfPage\":{\"@id\":\"https:\\\/\\\/memurunsesi.net\\\/index.php\\\/2025\\\/04\\\/27\\\/bursada-filistine-destek-yuruyusu\\\/#primaryimage\"},\"image\":{\"@id\":\"https:\\\/\\\/memurunsesi.net\\\/index.php\\\/2025\\\/04\\\/27\\\/bursada-filistine-destek-yuruyusu\\\/#primaryimage\"},\"thumbnailUrl\":\"https:\\\/\\\/memurunsesi.net\\\/wp-content\\\/uploads\\\/2025\\\/04\\\/AW441837_01-scaled.jpg\",\"datePublished\":\"2025-04-27T06:19:37+00:00\",\"breadcrumb\":{\"@id\":\"https:\\\/\\\/memurunsesi.net\\\/index.php\\\/2025\\\/04\\\/27\\\/bursada-filistine-destek-yuruyusu\\\/#breadcrumb\"},\"inLanguage\":\"tr\",\"potentialAction\":[{\"@type\":\"ReadAction\",\"target\":[\"https:\\\/\\\/memurunsesi.net\\\/index.php\\\/2025\\\/04\\\/27\\\/bursada-filistine-destek-yuruyusu\\\/\"]}]},{\"@type\":\"ImageObject\",\"inLanguage\":\"tr\",\"@id\":\"https:\\\/\\\/memurunsesi.net\\\/index.php\\\/2025\\\/04\\\/27\\\/bursada-filistine-destek-yuruyusu\\\/#primaryimage\",\"url\":\"https:\\\/\\\/memurunsesi.net\\\/wp-content\\\/uploads\\\/2025\\\/04\\\/AW441837_01-scaled.jpg\",\"contentUrl\":\"https:\\\/\\\/memurunsesi.net\\\/wp-content\\\/uploads\\\/2025\\\/04\\\/AW441837_01-scaled.jpg\",\"width\":2560,\"height\":1707,\"caption\":\"BURSA G\u00d6N\u00dcLL\u00dc KURULU\u015eLAR PLATFORMU, GAZZE'DE YA\u015eANAN \u0130NSANLIK DRAMINA D\u0130KKAT \u00c7EKMEK VE F\u0130L\u0130ST\u0130N HALKINA DESTEK OLMAK AMACIYLA Y\u00dcR\u00dcY\u00dc\u015e D\u00dcZENLED\u0130. \u00dcZERLER\u0130NE KANLI KEFEN G\u0130YEN VATANDA\u015eLAR, 'GAZZE \u00d6L\u00dcYOR AYA\u011eA KALK' YAZILI PANKARTLA ULU CAM\u0130'DEN \u015eEHREK\u00dcST\u00dc 15 TEMMUZ DEMOKRAS\u0130 MEYDANI'NA KADAR Y\u00dcR\u00dcD\u00dc. (POLAT TAHA \u00d6ZT\u00dcRK\\\/BURSA-\u0130HA) Gazze'de ya\u015fanan insanl\u0131k dram\u0131na dikkat \u00e7ekmek ve Filistin halk\u0131na destek olmak amac\u0131yla Bursa'da y\u00fcr\u00fcy\u00fc\u015f d\u00fczenlendi.\"},{\"@type\":\"BreadcrumbList\",\"@id\":\"https:\\\/\\\/memurunsesi.net\\\/index.php\\\/2025\\\/04\\\/27\\\/bursada-filistine-destek-yuruyusu\\\/#breadcrumb\",\"itemListElement\":[{\"@type\":\"ListItem\",\"position\":1,\"name\":\"Anasayfa\",\"item\":\"https:\\\/\\\/memurunsesi.net\\\/\"},{\"@type\":\"ListItem\",\"position\":2,\"name\":\"Bursa&#8217;da Filistin&#8217;e destek y\u00fcr\u00fcy\u00fc\u015f\u00fc\"}]},{\"@type\":\"WebSite\",\"@id\":\"https:\\\/\\\/memurunsesi.net\\\/#website\",\"url\":\"https:\\\/\\\/memurunsesi.net\\\/\",\"name\":\"Memurun Sesi\",\"description\":\"G\u00fcncel ve Do\u011fru Haber\",\"publisher\":{\"@id\":\"https:\\\/\\\/memurunsesi.net\\\/#organization\"},\"potentialAction\":[{\"@type\":\"SearchAction\",\"target\":{\"@type\":\"EntryPoint\",\"urlTemplate\":\"https:\\\/\\\/memurunsesi.net\\\/?s={search_term_string}\"},\"query-input\":{\"@type\":\"PropertyValueSpecification\",\"valueRequired\":true,\"valueName\":\"search_term_string\"}}],\"inLanguage\":\"tr\"},{\"@type\":\"Organization\",\"@id\":\"https:\\\/\\\/memurunsesi.net\\\/#organization\",\"name\":\"Memurun Sesi\",\"url\":\"https:\\\/\\\/memurunsesi.net\\\/\",\"logo\":{\"@type\":\"ImageObject\",\"inLanguage\":\"tr\",\"@id\":\"https:\\\/\\\/memurunsesi.net\\\/#\\\/schema\\\/logo\\\/image\\\/\",\"url\":\"https:\\\/\\\/memurunsesi.net\\\/wp-content\\\/uploads\\\/2025\\\/11\\\/cropped-MEMURUN-SESI.png\",\"contentUrl\":\"https:\\\/\\\/memurunsesi.net\\\/wp-content\\\/uploads\\\/2025\\\/11\\\/cropped-MEMURUN-SESI.png\",\"width\":238,\"height\":57,\"caption\":\"Memurun Sesi\"},\"image\":{\"@id\":\"https:\\\/\\\/memurunsesi.net\\\/#\\\/schema\\\/logo\\\/image\\\/\"},\"sameAs\":[\"https:\\\/\\\/www.facebook.com\\\/unipersen\\\/?locale=tr_TR\",\"https:\\\/\\\/x.com\\\/unipersen\"]},{\"@type\":\"Person\",\"@id\":\"https:\\\/\\\/memurunsesi.net\\\/#\\\/schema\\\/person\\\/f21c2d73b89f6ee1d80b0a1803e38587\",\"name\":\"Memurun Sesi Haber Merkezi\",\"image\":{\"@type\":\"ImageObject\",\"inLanguage\":\"tr\",\"@id\":\"https:\\\/\\\/secure.gravatar.com\\\/avatar\\\/6cf0505f452ee753f485014986fab09a434671d2b919ee76fc541025c5876a70?s=96&d=mm&r=g\",\"url\":\"https:\\\/\\\/secure.gravatar.com\\\/avatar\\\/6cf0505f452ee753f485014986fab09a434671d2b919ee76fc541025c5876a70?s=96&d=mm&r=g\",\"contentUrl\":\"https:\\\/\\\/secure.gravatar.com\\\/avatar\\\/6cf0505f452ee753f485014986fab09a434671d2b919ee76fc541025c5876a70?s=96&d=mm&r=g\",\"caption\":\"Memurun Sesi Haber Merkezi\"},\"sameAs\":[\"https:\\\/\\\/memurunsesi.net\"],\"url\":\"https:\\\/\\\/memurunsesi.net\\\/index.php\\\/author\\\/uniper\\\/\"}]}<\/script>\n<!-- \/ Yoast SEO plugin. -->","yoast_head_json":{"title":"Bursa'da Filistin'e destek y\u00fcr\u00fcy\u00fc\u015f\u00fc - Memurun Sesi","robots":{"index":"index","follow":"follow","max-snippet":"max-snippet:-1","max-image-preview":"max-image-preview:large","max-video-preview":"max-video-preview:-1"},"canonical":"https:\/\/memurunsesi.net\/index.php\/2025\/04\/27\/bursada-filistine-destek-yuruyusu\/","og_locale":"tr_TR","og_type":"article","og_title":"Bursa'da Filistin'e destek y\u00fcr\u00fcy\u00fc\u015f\u00fc - Memurun Sesi","og_description":"Gazze\u2019de ya\u015fanan insanl\u0131k dram\u0131na dikkat \u00e7ekmek ve Filistin halk\u0131na destek olmak amac\u0131yla Bursa&#8217;da y\u00fcr\u00fcy\u00fc\u015f d\u00fczenlendi. Bursa G\u00f6n\u00fcll\u00fc Kurulu\u015flar Platformu, Filistin halk\u0131na destek olmak amac\u0131yla geni\u015f kat\u0131l\u0131ml\u0131 bir y\u00fcr\u00fcy\u00fc\u015f d\u00fczenledi. \u00dczerlerine kanl\u0131 kefen giyen vatanda\u015flar, &#8216;Gazze \u00f6l\u00fcyor aya\u011fa kalk&#8217; yaz\u0131l\u0131 pankartlar ta\u015f\u0131d\u0131. Ulu Cami\u2019de k\u0131l\u0131nan ikindi namaz\u0131n\u0131n ard\u0131ndan ba\u015flayan y\u00fcr\u00fcy\u00fc\u015f, \u015eehrek\u00fcst\u00fc 15 Temmuz Demokrasi Meydan\u0131\u2019nda yap\u0131lan [&hellip;]","og_url":"https:\/\/memurunsesi.net\/index.php\/2025\/04\/27\/bursada-filistine-destek-yuruyusu\/","og_site_name":"Memurun Sesi","article_publisher":"https:\/\/www.facebook.com\/unipersen\/?locale=tr_TR","article_published_time":"2025-04-27T06:19:37+00:00","og_image":[{"width":2560,"height":1707,"url":"https:\/\/memurunsesi.net\/wp-content\/uploads\/2025\/04\/AW441837_01-scaled.jpg","type":"image\/jpeg"}],"author":"Memurun Sesi Haber Merkezi","twitter_card":"summary_large_image","twitter_creator":"@unipersen","twitter_site":"@unipersen","twitter_misc":{"Yazan:":"Memurun Sesi Haber Merkezi","Tahmini okuma s\u00fcresi":"1 dakika"},"schema":{"@context":"https:\/\/schema.org","@graph":[{"@type":"Article","@id":"https:\/\/memurunsesi.net\/index.php\/2025\/04\/27\/bursada-filistine-destek-yuruyusu\/#article","isPartOf":{"@id":"https:\/\/memurunsesi.net\/index.php\/2025\/04\/27\/bursada-filistine-destek-yuruyusu\/"},"author":{"name":"Memurun Sesi Haber Merkezi","@id":"https:\/\/memurunsesi.net\/#\/schema\/person\/f21c2d73b89f6ee1d80b0a1803e38587"},"headline":"Bursa&#8217;da Filistin&#8217;e destek y\u00fcr\u00fcy\u00fc\u015f\u00fc","datePublished":"2025-04-27T06:19:37+00:00","mainEntityOfPage":{"@id":"https:\/\/memurunsesi.net\/index.php\/2025\/04\/27\/bursada-filistine-destek-yuruyusu\/"},"wordCount":408,"commentCount":0,"publisher":{"@id":"https:\/\/memurunsesi.net\/#organization"},"image":{"@id":"https:\/\/memurunsesi.net\/index.php\/2025\/04\/27\/bursada-filistine-destek-yuruyusu\/#primaryimage"},"thumbnailUrl":"https:\/\/memurunsesi.net\/wp-content\/uploads\/2025\/04\/AW441837_01-scaled.jpg","articleSection":["G\u00fcndem"],"inLanguage":"tr","potentialAction":[{"@type":"CommentAction","name":"Comment","target":["https:\/\/memurunsesi.net\/index.php\/2025\/04\/27\/bursada-filistine-destek-yuruyusu\/#respond"]}]},{"@type":"WebPage","@id":"https:\/\/memurunsesi.net\/index.php\/2025\/04\/27\/bursada-filistine-destek-yuruyusu\/","url":"https:\/\/memurunsesi.net\/index.php\/2025\/04\/27\/bursada-filistine-destek-yuruyusu\/","name":"Bursa'da Filistin'e destek y\u00fcr\u00fcy\u00fc\u015f\u00fc - Memurun Sesi","isPartOf":{"@id":"https:\/\/memurunsesi.net\/#website"},"primaryImageOfPage":{"@id":"https:\/\/memurunsesi.net\/index.php\/2025\/04\/27\/bursada-filistine-destek-yuruyusu\/#primaryimage"},"image":{"@id":"https:\/\/memurunsesi.net\/index.php\/2025\/04\/27\/bursada-filistine-destek-yuruyusu\/#primaryimage"},"thumbnailUrl":"https:\/\/memurunsesi.net\/wp-content\/uploads\/2025\/04\/AW441837_01-scaled.jpg","datePublished":"2025-04-27T06:19:37+00:00","breadcrumb":{"@id":"https:\/\/memurunsesi.net\/index.php\/2025\/04\/27\/bursada-filistine-destek-yuruyusu\/#breadcrumb"},"inLanguage":"tr","potentialAction":[{"@type":"ReadAction","target":["https:\/\/memurunsesi.net\/index.php\/2025\/04\/27\/bursada-filistine-destek-yuruyusu\/"]}]},{"@type":"ImageObject","inLanguage":"tr","@id":"https:\/\/memurunsesi.net\/index.php\/2025\/04\/27\/bursada-filistine-destek-yuruyusu\/#primaryimage","url":"https:\/\/memurunsesi.net\/wp-content\/uploads\/2025\/04\/AW441837_01-scaled.jpg","contentUrl":"https:\/\/memurunsesi.net\/wp-content\/uploads\/2025\/04\/AW441837_01-scaled.jpg","width":2560,"height":1707,"caption":"BURSA G\u00d6N\u00dcLL\u00dc KURULU\u015eLAR PLATFORMU, GAZZE'DE YA\u015eANAN \u0130NSANLIK DRAMINA D\u0130KKAT \u00c7EKMEK VE F\u0130L\u0130ST\u0130N HALKINA DESTEK OLMAK AMACIYLA Y\u00dcR\u00dcY\u00dc\u015e D\u00dcZENLED\u0130. \u00dcZERLER\u0130NE KANLI KEFEN G\u0130YEN VATANDA\u015eLAR, 'GAZZE \u00d6L\u00dcYOR AYA\u011eA KALK' YAZILI PANKARTLA ULU CAM\u0130'DEN \u015eEHREK\u00dcST\u00dc 15 TEMMUZ DEMOKRAS\u0130 MEYDANI'NA KADAR Y\u00dcR\u00dcD\u00dc. (POLAT TAHA \u00d6ZT\u00dcRK\/BURSA-\u0130HA) Gazze'de ya\u015fanan insanl\u0131k dram\u0131na dikkat \u00e7ekmek ve Filistin halk\u0131na destek olmak amac\u0131yla Bursa'da y\u00fcr\u00fcy\u00fc\u015f d\u00fczenlendi."},{"@type":"BreadcrumbList","@id":"https:\/\/memurunsesi.net\/index.php\/2025\/04\/27\/bursada-filistine-destek-yuruyusu\/#breadcrumb","itemListElement":[{"@type":"ListItem","position":1,"name":"Anasayfa","item":"https:\/\/memurunsesi.net\/"},{"@type":"ListItem","position":2,"name":"Bursa&#8217;da Filistin&#8217;e destek y\u00fcr\u00fcy\u00fc\u015f\u00fc"}]},{"@type":"WebSite","@id":"https:\/\/memurunsesi.net\/#website","url":"https:\/\/memurunsesi.net\/","name":"Memurun Sesi","description":"G\u00fcncel ve Do\u011fru Haber","publisher":{"@id":"https:\/\/memurunsesi.net\/#organization"},"potentialAction":[{"@type":"SearchAction","target":{"@type":"EntryPoint","urlTemplate":"https:\/\/memurunsesi.net\/?s={search_term_string}"},"query-input":{"@type":"PropertyValueSpecification","valueRequired":true,"valueName":"search_term_string"}}],"inLanguage":"tr"},{"@type":"Organization","@id":"https:\/\/memurunsesi.net\/#organization","name":"Memurun Sesi","url":"https:\/\/memurunsesi.net\/","logo":{"@type":"ImageObject","inLanguage":"tr","@id":"https:\/\/memurunsesi.net\/#\/schema\/logo\/image\/","url":"https:\/\/memurunsesi.net\/wp-content\/uploads\/2025\/11\/cropped-MEMURUN-SESI.png","contentUrl":"https:\/\/memurunsesi.net\/wp-content\/uploads\/2025\/11\/cropped-MEMURUN-SESI.png","width":238,"height":57,"caption":"Memurun Sesi"},"image":{"@id":"https:\/\/memurunsesi.net\/#\/schema\/logo\/image\/"},"sameAs":["https:\/\/www.facebook.com\/unipersen\/?locale=tr_TR","https:\/\/x.com\/unipersen"]},{"@type":"Person","@id":"https:\/\/memurunsesi.net\/#\/schema\/person\/f21c2d73b89f6ee1d80b0a1803e38587","name":"Memurun Sesi Haber Merkezi","image":{"@type":"ImageObject","inLanguage":"tr","@id":"https:\/\/secure.gravatar.com\/avatar\/6cf0505f452ee753f485014986fab09a434671d2b919ee76fc541025c5876a70?s=96&d=mm&r=g","url":"https:\/\/secure.gravatar.com\/avatar\/6cf0505f452ee753f485014986fab09a434671d2b919ee76fc541025c5876a70?s=96&d=mm&r=g","contentUrl":"https:\/\/secure.gravatar.com\/avatar\/6cf0505f452ee753f485014986fab09a434671d2b919ee76fc541025c5876a70?s=96&d=mm&r=g","caption":"Memurun Sesi Haber Merkezi"},"sameAs":["https:\/\/memurunsesi.net"],"url":"https:\/\/memurunsesi.net\/index.php\/author\/uniper\/"}]}},"_links":{"self":[{"href":"https:\/\/memurunsesi.net\/index.php\/wp-json\/wp\/v2\/posts\/6031","targetHints":{"allow":["GET"]}}],"collection":[{"href":"https:\/\/memurunsesi.net\/index.php\/wp-json\/wp\/v2\/posts"}],"about":[{"href":"https:\/\/memurunsesi.net\/index.php\/wp-json\/wp\/v2\/types\/post"}],"author":[{"embeddable":true,"href":"https:\/\/memurunsesi.net\/index.php\/wp-json\/wp\/v2\/users\/1"}],"replies":[{"embeddable":true,"href":"https:\/\/memurunsesi.net\/index.php\/wp-json\/wp\/v2\/comments?post=6031"}],"version-history":[{"count":1,"href":"https:\/\/memurunsesi.net\/index.php\/wp-json\/wp\/v2\/posts\/6031\/revisions"}],"predecessor-version":[{"id":6033,"href":"https:\/\/memurunsesi.net\/index.php\/wp-json\/wp\/v2\/posts\/6031\/revisions\/6033"}],"wp:featuredmedia":[{"embeddable":true,"href":"https:\/\/memurunsesi.net\/index.php\/wp-json\/wp\/v2\/media\/6032"}],"wp:attachment":[{"href":"https:\/\/memurunsesi.net\/index.php\/wp-json\/wp\/v2\/media?parent=6031"}],"wp:term":[{"taxonomy":"category","embeddable":true,"href":"https:\/\/memurunsesi.net\/index.php\/wp-json\/wp\/v2\/categories?post=6031"},{"taxonomy":"post_tag","embeddable":true,"href":"https:\/\/memurunsesi.net\/index.php\/wp-json\/wp\/v2\/tags?post=6031"}],"curies":[{"name":"wp","href":"https:\/\/api.w.org\/{rel}","templated":true}]}}